{"id":3581,"date":"2023-05-30T09:22:57","date_gmt":"2023-05-30T07:22:57","guid":{"rendered":"https:\/\/radiolitoral.com\/?p=3581"},"modified":"2023-05-30T09:37:49","modified_gmt":"2023-05-30T07:37:49","slug":"benissa-es-vesteix-desport-per-a-la-gran-final-del-circuit-a-peu","status":"publish","type":"post","link":"https:\/\/radiolitoral.com\/ca\/2023\/05\/benissa-se-viste-de-deporte-para-la-gran-final-del-circuit-a-peu\/","title":{"rendered":"Benissa es vesteix d&#039;esport per a la gran final del &#039;Circuit a Peu&#039;"},"content":{"rendered":"<p>Benissa acull la darrera etapa del &#039;Circuit a Peu&#039;<br \/>\nLa XXIV Cursa Popular ser\u00e0 el tancament d&#039;aquesta edici\u00f3 de curses de la Marina Alta<\/p>\n<p>El proper dissabte, 3 de juny, Benissa celebra una nova &#039;Cursa Popular&#039;, la qual viu la seva 24a edici\u00f3. Aquesta cursa s&#039;emmarca dins del &#039;Circuit a Peu&#039;, l&#039;esdeveniment esportiu m\u00e9s important de la comarca quant a carreres populars. El &#039;Circuit&#039; 2023 va comen\u00e7ar al febrer a X\u00e0bia, i despr\u00e9s de rec\u00f3rrer diversos municipis del nostre entorn, tancar\u00e0 aquesta convocat\u00f2ria anual a Benissa aquest cap de setmana.<\/p>\n<p>La participaci\u00f3 est\u00e0 oberta a tot el p\u00fablic, tant benisser com de qualsevol poble, per aix\u00f2 suposa una excusa perfecta per practicar esport gaudint del nostre paisatge urb\u00e0 i natural. L&#039;organitzaci\u00f3, a m\u00e9s, promou valors sostenibles, saludables i solidaris, cosa que la fa encara m\u00e9s atractiva; valors que tamb\u00e9 arriben als m\u00e9s petits, ja que per a ells tamb\u00e9 hi ha preparada una cursa infantil pr\u00e8via a l&#039;absoluta.<\/p>\n<p>Xavier Tro, membre del Club d&#039;Atletisme de Benissa i organitzador de l&#039;esdeveniment, anima tot el poble a formar part de la cursa, ja sigui corrent, animant com a p\u00fablic o col\u00b7laborant com a voluntari. Com ell mateix assegura, \u201capunteu-vos perqu\u00e8 veniu a passar-ho molt b\u00e9, veniu a gaudir d&#039;una carrera diferent. \u00c9s una festa esportiva que porta molta gent\u201d.<\/p>\n<p>El recorregut, d&#039;uns 9 km, a m\u00e9s de transc\u00f3rrer per Benissa arriba a la propera poblaci\u00f3 de Senija, cosa que la dota de m\u00e9s encant encara. I \u00e9s que, malgrat el desnivell del terreny, Tro insisteix que \u201cla gent no li tingui per ni la calor ni els costaners. \u00c9s una cursa molt xula i molt bonica\u201d.<\/p>\n<p>El termini per inscriure&#039;s acaba el divendres 2 de juny, a la web www.somesport.com. La cursa comptar\u00e0 amb animaci\u00f3 musical, de manera que l&#039;entreteniment est\u00e0 garantit.<\/p>\n<p>Dia i lloc: dissabte 3 de juny, pl. Jaume I.<br \/>\nHora: 16.30 h cursa infantil | 19.00 h Cursa absoluta.<br \/>\nM\u00e9s informaci\u00f3: https:\/\/www.circuitapeu.com\/calendario\/xxiv-cursa-popular-benissa\/.<\/p>\n<p>&nbsp;<\/p>\n<audio class=\"wp-audio-shortcode\" id=\"audio-3581-1\" preload=\"none\" style=\"width: 100%;\" controls=\"controls\"><source type=\"audio\/mpeg\" src=\"https:\/\/media.radiolitoral.com\/wp-content\/uploads\/2023\/05\/30091807\/WhatsApp-Audio-2023-05-29-at-10.15.19.mp3?_=1\" \/><a href=\"https:\/\/media.radiolitoral.com\/wp-content\/uploads\/2023\/05\/30091807\/WhatsApp-Audio-2023-05-29-at-10.15.19.mp3\">https:\/\/media.radiolitoral.com\/wp-content\/uploads\/2023\/05\/30091807\/WhatsApp-Audio-2023-05-29-at-10.15.19.mp3<\/a><\/audio>","protected":false},"excerpt":{"rendered":"<p>Benissa acoge la \u00faltima etapa del \u2018Circuit a Peu\u2019 La XXIV Cursa Popular ser\u00e1 el cierre de esta edici\u00f3n de carreras de la Marina Alta El pr\u00f3ximo s\u00e1bado, 3 de junio, Benissa celebra una nueva \u2018Cursa Popular\u2019, la cual vive su 24\u00aa edici\u00f3n. Esta carrera se enmarca dentro del \u2018Circuit a Peu\u2019, el evento deportivo [&#8230;]<\/p>\n<p><a class=\"btn btn-secondary understrap-read-more-link\" href=\"https:\/\/radiolitoral.com\/ca\/2023\/05\/benissa-se-viste-de-deporte-para-la-gran-final-del-circuit-a-peu\/\">Continua llegint&#8230;<span class=\"screen-reader-text\"> from Benissa se viste de deporte para la gran final del \u2018Circuit a Peu\u2019<\/span><\/a><\/p>\n","protected":false},"author":13,"featured_media":3584,"comment_status":"open","ping_status":"closed","sticky":false,"template":"","format":"standard","meta":{"_acf_changed":false,"inline_featured_image":false,"footnotes":""},"categories":[5],"tags":[126,712,710,709,711,713,314,714,715,716],"class_list":["post-3581","post","type-post","status-publish","format-standard","has-post-thumbnail","hentry","category-deportes","tag-benissa","tag-carrera-infantil","tag-carrera-popular","tag-circuit-a-peu","tag-deporte","tag-eventos-deportivos","tag-marina-alta","tag-salud","tag-solidaridad","tag-voluntariado","cobertura-benissa"],"acf":[],"yoast_head":"<!-- This site is optimized with the Yoast SEO plugin v27.5 - https:\/\/yoast.com\/product\/yoast-seo-wordpress\/ -->\n<title>Benissa se viste de deporte para la gran final del \u2018Circuit a Peu\u2019 | R\u00e0dio Litoral<\/title>\n<meta name=\"description\" content=\"La XXIV Cursa Popular cierra con broche de oro la temporada de carreras en la Marina Alta\" \/>\n<meta name=\"robots\" content=\"index, follow, max-snippet:-1, max-image-preview:large, max-video-preview:-1\" \/>\n<link rel=\"canonical\" href=\"https:\/\/radiolitoral.com\/ca\/2023\/05\/benissa-es-vesteix-desport-per-a-la-gran-final-del-circuit-a-peu\/\" \/>\n<meta property=\"og:locale\" content=\"ca_ES\" \/>\n<meta property=\"og:type\" content=\"article\" \/>\n<meta property=\"og:title\" content=\"Benissa se viste de deporte para la gran final del \u2018Circuit a Peu\u2019 | R\u00e0dio Litoral\" \/>\n<meta property=\"og:description\" content=\"La XXIV Cursa Popular cierra con broche de oro la temporada de carreras en la Marina Alta\" \/>\n<meta property=\"og:url\" content=\"https:\/\/radiolitoral.com\/ca\/2023\/05\/benissa-es-vesteix-desport-per-a-la-gran-final-del-circuit-a-peu\/\" \/>\n<meta property=\"og:site_name\" content=\"R\u00e0dio Litoral\" \/>\n<meta property=\"article:publisher\" content=\"https:\/\/www.facebook.com\/Laradiolitoral\/\" \/>\n<meta property=\"article:published_time\" content=\"2023-05-30T07:22:57+00:00\" \/>\n<meta property=\"article:modified_time\" content=\"2023-05-30T07:37:49+00:00\" \/>\n<meta property=\"og:image\" content=\"https:\/\/media.radiolitoral.com\/wp-content\/uploads\/2023\/05\/30092249\/WhatsApp-Image-2023-05-29-at-13.58.25.jpeg\" \/>\n\t<meta property=\"og:image:width\" content=\"1080\" \/>\n\t<meta property=\"og:image:height\" content=\"1080\" \/>\n\t<meta property=\"og:image:type\" content=\"image\/jpeg\" \/>\n<meta name=\"author\" content=\"Redacci\u00f3n\" \/>\n<meta name=\"twitter:card\" content=\"summary_large_image\" \/>\n<meta name=\"twitter:label1\" content=\"Escrit per\" \/>\n\t<meta name=\"twitter:data1\" content=\"Redacci\u00f3n\" \/>\n\t<meta name=\"twitter:label2\" content=\"Temps estimat de lectura\" \/>\n\t<meta name=\"twitter:data2\" content=\"2 minuts\" \/>\n<script type=\"application\/ld+json\" class=\"yoast-schema-graph\">{\"@context\":\"https:\\\/\\\/schema.org\",\"@graph\":[{\"@type\":\"NewsArticle\",\"@id\":\"https:\\\/\\\/radiolitoral.com\\\/2023\\\/05\\\/benissa-se-viste-de-deporte-para-la-gran-final-del-circuit-a-peu\\\/#article\",\"isPartOf\":{\"@id\":\"https:\\\/\\\/radiolitoral.com\\\/2023\\\/05\\\/benissa-se-viste-de-deporte-para-la-gran-final-del-circuit-a-peu\\\/\"},\"author\":{\"name\":\"Redacci\u00f3n\",\"@id\":\"https:\\\/\\\/radiolitoral.com\\\/#\\\/schema\\\/person\\\/f2b2343c49b5d721857cc1002bfdb151\"},\"headline\":\"Benissa se viste de deporte para la gran final del \u2018Circuit a Peu\u2019\",\"datePublished\":\"2023-05-30T07:22:57+00:00\",\"dateModified\":\"2023-05-30T07:37:49+00:00\",\"mainEntityOfPage\":{\"@id\":\"https:\\\/\\\/radiolitoral.com\\\/2023\\\/05\\\/benissa-se-viste-de-deporte-para-la-gran-final-del-circuit-a-peu\\\/\"},\"wordCount\":384,\"commentCount\":0,\"publisher\":{\"@id\":\"https:\\\/\\\/radiolitoral.com\\\/#organization\"},\"image\":{\"@id\":\"https:\\\/\\\/radiolitoral.com\\\/2023\\\/05\\\/benissa-se-viste-de-deporte-para-la-gran-final-del-circuit-a-peu\\\/#primaryimage\"},\"thumbnailUrl\":\"https:\\\/\\\/media.radiolitoral.com\\\/wp-content\\\/uploads\\\/2023\\\/05\\\/30092249\\\/WhatsApp-Image-2023-05-29-at-13.58.25.jpeg\",\"keywords\":[\"Benissa\",\"Carrera infantil\",\"Carrera popular\",\"Circuit a Peu\",\"Deporte\",\"Eventos deportivos\",\"Marina Alta\",\"Salud\",\"Solidaridad\",\"Voluntariado\"],\"articleSection\":[\"Deportes\"],\"inLanguage\":\"ca\",\"potentialAction\":[{\"@type\":\"CommentAction\",\"name\":\"Comment\",\"target\":[\"https:\\\/\\\/radiolitoral.com\\\/2023\\\/05\\\/benissa-se-viste-de-deporte-para-la-gran-final-del-circuit-a-peu\\\/#respond\"]}]},{\"@type\":[\"WebPage\",\"ItemPage\"],\"@id\":\"https:\\\/\\\/radiolitoral.com\\\/2023\\\/05\\\/benissa-se-viste-de-deporte-para-la-gran-final-del-circuit-a-peu\\\/\",\"url\":\"https:\\\/\\\/radiolitoral.com\\\/2023\\\/05\\\/benissa-se-viste-de-deporte-para-la-gran-final-del-circuit-a-peu\\\/\",\"name\":\"Benissa se viste de deporte para la gran final del \u2018Circuit a Peu\u2019 | R\u00e0dio Litoral\",\"isPartOf\":{\"@id\":\"https:\\\/\\\/radiolitoral.com\\\/#website\"},\"primaryImageOfPage\":{\"@id\":\"https:\\\/\\\/radiolitoral.com\\\/2023\\\/05\\\/benissa-se-viste-de-deporte-para-la-gran-final-del-circuit-a-peu\\\/#primaryimage\"},\"image\":{\"@id\":\"https:\\\/\\\/radiolitoral.com\\\/2023\\\/05\\\/benissa-se-viste-de-deporte-para-la-gran-final-del-circuit-a-peu\\\/#primaryimage\"},\"thumbnailUrl\":\"https:\\\/\\\/media.radiolitoral.com\\\/wp-content\\\/uploads\\\/2023\\\/05\\\/30092249\\\/WhatsApp-Image-2023-05-29-at-13.58.25.jpeg\",\"datePublished\":\"2023-05-30T07:22:57+00:00\",\"dateModified\":\"2023-05-30T07:37:49+00:00\",\"description\":\"La XXIV Cursa Popular cierra con broche de oro la temporada de carreras en la Marina Alta\",\"breadcrumb\":{\"@id\":\"https:\\\/\\\/radiolitoral.com\\\/2023\\\/05\\\/benissa-se-viste-de-deporte-para-la-gran-final-del-circuit-a-peu\\\/#breadcrumb\"},\"inLanguage\":\"ca\",\"potentialAction\":[{\"@type\":\"ReadAction\",\"target\":[\"https:\\\/\\\/radiolitoral.com\\\/2023\\\/05\\\/benissa-se-viste-de-deporte-para-la-gran-final-del-circuit-a-peu\\\/\"]}]},{\"@type\":\"ImageObject\",\"inLanguage\":\"ca\",\"@id\":\"https:\\\/\\\/radiolitoral.com\\\/2023\\\/05\\\/benissa-se-viste-de-deporte-para-la-gran-final-del-circuit-a-peu\\\/#primaryimage\",\"url\":\"https:\\\/\\\/media.radiolitoral.com\\\/wp-content\\\/uploads\\\/2023\\\/05\\\/30092249\\\/WhatsApp-Image-2023-05-29-at-13.58.25.jpeg\",\"contentUrl\":\"https:\\\/\\\/media.radiolitoral.com\\\/wp-content\\\/uploads\\\/2023\\\/05\\\/30092249\\\/WhatsApp-Image-2023-05-29-at-13.58.25.jpeg\",\"width\":1080,\"height\":1080},{\"@type\":\"BreadcrumbList\",\"@id\":\"https:\\\/\\\/radiolitoral.com\\\/2023\\\/05\\\/benissa-se-viste-de-deporte-para-la-gran-final-del-circuit-a-peu\\\/#breadcrumb\",\"itemListElement\":[{\"@type\":\"ListItem\",\"position\":1,\"name\":\"Portada\",\"item\":\"https:\\\/\\\/radiolitoral.com\\\/\"},{\"@type\":\"ListItem\",\"position\":2,\"name\":\"Benissa se viste de deporte para la gran final del \u2018Circuit a Peu\u2019\"}]},{\"@type\":\"WebSite\",\"@id\":\"https:\\\/\\\/radiolitoral.com\\\/#website\",\"url\":\"https:\\\/\\\/radiolitoral.com\\\/\",\"name\":\"Radio Litoral\",\"description\":\"La radio local de la Marina Alta\",\"publisher\":{\"@id\":\"https:\\\/\\\/radiolitoral.com\\\/#organization\"},\"alternateName\":\"Litoral FM\",\"potentialAction\":[{\"@type\":\"SearchAction\",\"target\":{\"@type\":\"EntryPoint\",\"urlTemplate\":\"https:\\\/\\\/radiolitoral.com\\\/?s={search_term_string}\"},\"query-input\":{\"@type\":\"PropertyValueSpecification\",\"valueRequired\":true,\"valueName\":\"search_term_string\"}}],\"inLanguage\":\"ca\"},{\"@type\":\"Organization\",\"@id\":\"https:\\\/\\\/radiolitoral.com\\\/#organization\",\"name\":\"Radio Litoral\",\"url\":\"https:\\\/\\\/radiolitoral.com\\\/\",\"logo\":{\"@type\":\"ImageObject\",\"inLanguage\":\"ca\",\"@id\":\"https:\\\/\\\/radiolitoral.com\\\/#\\\/schema\\\/logo\\\/image\\\/\",\"url\":\"https:\\\/\\\/media.radiolitoral.com\\\/wp-content\\\/uploads\\\/2023\\\/02\\\/24143238\\\/CL-V-RadioLitoral696.png\",\"contentUrl\":\"https:\\\/\\\/media.radiolitoral.com\\\/wp-content\\\/uploads\\\/2023\\\/02\\\/24143238\\\/CL-V-RadioLitoral696.png\",\"width\":696,\"height\":696,\"caption\":\"Radio Litoral\"},\"image\":{\"@id\":\"https:\\\/\\\/radiolitoral.com\\\/#\\\/schema\\\/logo\\\/image\\\/\"},\"sameAs\":[\"https:\\\/\\\/www.facebook.com\\\/Laradiolitoral\\\/\"]},{\"@type\":\"Person\",\"@id\":\"https:\\\/\\\/radiolitoral.com\\\/#\\\/schema\\\/person\\\/f2b2343c49b5d721857cc1002bfdb151\",\"name\":\"Redacci\u00f3n\",\"image\":{\"@type\":\"ImageObject\",\"inLanguage\":\"ca\",\"@id\":\"https:\\\/\\\/secure.gravatar.com\\\/avatar\\\/f771d896c203ad8b3382d7905cfcce5a5c9b008b84b3cd9114e9b9f4cb63f789?s=96&d=mm&r=g\",\"url\":\"https:\\\/\\\/secure.gravatar.com\\\/avatar\\\/f771d896c203ad8b3382d7905cfcce5a5c9b008b84b3cd9114e9b9f4cb63f789?s=96&d=mm&r=g\",\"contentUrl\":\"https:\\\/\\\/secure.gravatar.com\\\/avatar\\\/f771d896c203ad8b3382d7905cfcce5a5c9b008b84b3cd9114e9b9f4cb63f789?s=96&d=mm&r=g\",\"caption\":\"Redacci\u00f3n\"},\"url\":\"https:\\\/\\\/radiolitoral.com\\\/ca\\\/author\\\/miriam-pagan\\\/\"}]}<\/script>\n<!-- \/ Yoast SEO plugin. -->","yoast_head_json":{"title":"Benissa es vesteix d&#039;esport per a la gran final del &#039;Circuit a Peu&#039; | R\u00e0dio Litoral","description":"La XXIV Cursa Popular tanca amb fermall d&#039;or la temporada de curses a la Marina Alta","robots":{"index":"index","follow":"follow","max-snippet":"max-snippet:-1","max-image-preview":"max-image-preview:large","max-video-preview":"max-video-preview:-1"},"canonical":"https:\/\/radiolitoral.com\/ca\/2023\/05\/benissa-es-vesteix-desport-per-a-la-gran-final-del-circuit-a-peu\/","og_locale":"ca_ES","og_type":"article","og_title":"Benissa se viste de deporte para la gran final del \u2018Circuit a Peu\u2019 | R\u00e0dio Litoral","og_description":"La XXIV Cursa Popular cierra con broche de oro la temporada de carreras en la Marina Alta","og_url":"https:\/\/radiolitoral.com\/ca\/2023\/05\/benissa-es-vesteix-desport-per-a-la-gran-final-del-circuit-a-peu\/","og_site_name":"R\u00e0dio Litoral","article_publisher":"https:\/\/www.facebook.com\/Laradiolitoral\/","article_published_time":"2023-05-30T07:22:57+00:00","article_modified_time":"2023-05-30T07:37:49+00:00","og_image":[{"width":1080,"height":1080,"url":"https:\/\/media.radiolitoral.com\/wp-content\/uploads\/2023\/05\/30092249\/WhatsApp-Image-2023-05-29-at-13.58.25.jpeg","type":"image\/jpeg"}],"author":"Redacci\u00f3n","twitter_card":"summary_large_image","twitter_misc":{"Escrit per":"Redacci\u00f3n","Temps estimat de lectura":"2 minuts"},"schema":{"@context":"https:\/\/schema.org","@graph":[{"@type":"NewsArticle","@id":"https:\/\/radiolitoral.com\/2023\/05\/benissa-se-viste-de-deporte-para-la-gran-final-del-circuit-a-peu\/#article","isPartOf":{"@id":"https:\/\/radiolitoral.com\/2023\/05\/benissa-se-viste-de-deporte-para-la-gran-final-del-circuit-a-peu\/"},"author":{"name":"Redacci\u00f3n","@id":"https:\/\/radiolitoral.com\/#\/schema\/person\/f2b2343c49b5d721857cc1002bfdb151"},"headline":"Benissa se viste de deporte para la gran final del \u2018Circuit a Peu\u2019","datePublished":"2023-05-30T07:22:57+00:00","dateModified":"2023-05-30T07:37:49+00:00","mainEntityOfPage":{"@id":"https:\/\/radiolitoral.com\/2023\/05\/benissa-se-viste-de-deporte-para-la-gran-final-del-circuit-a-peu\/"},"wordCount":384,"commentCount":0,"publisher":{"@id":"https:\/\/radiolitoral.com\/#organization"},"image":{"@id":"https:\/\/radiolitoral.com\/2023\/05\/benissa-se-viste-de-deporte-para-la-gran-final-del-circuit-a-peu\/#primaryimage"},"thumbnailUrl":"https:\/\/media.radiolitoral.com\/wp-content\/uploads\/2023\/05\/30092249\/WhatsApp-Image-2023-05-29-at-13.58.25.jpeg","keywords":["Benissa","Carrera infantil","Carrera popular","Circuit a Peu","Deporte","Eventos deportivos","Marina Alta","Salud","Solidaridad","Voluntariado"],"articleSection":["Deportes"],"inLanguage":"ca","potentialAction":[{"@type":"CommentAction","name":"Comment","target":["https:\/\/radiolitoral.com\/2023\/05\/benissa-se-viste-de-deporte-para-la-gran-final-del-circuit-a-peu\/#respond"]}]},{"@type":["WebPage","ItemPage"],"@id":"https:\/\/radiolitoral.com\/2023\/05\/benissa-se-viste-de-deporte-para-la-gran-final-del-circuit-a-peu\/","url":"https:\/\/radiolitoral.com\/2023\/05\/benissa-se-viste-de-deporte-para-la-gran-final-del-circuit-a-peu\/","name":"Benissa es vesteix d&#039;esport per a la gran final del &#039;Circuit a Peu&#039; | R\u00e0dio Litoral","isPartOf":{"@id":"https:\/\/radiolitoral.com\/#website"},"primaryImageOfPage":{"@id":"https:\/\/radiolitoral.com\/2023\/05\/benissa-se-viste-de-deporte-para-la-gran-final-del-circuit-a-peu\/#primaryimage"},"image":{"@id":"https:\/\/radiolitoral.com\/2023\/05\/benissa-se-viste-de-deporte-para-la-gran-final-del-circuit-a-peu\/#primaryimage"},"thumbnailUrl":"https:\/\/media.radiolitoral.com\/wp-content\/uploads\/2023\/05\/30092249\/WhatsApp-Image-2023-05-29-at-13.58.25.jpeg","datePublished":"2023-05-30T07:22:57+00:00","dateModified":"2023-05-30T07:37:49+00:00","description":"La XXIV Cursa Popular tanca amb fermall d&#039;or la temporada de curses a la Marina Alta","breadcrumb":{"@id":"https:\/\/radiolitoral.com\/2023\/05\/benissa-se-viste-de-deporte-para-la-gran-final-del-circuit-a-peu\/#breadcrumb"},"inLanguage":"ca","potentialAction":[{"@type":"ReadAction","target":["https:\/\/radiolitoral.com\/2023\/05\/benissa-se-viste-de-deporte-para-la-gran-final-del-circuit-a-peu\/"]}]},{"@type":"ImageObject","inLanguage":"ca","@id":"https:\/\/radiolitoral.com\/2023\/05\/benissa-se-viste-de-deporte-para-la-gran-final-del-circuit-a-peu\/#primaryimage","url":"https:\/\/media.radiolitoral.com\/wp-content\/uploads\/2023\/05\/30092249\/WhatsApp-Image-2023-05-29-at-13.58.25.jpeg","contentUrl":"https:\/\/media.radiolitoral.com\/wp-content\/uploads\/2023\/05\/30092249\/WhatsApp-Image-2023-05-29-at-13.58.25.jpeg","width":1080,"height":1080},{"@type":"BreadcrumbList","@id":"https:\/\/radiolitoral.com\/2023\/05\/benissa-se-viste-de-deporte-para-la-gran-final-del-circuit-a-peu\/#breadcrumb","itemListElement":[{"@type":"ListItem","position":1,"name":"Portada","item":"https:\/\/radiolitoral.com\/"},{"@type":"ListItem","position":2,"name":"Benissa se viste de deporte para la gran final del \u2018Circuit a Peu\u2019"}]},{"@type":"WebSite","@id":"https:\/\/radiolitoral.com\/#website","url":"https:\/\/radiolitoral.com\/","name":"R\u00e0dio Litoral","description":"La r\u00e0dio local de la Marina Alta","publisher":{"@id":"https:\/\/radiolitoral.com\/#organization"},"alternateName":"Litoral FM","potentialAction":[{"@type":"SearchAction","target":{"@type":"EntryPoint","urlTemplate":"https:\/\/radiolitoral.com\/?s={search_term_string}"},"query-input":{"@type":"PropertyValueSpecification","valueRequired":true,"valueName":"search_term_string"}}],"inLanguage":"ca"},{"@type":"Organization","@id":"https:\/\/radiolitoral.com\/#organization","name":"R\u00e0dio Litoral","url":"https:\/\/radiolitoral.com\/","logo":{"@type":"ImageObject","inLanguage":"ca","@id":"https:\/\/radiolitoral.com\/#\/schema\/logo\/image\/","url":"https:\/\/media.radiolitoral.com\/wp-content\/uploads\/2023\/02\/24143238\/CL-V-RadioLitoral696.png","contentUrl":"https:\/\/media.radiolitoral.com\/wp-content\/uploads\/2023\/02\/24143238\/CL-V-RadioLitoral696.png","width":696,"height":696,"caption":"Radio Litoral"},"image":{"@id":"https:\/\/radiolitoral.com\/#\/schema\/logo\/image\/"},"sameAs":["https:\/\/www.facebook.com\/Laradiolitoral\/"]},{"@type":"Person","@id":"https:\/\/radiolitoral.com\/#\/schema\/person\/f2b2343c49b5d721857cc1002bfdb151","name":"Redacci\u00f3","image":{"@type":"ImageObject","inLanguage":"ca","@id":"https:\/\/secure.gravatar.com\/avatar\/f771d896c203ad8b3382d7905cfcce5a5c9b008b84b3cd9114e9b9f4cb63f789?s=96&d=mm&r=g","url":"https:\/\/secure.gravatar.com\/avatar\/f771d896c203ad8b3382d7905cfcce5a5c9b008b84b3cd9114e9b9f4cb63f789?s=96&d=mm&r=g","contentUrl":"https:\/\/secure.gravatar.com\/avatar\/f771d896c203ad8b3382d7905cfcce5a5c9b008b84b3cd9114e9b9f4cb63f789?s=96&d=mm&r=g","caption":"Redacci\u00f3n"},"url":"https:\/\/radiolitoral.com\/ca\/author\/miriam-pagan\/"}]}},"_links":{"self":[{"href":"https:\/\/radiolitoral.com\/ca\/wp-json\/wp\/v2\/posts\/3581","targetHints":{"allow":["GET"]}}],"collection":[{"href":"https:\/\/radiolitoral.com\/ca\/wp-json\/wp\/v2\/posts"}],"about":[{"href":"https:\/\/radiolitoral.com\/ca\/wp-json\/wp\/v2\/types\/post"}],"author":[{"embeddable":true,"href":"https:\/\/radiolitoral.com\/ca\/wp-json\/wp\/v2\/users\/13"}],"replies":[{"embeddable":true,"href":"https:\/\/radiolitoral.com\/ca\/wp-json\/wp\/v2\/comments?post=3581"}],"version-history":[{"count":1,"href":"https:\/\/radiolitoral.com\/ca\/wp-json\/wp\/v2\/posts\/3581\/revisions"}],"predecessor-version":[{"id":3585,"href":"https:\/\/radiolitoral.com\/ca\/wp-json\/wp\/v2\/posts\/3581\/revisions\/3585"}],"wp:featuredmedia":[{"embeddable":true,"href":"https:\/\/radiolitoral.com\/ca\/wp-json\/wp\/v2\/media\/3584"}],"wp:attachment":[{"href":"https:\/\/radiolitoral.com\/ca\/wp-json\/wp\/v2\/media?parent=3581"}],"wp:term":[{"taxonomy":"category","embeddable":true,"href":"https:\/\/radiolitoral.com\/ca\/wp-json\/wp\/v2\/categories?post=3581"},{"taxonomy":"post_tag","embeddable":true,"href":"https:\/\/radiolitoral.com\/ca\/wp-json\/wp\/v2\/tags?post=3581"}],"curies":[{"name":"wp","href":"https:\/\/api.w.org\/{rel}","templated":true}]}}