{"id":3462,"date":"2023-05-26T20:49:35","date_gmt":"2023-05-26T18:49:35","guid":{"rendered":"https:\/\/radiolitoral.com\/?p=3462"},"modified":"2023-05-26T20:52:37","modified_gmt":"2023-05-26T18:52:37","slug":"lalcaldessa-de-calp-destitueix-les-dues-assessores-municipals-que-formen-part-de-la-candidatura-del-pp","status":"publish","type":"post","link":"https:\/\/radiolitoral.com\/ca\/2023\/05\/la-alcaldesa-de-calp-destituye-a-las-dos-asesoras-municipales-que-forman-parte-de-la-candidatura-del-pp\/","title":{"rendered":"L&#039;alcaldessa de Calp destitueix les dues assessores municipals que formen part de la candidatura del PP"},"content":{"rendered":"<p>L&#039;alcaldessa, Ana Sala, actualment n\u00famero 1 de Som Calp, ha destitu\u00eft definitivament les dues assessores municipals que formen part de la candidatura del PP \u00abper p\u00e8rdua de confian\u00e7a\u00bb. Aix\u00ed ho assenyala la pr\u00f2pia Sala en un comunicat.<\/p>\n<p>Al text s&#039;especifica que primer les dues assessores van ser destinades a llocs de treball fora de l&#039;\u00e0rea d&#039;alcaldia a causa de la seva participaci\u00f3 i col\u00b7laboraci\u00f3 en una candidatura que lidera C\u00e9sar S\u00e1nchez, sense deixar de rebre el seu sou. No obstant, despr\u00e9s de constatar que aquestes dues c\u00e0rrecs de confian\u00e7a havien portat a terme el repartiment entre els treballadors de l?ajuntament de cartes demanant el suport al n\u00famero 1 del PP, l?alcaldessa ha decidit prescindir dels serveis.<\/p>\n<p>&nbsp;<\/p>","protected":false},"excerpt":{"rendered":"<p>La alcaldesa, Ana Sala, actualmente n\u00famero 1 de Somos Calpe, ha destituido definitivamente a las dos asesoras municipales que forman parte de la candidatura del PP \u00abpor p\u00e9rdida de confianza\u00bb. As\u00ed lo se\u00f1ala la propia Sala en un comunicado. En el texto se especifica que primero las dos asesoras fueron destinadas a puestos de trabajo [&#8230;]<\/p>\n<p><a class=\"btn btn-secondary understrap-read-more-link\" href=\"https:\/\/radiolitoral.com\/ca\/2023\/05\/la-alcaldesa-de-calp-destituye-a-las-dos-asesoras-municipales-que-forman-parte-de-la-candidatura-del-pp\/\">Continua llegint&#8230;<span class=\"screen-reader-text\"> from La alcaldesa de Calp destituye a las dos asesoras municipales que forman parte de la candidatura del PP<\/span><\/a><\/p>\n","protected":false},"author":21,"featured_media":3467,"comment_status":"open","ping_status":"closed","sticky":false,"template":"","format":"standard","meta":{"_acf_changed":false,"inline_featured_image":false,"footnotes":""},"categories":[13],"tags":[31,705,706],"class_list":["post-3462","post","type-post","status-publish","format-standard","has-post-thumbnail","hentry","category-politica","tag-ana-sala","tag-destitucion-ayuntamiento-calp","tag-destitucion-calp","cobertura-calp"],"acf":[],"yoast_head":"<!-- This site is optimized with the Yoast SEO plugin v27.5 - https:\/\/yoast.com\/product\/yoast-seo-wordpress\/ -->\n<title>La alcaldesa de Calp destituye a las dos asesoras municipales que forman parte de la candidatura del PP | R\u00e0dio Litoral<\/title>\n<meta name=\"description\" content=\"Seg\u00fan Ana Sala &quot;por p\u00e9rdida de confianza&quot; Seg\u00fan Ana Sala &quot;por p\u00e9rdida de confianza&quot;\" \/>\n<meta name=\"robots\" content=\"index, follow, max-snippet:-1, max-image-preview:large, max-video-preview:-1\" \/>\n<link rel=\"canonical\" href=\"https:\/\/radiolitoral.com\/ca\/2023\/05\/lalcaldessa-de-calp-destitueix-les-dues-assessores-municipals-que-formen-part-de-la-candidatura-del-pp\/\" \/>\n<meta property=\"og:locale\" content=\"ca_ES\" \/>\n<meta property=\"og:type\" content=\"article\" \/>\n<meta property=\"og:title\" content=\"La alcaldesa de Calp destituye a las dos asesoras municipales que forman parte de la candidatura del PP | R\u00e0dio Litoral\" \/>\n<meta property=\"og:description\" content=\"Seg\u00fan Ana Sala &quot;por p\u00e9rdida de confianza&quot; Seg\u00fan Ana Sala &quot;por p\u00e9rdida de confianza&quot;\" \/>\n<meta property=\"og:url\" content=\"https:\/\/radiolitoral.com\/ca\/2023\/05\/lalcaldessa-de-calp-destitueix-les-dues-assessores-municipals-que-formen-part-de-la-candidatura-del-pp\/\" \/>\n<meta property=\"og:site_name\" content=\"R\u00e0dio Litoral\" \/>\n<meta property=\"article:publisher\" content=\"https:\/\/www.facebook.com\/Laradiolitoral\/\" \/>\n<meta property=\"article:published_time\" content=\"2023-05-26T18:49:35+00:00\" \/>\n<meta property=\"article:modified_time\" content=\"2023-05-26T18:52:37+00:00\" \/>\n<meta property=\"og:image\" content=\"https:\/\/media.radiolitoral.com\/wp-content\/uploads\/2023\/05\/26205232\/sALA.jpg\" \/>\n\t<meta property=\"og:image:width\" content=\"730\" \/>\n\t<meta property=\"og:image:height\" content=\"808\" \/>\n\t<meta property=\"og:image:type\" content=\"image\/jpeg\" \/>\n<meta name=\"author\" content=\"Mel Pescuezo\" \/>\n<meta name=\"twitter:card\" content=\"summary_large_image\" \/>\n<meta name=\"twitter:label1\" content=\"Escrit per\" \/>\n\t<meta name=\"twitter:data1\" content=\"Mel Pescuezo\" \/>\n\t<meta name=\"twitter:label2\" content=\"Temps estimat de lectura\" \/>\n\t<meta name=\"twitter:data2\" content=\"1 minut\" \/>\n<script type=\"application\/ld+json\" class=\"yoast-schema-graph\">{\"@context\":\"https:\\\/\\\/schema.org\",\"@graph\":[{\"@type\":\"NewsArticle\",\"@id\":\"https:\\\/\\\/radiolitoral.com\\\/2023\\\/05\\\/la-alcaldesa-de-calp-destituye-a-las-dos-asesoras-municipales-que-forman-parte-de-la-candidatura-del-pp\\\/#article\",\"isPartOf\":{\"@id\":\"https:\\\/\\\/radiolitoral.com\\\/2023\\\/05\\\/la-alcaldesa-de-calp-destituye-a-las-dos-asesoras-municipales-que-forman-parte-de-la-candidatura-del-pp\\\/\"},\"author\":{\"name\":\"Mel Pescuezo\",\"@id\":\"https:\\\/\\\/radiolitoral.com\\\/#\\\/schema\\\/person\\\/aad4f72efa404f85b68e832d24cac059\"},\"headline\":\"La alcaldesa de Calp destituye a las dos asesoras municipales que forman parte de la candidatura del PP\",\"datePublished\":\"2023-05-26T18:49:35+00:00\",\"dateModified\":\"2023-05-26T18:52:37+00:00\",\"mainEntityOfPage\":{\"@id\":\"https:\\\/\\\/radiolitoral.com\\\/2023\\\/05\\\/la-alcaldesa-de-calp-destituye-a-las-dos-asesoras-municipales-que-forman-parte-de-la-candidatura-del-pp\\\/\"},\"wordCount\":145,\"commentCount\":0,\"publisher\":{\"@id\":\"https:\\\/\\\/radiolitoral.com\\\/#organization\"},\"image\":{\"@id\":\"https:\\\/\\\/radiolitoral.com\\\/2023\\\/05\\\/la-alcaldesa-de-calp-destituye-a-las-dos-asesoras-municipales-que-forman-parte-de-la-candidatura-del-pp\\\/#primaryimage\"},\"thumbnailUrl\":\"https:\\\/\\\/media.radiolitoral.com\\\/wp-content\\\/uploads\\\/2023\\\/05\\\/26205232\\\/sALA.jpg\",\"keywords\":[\"Ana Sala\",\"destituci\u00f3n ayuntamiento Calp\",\"destituci\u00f3n Calp\"],\"articleSection\":[\"Pol\u00edtica\"],\"inLanguage\":\"ca\",\"potentialAction\":[{\"@type\":\"CommentAction\",\"name\":\"Comment\",\"target\":[\"https:\\\/\\\/radiolitoral.com\\\/2023\\\/05\\\/la-alcaldesa-de-calp-destituye-a-las-dos-asesoras-municipales-que-forman-parte-de-la-candidatura-del-pp\\\/#respond\"]}]},{\"@type\":[\"WebPage\",\"ItemPage\"],\"@id\":\"https:\\\/\\\/radiolitoral.com\\\/2023\\\/05\\\/la-alcaldesa-de-calp-destituye-a-las-dos-asesoras-municipales-que-forman-parte-de-la-candidatura-del-pp\\\/\",\"url\":\"https:\\\/\\\/radiolitoral.com\\\/2023\\\/05\\\/la-alcaldesa-de-calp-destituye-a-las-dos-asesoras-municipales-que-forman-parte-de-la-candidatura-del-pp\\\/\",\"name\":\"La alcaldesa de Calp destituye a las dos asesoras municipales que forman parte de la candidatura del PP | R\u00e0dio Litoral\",\"isPartOf\":{\"@id\":\"https:\\\/\\\/radiolitoral.com\\\/#website\"},\"primaryImageOfPage\":{\"@id\":\"https:\\\/\\\/radiolitoral.com\\\/2023\\\/05\\\/la-alcaldesa-de-calp-destituye-a-las-dos-asesoras-municipales-que-forman-parte-de-la-candidatura-del-pp\\\/#primaryimage\"},\"image\":{\"@id\":\"https:\\\/\\\/radiolitoral.com\\\/2023\\\/05\\\/la-alcaldesa-de-calp-destituye-a-las-dos-asesoras-municipales-que-forman-parte-de-la-candidatura-del-pp\\\/#primaryimage\"},\"thumbnailUrl\":\"https:\\\/\\\/media.radiolitoral.com\\\/wp-content\\\/uploads\\\/2023\\\/05\\\/26205232\\\/sALA.jpg\",\"datePublished\":\"2023-05-26T18:49:35+00:00\",\"dateModified\":\"2023-05-26T18:52:37+00:00\",\"description\":\"Seg\u00fan Ana Sala \\\"por p\u00e9rdida de confianza\\\" Seg\u00fan Ana Sala \\\"por p\u00e9rdida de confianza\\\"\",\"breadcrumb\":{\"@id\":\"https:\\\/\\\/radiolitoral.com\\\/2023\\\/05\\\/la-alcaldesa-de-calp-destituye-a-las-dos-asesoras-municipales-que-forman-parte-de-la-candidatura-del-pp\\\/#breadcrumb\"},\"inLanguage\":\"ca\",\"potentialAction\":[{\"@type\":\"ReadAction\",\"target\":[\"https:\\\/\\\/radiolitoral.com\\\/2023\\\/05\\\/la-alcaldesa-de-calp-destituye-a-las-dos-asesoras-municipales-que-forman-parte-de-la-candidatura-del-pp\\\/\"]}]},{\"@type\":\"ImageObject\",\"inLanguage\":\"ca\",\"@id\":\"https:\\\/\\\/radiolitoral.com\\\/2023\\\/05\\\/la-alcaldesa-de-calp-destituye-a-las-dos-asesoras-municipales-que-forman-parte-de-la-candidatura-del-pp\\\/#primaryimage\",\"url\":\"https:\\\/\\\/media.radiolitoral.com\\\/wp-content\\\/uploads\\\/2023\\\/05\\\/26205232\\\/sALA.jpg\",\"contentUrl\":\"https:\\\/\\\/media.radiolitoral.com\\\/wp-content\\\/uploads\\\/2023\\\/05\\\/26205232\\\/sALA.jpg\",\"width\":730,\"height\":808},{\"@type\":\"BreadcrumbList\",\"@id\":\"https:\\\/\\\/radiolitoral.com\\\/2023\\\/05\\\/la-alcaldesa-de-calp-destituye-a-las-dos-asesoras-municipales-que-forman-parte-de-la-candidatura-del-pp\\\/#breadcrumb\",\"itemListElement\":[{\"@type\":\"ListItem\",\"position\":1,\"name\":\"Portada\",\"item\":\"https:\\\/\\\/radiolitoral.com\\\/\"},{\"@type\":\"ListItem\",\"position\":2,\"name\":\"La alcaldesa de Calp destituye a las dos asesoras municipales que forman parte de la candidatura del PP\"}]},{\"@type\":\"WebSite\",\"@id\":\"https:\\\/\\\/radiolitoral.com\\\/#website\",\"url\":\"https:\\\/\\\/radiolitoral.com\\\/\",\"name\":\"Radio Litoral\",\"description\":\"La radio local de la Marina Alta\",\"publisher\":{\"@id\":\"https:\\\/\\\/radiolitoral.com\\\/#organization\"},\"alternateName\":\"Litoral FM\",\"potentialAction\":[{\"@type\":\"SearchAction\",\"target\":{\"@type\":\"EntryPoint\",\"urlTemplate\":\"https:\\\/\\\/radiolitoral.com\\\/?s={search_term_string}\"},\"query-input\":{\"@type\":\"PropertyValueSpecification\",\"valueRequired\":true,\"valueName\":\"search_term_string\"}}],\"inLanguage\":\"ca\"},{\"@type\":\"Organization\",\"@id\":\"https:\\\/\\\/radiolitoral.com\\\/#organization\",\"name\":\"Radio Litoral\",\"url\":\"https:\\\/\\\/radiolitoral.com\\\/\",\"logo\":{\"@type\":\"ImageObject\",\"inLanguage\":\"ca\",\"@id\":\"https:\\\/\\\/radiolitoral.com\\\/#\\\/schema\\\/logo\\\/image\\\/\",\"url\":\"https:\\\/\\\/media.radiolitoral.com\\\/wp-content\\\/uploads\\\/2023\\\/02\\\/24143238\\\/CL-V-RadioLitoral696.png\",\"contentUrl\":\"https:\\\/\\\/media.radiolitoral.com\\\/wp-content\\\/uploads\\\/2023\\\/02\\\/24143238\\\/CL-V-RadioLitoral696.png\",\"width\":696,\"height\":696,\"caption\":\"Radio Litoral\"},\"image\":{\"@id\":\"https:\\\/\\\/radiolitoral.com\\\/#\\\/schema\\\/logo\\\/image\\\/\"},\"sameAs\":[\"https:\\\/\\\/www.facebook.com\\\/Laradiolitoral\\\/\"]},{\"@type\":\"Person\",\"@id\":\"https:\\\/\\\/radiolitoral.com\\\/#\\\/schema\\\/person\\\/aad4f72efa404f85b68e832d24cac059\",\"name\":\"Mel Pescuezo\",\"image\":{\"@type\":\"ImageObject\",\"inLanguage\":\"ca\",\"@id\":\"https:\\\/\\\/secure.gravatar.com\\\/avatar\\\/993975ae489c70cb0dd9bfa9413a082f0bd276582dac13661af7b33f161e7eea?s=96&d=mm&r=g\",\"url\":\"https:\\\/\\\/secure.gravatar.com\\\/avatar\\\/993975ae489c70cb0dd9bfa9413a082f0bd276582dac13661af7b33f161e7eea?s=96&d=mm&r=g\",\"contentUrl\":\"https:\\\/\\\/secure.gravatar.com\\\/avatar\\\/993975ae489c70cb0dd9bfa9413a082f0bd276582dac13661af7b33f161e7eea?s=96&d=mm&r=g\",\"caption\":\"Mel Pescuezo\"},\"url\":\"https:\\\/\\\/radiolitoral.com\\\/ca\\\/author\\\/serviciospararadios\\\/\"}]}<\/script>\n<!-- \/ Yoast SEO plugin. -->","yoast_head_json":{"title":"L&#039;alcaldessa de Calp destitueix les dues assessores municipals que formen part de la candidatura del PP | R\u00e0dio Litoral","description":"Segons Ana Sala &quot;per p\u00e8rdua de confian\u00e7a&quot; Segons Ana Sala &quot;per p\u00e8rdua de confian\u00e7a&quot;","robots":{"index":"index","follow":"follow","max-snippet":"max-snippet:-1","max-image-preview":"max-image-preview:large","max-video-preview":"max-video-preview:-1"},"canonical":"https:\/\/radiolitoral.com\/ca\/2023\/05\/lalcaldessa-de-calp-destitueix-les-dues-assessores-municipals-que-formen-part-de-la-candidatura-del-pp\/","og_locale":"ca_ES","og_type":"article","og_title":"La alcaldesa de Calp destituye a las dos asesoras municipales que forman parte de la candidatura del PP | R\u00e0dio Litoral","og_description":"Seg\u00fan Ana Sala \"por p\u00e9rdida de confianza\" Seg\u00fan Ana Sala \"por p\u00e9rdida de confianza\"","og_url":"https:\/\/radiolitoral.com\/ca\/2023\/05\/lalcaldessa-de-calp-destitueix-les-dues-assessores-municipals-que-formen-part-de-la-candidatura-del-pp\/","og_site_name":"R\u00e0dio Litoral","article_publisher":"https:\/\/www.facebook.com\/Laradiolitoral\/","article_published_time":"2023-05-26T18:49:35+00:00","article_modified_time":"2023-05-26T18:52:37+00:00","og_image":[{"width":730,"height":808,"url":"https:\/\/media.radiolitoral.com\/wp-content\/uploads\/2023\/05\/26205232\/sALA.jpg","type":"image\/jpeg"}],"author":"Mel Pescuezo","twitter_card":"summary_large_image","twitter_misc":{"Escrit per":"Mel Pescuezo","Temps estimat de lectura":"1 minut"},"schema":{"@context":"https:\/\/schema.org","@graph":[{"@type":"NewsArticle","@id":"https:\/\/radiolitoral.com\/2023\/05\/la-alcaldesa-de-calp-destituye-a-las-dos-asesoras-municipales-que-forman-parte-de-la-candidatura-del-pp\/#article","isPartOf":{"@id":"https:\/\/radiolitoral.com\/2023\/05\/la-alcaldesa-de-calp-destituye-a-las-dos-asesoras-municipales-que-forman-parte-de-la-candidatura-del-pp\/"},"author":{"name":"Mel Pescuezo","@id":"https:\/\/radiolitoral.com\/#\/schema\/person\/aad4f72efa404f85b68e832d24cac059"},"headline":"La alcaldesa de Calp destituye a las dos asesoras municipales que forman parte de la candidatura del PP","datePublished":"2023-05-26T18:49:35+00:00","dateModified":"2023-05-26T18:52:37+00:00","mainEntityOfPage":{"@id":"https:\/\/radiolitoral.com\/2023\/05\/la-alcaldesa-de-calp-destituye-a-las-dos-asesoras-municipales-que-forman-parte-de-la-candidatura-del-pp\/"},"wordCount":145,"commentCount":0,"publisher":{"@id":"https:\/\/radiolitoral.com\/#organization"},"image":{"@id":"https:\/\/radiolitoral.com\/2023\/05\/la-alcaldesa-de-calp-destituye-a-las-dos-asesoras-municipales-que-forman-parte-de-la-candidatura-del-pp\/#primaryimage"},"thumbnailUrl":"https:\/\/media.radiolitoral.com\/wp-content\/uploads\/2023\/05\/26205232\/sALA.jpg","keywords":["Ana Sala","destituci\u00f3n ayuntamiento Calp","destituci\u00f3n Calp"],"articleSection":["Pol\u00edtica"],"inLanguage":"ca","potentialAction":[{"@type":"CommentAction","name":"Comment","target":["https:\/\/radiolitoral.com\/2023\/05\/la-alcaldesa-de-calp-destituye-a-las-dos-asesoras-municipales-que-forman-parte-de-la-candidatura-del-pp\/#respond"]}]},{"@type":["WebPage","ItemPage"],"@id":"https:\/\/radiolitoral.com\/2023\/05\/la-alcaldesa-de-calp-destituye-a-las-dos-asesoras-municipales-que-forman-parte-de-la-candidatura-del-pp\/","url":"https:\/\/radiolitoral.com\/2023\/05\/la-alcaldesa-de-calp-destituye-a-las-dos-asesoras-municipales-que-forman-parte-de-la-candidatura-del-pp\/","name":"L&#039;alcaldessa de Calp destitueix les dues assessores municipals que formen part de la candidatura del PP | R\u00e0dio Litoral","isPartOf":{"@id":"https:\/\/radiolitoral.com\/#website"},"primaryImageOfPage":{"@id":"https:\/\/radiolitoral.com\/2023\/05\/la-alcaldesa-de-calp-destituye-a-las-dos-asesoras-municipales-que-forman-parte-de-la-candidatura-del-pp\/#primaryimage"},"image":{"@id":"https:\/\/radiolitoral.com\/2023\/05\/la-alcaldesa-de-calp-destituye-a-las-dos-asesoras-municipales-que-forman-parte-de-la-candidatura-del-pp\/#primaryimage"},"thumbnailUrl":"https:\/\/media.radiolitoral.com\/wp-content\/uploads\/2023\/05\/26205232\/sALA.jpg","datePublished":"2023-05-26T18:49:35+00:00","dateModified":"2023-05-26T18:52:37+00:00","description":"Segons Ana Sala &quot;per p\u00e8rdua de confian\u00e7a&quot; Segons Ana Sala &quot;per p\u00e8rdua de confian\u00e7a&quot;","breadcrumb":{"@id":"https:\/\/radiolitoral.com\/2023\/05\/la-alcaldesa-de-calp-destituye-a-las-dos-asesoras-municipales-que-forman-parte-de-la-candidatura-del-pp\/#breadcrumb"},"inLanguage":"ca","potentialAction":[{"@type":"ReadAction","target":["https:\/\/radiolitoral.com\/2023\/05\/la-alcaldesa-de-calp-destituye-a-las-dos-asesoras-municipales-que-forman-parte-de-la-candidatura-del-pp\/"]}]},{"@type":"ImageObject","inLanguage":"ca","@id":"https:\/\/radiolitoral.com\/2023\/05\/la-alcaldesa-de-calp-destituye-a-las-dos-asesoras-municipales-que-forman-parte-de-la-candidatura-del-pp\/#primaryimage","url":"https:\/\/media.radiolitoral.com\/wp-content\/uploads\/2023\/05\/26205232\/sALA.jpg","contentUrl":"https:\/\/media.radiolitoral.com\/wp-content\/uploads\/2023\/05\/26205232\/sALA.jpg","width":730,"height":808},{"@type":"BreadcrumbList","@id":"https:\/\/radiolitoral.com\/2023\/05\/la-alcaldesa-de-calp-destituye-a-las-dos-asesoras-municipales-que-forman-parte-de-la-candidatura-del-pp\/#breadcrumb","itemListElement":[{"@type":"ListItem","position":1,"name":"Portada","item":"https:\/\/radiolitoral.com\/"},{"@type":"ListItem","position":2,"name":"La alcaldesa de Calp destituye a las dos asesoras municipales que forman parte de la candidatura del PP"}]},{"@type":"WebSite","@id":"https:\/\/radiolitoral.com\/#website","url":"https:\/\/radiolitoral.com\/","name":"R\u00e0dio Litoral","description":"La r\u00e0dio local de la Marina Alta","publisher":{"@id":"https:\/\/radiolitoral.com\/#organization"},"alternateName":"Litoral FM","potentialAction":[{"@type":"SearchAction","target":{"@type":"EntryPoint","urlTemplate":"https:\/\/radiolitoral.com\/?s={search_term_string}"},"query-input":{"@type":"PropertyValueSpecification","valueRequired":true,"valueName":"search_term_string"}}],"inLanguage":"ca"},{"@type":"Organization","@id":"https:\/\/radiolitoral.com\/#organization","name":"R\u00e0dio Litoral","url":"https:\/\/radiolitoral.com\/","logo":{"@type":"ImageObject","inLanguage":"ca","@id":"https:\/\/radiolitoral.com\/#\/schema\/logo\/image\/","url":"https:\/\/media.radiolitoral.com\/wp-content\/uploads\/2023\/02\/24143238\/CL-V-RadioLitoral696.png","contentUrl":"https:\/\/media.radiolitoral.com\/wp-content\/uploads\/2023\/02\/24143238\/CL-V-RadioLitoral696.png","width":696,"height":696,"caption":"Radio Litoral"},"image":{"@id":"https:\/\/radiolitoral.com\/#\/schema\/logo\/image\/"},"sameAs":["https:\/\/www.facebook.com\/Laradiolitoral\/"]},{"@type":"Person","@id":"https:\/\/radiolitoral.com\/#\/schema\/person\/aad4f72efa404f85b68e832d24cac059","name":"Mel Pescuezo","image":{"@type":"ImageObject","inLanguage":"ca","@id":"https:\/\/secure.gravatar.com\/avatar\/993975ae489c70cb0dd9bfa9413a082f0bd276582dac13661af7b33f161e7eea?s=96&d=mm&r=g","url":"https:\/\/secure.gravatar.com\/avatar\/993975ae489c70cb0dd9bfa9413a082f0bd276582dac13661af7b33f161e7eea?s=96&d=mm&r=g","contentUrl":"https:\/\/secure.gravatar.com\/avatar\/993975ae489c70cb0dd9bfa9413a082f0bd276582dac13661af7b33f161e7eea?s=96&d=mm&r=g","caption":"Mel Pescuezo"},"url":"https:\/\/radiolitoral.com\/ca\/author\/serviciospararadios\/"}]}},"_links":{"self":[{"href":"https:\/\/radiolitoral.com\/ca\/wp-json\/wp\/v2\/posts\/3462","targetHints":{"allow":["GET"]}}],"collection":[{"href":"https:\/\/radiolitoral.com\/ca\/wp-json\/wp\/v2\/posts"}],"about":[{"href":"https:\/\/radiolitoral.com\/ca\/wp-json\/wp\/v2\/types\/post"}],"author":[{"embeddable":true,"href":"https:\/\/radiolitoral.com\/ca\/wp-json\/wp\/v2\/users\/21"}],"replies":[{"embeddable":true,"href":"https:\/\/radiolitoral.com\/ca\/wp-json\/wp\/v2\/comments?post=3462"}],"version-history":[{"count":1,"href":"https:\/\/radiolitoral.com\/ca\/wp-json\/wp\/v2\/posts\/3462\/revisions"}],"predecessor-version":[{"id":3465,"href":"https:\/\/radiolitoral.com\/ca\/wp-json\/wp\/v2\/posts\/3462\/revisions\/3465"}],"wp:featuredmedia":[{"embeddable":true,"href":"https:\/\/radiolitoral.com\/ca\/wp-json\/wp\/v2\/media\/3467"}],"wp:attachment":[{"href":"https:\/\/radiolitoral.com\/ca\/wp-json\/wp\/v2\/media?parent=3462"}],"wp:term":[{"taxonomy":"category","embeddable":true,"href":"https:\/\/radiolitoral.com\/ca\/wp-json\/wp\/v2\/categories?post=3462"},{"taxonomy":"post_tag","embeddable":true,"href":"https:\/\/radiolitoral.com\/ca\/wp-json\/wp\/v2\/tags?post=3462"}],"curies":[{"name":"wp","href":"https:\/\/api.w.org\/{rel}","templated":true}]}}