{"id":3457,"date":"2023-05-26T20:36:24","date_gmt":"2023-05-26T18:36:24","guid":{"rendered":"https:\/\/radiolitoral.com\/?p=3457"},"modified":"2023-05-26T20:39:00","modified_gmt":"2023-05-26T18:39:00","slug":"mes-benitatxell-anima-que-sajudi-els-veins-que-no-puguin-desplacar-se-per-les-pluges","status":"publish","type":"post","link":"https:\/\/radiolitoral.com\/ca\/2023\/05\/mes-benitatxell-anima-a-que-se-ayude-a-los-vecinos-que-no-puedan-desplazarse-por-las-lluvias\/","title":{"rendered":"M\u00e9s Benitatxell anima que s&#039;ajudi els ve\u00efns que no puguin anar a votar per les pluges"},"content":{"rendered":"<p>Aquest diumenge 28 de maig se celebren les eleccions municipals a tot Espanya, i sembla que les de la Marina Alta podrien estar passades per aigua.<\/p>\n<p>Aquest petit contratemps podria suposar una disminuci\u00f3 de les persones que acudeixin a votar, sobretot entre persones grans i amb mobilitat redu\u00efda, per a les quals la pluja, sobretot si \u00e9s intensa, pot ser una barrera per anar a votar.<\/p>\n<p>Per aquest motiu, el grup pol\u00edtic M\u00e9s Benitatxell ha llan\u00e7at a trav\u00e9s de les seves xarxes socials una campanya per animar els ve\u00efns de la localitat a ajudar aquelles persones que coneguin i per a les quals la pluja pugui ser un impediment, perqu\u00e8 puguin anar al col\u00b7legi electoral a exercir el seu dret a vot.<\/p>\n<p>M\u00e9s Benitatxell considera que les inclem\u00e8ncies meteorol\u00f2giques no poden suposar un repte o una barrera per a la democr\u00e0cia i el dret a votar. Per aix\u00f2 apel\u00b7len a la solidaritat.<\/p>","protected":false},"excerpt":{"rendered":"<p>Este domingo 28 de mayo se celebran las elecciones municipales en toda Espa\u00f1a, y parece que las de la Marina Alta podr\u00edan estar pasadas por agua. Este peque\u00f1o contratiempo podr\u00eda suponer una disminuci\u00f3n de las personas que acudan a votar, sobre todo entre personas mayores y con movilidad reducida, para las que la lluvia, sobre [&#8230;]<\/p>\n<p><a class=\"btn btn-secondary understrap-read-more-link\" href=\"https:\/\/radiolitoral.com\/ca\/2023\/05\/mes-benitatxell-anima-a-que-se-ayude-a-los-vecinos-que-no-puedan-desplazarse-por-las-lluvias\/\">Continua llegint&#8230;<span class=\"screen-reader-text\"> from M\u00e9s Benitatxell anima a que se ayude a los vecinos que no puedan ir a votar por las lluvias<\/span><\/a><\/p>\n","protected":false},"author":21,"featured_media":3458,"comment_status":"open","ping_status":"closed","sticky":false,"template":"","format":"standard","meta":{"_acf_changed":false,"inline_featured_image":false,"footnotes":""},"categories":[13],"tags":[184,541,696],"class_list":["post-3457","post","type-post","status-publish","format-standard","has-post-thumbnail","hentry","category-politica","tag-benitatxell","tag-elecciones","tag-votar","cobertura-poble-nou-de-benitatxell"],"acf":[],"yoast_head":"<!-- This site is optimized with the Yoast SEO plugin v27.5 - https:\/\/yoast.com\/product\/yoast-seo-wordpress\/ -->\n<title>M\u00e9s Benitatxell anima a que se ayude a los vecinos que no puedan ir a votar por las lluvias | R\u00e0dio Litoral<\/title>\n<meta name=\"description\" content=\"Apelan a la solidaridad Apelan a la solidaridad\" \/>\n<meta name=\"robots\" content=\"index, follow, max-snippet:-1, max-image-preview:large, max-video-preview:-1\" \/>\n<link rel=\"canonical\" href=\"https:\/\/radiolitoral.com\/ca\/2023\/05\/mes-benitatxell-anima-que-sajudi-els-veins-que-no-puguin-desplacar-se-per-les-pluges\/\" \/>\n<meta property=\"og:locale\" content=\"ca_ES\" \/>\n<meta property=\"og:type\" content=\"article\" \/>\n<meta property=\"og:title\" content=\"M\u00e9s Benitatxell anima a que se ayude a los vecinos que no puedan ir a votar por las lluvias | R\u00e0dio Litoral\" \/>\n<meta property=\"og:description\" content=\"Apelan a la solidaridad Apelan a la solidaridad\" \/>\n<meta property=\"og:url\" content=\"https:\/\/radiolitoral.com\/ca\/2023\/05\/mes-benitatxell-anima-que-sajudi-els-veins-que-no-puguin-desplacar-se-per-les-pluges\/\" \/>\n<meta property=\"og:site_name\" content=\"R\u00e0dio Litoral\" \/>\n<meta property=\"article:publisher\" content=\"https:\/\/www.facebook.com\/Laradiolitoral\/\" \/>\n<meta property=\"article:published_time\" content=\"2023-05-26T18:36:24+00:00\" \/>\n<meta property=\"article:modified_time\" content=\"2023-05-26T18:39:00+00:00\" \/>\n<meta property=\"og:image\" content=\"https:\/\/media.radiolitoral.com\/wp-content\/uploads\/2023\/05\/26203156\/vot.jpg\" \/>\n\t<meta property=\"og:image:width\" content=\"1097\" \/>\n\t<meta property=\"og:image:height\" content=\"820\" \/>\n\t<meta property=\"og:image:type\" content=\"image\/jpeg\" \/>\n<meta name=\"author\" content=\"Mel Pescuezo\" \/>\n<meta name=\"twitter:card\" content=\"summary_large_image\" \/>\n<meta name=\"twitter:label1\" content=\"Escrit per\" \/>\n\t<meta name=\"twitter:data1\" content=\"Mel Pescuezo\" \/>\n\t<meta name=\"twitter:label2\" content=\"Temps estimat de lectura\" \/>\n\t<meta name=\"twitter:data2\" content=\"1 minut\" \/>\n<script type=\"application\/ld+json\" class=\"yoast-schema-graph\">{\"@context\":\"https:\\\/\\\/schema.org\",\"@graph\":[{\"@type\":\"NewsArticle\",\"@id\":\"https:\\\/\\\/radiolitoral.com\\\/2023\\\/05\\\/mes-benitatxell-anima-a-que-se-ayude-a-los-vecinos-que-no-puedan-desplazarse-por-las-lluvias\\\/#article\",\"isPartOf\":{\"@id\":\"https:\\\/\\\/radiolitoral.com\\\/2023\\\/05\\\/mes-benitatxell-anima-a-que-se-ayude-a-los-vecinos-que-no-puedan-desplazarse-por-las-lluvias\\\/\"},\"author\":{\"name\":\"Mel Pescuezo\",\"@id\":\"https:\\\/\\\/radiolitoral.com\\\/#\\\/schema\\\/person\\\/aad4f72efa404f85b68e832d24cac059\"},\"headline\":\"M\u00e9s Benitatxell anima a que se ayude a los vecinos que no puedan ir a votar por las lluvias\",\"datePublished\":\"2023-05-26T18:36:24+00:00\",\"dateModified\":\"2023-05-26T18:39:00+00:00\",\"mainEntityOfPage\":{\"@id\":\"https:\\\/\\\/radiolitoral.com\\\/2023\\\/05\\\/mes-benitatxell-anima-a-que-se-ayude-a-los-vecinos-que-no-puedan-desplazarse-por-las-lluvias\\\/\"},\"wordCount\":182,\"commentCount\":0,\"publisher\":{\"@id\":\"https:\\\/\\\/radiolitoral.com\\\/#organization\"},\"image\":{\"@id\":\"https:\\\/\\\/radiolitoral.com\\\/2023\\\/05\\\/mes-benitatxell-anima-a-que-se-ayude-a-los-vecinos-que-no-puedan-desplazarse-por-las-lluvias\\\/#primaryimage\"},\"thumbnailUrl\":\"https:\\\/\\\/media.radiolitoral.com\\\/wp-content\\\/uploads\\\/2023\\\/05\\\/26203156\\\/vot.jpg\",\"keywords\":[\"Benitatxell\",\"elecciones\",\"votar\"],\"articleSection\":[\"Pol\u00edtica\"],\"inLanguage\":\"ca\",\"potentialAction\":[{\"@type\":\"CommentAction\",\"name\":\"Comment\",\"target\":[\"https:\\\/\\\/radiolitoral.com\\\/2023\\\/05\\\/mes-benitatxell-anima-a-que-se-ayude-a-los-vecinos-que-no-puedan-desplazarse-por-las-lluvias\\\/#respond\"]}]},{\"@type\":[\"WebPage\",\"ItemPage\"],\"@id\":\"https:\\\/\\\/radiolitoral.com\\\/2023\\\/05\\\/mes-benitatxell-anima-a-que-se-ayude-a-los-vecinos-que-no-puedan-desplazarse-por-las-lluvias\\\/\",\"url\":\"https:\\\/\\\/radiolitoral.com\\\/2023\\\/05\\\/mes-benitatxell-anima-a-que-se-ayude-a-los-vecinos-que-no-puedan-desplazarse-por-las-lluvias\\\/\",\"name\":\"M\u00e9s Benitatxell anima a que se ayude a los vecinos que no puedan ir a votar por las lluvias | R\u00e0dio Litoral\",\"isPartOf\":{\"@id\":\"https:\\\/\\\/radiolitoral.com\\\/#website\"},\"primaryImageOfPage\":{\"@id\":\"https:\\\/\\\/radiolitoral.com\\\/2023\\\/05\\\/mes-benitatxell-anima-a-que-se-ayude-a-los-vecinos-que-no-puedan-desplazarse-por-las-lluvias\\\/#primaryimage\"},\"image\":{\"@id\":\"https:\\\/\\\/radiolitoral.com\\\/2023\\\/05\\\/mes-benitatxell-anima-a-que-se-ayude-a-los-vecinos-que-no-puedan-desplazarse-por-las-lluvias\\\/#primaryimage\"},\"thumbnailUrl\":\"https:\\\/\\\/media.radiolitoral.com\\\/wp-content\\\/uploads\\\/2023\\\/05\\\/26203156\\\/vot.jpg\",\"datePublished\":\"2023-05-26T18:36:24+00:00\",\"dateModified\":\"2023-05-26T18:39:00+00:00\",\"description\":\"Apelan a la solidaridad Apelan a la solidaridad\",\"breadcrumb\":{\"@id\":\"https:\\\/\\\/radiolitoral.com\\\/2023\\\/05\\\/mes-benitatxell-anima-a-que-se-ayude-a-los-vecinos-que-no-puedan-desplazarse-por-las-lluvias\\\/#breadcrumb\"},\"inLanguage\":\"ca\",\"potentialAction\":[{\"@type\":\"ReadAction\",\"target\":[\"https:\\\/\\\/radiolitoral.com\\\/2023\\\/05\\\/mes-benitatxell-anima-a-que-se-ayude-a-los-vecinos-que-no-puedan-desplazarse-por-las-lluvias\\\/\"]}]},{\"@type\":\"ImageObject\",\"inLanguage\":\"ca\",\"@id\":\"https:\\\/\\\/radiolitoral.com\\\/2023\\\/05\\\/mes-benitatxell-anima-a-que-se-ayude-a-los-vecinos-que-no-puedan-desplazarse-por-las-lluvias\\\/#primaryimage\",\"url\":\"https:\\\/\\\/media.radiolitoral.com\\\/wp-content\\\/uploads\\\/2023\\\/05\\\/26203156\\\/vot.jpg\",\"contentUrl\":\"https:\\\/\\\/media.radiolitoral.com\\\/wp-content\\\/uploads\\\/2023\\\/05\\\/26203156\\\/vot.jpg\",\"width\":1097,\"height\":820},{\"@type\":\"BreadcrumbList\",\"@id\":\"https:\\\/\\\/radiolitoral.com\\\/2023\\\/05\\\/mes-benitatxell-anima-a-que-se-ayude-a-los-vecinos-que-no-puedan-desplazarse-por-las-lluvias\\\/#breadcrumb\",\"itemListElement\":[{\"@type\":\"ListItem\",\"position\":1,\"name\":\"Portada\",\"item\":\"https:\\\/\\\/radiolitoral.com\\\/\"},{\"@type\":\"ListItem\",\"position\":2,\"name\":\"M\u00e9s Benitatxell anima a que se ayude a los vecinos que no puedan ir a votar por las lluvias\"}]},{\"@type\":\"WebSite\",\"@id\":\"https:\\\/\\\/radiolitoral.com\\\/#website\",\"url\":\"https:\\\/\\\/radiolitoral.com\\\/\",\"name\":\"Radio Litoral\",\"description\":\"La radio local de la Marina Alta\",\"publisher\":{\"@id\":\"https:\\\/\\\/radiolitoral.com\\\/#organization\"},\"alternateName\":\"Litoral FM\",\"potentialAction\":[{\"@type\":\"SearchAction\",\"target\":{\"@type\":\"EntryPoint\",\"urlTemplate\":\"https:\\\/\\\/radiolitoral.com\\\/?s={search_term_string}\"},\"query-input\":{\"@type\":\"PropertyValueSpecification\",\"valueRequired\":true,\"valueName\":\"search_term_string\"}}],\"inLanguage\":\"ca\"},{\"@type\":\"Organization\",\"@id\":\"https:\\\/\\\/radiolitoral.com\\\/#organization\",\"name\":\"Radio Litoral\",\"url\":\"https:\\\/\\\/radiolitoral.com\\\/\",\"logo\":{\"@type\":\"ImageObject\",\"inLanguage\":\"ca\",\"@id\":\"https:\\\/\\\/radiolitoral.com\\\/#\\\/schema\\\/logo\\\/image\\\/\",\"url\":\"https:\\\/\\\/media.radiolitoral.com\\\/wp-content\\\/uploads\\\/2023\\\/02\\\/24143238\\\/CL-V-RadioLitoral696.png\",\"contentUrl\":\"https:\\\/\\\/media.radiolitoral.com\\\/wp-content\\\/uploads\\\/2023\\\/02\\\/24143238\\\/CL-V-RadioLitoral696.png\",\"width\":696,\"height\":696,\"caption\":\"Radio Litoral\"},\"image\":{\"@id\":\"https:\\\/\\\/radiolitoral.com\\\/#\\\/schema\\\/logo\\\/image\\\/\"},\"sameAs\":[\"https:\\\/\\\/www.facebook.com\\\/Laradiolitoral\\\/\"]},{\"@type\":\"Person\",\"@id\":\"https:\\\/\\\/radiolitoral.com\\\/#\\\/schema\\\/person\\\/aad4f72efa404f85b68e832d24cac059\",\"name\":\"Mel Pescuezo\",\"image\":{\"@type\":\"ImageObject\",\"inLanguage\":\"ca\",\"@id\":\"https:\\\/\\\/secure.gravatar.com\\\/avatar\\\/993975ae489c70cb0dd9bfa9413a082f0bd276582dac13661af7b33f161e7eea?s=96&d=mm&r=g\",\"url\":\"https:\\\/\\\/secure.gravatar.com\\\/avatar\\\/993975ae489c70cb0dd9bfa9413a082f0bd276582dac13661af7b33f161e7eea?s=96&d=mm&r=g\",\"contentUrl\":\"https:\\\/\\\/secure.gravatar.com\\\/avatar\\\/993975ae489c70cb0dd9bfa9413a082f0bd276582dac13661af7b33f161e7eea?s=96&d=mm&r=g\",\"caption\":\"Mel Pescuezo\"},\"url\":\"https:\\\/\\\/radiolitoral.com\\\/ca\\\/author\\\/serviciospararadios\\\/\"}]}<\/script>\n<!-- \/ Yoast SEO plugin. -->","yoast_head_json":{"title":"M\u00e9s Benitatxell anima que s&#039;ajudi els ve\u00efns que no puguin anar a votar per les pluges | R\u00e0dio Litoral","description":"Apel\u00b7len a la solidaritat Apel\u00b7len a la solidaritat","robots":{"index":"index","follow":"follow","max-snippet":"max-snippet:-1","max-image-preview":"max-image-preview:large","max-video-preview":"max-video-preview:-1"},"canonical":"https:\/\/radiolitoral.com\/ca\/2023\/05\/mes-benitatxell-anima-que-sajudi-els-veins-que-no-puguin-desplacar-se-per-les-pluges\/","og_locale":"ca_ES","og_type":"article","og_title":"M\u00e9s Benitatxell anima a que se ayude a los vecinos que no puedan ir a votar por las lluvias | R\u00e0dio Litoral","og_description":"Apelan a la solidaridad Apelan a la solidaridad","og_url":"https:\/\/radiolitoral.com\/ca\/2023\/05\/mes-benitatxell-anima-que-sajudi-els-veins-que-no-puguin-desplacar-se-per-les-pluges\/","og_site_name":"R\u00e0dio Litoral","article_publisher":"https:\/\/www.facebook.com\/Laradiolitoral\/","article_published_time":"2023-05-26T18:36:24+00:00","article_modified_time":"2023-05-26T18:39:00+00:00","og_image":[{"width":1097,"height":820,"url":"https:\/\/media.radiolitoral.com\/wp-content\/uploads\/2023\/05\/26203156\/vot.jpg","type":"image\/jpeg"}],"author":"Mel Pescuezo","twitter_card":"summary_large_image","twitter_misc":{"Escrit per":"Mel Pescuezo","Temps estimat de lectura":"1 minut"},"schema":{"@context":"https:\/\/schema.org","@graph":[{"@type":"NewsArticle","@id":"https:\/\/radiolitoral.com\/2023\/05\/mes-benitatxell-anima-a-que-se-ayude-a-los-vecinos-que-no-puedan-desplazarse-por-las-lluvias\/#article","isPartOf":{"@id":"https:\/\/radiolitoral.com\/2023\/05\/mes-benitatxell-anima-a-que-se-ayude-a-los-vecinos-que-no-puedan-desplazarse-por-las-lluvias\/"},"author":{"name":"Mel Pescuezo","@id":"https:\/\/radiolitoral.com\/#\/schema\/person\/aad4f72efa404f85b68e832d24cac059"},"headline":"M\u00e9s Benitatxell anima a que se ayude a los vecinos que no puedan ir a votar por las lluvias","datePublished":"2023-05-26T18:36:24+00:00","dateModified":"2023-05-26T18:39:00+00:00","mainEntityOfPage":{"@id":"https:\/\/radiolitoral.com\/2023\/05\/mes-benitatxell-anima-a-que-se-ayude-a-los-vecinos-que-no-puedan-desplazarse-por-las-lluvias\/"},"wordCount":182,"commentCount":0,"publisher":{"@id":"https:\/\/radiolitoral.com\/#organization"},"image":{"@id":"https:\/\/radiolitoral.com\/2023\/05\/mes-benitatxell-anima-a-que-se-ayude-a-los-vecinos-que-no-puedan-desplazarse-por-las-lluvias\/#primaryimage"},"thumbnailUrl":"https:\/\/media.radiolitoral.com\/wp-content\/uploads\/2023\/05\/26203156\/vot.jpg","keywords":["Benitatxell","elecciones","votar"],"articleSection":["Pol\u00edtica"],"inLanguage":"ca","potentialAction":[{"@type":"CommentAction","name":"Comment","target":["https:\/\/radiolitoral.com\/2023\/05\/mes-benitatxell-anima-a-que-se-ayude-a-los-vecinos-que-no-puedan-desplazarse-por-las-lluvias\/#respond"]}]},{"@type":["WebPage","ItemPage"],"@id":"https:\/\/radiolitoral.com\/2023\/05\/mes-benitatxell-anima-a-que-se-ayude-a-los-vecinos-que-no-puedan-desplazarse-por-las-lluvias\/","url":"https:\/\/radiolitoral.com\/2023\/05\/mes-benitatxell-anima-a-que-se-ayude-a-los-vecinos-que-no-puedan-desplazarse-por-las-lluvias\/","name":"M\u00e9s Benitatxell anima que s&#039;ajudi els ve\u00efns que no puguin anar a votar per les pluges | R\u00e0dio Litoral","isPartOf":{"@id":"https:\/\/radiolitoral.com\/#website"},"primaryImageOfPage":{"@id":"https:\/\/radiolitoral.com\/2023\/05\/mes-benitatxell-anima-a-que-se-ayude-a-los-vecinos-que-no-puedan-desplazarse-por-las-lluvias\/#primaryimage"},"image":{"@id":"https:\/\/radiolitoral.com\/2023\/05\/mes-benitatxell-anima-a-que-se-ayude-a-los-vecinos-que-no-puedan-desplazarse-por-las-lluvias\/#primaryimage"},"thumbnailUrl":"https:\/\/media.radiolitoral.com\/wp-content\/uploads\/2023\/05\/26203156\/vot.jpg","datePublished":"2023-05-26T18:36:24+00:00","dateModified":"2023-05-26T18:39:00+00:00","description":"Apel\u00b7len a la solidaritat Apel\u00b7len a la solidaritat","breadcrumb":{"@id":"https:\/\/radiolitoral.com\/2023\/05\/mes-benitatxell-anima-a-que-se-ayude-a-los-vecinos-que-no-puedan-desplazarse-por-las-lluvias\/#breadcrumb"},"inLanguage":"ca","potentialAction":[{"@type":"ReadAction","target":["https:\/\/radiolitoral.com\/2023\/05\/mes-benitatxell-anima-a-que-se-ayude-a-los-vecinos-que-no-puedan-desplazarse-por-las-lluvias\/"]}]},{"@type":"ImageObject","inLanguage":"ca","@id":"https:\/\/radiolitoral.com\/2023\/05\/mes-benitatxell-anima-a-que-se-ayude-a-los-vecinos-que-no-puedan-desplazarse-por-las-lluvias\/#primaryimage","url":"https:\/\/media.radiolitoral.com\/wp-content\/uploads\/2023\/05\/26203156\/vot.jpg","contentUrl":"https:\/\/media.radiolitoral.com\/wp-content\/uploads\/2023\/05\/26203156\/vot.jpg","width":1097,"height":820},{"@type":"BreadcrumbList","@id":"https:\/\/radiolitoral.com\/2023\/05\/mes-benitatxell-anima-a-que-se-ayude-a-los-vecinos-que-no-puedan-desplazarse-por-las-lluvias\/#breadcrumb","itemListElement":[{"@type":"ListItem","position":1,"name":"Portada","item":"https:\/\/radiolitoral.com\/"},{"@type":"ListItem","position":2,"name":"M\u00e9s Benitatxell anima a que se ayude a los vecinos que no puedan ir a votar por las lluvias"}]},{"@type":"WebSite","@id":"https:\/\/radiolitoral.com\/#website","url":"https:\/\/radiolitoral.com\/","name":"R\u00e0dio Litoral","description":"La r\u00e0dio local de la Marina Alta","publisher":{"@id":"https:\/\/radiolitoral.com\/#organization"},"alternateName":"Litoral FM","potentialAction":[{"@type":"SearchAction","target":{"@type":"EntryPoint","urlTemplate":"https:\/\/radiolitoral.com\/?s={search_term_string}"},"query-input":{"@type":"PropertyValueSpecification","valueRequired":true,"valueName":"search_term_string"}}],"inLanguage":"ca"},{"@type":"Organization","@id":"https:\/\/radiolitoral.com\/#organization","name":"R\u00e0dio Litoral","url":"https:\/\/radiolitoral.com\/","logo":{"@type":"ImageObject","inLanguage":"ca","@id":"https:\/\/radiolitoral.com\/#\/schema\/logo\/image\/","url":"https:\/\/media.radiolitoral.com\/wp-content\/uploads\/2023\/02\/24143238\/CL-V-RadioLitoral696.png","contentUrl":"https:\/\/media.radiolitoral.com\/wp-content\/uploads\/2023\/02\/24143238\/CL-V-RadioLitoral696.png","width":696,"height":696,"caption":"Radio Litoral"},"image":{"@id":"https:\/\/radiolitoral.com\/#\/schema\/logo\/image\/"},"sameAs":["https:\/\/www.facebook.com\/Laradiolitoral\/"]},{"@type":"Person","@id":"https:\/\/radiolitoral.com\/#\/schema\/person\/aad4f72efa404f85b68e832d24cac059","name":"Mel Pescuezo","image":{"@type":"ImageObject","inLanguage":"ca","@id":"https:\/\/secure.gravatar.com\/avatar\/993975ae489c70cb0dd9bfa9413a082f0bd276582dac13661af7b33f161e7eea?s=96&d=mm&r=g","url":"https:\/\/secure.gravatar.com\/avatar\/993975ae489c70cb0dd9bfa9413a082f0bd276582dac13661af7b33f161e7eea?s=96&d=mm&r=g","contentUrl":"https:\/\/secure.gravatar.com\/avatar\/993975ae489c70cb0dd9bfa9413a082f0bd276582dac13661af7b33f161e7eea?s=96&d=mm&r=g","caption":"Mel Pescuezo"},"url":"https:\/\/radiolitoral.com\/ca\/author\/serviciospararadios\/"}]}},"_links":{"self":[{"href":"https:\/\/radiolitoral.com\/ca\/wp-json\/wp\/v2\/posts\/3457","targetHints":{"allow":["GET"]}}],"collection":[{"href":"https:\/\/radiolitoral.com\/ca\/wp-json\/wp\/v2\/posts"}],"about":[{"href":"https:\/\/radiolitoral.com\/ca\/wp-json\/wp\/v2\/types\/post"}],"author":[{"embeddable":true,"href":"https:\/\/radiolitoral.com\/ca\/wp-json\/wp\/v2\/users\/21"}],"replies":[{"embeddable":true,"href":"https:\/\/radiolitoral.com\/ca\/wp-json\/wp\/v2\/comments?post=3457"}],"version-history":[{"count":2,"href":"https:\/\/radiolitoral.com\/ca\/wp-json\/wp\/v2\/posts\/3457\/revisions"}],"predecessor-version":[{"id":3461,"href":"https:\/\/radiolitoral.com\/ca\/wp-json\/wp\/v2\/posts\/3457\/revisions\/3461"}],"wp:featuredmedia":[{"embeddable":true,"href":"https:\/\/radiolitoral.com\/ca\/wp-json\/wp\/v2\/media\/3458"}],"wp:attachment":[{"href":"https:\/\/radiolitoral.com\/ca\/wp-json\/wp\/v2\/media?parent=3457"}],"wp:term":[{"taxonomy":"category","embeddable":true,"href":"https:\/\/radiolitoral.com\/ca\/wp-json\/wp\/v2\/categories?post=3457"},{"taxonomy":"post_tag","embeddable":true,"href":"https:\/\/radiolitoral.com\/ca\/wp-json\/wp\/v2\/tags?post=3457"}],"curies":[{"name":"wp","href":"https:\/\/api.w.org\/{rel}","templated":true}]}}