{"id":3452,"date":"2023-05-26T20:23:31","date_gmt":"2023-05-26T18:23:31","guid":{"rendered":"https:\/\/radiolitoral.com\/?p=3452"},"modified":"2023-05-26T20:23:56","modified_gmt":"2023-05-26T18:23:56","slug":"el-director-general-de-turisme-de-la-generalitat-demana-el-vot-per-a-la-socialista-marina-renner","status":"publish","type":"post","link":"https:\/\/radiolitoral.com\/ca\/2023\/05\/el-director-general-de-turismo-de-la-generalitat-pide-el-voto-para-la-socialista-marina-renner\/","title":{"rendered":"El director general de Turisme de la Generalitat demana el vot per a la socialista Marina Renner"},"content":{"rendered":"<p>Ahir va ser a Benissa el director general de Turisme de la Generalitat Valenciana, Herick Campos, on es va reunir amb l&#039;alcaldable socialista Marina Renner, i va demanar el vot a favor d&#039;aquesta candidata. Campos va destacar el Fons de Municipis Tur\u00edstics que, del 2020 al 2023 ha transferit a Benissa 149 mil euros, i 2,6 milions d&#039;euros en el cas de la comarca de la Marina Alta.<\/p>\n<p>El Director General de Turisme tamb\u00e9 va destacar l&#039;estrat\u00e8gia de sostenibilitat tur\u00edstica a la destinaci\u00f3 que t\u00e9 una part de fons Next Generation. En el cas de Benissa, va detallar el representant de la Generalitat, el municipi compta amb un pla de sostenibilitat a la destinaci\u00f3 incorporada al de la Generalitat, amb una inversi\u00f3 de 2,4 milions d&#039;euros dirigits a la transici\u00f3 verda ia la millor efici\u00e8ncia energ\u00e8tica, a la transici\u00f3 digital ia la competitivitat.<\/p>\n<audio class=\"wp-audio-shortcode\" id=\"audio-3452-1\" preload=\"none\" style=\"width: 100%;\" controls=\"controls\"><source type=\"audio\/mpeg\" src=\"https:\/\/media.radiolitoral.com\/wp-content\/uploads\/2023\/05\/26201906\/Herick-Campos-1.mp3?_=1\" \/><a href=\"https:\/\/media.radiolitoral.com\/wp-content\/uploads\/2023\/05\/26201906\/Herick-Campos-1.mp3\">https:\/\/media.radiolitoral.com\/wp-content\/uploads\/2023\/05\/26201906\/Herick-Campos-1.mp3<\/a><\/audio>","protected":false},"excerpt":{"rendered":"<p>Ayer estuvo en Benissa el director general de Turismo de la Generalitat Valenciana, Herick Campos, donde se reuni\u00f3 con la alcaldable socialista Marina Renner, pidiendo el voto a favor de esta candidata. Campos destac\u00f3 el Fondo de Municipios Tur\u00edsticos que, de 2020 a 2023\u00a0ha transferido a Benissa 149\u00a0mil euros, y 2,6 millones de euros en [&#8230;]<\/p>\n<p><a class=\"btn btn-secondary understrap-read-more-link\" href=\"https:\/\/radiolitoral.com\/ca\/2023\/05\/el-director-general-de-turismo-de-la-generalitat-pide-el-voto-para-la-socialista-marina-renner\/\">Continua llegint&#8230;<span class=\"screen-reader-text\"> from El director general de Turismo de la Generalitat pide el voto para la socialista Marina Renner<\/span><\/a><\/p>\n","protected":false},"author":21,"featured_media":3454,"comment_status":"open","ping_status":"closed","sticky":false,"template":"","format":"standard","meta":{"_acf_changed":false,"inline_featured_image":false,"footnotes":""},"categories":[13],"tags":[],"class_list":["post-3452","post","type-post","status-publish","format-standard","has-post-thumbnail","hentry","category-politica","cobertura-benissa"],"acf":[],"yoast_head":"<!-- This site is optimized with the Yoast SEO plugin v27.5 - https:\/\/yoast.com\/product\/yoast-seo-wordpress\/ -->\n<title>El director general de Turismo de la Generalitat pide el voto para la socialista Marina Renner | R\u00e0dio Litoral<\/title>\n<meta name=\"description\" content=\"Herick Campos ha aprovechado su visita a Benissa para hablar de inversiones\" \/>\n<meta name=\"robots\" content=\"index, follow, max-snippet:-1, max-image-preview:large, max-video-preview:-1\" \/>\n<link rel=\"canonical\" href=\"https:\/\/radiolitoral.com\/ca\/2023\/05\/el-director-general-de-turisme-de-la-generalitat-demana-el-vot-per-a-la-socialista-marina-renner\/\" \/>\n<meta property=\"og:locale\" content=\"ca_ES\" \/>\n<meta property=\"og:type\" content=\"article\" \/>\n<meta property=\"og:title\" content=\"El director general de Turismo de la Generalitat pide el voto para la socialista Marina Renner | R\u00e0dio Litoral\" \/>\n<meta property=\"og:description\" content=\"Herick Campos ha aprovechado su visita a Benissa para hablar de inversiones\" \/>\n<meta property=\"og:url\" content=\"https:\/\/radiolitoral.com\/ca\/2023\/05\/el-director-general-de-turisme-de-la-generalitat-demana-el-vot-per-a-la-socialista-marina-renner\/\" \/>\n<meta property=\"og:site_name\" content=\"R\u00e0dio Litoral\" \/>\n<meta property=\"article:publisher\" content=\"https:\/\/www.facebook.com\/Laradiolitoral\/\" \/>\n<meta property=\"article:published_time\" content=\"2023-05-26T18:23:31+00:00\" \/>\n<meta property=\"article:modified_time\" content=\"2023-05-26T18:23:56+00:00\" \/>\n<meta property=\"og:image\" content=\"https:\/\/media.radiolitoral.com\/wp-content\/uploads\/2023\/05\/26202319\/Herick-Campos.jpg\" \/>\n\t<meta property=\"og:image:width\" content=\"461\" \/>\n\t<meta property=\"og:image:height\" content=\"525\" \/>\n\t<meta property=\"og:image:type\" content=\"image\/jpeg\" \/>\n<meta name=\"author\" content=\"Mel Pescuezo\" \/>\n<meta name=\"twitter:card\" content=\"summary_large_image\" \/>\n<meta name=\"twitter:label1\" content=\"Escrit per\" \/>\n\t<meta name=\"twitter:data1\" content=\"Mel Pescuezo\" \/>\n\t<meta name=\"twitter:label2\" content=\"Temps estimat de lectura\" \/>\n\t<meta name=\"twitter:data2\" content=\"1 minut\" \/>\n<script type=\"application\/ld+json\" class=\"yoast-schema-graph\">{\"@context\":\"https:\\\/\\\/schema.org\",\"@graph\":[{\"@type\":\"NewsArticle\",\"@id\":\"https:\\\/\\\/radiolitoral.com\\\/2023\\\/05\\\/el-director-general-de-turismo-de-la-generalitat-pide-el-voto-para-la-socialista-marina-renner\\\/#article\",\"isPartOf\":{\"@id\":\"https:\\\/\\\/radiolitoral.com\\\/2023\\\/05\\\/el-director-general-de-turismo-de-la-generalitat-pide-el-voto-para-la-socialista-marina-renner\\\/\"},\"author\":{\"name\":\"Mel Pescuezo\",\"@id\":\"https:\\\/\\\/radiolitoral.com\\\/#\\\/schema\\\/person\\\/aad4f72efa404f85b68e832d24cac059\"},\"headline\":\"El director general de Turismo de la Generalitat pide el voto para la socialista Marina Renner\",\"datePublished\":\"2023-05-26T18:23:31+00:00\",\"dateModified\":\"2023-05-26T18:23:56+00:00\",\"mainEntityOfPage\":{\"@id\":\"https:\\\/\\\/radiolitoral.com\\\/2023\\\/05\\\/el-director-general-de-turismo-de-la-generalitat-pide-el-voto-para-la-socialista-marina-renner\\\/\"},\"wordCount\":169,\"commentCount\":0,\"publisher\":{\"@id\":\"https:\\\/\\\/radiolitoral.com\\\/#organization\"},\"image\":{\"@id\":\"https:\\\/\\\/radiolitoral.com\\\/2023\\\/05\\\/el-director-general-de-turismo-de-la-generalitat-pide-el-voto-para-la-socialista-marina-renner\\\/#primaryimage\"},\"thumbnailUrl\":\"https:\\\/\\\/media.radiolitoral.com\\\/wp-content\\\/uploads\\\/2023\\\/05\\\/26202319\\\/Herick-Campos.jpg\",\"articleSection\":[\"Pol\u00edtica\"],\"inLanguage\":\"ca\",\"potentialAction\":[{\"@type\":\"CommentAction\",\"name\":\"Comment\",\"target\":[\"https:\\\/\\\/radiolitoral.com\\\/2023\\\/05\\\/el-director-general-de-turismo-de-la-generalitat-pide-el-voto-para-la-socialista-marina-renner\\\/#respond\"]}]},{\"@type\":[\"WebPage\",\"ItemPage\"],\"@id\":\"https:\\\/\\\/radiolitoral.com\\\/2023\\\/05\\\/el-director-general-de-turismo-de-la-generalitat-pide-el-voto-para-la-socialista-marina-renner\\\/\",\"url\":\"https:\\\/\\\/radiolitoral.com\\\/2023\\\/05\\\/el-director-general-de-turismo-de-la-generalitat-pide-el-voto-para-la-socialista-marina-renner\\\/\",\"name\":\"El director general de Turismo de la Generalitat pide el voto para la socialista Marina Renner | R\u00e0dio Litoral\",\"isPartOf\":{\"@id\":\"https:\\\/\\\/radiolitoral.com\\\/#website\"},\"primaryImageOfPage\":{\"@id\":\"https:\\\/\\\/radiolitoral.com\\\/2023\\\/05\\\/el-director-general-de-turismo-de-la-generalitat-pide-el-voto-para-la-socialista-marina-renner\\\/#primaryimage\"},\"image\":{\"@id\":\"https:\\\/\\\/radiolitoral.com\\\/2023\\\/05\\\/el-director-general-de-turismo-de-la-generalitat-pide-el-voto-para-la-socialista-marina-renner\\\/#primaryimage\"},\"thumbnailUrl\":\"https:\\\/\\\/media.radiolitoral.com\\\/wp-content\\\/uploads\\\/2023\\\/05\\\/26202319\\\/Herick-Campos.jpg\",\"datePublished\":\"2023-05-26T18:23:31+00:00\",\"dateModified\":\"2023-05-26T18:23:56+00:00\",\"description\":\"Herick Campos ha aprovechado su visita a Benissa para hablar de inversiones\",\"breadcrumb\":{\"@id\":\"https:\\\/\\\/radiolitoral.com\\\/2023\\\/05\\\/el-director-general-de-turismo-de-la-generalitat-pide-el-voto-para-la-socialista-marina-renner\\\/#breadcrumb\"},\"inLanguage\":\"ca\",\"potentialAction\":[{\"@type\":\"ReadAction\",\"target\":[\"https:\\\/\\\/radiolitoral.com\\\/2023\\\/05\\\/el-director-general-de-turismo-de-la-generalitat-pide-el-voto-para-la-socialista-marina-renner\\\/\"]}]},{\"@type\":\"ImageObject\",\"inLanguage\":\"ca\",\"@id\":\"https:\\\/\\\/radiolitoral.com\\\/2023\\\/05\\\/el-director-general-de-turismo-de-la-generalitat-pide-el-voto-para-la-socialista-marina-renner\\\/#primaryimage\",\"url\":\"https:\\\/\\\/media.radiolitoral.com\\\/wp-content\\\/uploads\\\/2023\\\/05\\\/26202319\\\/Herick-Campos.jpg\",\"contentUrl\":\"https:\\\/\\\/media.radiolitoral.com\\\/wp-content\\\/uploads\\\/2023\\\/05\\\/26202319\\\/Herick-Campos.jpg\",\"width\":461,\"height\":525},{\"@type\":\"BreadcrumbList\",\"@id\":\"https:\\\/\\\/radiolitoral.com\\\/2023\\\/05\\\/el-director-general-de-turismo-de-la-generalitat-pide-el-voto-para-la-socialista-marina-renner\\\/#breadcrumb\",\"itemListElement\":[{\"@type\":\"ListItem\",\"position\":1,\"name\":\"Portada\",\"item\":\"https:\\\/\\\/radiolitoral.com\\\/\"},{\"@type\":\"ListItem\",\"position\":2,\"name\":\"El director general de Turismo de la Generalitat pide el voto para la socialista Marina Renner\"}]},{\"@type\":\"WebSite\",\"@id\":\"https:\\\/\\\/radiolitoral.com\\\/#website\",\"url\":\"https:\\\/\\\/radiolitoral.com\\\/\",\"name\":\"Radio Litoral\",\"description\":\"La radio local de la Marina Alta\",\"publisher\":{\"@id\":\"https:\\\/\\\/radiolitoral.com\\\/#organization\"},\"alternateName\":\"Litoral FM\",\"potentialAction\":[{\"@type\":\"SearchAction\",\"target\":{\"@type\":\"EntryPoint\",\"urlTemplate\":\"https:\\\/\\\/radiolitoral.com\\\/?s={search_term_string}\"},\"query-input\":{\"@type\":\"PropertyValueSpecification\",\"valueRequired\":true,\"valueName\":\"search_term_string\"}}],\"inLanguage\":\"ca\"},{\"@type\":\"Organization\",\"@id\":\"https:\\\/\\\/radiolitoral.com\\\/#organization\",\"name\":\"Radio Litoral\",\"url\":\"https:\\\/\\\/radiolitoral.com\\\/\",\"logo\":{\"@type\":\"ImageObject\",\"inLanguage\":\"ca\",\"@id\":\"https:\\\/\\\/radiolitoral.com\\\/#\\\/schema\\\/logo\\\/image\\\/\",\"url\":\"https:\\\/\\\/media.radiolitoral.com\\\/wp-content\\\/uploads\\\/2023\\\/02\\\/24143238\\\/CL-V-RadioLitoral696.png\",\"contentUrl\":\"https:\\\/\\\/media.radiolitoral.com\\\/wp-content\\\/uploads\\\/2023\\\/02\\\/24143238\\\/CL-V-RadioLitoral696.png\",\"width\":696,\"height\":696,\"caption\":\"Radio Litoral\"},\"image\":{\"@id\":\"https:\\\/\\\/radiolitoral.com\\\/#\\\/schema\\\/logo\\\/image\\\/\"},\"sameAs\":[\"https:\\\/\\\/www.facebook.com\\\/Laradiolitoral\\\/\"]},{\"@type\":\"Person\",\"@id\":\"https:\\\/\\\/radiolitoral.com\\\/#\\\/schema\\\/person\\\/aad4f72efa404f85b68e832d24cac059\",\"name\":\"Mel Pescuezo\",\"image\":{\"@type\":\"ImageObject\",\"inLanguage\":\"ca\",\"@id\":\"https:\\\/\\\/secure.gravatar.com\\\/avatar\\\/993975ae489c70cb0dd9bfa9413a082f0bd276582dac13661af7b33f161e7eea?s=96&d=mm&r=g\",\"url\":\"https:\\\/\\\/secure.gravatar.com\\\/avatar\\\/993975ae489c70cb0dd9bfa9413a082f0bd276582dac13661af7b33f161e7eea?s=96&d=mm&r=g\",\"contentUrl\":\"https:\\\/\\\/secure.gravatar.com\\\/avatar\\\/993975ae489c70cb0dd9bfa9413a082f0bd276582dac13661af7b33f161e7eea?s=96&d=mm&r=g\",\"caption\":\"Mel Pescuezo\"},\"url\":\"https:\\\/\\\/radiolitoral.com\\\/ca\\\/author\\\/serviciospararadios\\\/\"}]}<\/script>\n<!-- \/ Yoast SEO plugin. -->","yoast_head_json":{"title":"El director general de Turisme de la Generalitat demana el vot per a la socialista Marina Renner | R\u00e0dio Litoral","description":"Herick Campos ha aprofitat la visita a Benissa per parlar d&#039;inversions","robots":{"index":"index","follow":"follow","max-snippet":"max-snippet:-1","max-image-preview":"max-image-preview:large","max-video-preview":"max-video-preview:-1"},"canonical":"https:\/\/radiolitoral.com\/ca\/2023\/05\/el-director-general-de-turisme-de-la-generalitat-demana-el-vot-per-a-la-socialista-marina-renner\/","og_locale":"ca_ES","og_type":"article","og_title":"El director general de Turismo de la Generalitat pide el voto para la socialista Marina Renner | R\u00e0dio Litoral","og_description":"Herick Campos ha aprovechado su visita a Benissa para hablar de inversiones","og_url":"https:\/\/radiolitoral.com\/ca\/2023\/05\/el-director-general-de-turisme-de-la-generalitat-demana-el-vot-per-a-la-socialista-marina-renner\/","og_site_name":"R\u00e0dio Litoral","article_publisher":"https:\/\/www.facebook.com\/Laradiolitoral\/","article_published_time":"2023-05-26T18:23:31+00:00","article_modified_time":"2023-05-26T18:23:56+00:00","og_image":[{"width":461,"height":525,"url":"https:\/\/media.radiolitoral.com\/wp-content\/uploads\/2023\/05\/26202319\/Herick-Campos.jpg","type":"image\/jpeg"}],"author":"Mel Pescuezo","twitter_card":"summary_large_image","twitter_misc":{"Escrit per":"Mel Pescuezo","Temps estimat de lectura":"1 minut"},"schema":{"@context":"https:\/\/schema.org","@graph":[{"@type":"NewsArticle","@id":"https:\/\/radiolitoral.com\/2023\/05\/el-director-general-de-turismo-de-la-generalitat-pide-el-voto-para-la-socialista-marina-renner\/#article","isPartOf":{"@id":"https:\/\/radiolitoral.com\/2023\/05\/el-director-general-de-turismo-de-la-generalitat-pide-el-voto-para-la-socialista-marina-renner\/"},"author":{"name":"Mel Pescuezo","@id":"https:\/\/radiolitoral.com\/#\/schema\/person\/aad4f72efa404f85b68e832d24cac059"},"headline":"El director general de Turismo de la Generalitat pide el voto para la socialista Marina Renner","datePublished":"2023-05-26T18:23:31+00:00","dateModified":"2023-05-26T18:23:56+00:00","mainEntityOfPage":{"@id":"https:\/\/radiolitoral.com\/2023\/05\/el-director-general-de-turismo-de-la-generalitat-pide-el-voto-para-la-socialista-marina-renner\/"},"wordCount":169,"commentCount":0,"publisher":{"@id":"https:\/\/radiolitoral.com\/#organization"},"image":{"@id":"https:\/\/radiolitoral.com\/2023\/05\/el-director-general-de-turismo-de-la-generalitat-pide-el-voto-para-la-socialista-marina-renner\/#primaryimage"},"thumbnailUrl":"https:\/\/media.radiolitoral.com\/wp-content\/uploads\/2023\/05\/26202319\/Herick-Campos.jpg","articleSection":["Pol\u00edtica"],"inLanguage":"ca","potentialAction":[{"@type":"CommentAction","name":"Comment","target":["https:\/\/radiolitoral.com\/2023\/05\/el-director-general-de-turismo-de-la-generalitat-pide-el-voto-para-la-socialista-marina-renner\/#respond"]}]},{"@type":["WebPage","ItemPage"],"@id":"https:\/\/radiolitoral.com\/2023\/05\/el-director-general-de-turismo-de-la-generalitat-pide-el-voto-para-la-socialista-marina-renner\/","url":"https:\/\/radiolitoral.com\/2023\/05\/el-director-general-de-turismo-de-la-generalitat-pide-el-voto-para-la-socialista-marina-renner\/","name":"El director general de Turisme de la Generalitat demana el vot per a la socialista Marina Renner | R\u00e0dio Litoral","isPartOf":{"@id":"https:\/\/radiolitoral.com\/#website"},"primaryImageOfPage":{"@id":"https:\/\/radiolitoral.com\/2023\/05\/el-director-general-de-turismo-de-la-generalitat-pide-el-voto-para-la-socialista-marina-renner\/#primaryimage"},"image":{"@id":"https:\/\/radiolitoral.com\/2023\/05\/el-director-general-de-turismo-de-la-generalitat-pide-el-voto-para-la-socialista-marina-renner\/#primaryimage"},"thumbnailUrl":"https:\/\/media.radiolitoral.com\/wp-content\/uploads\/2023\/05\/26202319\/Herick-Campos.jpg","datePublished":"2023-05-26T18:23:31+00:00","dateModified":"2023-05-26T18:23:56+00:00","description":"Herick Campos ha aprofitat la visita a Benissa per parlar d&#039;inversions","breadcrumb":{"@id":"https:\/\/radiolitoral.com\/2023\/05\/el-director-general-de-turismo-de-la-generalitat-pide-el-voto-para-la-socialista-marina-renner\/#breadcrumb"},"inLanguage":"ca","potentialAction":[{"@type":"ReadAction","target":["https:\/\/radiolitoral.com\/2023\/05\/el-director-general-de-turismo-de-la-generalitat-pide-el-voto-para-la-socialista-marina-renner\/"]}]},{"@type":"ImageObject","inLanguage":"ca","@id":"https:\/\/radiolitoral.com\/2023\/05\/el-director-general-de-turismo-de-la-generalitat-pide-el-voto-para-la-socialista-marina-renner\/#primaryimage","url":"https:\/\/media.radiolitoral.com\/wp-content\/uploads\/2023\/05\/26202319\/Herick-Campos.jpg","contentUrl":"https:\/\/media.radiolitoral.com\/wp-content\/uploads\/2023\/05\/26202319\/Herick-Campos.jpg","width":461,"height":525},{"@type":"BreadcrumbList","@id":"https:\/\/radiolitoral.com\/2023\/05\/el-director-general-de-turismo-de-la-generalitat-pide-el-voto-para-la-socialista-marina-renner\/#breadcrumb","itemListElement":[{"@type":"ListItem","position":1,"name":"Portada","item":"https:\/\/radiolitoral.com\/"},{"@type":"ListItem","position":2,"name":"El director general de Turismo de la Generalitat pide el voto para la socialista Marina Renner"}]},{"@type":"WebSite","@id":"https:\/\/radiolitoral.com\/#website","url":"https:\/\/radiolitoral.com\/","name":"R\u00e0dio Litoral","description":"La r\u00e0dio local de la Marina Alta","publisher":{"@id":"https:\/\/radiolitoral.com\/#organization"},"alternateName":"Litoral FM","potentialAction":[{"@type":"SearchAction","target":{"@type":"EntryPoint","urlTemplate":"https:\/\/radiolitoral.com\/?s={search_term_string}"},"query-input":{"@type":"PropertyValueSpecification","valueRequired":true,"valueName":"search_term_string"}}],"inLanguage":"ca"},{"@type":"Organization","@id":"https:\/\/radiolitoral.com\/#organization","name":"R\u00e0dio Litoral","url":"https:\/\/radiolitoral.com\/","logo":{"@type":"ImageObject","inLanguage":"ca","@id":"https:\/\/radiolitoral.com\/#\/schema\/logo\/image\/","url":"https:\/\/media.radiolitoral.com\/wp-content\/uploads\/2023\/02\/24143238\/CL-V-RadioLitoral696.png","contentUrl":"https:\/\/media.radiolitoral.com\/wp-content\/uploads\/2023\/02\/24143238\/CL-V-RadioLitoral696.png","width":696,"height":696,"caption":"Radio Litoral"},"image":{"@id":"https:\/\/radiolitoral.com\/#\/schema\/logo\/image\/"},"sameAs":["https:\/\/www.facebook.com\/Laradiolitoral\/"]},{"@type":"Person","@id":"https:\/\/radiolitoral.com\/#\/schema\/person\/aad4f72efa404f85b68e832d24cac059","name":"Mel Pescuezo","image":{"@type":"ImageObject","inLanguage":"ca","@id":"https:\/\/secure.gravatar.com\/avatar\/993975ae489c70cb0dd9bfa9413a082f0bd276582dac13661af7b33f161e7eea?s=96&d=mm&r=g","url":"https:\/\/secure.gravatar.com\/avatar\/993975ae489c70cb0dd9bfa9413a082f0bd276582dac13661af7b33f161e7eea?s=96&d=mm&r=g","contentUrl":"https:\/\/secure.gravatar.com\/avatar\/993975ae489c70cb0dd9bfa9413a082f0bd276582dac13661af7b33f161e7eea?s=96&d=mm&r=g","caption":"Mel Pescuezo"},"url":"https:\/\/radiolitoral.com\/ca\/author\/serviciospararadios\/"}]}},"_links":{"self":[{"href":"https:\/\/radiolitoral.com\/ca\/wp-json\/wp\/v2\/posts\/3452","targetHints":{"allow":["GET"]}}],"collection":[{"href":"https:\/\/radiolitoral.com\/ca\/wp-json\/wp\/v2\/posts"}],"about":[{"href":"https:\/\/radiolitoral.com\/ca\/wp-json\/wp\/v2\/types\/post"}],"author":[{"embeddable":true,"href":"https:\/\/radiolitoral.com\/ca\/wp-json\/wp\/v2\/users\/21"}],"replies":[{"embeddable":true,"href":"https:\/\/radiolitoral.com\/ca\/wp-json\/wp\/v2\/comments?post=3452"}],"version-history":[{"count":1,"href":"https:\/\/radiolitoral.com\/ca\/wp-json\/wp\/v2\/posts\/3452\/revisions"}],"predecessor-version":[{"id":3455,"href":"https:\/\/radiolitoral.com\/ca\/wp-json\/wp\/v2\/posts\/3452\/revisions\/3455"}],"wp:featuredmedia":[{"embeddable":true,"href":"https:\/\/radiolitoral.com\/ca\/wp-json\/wp\/v2\/media\/3454"}],"wp:attachment":[{"href":"https:\/\/radiolitoral.com\/ca\/wp-json\/wp\/v2\/media?parent=3452"}],"wp:term":[{"taxonomy":"category","embeddable":true,"href":"https:\/\/radiolitoral.com\/ca\/wp-json\/wp\/v2\/categories?post=3452"},{"taxonomy":"post_tag","embeddable":true,"href":"https:\/\/radiolitoral.com\/ca\/wp-json\/wp\/v2\/tags?post=3452"}],"curies":[{"name":"wp","href":"https:\/\/api.w.org\/{rel}","templated":true}]}}