{"id":3433,"date":"2023-05-26T19:35:59","date_gmt":"2023-05-26T17:35:59","guid":{"rendered":"https:\/\/radiolitoral.com\/?p=3433"},"modified":"2023-05-26T19:36:26","modified_gmt":"2023-05-26T17:36:26","slug":"teulada-moraira-aquesta-al-top-100-de-les-destinacions-espanyoles-mes-turistiques","status":"publish","type":"post","link":"https:\/\/radiolitoral.com\/ca\/2023\/05\/teulada-moraira-esta-en-el-top-100-de-los-destinos-espanoles-mas-turisticos\/","title":{"rendered":"Teulada Moraira \u00e9s al top 100 de les destinacions espanyoles m\u00e9s tur\u00edstiques"},"content":{"rendered":"<p>Teulada Moraira es troba al Top 100 de les destinacions m\u00e9s tur\u00edstiques d&#039;Espanya. Fonts municipals assenyalen que el primer &#039;Atles municipal de la contribuci\u00f3 social del turisme a Espanya&#039;, donat a con\u00e8ixer aquesta setmana per l&#039;Alian\u00e7a per a l&#039;Excel\u00b7l\u00e8ncia Tur\u00edstica (Exceltur), posiciona el municipi entre les 100 destinacions m\u00e9s tur\u00edstiques a nivell nacional. La regidora de Turisme de la localitat, Susanne Katzgrau, ha destacat el paper important del sector tur\u00edstic, essencial per a l&#039;economia local i representatiu a gran escala.<\/p>","protected":false},"excerpt":{"rendered":"<p>Teulada Moraira se encuentra en el Top 100 de los destinos m\u00e1s tur\u00edsticos de Espa\u00f1a. Fuentes municipales se\u00f1alan que el primer &#8216;Atlas municipal de la contribuci\u00f3n social del turismo en Espa\u00f1a&#8217;, dado a conocer esta semana por la Alianza para la Excelencia Tur\u00edstica (Exceltur), posiciona al municipio entre los 100 destinos m\u00e1s tur\u00edsticos a nivel [&#8230;]<\/p>\n<p><a class=\"btn btn-secondary understrap-read-more-link\" href=\"https:\/\/radiolitoral.com\/ca\/2023\/05\/teulada-moraira-esta-en-el-top-100-de-los-destinos-espanoles-mas-turisticos\/\">Continua llegint&#8230;<span class=\"screen-reader-text\"> from Teulada Moraira est\u00e1 en el top 100 de los destinos espa\u00f1oles m\u00e1s tur\u00edsticos<\/span><\/a><\/p>\n","protected":false},"author":21,"featured_media":3434,"comment_status":"open","ping_status":"closed","sticky":false,"template":"","format":"standard","meta":{"_acf_changed":false,"inline_featured_image":false,"footnotes":""},"categories":[144],"tags":[704,146,703],"class_list":["post-3433","post","type-post","status-publish","format-standard","has-post-thumbnail","hentry","category-turismo","tag-mejores-destinos","tag-teulada","tag-top-100-turismo","cobertura-teulada-moraira"],"acf":[],"yoast_head":"<!-- This site is optimized with the Yoast SEO plugin v27.5 - https:\/\/yoast.com\/product\/yoast-seo-wordpress\/ -->\n<title>Teulada Moraira est\u00e1 en el top 100 de los destinos espa\u00f1oles m\u00e1s tur\u00edsticos | R\u00e0dio Litoral<\/title>\n<meta name=\"description\" content=\"El sector tur\u00edstico es esencial en la localidad El sector tur\u00edstico es esencial en la localidad\" \/>\n<meta name=\"robots\" content=\"index, follow, max-snippet:-1, max-image-preview:large, max-video-preview:-1\" \/>\n<link rel=\"canonical\" href=\"https:\/\/radiolitoral.com\/ca\/2023\/05\/teulada-moraira-aquesta-al-top-100-de-les-destinacions-espanyoles-mes-turistiques\/\" \/>\n<meta property=\"og:locale\" content=\"ca_ES\" \/>\n<meta property=\"og:type\" content=\"article\" \/>\n<meta property=\"og:title\" content=\"Teulada Moraira est\u00e1 en el top 100 de los destinos espa\u00f1oles m\u00e1s tur\u00edsticos | R\u00e0dio Litoral\" \/>\n<meta property=\"og:description\" content=\"El sector tur\u00edstico es esencial en la localidad El sector tur\u00edstico es esencial en la localidad\" \/>\n<meta property=\"og:url\" content=\"https:\/\/radiolitoral.com\/ca\/2023\/05\/teulada-moraira-aquesta-al-top-100-de-les-destinacions-espanyoles-mes-turistiques\/\" \/>\n<meta property=\"og:site_name\" content=\"R\u00e0dio Litoral\" \/>\n<meta property=\"article:publisher\" content=\"https:\/\/www.facebook.com\/Laradiolitoral\/\" \/>\n<meta property=\"article:published_time\" content=\"2023-05-26T17:35:59+00:00\" \/>\n<meta property=\"article:modified_time\" content=\"2023-05-26T17:36:26+00:00\" \/>\n<meta property=\"og:image\" content=\"https:\/\/media.radiolitoral.com\/wp-content\/uploads\/2023\/05\/26192336\/347226992_664563022176077_3855425068274080466_n-735x490-1.jpg\" \/>\n\t<meta property=\"og:image:width\" content=\"735\" \/>\n\t<meta property=\"og:image:height\" content=\"490\" \/>\n\t<meta property=\"og:image:type\" content=\"image\/jpeg\" \/>\n<meta name=\"author\" content=\"Mel Pescuezo\" \/>\n<meta name=\"twitter:card\" content=\"summary_large_image\" \/>\n<meta name=\"twitter:label1\" content=\"Escrit per\" \/>\n\t<meta name=\"twitter:data1\" content=\"Mel Pescuezo\" \/>\n\t<meta name=\"twitter:label2\" content=\"Temps estimat de lectura\" \/>\n\t<meta name=\"twitter:data2\" content=\"1 minut\" \/>\n<script type=\"application\/ld+json\" class=\"yoast-schema-graph\">{\"@context\":\"https:\\\/\\\/schema.org\",\"@graph\":[{\"@type\":\"NewsArticle\",\"@id\":\"https:\\\/\\\/radiolitoral.com\\\/2023\\\/05\\\/teulada-moraira-esta-en-el-top-100-de-los-destinos-espanoles-mas-turisticos\\\/#article\",\"isPartOf\":{\"@id\":\"https:\\\/\\\/radiolitoral.com\\\/2023\\\/05\\\/teulada-moraira-esta-en-el-top-100-de-los-destinos-espanoles-mas-turisticos\\\/\"},\"author\":{\"name\":\"Mel Pescuezo\",\"@id\":\"https:\\\/\\\/radiolitoral.com\\\/#\\\/schema\\\/person\\\/aad4f72efa404f85b68e832d24cac059\"},\"headline\":\"Teulada Moraira est\u00e1 en el top 100 de los destinos espa\u00f1oles m\u00e1s tur\u00edsticos\",\"datePublished\":\"2023-05-26T17:35:59+00:00\",\"dateModified\":\"2023-05-26T17:36:26+00:00\",\"mainEntityOfPage\":{\"@id\":\"https:\\\/\\\/radiolitoral.com\\\/2023\\\/05\\\/teulada-moraira-esta-en-el-top-100-de-los-destinos-espanoles-mas-turisticos\\\/\"},\"wordCount\":107,\"commentCount\":0,\"publisher\":{\"@id\":\"https:\\\/\\\/radiolitoral.com\\\/#organization\"},\"image\":{\"@id\":\"https:\\\/\\\/radiolitoral.com\\\/2023\\\/05\\\/teulada-moraira-esta-en-el-top-100-de-los-destinos-espanoles-mas-turisticos\\\/#primaryimage\"},\"thumbnailUrl\":\"https:\\\/\\\/media.radiolitoral.com\\\/wp-content\\\/uploads\\\/2023\\\/05\\\/26192336\\\/347226992_664563022176077_3855425068274080466_n-735x490-1.jpg\",\"keywords\":[\"mejores destinos\",\"Teulada\",\"top 100 turismo\"],\"articleSection\":[\"Turismo\"],\"inLanguage\":\"ca\",\"potentialAction\":[{\"@type\":\"CommentAction\",\"name\":\"Comment\",\"target\":[\"https:\\\/\\\/radiolitoral.com\\\/2023\\\/05\\\/teulada-moraira-esta-en-el-top-100-de-los-destinos-espanoles-mas-turisticos\\\/#respond\"]}]},{\"@type\":[\"WebPage\",\"ItemPage\"],\"@id\":\"https:\\\/\\\/radiolitoral.com\\\/2023\\\/05\\\/teulada-moraira-esta-en-el-top-100-de-los-destinos-espanoles-mas-turisticos\\\/\",\"url\":\"https:\\\/\\\/radiolitoral.com\\\/2023\\\/05\\\/teulada-moraira-esta-en-el-top-100-de-los-destinos-espanoles-mas-turisticos\\\/\",\"name\":\"Teulada Moraira est\u00e1 en el top 100 de los destinos espa\u00f1oles m\u00e1s tur\u00edsticos | R\u00e0dio Litoral\",\"isPartOf\":{\"@id\":\"https:\\\/\\\/radiolitoral.com\\\/#website\"},\"primaryImageOfPage\":{\"@id\":\"https:\\\/\\\/radiolitoral.com\\\/2023\\\/05\\\/teulada-moraira-esta-en-el-top-100-de-los-destinos-espanoles-mas-turisticos\\\/#primaryimage\"},\"image\":{\"@id\":\"https:\\\/\\\/radiolitoral.com\\\/2023\\\/05\\\/teulada-moraira-esta-en-el-top-100-de-los-destinos-espanoles-mas-turisticos\\\/#primaryimage\"},\"thumbnailUrl\":\"https:\\\/\\\/media.radiolitoral.com\\\/wp-content\\\/uploads\\\/2023\\\/05\\\/26192336\\\/347226992_664563022176077_3855425068274080466_n-735x490-1.jpg\",\"datePublished\":\"2023-05-26T17:35:59+00:00\",\"dateModified\":\"2023-05-26T17:36:26+00:00\",\"description\":\"El sector tur\u00edstico es esencial en la localidad El sector tur\u00edstico es esencial en la localidad\",\"breadcrumb\":{\"@id\":\"https:\\\/\\\/radiolitoral.com\\\/2023\\\/05\\\/teulada-moraira-esta-en-el-top-100-de-los-destinos-espanoles-mas-turisticos\\\/#breadcrumb\"},\"inLanguage\":\"ca\",\"potentialAction\":[{\"@type\":\"ReadAction\",\"target\":[\"https:\\\/\\\/radiolitoral.com\\\/2023\\\/05\\\/teulada-moraira-esta-en-el-top-100-de-los-destinos-espanoles-mas-turisticos\\\/\"]}]},{\"@type\":\"ImageObject\",\"inLanguage\":\"ca\",\"@id\":\"https:\\\/\\\/radiolitoral.com\\\/2023\\\/05\\\/teulada-moraira-esta-en-el-top-100-de-los-destinos-espanoles-mas-turisticos\\\/#primaryimage\",\"url\":\"https:\\\/\\\/media.radiolitoral.com\\\/wp-content\\\/uploads\\\/2023\\\/05\\\/26192336\\\/347226992_664563022176077_3855425068274080466_n-735x490-1.jpg\",\"contentUrl\":\"https:\\\/\\\/media.radiolitoral.com\\\/wp-content\\\/uploads\\\/2023\\\/05\\\/26192336\\\/347226992_664563022176077_3855425068274080466_n-735x490-1.jpg\",\"width\":735,\"height\":490},{\"@type\":\"BreadcrumbList\",\"@id\":\"https:\\\/\\\/radiolitoral.com\\\/2023\\\/05\\\/teulada-moraira-esta-en-el-top-100-de-los-destinos-espanoles-mas-turisticos\\\/#breadcrumb\",\"itemListElement\":[{\"@type\":\"ListItem\",\"position\":1,\"name\":\"Portada\",\"item\":\"https:\\\/\\\/radiolitoral.com\\\/\"},{\"@type\":\"ListItem\",\"position\":2,\"name\":\"Teulada Moraira est\u00e1 en el top 100 de los destinos espa\u00f1oles m\u00e1s tur\u00edsticos\"}]},{\"@type\":\"WebSite\",\"@id\":\"https:\\\/\\\/radiolitoral.com\\\/#website\",\"url\":\"https:\\\/\\\/radiolitoral.com\\\/\",\"name\":\"Radio Litoral\",\"description\":\"La radio local de la Marina Alta\",\"publisher\":{\"@id\":\"https:\\\/\\\/radiolitoral.com\\\/#organization\"},\"alternateName\":\"Litoral FM\",\"potentialAction\":[{\"@type\":\"SearchAction\",\"target\":{\"@type\":\"EntryPoint\",\"urlTemplate\":\"https:\\\/\\\/radiolitoral.com\\\/?s={search_term_string}\"},\"query-input\":{\"@type\":\"PropertyValueSpecification\",\"valueRequired\":true,\"valueName\":\"search_term_string\"}}],\"inLanguage\":\"ca\"},{\"@type\":\"Organization\",\"@id\":\"https:\\\/\\\/radiolitoral.com\\\/#organization\",\"name\":\"Radio Litoral\",\"url\":\"https:\\\/\\\/radiolitoral.com\\\/\",\"logo\":{\"@type\":\"ImageObject\",\"inLanguage\":\"ca\",\"@id\":\"https:\\\/\\\/radiolitoral.com\\\/#\\\/schema\\\/logo\\\/image\\\/\",\"url\":\"https:\\\/\\\/media.radiolitoral.com\\\/wp-content\\\/uploads\\\/2023\\\/02\\\/24143238\\\/CL-V-RadioLitoral696.png\",\"contentUrl\":\"https:\\\/\\\/media.radiolitoral.com\\\/wp-content\\\/uploads\\\/2023\\\/02\\\/24143238\\\/CL-V-RadioLitoral696.png\",\"width\":696,\"height\":696,\"caption\":\"Radio Litoral\"},\"image\":{\"@id\":\"https:\\\/\\\/radiolitoral.com\\\/#\\\/schema\\\/logo\\\/image\\\/\"},\"sameAs\":[\"https:\\\/\\\/www.facebook.com\\\/Laradiolitoral\\\/\"]},{\"@type\":\"Person\",\"@id\":\"https:\\\/\\\/radiolitoral.com\\\/#\\\/schema\\\/person\\\/aad4f72efa404f85b68e832d24cac059\",\"name\":\"Mel Pescuezo\",\"image\":{\"@type\":\"ImageObject\",\"inLanguage\":\"ca\",\"@id\":\"https:\\\/\\\/secure.gravatar.com\\\/avatar\\\/993975ae489c70cb0dd9bfa9413a082f0bd276582dac13661af7b33f161e7eea?s=96&d=mm&r=g\",\"url\":\"https:\\\/\\\/secure.gravatar.com\\\/avatar\\\/993975ae489c70cb0dd9bfa9413a082f0bd276582dac13661af7b33f161e7eea?s=96&d=mm&r=g\",\"contentUrl\":\"https:\\\/\\\/secure.gravatar.com\\\/avatar\\\/993975ae489c70cb0dd9bfa9413a082f0bd276582dac13661af7b33f161e7eea?s=96&d=mm&r=g\",\"caption\":\"Mel Pescuezo\"},\"url\":\"https:\\\/\\\/radiolitoral.com\\\/ca\\\/author\\\/serviciospararadios\\\/\"}]}<\/script>\n<!-- \/ Yoast SEO plugin. -->","yoast_head_json":{"title":"Teulada Moraira \u00e9s al top 100 de les destinacions espanyoles m\u00e9s tur\u00edstiques | R\u00e0dio Litoral","description":"El sector tur\u00edstic \u00e9s essencial a la localitat El sector tur\u00edstic \u00e9s essencial a la localitat","robots":{"index":"index","follow":"follow","max-snippet":"max-snippet:-1","max-image-preview":"max-image-preview:large","max-video-preview":"max-video-preview:-1"},"canonical":"https:\/\/radiolitoral.com\/ca\/2023\/05\/teulada-moraira-aquesta-al-top-100-de-les-destinacions-espanyoles-mes-turistiques\/","og_locale":"ca_ES","og_type":"article","og_title":"Teulada Moraira est\u00e1 en el top 100 de los destinos espa\u00f1oles m\u00e1s tur\u00edsticos | R\u00e0dio Litoral","og_description":"El sector tur\u00edstico es esencial en la localidad El sector tur\u00edstico es esencial en la localidad","og_url":"https:\/\/radiolitoral.com\/ca\/2023\/05\/teulada-moraira-aquesta-al-top-100-de-les-destinacions-espanyoles-mes-turistiques\/","og_site_name":"R\u00e0dio Litoral","article_publisher":"https:\/\/www.facebook.com\/Laradiolitoral\/","article_published_time":"2023-05-26T17:35:59+00:00","article_modified_time":"2023-05-26T17:36:26+00:00","og_image":[{"width":735,"height":490,"url":"https:\/\/media.radiolitoral.com\/wp-content\/uploads\/2023\/05\/26192336\/347226992_664563022176077_3855425068274080466_n-735x490-1.jpg","type":"image\/jpeg"}],"author":"Mel Pescuezo","twitter_card":"summary_large_image","twitter_misc":{"Escrit per":"Mel Pescuezo","Temps estimat de lectura":"1 minut"},"schema":{"@context":"https:\/\/schema.org","@graph":[{"@type":"NewsArticle","@id":"https:\/\/radiolitoral.com\/2023\/05\/teulada-moraira-esta-en-el-top-100-de-los-destinos-espanoles-mas-turisticos\/#article","isPartOf":{"@id":"https:\/\/radiolitoral.com\/2023\/05\/teulada-moraira-esta-en-el-top-100-de-los-destinos-espanoles-mas-turisticos\/"},"author":{"name":"Mel Pescuezo","@id":"https:\/\/radiolitoral.com\/#\/schema\/person\/aad4f72efa404f85b68e832d24cac059"},"headline":"Teulada Moraira est\u00e1 en el top 100 de los destinos espa\u00f1oles m\u00e1s tur\u00edsticos","datePublished":"2023-05-26T17:35:59+00:00","dateModified":"2023-05-26T17:36:26+00:00","mainEntityOfPage":{"@id":"https:\/\/radiolitoral.com\/2023\/05\/teulada-moraira-esta-en-el-top-100-de-los-destinos-espanoles-mas-turisticos\/"},"wordCount":107,"commentCount":0,"publisher":{"@id":"https:\/\/radiolitoral.com\/#organization"},"image":{"@id":"https:\/\/radiolitoral.com\/2023\/05\/teulada-moraira-esta-en-el-top-100-de-los-destinos-espanoles-mas-turisticos\/#primaryimage"},"thumbnailUrl":"https:\/\/media.radiolitoral.com\/wp-content\/uploads\/2023\/05\/26192336\/347226992_664563022176077_3855425068274080466_n-735x490-1.jpg","keywords":["mejores destinos","Teulada","top 100 turismo"],"articleSection":["Turismo"],"inLanguage":"ca","potentialAction":[{"@type":"CommentAction","name":"Comment","target":["https:\/\/radiolitoral.com\/2023\/05\/teulada-moraira-esta-en-el-top-100-de-los-destinos-espanoles-mas-turisticos\/#respond"]}]},{"@type":["WebPage","ItemPage"],"@id":"https:\/\/radiolitoral.com\/2023\/05\/teulada-moraira-esta-en-el-top-100-de-los-destinos-espanoles-mas-turisticos\/","url":"https:\/\/radiolitoral.com\/2023\/05\/teulada-moraira-esta-en-el-top-100-de-los-destinos-espanoles-mas-turisticos\/","name":"Teulada Moraira \u00e9s al top 100 de les destinacions espanyoles m\u00e9s tur\u00edstiques | R\u00e0dio Litoral","isPartOf":{"@id":"https:\/\/radiolitoral.com\/#website"},"primaryImageOfPage":{"@id":"https:\/\/radiolitoral.com\/2023\/05\/teulada-moraira-esta-en-el-top-100-de-los-destinos-espanoles-mas-turisticos\/#primaryimage"},"image":{"@id":"https:\/\/radiolitoral.com\/2023\/05\/teulada-moraira-esta-en-el-top-100-de-los-destinos-espanoles-mas-turisticos\/#primaryimage"},"thumbnailUrl":"https:\/\/media.radiolitoral.com\/wp-content\/uploads\/2023\/05\/26192336\/347226992_664563022176077_3855425068274080466_n-735x490-1.jpg","datePublished":"2023-05-26T17:35:59+00:00","dateModified":"2023-05-26T17:36:26+00:00","description":"El sector tur\u00edstic \u00e9s essencial a la localitat El sector tur\u00edstic \u00e9s essencial a la localitat","breadcrumb":{"@id":"https:\/\/radiolitoral.com\/2023\/05\/teulada-moraira-esta-en-el-top-100-de-los-destinos-espanoles-mas-turisticos\/#breadcrumb"},"inLanguage":"ca","potentialAction":[{"@type":"ReadAction","target":["https:\/\/radiolitoral.com\/2023\/05\/teulada-moraira-esta-en-el-top-100-de-los-destinos-espanoles-mas-turisticos\/"]}]},{"@type":"ImageObject","inLanguage":"ca","@id":"https:\/\/radiolitoral.com\/2023\/05\/teulada-moraira-esta-en-el-top-100-de-los-destinos-espanoles-mas-turisticos\/#primaryimage","url":"https:\/\/media.radiolitoral.com\/wp-content\/uploads\/2023\/05\/26192336\/347226992_664563022176077_3855425068274080466_n-735x490-1.jpg","contentUrl":"https:\/\/media.radiolitoral.com\/wp-content\/uploads\/2023\/05\/26192336\/347226992_664563022176077_3855425068274080466_n-735x490-1.jpg","width":735,"height":490},{"@type":"BreadcrumbList","@id":"https:\/\/radiolitoral.com\/2023\/05\/teulada-moraira-esta-en-el-top-100-de-los-destinos-espanoles-mas-turisticos\/#breadcrumb","itemListElement":[{"@type":"ListItem","position":1,"name":"Portada","item":"https:\/\/radiolitoral.com\/"},{"@type":"ListItem","position":2,"name":"Teulada Moraira est\u00e1 en el top 100 de los destinos espa\u00f1oles m\u00e1s tur\u00edsticos"}]},{"@type":"WebSite","@id":"https:\/\/radiolitoral.com\/#website","url":"https:\/\/radiolitoral.com\/","name":"R\u00e0dio Litoral","description":"La r\u00e0dio local de la Marina Alta","publisher":{"@id":"https:\/\/radiolitoral.com\/#organization"},"alternateName":"Litoral FM","potentialAction":[{"@type":"SearchAction","target":{"@type":"EntryPoint","urlTemplate":"https:\/\/radiolitoral.com\/?s={search_term_string}"},"query-input":{"@type":"PropertyValueSpecification","valueRequired":true,"valueName":"search_term_string"}}],"inLanguage":"ca"},{"@type":"Organization","@id":"https:\/\/radiolitoral.com\/#organization","name":"R\u00e0dio Litoral","url":"https:\/\/radiolitoral.com\/","logo":{"@type":"ImageObject","inLanguage":"ca","@id":"https:\/\/radiolitoral.com\/#\/schema\/logo\/image\/","url":"https:\/\/media.radiolitoral.com\/wp-content\/uploads\/2023\/02\/24143238\/CL-V-RadioLitoral696.png","contentUrl":"https:\/\/media.radiolitoral.com\/wp-content\/uploads\/2023\/02\/24143238\/CL-V-RadioLitoral696.png","width":696,"height":696,"caption":"Radio Litoral"},"image":{"@id":"https:\/\/radiolitoral.com\/#\/schema\/logo\/image\/"},"sameAs":["https:\/\/www.facebook.com\/Laradiolitoral\/"]},{"@type":"Person","@id":"https:\/\/radiolitoral.com\/#\/schema\/person\/aad4f72efa404f85b68e832d24cac059","name":"Mel Pescuezo","image":{"@type":"ImageObject","inLanguage":"ca","@id":"https:\/\/secure.gravatar.com\/avatar\/993975ae489c70cb0dd9bfa9413a082f0bd276582dac13661af7b33f161e7eea?s=96&d=mm&r=g","url":"https:\/\/secure.gravatar.com\/avatar\/993975ae489c70cb0dd9bfa9413a082f0bd276582dac13661af7b33f161e7eea?s=96&d=mm&r=g","contentUrl":"https:\/\/secure.gravatar.com\/avatar\/993975ae489c70cb0dd9bfa9413a082f0bd276582dac13661af7b33f161e7eea?s=96&d=mm&r=g","caption":"Mel Pescuezo"},"url":"https:\/\/radiolitoral.com\/ca\/author\/serviciospararadios\/"}]}},"_links":{"self":[{"href":"https:\/\/radiolitoral.com\/ca\/wp-json\/wp\/v2\/posts\/3433","targetHints":{"allow":["GET"]}}],"collection":[{"href":"https:\/\/radiolitoral.com\/ca\/wp-json\/wp\/v2\/posts"}],"about":[{"href":"https:\/\/radiolitoral.com\/ca\/wp-json\/wp\/v2\/types\/post"}],"author":[{"embeddable":true,"href":"https:\/\/radiolitoral.com\/ca\/wp-json\/wp\/v2\/users\/21"}],"replies":[{"embeddable":true,"href":"https:\/\/radiolitoral.com\/ca\/wp-json\/wp\/v2\/comments?post=3433"}],"version-history":[{"count":1,"href":"https:\/\/radiolitoral.com\/ca\/wp-json\/wp\/v2\/posts\/3433\/revisions"}],"predecessor-version":[{"id":3435,"href":"https:\/\/radiolitoral.com\/ca\/wp-json\/wp\/v2\/posts\/3433\/revisions\/3435"}],"wp:featuredmedia":[{"embeddable":true,"href":"https:\/\/radiolitoral.com\/ca\/wp-json\/wp\/v2\/media\/3434"}],"wp:attachment":[{"href":"https:\/\/radiolitoral.com\/ca\/wp-json\/wp\/v2\/media?parent=3433"}],"wp:term":[{"taxonomy":"category","embeddable":true,"href":"https:\/\/radiolitoral.com\/ca\/wp-json\/wp\/v2\/categories?post=3433"},{"taxonomy":"post_tag","embeddable":true,"href":"https:\/\/radiolitoral.com\/ca\/wp-json\/wp\/v2\/tags?post=3433"}],"curies":[{"name":"wp","href":"https:\/\/api.w.org\/{rel}","templated":true}]}}