{"id":3426,"date":"2023-05-25T18:11:12","date_gmt":"2023-05-25T16:11:12","guid":{"rendered":"https:\/\/radiolitoral.com\/?p=3426"},"modified":"2023-05-25T18:13:19","modified_gmt":"2023-05-25T16:13:19","slug":"gerad-fullana-afirma-que-la-marina-alta-rebra-mes-de-70-milions-destinats-a-inversions-en-centres-educatius","status":"publish","type":"post","link":"https:\/\/radiolitoral.com\/ca\/2023\/05\/gerad-fullana-afirma-que-la-marina-alta-recibira-mas-de-70-millones-destinados-a-inversiones-en-centros-educativos\/","title":{"rendered":"Gerad Fullana afirma que la Marina Alta rebr\u00e0 m\u00e9s de 70 milions destinats a inversions a centres educatius"},"content":{"rendered":"<p>Gerard Fullana, l\u00edder valencianista ha anunciat en el recorregut pels municipis de la comarca, dins de la seva agenda d&#039;actes de campanya electoral, que en aquesta legislatura Comprom\u00eds continuar\u00e0 apostant a revolucionar l&#039;educaci\u00f3 valenciana i especialment la dels municipis d&#039;Alacant amb una <strong>inversi\u00f3 de m\u00e9s de 400 milions en infraestructures educatives i la contractaci\u00f3 de m\u00e9s de 1.900 docents<\/strong>.<\/p>\n<p>Fullana ha destacat que Comprom\u00eds, des de la Conselleria d&#039;Educaci\u00f3, ha apostat per l&#039;educaci\u00f3 p\u00fablica a la Marina Alta, amb una inversi\u00f3 r\u00e8cord aquesta legislatura a escoles com el CEIP la Xara de D\u00e9nia, l&#039;escola institut de Xal\u00f3 o les millores portades endavant a desenes de centres com el d&#039;Alcalal\u00ed, Benissa o Pego.<\/p>\n<p>Comprom\u00eds aposta per continuar incrementant la seva proposta per millorar la qualitat educativa i anuncien que aquesta legislatura invertiran m\u00e9s de 400 milions d&#039;euros al Pla Edificant per arribar als llocs que encara no s&#039;ha arribat per posar fi als barracons, obrir noves escoles i reformar aquelles que estan deteriorades.<\/p>\n<p>En aquesta nova etapa la comarca de la <strong>Marina Alta rebr\u00e0 m\u00e9s de 70 milions destinats a noves inversions a centres educatius<\/strong>. M\u00e9s de 50 milions compromesos a pobles com: <strong>Calp m\u00e9s de 19 milions, D\u00e9nia sumar\u00e0 9,6 milions m\u00e9s, Ondara 1,5, Orba amb 7,5 milions. Per al nou institut Pego m\u00e9s de 1,5, el Poble Nou de Benitatxell 1,9, els Poblets i el seu nou col\u00b7legi 3,8, Teulada Moraira m\u00e9s de 750.000 \u20ac i X\u00e0bia m\u00e9s de 7<\/strong>.<\/p>\n<p>A aquests diners cal sumar-hi 20 milions m\u00e9s per a altres infraestructures que estan sent demandades pels ajuntaments en aquests moments.<\/p>\n<p>&nbsp;<\/p>","protected":false},"excerpt":{"rendered":"<p>Gerard Fullana, l\u00edder valencianista ha anunciado en su recorrido por los municipios de la comarca, dentro de su agenda de actos de campa\u00f1a electoral, que en esta legislatura Comprom\u00eds continuar\u00e1 apostando en revolucionar la educaci\u00f3n valenciana y especialmente la de los municipios de Alicante con una inversi\u00f3n de m\u00e1s de 400 millones en infraestructuras educativas [&#8230;]<\/p>\n<p><a class=\"btn btn-secondary understrap-read-more-link\" href=\"https:\/\/radiolitoral.com\/ca\/2023\/05\/gerad-fullana-afirma-que-la-marina-alta-recibira-mas-de-70-millones-destinados-a-inversiones-en-centros-educativos\/\">Continua llegint&#8230;<span class=\"screen-reader-text\"> from Gerad Fullana afirma que la Marina Alta recibir\u00e1 m\u00e1s de 70 millones destinados a inversiones en centros educativos<\/span><\/a><\/p>\n","protected":false},"author":21,"featured_media":3427,"comment_status":"open","ping_status":"closed","sticky":false,"template":"","format":"standard","meta":{"_acf_changed":false,"inline_featured_image":false,"footnotes":""},"categories":[130],"tags":[],"class_list":["post-3426","post","type-post","status-publish","format-standard","has-post-thumbnail","hentry","category-educacion","cobertura-marina-alta"],"acf":[],"yoast_head":"<!-- This site is optimized with the Yoast SEO plugin v27.5 - https:\/\/yoast.com\/product\/yoast-seo-wordpress\/ -->\n<title>Gerad Fullana afirma que la Marina Alta recibir\u00e1 m\u00e1s de 70 millones destinados a inversiones en centros educativos | R\u00e0dio Litoral<\/title>\n<meta name=\"description\" content=\"Calp, D\u00e9nia, Ondara, Orba o Pego son algunas de las localidades que contar\u00e1n con estas ayudas Calp, D\u00e9nia, Ondara, Orba o Pego son algunas de las localidades que contar\u00e1n con estas ayudas\" \/>\n<meta name=\"robots\" content=\"index, follow, max-snippet:-1, max-image-preview:large, max-video-preview:-1\" \/>\n<link rel=\"canonical\" href=\"https:\/\/radiolitoral.com\/ca\/2023\/05\/gerad-fullana-afirma-que-la-marina-alta-rebra-mes-de-70-milions-destinats-a-inversions-en-centres-educatius\/\" \/>\n<meta property=\"og:locale\" content=\"ca_ES\" \/>\n<meta property=\"og:type\" content=\"article\" \/>\n<meta property=\"og:title\" content=\"Gerad Fullana afirma que la Marina Alta recibir\u00e1 m\u00e1s de 70 millones destinados a inversiones en centros educativos | R\u00e0dio Litoral\" \/>\n<meta property=\"og:description\" content=\"Calp, D\u00e9nia, Ondara, Orba o Pego son algunas de las localidades que contar\u00e1n con estas ayudas Calp, D\u00e9nia, Ondara, Orba o Pego son algunas de las localidades que contar\u00e1n con estas ayudas\" \/>\n<meta property=\"og:url\" content=\"https:\/\/radiolitoral.com\/ca\/2023\/05\/gerad-fullana-afirma-que-la-marina-alta-rebra-mes-de-70-milions-destinats-a-inversions-en-centres-educatius\/\" \/>\n<meta property=\"og:site_name\" content=\"R\u00e0dio Litoral\" \/>\n<meta property=\"article:publisher\" content=\"https:\/\/www.facebook.com\/Laradiolitoral\/\" \/>\n<meta property=\"article:published_time\" content=\"2023-05-25T16:11:12+00:00\" \/>\n<meta property=\"article:modified_time\" content=\"2023-05-25T16:13:19+00:00\" \/>\n<meta property=\"og:image\" content=\"https:\/\/media.radiolitoral.com\/wp-content\/uploads\/2023\/05\/25180850\/escuela.jpg\" \/>\n\t<meta property=\"og:image:width\" content=\"480\" \/>\n\t<meta property=\"og:image:height\" content=\"320\" \/>\n\t<meta property=\"og:image:type\" content=\"image\/jpeg\" \/>\n<meta name=\"author\" content=\"Mel Pescuezo\" \/>\n<meta name=\"twitter:card\" content=\"summary_large_image\" \/>\n<meta name=\"twitter:label1\" content=\"Escrit per\" \/>\n\t<meta name=\"twitter:data1\" content=\"Mel Pescuezo\" \/>\n\t<meta name=\"twitter:label2\" content=\"Temps estimat de lectura\" \/>\n\t<meta name=\"twitter:data2\" content=\"2 minuts\" \/>\n<script type=\"application\/ld+json\" class=\"yoast-schema-graph\">{\"@context\":\"https:\\\/\\\/schema.org\",\"@graph\":[{\"@type\":\"NewsArticle\",\"@id\":\"https:\\\/\\\/radiolitoral.com\\\/2023\\\/05\\\/gerad-fullana-afirma-que-la-marina-alta-recibira-mas-de-70-millones-destinados-a-inversiones-en-centros-educativos\\\/#article\",\"isPartOf\":{\"@id\":\"https:\\\/\\\/radiolitoral.com\\\/2023\\\/05\\\/gerad-fullana-afirma-que-la-marina-alta-recibira-mas-de-70-millones-destinados-a-inversiones-en-centros-educativos\\\/\"},\"author\":{\"name\":\"Mel Pescuezo\",\"@id\":\"https:\\\/\\\/radiolitoral.com\\\/#\\\/schema\\\/person\\\/aad4f72efa404f85b68e832d24cac059\"},\"headline\":\"Gerad Fullana afirma que la Marina Alta recibir\u00e1 m\u00e1s de 70 millones destinados a inversiones en centros educativos\",\"datePublished\":\"2023-05-25T16:11:12+00:00\",\"dateModified\":\"2023-05-25T16:13:19+00:00\",\"mainEntityOfPage\":{\"@id\":\"https:\\\/\\\/radiolitoral.com\\\/2023\\\/05\\\/gerad-fullana-afirma-que-la-marina-alta-recibira-mas-de-70-millones-destinados-a-inversiones-en-centros-educativos\\\/\"},\"wordCount\":305,\"commentCount\":0,\"publisher\":{\"@id\":\"https:\\\/\\\/radiolitoral.com\\\/#organization\"},\"image\":{\"@id\":\"https:\\\/\\\/radiolitoral.com\\\/2023\\\/05\\\/gerad-fullana-afirma-que-la-marina-alta-recibira-mas-de-70-millones-destinados-a-inversiones-en-centros-educativos\\\/#primaryimage\"},\"thumbnailUrl\":\"https:\\\/\\\/media.radiolitoral.com\\\/wp-content\\\/uploads\\\/2023\\\/05\\\/25180850\\\/escuela.jpg\",\"articleSection\":[\"Educaci\u00f3n\"],\"inLanguage\":\"ca\",\"potentialAction\":[{\"@type\":\"CommentAction\",\"name\":\"Comment\",\"target\":[\"https:\\\/\\\/radiolitoral.com\\\/2023\\\/05\\\/gerad-fullana-afirma-que-la-marina-alta-recibira-mas-de-70-millones-destinados-a-inversiones-en-centros-educativos\\\/#respond\"]}]},{\"@type\":[\"WebPage\",\"ItemPage\"],\"@id\":\"https:\\\/\\\/radiolitoral.com\\\/2023\\\/05\\\/gerad-fullana-afirma-que-la-marina-alta-recibira-mas-de-70-millones-destinados-a-inversiones-en-centros-educativos\\\/\",\"url\":\"https:\\\/\\\/radiolitoral.com\\\/2023\\\/05\\\/gerad-fullana-afirma-que-la-marina-alta-recibira-mas-de-70-millones-destinados-a-inversiones-en-centros-educativos\\\/\",\"name\":\"Gerad Fullana afirma que la Marina Alta recibir\u00e1 m\u00e1s de 70 millones destinados a inversiones en centros educativos | R\u00e0dio Litoral\",\"isPartOf\":{\"@id\":\"https:\\\/\\\/radiolitoral.com\\\/#website\"},\"primaryImageOfPage\":{\"@id\":\"https:\\\/\\\/radiolitoral.com\\\/2023\\\/05\\\/gerad-fullana-afirma-que-la-marina-alta-recibira-mas-de-70-millones-destinados-a-inversiones-en-centros-educativos\\\/#primaryimage\"},\"image\":{\"@id\":\"https:\\\/\\\/radiolitoral.com\\\/2023\\\/05\\\/gerad-fullana-afirma-que-la-marina-alta-recibira-mas-de-70-millones-destinados-a-inversiones-en-centros-educativos\\\/#primaryimage\"},\"thumbnailUrl\":\"https:\\\/\\\/media.radiolitoral.com\\\/wp-content\\\/uploads\\\/2023\\\/05\\\/25180850\\\/escuela.jpg\",\"datePublished\":\"2023-05-25T16:11:12+00:00\",\"dateModified\":\"2023-05-25T16:13:19+00:00\",\"description\":\"Calp, D\u00e9nia, Ondara, Orba o Pego son algunas de las localidades que contar\u00e1n con estas ayudas Calp, D\u00e9nia, Ondara, Orba o Pego son algunas de las localidades que contar\u00e1n con estas ayudas\",\"breadcrumb\":{\"@id\":\"https:\\\/\\\/radiolitoral.com\\\/2023\\\/05\\\/gerad-fullana-afirma-que-la-marina-alta-recibira-mas-de-70-millones-destinados-a-inversiones-en-centros-educativos\\\/#breadcrumb\"},\"inLanguage\":\"ca\",\"potentialAction\":[{\"@type\":\"ReadAction\",\"target\":[\"https:\\\/\\\/radiolitoral.com\\\/2023\\\/05\\\/gerad-fullana-afirma-que-la-marina-alta-recibira-mas-de-70-millones-destinados-a-inversiones-en-centros-educativos\\\/\"]}]},{\"@type\":\"ImageObject\",\"inLanguage\":\"ca\",\"@id\":\"https:\\\/\\\/radiolitoral.com\\\/2023\\\/05\\\/gerad-fullana-afirma-que-la-marina-alta-recibira-mas-de-70-millones-destinados-a-inversiones-en-centros-educativos\\\/#primaryimage\",\"url\":\"https:\\\/\\\/media.radiolitoral.com\\\/wp-content\\\/uploads\\\/2023\\\/05\\\/25180850\\\/escuela.jpg\",\"contentUrl\":\"https:\\\/\\\/media.radiolitoral.com\\\/wp-content\\\/uploads\\\/2023\\\/05\\\/25180850\\\/escuela.jpg\",\"width\":480,\"height\":320},{\"@type\":\"BreadcrumbList\",\"@id\":\"https:\\\/\\\/radiolitoral.com\\\/2023\\\/05\\\/gerad-fullana-afirma-que-la-marina-alta-recibira-mas-de-70-millones-destinados-a-inversiones-en-centros-educativos\\\/#breadcrumb\",\"itemListElement\":[{\"@type\":\"ListItem\",\"position\":1,\"name\":\"Portada\",\"item\":\"https:\\\/\\\/radiolitoral.com\\\/\"},{\"@type\":\"ListItem\",\"position\":2,\"name\":\"Gerad Fullana afirma que la Marina Alta recibir\u00e1 m\u00e1s de 70 millones destinados a inversiones en centros educativos\"}]},{\"@type\":\"WebSite\",\"@id\":\"https:\\\/\\\/radiolitoral.com\\\/#website\",\"url\":\"https:\\\/\\\/radiolitoral.com\\\/\",\"name\":\"Radio Litoral\",\"description\":\"La radio local de la Marina Alta\",\"publisher\":{\"@id\":\"https:\\\/\\\/radiolitoral.com\\\/#organization\"},\"alternateName\":\"Litoral FM\",\"potentialAction\":[{\"@type\":\"SearchAction\",\"target\":{\"@type\":\"EntryPoint\",\"urlTemplate\":\"https:\\\/\\\/radiolitoral.com\\\/?s={search_term_string}\"},\"query-input\":{\"@type\":\"PropertyValueSpecification\",\"valueRequired\":true,\"valueName\":\"search_term_string\"}}],\"inLanguage\":\"ca\"},{\"@type\":\"Organization\",\"@id\":\"https:\\\/\\\/radiolitoral.com\\\/#organization\",\"name\":\"Radio Litoral\",\"url\":\"https:\\\/\\\/radiolitoral.com\\\/\",\"logo\":{\"@type\":\"ImageObject\",\"inLanguage\":\"ca\",\"@id\":\"https:\\\/\\\/radiolitoral.com\\\/#\\\/schema\\\/logo\\\/image\\\/\",\"url\":\"https:\\\/\\\/media.radiolitoral.com\\\/wp-content\\\/uploads\\\/2023\\\/02\\\/24143238\\\/CL-V-RadioLitoral696.png\",\"contentUrl\":\"https:\\\/\\\/media.radiolitoral.com\\\/wp-content\\\/uploads\\\/2023\\\/02\\\/24143238\\\/CL-V-RadioLitoral696.png\",\"width\":696,\"height\":696,\"caption\":\"Radio Litoral\"},\"image\":{\"@id\":\"https:\\\/\\\/radiolitoral.com\\\/#\\\/schema\\\/logo\\\/image\\\/\"},\"sameAs\":[\"https:\\\/\\\/www.facebook.com\\\/Laradiolitoral\\\/\"]},{\"@type\":\"Person\",\"@id\":\"https:\\\/\\\/radiolitoral.com\\\/#\\\/schema\\\/person\\\/aad4f72efa404f85b68e832d24cac059\",\"name\":\"Mel Pescuezo\",\"image\":{\"@type\":\"ImageObject\",\"inLanguage\":\"ca\",\"@id\":\"https:\\\/\\\/secure.gravatar.com\\\/avatar\\\/993975ae489c70cb0dd9bfa9413a082f0bd276582dac13661af7b33f161e7eea?s=96&d=mm&r=g\",\"url\":\"https:\\\/\\\/secure.gravatar.com\\\/avatar\\\/993975ae489c70cb0dd9bfa9413a082f0bd276582dac13661af7b33f161e7eea?s=96&d=mm&r=g\",\"contentUrl\":\"https:\\\/\\\/secure.gravatar.com\\\/avatar\\\/993975ae489c70cb0dd9bfa9413a082f0bd276582dac13661af7b33f161e7eea?s=96&d=mm&r=g\",\"caption\":\"Mel Pescuezo\"},\"url\":\"https:\\\/\\\/radiolitoral.com\\\/ca\\\/author\\\/serviciospararadios\\\/\"}]}<\/script>\n<!-- \/ Yoast SEO plugin. -->","yoast_head_json":{"title":"Gerad Fullana afirma que la Marina Alta rebr\u00e0 m\u00e9s de 70 milions destinats a inversions a centres educatius | R\u00e0dio Litoral","description":"Calp, D\u00e9nia, Ondara, Orba o Pego s\u00f3n algunes de les localitats que comptaran amb aquests ajuts Calp, D\u00e9nia, Ondara, Orba o Pego s\u00f3n algunes de les localitats que comptaran amb aquests ajuts","robots":{"index":"index","follow":"follow","max-snippet":"max-snippet:-1","max-image-preview":"max-image-preview:large","max-video-preview":"max-video-preview:-1"},"canonical":"https:\/\/radiolitoral.com\/ca\/2023\/05\/gerad-fullana-afirma-que-la-marina-alta-rebra-mes-de-70-milions-destinats-a-inversions-en-centres-educatius\/","og_locale":"ca_ES","og_type":"article","og_title":"Gerad Fullana afirma que la Marina Alta recibir\u00e1 m\u00e1s de 70 millones destinados a inversiones en centros educativos | R\u00e0dio Litoral","og_description":"Calp, D\u00e9nia, Ondara, Orba o Pego son algunas de las localidades que contar\u00e1n con estas ayudas Calp, D\u00e9nia, Ondara, Orba o Pego son algunas de las localidades que contar\u00e1n con estas ayudas","og_url":"https:\/\/radiolitoral.com\/ca\/2023\/05\/gerad-fullana-afirma-que-la-marina-alta-rebra-mes-de-70-milions-destinats-a-inversions-en-centres-educatius\/","og_site_name":"R\u00e0dio Litoral","article_publisher":"https:\/\/www.facebook.com\/Laradiolitoral\/","article_published_time":"2023-05-25T16:11:12+00:00","article_modified_time":"2023-05-25T16:13:19+00:00","og_image":[{"width":480,"height":320,"url":"https:\/\/media.radiolitoral.com\/wp-content\/uploads\/2023\/05\/25180850\/escuela.jpg","type":"image\/jpeg"}],"author":"Mel Pescuezo","twitter_card":"summary_large_image","twitter_misc":{"Escrit per":"Mel Pescuezo","Temps estimat de lectura":"2 minuts"},"schema":{"@context":"https:\/\/schema.org","@graph":[{"@type":"NewsArticle","@id":"https:\/\/radiolitoral.com\/2023\/05\/gerad-fullana-afirma-que-la-marina-alta-recibira-mas-de-70-millones-destinados-a-inversiones-en-centros-educativos\/#article","isPartOf":{"@id":"https:\/\/radiolitoral.com\/2023\/05\/gerad-fullana-afirma-que-la-marina-alta-recibira-mas-de-70-millones-destinados-a-inversiones-en-centros-educativos\/"},"author":{"name":"Mel Pescuezo","@id":"https:\/\/radiolitoral.com\/#\/schema\/person\/aad4f72efa404f85b68e832d24cac059"},"headline":"Gerad Fullana afirma que la Marina Alta recibir\u00e1 m\u00e1s de 70 millones destinados a inversiones en centros educativos","datePublished":"2023-05-25T16:11:12+00:00","dateModified":"2023-05-25T16:13:19+00:00","mainEntityOfPage":{"@id":"https:\/\/radiolitoral.com\/2023\/05\/gerad-fullana-afirma-que-la-marina-alta-recibira-mas-de-70-millones-destinados-a-inversiones-en-centros-educativos\/"},"wordCount":305,"commentCount":0,"publisher":{"@id":"https:\/\/radiolitoral.com\/#organization"},"image":{"@id":"https:\/\/radiolitoral.com\/2023\/05\/gerad-fullana-afirma-que-la-marina-alta-recibira-mas-de-70-millones-destinados-a-inversiones-en-centros-educativos\/#primaryimage"},"thumbnailUrl":"https:\/\/media.radiolitoral.com\/wp-content\/uploads\/2023\/05\/25180850\/escuela.jpg","articleSection":["Educaci\u00f3n"],"inLanguage":"ca","potentialAction":[{"@type":"CommentAction","name":"Comment","target":["https:\/\/radiolitoral.com\/2023\/05\/gerad-fullana-afirma-que-la-marina-alta-recibira-mas-de-70-millones-destinados-a-inversiones-en-centros-educativos\/#respond"]}]},{"@type":["WebPage","ItemPage"],"@id":"https:\/\/radiolitoral.com\/2023\/05\/gerad-fullana-afirma-que-la-marina-alta-recibira-mas-de-70-millones-destinados-a-inversiones-en-centros-educativos\/","url":"https:\/\/radiolitoral.com\/2023\/05\/gerad-fullana-afirma-que-la-marina-alta-recibira-mas-de-70-millones-destinados-a-inversiones-en-centros-educativos\/","name":"Gerad Fullana afirma que la Marina Alta rebr\u00e0 m\u00e9s de 70 milions destinats a inversions a centres educatius | R\u00e0dio Litoral","isPartOf":{"@id":"https:\/\/radiolitoral.com\/#website"},"primaryImageOfPage":{"@id":"https:\/\/radiolitoral.com\/2023\/05\/gerad-fullana-afirma-que-la-marina-alta-recibira-mas-de-70-millones-destinados-a-inversiones-en-centros-educativos\/#primaryimage"},"image":{"@id":"https:\/\/radiolitoral.com\/2023\/05\/gerad-fullana-afirma-que-la-marina-alta-recibira-mas-de-70-millones-destinados-a-inversiones-en-centros-educativos\/#primaryimage"},"thumbnailUrl":"https:\/\/media.radiolitoral.com\/wp-content\/uploads\/2023\/05\/25180850\/escuela.jpg","datePublished":"2023-05-25T16:11:12+00:00","dateModified":"2023-05-25T16:13:19+00:00","description":"Calp, D\u00e9nia, Ondara, Orba o Pego s\u00f3n algunes de les localitats que comptaran amb aquests ajuts Calp, D\u00e9nia, Ondara, Orba o Pego s\u00f3n algunes de les localitats que comptaran amb aquests ajuts","breadcrumb":{"@id":"https:\/\/radiolitoral.com\/2023\/05\/gerad-fullana-afirma-que-la-marina-alta-recibira-mas-de-70-millones-destinados-a-inversiones-en-centros-educativos\/#breadcrumb"},"inLanguage":"ca","potentialAction":[{"@type":"ReadAction","target":["https:\/\/radiolitoral.com\/2023\/05\/gerad-fullana-afirma-que-la-marina-alta-recibira-mas-de-70-millones-destinados-a-inversiones-en-centros-educativos\/"]}]},{"@type":"ImageObject","inLanguage":"ca","@id":"https:\/\/radiolitoral.com\/2023\/05\/gerad-fullana-afirma-que-la-marina-alta-recibira-mas-de-70-millones-destinados-a-inversiones-en-centros-educativos\/#primaryimage","url":"https:\/\/media.radiolitoral.com\/wp-content\/uploads\/2023\/05\/25180850\/escuela.jpg","contentUrl":"https:\/\/media.radiolitoral.com\/wp-content\/uploads\/2023\/05\/25180850\/escuela.jpg","width":480,"height":320},{"@type":"BreadcrumbList","@id":"https:\/\/radiolitoral.com\/2023\/05\/gerad-fullana-afirma-que-la-marina-alta-recibira-mas-de-70-millones-destinados-a-inversiones-en-centros-educativos\/#breadcrumb","itemListElement":[{"@type":"ListItem","position":1,"name":"Portada","item":"https:\/\/radiolitoral.com\/"},{"@type":"ListItem","position":2,"name":"Gerad Fullana afirma que la Marina Alta recibir\u00e1 m\u00e1s de 70 millones destinados a inversiones en centros educativos"}]},{"@type":"WebSite","@id":"https:\/\/radiolitoral.com\/#website","url":"https:\/\/radiolitoral.com\/","name":"R\u00e0dio Litoral","description":"La r\u00e0dio local de la Marina Alta","publisher":{"@id":"https:\/\/radiolitoral.com\/#organization"},"alternateName":"Litoral FM","potentialAction":[{"@type":"SearchAction","target":{"@type":"EntryPoint","urlTemplate":"https:\/\/radiolitoral.com\/?s={search_term_string}"},"query-input":{"@type":"PropertyValueSpecification","valueRequired":true,"valueName":"search_term_string"}}],"inLanguage":"ca"},{"@type":"Organization","@id":"https:\/\/radiolitoral.com\/#organization","name":"R\u00e0dio Litoral","url":"https:\/\/radiolitoral.com\/","logo":{"@type":"ImageObject","inLanguage":"ca","@id":"https:\/\/radiolitoral.com\/#\/schema\/logo\/image\/","url":"https:\/\/media.radiolitoral.com\/wp-content\/uploads\/2023\/02\/24143238\/CL-V-RadioLitoral696.png","contentUrl":"https:\/\/media.radiolitoral.com\/wp-content\/uploads\/2023\/02\/24143238\/CL-V-RadioLitoral696.png","width":696,"height":696,"caption":"Radio Litoral"},"image":{"@id":"https:\/\/radiolitoral.com\/#\/schema\/logo\/image\/"},"sameAs":["https:\/\/www.facebook.com\/Laradiolitoral\/"]},{"@type":"Person","@id":"https:\/\/radiolitoral.com\/#\/schema\/person\/aad4f72efa404f85b68e832d24cac059","name":"Mel Pescuezo","image":{"@type":"ImageObject","inLanguage":"ca","@id":"https:\/\/secure.gravatar.com\/avatar\/993975ae489c70cb0dd9bfa9413a082f0bd276582dac13661af7b33f161e7eea?s=96&d=mm&r=g","url":"https:\/\/secure.gravatar.com\/avatar\/993975ae489c70cb0dd9bfa9413a082f0bd276582dac13661af7b33f161e7eea?s=96&d=mm&r=g","contentUrl":"https:\/\/secure.gravatar.com\/avatar\/993975ae489c70cb0dd9bfa9413a082f0bd276582dac13661af7b33f161e7eea?s=96&d=mm&r=g","caption":"Mel Pescuezo"},"url":"https:\/\/radiolitoral.com\/ca\/author\/serviciospararadios\/"}]}},"_links":{"self":[{"href":"https:\/\/radiolitoral.com\/ca\/wp-json\/wp\/v2\/posts\/3426","targetHints":{"allow":["GET"]}}],"collection":[{"href":"https:\/\/radiolitoral.com\/ca\/wp-json\/wp\/v2\/posts"}],"about":[{"href":"https:\/\/radiolitoral.com\/ca\/wp-json\/wp\/v2\/types\/post"}],"author":[{"embeddable":true,"href":"https:\/\/radiolitoral.com\/ca\/wp-json\/wp\/v2\/users\/21"}],"replies":[{"embeddable":true,"href":"https:\/\/radiolitoral.com\/ca\/wp-json\/wp\/v2\/comments?post=3426"}],"version-history":[{"count":1,"href":"https:\/\/radiolitoral.com\/ca\/wp-json\/wp\/v2\/posts\/3426\/revisions"}],"predecessor-version":[{"id":3428,"href":"https:\/\/radiolitoral.com\/ca\/wp-json\/wp\/v2\/posts\/3426\/revisions\/3428"}],"wp:featuredmedia":[{"embeddable":true,"href":"https:\/\/radiolitoral.com\/ca\/wp-json\/wp\/v2\/media\/3427"}],"wp:attachment":[{"href":"https:\/\/radiolitoral.com\/ca\/wp-json\/wp\/v2\/media?parent=3426"}],"wp:term":[{"taxonomy":"category","embeddable":true,"href":"https:\/\/radiolitoral.com\/ca\/wp-json\/wp\/v2\/categories?post=3426"},{"taxonomy":"post_tag","embeddable":true,"href":"https:\/\/radiolitoral.com\/ca\/wp-json\/wp\/v2\/tags?post=3426"}],"curies":[{"name":"wp","href":"https:\/\/api.w.org\/{rel}","templated":true}]}}