{"id":3389,"date":"2023-05-24T20:01:13","date_gmt":"2023-05-24T18:01:13","guid":{"rendered":"https:\/\/radiolitoral.com\/?p=3389"},"modified":"2023-05-24T20:02:18","modified_gmt":"2023-05-24T18:02:18","slug":"es-desestima-la-denuncia-contra-el-pp-de-benissa-pel-logo-de-campana","status":"publish","type":"post","link":"https:\/\/radiolitoral.com\/ca\/2023\/05\/se-desestima-la-denuncia-contra-el-pp-de-benissa-por-el-logo-de-campana\/","title":{"rendered":"Es desestima la den\u00fancia contra el PP de Benissa pel logo de campanya"},"content":{"rendered":"<p>El PP explica que la jutgessa de D\u00e9nia ha tombat dues den\u00fancies de Comprom\u00eds contra el Partit Popular de Benissa. Una feia refer\u00e8ncia a l&#039;\u00fas indegut, segons els valencianistes, de logos municipals a la cartelleria electoral, la B de Benissa. I l&#039;altra, a l&#039;anunci de la propera obertura d&#039;una pista poliesportiva a trav\u00e9s del web municipal, en plena campanya electoral.<\/p>\n<p>Tamb\u00e9 Reiniciem ha presentat una den\u00fancia per considerar que s&#039;ha incomplert la Llei Org\u00e0nica de R\u00e8gim Electoral General en realitzar publicitat institucional a trav\u00e9s de les xarxes socials municipals, als canals de difusi\u00f3 de Whatsapp ia les notes de premsa, anunciant projectes que encara no s&#039;han fet.<\/p>\n<p>Tot i aix\u00ed, els populars consideren que aquesta manera d&#039;actuar \u00e9s un intent d&#039;\u00abembrutar la campanya\u00bb. I afirmen que s\u00f3n den\u00fancies sense fonament.<\/p>\n<p>&nbsp;<\/p>","protected":false},"excerpt":{"rendered":"<p>El PP explica que la jueza de D\u00e9nia ha tumbado dos denuncias de Comprom\u00eds contra el Partido Popular de Benissa. Una de ellas hac\u00eda referencia al uso indebido, seg\u00fan los valencianistas, de logos municipales en la carteler\u00eda electoral, la B de Benissa. Y la otra, al anuncio de la pr\u00f3xima apertura de una pista polideportiva [&#8230;]<\/p>\n<p><a class=\"btn btn-secondary understrap-read-more-link\" href=\"https:\/\/radiolitoral.com\/ca\/2023\/05\/se-desestima-la-denuncia-contra-el-pp-de-benissa-por-el-logo-de-campana\/\">Continua llegint&#8230;<span class=\"screen-reader-text\"> from Se desestima la denuncia contra el PP de Benissa por el logo de campa\u00f1a<\/span><\/a><\/p>\n","protected":false},"author":21,"featured_media":3392,"comment_status":"open","ping_status":"closed","sticky":false,"template":"","format":"standard","meta":{"_acf_changed":false,"inline_featured_image":false,"footnotes":""},"categories":[21],"tags":[582],"class_list":["post-3389","post","type-post","status-publish","format-standard","has-post-thumbnail","hentry","category-tribunales","tag-pp-benissa","cobertura-benissa"],"acf":[],"yoast_head":"<!-- This site is optimized with the Yoast SEO plugin v27.5 - https:\/\/yoast.com\/product\/yoast-seo-wordpress\/ -->\n<title>Se desestima la denuncia contra el PP de Benissa por el logo de campa\u00f1a | R\u00e0dio Litoral<\/title>\n<meta name=\"description\" content=\"Comprom\u00eds habla del uso indebido de la B de Benissa Comprom\u00eds habla del uso indebido de la B de Benissa\" \/>\n<meta name=\"robots\" content=\"index, follow, max-snippet:-1, max-image-preview:large, max-video-preview:-1\" \/>\n<link rel=\"canonical\" href=\"https:\/\/radiolitoral.com\/ca\/2023\/05\/es-desestima-la-denuncia-contra-el-pp-de-benissa-pel-logo-de-campana\/\" \/>\n<meta property=\"og:locale\" content=\"ca_ES\" \/>\n<meta property=\"og:type\" content=\"article\" \/>\n<meta property=\"og:title\" content=\"Se desestima la denuncia contra el PP de Benissa por el logo de campa\u00f1a | R\u00e0dio Litoral\" \/>\n<meta property=\"og:description\" content=\"Comprom\u00eds habla del uso indebido de la B de Benissa Comprom\u00eds habla del uso indebido de la B de Benissa\" \/>\n<meta property=\"og:url\" content=\"https:\/\/radiolitoral.com\/ca\/2023\/05\/es-desestima-la-denuncia-contra-el-pp-de-benissa-pel-logo-de-campana\/\" \/>\n<meta property=\"og:site_name\" content=\"R\u00e0dio Litoral\" \/>\n<meta property=\"article:publisher\" content=\"https:\/\/www.facebook.com\/Laradiolitoral\/\" \/>\n<meta property=\"article:published_time\" content=\"2023-05-24T18:01:13+00:00\" \/>\n<meta property=\"article:modified_time\" content=\"2023-05-24T18:02:18+00:00\" \/>\n<meta property=\"og:image\" content=\"https:\/\/media.radiolitoral.com\/wp-content\/uploads\/2023\/05\/24195924\/5817_cartel-lista-electoral-partido-popular-benissa.jpg\" \/>\n\t<meta property=\"og:image:width\" content=\"980\" \/>\n\t<meta property=\"og:image:height\" content=\"483\" \/>\n\t<meta property=\"og:image:type\" content=\"image\/jpeg\" \/>\n<meta name=\"author\" content=\"Mel Pescuezo\" \/>\n<meta name=\"twitter:card\" content=\"summary_large_image\" \/>\n<meta name=\"twitter:label1\" content=\"Escrit per\" \/>\n\t<meta name=\"twitter:data1\" content=\"Mel Pescuezo\" \/>\n\t<meta name=\"twitter:label2\" content=\"Temps estimat de lectura\" \/>\n\t<meta name=\"twitter:data2\" content=\"1 minut\" \/>\n<script type=\"application\/ld+json\" class=\"yoast-schema-graph\">{\"@context\":\"https:\\\/\\\/schema.org\",\"@graph\":[{\"@type\":\"NewsArticle\",\"@id\":\"https:\\\/\\\/radiolitoral.com\\\/2023\\\/05\\\/se-desestima-la-denuncia-contra-el-pp-de-benissa-por-el-logo-de-campana\\\/#article\",\"isPartOf\":{\"@id\":\"https:\\\/\\\/radiolitoral.com\\\/2023\\\/05\\\/se-desestima-la-denuncia-contra-el-pp-de-benissa-por-el-logo-de-campana\\\/\"},\"author\":{\"name\":\"Mel Pescuezo\",\"@id\":\"https:\\\/\\\/radiolitoral.com\\\/#\\\/schema\\\/person\\\/aad4f72efa404f85b68e832d24cac059\"},\"headline\":\"Se desestima la denuncia contra el PP de Benissa por el logo de campa\u00f1a\",\"datePublished\":\"2023-05-24T18:01:13+00:00\",\"dateModified\":\"2023-05-24T18:02:18+00:00\",\"mainEntityOfPage\":{\"@id\":\"https:\\\/\\\/radiolitoral.com\\\/2023\\\/05\\\/se-desestima-la-denuncia-contra-el-pp-de-benissa-por-el-logo-de-campana\\\/\"},\"wordCount\":172,\"commentCount\":0,\"publisher\":{\"@id\":\"https:\\\/\\\/radiolitoral.com\\\/#organization\"},\"image\":{\"@id\":\"https:\\\/\\\/radiolitoral.com\\\/2023\\\/05\\\/se-desestima-la-denuncia-contra-el-pp-de-benissa-por-el-logo-de-campana\\\/#primaryimage\"},\"thumbnailUrl\":\"https:\\\/\\\/media.radiolitoral.com\\\/wp-content\\\/uploads\\\/2023\\\/05\\\/24195924\\\/5817_cartel-lista-electoral-partido-popular-benissa.jpg\",\"keywords\":[\"PP Benissa\"],\"articleSection\":[\"Tribunales\"],\"inLanguage\":\"ca\",\"potentialAction\":[{\"@type\":\"CommentAction\",\"name\":\"Comment\",\"target\":[\"https:\\\/\\\/radiolitoral.com\\\/2023\\\/05\\\/se-desestima-la-denuncia-contra-el-pp-de-benissa-por-el-logo-de-campana\\\/#respond\"]}]},{\"@type\":[\"WebPage\",\"ItemPage\"],\"@id\":\"https:\\\/\\\/radiolitoral.com\\\/2023\\\/05\\\/se-desestima-la-denuncia-contra-el-pp-de-benissa-por-el-logo-de-campana\\\/\",\"url\":\"https:\\\/\\\/radiolitoral.com\\\/2023\\\/05\\\/se-desestima-la-denuncia-contra-el-pp-de-benissa-por-el-logo-de-campana\\\/\",\"name\":\"Se desestima la denuncia contra el PP de Benissa por el logo de campa\u00f1a | R\u00e0dio Litoral\",\"isPartOf\":{\"@id\":\"https:\\\/\\\/radiolitoral.com\\\/#website\"},\"primaryImageOfPage\":{\"@id\":\"https:\\\/\\\/radiolitoral.com\\\/2023\\\/05\\\/se-desestima-la-denuncia-contra-el-pp-de-benissa-por-el-logo-de-campana\\\/#primaryimage\"},\"image\":{\"@id\":\"https:\\\/\\\/radiolitoral.com\\\/2023\\\/05\\\/se-desestima-la-denuncia-contra-el-pp-de-benissa-por-el-logo-de-campana\\\/#primaryimage\"},\"thumbnailUrl\":\"https:\\\/\\\/media.radiolitoral.com\\\/wp-content\\\/uploads\\\/2023\\\/05\\\/24195924\\\/5817_cartel-lista-electoral-partido-popular-benissa.jpg\",\"datePublished\":\"2023-05-24T18:01:13+00:00\",\"dateModified\":\"2023-05-24T18:02:18+00:00\",\"description\":\"Comprom\u00eds habla del uso indebido de la B de Benissa Comprom\u00eds habla del uso indebido de la B de Benissa\",\"breadcrumb\":{\"@id\":\"https:\\\/\\\/radiolitoral.com\\\/2023\\\/05\\\/se-desestima-la-denuncia-contra-el-pp-de-benissa-por-el-logo-de-campana\\\/#breadcrumb\"},\"inLanguage\":\"ca\",\"potentialAction\":[{\"@type\":\"ReadAction\",\"target\":[\"https:\\\/\\\/radiolitoral.com\\\/2023\\\/05\\\/se-desestima-la-denuncia-contra-el-pp-de-benissa-por-el-logo-de-campana\\\/\"]}]},{\"@type\":\"ImageObject\",\"inLanguage\":\"ca\",\"@id\":\"https:\\\/\\\/radiolitoral.com\\\/2023\\\/05\\\/se-desestima-la-denuncia-contra-el-pp-de-benissa-por-el-logo-de-campana\\\/#primaryimage\",\"url\":\"https:\\\/\\\/media.radiolitoral.com\\\/wp-content\\\/uploads\\\/2023\\\/05\\\/24195924\\\/5817_cartel-lista-electoral-partido-popular-benissa.jpg\",\"contentUrl\":\"https:\\\/\\\/media.radiolitoral.com\\\/wp-content\\\/uploads\\\/2023\\\/05\\\/24195924\\\/5817_cartel-lista-electoral-partido-popular-benissa.jpg\",\"width\":980,\"height\":483},{\"@type\":\"BreadcrumbList\",\"@id\":\"https:\\\/\\\/radiolitoral.com\\\/2023\\\/05\\\/se-desestima-la-denuncia-contra-el-pp-de-benissa-por-el-logo-de-campana\\\/#breadcrumb\",\"itemListElement\":[{\"@type\":\"ListItem\",\"position\":1,\"name\":\"Portada\",\"item\":\"https:\\\/\\\/radiolitoral.com\\\/\"},{\"@type\":\"ListItem\",\"position\":2,\"name\":\"Se desestima la denuncia contra el PP de Benissa por el logo de campa\u00f1a\"}]},{\"@type\":\"WebSite\",\"@id\":\"https:\\\/\\\/radiolitoral.com\\\/#website\",\"url\":\"https:\\\/\\\/radiolitoral.com\\\/\",\"name\":\"Radio Litoral\",\"description\":\"La radio local de la Marina Alta\",\"publisher\":{\"@id\":\"https:\\\/\\\/radiolitoral.com\\\/#organization\"},\"alternateName\":\"Litoral FM\",\"potentialAction\":[{\"@type\":\"SearchAction\",\"target\":{\"@type\":\"EntryPoint\",\"urlTemplate\":\"https:\\\/\\\/radiolitoral.com\\\/?s={search_term_string}\"},\"query-input\":{\"@type\":\"PropertyValueSpecification\",\"valueRequired\":true,\"valueName\":\"search_term_string\"}}],\"inLanguage\":\"ca\"},{\"@type\":\"Organization\",\"@id\":\"https:\\\/\\\/radiolitoral.com\\\/#organization\",\"name\":\"Radio Litoral\",\"url\":\"https:\\\/\\\/radiolitoral.com\\\/\",\"logo\":{\"@type\":\"ImageObject\",\"inLanguage\":\"ca\",\"@id\":\"https:\\\/\\\/radiolitoral.com\\\/#\\\/schema\\\/logo\\\/image\\\/\",\"url\":\"https:\\\/\\\/media.radiolitoral.com\\\/wp-content\\\/uploads\\\/2023\\\/02\\\/24143238\\\/CL-V-RadioLitoral696.png\",\"contentUrl\":\"https:\\\/\\\/media.radiolitoral.com\\\/wp-content\\\/uploads\\\/2023\\\/02\\\/24143238\\\/CL-V-RadioLitoral696.png\",\"width\":696,\"height\":696,\"caption\":\"Radio Litoral\"},\"image\":{\"@id\":\"https:\\\/\\\/radiolitoral.com\\\/#\\\/schema\\\/logo\\\/image\\\/\"},\"sameAs\":[\"https:\\\/\\\/www.facebook.com\\\/Laradiolitoral\\\/\"]},{\"@type\":\"Person\",\"@id\":\"https:\\\/\\\/radiolitoral.com\\\/#\\\/schema\\\/person\\\/aad4f72efa404f85b68e832d24cac059\",\"name\":\"Mel Pescuezo\",\"image\":{\"@type\":\"ImageObject\",\"inLanguage\":\"ca\",\"@id\":\"https:\\\/\\\/secure.gravatar.com\\\/avatar\\\/993975ae489c70cb0dd9bfa9413a082f0bd276582dac13661af7b33f161e7eea?s=96&d=mm&r=g\",\"url\":\"https:\\\/\\\/secure.gravatar.com\\\/avatar\\\/993975ae489c70cb0dd9bfa9413a082f0bd276582dac13661af7b33f161e7eea?s=96&d=mm&r=g\",\"contentUrl\":\"https:\\\/\\\/secure.gravatar.com\\\/avatar\\\/993975ae489c70cb0dd9bfa9413a082f0bd276582dac13661af7b33f161e7eea?s=96&d=mm&r=g\",\"caption\":\"Mel Pescuezo\"},\"url\":\"https:\\\/\\\/radiolitoral.com\\\/ca\\\/author\\\/serviciospararadios\\\/\"}]}<\/script>\n<!-- \/ Yoast SEO plugin. -->","yoast_head_json":{"title":"Es desestima la den\u00fancia contra el PP de Benissa pel logo de campanya | R\u00e0dio Litoral","description":"Comprom\u00eds parla de l&#039;\u00fas indegut de la B de Benissa Comprom\u00eds parla de l&#039;\u00fas indegut de la B de Benissa","robots":{"index":"index","follow":"follow","max-snippet":"max-snippet:-1","max-image-preview":"max-image-preview:large","max-video-preview":"max-video-preview:-1"},"canonical":"https:\/\/radiolitoral.com\/ca\/2023\/05\/es-desestima-la-denuncia-contra-el-pp-de-benissa-pel-logo-de-campana\/","og_locale":"ca_ES","og_type":"article","og_title":"Se desestima la denuncia contra el PP de Benissa por el logo de campa\u00f1a | R\u00e0dio Litoral","og_description":"Comprom\u00eds habla del uso indebido de la B de Benissa Comprom\u00eds habla del uso indebido de la B de Benissa","og_url":"https:\/\/radiolitoral.com\/ca\/2023\/05\/es-desestima-la-denuncia-contra-el-pp-de-benissa-pel-logo-de-campana\/","og_site_name":"R\u00e0dio Litoral","article_publisher":"https:\/\/www.facebook.com\/Laradiolitoral\/","article_published_time":"2023-05-24T18:01:13+00:00","article_modified_time":"2023-05-24T18:02:18+00:00","og_image":[{"width":980,"height":483,"url":"https:\/\/media.radiolitoral.com\/wp-content\/uploads\/2023\/05\/24195924\/5817_cartel-lista-electoral-partido-popular-benissa.jpg","type":"image\/jpeg"}],"author":"Mel Pescuezo","twitter_card":"summary_large_image","twitter_misc":{"Escrit per":"Mel Pescuezo","Temps estimat de lectura":"1 minut"},"schema":{"@context":"https:\/\/schema.org","@graph":[{"@type":"NewsArticle","@id":"https:\/\/radiolitoral.com\/2023\/05\/se-desestima-la-denuncia-contra-el-pp-de-benissa-por-el-logo-de-campana\/#article","isPartOf":{"@id":"https:\/\/radiolitoral.com\/2023\/05\/se-desestima-la-denuncia-contra-el-pp-de-benissa-por-el-logo-de-campana\/"},"author":{"name":"Mel Pescuezo","@id":"https:\/\/radiolitoral.com\/#\/schema\/person\/aad4f72efa404f85b68e832d24cac059"},"headline":"Se desestima la denuncia contra el PP de Benissa por el logo de campa\u00f1a","datePublished":"2023-05-24T18:01:13+00:00","dateModified":"2023-05-24T18:02:18+00:00","mainEntityOfPage":{"@id":"https:\/\/radiolitoral.com\/2023\/05\/se-desestima-la-denuncia-contra-el-pp-de-benissa-por-el-logo-de-campana\/"},"wordCount":172,"commentCount":0,"publisher":{"@id":"https:\/\/radiolitoral.com\/#organization"},"image":{"@id":"https:\/\/radiolitoral.com\/2023\/05\/se-desestima-la-denuncia-contra-el-pp-de-benissa-por-el-logo-de-campana\/#primaryimage"},"thumbnailUrl":"https:\/\/media.radiolitoral.com\/wp-content\/uploads\/2023\/05\/24195924\/5817_cartel-lista-electoral-partido-popular-benissa.jpg","keywords":["PP Benissa"],"articleSection":["Tribunales"],"inLanguage":"ca","potentialAction":[{"@type":"CommentAction","name":"Comment","target":["https:\/\/radiolitoral.com\/2023\/05\/se-desestima-la-denuncia-contra-el-pp-de-benissa-por-el-logo-de-campana\/#respond"]}]},{"@type":["WebPage","ItemPage"],"@id":"https:\/\/radiolitoral.com\/2023\/05\/se-desestima-la-denuncia-contra-el-pp-de-benissa-por-el-logo-de-campana\/","url":"https:\/\/radiolitoral.com\/2023\/05\/se-desestima-la-denuncia-contra-el-pp-de-benissa-por-el-logo-de-campana\/","name":"Es desestima la den\u00fancia contra el PP de Benissa pel logo de campanya | R\u00e0dio Litoral","isPartOf":{"@id":"https:\/\/radiolitoral.com\/#website"},"primaryImageOfPage":{"@id":"https:\/\/radiolitoral.com\/2023\/05\/se-desestima-la-denuncia-contra-el-pp-de-benissa-por-el-logo-de-campana\/#primaryimage"},"image":{"@id":"https:\/\/radiolitoral.com\/2023\/05\/se-desestima-la-denuncia-contra-el-pp-de-benissa-por-el-logo-de-campana\/#primaryimage"},"thumbnailUrl":"https:\/\/media.radiolitoral.com\/wp-content\/uploads\/2023\/05\/24195924\/5817_cartel-lista-electoral-partido-popular-benissa.jpg","datePublished":"2023-05-24T18:01:13+00:00","dateModified":"2023-05-24T18:02:18+00:00","description":"Comprom\u00eds parla de l&#039;\u00fas indegut de la B de Benissa Comprom\u00eds parla de l&#039;\u00fas indegut de la B de Benissa","breadcrumb":{"@id":"https:\/\/radiolitoral.com\/2023\/05\/se-desestima-la-denuncia-contra-el-pp-de-benissa-por-el-logo-de-campana\/#breadcrumb"},"inLanguage":"ca","potentialAction":[{"@type":"ReadAction","target":["https:\/\/radiolitoral.com\/2023\/05\/se-desestima-la-denuncia-contra-el-pp-de-benissa-por-el-logo-de-campana\/"]}]},{"@type":"ImageObject","inLanguage":"ca","@id":"https:\/\/radiolitoral.com\/2023\/05\/se-desestima-la-denuncia-contra-el-pp-de-benissa-por-el-logo-de-campana\/#primaryimage","url":"https:\/\/media.radiolitoral.com\/wp-content\/uploads\/2023\/05\/24195924\/5817_cartel-lista-electoral-partido-popular-benissa.jpg","contentUrl":"https:\/\/media.radiolitoral.com\/wp-content\/uploads\/2023\/05\/24195924\/5817_cartel-lista-electoral-partido-popular-benissa.jpg","width":980,"height":483},{"@type":"BreadcrumbList","@id":"https:\/\/radiolitoral.com\/2023\/05\/se-desestima-la-denuncia-contra-el-pp-de-benissa-por-el-logo-de-campana\/#breadcrumb","itemListElement":[{"@type":"ListItem","position":1,"name":"Portada","item":"https:\/\/radiolitoral.com\/"},{"@type":"ListItem","position":2,"name":"Se desestima la denuncia contra el PP de Benissa por el logo de campa\u00f1a"}]},{"@type":"WebSite","@id":"https:\/\/radiolitoral.com\/#website","url":"https:\/\/radiolitoral.com\/","name":"R\u00e0dio Litoral","description":"La r\u00e0dio local de la Marina Alta","publisher":{"@id":"https:\/\/radiolitoral.com\/#organization"},"alternateName":"Litoral FM","potentialAction":[{"@type":"SearchAction","target":{"@type":"EntryPoint","urlTemplate":"https:\/\/radiolitoral.com\/?s={search_term_string}"},"query-input":{"@type":"PropertyValueSpecification","valueRequired":true,"valueName":"search_term_string"}}],"inLanguage":"ca"},{"@type":"Organization","@id":"https:\/\/radiolitoral.com\/#organization","name":"R\u00e0dio Litoral","url":"https:\/\/radiolitoral.com\/","logo":{"@type":"ImageObject","inLanguage":"ca","@id":"https:\/\/radiolitoral.com\/#\/schema\/logo\/image\/","url":"https:\/\/media.radiolitoral.com\/wp-content\/uploads\/2023\/02\/24143238\/CL-V-RadioLitoral696.png","contentUrl":"https:\/\/media.radiolitoral.com\/wp-content\/uploads\/2023\/02\/24143238\/CL-V-RadioLitoral696.png","width":696,"height":696,"caption":"Radio Litoral"},"image":{"@id":"https:\/\/radiolitoral.com\/#\/schema\/logo\/image\/"},"sameAs":["https:\/\/www.facebook.com\/Laradiolitoral\/"]},{"@type":"Person","@id":"https:\/\/radiolitoral.com\/#\/schema\/person\/aad4f72efa404f85b68e832d24cac059","name":"Mel Pescuezo","image":{"@type":"ImageObject","inLanguage":"ca","@id":"https:\/\/secure.gravatar.com\/avatar\/993975ae489c70cb0dd9bfa9413a082f0bd276582dac13661af7b33f161e7eea?s=96&d=mm&r=g","url":"https:\/\/secure.gravatar.com\/avatar\/993975ae489c70cb0dd9bfa9413a082f0bd276582dac13661af7b33f161e7eea?s=96&d=mm&r=g","contentUrl":"https:\/\/secure.gravatar.com\/avatar\/993975ae489c70cb0dd9bfa9413a082f0bd276582dac13661af7b33f161e7eea?s=96&d=mm&r=g","caption":"Mel Pescuezo"},"url":"https:\/\/radiolitoral.com\/ca\/author\/serviciospararadios\/"}]}},"_links":{"self":[{"href":"https:\/\/radiolitoral.com\/ca\/wp-json\/wp\/v2\/posts\/3389","targetHints":{"allow":["GET"]}}],"collection":[{"href":"https:\/\/radiolitoral.com\/ca\/wp-json\/wp\/v2\/posts"}],"about":[{"href":"https:\/\/radiolitoral.com\/ca\/wp-json\/wp\/v2\/types\/post"}],"author":[{"embeddable":true,"href":"https:\/\/radiolitoral.com\/ca\/wp-json\/wp\/v2\/users\/21"}],"replies":[{"embeddable":true,"href":"https:\/\/radiolitoral.com\/ca\/wp-json\/wp\/v2\/comments?post=3389"}],"version-history":[{"count":1,"href":"https:\/\/radiolitoral.com\/ca\/wp-json\/wp\/v2\/posts\/3389\/revisions"}],"predecessor-version":[{"id":3393,"href":"https:\/\/radiolitoral.com\/ca\/wp-json\/wp\/v2\/posts\/3389\/revisions\/3393"}],"wp:featuredmedia":[{"embeddable":true,"href":"https:\/\/radiolitoral.com\/ca\/wp-json\/wp\/v2\/media\/3392"}],"wp:attachment":[{"href":"https:\/\/radiolitoral.com\/ca\/wp-json\/wp\/v2\/media?parent=3389"}],"wp:term":[{"taxonomy":"category","embeddable":true,"href":"https:\/\/radiolitoral.com\/ca\/wp-json\/wp\/v2\/categories?post=3389"},{"taxonomy":"post_tag","embeddable":true,"href":"https:\/\/radiolitoral.com\/ca\/wp-json\/wp\/v2\/tags?post=3389"}],"curies":[{"name":"wp","href":"https:\/\/api.w.org\/{rel}","templated":true}]}}