{"id":3361,"date":"2023-05-23T17:22:51","date_gmt":"2023-05-23T15:22:51","guid":{"rendered":"https:\/\/radiolitoral.com\/?p=3361"},"modified":"2023-05-23T17:24:09","modified_gmt":"2023-05-23T15:24:09","slug":"lalcalde-de-benissa-sha-reunit-amb-els-empresaris-per-parlar-al-voltant-de-les-inversions-productives","status":"publish","type":"post","link":"https:\/\/radiolitoral.com\/ca\/2023\/05\/el-alcalde-de-benissa-se-ha-reunido-con-los-empresarios-para-hablar-en-torno-a-las-inversiones-productivas\/","title":{"rendered":"L&#039;alcalde de Benissa s&#039;ha reunit amb els empresaris per parlar al voltant de les inversions productives"},"content":{"rendered":"<p>En el marc de la campanya electoral, Arturo Poquet, actual alcalde de Benissa i n\u00famero 1 del PP, s&#039;ha reunit amb representants del teixit empresarial local per parlar d&#039;&#039;inversions productives&#039;.<\/p>\n<p>Un dinar, al qual han acudit m\u00e9s de 50 empresaris. Davant d&#039;ells, el l\u00edder popular ha assegurat que \u201cBenissa t\u00e9 una economia forta i robusta. Poquet basa la seva afirmaci\u00f3 en les darreres dades d&#039;ocupaci\u00f3, ja que caldria acudir a les xifres del 2007 per veure millors indicadors dels que apareixen el 2022 i el 2023.<\/p>\n<p>Des de les files populars s&#039;ha animat el sector a continuar treballant en aquesta bona direcci\u00f3, ia continuar apostant per la introducci\u00f3 d&#039;elements d&#039;innovaci\u00f3 a les empreses. Poquet ha dit que mentre ell sigui alcalde, \u201cl&#039;Ajuntament de Benissa s&#039;esfor\u00e7ar\u00e0 per reduir, tant com sigui possible, tota la burocr\u00e0cia administrativa que en moltes ocasions \u00e9s un fre per a l&#039;impuls privat\u201d.<\/p>","protected":false},"excerpt":{"rendered":"<p>En el marco de la campa\u00f1a electoral, Arturo Poquet, actual alcalde de Benissa y n\u00famero 1 del PP, se ha reunido con representantes del tejido empresarial local para hablar de \u2018inversiones productivas\u2019. Un almuerzo, al que han acudido m\u00e1s de 50 empresarios. Ante ellos, el l\u00edder popular ha asegurado que \u201cBenissa tiene una econom\u00eda fuerte [&#8230;]<\/p>\n<p><a class=\"btn btn-secondary understrap-read-more-link\" href=\"https:\/\/radiolitoral.com\/ca\/2023\/05\/el-alcalde-de-benissa-se-ha-reunido-con-los-empresarios-para-hablar-en-torno-a-las-inversiones-productivas\/\">Continua llegint&#8230;<span class=\"screen-reader-text\"> from El alcalde de Benissa se ha reunido con los empresarios para hablar en torno a las inversiones productivas<\/span><\/a><\/p>\n","protected":false},"author":21,"featured_media":3362,"comment_status":"open","ping_status":"closed","sticky":false,"template":"","format":"standard","meta":{"_acf_changed":false,"inline_featured_image":false,"footnotes":""},"categories":[13],"tags":[126,700],"class_list":["post-3361","post","type-post","status-publish","format-standard","has-post-thumbnail","hentry","category-politica","tag-benissa","tag-empresarios-benissa"],"acf":[],"yoast_head":"<!-- This site is optimized with the Yoast SEO plugin v27.5 - https:\/\/yoast.com\/product\/yoast-seo-wordpress\/ -->\n<title>El alcalde de Benissa se ha reunido con los empresarios para hablar en torno a las inversiones productivas | R\u00e0dio Litoral<\/title>\n<meta name=\"description\" content=\"Arturo Poquet afirma que reducir\u00e1 la burocracia administrativa Arturo Poquet afirma que reducir\u00e1 la burocracia administrativa\" \/>\n<meta name=\"robots\" content=\"index, follow, max-snippet:-1, max-image-preview:large, max-video-preview:-1\" \/>\n<link rel=\"canonical\" href=\"https:\/\/radiolitoral.com\/ca\/2023\/05\/lalcalde-de-benissa-sha-reunit-amb-els-empresaris-per-parlar-al-voltant-de-les-inversions-productives\/\" \/>\n<meta property=\"og:locale\" content=\"ca_ES\" \/>\n<meta property=\"og:type\" content=\"article\" \/>\n<meta property=\"og:title\" content=\"El alcalde de Benissa se ha reunido con los empresarios para hablar en torno a las inversiones productivas | R\u00e0dio Litoral\" \/>\n<meta property=\"og:description\" content=\"Arturo Poquet afirma que reducir\u00e1 la burocracia administrativa Arturo Poquet afirma que reducir\u00e1 la burocracia administrativa\" \/>\n<meta property=\"og:url\" content=\"https:\/\/radiolitoral.com\/ca\/2023\/05\/lalcalde-de-benissa-sha-reunit-amb-els-empresaris-per-parlar-al-voltant-de-les-inversions-productives\/\" \/>\n<meta property=\"og:site_name\" content=\"R\u00e0dio Litoral\" \/>\n<meta property=\"article:publisher\" content=\"https:\/\/www.facebook.com\/Laradiolitoral\/\" \/>\n<meta property=\"article:published_time\" content=\"2023-05-23T15:22:51+00:00\" \/>\n<meta property=\"article:modified_time\" content=\"2023-05-23T15:24:09+00:00\" \/>\n<meta property=\"og:image\" content=\"https:\/\/media.radiolitoral.com\/wp-content\/uploads\/2023\/05\/23172245\/REUNION.jpeg\" \/>\n\t<meta property=\"og:image:width\" content=\"1320\" \/>\n\t<meta property=\"og:image:height\" content=\"736\" \/>\n\t<meta property=\"og:image:type\" content=\"image\/jpeg\" \/>\n<meta name=\"author\" content=\"Mel Pescuezo\" \/>\n<meta name=\"twitter:card\" content=\"summary_large_image\" \/>\n<meta name=\"twitter:label1\" content=\"Escrit per\" \/>\n\t<meta name=\"twitter:data1\" content=\"Mel Pescuezo\" \/>\n\t<meta name=\"twitter:label2\" content=\"Temps estimat de lectura\" \/>\n\t<meta name=\"twitter:data2\" content=\"1 minut\" \/>\n<script type=\"application\/ld+json\" class=\"yoast-schema-graph\">{\"@context\":\"https:\\\/\\\/schema.org\",\"@graph\":[{\"@type\":\"NewsArticle\",\"@id\":\"https:\\\/\\\/radiolitoral.com\\\/2023\\\/05\\\/el-alcalde-de-benissa-se-ha-reunido-con-los-empresarios-para-hablar-en-torno-a-las-inversiones-productivas\\\/#article\",\"isPartOf\":{\"@id\":\"https:\\\/\\\/radiolitoral.com\\\/2023\\\/05\\\/el-alcalde-de-benissa-se-ha-reunido-con-los-empresarios-para-hablar-en-torno-a-las-inversiones-productivas\\\/\"},\"author\":{\"name\":\"Mel Pescuezo\",\"@id\":\"https:\\\/\\\/radiolitoral.com\\\/#\\\/schema\\\/person\\\/aad4f72efa404f85b68e832d24cac059\"},\"headline\":\"El alcalde de Benissa se ha reunido con los empresarios para hablar en torno a las inversiones productivas\",\"datePublished\":\"2023-05-23T15:22:51+00:00\",\"dateModified\":\"2023-05-23T15:24:09+00:00\",\"mainEntityOfPage\":{\"@id\":\"https:\\\/\\\/radiolitoral.com\\\/2023\\\/05\\\/el-alcalde-de-benissa-se-ha-reunido-con-los-empresarios-para-hablar-en-torno-a-las-inversiones-productivas\\\/\"},\"wordCount\":179,\"commentCount\":0,\"publisher\":{\"@id\":\"https:\\\/\\\/radiolitoral.com\\\/#organization\"},\"image\":{\"@id\":\"https:\\\/\\\/radiolitoral.com\\\/2023\\\/05\\\/el-alcalde-de-benissa-se-ha-reunido-con-los-empresarios-para-hablar-en-torno-a-las-inversiones-productivas\\\/#primaryimage\"},\"thumbnailUrl\":\"https:\\\/\\\/media.radiolitoral.com\\\/wp-content\\\/uploads\\\/2023\\\/05\\\/23172245\\\/REUNION.jpeg\",\"keywords\":[\"Benissa\",\"empresarios Benissa\"],\"articleSection\":[\"Pol\u00edtica\"],\"inLanguage\":\"ca\",\"potentialAction\":[{\"@type\":\"CommentAction\",\"name\":\"Comment\",\"target\":[\"https:\\\/\\\/radiolitoral.com\\\/2023\\\/05\\\/el-alcalde-de-benissa-se-ha-reunido-con-los-empresarios-para-hablar-en-torno-a-las-inversiones-productivas\\\/#respond\"]}]},{\"@type\":[\"WebPage\",\"ItemPage\"],\"@id\":\"https:\\\/\\\/radiolitoral.com\\\/2023\\\/05\\\/el-alcalde-de-benissa-se-ha-reunido-con-los-empresarios-para-hablar-en-torno-a-las-inversiones-productivas\\\/\",\"url\":\"https:\\\/\\\/radiolitoral.com\\\/2023\\\/05\\\/el-alcalde-de-benissa-se-ha-reunido-con-los-empresarios-para-hablar-en-torno-a-las-inversiones-productivas\\\/\",\"name\":\"El alcalde de Benissa se ha reunido con los empresarios para hablar en torno a las inversiones productivas | R\u00e0dio Litoral\",\"isPartOf\":{\"@id\":\"https:\\\/\\\/radiolitoral.com\\\/#website\"},\"primaryImageOfPage\":{\"@id\":\"https:\\\/\\\/radiolitoral.com\\\/2023\\\/05\\\/el-alcalde-de-benissa-se-ha-reunido-con-los-empresarios-para-hablar-en-torno-a-las-inversiones-productivas\\\/#primaryimage\"},\"image\":{\"@id\":\"https:\\\/\\\/radiolitoral.com\\\/2023\\\/05\\\/el-alcalde-de-benissa-se-ha-reunido-con-los-empresarios-para-hablar-en-torno-a-las-inversiones-productivas\\\/#primaryimage\"},\"thumbnailUrl\":\"https:\\\/\\\/media.radiolitoral.com\\\/wp-content\\\/uploads\\\/2023\\\/05\\\/23172245\\\/REUNION.jpeg\",\"datePublished\":\"2023-05-23T15:22:51+00:00\",\"dateModified\":\"2023-05-23T15:24:09+00:00\",\"description\":\"Arturo Poquet afirma que reducir\u00e1 la burocracia administrativa Arturo Poquet afirma que reducir\u00e1 la burocracia administrativa\",\"breadcrumb\":{\"@id\":\"https:\\\/\\\/radiolitoral.com\\\/2023\\\/05\\\/el-alcalde-de-benissa-se-ha-reunido-con-los-empresarios-para-hablar-en-torno-a-las-inversiones-productivas\\\/#breadcrumb\"},\"inLanguage\":\"ca\",\"potentialAction\":[{\"@type\":\"ReadAction\",\"target\":[\"https:\\\/\\\/radiolitoral.com\\\/2023\\\/05\\\/el-alcalde-de-benissa-se-ha-reunido-con-los-empresarios-para-hablar-en-torno-a-las-inversiones-productivas\\\/\"]}]},{\"@type\":\"ImageObject\",\"inLanguage\":\"ca\",\"@id\":\"https:\\\/\\\/radiolitoral.com\\\/2023\\\/05\\\/el-alcalde-de-benissa-se-ha-reunido-con-los-empresarios-para-hablar-en-torno-a-las-inversiones-productivas\\\/#primaryimage\",\"url\":\"https:\\\/\\\/media.radiolitoral.com\\\/wp-content\\\/uploads\\\/2023\\\/05\\\/23172245\\\/REUNION.jpeg\",\"contentUrl\":\"https:\\\/\\\/media.radiolitoral.com\\\/wp-content\\\/uploads\\\/2023\\\/05\\\/23172245\\\/REUNION.jpeg\",\"width\":1320,\"height\":736},{\"@type\":\"BreadcrumbList\",\"@id\":\"https:\\\/\\\/radiolitoral.com\\\/2023\\\/05\\\/el-alcalde-de-benissa-se-ha-reunido-con-los-empresarios-para-hablar-en-torno-a-las-inversiones-productivas\\\/#breadcrumb\",\"itemListElement\":[{\"@type\":\"ListItem\",\"position\":1,\"name\":\"Portada\",\"item\":\"https:\\\/\\\/radiolitoral.com\\\/\"},{\"@type\":\"ListItem\",\"position\":2,\"name\":\"El alcalde de Benissa se ha reunido con los empresarios para hablar en torno a las inversiones productivas\"}]},{\"@type\":\"WebSite\",\"@id\":\"https:\\\/\\\/radiolitoral.com\\\/#website\",\"url\":\"https:\\\/\\\/radiolitoral.com\\\/\",\"name\":\"Radio Litoral\",\"description\":\"La radio local de la Marina Alta\",\"publisher\":{\"@id\":\"https:\\\/\\\/radiolitoral.com\\\/#organization\"},\"alternateName\":\"Litoral FM\",\"potentialAction\":[{\"@type\":\"SearchAction\",\"target\":{\"@type\":\"EntryPoint\",\"urlTemplate\":\"https:\\\/\\\/radiolitoral.com\\\/?s={search_term_string}\"},\"query-input\":{\"@type\":\"PropertyValueSpecification\",\"valueRequired\":true,\"valueName\":\"search_term_string\"}}],\"inLanguage\":\"ca\"},{\"@type\":\"Organization\",\"@id\":\"https:\\\/\\\/radiolitoral.com\\\/#organization\",\"name\":\"Radio Litoral\",\"url\":\"https:\\\/\\\/radiolitoral.com\\\/\",\"logo\":{\"@type\":\"ImageObject\",\"inLanguage\":\"ca\",\"@id\":\"https:\\\/\\\/radiolitoral.com\\\/#\\\/schema\\\/logo\\\/image\\\/\",\"url\":\"https:\\\/\\\/media.radiolitoral.com\\\/wp-content\\\/uploads\\\/2023\\\/02\\\/24143238\\\/CL-V-RadioLitoral696.png\",\"contentUrl\":\"https:\\\/\\\/media.radiolitoral.com\\\/wp-content\\\/uploads\\\/2023\\\/02\\\/24143238\\\/CL-V-RadioLitoral696.png\",\"width\":696,\"height\":696,\"caption\":\"Radio Litoral\"},\"image\":{\"@id\":\"https:\\\/\\\/radiolitoral.com\\\/#\\\/schema\\\/logo\\\/image\\\/\"},\"sameAs\":[\"https:\\\/\\\/www.facebook.com\\\/Laradiolitoral\\\/\"]},{\"@type\":\"Person\",\"@id\":\"https:\\\/\\\/radiolitoral.com\\\/#\\\/schema\\\/person\\\/aad4f72efa404f85b68e832d24cac059\",\"name\":\"Mel Pescuezo\",\"image\":{\"@type\":\"ImageObject\",\"inLanguage\":\"ca\",\"@id\":\"https:\\\/\\\/secure.gravatar.com\\\/avatar\\\/993975ae489c70cb0dd9bfa9413a082f0bd276582dac13661af7b33f161e7eea?s=96&d=mm&r=g\",\"url\":\"https:\\\/\\\/secure.gravatar.com\\\/avatar\\\/993975ae489c70cb0dd9bfa9413a082f0bd276582dac13661af7b33f161e7eea?s=96&d=mm&r=g\",\"contentUrl\":\"https:\\\/\\\/secure.gravatar.com\\\/avatar\\\/993975ae489c70cb0dd9bfa9413a082f0bd276582dac13661af7b33f161e7eea?s=96&d=mm&r=g\",\"caption\":\"Mel Pescuezo\"},\"url\":\"https:\\\/\\\/radiolitoral.com\\\/ca\\\/author\\\/serviciospararadios\\\/\"}]}<\/script>\n<!-- \/ Yoast SEO plugin. -->","yoast_head_json":{"title":"L&#039;alcalde de Benissa s&#039;ha reunit amb els empresaris per parlar al voltant de les inversions productives R\u00e0dio Litoral","description":"Arturo Poquet afirma que reduir\u00e0 la burocr\u00e0cia administrativa Arturo Poquet afirma que reduir\u00e0 la burocr\u00e0cia administrativa","robots":{"index":"index","follow":"follow","max-snippet":"max-snippet:-1","max-image-preview":"max-image-preview:large","max-video-preview":"max-video-preview:-1"},"canonical":"https:\/\/radiolitoral.com\/ca\/2023\/05\/lalcalde-de-benissa-sha-reunit-amb-els-empresaris-per-parlar-al-voltant-de-les-inversions-productives\/","og_locale":"ca_ES","og_type":"article","og_title":"El alcalde de Benissa se ha reunido con los empresarios para hablar en torno a las inversiones productivas | R\u00e0dio Litoral","og_description":"Arturo Poquet afirma que reducir\u00e1 la burocracia administrativa Arturo Poquet afirma que reducir\u00e1 la burocracia administrativa","og_url":"https:\/\/radiolitoral.com\/ca\/2023\/05\/lalcalde-de-benissa-sha-reunit-amb-els-empresaris-per-parlar-al-voltant-de-les-inversions-productives\/","og_site_name":"R\u00e0dio Litoral","article_publisher":"https:\/\/www.facebook.com\/Laradiolitoral\/","article_published_time":"2023-05-23T15:22:51+00:00","article_modified_time":"2023-05-23T15:24:09+00:00","og_image":[{"width":1320,"height":736,"url":"https:\/\/media.radiolitoral.com\/wp-content\/uploads\/2023\/05\/23172245\/REUNION.jpeg","type":"image\/jpeg"}],"author":"Mel Pescuezo","twitter_card":"summary_large_image","twitter_misc":{"Escrit per":"Mel Pescuezo","Temps estimat de lectura":"1 minut"},"schema":{"@context":"https:\/\/schema.org","@graph":[{"@type":"NewsArticle","@id":"https:\/\/radiolitoral.com\/2023\/05\/el-alcalde-de-benissa-se-ha-reunido-con-los-empresarios-para-hablar-en-torno-a-las-inversiones-productivas\/#article","isPartOf":{"@id":"https:\/\/radiolitoral.com\/2023\/05\/el-alcalde-de-benissa-se-ha-reunido-con-los-empresarios-para-hablar-en-torno-a-las-inversiones-productivas\/"},"author":{"name":"Mel Pescuezo","@id":"https:\/\/radiolitoral.com\/#\/schema\/person\/aad4f72efa404f85b68e832d24cac059"},"headline":"El alcalde de Benissa se ha reunido con los empresarios para hablar en torno a las inversiones productivas","datePublished":"2023-05-23T15:22:51+00:00","dateModified":"2023-05-23T15:24:09+00:00","mainEntityOfPage":{"@id":"https:\/\/radiolitoral.com\/2023\/05\/el-alcalde-de-benissa-se-ha-reunido-con-los-empresarios-para-hablar-en-torno-a-las-inversiones-productivas\/"},"wordCount":179,"commentCount":0,"publisher":{"@id":"https:\/\/radiolitoral.com\/#organization"},"image":{"@id":"https:\/\/radiolitoral.com\/2023\/05\/el-alcalde-de-benissa-se-ha-reunido-con-los-empresarios-para-hablar-en-torno-a-las-inversiones-productivas\/#primaryimage"},"thumbnailUrl":"https:\/\/media.radiolitoral.com\/wp-content\/uploads\/2023\/05\/23172245\/REUNION.jpeg","keywords":["Benissa","empresarios Benissa"],"articleSection":["Pol\u00edtica"],"inLanguage":"ca","potentialAction":[{"@type":"CommentAction","name":"Comment","target":["https:\/\/radiolitoral.com\/2023\/05\/el-alcalde-de-benissa-se-ha-reunido-con-los-empresarios-para-hablar-en-torno-a-las-inversiones-productivas\/#respond"]}]},{"@type":["WebPage","ItemPage"],"@id":"https:\/\/radiolitoral.com\/2023\/05\/el-alcalde-de-benissa-se-ha-reunido-con-los-empresarios-para-hablar-en-torno-a-las-inversiones-productivas\/","url":"https:\/\/radiolitoral.com\/2023\/05\/el-alcalde-de-benissa-se-ha-reunido-con-los-empresarios-para-hablar-en-torno-a-las-inversiones-productivas\/","name":"L&#039;alcalde de Benissa s&#039;ha reunit amb els empresaris per parlar al voltant de les inversions productives R\u00e0dio Litoral","isPartOf":{"@id":"https:\/\/radiolitoral.com\/#website"},"primaryImageOfPage":{"@id":"https:\/\/radiolitoral.com\/2023\/05\/el-alcalde-de-benissa-se-ha-reunido-con-los-empresarios-para-hablar-en-torno-a-las-inversiones-productivas\/#primaryimage"},"image":{"@id":"https:\/\/radiolitoral.com\/2023\/05\/el-alcalde-de-benissa-se-ha-reunido-con-los-empresarios-para-hablar-en-torno-a-las-inversiones-productivas\/#primaryimage"},"thumbnailUrl":"https:\/\/media.radiolitoral.com\/wp-content\/uploads\/2023\/05\/23172245\/REUNION.jpeg","datePublished":"2023-05-23T15:22:51+00:00","dateModified":"2023-05-23T15:24:09+00:00","description":"Arturo Poquet afirma que reduir\u00e0 la burocr\u00e0cia administrativa Arturo Poquet afirma que reduir\u00e0 la burocr\u00e0cia administrativa","breadcrumb":{"@id":"https:\/\/radiolitoral.com\/2023\/05\/el-alcalde-de-benissa-se-ha-reunido-con-los-empresarios-para-hablar-en-torno-a-las-inversiones-productivas\/#breadcrumb"},"inLanguage":"ca","potentialAction":[{"@type":"ReadAction","target":["https:\/\/radiolitoral.com\/2023\/05\/el-alcalde-de-benissa-se-ha-reunido-con-los-empresarios-para-hablar-en-torno-a-las-inversiones-productivas\/"]}]},{"@type":"ImageObject","inLanguage":"ca","@id":"https:\/\/radiolitoral.com\/2023\/05\/el-alcalde-de-benissa-se-ha-reunido-con-los-empresarios-para-hablar-en-torno-a-las-inversiones-productivas\/#primaryimage","url":"https:\/\/media.radiolitoral.com\/wp-content\/uploads\/2023\/05\/23172245\/REUNION.jpeg","contentUrl":"https:\/\/media.radiolitoral.com\/wp-content\/uploads\/2023\/05\/23172245\/REUNION.jpeg","width":1320,"height":736},{"@type":"BreadcrumbList","@id":"https:\/\/radiolitoral.com\/2023\/05\/el-alcalde-de-benissa-se-ha-reunido-con-los-empresarios-para-hablar-en-torno-a-las-inversiones-productivas\/#breadcrumb","itemListElement":[{"@type":"ListItem","position":1,"name":"Portada","item":"https:\/\/radiolitoral.com\/"},{"@type":"ListItem","position":2,"name":"El alcalde de Benissa se ha reunido con los empresarios para hablar en torno a las inversiones productivas"}]},{"@type":"WebSite","@id":"https:\/\/radiolitoral.com\/#website","url":"https:\/\/radiolitoral.com\/","name":"R\u00e0dio Litoral","description":"La r\u00e0dio local de la Marina Alta","publisher":{"@id":"https:\/\/radiolitoral.com\/#organization"},"alternateName":"Litoral FM","potentialAction":[{"@type":"SearchAction","target":{"@type":"EntryPoint","urlTemplate":"https:\/\/radiolitoral.com\/?s={search_term_string}"},"query-input":{"@type":"PropertyValueSpecification","valueRequired":true,"valueName":"search_term_string"}}],"inLanguage":"ca"},{"@type":"Organization","@id":"https:\/\/radiolitoral.com\/#organization","name":"R\u00e0dio Litoral","url":"https:\/\/radiolitoral.com\/","logo":{"@type":"ImageObject","inLanguage":"ca","@id":"https:\/\/radiolitoral.com\/#\/schema\/logo\/image\/","url":"https:\/\/media.radiolitoral.com\/wp-content\/uploads\/2023\/02\/24143238\/CL-V-RadioLitoral696.png","contentUrl":"https:\/\/media.radiolitoral.com\/wp-content\/uploads\/2023\/02\/24143238\/CL-V-RadioLitoral696.png","width":696,"height":696,"caption":"Radio Litoral"},"image":{"@id":"https:\/\/radiolitoral.com\/#\/schema\/logo\/image\/"},"sameAs":["https:\/\/www.facebook.com\/Laradiolitoral\/"]},{"@type":"Person","@id":"https:\/\/radiolitoral.com\/#\/schema\/person\/aad4f72efa404f85b68e832d24cac059","name":"Mel Pescuezo","image":{"@type":"ImageObject","inLanguage":"ca","@id":"https:\/\/secure.gravatar.com\/avatar\/993975ae489c70cb0dd9bfa9413a082f0bd276582dac13661af7b33f161e7eea?s=96&d=mm&r=g","url":"https:\/\/secure.gravatar.com\/avatar\/993975ae489c70cb0dd9bfa9413a082f0bd276582dac13661af7b33f161e7eea?s=96&d=mm&r=g","contentUrl":"https:\/\/secure.gravatar.com\/avatar\/993975ae489c70cb0dd9bfa9413a082f0bd276582dac13661af7b33f161e7eea?s=96&d=mm&r=g","caption":"Mel Pescuezo"},"url":"https:\/\/radiolitoral.com\/ca\/author\/serviciospararadios\/"}]}},"_links":{"self":[{"href":"https:\/\/radiolitoral.com\/ca\/wp-json\/wp\/v2\/posts\/3361","targetHints":{"allow":["GET"]}}],"collection":[{"href":"https:\/\/radiolitoral.com\/ca\/wp-json\/wp\/v2\/posts"}],"about":[{"href":"https:\/\/radiolitoral.com\/ca\/wp-json\/wp\/v2\/types\/post"}],"author":[{"embeddable":true,"href":"https:\/\/radiolitoral.com\/ca\/wp-json\/wp\/v2\/users\/21"}],"replies":[{"embeddable":true,"href":"https:\/\/radiolitoral.com\/ca\/wp-json\/wp\/v2\/comments?post=3361"}],"version-history":[{"count":1,"href":"https:\/\/radiolitoral.com\/ca\/wp-json\/wp\/v2\/posts\/3361\/revisions"}],"predecessor-version":[{"id":3363,"href":"https:\/\/radiolitoral.com\/ca\/wp-json\/wp\/v2\/posts\/3361\/revisions\/3363"}],"wp:featuredmedia":[{"embeddable":true,"href":"https:\/\/radiolitoral.com\/ca\/wp-json\/wp\/v2\/media\/3362"}],"wp:attachment":[{"href":"https:\/\/radiolitoral.com\/ca\/wp-json\/wp\/v2\/media?parent=3361"}],"wp:term":[{"taxonomy":"category","embeddable":true,"href":"https:\/\/radiolitoral.com\/ca\/wp-json\/wp\/v2\/categories?post=3361"},{"taxonomy":"post_tag","embeddable":true,"href":"https:\/\/radiolitoral.com\/ca\/wp-json\/wp\/v2\/tags?post=3361"}],"curies":[{"name":"wp","href":"https:\/\/api.w.org\/{rel}","templated":true}]}}