{"id":3278,"date":"2023-05-19T19:44:52","date_gmt":"2023-05-19T17:44:52","guid":{"rendered":"https:\/\/radiolitoral.com\/?p=3278"},"modified":"2023-05-19T19:52:57","modified_gmt":"2023-05-19T17:52:57","slug":"multitudinaria-quedada-ciclista-women-in-bike-a-calp","status":"publish","type":"post","link":"https:\/\/radiolitoral.com\/ca\/2023\/05\/multitudinaria-quedada-ciclista-women-in-bike-en-calp\/","title":{"rendered":"Multitudin\u00e0ria quedada ciclista Women in Bike a Calp"},"content":{"rendered":"<p>L&#039;Hotel Suitop\u00eda \u2013 Sol i Mar Suites, ubicat a Calp, acollir\u00e0 el 21 de maig una quedada ciclista Women In Bike que comptar\u00e0 amb la pres\u00e8ncia de mig centenar de dones de la zona.<br \/>\nWomen In Bike \u00e9s el programa de la Reial Federaci\u00f3 Espanyola de Ciclisme que t\u00e9 com a objectiu impulsar el ciclisme femen\u00ed a nivell d&#039;oci i esportiu perqu\u00e8 cada cop m\u00e9s dones se sumin a la pr\u00e0ctica ciclista a Espanya.<br \/>\nL&#039;hotel, distingit amb el segell Bike Territory de la RFEC per les seves infraestructures i serveis per a ciclistes ser\u00e0 escenari de la sortida i arribada d&#039;aquesta Quedada Women In Bike que recorrer\u00e0 els camins i carreteres de la localitat per dotar de visibilitat tant el ciclisme femen\u00ed com a un enclavament ideal per anar amb bicicleta.<br \/>\nLa resta tindr\u00e0 la pres\u00e8ncia de l&#039;alcaldessa de Calp, Ana Sala, a m\u00e9s d&#039;altres representants institucionals.<\/p>\n<p>Esdeveniment: Quedada Women In Bike a Calp<br \/>\nLloc: Hotel Suitopia \u2013 Sol i Mar Suites<br \/>\nAdre\u00e7a: Av. Europa, 2, Planta 29, Calp<\/p>","protected":false},"excerpt":{"rendered":"<p>El Hotel Suitop\u00eda &#8211; Sol y Mar Suites, ubicado en Calpe, acoger\u00e1 el 21 de mayo una quedada ciclista Women In Bike que contar\u00e1 con la presencia de medio centenar de mujeres de la zona. Women In Bike es el programa de la Real Federaci\u00f3n Espa\u00f1ola de Ciclismo cuyo objetivo es impulsar el ciclismo femenino [&#8230;]<\/p>\n<p><a class=\"btn btn-secondary understrap-read-more-link\" href=\"https:\/\/radiolitoral.com\/ca\/2023\/05\/multitudinaria-quedada-ciclista-women-in-bike-en-calp\/\">Continua llegint&#8230;<span class=\"screen-reader-text\"> from Multitudinaria quedada ciclista Women in Bike en Calp<\/span><\/a><\/p>\n","protected":false},"author":21,"featured_media":3279,"comment_status":"open","ping_status":"closed","sticky":false,"template":"","format":"standard","meta":{"_acf_changed":false,"inline_featured_image":false,"footnotes":""},"categories":[5],"tags":[122,692,691],"class_list":["post-3278","post","type-post","status-publish","format-standard","has-post-thumbnail","hentry","category-deportes","tag-calp","tag-sol-y-mar","tag-woman-in-bike","cobertura-calp"],"acf":[],"yoast_head":"<!-- This site is optimized with the Yoast SEO plugin v27.5 - https:\/\/yoast.com\/product\/yoast-seo-wordpress\/ -->\n<title>Multitudinaria quedada ciclista Women in Bike en Calp | R\u00e0dio Litoral<\/title>\n<meta name=\"description\" content=\"Est\u00e1 organizada por Hotel Suitop\u00eda - Sol y Mar Suites Est\u00e1 organizada por Hotel Suitop\u00eda - Sol y Mar Suites\" \/>\n<meta name=\"robots\" content=\"index, follow, max-snippet:-1, max-image-preview:large, max-video-preview:-1\" \/>\n<link rel=\"canonical\" href=\"https:\/\/radiolitoral.com\/ca\/2023\/05\/multitudinaria-quedada-ciclista-women-in-bike-a-calp\/\" \/>\n<meta property=\"og:locale\" content=\"ca_ES\" \/>\n<meta property=\"og:type\" content=\"article\" \/>\n<meta property=\"og:title\" content=\"Multitudinaria quedada ciclista Women in Bike en Calp | R\u00e0dio Litoral\" \/>\n<meta property=\"og:description\" content=\"Est\u00e1 organizada por Hotel Suitop\u00eda - Sol y Mar Suites Est\u00e1 organizada por Hotel Suitop\u00eda - Sol y Mar Suites\" \/>\n<meta property=\"og:url\" content=\"https:\/\/radiolitoral.com\/ca\/2023\/05\/multitudinaria-quedada-ciclista-women-in-bike-a-calp\/\" \/>\n<meta property=\"og:site_name\" content=\"R\u00e0dio Litoral\" \/>\n<meta property=\"article:publisher\" content=\"https:\/\/www.facebook.com\/Laradiolitoral\/\" \/>\n<meta property=\"article:published_time\" content=\"2023-05-19T17:44:52+00:00\" \/>\n<meta property=\"article:modified_time\" content=\"2023-05-19T17:52:57+00:00\" \/>\n<meta property=\"og:image\" content=\"https:\/\/media.radiolitoral.com\/wp-content\/uploads\/2023\/05\/19194351\/IMG_060.jpg\" \/>\n\t<meta property=\"og:image:width\" content=\"855\" \/>\n\t<meta property=\"og:image:height\" content=\"481\" \/>\n\t<meta property=\"og:image:type\" content=\"image\/jpeg\" \/>\n<meta name=\"author\" content=\"Mel Pescuezo\" \/>\n<meta name=\"twitter:card\" content=\"summary_large_image\" \/>\n<meta name=\"twitter:label1\" content=\"Escrit per\" \/>\n\t<meta name=\"twitter:data1\" content=\"Mel Pescuezo\" \/>\n\t<meta name=\"twitter:label2\" content=\"Temps estimat de lectura\" \/>\n\t<meta name=\"twitter:data2\" content=\"1 minut\" \/>\n<script type=\"application\/ld+json\" class=\"yoast-schema-graph\">{\"@context\":\"https:\\\/\\\/schema.org\",\"@graph\":[{\"@type\":\"NewsArticle\",\"@id\":\"https:\\\/\\\/radiolitoral.com\\\/2023\\\/05\\\/multitudinaria-quedada-ciclista-women-in-bike-en-calp\\\/#article\",\"isPartOf\":{\"@id\":\"https:\\\/\\\/radiolitoral.com\\\/2023\\\/05\\\/multitudinaria-quedada-ciclista-women-in-bike-en-calp\\\/\"},\"author\":{\"name\":\"Mel Pescuezo\",\"@id\":\"https:\\\/\\\/radiolitoral.com\\\/#\\\/schema\\\/person\\\/aad4f72efa404f85b68e832d24cac059\"},\"headline\":\"Multitudinaria quedada ciclista Women in Bike en Calp\",\"datePublished\":\"2023-05-19T17:44:52+00:00\",\"dateModified\":\"2023-05-19T17:52:57+00:00\",\"mainEntityOfPage\":{\"@id\":\"https:\\\/\\\/radiolitoral.com\\\/2023\\\/05\\\/multitudinaria-quedada-ciclista-women-in-bike-en-calp\\\/\"},\"wordCount\":186,\"commentCount\":0,\"publisher\":{\"@id\":\"https:\\\/\\\/radiolitoral.com\\\/#organization\"},\"image\":{\"@id\":\"https:\\\/\\\/radiolitoral.com\\\/2023\\\/05\\\/multitudinaria-quedada-ciclista-women-in-bike-en-calp\\\/#primaryimage\"},\"thumbnailUrl\":\"https:\\\/\\\/media.radiolitoral.com\\\/wp-content\\\/uploads\\\/2023\\\/05\\\/19194351\\\/IMG_060.jpg\",\"keywords\":[\"Calp\",\"Sol y Mar\",\"woman in bike\"],\"articleSection\":[\"Deportes\"],\"inLanguage\":\"ca\",\"potentialAction\":[{\"@type\":\"CommentAction\",\"name\":\"Comment\",\"target\":[\"https:\\\/\\\/radiolitoral.com\\\/2023\\\/05\\\/multitudinaria-quedada-ciclista-women-in-bike-en-calp\\\/#respond\"]}]},{\"@type\":[\"WebPage\",\"ItemPage\"],\"@id\":\"https:\\\/\\\/radiolitoral.com\\\/2023\\\/05\\\/multitudinaria-quedada-ciclista-women-in-bike-en-calp\\\/\",\"url\":\"https:\\\/\\\/radiolitoral.com\\\/2023\\\/05\\\/multitudinaria-quedada-ciclista-women-in-bike-en-calp\\\/\",\"name\":\"Multitudinaria quedada ciclista Women in Bike en Calp | R\u00e0dio Litoral\",\"isPartOf\":{\"@id\":\"https:\\\/\\\/radiolitoral.com\\\/#website\"},\"primaryImageOfPage\":{\"@id\":\"https:\\\/\\\/radiolitoral.com\\\/2023\\\/05\\\/multitudinaria-quedada-ciclista-women-in-bike-en-calp\\\/#primaryimage\"},\"image\":{\"@id\":\"https:\\\/\\\/radiolitoral.com\\\/2023\\\/05\\\/multitudinaria-quedada-ciclista-women-in-bike-en-calp\\\/#primaryimage\"},\"thumbnailUrl\":\"https:\\\/\\\/media.radiolitoral.com\\\/wp-content\\\/uploads\\\/2023\\\/05\\\/19194351\\\/IMG_060.jpg\",\"datePublished\":\"2023-05-19T17:44:52+00:00\",\"dateModified\":\"2023-05-19T17:52:57+00:00\",\"description\":\"Est\u00e1 organizada por Hotel Suitop\u00eda - Sol y Mar Suites Est\u00e1 organizada por Hotel Suitop\u00eda - Sol y Mar Suites\",\"breadcrumb\":{\"@id\":\"https:\\\/\\\/radiolitoral.com\\\/2023\\\/05\\\/multitudinaria-quedada-ciclista-women-in-bike-en-calp\\\/#breadcrumb\"},\"inLanguage\":\"ca\",\"potentialAction\":[{\"@type\":\"ReadAction\",\"target\":[\"https:\\\/\\\/radiolitoral.com\\\/2023\\\/05\\\/multitudinaria-quedada-ciclista-women-in-bike-en-calp\\\/\"]}]},{\"@type\":\"ImageObject\",\"inLanguage\":\"ca\",\"@id\":\"https:\\\/\\\/radiolitoral.com\\\/2023\\\/05\\\/multitudinaria-quedada-ciclista-women-in-bike-en-calp\\\/#primaryimage\",\"url\":\"https:\\\/\\\/media.radiolitoral.com\\\/wp-content\\\/uploads\\\/2023\\\/05\\\/19194351\\\/IMG_060.jpg\",\"contentUrl\":\"https:\\\/\\\/media.radiolitoral.com\\\/wp-content\\\/uploads\\\/2023\\\/05\\\/19194351\\\/IMG_060.jpg\",\"width\":855,\"height\":481},{\"@type\":\"BreadcrumbList\",\"@id\":\"https:\\\/\\\/radiolitoral.com\\\/2023\\\/05\\\/multitudinaria-quedada-ciclista-women-in-bike-en-calp\\\/#breadcrumb\",\"itemListElement\":[{\"@type\":\"ListItem\",\"position\":1,\"name\":\"Portada\",\"item\":\"https:\\\/\\\/radiolitoral.com\\\/\"},{\"@type\":\"ListItem\",\"position\":2,\"name\":\"Multitudinaria quedada ciclista Women in Bike en Calp\"}]},{\"@type\":\"WebSite\",\"@id\":\"https:\\\/\\\/radiolitoral.com\\\/#website\",\"url\":\"https:\\\/\\\/radiolitoral.com\\\/\",\"name\":\"Radio Litoral\",\"description\":\"La radio local de la Marina Alta\",\"publisher\":{\"@id\":\"https:\\\/\\\/radiolitoral.com\\\/#organization\"},\"alternateName\":\"Litoral FM\",\"potentialAction\":[{\"@type\":\"SearchAction\",\"target\":{\"@type\":\"EntryPoint\",\"urlTemplate\":\"https:\\\/\\\/radiolitoral.com\\\/?s={search_term_string}\"},\"query-input\":{\"@type\":\"PropertyValueSpecification\",\"valueRequired\":true,\"valueName\":\"search_term_string\"}}],\"inLanguage\":\"ca\"},{\"@type\":\"Organization\",\"@id\":\"https:\\\/\\\/radiolitoral.com\\\/#organization\",\"name\":\"Radio Litoral\",\"url\":\"https:\\\/\\\/radiolitoral.com\\\/\",\"logo\":{\"@type\":\"ImageObject\",\"inLanguage\":\"ca\",\"@id\":\"https:\\\/\\\/radiolitoral.com\\\/#\\\/schema\\\/logo\\\/image\\\/\",\"url\":\"https:\\\/\\\/media.radiolitoral.com\\\/wp-content\\\/uploads\\\/2023\\\/02\\\/24143238\\\/CL-V-RadioLitoral696.png\",\"contentUrl\":\"https:\\\/\\\/media.radiolitoral.com\\\/wp-content\\\/uploads\\\/2023\\\/02\\\/24143238\\\/CL-V-RadioLitoral696.png\",\"width\":696,\"height\":696,\"caption\":\"Radio Litoral\"},\"image\":{\"@id\":\"https:\\\/\\\/radiolitoral.com\\\/#\\\/schema\\\/logo\\\/image\\\/\"},\"sameAs\":[\"https:\\\/\\\/www.facebook.com\\\/Laradiolitoral\\\/\"]},{\"@type\":\"Person\",\"@id\":\"https:\\\/\\\/radiolitoral.com\\\/#\\\/schema\\\/person\\\/aad4f72efa404f85b68e832d24cac059\",\"name\":\"Mel Pescuezo\",\"image\":{\"@type\":\"ImageObject\",\"inLanguage\":\"ca\",\"@id\":\"https:\\\/\\\/secure.gravatar.com\\\/avatar\\\/993975ae489c70cb0dd9bfa9413a082f0bd276582dac13661af7b33f161e7eea?s=96&d=mm&r=g\",\"url\":\"https:\\\/\\\/secure.gravatar.com\\\/avatar\\\/993975ae489c70cb0dd9bfa9413a082f0bd276582dac13661af7b33f161e7eea?s=96&d=mm&r=g\",\"contentUrl\":\"https:\\\/\\\/secure.gravatar.com\\\/avatar\\\/993975ae489c70cb0dd9bfa9413a082f0bd276582dac13661af7b33f161e7eea?s=96&d=mm&r=g\",\"caption\":\"Mel Pescuezo\"},\"url\":\"https:\\\/\\\/radiolitoral.com\\\/ca\\\/author\\\/serviciospararadios\\\/\"}]}<\/script>\n<!-- \/ Yoast SEO plugin. -->","yoast_head_json":{"title":"Multitudin\u00e0ria quedada ciclista Women in Bike a Calp | R\u00e0dio Litoral","description":"Est\u00e0 organitzada per Hotel Suitop\u00eda - Sol i Mar Suites Est\u00e0 organitzada per Hotel Suitop\u00eda - Sol i Mar Suites","robots":{"index":"index","follow":"follow","max-snippet":"max-snippet:-1","max-image-preview":"max-image-preview:large","max-video-preview":"max-video-preview:-1"},"canonical":"https:\/\/radiolitoral.com\/ca\/2023\/05\/multitudinaria-quedada-ciclista-women-in-bike-a-calp\/","og_locale":"ca_ES","og_type":"article","og_title":"Multitudinaria quedada ciclista Women in Bike en Calp | R\u00e0dio Litoral","og_description":"Est\u00e1 organizada por Hotel Suitop\u00eda - Sol y Mar Suites Est\u00e1 organizada por Hotel Suitop\u00eda - Sol y Mar Suites","og_url":"https:\/\/radiolitoral.com\/ca\/2023\/05\/multitudinaria-quedada-ciclista-women-in-bike-a-calp\/","og_site_name":"R\u00e0dio Litoral","article_publisher":"https:\/\/www.facebook.com\/Laradiolitoral\/","article_published_time":"2023-05-19T17:44:52+00:00","article_modified_time":"2023-05-19T17:52:57+00:00","og_image":[{"width":855,"height":481,"url":"https:\/\/media.radiolitoral.com\/wp-content\/uploads\/2023\/05\/19194351\/IMG_060.jpg","type":"image\/jpeg"}],"author":"Mel Pescuezo","twitter_card":"summary_large_image","twitter_misc":{"Escrit per":"Mel Pescuezo","Temps estimat de lectura":"1 minut"},"schema":{"@context":"https:\/\/schema.org","@graph":[{"@type":"NewsArticle","@id":"https:\/\/radiolitoral.com\/2023\/05\/multitudinaria-quedada-ciclista-women-in-bike-en-calp\/#article","isPartOf":{"@id":"https:\/\/radiolitoral.com\/2023\/05\/multitudinaria-quedada-ciclista-women-in-bike-en-calp\/"},"author":{"name":"Mel Pescuezo","@id":"https:\/\/radiolitoral.com\/#\/schema\/person\/aad4f72efa404f85b68e832d24cac059"},"headline":"Multitudinaria quedada ciclista Women in Bike en Calp","datePublished":"2023-05-19T17:44:52+00:00","dateModified":"2023-05-19T17:52:57+00:00","mainEntityOfPage":{"@id":"https:\/\/radiolitoral.com\/2023\/05\/multitudinaria-quedada-ciclista-women-in-bike-en-calp\/"},"wordCount":186,"commentCount":0,"publisher":{"@id":"https:\/\/radiolitoral.com\/#organization"},"image":{"@id":"https:\/\/radiolitoral.com\/2023\/05\/multitudinaria-quedada-ciclista-women-in-bike-en-calp\/#primaryimage"},"thumbnailUrl":"https:\/\/media.radiolitoral.com\/wp-content\/uploads\/2023\/05\/19194351\/IMG_060.jpg","keywords":["Calp","Sol y Mar","woman in bike"],"articleSection":["Deportes"],"inLanguage":"ca","potentialAction":[{"@type":"CommentAction","name":"Comment","target":["https:\/\/radiolitoral.com\/2023\/05\/multitudinaria-quedada-ciclista-women-in-bike-en-calp\/#respond"]}]},{"@type":["WebPage","ItemPage"],"@id":"https:\/\/radiolitoral.com\/2023\/05\/multitudinaria-quedada-ciclista-women-in-bike-en-calp\/","url":"https:\/\/radiolitoral.com\/2023\/05\/multitudinaria-quedada-ciclista-women-in-bike-en-calp\/","name":"Multitudin\u00e0ria quedada ciclista Women in Bike a Calp | R\u00e0dio Litoral","isPartOf":{"@id":"https:\/\/radiolitoral.com\/#website"},"primaryImageOfPage":{"@id":"https:\/\/radiolitoral.com\/2023\/05\/multitudinaria-quedada-ciclista-women-in-bike-en-calp\/#primaryimage"},"image":{"@id":"https:\/\/radiolitoral.com\/2023\/05\/multitudinaria-quedada-ciclista-women-in-bike-en-calp\/#primaryimage"},"thumbnailUrl":"https:\/\/media.radiolitoral.com\/wp-content\/uploads\/2023\/05\/19194351\/IMG_060.jpg","datePublished":"2023-05-19T17:44:52+00:00","dateModified":"2023-05-19T17:52:57+00:00","description":"Est\u00e0 organitzada per Hotel Suitop\u00eda - Sol i Mar Suites Est\u00e0 organitzada per Hotel Suitop\u00eda - Sol i Mar Suites","breadcrumb":{"@id":"https:\/\/radiolitoral.com\/2023\/05\/multitudinaria-quedada-ciclista-women-in-bike-en-calp\/#breadcrumb"},"inLanguage":"ca","potentialAction":[{"@type":"ReadAction","target":["https:\/\/radiolitoral.com\/2023\/05\/multitudinaria-quedada-ciclista-women-in-bike-en-calp\/"]}]},{"@type":"ImageObject","inLanguage":"ca","@id":"https:\/\/radiolitoral.com\/2023\/05\/multitudinaria-quedada-ciclista-women-in-bike-en-calp\/#primaryimage","url":"https:\/\/media.radiolitoral.com\/wp-content\/uploads\/2023\/05\/19194351\/IMG_060.jpg","contentUrl":"https:\/\/media.radiolitoral.com\/wp-content\/uploads\/2023\/05\/19194351\/IMG_060.jpg","width":855,"height":481},{"@type":"BreadcrumbList","@id":"https:\/\/radiolitoral.com\/2023\/05\/multitudinaria-quedada-ciclista-women-in-bike-en-calp\/#breadcrumb","itemListElement":[{"@type":"ListItem","position":1,"name":"Portada","item":"https:\/\/radiolitoral.com\/"},{"@type":"ListItem","position":2,"name":"Multitudinaria quedada ciclista Women in Bike en Calp"}]},{"@type":"WebSite","@id":"https:\/\/radiolitoral.com\/#website","url":"https:\/\/radiolitoral.com\/","name":"R\u00e0dio Litoral","description":"La r\u00e0dio local de la Marina Alta","publisher":{"@id":"https:\/\/radiolitoral.com\/#organization"},"alternateName":"Litoral FM","potentialAction":[{"@type":"SearchAction","target":{"@type":"EntryPoint","urlTemplate":"https:\/\/radiolitoral.com\/?s={search_term_string}"},"query-input":{"@type":"PropertyValueSpecification","valueRequired":true,"valueName":"search_term_string"}}],"inLanguage":"ca"},{"@type":"Organization","@id":"https:\/\/radiolitoral.com\/#organization","name":"R\u00e0dio Litoral","url":"https:\/\/radiolitoral.com\/","logo":{"@type":"ImageObject","inLanguage":"ca","@id":"https:\/\/radiolitoral.com\/#\/schema\/logo\/image\/","url":"https:\/\/media.radiolitoral.com\/wp-content\/uploads\/2023\/02\/24143238\/CL-V-RadioLitoral696.png","contentUrl":"https:\/\/media.radiolitoral.com\/wp-content\/uploads\/2023\/02\/24143238\/CL-V-RadioLitoral696.png","width":696,"height":696,"caption":"Radio Litoral"},"image":{"@id":"https:\/\/radiolitoral.com\/#\/schema\/logo\/image\/"},"sameAs":["https:\/\/www.facebook.com\/Laradiolitoral\/"]},{"@type":"Person","@id":"https:\/\/radiolitoral.com\/#\/schema\/person\/aad4f72efa404f85b68e832d24cac059","name":"Mel Pescuezo","image":{"@type":"ImageObject","inLanguage":"ca","@id":"https:\/\/secure.gravatar.com\/avatar\/993975ae489c70cb0dd9bfa9413a082f0bd276582dac13661af7b33f161e7eea?s=96&d=mm&r=g","url":"https:\/\/secure.gravatar.com\/avatar\/993975ae489c70cb0dd9bfa9413a082f0bd276582dac13661af7b33f161e7eea?s=96&d=mm&r=g","contentUrl":"https:\/\/secure.gravatar.com\/avatar\/993975ae489c70cb0dd9bfa9413a082f0bd276582dac13661af7b33f161e7eea?s=96&d=mm&r=g","caption":"Mel Pescuezo"},"url":"https:\/\/radiolitoral.com\/ca\/author\/serviciospararadios\/"}]}},"_links":{"self":[{"href":"https:\/\/radiolitoral.com\/ca\/wp-json\/wp\/v2\/posts\/3278","targetHints":{"allow":["GET"]}}],"collection":[{"href":"https:\/\/radiolitoral.com\/ca\/wp-json\/wp\/v2\/posts"}],"about":[{"href":"https:\/\/radiolitoral.com\/ca\/wp-json\/wp\/v2\/types\/post"}],"author":[{"embeddable":true,"href":"https:\/\/radiolitoral.com\/ca\/wp-json\/wp\/v2\/users\/21"}],"replies":[{"embeddable":true,"href":"https:\/\/radiolitoral.com\/ca\/wp-json\/wp\/v2\/comments?post=3278"}],"version-history":[{"count":3,"href":"https:\/\/radiolitoral.com\/ca\/wp-json\/wp\/v2\/posts\/3278\/revisions"}],"predecessor-version":[{"id":3285,"href":"https:\/\/radiolitoral.com\/ca\/wp-json\/wp\/v2\/posts\/3278\/revisions\/3285"}],"wp:featuredmedia":[{"embeddable":true,"href":"https:\/\/radiolitoral.com\/ca\/wp-json\/wp\/v2\/media\/3279"}],"wp:attachment":[{"href":"https:\/\/radiolitoral.com\/ca\/wp-json\/wp\/v2\/media?parent=3278"}],"wp:term":[{"taxonomy":"category","embeddable":true,"href":"https:\/\/radiolitoral.com\/ca\/wp-json\/wp\/v2\/categories?post=3278"},{"taxonomy":"post_tag","embeddable":true,"href":"https:\/\/radiolitoral.com\/ca\/wp-json\/wp\/v2\/tags?post=3278"}],"curies":[{"name":"wp","href":"https:\/\/api.w.org\/{rel}","templated":true}]}}