{"id":3271,"date":"2023-05-19T19:27:50","date_gmt":"2023-05-19T17:27:50","guid":{"rendered":"https:\/\/radiolitoral.com\/?p=3271"},"modified":"2023-05-19T19:28:21","modified_gmt":"2023-05-19T17:28:21","slug":"teulada-celebres-el-dia-de-la-musica-a-lauditori","status":"publish","type":"post","link":"https:\/\/radiolitoral.com\/ca\/2023\/05\/teulada-celebrara-el-dia-de-la-musica-en-el-auditorio\/","title":{"rendered":"Teulada celebrar\u00e0 el Dia de la M\u00fasica a l&#039;Auditori"},"content":{"rendered":"<p>Despr\u00e9s de l&#039;aturada for\u00e7ada per la pand\u00e8mia, diferents Associacions Locals conjuntament amb l&#039;Auditori Teulada Moraira, el Conservatori de M\u00fasica i l&#039;Ajuntament teuladino s&#039;uneixen per recuperar el <strong>Dia de la M\u00fasica a Teulada, que tindr\u00e0 lloc el proper 4 de juny<\/strong>.<\/p>\n<p>La <strong>presentaci\u00f3 de l\u00b4esdeveniment s\u00b4ha programat per dem\u00e0 dissabte a les 20 hores<\/strong> al mateix Auditori, on s&#039;espera reunir els amants de la m\u00fasica, de la cultura, les tradicions i l&#039;associacionisme.<\/p>\n<p>Com a ambaixador en aquesta quarta edici\u00f3 es comptar\u00e0 amb la figura de<strong> Rafael Pascual Alfonso, director musical<\/strong> que va estar durant anys al c\u00e0rrec de la <strong>Agrupaci\u00f3 Cultural Musical de Teulada<\/strong>. Persona molt vinculada des de la seva arribada a Teulada amb moltes de les associacions locals. Pascual, s&#039;ocupar\u00e0 de posar en el punt \u00e0lgid aquesta acci\u00f3, que va n\u00e9ixer amb el prop\u00f2sit ferm d&#039;unir i compartir amb els participants, ve\u00efns i visitants una activitat on la m\u00fasica, conjuntament amb altres arts, sigui la gran protagonista un dia a l&#039;any mostrant-se a les places i llocs emblem\u00e0tics de la poblaci\u00f3.<\/p>\n<p>Els participants aquest any al Dia de la M\u00fasica seran: <strong>Agrupaci\u00f3 Musical Cultural de Teulada (impulsora de l&#039;esdeveniment), Cant Jove de Teulada, Conservatori de M\u00fasica Professional \u201cMestre Berenguer\u201d de Teulada, Coral Teuladina, i Grup de Danses Font Santa i la Colla de Dol\u00e7ainers i Tabaleters \u201cEl Fal\u00e7\u00f3\u201d de Teulada.<\/strong><\/p>\n<p>Aquest proper dissabte un representant de cada grup esmentat formar\u00e0 part d&#039;una tert\u00falia breu. S&#039;hi recordaran i analitzaran els inicis d&#039;aquesta activitat, i es posar\u00e0 en valor la import\u00e0ncia que activitats com aquesta siguin possibles en un municipi amb un ferm i valu\u00f3s teixit associatiu com \u00e9s el de Teulada Moraira.<\/p>\n<p>Tamb\u00e9 s\u00b4ha previst un recorregut que anticipar\u00e0 el Dia de la M\u00fasica, on els assistents podran rec\u00f3rrer l\u00b4edifici trobant-se amb una petita mostra art\u00edstica del que ens espera el dia 4 de juny. Aquesta mostra estar\u00e0 acompanyada amb la degustaci\u00f3 dels vins de Celler Teulada, M d&#039;Alexandria i Cellers Antonio Llobell maridat amb productes gastron\u00f2mics t\u00edpics de la poblaci\u00f3.<\/p>\n<p>L&#039;entrada a l&#039;acte de dissabte \u00e9s lliure i no cal cap tipus d&#039;invitaci\u00f3.<\/p>","protected":false},"excerpt":{"rendered":"<p>Despu\u00e9s del par\u00f3n forzado por la pandemia, diferentes Asociaciones Locales conjuntamente con el Auditorio Teulada Moraira, el Conservatorio de M\u00fasica y el Ayuntamiento teuladino se a\u00fanan para recuperar el D\u00eda de la M\u00fasica en Teulada, que tendr\u00e1 lugar el pr\u00f3ximo 4 de junio. La presentaci\u00f3n del evento se ha programado para ma\u00f1ana s\u00e1bado a las [&#8230;]<\/p>\n<p><a class=\"btn btn-secondary understrap-read-more-link\" href=\"https:\/\/radiolitoral.com\/ca\/2023\/05\/teulada-celebrara-el-dia-de-la-musica-en-el-auditorio\/\">Continua llegint&#8230;<span class=\"screen-reader-text\"> from Teulada celebrar\u00e1 el D\u00eda de la M\u00fasica en el Auditorio<\/span><\/a><\/p>\n","protected":false},"author":21,"featured_media":3272,"comment_status":"open","ping_status":"closed","sticky":false,"template":"","format":"standard","meta":{"_acf_changed":false,"inline_featured_image":false,"footnotes":""},"categories":[55],"tags":[],"class_list":["post-3271","post","type-post","status-publish","format-standard","has-post-thumbnail","hentry","category-cultura","cobertura-teulada-moraira"],"acf":[],"yoast_head":"<!-- This site is optimized with the Yoast SEO plugin v27.5 - https:\/\/yoast.com\/product\/yoast-seo-wordpress\/ -->\n<title>Teulada celebrar\u00e1 el D\u00eda de la M\u00fasica en el Auditorio | R\u00e0dio Litoral<\/title>\n<meta name=\"description\" content=\"Asociaciones locales conjuntamente con el Auditorio Teulada Moraira, el Conservatorio de M\u00fasica y el Ayuntamiento se a\u00fanan para la celebraci\u00f3n Asociaciones locales conjuntamente con el Auditorio Teulada Moraira, el Conservatorio de M\u00fasica y el Ayuntamiento se a\u00fanan para la celebraci\u00f3n\" \/>\n<meta name=\"robots\" content=\"index, follow, max-snippet:-1, max-image-preview:large, max-video-preview:-1\" \/>\n<link rel=\"canonical\" href=\"https:\/\/radiolitoral.com\/ca\/2023\/05\/teulada-celebres-el-dia-de-la-musica-a-lauditori\/\" \/>\n<meta property=\"og:locale\" content=\"ca_ES\" \/>\n<meta property=\"og:type\" content=\"article\" \/>\n<meta property=\"og:title\" content=\"Teulada celebrar\u00e1 el D\u00eda de la M\u00fasica en el Auditorio | R\u00e0dio Litoral\" \/>\n<meta property=\"og:description\" content=\"Asociaciones locales conjuntamente con el Auditorio Teulada Moraira, el Conservatorio de M\u00fasica y el Ayuntamiento se a\u00fanan para la celebraci\u00f3n Asociaciones locales conjuntamente con el Auditorio Teulada Moraira, el Conservatorio de M\u00fasica y el Ayuntamiento se a\u00fanan para la celebraci\u00f3n\" \/>\n<meta property=\"og:url\" content=\"https:\/\/radiolitoral.com\/ca\/2023\/05\/teulada-celebres-el-dia-de-la-musica-a-lauditori\/\" \/>\n<meta property=\"og:site_name\" content=\"R\u00e0dio Litoral\" \/>\n<meta property=\"article:publisher\" content=\"https:\/\/www.facebook.com\/Laradiolitoral\/\" \/>\n<meta property=\"article:published_time\" content=\"2023-05-19T17:27:50+00:00\" \/>\n<meta property=\"article:modified_time\" content=\"2023-05-19T17:28:21+00:00\" \/>\n<meta property=\"og:image\" content=\"https:\/\/media.radiolitoral.com\/wp-content\/uploads\/2023\/05\/19192729\/auditori.jpg\" \/>\n\t<meta property=\"og:image:width\" content=\"1280\" \/>\n\t<meta property=\"og:image:height\" content=\"959\" \/>\n\t<meta property=\"og:image:type\" content=\"image\/jpeg\" \/>\n<meta name=\"author\" content=\"Mel Pescuezo\" \/>\n<meta name=\"twitter:card\" content=\"summary_large_image\" \/>\n<meta name=\"twitter:label1\" content=\"Escrit per\" \/>\n\t<meta name=\"twitter:data1\" content=\"Mel Pescuezo\" \/>\n\t<meta name=\"twitter:label2\" content=\"Temps estimat de lectura\" \/>\n\t<meta name=\"twitter:data2\" content=\"2 minuts\" \/>\n<script type=\"application\/ld+json\" class=\"yoast-schema-graph\">{\"@context\":\"https:\\\/\\\/schema.org\",\"@graph\":[{\"@type\":\"NewsArticle\",\"@id\":\"https:\\\/\\\/radiolitoral.com\\\/2023\\\/05\\\/teulada-celebrara-el-dia-de-la-musica-en-el-auditorio\\\/#article\",\"isPartOf\":{\"@id\":\"https:\\\/\\\/radiolitoral.com\\\/2023\\\/05\\\/teulada-celebrara-el-dia-de-la-musica-en-el-auditorio\\\/\"},\"author\":{\"name\":\"Mel Pescuezo\",\"@id\":\"https:\\\/\\\/radiolitoral.com\\\/#\\\/schema\\\/person\\\/aad4f72efa404f85b68e832d24cac059\"},\"headline\":\"Teulada celebrar\u00e1 el D\u00eda de la M\u00fasica en el Auditorio\",\"datePublished\":\"2023-05-19T17:27:50+00:00\",\"dateModified\":\"2023-05-19T17:28:21+00:00\",\"mainEntityOfPage\":{\"@id\":\"https:\\\/\\\/radiolitoral.com\\\/2023\\\/05\\\/teulada-celebrara-el-dia-de-la-musica-en-el-auditorio\\\/\"},\"wordCount\":421,\"commentCount\":0,\"publisher\":{\"@id\":\"https:\\\/\\\/radiolitoral.com\\\/#organization\"},\"image\":{\"@id\":\"https:\\\/\\\/radiolitoral.com\\\/2023\\\/05\\\/teulada-celebrara-el-dia-de-la-musica-en-el-auditorio\\\/#primaryimage\"},\"thumbnailUrl\":\"https:\\\/\\\/media.radiolitoral.com\\\/wp-content\\\/uploads\\\/2023\\\/05\\\/19192729\\\/auditori.jpg\",\"articleSection\":[\"Cultura\"],\"inLanguage\":\"ca\",\"potentialAction\":[{\"@type\":\"CommentAction\",\"name\":\"Comment\",\"target\":[\"https:\\\/\\\/radiolitoral.com\\\/2023\\\/05\\\/teulada-celebrara-el-dia-de-la-musica-en-el-auditorio\\\/#respond\"]}]},{\"@type\":[\"WebPage\",\"ItemPage\"],\"@id\":\"https:\\\/\\\/radiolitoral.com\\\/2023\\\/05\\\/teulada-celebrara-el-dia-de-la-musica-en-el-auditorio\\\/\",\"url\":\"https:\\\/\\\/radiolitoral.com\\\/2023\\\/05\\\/teulada-celebrara-el-dia-de-la-musica-en-el-auditorio\\\/\",\"name\":\"Teulada celebrar\u00e1 el D\u00eda de la M\u00fasica en el Auditorio | R\u00e0dio Litoral\",\"isPartOf\":{\"@id\":\"https:\\\/\\\/radiolitoral.com\\\/#website\"},\"primaryImageOfPage\":{\"@id\":\"https:\\\/\\\/radiolitoral.com\\\/2023\\\/05\\\/teulada-celebrara-el-dia-de-la-musica-en-el-auditorio\\\/#primaryimage\"},\"image\":{\"@id\":\"https:\\\/\\\/radiolitoral.com\\\/2023\\\/05\\\/teulada-celebrara-el-dia-de-la-musica-en-el-auditorio\\\/#primaryimage\"},\"thumbnailUrl\":\"https:\\\/\\\/media.radiolitoral.com\\\/wp-content\\\/uploads\\\/2023\\\/05\\\/19192729\\\/auditori.jpg\",\"datePublished\":\"2023-05-19T17:27:50+00:00\",\"dateModified\":\"2023-05-19T17:28:21+00:00\",\"description\":\"Asociaciones locales conjuntamente con el Auditorio Teulada Moraira, el Conservatorio de M\u00fasica y el Ayuntamiento se a\u00fanan para la celebraci\u00f3n Asociaciones locales conjuntamente con el Auditorio Teulada Moraira, el Conservatorio de M\u00fasica y el Ayuntamiento se a\u00fanan para la celebraci\u00f3n\",\"breadcrumb\":{\"@id\":\"https:\\\/\\\/radiolitoral.com\\\/2023\\\/05\\\/teulada-celebrara-el-dia-de-la-musica-en-el-auditorio\\\/#breadcrumb\"},\"inLanguage\":\"ca\",\"potentialAction\":[{\"@type\":\"ReadAction\",\"target\":[\"https:\\\/\\\/radiolitoral.com\\\/2023\\\/05\\\/teulada-celebrara-el-dia-de-la-musica-en-el-auditorio\\\/\"]}]},{\"@type\":\"ImageObject\",\"inLanguage\":\"ca\",\"@id\":\"https:\\\/\\\/radiolitoral.com\\\/2023\\\/05\\\/teulada-celebrara-el-dia-de-la-musica-en-el-auditorio\\\/#primaryimage\",\"url\":\"https:\\\/\\\/media.radiolitoral.com\\\/wp-content\\\/uploads\\\/2023\\\/05\\\/19192729\\\/auditori.jpg\",\"contentUrl\":\"https:\\\/\\\/media.radiolitoral.com\\\/wp-content\\\/uploads\\\/2023\\\/05\\\/19192729\\\/auditori.jpg\",\"width\":1280,\"height\":959},{\"@type\":\"BreadcrumbList\",\"@id\":\"https:\\\/\\\/radiolitoral.com\\\/2023\\\/05\\\/teulada-celebrara-el-dia-de-la-musica-en-el-auditorio\\\/#breadcrumb\",\"itemListElement\":[{\"@type\":\"ListItem\",\"position\":1,\"name\":\"Portada\",\"item\":\"https:\\\/\\\/radiolitoral.com\\\/\"},{\"@type\":\"ListItem\",\"position\":2,\"name\":\"Teulada celebrar\u00e1 el D\u00eda de la M\u00fasica en el Auditorio\"}]},{\"@type\":\"WebSite\",\"@id\":\"https:\\\/\\\/radiolitoral.com\\\/#website\",\"url\":\"https:\\\/\\\/radiolitoral.com\\\/\",\"name\":\"Radio Litoral\",\"description\":\"La radio local de la Marina Alta\",\"publisher\":{\"@id\":\"https:\\\/\\\/radiolitoral.com\\\/#organization\"},\"alternateName\":\"Litoral FM\",\"potentialAction\":[{\"@type\":\"SearchAction\",\"target\":{\"@type\":\"EntryPoint\",\"urlTemplate\":\"https:\\\/\\\/radiolitoral.com\\\/?s={search_term_string}\"},\"query-input\":{\"@type\":\"PropertyValueSpecification\",\"valueRequired\":true,\"valueName\":\"search_term_string\"}}],\"inLanguage\":\"ca\"},{\"@type\":\"Organization\",\"@id\":\"https:\\\/\\\/radiolitoral.com\\\/#organization\",\"name\":\"Radio Litoral\",\"url\":\"https:\\\/\\\/radiolitoral.com\\\/\",\"logo\":{\"@type\":\"ImageObject\",\"inLanguage\":\"ca\",\"@id\":\"https:\\\/\\\/radiolitoral.com\\\/#\\\/schema\\\/logo\\\/image\\\/\",\"url\":\"https:\\\/\\\/media.radiolitoral.com\\\/wp-content\\\/uploads\\\/2023\\\/02\\\/24143238\\\/CL-V-RadioLitoral696.png\",\"contentUrl\":\"https:\\\/\\\/media.radiolitoral.com\\\/wp-content\\\/uploads\\\/2023\\\/02\\\/24143238\\\/CL-V-RadioLitoral696.png\",\"width\":696,\"height\":696,\"caption\":\"Radio Litoral\"},\"image\":{\"@id\":\"https:\\\/\\\/radiolitoral.com\\\/#\\\/schema\\\/logo\\\/image\\\/\"},\"sameAs\":[\"https:\\\/\\\/www.facebook.com\\\/Laradiolitoral\\\/\"]},{\"@type\":\"Person\",\"@id\":\"https:\\\/\\\/radiolitoral.com\\\/#\\\/schema\\\/person\\\/aad4f72efa404f85b68e832d24cac059\",\"name\":\"Mel Pescuezo\",\"image\":{\"@type\":\"ImageObject\",\"inLanguage\":\"ca\",\"@id\":\"https:\\\/\\\/secure.gravatar.com\\\/avatar\\\/993975ae489c70cb0dd9bfa9413a082f0bd276582dac13661af7b33f161e7eea?s=96&d=mm&r=g\",\"url\":\"https:\\\/\\\/secure.gravatar.com\\\/avatar\\\/993975ae489c70cb0dd9bfa9413a082f0bd276582dac13661af7b33f161e7eea?s=96&d=mm&r=g\",\"contentUrl\":\"https:\\\/\\\/secure.gravatar.com\\\/avatar\\\/993975ae489c70cb0dd9bfa9413a082f0bd276582dac13661af7b33f161e7eea?s=96&d=mm&r=g\",\"caption\":\"Mel Pescuezo\"},\"url\":\"https:\\\/\\\/radiolitoral.com\\\/ca\\\/author\\\/serviciospararadios\\\/\"}]}<\/script>\n<!-- \/ Yoast SEO plugin. -->","yoast_head_json":{"title":"Teulada celebrar\u00e0 el Dia de la M\u00fasica a l&#039;Auditori | R\u00e0dio Litoral","description":"Associacions locals conjuntament amb l&#039;Auditori Teulada Moraira, el Conservatori de M\u00fasica i l&#039;Ajuntament s&#039;uneixen per a la celebraci\u00f3 Associacions locals conjuntament amb l&#039;Auditori Teulada Moraira, el Conservatori de M\u00fasica i l&#039;Ajuntament s&#039;uneixen per a la celebraci\u00f3","robots":{"index":"index","follow":"follow","max-snippet":"max-snippet:-1","max-image-preview":"max-image-preview:large","max-video-preview":"max-video-preview:-1"},"canonical":"https:\/\/radiolitoral.com\/ca\/2023\/05\/teulada-celebres-el-dia-de-la-musica-a-lauditori\/","og_locale":"ca_ES","og_type":"article","og_title":"Teulada celebrar\u00e1 el D\u00eda de la M\u00fasica en el Auditorio | R\u00e0dio Litoral","og_description":"Asociaciones locales conjuntamente con el Auditorio Teulada Moraira, el Conservatorio de M\u00fasica y el Ayuntamiento se a\u00fanan para la celebraci\u00f3n Asociaciones locales conjuntamente con el Auditorio Teulada Moraira, el Conservatorio de M\u00fasica y el Ayuntamiento se a\u00fanan para la celebraci\u00f3n","og_url":"https:\/\/radiolitoral.com\/ca\/2023\/05\/teulada-celebres-el-dia-de-la-musica-a-lauditori\/","og_site_name":"R\u00e0dio Litoral","article_publisher":"https:\/\/www.facebook.com\/Laradiolitoral\/","article_published_time":"2023-05-19T17:27:50+00:00","article_modified_time":"2023-05-19T17:28:21+00:00","og_image":[{"width":1280,"height":959,"url":"https:\/\/media.radiolitoral.com\/wp-content\/uploads\/2023\/05\/19192729\/auditori.jpg","type":"image\/jpeg"}],"author":"Mel Pescuezo","twitter_card":"summary_large_image","twitter_misc":{"Escrit per":"Mel Pescuezo","Temps estimat de lectura":"2 minuts"},"schema":{"@context":"https:\/\/schema.org","@graph":[{"@type":"NewsArticle","@id":"https:\/\/radiolitoral.com\/2023\/05\/teulada-celebrara-el-dia-de-la-musica-en-el-auditorio\/#article","isPartOf":{"@id":"https:\/\/radiolitoral.com\/2023\/05\/teulada-celebrara-el-dia-de-la-musica-en-el-auditorio\/"},"author":{"name":"Mel Pescuezo","@id":"https:\/\/radiolitoral.com\/#\/schema\/person\/aad4f72efa404f85b68e832d24cac059"},"headline":"Teulada celebrar\u00e1 el D\u00eda de la M\u00fasica en el Auditorio","datePublished":"2023-05-19T17:27:50+00:00","dateModified":"2023-05-19T17:28:21+00:00","mainEntityOfPage":{"@id":"https:\/\/radiolitoral.com\/2023\/05\/teulada-celebrara-el-dia-de-la-musica-en-el-auditorio\/"},"wordCount":421,"commentCount":0,"publisher":{"@id":"https:\/\/radiolitoral.com\/#organization"},"image":{"@id":"https:\/\/radiolitoral.com\/2023\/05\/teulada-celebrara-el-dia-de-la-musica-en-el-auditorio\/#primaryimage"},"thumbnailUrl":"https:\/\/media.radiolitoral.com\/wp-content\/uploads\/2023\/05\/19192729\/auditori.jpg","articleSection":["Cultura"],"inLanguage":"ca","potentialAction":[{"@type":"CommentAction","name":"Comment","target":["https:\/\/radiolitoral.com\/2023\/05\/teulada-celebrara-el-dia-de-la-musica-en-el-auditorio\/#respond"]}]},{"@type":["WebPage","ItemPage"],"@id":"https:\/\/radiolitoral.com\/2023\/05\/teulada-celebrara-el-dia-de-la-musica-en-el-auditorio\/","url":"https:\/\/radiolitoral.com\/2023\/05\/teulada-celebrara-el-dia-de-la-musica-en-el-auditorio\/","name":"Teulada celebrar\u00e0 el Dia de la M\u00fasica a l&#039;Auditori | R\u00e0dio Litoral","isPartOf":{"@id":"https:\/\/radiolitoral.com\/#website"},"primaryImageOfPage":{"@id":"https:\/\/radiolitoral.com\/2023\/05\/teulada-celebrara-el-dia-de-la-musica-en-el-auditorio\/#primaryimage"},"image":{"@id":"https:\/\/radiolitoral.com\/2023\/05\/teulada-celebrara-el-dia-de-la-musica-en-el-auditorio\/#primaryimage"},"thumbnailUrl":"https:\/\/media.radiolitoral.com\/wp-content\/uploads\/2023\/05\/19192729\/auditori.jpg","datePublished":"2023-05-19T17:27:50+00:00","dateModified":"2023-05-19T17:28:21+00:00","description":"Associacions locals conjuntament amb l&#039;Auditori Teulada Moraira, el Conservatori de M\u00fasica i l&#039;Ajuntament s&#039;uneixen per a la celebraci\u00f3 Associacions locals conjuntament amb l&#039;Auditori Teulada Moraira, el Conservatori de M\u00fasica i l&#039;Ajuntament s&#039;uneixen per a la celebraci\u00f3","breadcrumb":{"@id":"https:\/\/radiolitoral.com\/2023\/05\/teulada-celebrara-el-dia-de-la-musica-en-el-auditorio\/#breadcrumb"},"inLanguage":"ca","potentialAction":[{"@type":"ReadAction","target":["https:\/\/radiolitoral.com\/2023\/05\/teulada-celebrara-el-dia-de-la-musica-en-el-auditorio\/"]}]},{"@type":"ImageObject","inLanguage":"ca","@id":"https:\/\/radiolitoral.com\/2023\/05\/teulada-celebrara-el-dia-de-la-musica-en-el-auditorio\/#primaryimage","url":"https:\/\/media.radiolitoral.com\/wp-content\/uploads\/2023\/05\/19192729\/auditori.jpg","contentUrl":"https:\/\/media.radiolitoral.com\/wp-content\/uploads\/2023\/05\/19192729\/auditori.jpg","width":1280,"height":959},{"@type":"BreadcrumbList","@id":"https:\/\/radiolitoral.com\/2023\/05\/teulada-celebrara-el-dia-de-la-musica-en-el-auditorio\/#breadcrumb","itemListElement":[{"@type":"ListItem","position":1,"name":"Portada","item":"https:\/\/radiolitoral.com\/"},{"@type":"ListItem","position":2,"name":"Teulada celebrar\u00e1 el D\u00eda de la M\u00fasica en el Auditorio"}]},{"@type":"WebSite","@id":"https:\/\/radiolitoral.com\/#website","url":"https:\/\/radiolitoral.com\/","name":"R\u00e0dio Litoral","description":"La r\u00e0dio local de la Marina Alta","publisher":{"@id":"https:\/\/radiolitoral.com\/#organization"},"alternateName":"Litoral FM","potentialAction":[{"@type":"SearchAction","target":{"@type":"EntryPoint","urlTemplate":"https:\/\/radiolitoral.com\/?s={search_term_string}"},"query-input":{"@type":"PropertyValueSpecification","valueRequired":true,"valueName":"search_term_string"}}],"inLanguage":"ca"},{"@type":"Organization","@id":"https:\/\/radiolitoral.com\/#organization","name":"R\u00e0dio Litoral","url":"https:\/\/radiolitoral.com\/","logo":{"@type":"ImageObject","inLanguage":"ca","@id":"https:\/\/radiolitoral.com\/#\/schema\/logo\/image\/","url":"https:\/\/media.radiolitoral.com\/wp-content\/uploads\/2023\/02\/24143238\/CL-V-RadioLitoral696.png","contentUrl":"https:\/\/media.radiolitoral.com\/wp-content\/uploads\/2023\/02\/24143238\/CL-V-RadioLitoral696.png","width":696,"height":696,"caption":"Radio Litoral"},"image":{"@id":"https:\/\/radiolitoral.com\/#\/schema\/logo\/image\/"},"sameAs":["https:\/\/www.facebook.com\/Laradiolitoral\/"]},{"@type":"Person","@id":"https:\/\/radiolitoral.com\/#\/schema\/person\/aad4f72efa404f85b68e832d24cac059","name":"Mel Pescuezo","image":{"@type":"ImageObject","inLanguage":"ca","@id":"https:\/\/secure.gravatar.com\/avatar\/993975ae489c70cb0dd9bfa9413a082f0bd276582dac13661af7b33f161e7eea?s=96&d=mm&r=g","url":"https:\/\/secure.gravatar.com\/avatar\/993975ae489c70cb0dd9bfa9413a082f0bd276582dac13661af7b33f161e7eea?s=96&d=mm&r=g","contentUrl":"https:\/\/secure.gravatar.com\/avatar\/993975ae489c70cb0dd9bfa9413a082f0bd276582dac13661af7b33f161e7eea?s=96&d=mm&r=g","caption":"Mel Pescuezo"},"url":"https:\/\/radiolitoral.com\/ca\/author\/serviciospararadios\/"}]}},"_links":{"self":[{"href":"https:\/\/radiolitoral.com\/ca\/wp-json\/wp\/v2\/posts\/3271","targetHints":{"allow":["GET"]}}],"collection":[{"href":"https:\/\/radiolitoral.com\/ca\/wp-json\/wp\/v2\/posts"}],"about":[{"href":"https:\/\/radiolitoral.com\/ca\/wp-json\/wp\/v2\/types\/post"}],"author":[{"embeddable":true,"href":"https:\/\/radiolitoral.com\/ca\/wp-json\/wp\/v2\/users\/21"}],"replies":[{"embeddable":true,"href":"https:\/\/radiolitoral.com\/ca\/wp-json\/wp\/v2\/comments?post=3271"}],"version-history":[{"count":1,"href":"https:\/\/radiolitoral.com\/ca\/wp-json\/wp\/v2\/posts\/3271\/revisions"}],"predecessor-version":[{"id":3273,"href":"https:\/\/radiolitoral.com\/ca\/wp-json\/wp\/v2\/posts\/3271\/revisions\/3273"}],"wp:featuredmedia":[{"embeddable":true,"href":"https:\/\/radiolitoral.com\/ca\/wp-json\/wp\/v2\/media\/3272"}],"wp:attachment":[{"href":"https:\/\/radiolitoral.com\/ca\/wp-json\/wp\/v2\/media?parent=3271"}],"wp:term":[{"taxonomy":"category","embeddable":true,"href":"https:\/\/radiolitoral.com\/ca\/wp-json\/wp\/v2\/categories?post=3271"},{"taxonomy":"post_tag","embeddable":true,"href":"https:\/\/radiolitoral.com\/ca\/wp-json\/wp\/v2\/tags?post=3271"}],"curies":[{"name":"wp","href":"https:\/\/api.w.org\/{rel}","templated":true}]}}