{"id":3234,"date":"2023-05-18T22:49:14","date_gmt":"2023-05-18T20:49:14","guid":{"rendered":"https:\/\/radiolitoral.com\/?p=3234"},"modified":"2023-05-18T22:50:22","modified_gmt":"2023-05-18T20:50:22","slug":"lhospital-de-denia-acollis-activitats-al-voltant-del-dia-internacional-de-la-fibromialgia","status":"publish","type":"post","link":"https:\/\/radiolitoral.com\/ca\/2023\/05\/el-hospital-de-denia-acogera-actividades-en-torno-al-dia-internacional-de-la-fibromialgia\/","title":{"rendered":"L&#039;Hospital de D\u00e9nia acollir\u00e0 activitats al voltant del Dia Internacional de la Fibromi\u00e0lgia"},"content":{"rendered":"<p>Al maig es commemora el <strong>Dia Internacional de la Fibromi\u00e0lgia i la S\u00edndrome de Fatiga Cr\u00f2nica<\/strong>. Amb motiu d&#039;aquesta data, que es recorda cada 12 de maig, l&#039;Hospital de D\u00e9nia ha programat una s\u00e8rie d&#039;actes, com ara <strong>tallers de ioga, mindfulness i m\u00fasica de cara al proper divendres 26<\/strong>.<\/p>\n<p>Sota el t\u00edtol de <strong>\u201cPosa el teu cervell en els objectius\u201d el Dr. Palop, especialista en Fibromi\u00e0lgia<\/strong> del Departament de Salut de D\u00e9nia, ha preparat una jornada d&#039;activitats completa que tindr\u00e0 lloc el proper 26 de maig, al Sal\u00f3 d&#039;Actes de l&#039;hospital.<\/p>\n<p>La celebraci\u00f3, que es desenvolupar\u00e0 entre les 17:00 i les 20:00, arrenca amb una al\u00b7locuci\u00f3 per part del Coordinador de la Unitat d&#039;Aparell Locomotor, Dr. \u00c1lvaro Escuder, mentre que el Dr. Palop oferir\u00e0 les claus per establir objectius assolibles i assolir-ne el compliment.<\/p>\n<p>A la segona part de la jornada, que estar\u00e0 dedicada a tallers pr\u00e0ctics, intervindran les <strong>musicoterapeutes<\/strong> de l&#039;Hospital de D\u00e9nia Isabel Vellver i Ana Alegre, que oferiran t\u00e8cniques per focalitzar a trav\u00e9s de la m\u00fasica.<\/p>\n<p>La fisioterapeuta, professora de Mindfulness i compassi\u00f3 per Respira Vida parlar\u00e0 de la capacitat que tenim de canviar la nostra ment per poder modificar els nostres h\u00e0bits de vida i Teresa Candela, terapeuta hol\u00edstica i professora de ioga, abordar\u00e0 l&#039;apoderament emocional a trav\u00e9s del femen\u00ed.<\/p>\n<p>La celebraci\u00f3 acabar\u00e0 amb m\u00fasica per guarir i gaudir, a c\u00e0rrec de la cantant i guitarrista, Claudia Candela.<\/p>","protected":false},"excerpt":{"rendered":"<p>En Mayo se conmemora el D\u00eda Internacional de la Fibromialgia y el S\u00edndrome de Fatiga Cr\u00f3nica. Con motivo de esta fecha, que se recuerda cada 12 de mayo, el Hospital de D\u00e9nia ha programado una serie de actos, como talleres de yoga, mindfulness y m\u00fasica de cara al pr\u00f3ximo viernes 26. Bajo el t\u00edtulo de [&#8230;]<\/p>\n<p><a class=\"btn btn-secondary understrap-read-more-link\" href=\"https:\/\/radiolitoral.com\/ca\/2023\/05\/el-hospital-de-denia-acogera-actividades-en-torno-al-dia-internacional-de-la-fibromialgia\/\">Continua llegint&#8230;<span class=\"screen-reader-text\"> from El Hospital de D\u00e9nia acoger\u00e1 actividades en torno al D\u00eda Internacional de la Fibromialgia<\/span><\/a><\/p>\n","protected":false},"author":21,"featured_media":3237,"comment_status":"open","ping_status":"closed","sticky":false,"template":"","format":"standard","meta":{"_acf_changed":false,"inline_featured_image":false,"footnotes":""},"categories":[46],"tags":[687,688],"class_list":["post-3234","post","type-post","status-publish","format-standard","has-post-thumbnail","hentry","category-sociedad","tag-dia-internacional-de-la-fibromialgia","tag-fibromialgia","cobertura-denia"],"acf":[],"yoast_head":"<!-- This site is optimized with the Yoast SEO plugin v27.5 - https:\/\/yoast.com\/product\/yoast-seo-wordpress\/ -->\n<title>El Hospital de D\u00e9nia acoger\u00e1 actividades en torno al D\u00eda Internacional de la Fibromialgia | R\u00e0dio Litoral<\/title>\n<meta name=\"description\" content=\"Talleres de yoga, mindfulness o m\u00fasica para el pr\u00f3ximo viernes 26 Talleres de yoga, mindfulness o m\u00fasica para el pr\u00f3ximo viernes 26\" \/>\n<meta name=\"robots\" content=\"index, follow, max-snippet:-1, max-image-preview:large, max-video-preview:-1\" \/>\n<link rel=\"canonical\" href=\"https:\/\/radiolitoral.com\/ca\/2023\/05\/lhospital-de-denia-acollis-activitats-al-voltant-del-dia-internacional-de-la-fibromialgia\/\" \/>\n<meta property=\"og:locale\" content=\"ca_ES\" \/>\n<meta property=\"og:type\" content=\"article\" \/>\n<meta property=\"og:title\" content=\"El Hospital de D\u00e9nia acoger\u00e1 actividades en torno al D\u00eda Internacional de la Fibromialgia | R\u00e0dio Litoral\" \/>\n<meta property=\"og:description\" content=\"Talleres de yoga, mindfulness o m\u00fasica para el pr\u00f3ximo viernes 26 Talleres de yoga, mindfulness o m\u00fasica para el pr\u00f3ximo viernes 26\" \/>\n<meta property=\"og:url\" content=\"https:\/\/radiolitoral.com\/ca\/2023\/05\/lhospital-de-denia-acollis-activitats-al-voltant-del-dia-internacional-de-la-fibromialgia\/\" \/>\n<meta property=\"og:site_name\" content=\"R\u00e0dio Litoral\" \/>\n<meta property=\"article:publisher\" content=\"https:\/\/www.facebook.com\/Laradiolitoral\/\" \/>\n<meta property=\"article:published_time\" content=\"2023-05-18T20:49:14+00:00\" \/>\n<meta property=\"article:modified_time\" content=\"2023-05-18T20:50:22+00:00\" \/>\n<meta property=\"og:image\" content=\"https:\/\/media.radiolitoral.com\/wp-content\/uploads\/2023\/05\/18224908\/FIBROMIALGIA.jpg\" \/>\n\t<meta property=\"og:image:width\" content=\"1200\" \/>\n\t<meta property=\"og:image:height\" content=\"900\" \/>\n\t<meta property=\"og:image:type\" content=\"image\/jpeg\" \/>\n<meta name=\"author\" content=\"Mel Pescuezo\" \/>\n<meta name=\"twitter:card\" content=\"summary_large_image\" \/>\n<meta name=\"twitter:label1\" content=\"Escrit per\" \/>\n\t<meta name=\"twitter:data1\" content=\"Mel Pescuezo\" \/>\n\t<meta name=\"twitter:label2\" content=\"Temps estimat de lectura\" \/>\n\t<meta name=\"twitter:data2\" content=\"2 minuts\" \/>\n<script type=\"application\/ld+json\" class=\"yoast-schema-graph\">{\"@context\":\"https:\\\/\\\/schema.org\",\"@graph\":[{\"@type\":\"NewsArticle\",\"@id\":\"https:\\\/\\\/radiolitoral.com\\\/2023\\\/05\\\/el-hospital-de-denia-acogera-actividades-en-torno-al-dia-internacional-de-la-fibromialgia\\\/#article\",\"isPartOf\":{\"@id\":\"https:\\\/\\\/radiolitoral.com\\\/2023\\\/05\\\/el-hospital-de-denia-acogera-actividades-en-torno-al-dia-internacional-de-la-fibromialgia\\\/\"},\"author\":{\"name\":\"Mel Pescuezo\",\"@id\":\"https:\\\/\\\/radiolitoral.com\\\/#\\\/schema\\\/person\\\/aad4f72efa404f85b68e832d24cac059\"},\"headline\":\"El Hospital de D\u00e9nia acoger\u00e1 actividades en torno al D\u00eda Internacional de la Fibromialgia\",\"datePublished\":\"2023-05-18T20:49:14+00:00\",\"dateModified\":\"2023-05-18T20:50:22+00:00\",\"mainEntityOfPage\":{\"@id\":\"https:\\\/\\\/radiolitoral.com\\\/2023\\\/05\\\/el-hospital-de-denia-acogera-actividades-en-torno-al-dia-internacional-de-la-fibromialgia\\\/\"},\"wordCount\":276,\"commentCount\":0,\"publisher\":{\"@id\":\"https:\\\/\\\/radiolitoral.com\\\/#organization\"},\"image\":{\"@id\":\"https:\\\/\\\/radiolitoral.com\\\/2023\\\/05\\\/el-hospital-de-denia-acogera-actividades-en-torno-al-dia-internacional-de-la-fibromialgia\\\/#primaryimage\"},\"thumbnailUrl\":\"https:\\\/\\\/media.radiolitoral.com\\\/wp-content\\\/uploads\\\/2023\\\/05\\\/18224908\\\/FIBROMIALGIA.jpg\",\"keywords\":[\"Dia Internacional de la Fibromialgia\",\"Fibromialgia\"],\"articleSection\":[\"Sociedad\"],\"inLanguage\":\"ca\",\"potentialAction\":[{\"@type\":\"CommentAction\",\"name\":\"Comment\",\"target\":[\"https:\\\/\\\/radiolitoral.com\\\/2023\\\/05\\\/el-hospital-de-denia-acogera-actividades-en-torno-al-dia-internacional-de-la-fibromialgia\\\/#respond\"]}]},{\"@type\":[\"WebPage\",\"ItemPage\"],\"@id\":\"https:\\\/\\\/radiolitoral.com\\\/2023\\\/05\\\/el-hospital-de-denia-acogera-actividades-en-torno-al-dia-internacional-de-la-fibromialgia\\\/\",\"url\":\"https:\\\/\\\/radiolitoral.com\\\/2023\\\/05\\\/el-hospital-de-denia-acogera-actividades-en-torno-al-dia-internacional-de-la-fibromialgia\\\/\",\"name\":\"El Hospital de D\u00e9nia acoger\u00e1 actividades en torno al D\u00eda Internacional de la Fibromialgia | R\u00e0dio Litoral\",\"isPartOf\":{\"@id\":\"https:\\\/\\\/radiolitoral.com\\\/#website\"},\"primaryImageOfPage\":{\"@id\":\"https:\\\/\\\/radiolitoral.com\\\/2023\\\/05\\\/el-hospital-de-denia-acogera-actividades-en-torno-al-dia-internacional-de-la-fibromialgia\\\/#primaryimage\"},\"image\":{\"@id\":\"https:\\\/\\\/radiolitoral.com\\\/2023\\\/05\\\/el-hospital-de-denia-acogera-actividades-en-torno-al-dia-internacional-de-la-fibromialgia\\\/#primaryimage\"},\"thumbnailUrl\":\"https:\\\/\\\/media.radiolitoral.com\\\/wp-content\\\/uploads\\\/2023\\\/05\\\/18224908\\\/FIBROMIALGIA.jpg\",\"datePublished\":\"2023-05-18T20:49:14+00:00\",\"dateModified\":\"2023-05-18T20:50:22+00:00\",\"description\":\"Talleres de yoga, mindfulness o m\u00fasica para el pr\u00f3ximo viernes 26 Talleres de yoga, mindfulness o m\u00fasica para el pr\u00f3ximo viernes 26\",\"breadcrumb\":{\"@id\":\"https:\\\/\\\/radiolitoral.com\\\/2023\\\/05\\\/el-hospital-de-denia-acogera-actividades-en-torno-al-dia-internacional-de-la-fibromialgia\\\/#breadcrumb\"},\"inLanguage\":\"ca\",\"potentialAction\":[{\"@type\":\"ReadAction\",\"target\":[\"https:\\\/\\\/radiolitoral.com\\\/2023\\\/05\\\/el-hospital-de-denia-acogera-actividades-en-torno-al-dia-internacional-de-la-fibromialgia\\\/\"]}]},{\"@type\":\"ImageObject\",\"inLanguage\":\"ca\",\"@id\":\"https:\\\/\\\/radiolitoral.com\\\/2023\\\/05\\\/el-hospital-de-denia-acogera-actividades-en-torno-al-dia-internacional-de-la-fibromialgia\\\/#primaryimage\",\"url\":\"https:\\\/\\\/media.radiolitoral.com\\\/wp-content\\\/uploads\\\/2023\\\/05\\\/18224908\\\/FIBROMIALGIA.jpg\",\"contentUrl\":\"https:\\\/\\\/media.radiolitoral.com\\\/wp-content\\\/uploads\\\/2023\\\/05\\\/18224908\\\/FIBROMIALGIA.jpg\",\"width\":1200,\"height\":900},{\"@type\":\"BreadcrumbList\",\"@id\":\"https:\\\/\\\/radiolitoral.com\\\/2023\\\/05\\\/el-hospital-de-denia-acogera-actividades-en-torno-al-dia-internacional-de-la-fibromialgia\\\/#breadcrumb\",\"itemListElement\":[{\"@type\":\"ListItem\",\"position\":1,\"name\":\"Portada\",\"item\":\"https:\\\/\\\/radiolitoral.com\\\/\"},{\"@type\":\"ListItem\",\"position\":2,\"name\":\"El Hospital de D\u00e9nia acoger\u00e1 actividades en torno al D\u00eda Internacional de la Fibromialgia\"}]},{\"@type\":\"WebSite\",\"@id\":\"https:\\\/\\\/radiolitoral.com\\\/#website\",\"url\":\"https:\\\/\\\/radiolitoral.com\\\/\",\"name\":\"Radio Litoral\",\"description\":\"La radio local de la Marina Alta\",\"publisher\":{\"@id\":\"https:\\\/\\\/radiolitoral.com\\\/#organization\"},\"alternateName\":\"Litoral FM\",\"potentialAction\":[{\"@type\":\"SearchAction\",\"target\":{\"@type\":\"EntryPoint\",\"urlTemplate\":\"https:\\\/\\\/radiolitoral.com\\\/?s={search_term_string}\"},\"query-input\":{\"@type\":\"PropertyValueSpecification\",\"valueRequired\":true,\"valueName\":\"search_term_string\"}}],\"inLanguage\":\"ca\"},{\"@type\":\"Organization\",\"@id\":\"https:\\\/\\\/radiolitoral.com\\\/#organization\",\"name\":\"Radio Litoral\",\"url\":\"https:\\\/\\\/radiolitoral.com\\\/\",\"logo\":{\"@type\":\"ImageObject\",\"inLanguage\":\"ca\",\"@id\":\"https:\\\/\\\/radiolitoral.com\\\/#\\\/schema\\\/logo\\\/image\\\/\",\"url\":\"https:\\\/\\\/media.radiolitoral.com\\\/wp-content\\\/uploads\\\/2023\\\/02\\\/24143238\\\/CL-V-RadioLitoral696.png\",\"contentUrl\":\"https:\\\/\\\/media.radiolitoral.com\\\/wp-content\\\/uploads\\\/2023\\\/02\\\/24143238\\\/CL-V-RadioLitoral696.png\",\"width\":696,\"height\":696,\"caption\":\"Radio Litoral\"},\"image\":{\"@id\":\"https:\\\/\\\/radiolitoral.com\\\/#\\\/schema\\\/logo\\\/image\\\/\"},\"sameAs\":[\"https:\\\/\\\/www.facebook.com\\\/Laradiolitoral\\\/\"]},{\"@type\":\"Person\",\"@id\":\"https:\\\/\\\/radiolitoral.com\\\/#\\\/schema\\\/person\\\/aad4f72efa404f85b68e832d24cac059\",\"name\":\"Mel Pescuezo\",\"image\":{\"@type\":\"ImageObject\",\"inLanguage\":\"ca\",\"@id\":\"https:\\\/\\\/secure.gravatar.com\\\/avatar\\\/993975ae489c70cb0dd9bfa9413a082f0bd276582dac13661af7b33f161e7eea?s=96&d=mm&r=g\",\"url\":\"https:\\\/\\\/secure.gravatar.com\\\/avatar\\\/993975ae489c70cb0dd9bfa9413a082f0bd276582dac13661af7b33f161e7eea?s=96&d=mm&r=g\",\"contentUrl\":\"https:\\\/\\\/secure.gravatar.com\\\/avatar\\\/993975ae489c70cb0dd9bfa9413a082f0bd276582dac13661af7b33f161e7eea?s=96&d=mm&r=g\",\"caption\":\"Mel Pescuezo\"},\"url\":\"https:\\\/\\\/radiolitoral.com\\\/ca\\\/author\\\/serviciospararadios\\\/\"}]}<\/script>\n<!-- \/ Yoast SEO plugin. -->","yoast_head_json":{"title":"L&#039;Hospital de D\u00e9nia acollir\u00e0 activitats al voltant del Dia Internacional de la Fibromi\u00e0lgia | R\u00e0dio Litoral","description":"Tallers de ioga, mindfulness o m\u00fasica per al proper divendres 26 Tallers de ioga, mindfulness o m\u00fasica per al proper divendres 26","robots":{"index":"index","follow":"follow","max-snippet":"max-snippet:-1","max-image-preview":"max-image-preview:large","max-video-preview":"max-video-preview:-1"},"canonical":"https:\/\/radiolitoral.com\/ca\/2023\/05\/lhospital-de-denia-acollis-activitats-al-voltant-del-dia-internacional-de-la-fibromialgia\/","og_locale":"ca_ES","og_type":"article","og_title":"El Hospital de D\u00e9nia acoger\u00e1 actividades en torno al D\u00eda Internacional de la Fibromialgia | R\u00e0dio Litoral","og_description":"Talleres de yoga, mindfulness o m\u00fasica para el pr\u00f3ximo viernes 26 Talleres de yoga, mindfulness o m\u00fasica para el pr\u00f3ximo viernes 26","og_url":"https:\/\/radiolitoral.com\/ca\/2023\/05\/lhospital-de-denia-acollis-activitats-al-voltant-del-dia-internacional-de-la-fibromialgia\/","og_site_name":"R\u00e0dio Litoral","article_publisher":"https:\/\/www.facebook.com\/Laradiolitoral\/","article_published_time":"2023-05-18T20:49:14+00:00","article_modified_time":"2023-05-18T20:50:22+00:00","og_image":[{"width":1200,"height":900,"url":"https:\/\/media.radiolitoral.com\/wp-content\/uploads\/2023\/05\/18224908\/FIBROMIALGIA.jpg","type":"image\/jpeg"}],"author":"Mel Pescuezo","twitter_card":"summary_large_image","twitter_misc":{"Escrit per":"Mel Pescuezo","Temps estimat de lectura":"2 minuts"},"schema":{"@context":"https:\/\/schema.org","@graph":[{"@type":"NewsArticle","@id":"https:\/\/radiolitoral.com\/2023\/05\/el-hospital-de-denia-acogera-actividades-en-torno-al-dia-internacional-de-la-fibromialgia\/#article","isPartOf":{"@id":"https:\/\/radiolitoral.com\/2023\/05\/el-hospital-de-denia-acogera-actividades-en-torno-al-dia-internacional-de-la-fibromialgia\/"},"author":{"name":"Mel Pescuezo","@id":"https:\/\/radiolitoral.com\/#\/schema\/person\/aad4f72efa404f85b68e832d24cac059"},"headline":"El Hospital de D\u00e9nia acoger\u00e1 actividades en torno al D\u00eda Internacional de la Fibromialgia","datePublished":"2023-05-18T20:49:14+00:00","dateModified":"2023-05-18T20:50:22+00:00","mainEntityOfPage":{"@id":"https:\/\/radiolitoral.com\/2023\/05\/el-hospital-de-denia-acogera-actividades-en-torno-al-dia-internacional-de-la-fibromialgia\/"},"wordCount":276,"commentCount":0,"publisher":{"@id":"https:\/\/radiolitoral.com\/#organization"},"image":{"@id":"https:\/\/radiolitoral.com\/2023\/05\/el-hospital-de-denia-acogera-actividades-en-torno-al-dia-internacional-de-la-fibromialgia\/#primaryimage"},"thumbnailUrl":"https:\/\/media.radiolitoral.com\/wp-content\/uploads\/2023\/05\/18224908\/FIBROMIALGIA.jpg","keywords":["Dia Internacional de la Fibromialgia","Fibromialgia"],"articleSection":["Sociedad"],"inLanguage":"ca","potentialAction":[{"@type":"CommentAction","name":"Comment","target":["https:\/\/radiolitoral.com\/2023\/05\/el-hospital-de-denia-acogera-actividades-en-torno-al-dia-internacional-de-la-fibromialgia\/#respond"]}]},{"@type":["WebPage","ItemPage"],"@id":"https:\/\/radiolitoral.com\/2023\/05\/el-hospital-de-denia-acogera-actividades-en-torno-al-dia-internacional-de-la-fibromialgia\/","url":"https:\/\/radiolitoral.com\/2023\/05\/el-hospital-de-denia-acogera-actividades-en-torno-al-dia-internacional-de-la-fibromialgia\/","name":"L&#039;Hospital de D\u00e9nia acollir\u00e0 activitats al voltant del Dia Internacional de la Fibromi\u00e0lgia | R\u00e0dio Litoral","isPartOf":{"@id":"https:\/\/radiolitoral.com\/#website"},"primaryImageOfPage":{"@id":"https:\/\/radiolitoral.com\/2023\/05\/el-hospital-de-denia-acogera-actividades-en-torno-al-dia-internacional-de-la-fibromialgia\/#primaryimage"},"image":{"@id":"https:\/\/radiolitoral.com\/2023\/05\/el-hospital-de-denia-acogera-actividades-en-torno-al-dia-internacional-de-la-fibromialgia\/#primaryimage"},"thumbnailUrl":"https:\/\/media.radiolitoral.com\/wp-content\/uploads\/2023\/05\/18224908\/FIBROMIALGIA.jpg","datePublished":"2023-05-18T20:49:14+00:00","dateModified":"2023-05-18T20:50:22+00:00","description":"Tallers de ioga, mindfulness o m\u00fasica per al proper divendres 26 Tallers de ioga, mindfulness o m\u00fasica per al proper divendres 26","breadcrumb":{"@id":"https:\/\/radiolitoral.com\/2023\/05\/el-hospital-de-denia-acogera-actividades-en-torno-al-dia-internacional-de-la-fibromialgia\/#breadcrumb"},"inLanguage":"ca","potentialAction":[{"@type":"ReadAction","target":["https:\/\/radiolitoral.com\/2023\/05\/el-hospital-de-denia-acogera-actividades-en-torno-al-dia-internacional-de-la-fibromialgia\/"]}]},{"@type":"ImageObject","inLanguage":"ca","@id":"https:\/\/radiolitoral.com\/2023\/05\/el-hospital-de-denia-acogera-actividades-en-torno-al-dia-internacional-de-la-fibromialgia\/#primaryimage","url":"https:\/\/media.radiolitoral.com\/wp-content\/uploads\/2023\/05\/18224908\/FIBROMIALGIA.jpg","contentUrl":"https:\/\/media.radiolitoral.com\/wp-content\/uploads\/2023\/05\/18224908\/FIBROMIALGIA.jpg","width":1200,"height":900},{"@type":"BreadcrumbList","@id":"https:\/\/radiolitoral.com\/2023\/05\/el-hospital-de-denia-acogera-actividades-en-torno-al-dia-internacional-de-la-fibromialgia\/#breadcrumb","itemListElement":[{"@type":"ListItem","position":1,"name":"Portada","item":"https:\/\/radiolitoral.com\/"},{"@type":"ListItem","position":2,"name":"El Hospital de D\u00e9nia acoger\u00e1 actividades en torno al D\u00eda Internacional de la Fibromialgia"}]},{"@type":"WebSite","@id":"https:\/\/radiolitoral.com\/#website","url":"https:\/\/radiolitoral.com\/","name":"R\u00e0dio Litoral","description":"La r\u00e0dio local de la Marina Alta","publisher":{"@id":"https:\/\/radiolitoral.com\/#organization"},"alternateName":"Litoral FM","potentialAction":[{"@type":"SearchAction","target":{"@type":"EntryPoint","urlTemplate":"https:\/\/radiolitoral.com\/?s={search_term_string}"},"query-input":{"@type":"PropertyValueSpecification","valueRequired":true,"valueName":"search_term_string"}}],"inLanguage":"ca"},{"@type":"Organization","@id":"https:\/\/radiolitoral.com\/#organization","name":"R\u00e0dio Litoral","url":"https:\/\/radiolitoral.com\/","logo":{"@type":"ImageObject","inLanguage":"ca","@id":"https:\/\/radiolitoral.com\/#\/schema\/logo\/image\/","url":"https:\/\/media.radiolitoral.com\/wp-content\/uploads\/2023\/02\/24143238\/CL-V-RadioLitoral696.png","contentUrl":"https:\/\/media.radiolitoral.com\/wp-content\/uploads\/2023\/02\/24143238\/CL-V-RadioLitoral696.png","width":696,"height":696,"caption":"Radio Litoral"},"image":{"@id":"https:\/\/radiolitoral.com\/#\/schema\/logo\/image\/"},"sameAs":["https:\/\/www.facebook.com\/Laradiolitoral\/"]},{"@type":"Person","@id":"https:\/\/radiolitoral.com\/#\/schema\/person\/aad4f72efa404f85b68e832d24cac059","name":"Mel Pescuezo","image":{"@type":"ImageObject","inLanguage":"ca","@id":"https:\/\/secure.gravatar.com\/avatar\/993975ae489c70cb0dd9bfa9413a082f0bd276582dac13661af7b33f161e7eea?s=96&d=mm&r=g","url":"https:\/\/secure.gravatar.com\/avatar\/993975ae489c70cb0dd9bfa9413a082f0bd276582dac13661af7b33f161e7eea?s=96&d=mm&r=g","contentUrl":"https:\/\/secure.gravatar.com\/avatar\/993975ae489c70cb0dd9bfa9413a082f0bd276582dac13661af7b33f161e7eea?s=96&d=mm&r=g","caption":"Mel Pescuezo"},"url":"https:\/\/radiolitoral.com\/ca\/author\/serviciospararadios\/"}]}},"_links":{"self":[{"href":"https:\/\/radiolitoral.com\/ca\/wp-json\/wp\/v2\/posts\/3234","targetHints":{"allow":["GET"]}}],"collection":[{"href":"https:\/\/radiolitoral.com\/ca\/wp-json\/wp\/v2\/posts"}],"about":[{"href":"https:\/\/radiolitoral.com\/ca\/wp-json\/wp\/v2\/types\/post"}],"author":[{"embeddable":true,"href":"https:\/\/radiolitoral.com\/ca\/wp-json\/wp\/v2\/users\/21"}],"replies":[{"embeddable":true,"href":"https:\/\/radiolitoral.com\/ca\/wp-json\/wp\/v2\/comments?post=3234"}],"version-history":[{"count":1,"href":"https:\/\/radiolitoral.com\/ca\/wp-json\/wp\/v2\/posts\/3234\/revisions"}],"predecessor-version":[{"id":3238,"href":"https:\/\/radiolitoral.com\/ca\/wp-json\/wp\/v2\/posts\/3234\/revisions\/3238"}],"wp:featuredmedia":[{"embeddable":true,"href":"https:\/\/radiolitoral.com\/ca\/wp-json\/wp\/v2\/media\/3237"}],"wp:attachment":[{"href":"https:\/\/radiolitoral.com\/ca\/wp-json\/wp\/v2\/media?parent=3234"}],"wp:term":[{"taxonomy":"category","embeddable":true,"href":"https:\/\/radiolitoral.com\/ca\/wp-json\/wp\/v2\/categories?post=3234"},{"taxonomy":"post_tag","embeddable":true,"href":"https:\/\/radiolitoral.com\/ca\/wp-json\/wp\/v2\/tags?post=3234"}],"curies":[{"name":"wp","href":"https:\/\/api.w.org\/{rel}","templated":true}]}}