{"id":3187,"date":"2023-05-17T21:30:11","date_gmt":"2023-05-17T19:30:11","guid":{"rendered":"https:\/\/radiolitoral.com\/?p=3187"},"modified":"2023-05-17T21:30:29","modified_gmt":"2023-05-17T19:30:29","slug":"lescola-esportiva-destiu-de-teulada-obre-la-matricula-l1-de-juny","status":"publish","type":"post","link":"https:\/\/radiolitoral.com\/ca\/2023\/05\/la-escuela-deportiva-de-verano-de-teulada-abre-su-matricula-el-1-de-junio\/","title":{"rendered":"L&#039;Escola Esportiva d&#039;Estiu de Teulada obre la matr\u00edcula l&#039;1 de juny"},"content":{"rendered":"<p>L?ajuntament de Teulada ja ha donat a con\u00e8ixer l?oferta l\u00fadica esportiva amb qu\u00e8 ocupar el temps lliure dels escolars quan arribin les vacances d?estiu. Es tracta d&#039;una nova edici\u00f3 de la <strong>Escola Esportiva d&#039;Estiu<\/strong>, les activitats de les quals es desenvoluparan al llarg dels mesos de <strong>juliol i agost, de<\/strong> <strong>dilluns a divendres en horari matut\u00ed, de 9h a 14h<\/strong>.<\/p>\n<p>El preu estipulat \u00e9s de 150\u20ac\/mes \u2013 90\u20ac\/quinzena. Les fam\u00edlies interessades poden formalitzar la matr\u00edcula a partir de l&#039;1 de juny i fins al dia 20 d&#039;aquell mes.<\/p>\n<p>&nbsp;<\/p>","protected":false},"excerpt":{"rendered":"<p>El ayuntamiento de Teulada ya ha dado a conocer la oferta l\u00fadica deportiva con la que ocupar el tiempo libre de los escolares cuando lleguen las vacaciones de verano. Se trata de una nueva edici\u00f3n de la Escuela Deportiva de Verano, cuyas actividades se desarrollar\u00e1n a lo largo de los meses de julio y agosto, [&#8230;]<\/p>\n<p><a class=\"btn btn-secondary understrap-read-more-link\" href=\"https:\/\/radiolitoral.com\/ca\/2023\/05\/la-escuela-deportiva-de-verano-de-teulada-abre-su-matricula-el-1-de-junio\/\">Continua llegint&#8230;<span class=\"screen-reader-text\"> from La Escuela Deportiva de Verano de Teulada abre su matr\u00edcula el 1 de junio<\/span><\/a><\/p>\n","protected":false},"author":13,"featured_media":3189,"comment_status":"open","ping_status":"closed","sticky":false,"template":"","format":"standard","meta":{"_acf_changed":false,"inline_featured_image":false,"footnotes":""},"categories":[5],"tags":[685,684,146],"class_list":["post-3187","post","type-post","status-publish","format-standard","has-post-thumbnail","hentry","category-deportes","tag-clases-verano","tag-escuela-de-verano","tag-teulada","cobertura-teulada-moraira"],"acf":[],"yoast_head":"<!-- This site is optimized with the Yoast SEO plugin v27.5 - https:\/\/yoast.com\/product\/yoast-seo-wordpress\/ -->\n<title>La Escuela Deportiva de Verano de Teulada abre su matr\u00edcula el 1 de junio | R\u00e0dio Litoral<\/title>\n<meta name=\"description\" content=\"Las clases ser\u00e1n durante julio y agosto, de lunes a viernes en horario matutino\" \/>\n<meta name=\"robots\" content=\"index, follow, max-snippet:-1, max-image-preview:large, max-video-preview:-1\" \/>\n<link rel=\"canonical\" href=\"https:\/\/radiolitoral.com\/ca\/2023\/05\/lescola-esportiva-destiu-de-teulada-obre-la-matricula-l1-de-juny\/\" \/>\n<meta property=\"og:locale\" content=\"ca_ES\" \/>\n<meta property=\"og:type\" content=\"article\" \/>\n<meta property=\"og:title\" content=\"La Escuela Deportiva de Verano de Teulada abre su matr\u00edcula el 1 de junio | R\u00e0dio Litoral\" \/>\n<meta property=\"og:description\" content=\"Las clases ser\u00e1n durante julio y agosto, de lunes a viernes en horario matutino\" \/>\n<meta property=\"og:url\" content=\"https:\/\/radiolitoral.com\/ca\/2023\/05\/lescola-esportiva-destiu-de-teulada-obre-la-matricula-l1-de-juny\/\" \/>\n<meta property=\"og:site_name\" content=\"R\u00e0dio Litoral\" \/>\n<meta property=\"article:publisher\" content=\"https:\/\/www.facebook.com\/Laradiolitoral\/\" \/>\n<meta property=\"article:published_time\" content=\"2023-05-17T19:30:11+00:00\" \/>\n<meta property=\"article:modified_time\" content=\"2023-05-17T19:30:29+00:00\" \/>\n<meta property=\"og:image\" content=\"https:\/\/media.radiolitoral.com\/wp-content\/uploads\/2023\/05\/17212918\/deportes.jpg\" \/>\n\t<meta property=\"og:image:width\" content=\"778\" \/>\n\t<meta property=\"og:image:height\" content=\"558\" \/>\n\t<meta property=\"og:image:type\" content=\"image\/jpeg\" \/>\n<meta name=\"author\" content=\"Redacci\u00f3n\" \/>\n<meta name=\"twitter:card\" content=\"summary_large_image\" \/>\n<meta name=\"twitter:label1\" content=\"Escrit per\" \/>\n\t<meta name=\"twitter:data1\" content=\"Redacci\u00f3n\" \/>\n\t<meta name=\"twitter:label2\" content=\"Temps estimat de lectura\" \/>\n\t<meta name=\"twitter:data2\" content=\"1 minut\" \/>\n<script type=\"application\/ld+json\" class=\"yoast-schema-graph\">{\"@context\":\"https:\\\/\\\/schema.org\",\"@graph\":[{\"@type\":\"NewsArticle\",\"@id\":\"https:\\\/\\\/radiolitoral.com\\\/2023\\\/05\\\/la-escuela-deportiva-de-verano-de-teulada-abre-su-matricula-el-1-de-junio\\\/#article\",\"isPartOf\":{\"@id\":\"https:\\\/\\\/radiolitoral.com\\\/2023\\\/05\\\/la-escuela-deportiva-de-verano-de-teulada-abre-su-matricula-el-1-de-junio\\\/\"},\"author\":{\"name\":\"Redacci\u00f3n\",\"@id\":\"https:\\\/\\\/radiolitoral.com\\\/#\\\/schema\\\/person\\\/f2b2343c49b5d721857cc1002bfdb151\"},\"headline\":\"La Escuela Deportiva de Verano de Teulada abre su matr\u00edcula el 1 de junio\",\"datePublished\":\"2023-05-17T19:30:11+00:00\",\"dateModified\":\"2023-05-17T19:30:29+00:00\",\"mainEntityOfPage\":{\"@id\":\"https:\\\/\\\/radiolitoral.com\\\/2023\\\/05\\\/la-escuela-deportiva-de-verano-de-teulada-abre-su-matricula-el-1-de-junio\\\/\"},\"wordCount\":114,\"commentCount\":0,\"publisher\":{\"@id\":\"https:\\\/\\\/radiolitoral.com\\\/#organization\"},\"image\":{\"@id\":\"https:\\\/\\\/radiolitoral.com\\\/2023\\\/05\\\/la-escuela-deportiva-de-verano-de-teulada-abre-su-matricula-el-1-de-junio\\\/#primaryimage\"},\"thumbnailUrl\":\"https:\\\/\\\/media.radiolitoral.com\\\/wp-content\\\/uploads\\\/2023\\\/05\\\/17212918\\\/deportes.jpg\",\"keywords\":[\"clases verano\",\"escuela de verano\",\"Teulada\"],\"articleSection\":[\"Deportes\"],\"inLanguage\":\"ca\",\"potentialAction\":[{\"@type\":\"CommentAction\",\"name\":\"Comment\",\"target\":[\"https:\\\/\\\/radiolitoral.com\\\/2023\\\/05\\\/la-escuela-deportiva-de-verano-de-teulada-abre-su-matricula-el-1-de-junio\\\/#respond\"]}]},{\"@type\":[\"WebPage\",\"ItemPage\"],\"@id\":\"https:\\\/\\\/radiolitoral.com\\\/2023\\\/05\\\/la-escuela-deportiva-de-verano-de-teulada-abre-su-matricula-el-1-de-junio\\\/\",\"url\":\"https:\\\/\\\/radiolitoral.com\\\/2023\\\/05\\\/la-escuela-deportiva-de-verano-de-teulada-abre-su-matricula-el-1-de-junio\\\/\",\"name\":\"La Escuela Deportiva de Verano de Teulada abre su matr\u00edcula el 1 de junio | R\u00e0dio Litoral\",\"isPartOf\":{\"@id\":\"https:\\\/\\\/radiolitoral.com\\\/#website\"},\"primaryImageOfPage\":{\"@id\":\"https:\\\/\\\/radiolitoral.com\\\/2023\\\/05\\\/la-escuela-deportiva-de-verano-de-teulada-abre-su-matricula-el-1-de-junio\\\/#primaryimage\"},\"image\":{\"@id\":\"https:\\\/\\\/radiolitoral.com\\\/2023\\\/05\\\/la-escuela-deportiva-de-verano-de-teulada-abre-su-matricula-el-1-de-junio\\\/#primaryimage\"},\"thumbnailUrl\":\"https:\\\/\\\/media.radiolitoral.com\\\/wp-content\\\/uploads\\\/2023\\\/05\\\/17212918\\\/deportes.jpg\",\"datePublished\":\"2023-05-17T19:30:11+00:00\",\"dateModified\":\"2023-05-17T19:30:29+00:00\",\"description\":\"Las clases ser\u00e1n durante julio y agosto, de lunes a viernes en horario matutino\",\"breadcrumb\":{\"@id\":\"https:\\\/\\\/radiolitoral.com\\\/2023\\\/05\\\/la-escuela-deportiva-de-verano-de-teulada-abre-su-matricula-el-1-de-junio\\\/#breadcrumb\"},\"inLanguage\":\"ca\",\"potentialAction\":[{\"@type\":\"ReadAction\",\"target\":[\"https:\\\/\\\/radiolitoral.com\\\/2023\\\/05\\\/la-escuela-deportiva-de-verano-de-teulada-abre-su-matricula-el-1-de-junio\\\/\"]}]},{\"@type\":\"ImageObject\",\"inLanguage\":\"ca\",\"@id\":\"https:\\\/\\\/radiolitoral.com\\\/2023\\\/05\\\/la-escuela-deportiva-de-verano-de-teulada-abre-su-matricula-el-1-de-junio\\\/#primaryimage\",\"url\":\"https:\\\/\\\/media.radiolitoral.com\\\/wp-content\\\/uploads\\\/2023\\\/05\\\/17212918\\\/deportes.jpg\",\"contentUrl\":\"https:\\\/\\\/media.radiolitoral.com\\\/wp-content\\\/uploads\\\/2023\\\/05\\\/17212918\\\/deportes.jpg\",\"width\":778,\"height\":558},{\"@type\":\"BreadcrumbList\",\"@id\":\"https:\\\/\\\/radiolitoral.com\\\/2023\\\/05\\\/la-escuela-deportiva-de-verano-de-teulada-abre-su-matricula-el-1-de-junio\\\/#breadcrumb\",\"itemListElement\":[{\"@type\":\"ListItem\",\"position\":1,\"name\":\"Portada\",\"item\":\"https:\\\/\\\/radiolitoral.com\\\/\"},{\"@type\":\"ListItem\",\"position\":2,\"name\":\"La Escuela Deportiva de Verano de Teulada abre su matr\u00edcula el 1 de junio\"}]},{\"@type\":\"WebSite\",\"@id\":\"https:\\\/\\\/radiolitoral.com\\\/#website\",\"url\":\"https:\\\/\\\/radiolitoral.com\\\/\",\"name\":\"Radio Litoral\",\"description\":\"La radio local de la Marina Alta\",\"publisher\":{\"@id\":\"https:\\\/\\\/radiolitoral.com\\\/#organization\"},\"alternateName\":\"Litoral FM\",\"potentialAction\":[{\"@type\":\"SearchAction\",\"target\":{\"@type\":\"EntryPoint\",\"urlTemplate\":\"https:\\\/\\\/radiolitoral.com\\\/?s={search_term_string}\"},\"query-input\":{\"@type\":\"PropertyValueSpecification\",\"valueRequired\":true,\"valueName\":\"search_term_string\"}}],\"inLanguage\":\"ca\"},{\"@type\":\"Organization\",\"@id\":\"https:\\\/\\\/radiolitoral.com\\\/#organization\",\"name\":\"Radio Litoral\",\"url\":\"https:\\\/\\\/radiolitoral.com\\\/\",\"logo\":{\"@type\":\"ImageObject\",\"inLanguage\":\"ca\",\"@id\":\"https:\\\/\\\/radiolitoral.com\\\/#\\\/schema\\\/logo\\\/image\\\/\",\"url\":\"https:\\\/\\\/media.radiolitoral.com\\\/wp-content\\\/uploads\\\/2023\\\/02\\\/24143238\\\/CL-V-RadioLitoral696.png\",\"contentUrl\":\"https:\\\/\\\/media.radiolitoral.com\\\/wp-content\\\/uploads\\\/2023\\\/02\\\/24143238\\\/CL-V-RadioLitoral696.png\",\"width\":696,\"height\":696,\"caption\":\"Radio Litoral\"},\"image\":{\"@id\":\"https:\\\/\\\/radiolitoral.com\\\/#\\\/schema\\\/logo\\\/image\\\/\"},\"sameAs\":[\"https:\\\/\\\/www.facebook.com\\\/Laradiolitoral\\\/\"]},{\"@type\":\"Person\",\"@id\":\"https:\\\/\\\/radiolitoral.com\\\/#\\\/schema\\\/person\\\/f2b2343c49b5d721857cc1002bfdb151\",\"name\":\"Redacci\u00f3n\",\"image\":{\"@type\":\"ImageObject\",\"inLanguage\":\"ca\",\"@id\":\"https:\\\/\\\/secure.gravatar.com\\\/avatar\\\/f771d896c203ad8b3382d7905cfcce5a5c9b008b84b3cd9114e9b9f4cb63f789?s=96&d=mm&r=g\",\"url\":\"https:\\\/\\\/secure.gravatar.com\\\/avatar\\\/f771d896c203ad8b3382d7905cfcce5a5c9b008b84b3cd9114e9b9f4cb63f789?s=96&d=mm&r=g\",\"contentUrl\":\"https:\\\/\\\/secure.gravatar.com\\\/avatar\\\/f771d896c203ad8b3382d7905cfcce5a5c9b008b84b3cd9114e9b9f4cb63f789?s=96&d=mm&r=g\",\"caption\":\"Redacci\u00f3n\"},\"url\":\"https:\\\/\\\/radiolitoral.com\\\/ca\\\/author\\\/miriam-pagan\\\/\"}]}<\/script>\n<!-- \/ Yoast SEO plugin. -->","yoast_head_json":{"title":"L&#039;Escola Esportiva d&#039;Estiu de Teulada obre la matr\u00edcula l&#039;1 de juny | R\u00e0dio Litoral","description":"Les classes seran durant juliol i agost, de dilluns a divendres en horari matut\u00ed","robots":{"index":"index","follow":"follow","max-snippet":"max-snippet:-1","max-image-preview":"max-image-preview:large","max-video-preview":"max-video-preview:-1"},"canonical":"https:\/\/radiolitoral.com\/ca\/2023\/05\/lescola-esportiva-destiu-de-teulada-obre-la-matricula-l1-de-juny\/","og_locale":"ca_ES","og_type":"article","og_title":"La Escuela Deportiva de Verano de Teulada abre su matr\u00edcula el 1 de junio | R\u00e0dio Litoral","og_description":"Las clases ser\u00e1n durante julio y agosto, de lunes a viernes en horario matutino","og_url":"https:\/\/radiolitoral.com\/ca\/2023\/05\/lescola-esportiva-destiu-de-teulada-obre-la-matricula-l1-de-juny\/","og_site_name":"R\u00e0dio Litoral","article_publisher":"https:\/\/www.facebook.com\/Laradiolitoral\/","article_published_time":"2023-05-17T19:30:11+00:00","article_modified_time":"2023-05-17T19:30:29+00:00","og_image":[{"width":778,"height":558,"url":"https:\/\/media.radiolitoral.com\/wp-content\/uploads\/2023\/05\/17212918\/deportes.jpg","type":"image\/jpeg"}],"author":"Redacci\u00f3n","twitter_card":"summary_large_image","twitter_misc":{"Escrit per":"Redacci\u00f3n","Temps estimat de lectura":"1 minut"},"schema":{"@context":"https:\/\/schema.org","@graph":[{"@type":"NewsArticle","@id":"https:\/\/radiolitoral.com\/2023\/05\/la-escuela-deportiva-de-verano-de-teulada-abre-su-matricula-el-1-de-junio\/#article","isPartOf":{"@id":"https:\/\/radiolitoral.com\/2023\/05\/la-escuela-deportiva-de-verano-de-teulada-abre-su-matricula-el-1-de-junio\/"},"author":{"name":"Redacci\u00f3n","@id":"https:\/\/radiolitoral.com\/#\/schema\/person\/f2b2343c49b5d721857cc1002bfdb151"},"headline":"La Escuela Deportiva de Verano de Teulada abre su matr\u00edcula el 1 de junio","datePublished":"2023-05-17T19:30:11+00:00","dateModified":"2023-05-17T19:30:29+00:00","mainEntityOfPage":{"@id":"https:\/\/radiolitoral.com\/2023\/05\/la-escuela-deportiva-de-verano-de-teulada-abre-su-matricula-el-1-de-junio\/"},"wordCount":114,"commentCount":0,"publisher":{"@id":"https:\/\/radiolitoral.com\/#organization"},"image":{"@id":"https:\/\/radiolitoral.com\/2023\/05\/la-escuela-deportiva-de-verano-de-teulada-abre-su-matricula-el-1-de-junio\/#primaryimage"},"thumbnailUrl":"https:\/\/media.radiolitoral.com\/wp-content\/uploads\/2023\/05\/17212918\/deportes.jpg","keywords":["clases verano","escuela de verano","Teulada"],"articleSection":["Deportes"],"inLanguage":"ca","potentialAction":[{"@type":"CommentAction","name":"Comment","target":["https:\/\/radiolitoral.com\/2023\/05\/la-escuela-deportiva-de-verano-de-teulada-abre-su-matricula-el-1-de-junio\/#respond"]}]},{"@type":["WebPage","ItemPage"],"@id":"https:\/\/radiolitoral.com\/2023\/05\/la-escuela-deportiva-de-verano-de-teulada-abre-su-matricula-el-1-de-junio\/","url":"https:\/\/radiolitoral.com\/2023\/05\/la-escuela-deportiva-de-verano-de-teulada-abre-su-matricula-el-1-de-junio\/","name":"L&#039;Escola Esportiva d&#039;Estiu de Teulada obre la matr\u00edcula l&#039;1 de juny | R\u00e0dio Litoral","isPartOf":{"@id":"https:\/\/radiolitoral.com\/#website"},"primaryImageOfPage":{"@id":"https:\/\/radiolitoral.com\/2023\/05\/la-escuela-deportiva-de-verano-de-teulada-abre-su-matricula-el-1-de-junio\/#primaryimage"},"image":{"@id":"https:\/\/radiolitoral.com\/2023\/05\/la-escuela-deportiva-de-verano-de-teulada-abre-su-matricula-el-1-de-junio\/#primaryimage"},"thumbnailUrl":"https:\/\/media.radiolitoral.com\/wp-content\/uploads\/2023\/05\/17212918\/deportes.jpg","datePublished":"2023-05-17T19:30:11+00:00","dateModified":"2023-05-17T19:30:29+00:00","description":"Les classes seran durant juliol i agost, de dilluns a divendres en horari matut\u00ed","breadcrumb":{"@id":"https:\/\/radiolitoral.com\/2023\/05\/la-escuela-deportiva-de-verano-de-teulada-abre-su-matricula-el-1-de-junio\/#breadcrumb"},"inLanguage":"ca","potentialAction":[{"@type":"ReadAction","target":["https:\/\/radiolitoral.com\/2023\/05\/la-escuela-deportiva-de-verano-de-teulada-abre-su-matricula-el-1-de-junio\/"]}]},{"@type":"ImageObject","inLanguage":"ca","@id":"https:\/\/radiolitoral.com\/2023\/05\/la-escuela-deportiva-de-verano-de-teulada-abre-su-matricula-el-1-de-junio\/#primaryimage","url":"https:\/\/media.radiolitoral.com\/wp-content\/uploads\/2023\/05\/17212918\/deportes.jpg","contentUrl":"https:\/\/media.radiolitoral.com\/wp-content\/uploads\/2023\/05\/17212918\/deportes.jpg","width":778,"height":558},{"@type":"BreadcrumbList","@id":"https:\/\/radiolitoral.com\/2023\/05\/la-escuela-deportiva-de-verano-de-teulada-abre-su-matricula-el-1-de-junio\/#breadcrumb","itemListElement":[{"@type":"ListItem","position":1,"name":"Portada","item":"https:\/\/radiolitoral.com\/"},{"@type":"ListItem","position":2,"name":"La Escuela Deportiva de Verano de Teulada abre su matr\u00edcula el 1 de junio"}]},{"@type":"WebSite","@id":"https:\/\/radiolitoral.com\/#website","url":"https:\/\/radiolitoral.com\/","name":"R\u00e0dio Litoral","description":"La r\u00e0dio local de la Marina Alta","publisher":{"@id":"https:\/\/radiolitoral.com\/#organization"},"alternateName":"Litoral FM","potentialAction":[{"@type":"SearchAction","target":{"@type":"EntryPoint","urlTemplate":"https:\/\/radiolitoral.com\/?s={search_term_string}"},"query-input":{"@type":"PropertyValueSpecification","valueRequired":true,"valueName":"search_term_string"}}],"inLanguage":"ca"},{"@type":"Organization","@id":"https:\/\/radiolitoral.com\/#organization","name":"R\u00e0dio Litoral","url":"https:\/\/radiolitoral.com\/","logo":{"@type":"ImageObject","inLanguage":"ca","@id":"https:\/\/radiolitoral.com\/#\/schema\/logo\/image\/","url":"https:\/\/media.radiolitoral.com\/wp-content\/uploads\/2023\/02\/24143238\/CL-V-RadioLitoral696.png","contentUrl":"https:\/\/media.radiolitoral.com\/wp-content\/uploads\/2023\/02\/24143238\/CL-V-RadioLitoral696.png","width":696,"height":696,"caption":"Radio Litoral"},"image":{"@id":"https:\/\/radiolitoral.com\/#\/schema\/logo\/image\/"},"sameAs":["https:\/\/www.facebook.com\/Laradiolitoral\/"]},{"@type":"Person","@id":"https:\/\/radiolitoral.com\/#\/schema\/person\/f2b2343c49b5d721857cc1002bfdb151","name":"Redacci\u00f3","image":{"@type":"ImageObject","inLanguage":"ca","@id":"https:\/\/secure.gravatar.com\/avatar\/f771d896c203ad8b3382d7905cfcce5a5c9b008b84b3cd9114e9b9f4cb63f789?s=96&d=mm&r=g","url":"https:\/\/secure.gravatar.com\/avatar\/f771d896c203ad8b3382d7905cfcce5a5c9b008b84b3cd9114e9b9f4cb63f789?s=96&d=mm&r=g","contentUrl":"https:\/\/secure.gravatar.com\/avatar\/f771d896c203ad8b3382d7905cfcce5a5c9b008b84b3cd9114e9b9f4cb63f789?s=96&d=mm&r=g","caption":"Redacci\u00f3n"},"url":"https:\/\/radiolitoral.com\/ca\/author\/miriam-pagan\/"}]}},"_links":{"self":[{"href":"https:\/\/radiolitoral.com\/ca\/wp-json\/wp\/v2\/posts\/3187","targetHints":{"allow":["GET"]}}],"collection":[{"href":"https:\/\/radiolitoral.com\/ca\/wp-json\/wp\/v2\/posts"}],"about":[{"href":"https:\/\/radiolitoral.com\/ca\/wp-json\/wp\/v2\/types\/post"}],"author":[{"embeddable":true,"href":"https:\/\/radiolitoral.com\/ca\/wp-json\/wp\/v2\/users\/13"}],"replies":[{"embeddable":true,"href":"https:\/\/radiolitoral.com\/ca\/wp-json\/wp\/v2\/comments?post=3187"}],"version-history":[{"count":1,"href":"https:\/\/radiolitoral.com\/ca\/wp-json\/wp\/v2\/posts\/3187\/revisions"}],"predecessor-version":[{"id":3190,"href":"https:\/\/radiolitoral.com\/ca\/wp-json\/wp\/v2\/posts\/3187\/revisions\/3190"}],"wp:featuredmedia":[{"embeddable":true,"href":"https:\/\/radiolitoral.com\/ca\/wp-json\/wp\/v2\/media\/3189"}],"wp:attachment":[{"href":"https:\/\/radiolitoral.com\/ca\/wp-json\/wp\/v2\/media?parent=3187"}],"wp:term":[{"taxonomy":"category","embeddable":true,"href":"https:\/\/radiolitoral.com\/ca\/wp-json\/wp\/v2\/categories?post=3187"},{"taxonomy":"post_tag","embeddable":true,"href":"https:\/\/radiolitoral.com\/ca\/wp-json\/wp\/v2\/tags?post=3187"}],"curies":[{"name":"wp","href":"https:\/\/api.w.org\/{rel}","templated":true}]}}