{"id":3180,"date":"2023-05-17T20:50:31","date_gmt":"2023-05-17T18:50:31","guid":{"rendered":"https:\/\/radiolitoral.com\/?p=3180"},"modified":"2023-05-17T20:53:51","modified_gmt":"2023-05-17T18:53:51","slug":"diputacion-destinara-14-milions-per-prevenir-incendis-forestals-un-increment-dun-290-l","status":"publish","type":"post","link":"https:\/\/radiolitoral.com\/ca\/2023\/05\/diputacion-destinara-14-millones-para-prevenir-incendios-forestales-un-incremento-de-un-290-l\/","title":{"rendered":"Diputaci\u00f3 destinar\u00e0 1,4 milions per prevenir incendis forestals, un increment del 290%"},"content":{"rendered":"<p><strong>Diputaci\u00f3<\/strong> d&#039;Alacant destinar\u00e0 aquest any 1,4 milions d&#039;euros per ajudar els municipis a <strong>prevenir incendis forestals<\/strong>. La instituci\u00f3 <strong>ha incrementat m\u00e9s d&#039;un 290%<\/strong> la quantia econ\u00f2mica d&#039;aquest pla, en el marc del comprom\u00eds adquirit despr\u00e9s de l&#039;incendi de la Vall d&#039;Ebo que l&#039;estiu passat va assolar un pulm\u00f3 verd de la Marina Alta.<\/p>\n<p>Aquesta convocat\u00f2ria, adre\u00e7ada a tots els ajuntaments, contempla dues l\u00ednies de subvencions; una per a la redacci\u00f3 de Plans Locals de Prevenci\u00f3 d&#039;Incendis Forestals i una altra per a l&#039;execuci\u00f3 de les mesures establertes i programades als documents esmentats, de la qual es beneficiaran 60 localitats.<\/p>\n<p>Respecte a la l\u00ednia per a l&#039;execuci\u00f3 dels Plans Locals per a la Prevenci\u00f3 d&#039;Incendis Forestals, que es va crear el 2021, aquesta anualitat permetr\u00e0 distribuir m\u00e9s d&#039;1,3 milions d&#039;euros entre diferents poblacions de la prov\u00edncia. Un llistat que inclou municipis de la comarca com <strong>Alcalal\u00ed, L&#039;Atz\u00fabia, Benigembla, Benissa, Calp, Orba, Parcent, Senija, Teulada, Vall de Gallinera, Vall d&#039;Alcal\u00e0 i Xal\u00f3<\/strong>.<\/p>\n<p>El comprom\u00eds de la Diputaci\u00f3 d&#039;Alacant amb la cura i la protecci\u00f3 de l&#039;entorn &quot;\u00e9s absolut&quot;, ha assenyalat el diputat, que ha afegit que, &quot;per aix\u00f2, hem redoblat els nostres esfor\u00e7os per mantenir les convocat\u00f2ries que impulsem en aquest \u00e0mbit i per crear nous plans de subvencions, com el destinat expl\u00edcitament a la recuperaci\u00f3 mediambiental dels municipis afectats pels incendis forestals que l&#039;estiu passat van assolar part del territori de la prov\u00edncia, especialment a la zona de la Vall d&#039;Ebo i Petrer\u201d.<\/p>\n<p>&nbsp;<\/p>","protected":false},"excerpt":{"rendered":"<p>Diputaci\u00f3n de Alicante destinar\u00e1 este a\u00f1o 1,4 millones de euros para ayudar a los municipios a prevenir incendios forestales. La instituci\u00f3n ha incrementado m\u00e1s de un 290% la cuant\u00eda econ\u00f3mica de este plan, en el marco del compromiso adquirido tras el incendio de La Vall d\u2019Ebo que el pasado verano asol\u00f3 un pulm\u00f3n verde de [&#8230;]<\/p>\n<p><a class=\"btn btn-secondary understrap-read-more-link\" href=\"https:\/\/radiolitoral.com\/ca\/2023\/05\/diputacion-destinara-14-millones-para-prevenir-incendios-forestales-un-incremento-de-un-290-l\/\">Continua llegint&#8230;<span class=\"screen-reader-text\"> from Diputaci\u00f3n destinar\u00e1 1,4 millones para prevenir incendios forestales, un incremento del 290%<\/span><\/a><\/p>\n","protected":false},"author":21,"featured_media":3181,"comment_status":"open","ping_status":"closed","sticky":false,"template":"","format":"standard","meta":{"_acf_changed":false,"inline_featured_image":false,"footnotes":""},"categories":[13],"tags":[161],"class_list":["post-3180","post","type-post","status-publish","format-standard","has-post-thumbnail","hentry","category-politica","tag-elecciones-2023"],"acf":[],"yoast_head":"<!-- This site is optimized with the Yoast SEO plugin v27.5 - https:\/\/yoast.com\/product\/yoast-seo-wordpress\/ -->\n<title>Diputaci\u00f3n destinar\u00e1 1,4 millones para prevenir incendios forestales, un incremento del 290% | R\u00e0dio Litoral<\/title>\n<meta name=\"description\" content=\"Alcalal\u00ed, Atz\u00fabia, Benigembla, Benissa, Calp, Orba, Parcent, Senija, Teulada, La Vall de Gallinera, La Vall d\u2019Alcal\u00e0, y Xal\u00f3\" \/>\n<meta name=\"robots\" content=\"index, follow, max-snippet:-1, max-image-preview:large, max-video-preview:-1\" \/>\n<link rel=\"canonical\" href=\"https:\/\/radiolitoral.com\/ca\/2023\/05\/diputacion-destinara-14-milions-per-prevenir-incendis-forestals-un-increment-dun-290-l\/\" \/>\n<meta property=\"og:locale\" content=\"ca_ES\" \/>\n<meta property=\"og:type\" content=\"article\" \/>\n<meta property=\"og:title\" content=\"Diputaci\u00f3n destinar\u00e1 1,4 millones para prevenir incendios forestales, un incremento del 290% | R\u00e0dio Litoral\" \/>\n<meta property=\"og:description\" content=\"Alcalal\u00ed, Atz\u00fabia, Benigembla, Benissa, Calp, Orba, Parcent, Senija, Teulada, La Vall de Gallinera, La Vall d\u2019Alcal\u00e0, y Xal\u00f3\" \/>\n<meta property=\"og:url\" content=\"https:\/\/radiolitoral.com\/ca\/2023\/05\/diputacion-destinara-14-milions-per-prevenir-incendis-forestals-un-increment-dun-290-l\/\" \/>\n<meta property=\"og:site_name\" content=\"R\u00e0dio Litoral\" \/>\n<meta property=\"article:publisher\" content=\"https:\/\/www.facebook.com\/Laradiolitoral\/\" \/>\n<meta property=\"article:published_time\" content=\"2023-05-17T18:50:31+00:00\" \/>\n<meta property=\"article:modified_time\" content=\"2023-05-17T18:53:51+00:00\" \/>\n<meta property=\"og:image\" content=\"https:\/\/media.radiolitoral.com\/wp-content\/uploads\/2023\/05\/17204750\/695440664.webp\" \/>\n\t<meta property=\"og:image:width\" content=\"1706\" \/>\n\t<meta property=\"og:image:height\" content=\"960\" \/>\n\t<meta property=\"og:image:type\" content=\"image\/webp\" \/>\n<meta name=\"author\" content=\"Mel Pescuezo\" \/>\n<meta name=\"twitter:card\" content=\"summary_large_image\" \/>\n<meta name=\"twitter:label1\" content=\"Escrit per\" \/>\n\t<meta name=\"twitter:data1\" content=\"Mel Pescuezo\" \/>\n\t<meta name=\"twitter:label2\" content=\"Temps estimat de lectura\" \/>\n\t<meta name=\"twitter:data2\" content=\"2 minuts\" \/>\n<script type=\"application\/ld+json\" class=\"yoast-schema-graph\">{\"@context\":\"https:\\\/\\\/schema.org\",\"@graph\":[{\"@type\":\"NewsArticle\",\"@id\":\"https:\\\/\\\/radiolitoral.com\\\/2023\\\/05\\\/diputacion-destinara-14-millones-para-prevenir-incendios-forestales-un-incremento-de-un-290-l\\\/#article\",\"isPartOf\":{\"@id\":\"https:\\\/\\\/radiolitoral.com\\\/2023\\\/05\\\/diputacion-destinara-14-millones-para-prevenir-incendios-forestales-un-incremento-de-un-290-l\\\/\"},\"author\":{\"name\":\"Mel Pescuezo\",\"@id\":\"https:\\\/\\\/radiolitoral.com\\\/#\\\/schema\\\/person\\\/aad4f72efa404f85b68e832d24cac059\"},\"headline\":\"Diputaci\u00f3n destinar\u00e1 1,4 millones para prevenir incendios forestales, un incremento del 290%\",\"datePublished\":\"2023-05-17T18:50:31+00:00\",\"dateModified\":\"2023-05-17T18:53:51+00:00\",\"mainEntityOfPage\":{\"@id\":\"https:\\\/\\\/radiolitoral.com\\\/2023\\\/05\\\/diputacion-destinara-14-millones-para-prevenir-incendios-forestales-un-incremento-de-un-290-l\\\/\"},\"wordCount\":287,\"commentCount\":0,\"publisher\":{\"@id\":\"https:\\\/\\\/radiolitoral.com\\\/#organization\"},\"image\":{\"@id\":\"https:\\\/\\\/radiolitoral.com\\\/2023\\\/05\\\/diputacion-destinara-14-millones-para-prevenir-incendios-forestales-un-incremento-de-un-290-l\\\/#primaryimage\"},\"thumbnailUrl\":\"https:\\\/\\\/media.radiolitoral.com\\\/wp-content\\\/uploads\\\/2023\\\/05\\\/17204750\\\/695440664.webp\",\"keywords\":[\"elecciones 2023\"],\"articleSection\":[\"Pol\u00edtica\"],\"inLanguage\":\"ca\",\"potentialAction\":[{\"@type\":\"CommentAction\",\"name\":\"Comment\",\"target\":[\"https:\\\/\\\/radiolitoral.com\\\/2023\\\/05\\\/diputacion-destinara-14-millones-para-prevenir-incendios-forestales-un-incremento-de-un-290-l\\\/#respond\"]}]},{\"@type\":[\"WebPage\",\"ItemPage\"],\"@id\":\"https:\\\/\\\/radiolitoral.com\\\/2023\\\/05\\\/diputacion-destinara-14-millones-para-prevenir-incendios-forestales-un-incremento-de-un-290-l\\\/\",\"url\":\"https:\\\/\\\/radiolitoral.com\\\/2023\\\/05\\\/diputacion-destinara-14-millones-para-prevenir-incendios-forestales-un-incremento-de-un-290-l\\\/\",\"name\":\"Diputaci\u00f3n destinar\u00e1 1,4 millones para prevenir incendios forestales, un incremento del 290% | R\u00e0dio Litoral\",\"isPartOf\":{\"@id\":\"https:\\\/\\\/radiolitoral.com\\\/#website\"},\"primaryImageOfPage\":{\"@id\":\"https:\\\/\\\/radiolitoral.com\\\/2023\\\/05\\\/diputacion-destinara-14-millones-para-prevenir-incendios-forestales-un-incremento-de-un-290-l\\\/#primaryimage\"},\"image\":{\"@id\":\"https:\\\/\\\/radiolitoral.com\\\/2023\\\/05\\\/diputacion-destinara-14-millones-para-prevenir-incendios-forestales-un-incremento-de-un-290-l\\\/#primaryimage\"},\"thumbnailUrl\":\"https:\\\/\\\/media.radiolitoral.com\\\/wp-content\\\/uploads\\\/2023\\\/05\\\/17204750\\\/695440664.webp\",\"datePublished\":\"2023-05-17T18:50:31+00:00\",\"dateModified\":\"2023-05-17T18:53:51+00:00\",\"description\":\"Alcalal\u00ed, Atz\u00fabia, Benigembla, Benissa, Calp, Orba, Parcent, Senija, Teulada, La Vall de Gallinera, La Vall d\u2019Alcal\u00e0, y Xal\u00f3\",\"breadcrumb\":{\"@id\":\"https:\\\/\\\/radiolitoral.com\\\/2023\\\/05\\\/diputacion-destinara-14-millones-para-prevenir-incendios-forestales-un-incremento-de-un-290-l\\\/#breadcrumb\"},\"inLanguage\":\"ca\",\"potentialAction\":[{\"@type\":\"ReadAction\",\"target\":[\"https:\\\/\\\/radiolitoral.com\\\/2023\\\/05\\\/diputacion-destinara-14-millones-para-prevenir-incendios-forestales-un-incremento-de-un-290-l\\\/\"]}]},{\"@type\":\"ImageObject\",\"inLanguage\":\"ca\",\"@id\":\"https:\\\/\\\/radiolitoral.com\\\/2023\\\/05\\\/diputacion-destinara-14-millones-para-prevenir-incendios-forestales-un-incremento-de-un-290-l\\\/#primaryimage\",\"url\":\"https:\\\/\\\/media.radiolitoral.com\\\/wp-content\\\/uploads\\\/2023\\\/05\\\/17204750\\\/695440664.webp\",\"contentUrl\":\"https:\\\/\\\/media.radiolitoral.com\\\/wp-content\\\/uploads\\\/2023\\\/05\\\/17204750\\\/695440664.webp\",\"width\":1706,\"height\":960},{\"@type\":\"BreadcrumbList\",\"@id\":\"https:\\\/\\\/radiolitoral.com\\\/2023\\\/05\\\/diputacion-destinara-14-millones-para-prevenir-incendios-forestales-un-incremento-de-un-290-l\\\/#breadcrumb\",\"itemListElement\":[{\"@type\":\"ListItem\",\"position\":1,\"name\":\"Portada\",\"item\":\"https:\\\/\\\/radiolitoral.com\\\/\"},{\"@type\":\"ListItem\",\"position\":2,\"name\":\"Diputaci\u00f3n destinar\u00e1 1,4 millones para prevenir incendios forestales, un incremento del 290%\"}]},{\"@type\":\"WebSite\",\"@id\":\"https:\\\/\\\/radiolitoral.com\\\/#website\",\"url\":\"https:\\\/\\\/radiolitoral.com\\\/\",\"name\":\"Radio Litoral\",\"description\":\"La radio local de la Marina Alta\",\"publisher\":{\"@id\":\"https:\\\/\\\/radiolitoral.com\\\/#organization\"},\"alternateName\":\"Litoral FM\",\"potentialAction\":[{\"@type\":\"SearchAction\",\"target\":{\"@type\":\"EntryPoint\",\"urlTemplate\":\"https:\\\/\\\/radiolitoral.com\\\/?s={search_term_string}\"},\"query-input\":{\"@type\":\"PropertyValueSpecification\",\"valueRequired\":true,\"valueName\":\"search_term_string\"}}],\"inLanguage\":\"ca\"},{\"@type\":\"Organization\",\"@id\":\"https:\\\/\\\/radiolitoral.com\\\/#organization\",\"name\":\"Radio Litoral\",\"url\":\"https:\\\/\\\/radiolitoral.com\\\/\",\"logo\":{\"@type\":\"ImageObject\",\"inLanguage\":\"ca\",\"@id\":\"https:\\\/\\\/radiolitoral.com\\\/#\\\/schema\\\/logo\\\/image\\\/\",\"url\":\"https:\\\/\\\/media.radiolitoral.com\\\/wp-content\\\/uploads\\\/2023\\\/02\\\/24143238\\\/CL-V-RadioLitoral696.png\",\"contentUrl\":\"https:\\\/\\\/media.radiolitoral.com\\\/wp-content\\\/uploads\\\/2023\\\/02\\\/24143238\\\/CL-V-RadioLitoral696.png\",\"width\":696,\"height\":696,\"caption\":\"Radio Litoral\"},\"image\":{\"@id\":\"https:\\\/\\\/radiolitoral.com\\\/#\\\/schema\\\/logo\\\/image\\\/\"},\"sameAs\":[\"https:\\\/\\\/www.facebook.com\\\/Laradiolitoral\\\/\"]},{\"@type\":\"Person\",\"@id\":\"https:\\\/\\\/radiolitoral.com\\\/#\\\/schema\\\/person\\\/aad4f72efa404f85b68e832d24cac059\",\"name\":\"Mel Pescuezo\",\"image\":{\"@type\":\"ImageObject\",\"inLanguage\":\"ca\",\"@id\":\"https:\\\/\\\/secure.gravatar.com\\\/avatar\\\/993975ae489c70cb0dd9bfa9413a082f0bd276582dac13661af7b33f161e7eea?s=96&d=mm&r=g\",\"url\":\"https:\\\/\\\/secure.gravatar.com\\\/avatar\\\/993975ae489c70cb0dd9bfa9413a082f0bd276582dac13661af7b33f161e7eea?s=96&d=mm&r=g\",\"contentUrl\":\"https:\\\/\\\/secure.gravatar.com\\\/avatar\\\/993975ae489c70cb0dd9bfa9413a082f0bd276582dac13661af7b33f161e7eea?s=96&d=mm&r=g\",\"caption\":\"Mel Pescuezo\"},\"url\":\"https:\\\/\\\/radiolitoral.com\\\/ca\\\/author\\\/serviciospararadios\\\/\"}]}<\/script>\n<!-- \/ Yoast SEO plugin. -->","yoast_head_json":{"title":"Diputaci\u00f3 destinar\u00e0 1,4 milions per prevenir incendis forestals, un increment del 290% | R\u00e0dio Litoral","description":"Alcalal\u00ed, Atz\u00fabia, Benigembla, Benissa, Calp, Orba, Parcent, Senija, Teulada, Vall de Gallinera, Vall d&#039;Alcal\u00e0 i Xal\u00f3","robots":{"index":"index","follow":"follow","max-snippet":"max-snippet:-1","max-image-preview":"max-image-preview:large","max-video-preview":"max-video-preview:-1"},"canonical":"https:\/\/radiolitoral.com\/ca\/2023\/05\/diputacion-destinara-14-milions-per-prevenir-incendis-forestals-un-increment-dun-290-l\/","og_locale":"ca_ES","og_type":"article","og_title":"Diputaci\u00f3n destinar\u00e1 1,4 millones para prevenir incendios forestales, un incremento del 290% | R\u00e0dio Litoral","og_description":"Alcalal\u00ed, Atz\u00fabia, Benigembla, Benissa, Calp, Orba, Parcent, Senija, Teulada, La Vall de Gallinera, La Vall d\u2019Alcal\u00e0, y Xal\u00f3","og_url":"https:\/\/radiolitoral.com\/ca\/2023\/05\/diputacion-destinara-14-milions-per-prevenir-incendis-forestals-un-increment-dun-290-l\/","og_site_name":"R\u00e0dio Litoral","article_publisher":"https:\/\/www.facebook.com\/Laradiolitoral\/","article_published_time":"2023-05-17T18:50:31+00:00","article_modified_time":"2023-05-17T18:53:51+00:00","og_image":[{"width":1706,"height":960,"url":"https:\/\/media.radiolitoral.com\/wp-content\/uploads\/2023\/05\/17204750\/695440664.webp","type":"image\/webp"}],"author":"Mel Pescuezo","twitter_card":"summary_large_image","twitter_misc":{"Escrit per":"Mel Pescuezo","Temps estimat de lectura":"2 minuts"},"schema":{"@context":"https:\/\/schema.org","@graph":[{"@type":"NewsArticle","@id":"https:\/\/radiolitoral.com\/2023\/05\/diputacion-destinara-14-millones-para-prevenir-incendios-forestales-un-incremento-de-un-290-l\/#article","isPartOf":{"@id":"https:\/\/radiolitoral.com\/2023\/05\/diputacion-destinara-14-millones-para-prevenir-incendios-forestales-un-incremento-de-un-290-l\/"},"author":{"name":"Mel Pescuezo","@id":"https:\/\/radiolitoral.com\/#\/schema\/person\/aad4f72efa404f85b68e832d24cac059"},"headline":"Diputaci\u00f3n destinar\u00e1 1,4 millones para prevenir incendios forestales, un incremento del 290%","datePublished":"2023-05-17T18:50:31+00:00","dateModified":"2023-05-17T18:53:51+00:00","mainEntityOfPage":{"@id":"https:\/\/radiolitoral.com\/2023\/05\/diputacion-destinara-14-millones-para-prevenir-incendios-forestales-un-incremento-de-un-290-l\/"},"wordCount":287,"commentCount":0,"publisher":{"@id":"https:\/\/radiolitoral.com\/#organization"},"image":{"@id":"https:\/\/radiolitoral.com\/2023\/05\/diputacion-destinara-14-millones-para-prevenir-incendios-forestales-un-incremento-de-un-290-l\/#primaryimage"},"thumbnailUrl":"https:\/\/media.radiolitoral.com\/wp-content\/uploads\/2023\/05\/17204750\/695440664.webp","keywords":["elecciones 2023"],"articleSection":["Pol\u00edtica"],"inLanguage":"ca","potentialAction":[{"@type":"CommentAction","name":"Comment","target":["https:\/\/radiolitoral.com\/2023\/05\/diputacion-destinara-14-millones-para-prevenir-incendios-forestales-un-incremento-de-un-290-l\/#respond"]}]},{"@type":["WebPage","ItemPage"],"@id":"https:\/\/radiolitoral.com\/2023\/05\/diputacion-destinara-14-millones-para-prevenir-incendios-forestales-un-incremento-de-un-290-l\/","url":"https:\/\/radiolitoral.com\/2023\/05\/diputacion-destinara-14-millones-para-prevenir-incendios-forestales-un-incremento-de-un-290-l\/","name":"Diputaci\u00f3 destinar\u00e0 1,4 milions per prevenir incendis forestals, un increment del 290% | R\u00e0dio Litoral","isPartOf":{"@id":"https:\/\/radiolitoral.com\/#website"},"primaryImageOfPage":{"@id":"https:\/\/radiolitoral.com\/2023\/05\/diputacion-destinara-14-millones-para-prevenir-incendios-forestales-un-incremento-de-un-290-l\/#primaryimage"},"image":{"@id":"https:\/\/radiolitoral.com\/2023\/05\/diputacion-destinara-14-millones-para-prevenir-incendios-forestales-un-incremento-de-un-290-l\/#primaryimage"},"thumbnailUrl":"https:\/\/media.radiolitoral.com\/wp-content\/uploads\/2023\/05\/17204750\/695440664.webp","datePublished":"2023-05-17T18:50:31+00:00","dateModified":"2023-05-17T18:53:51+00:00","description":"Alcalal\u00ed, Atz\u00fabia, Benigembla, Benissa, Calp, Orba, Parcent, Senija, Teulada, Vall de Gallinera, Vall d&#039;Alcal\u00e0 i Xal\u00f3","breadcrumb":{"@id":"https:\/\/radiolitoral.com\/2023\/05\/diputacion-destinara-14-millones-para-prevenir-incendios-forestales-un-incremento-de-un-290-l\/#breadcrumb"},"inLanguage":"ca","potentialAction":[{"@type":"ReadAction","target":["https:\/\/radiolitoral.com\/2023\/05\/diputacion-destinara-14-millones-para-prevenir-incendios-forestales-un-incremento-de-un-290-l\/"]}]},{"@type":"ImageObject","inLanguage":"ca","@id":"https:\/\/radiolitoral.com\/2023\/05\/diputacion-destinara-14-millones-para-prevenir-incendios-forestales-un-incremento-de-un-290-l\/#primaryimage","url":"https:\/\/media.radiolitoral.com\/wp-content\/uploads\/2023\/05\/17204750\/695440664.webp","contentUrl":"https:\/\/media.radiolitoral.com\/wp-content\/uploads\/2023\/05\/17204750\/695440664.webp","width":1706,"height":960},{"@type":"BreadcrumbList","@id":"https:\/\/radiolitoral.com\/2023\/05\/diputacion-destinara-14-millones-para-prevenir-incendios-forestales-un-incremento-de-un-290-l\/#breadcrumb","itemListElement":[{"@type":"ListItem","position":1,"name":"Portada","item":"https:\/\/radiolitoral.com\/"},{"@type":"ListItem","position":2,"name":"Diputaci\u00f3n destinar\u00e1 1,4 millones para prevenir incendios forestales, un incremento del 290%"}]},{"@type":"WebSite","@id":"https:\/\/radiolitoral.com\/#website","url":"https:\/\/radiolitoral.com\/","name":"R\u00e0dio Litoral","description":"La r\u00e0dio local de la Marina Alta","publisher":{"@id":"https:\/\/radiolitoral.com\/#organization"},"alternateName":"Litoral FM","potentialAction":[{"@type":"SearchAction","target":{"@type":"EntryPoint","urlTemplate":"https:\/\/radiolitoral.com\/?s={search_term_string}"},"query-input":{"@type":"PropertyValueSpecification","valueRequired":true,"valueName":"search_term_string"}}],"inLanguage":"ca"},{"@type":"Organization","@id":"https:\/\/radiolitoral.com\/#organization","name":"R\u00e0dio Litoral","url":"https:\/\/radiolitoral.com\/","logo":{"@type":"ImageObject","inLanguage":"ca","@id":"https:\/\/radiolitoral.com\/#\/schema\/logo\/image\/","url":"https:\/\/media.radiolitoral.com\/wp-content\/uploads\/2023\/02\/24143238\/CL-V-RadioLitoral696.png","contentUrl":"https:\/\/media.radiolitoral.com\/wp-content\/uploads\/2023\/02\/24143238\/CL-V-RadioLitoral696.png","width":696,"height":696,"caption":"Radio Litoral"},"image":{"@id":"https:\/\/radiolitoral.com\/#\/schema\/logo\/image\/"},"sameAs":["https:\/\/www.facebook.com\/Laradiolitoral\/"]},{"@type":"Person","@id":"https:\/\/radiolitoral.com\/#\/schema\/person\/aad4f72efa404f85b68e832d24cac059","name":"Mel Pescuezo","image":{"@type":"ImageObject","inLanguage":"ca","@id":"https:\/\/secure.gravatar.com\/avatar\/993975ae489c70cb0dd9bfa9413a082f0bd276582dac13661af7b33f161e7eea?s=96&d=mm&r=g","url":"https:\/\/secure.gravatar.com\/avatar\/993975ae489c70cb0dd9bfa9413a082f0bd276582dac13661af7b33f161e7eea?s=96&d=mm&r=g","contentUrl":"https:\/\/secure.gravatar.com\/avatar\/993975ae489c70cb0dd9bfa9413a082f0bd276582dac13661af7b33f161e7eea?s=96&d=mm&r=g","caption":"Mel Pescuezo"},"url":"https:\/\/radiolitoral.com\/ca\/author\/serviciospararadios\/"}]}},"_links":{"self":[{"href":"https:\/\/radiolitoral.com\/ca\/wp-json\/wp\/v2\/posts\/3180","targetHints":{"allow":["GET"]}}],"collection":[{"href":"https:\/\/radiolitoral.com\/ca\/wp-json\/wp\/v2\/posts"}],"about":[{"href":"https:\/\/radiolitoral.com\/ca\/wp-json\/wp\/v2\/types\/post"}],"author":[{"embeddable":true,"href":"https:\/\/radiolitoral.com\/ca\/wp-json\/wp\/v2\/users\/21"}],"replies":[{"embeddable":true,"href":"https:\/\/radiolitoral.com\/ca\/wp-json\/wp\/v2\/comments?post=3180"}],"version-history":[{"count":4,"href":"https:\/\/radiolitoral.com\/ca\/wp-json\/wp\/v2\/posts\/3180\/revisions"}],"predecessor-version":[{"id":3186,"href":"https:\/\/radiolitoral.com\/ca\/wp-json\/wp\/v2\/posts\/3180\/revisions\/3186"}],"wp:featuredmedia":[{"embeddable":true,"href":"https:\/\/radiolitoral.com\/ca\/wp-json\/wp\/v2\/media\/3181"}],"wp:attachment":[{"href":"https:\/\/radiolitoral.com\/ca\/wp-json\/wp\/v2\/media?parent=3180"}],"wp:term":[{"taxonomy":"category","embeddable":true,"href":"https:\/\/radiolitoral.com\/ca\/wp-json\/wp\/v2\/categories?post=3180"},{"taxonomy":"post_tag","embeddable":true,"href":"https:\/\/radiolitoral.com\/ca\/wp-json\/wp\/v2\/tags?post=3180"}],"curies":[{"name":"wp","href":"https:\/\/api.w.org\/{rel}","templated":true}]}}