{"id":3169,"date":"2023-05-17T20:23:48","date_gmt":"2023-05-17T18:23:48","guid":{"rendered":"https:\/\/radiolitoral.com\/?p=3169"},"modified":"2023-05-17T20:24:35","modified_gmt":"2023-05-17T18:24:35","slug":"els-populars-de-benissa-esperen-aprovar-el-pla-general-si-revaliden","status":"publish","type":"post","link":"https:\/\/radiolitoral.com\/ca\/2023\/05\/los-populares-de-benissa-esperan-aprobar-el-plan-general-si-revalidan\/","title":{"rendered":"Els populars de Benissa esperen aprovar el Pla General si revaliden"},"content":{"rendered":"<p>En plena campanya pol\u00edtica, a Benissa estem pendents del paquet de compromisos pol\u00edtics que els populars preveuen executar durant els propers 4 anys si Arturo Poquet, el seu n\u00famero 1, revalida l&#039;alcaldia de la localitat. Un programa electoral amb <strong>m\u00e9s de 30 propostes<\/strong> que des de la formaci\u00f3 qualifiquen de \u201ccompromisos ferms i rigorosos\u201d.<\/p>\n<p>Un conjunt d&#039;iniciatives que es classifiquen en vuit blocs diferenciats: Desenvolupament econ\u00f2mic i social, promoci\u00f3 tur\u00edstica i modernitzaci\u00f3, benestar, esport i salut, seguretat ciutadana, cultura, tradicions i patrimoni, estrat\u00e8gia territorial i ambiental, espais p\u00fablics amables i ciutadania i serveis p\u00fablics .<\/p>\n<p>Entre les propostes m\u00e9s destacades, el n\u00famero 1 dels populars, fa refer\u00e8ncia al futur <strong>Centre de Dia<\/strong>, a l&#039;execuci\u00f3 de la <strong>pista d&#039;atletisme<\/strong>, la <strong>centralitzaci\u00f3 de l&#039;estructura administrativa al nou ajuntament<\/strong>, la <strong>finalitzaci\u00f3 del Passeig Litoral<\/strong> amb l&#039;execuci\u00f3 dels 2&#039;5 milions d&#039;euros de la Uni\u00f3 Europea, la instal\u00b7laci\u00f3 de <strong>c\u00e0meres de v\u00eddeo vigil\u00e0ncia<\/strong> i la <strong>aprovaci\u00f3 del Pla General<\/strong>.<\/p>\n<p>Tamb\u00e9 considera com a molt necess\u00e0ries per al municipi, diferents accions comercials, les dinamitzacions per a joves i per a la tercera edat, la millora de la seguretat ciutadana, la <strong>rehabilitaci\u00f3 del Trinquet<\/strong> municipal, la construcci\u00f3 de les <strong>pistes multiesportives de Beniver<\/strong> o les inversions productives al Pol\u00edgon industrial.<\/p>\n<p>Un programa fruit de l&#039;escolta activa de la ciutadania al llarg dels darrers mesos segons ha insistit el mateix alcaldable. Arturo Poquet.<\/p>\n<audio class=\"wp-audio-shortcode\" id=\"audio-3169-1\" preload=\"none\" style=\"width: 100%;\" controls=\"controls\"><source type=\"audio\/mpeg\" src=\"https:\/\/media.radiolitoral.com\/wp-content\/uploads\/2023\/05\/17201827\/Arturo-propostes-electorals.mp3?_=1\" \/><a href=\"https:\/\/media.radiolitoral.com\/wp-content\/uploads\/2023\/05\/17201827\/Arturo-propostes-electorals.mp3\">https:\/\/media.radiolitoral.com\/wp-content\/uploads\/2023\/05\/17201827\/Arturo-propostes-electorals.mp3<\/a><\/audio>","protected":false},"excerpt":{"rendered":"<p>En plena campa\u00f1a pol\u00edtica, en Benissa estamos pendientes del paquete de compromisos pol\u00edticos que los populares prev\u00e9n ejecutar durante los pr\u00f3ximos 4 a\u00f1os si Arturo Poquet, su n\u00famero 1, revalida la alcald\u00eda de la localidad. \u00a0Un programa electoral con m\u00e1s de 30 propuestas que desde la formaci\u00f3n califican de \u201ccompromisos firmes y rigurosos\u201d. Un conjunto [&#8230;]<\/p>\n<p><a class=\"btn btn-secondary understrap-read-more-link\" href=\"https:\/\/radiolitoral.com\/ca\/2023\/05\/los-populares-de-benissa-esperan-aprobar-el-plan-general-si-revalidan\/\">Continua llegint&#8230;<span class=\"screen-reader-text\"> from Los populares de Benissa esperan aprobar el Plan General si revalidan<\/span><\/a><\/p>\n","protected":false},"author":21,"featured_media":3171,"comment_status":"open","ping_status":"closed","sticky":false,"template":"","format":"standard","meta":{"_acf_changed":false,"inline_featured_image":false,"footnotes":""},"categories":[13],"tags":[161,582],"class_list":["post-3169","post","type-post","status-publish","format-standard","has-post-thumbnail","hentry","category-politica","tag-elecciones-2023","tag-pp-benissa","cobertura-benissa"],"acf":[],"yoast_head":"<!-- This site is optimized with the Yoast SEO plugin v27.5 - https:\/\/yoast.com\/product\/yoast-seo-wordpress\/ -->\n<title>Los populares de Benissa esperan aprobar el Plan General si revalidan | R\u00e0dio Litoral<\/title>\n<meta name=\"description\" content=\"Un centro de d\u00eda, pistas de atletismo o la rehabilitaci\u00f3n del Trinquet son algunas de sus propuestas\" \/>\n<meta name=\"robots\" content=\"index, follow, max-snippet:-1, max-image-preview:large, max-video-preview:-1\" \/>\n<link rel=\"canonical\" href=\"https:\/\/radiolitoral.com\/ca\/2023\/05\/els-populars-de-benissa-esperen-aprovar-el-pla-general-si-revaliden\/\" \/>\n<meta property=\"og:locale\" content=\"ca_ES\" \/>\n<meta property=\"og:type\" content=\"article\" \/>\n<meta property=\"og:title\" content=\"Los populares de Benissa esperan aprobar el Plan General si revalidan | R\u00e0dio Litoral\" \/>\n<meta property=\"og:description\" content=\"Un centro de d\u00eda, pistas de atletismo o la rehabilitaci\u00f3n del Trinquet son algunas de sus propuestas\" \/>\n<meta property=\"og:url\" content=\"https:\/\/radiolitoral.com\/ca\/2023\/05\/els-populars-de-benissa-esperen-aprovar-el-pla-general-si-revaliden\/\" \/>\n<meta property=\"og:site_name\" content=\"R\u00e0dio Litoral\" \/>\n<meta property=\"article:publisher\" content=\"https:\/\/www.facebook.com\/Laradiolitoral\/\" \/>\n<meta property=\"article:published_time\" content=\"2023-05-17T18:23:48+00:00\" \/>\n<meta property=\"article:modified_time\" content=\"2023-05-17T18:24:35+00:00\" \/>\n<meta property=\"og:image\" content=\"https:\/\/media.radiolitoral.com\/wp-content\/uploads\/2023\/05\/17202333\/DSC_0013.jpg\" \/>\n\t<meta property=\"og:image:width\" content=\"1257\" \/>\n\t<meta property=\"og:image:height\" content=\"1084\" \/>\n\t<meta property=\"og:image:type\" content=\"image\/jpeg\" \/>\n<meta name=\"author\" content=\"Mel Pescuezo\" \/>\n<meta name=\"twitter:card\" content=\"summary_large_image\" \/>\n<meta name=\"twitter:label1\" content=\"Escrit per\" \/>\n\t<meta name=\"twitter:data1\" content=\"Mel Pescuezo\" \/>\n\t<meta name=\"twitter:label2\" content=\"Temps estimat de lectura\" \/>\n\t<meta name=\"twitter:data2\" content=\"2 minuts\" \/>\n<script type=\"application\/ld+json\" class=\"yoast-schema-graph\">{\"@context\":\"https:\\\/\\\/schema.org\",\"@graph\":[{\"@type\":\"NewsArticle\",\"@id\":\"https:\\\/\\\/radiolitoral.com\\\/2023\\\/05\\\/los-populares-de-benissa-esperan-aprobar-el-plan-general-si-revalidan\\\/#article\",\"isPartOf\":{\"@id\":\"https:\\\/\\\/radiolitoral.com\\\/2023\\\/05\\\/los-populares-de-benissa-esperan-aprobar-el-plan-general-si-revalidan\\\/\"},\"author\":{\"name\":\"Mel Pescuezo\",\"@id\":\"https:\\\/\\\/radiolitoral.com\\\/#\\\/schema\\\/person\\\/aad4f72efa404f85b68e832d24cac059\"},\"headline\":\"Los populares de Benissa esperan aprobar el Plan General si revalidan\",\"datePublished\":\"2023-05-17T18:23:48+00:00\",\"dateModified\":\"2023-05-17T18:24:35+00:00\",\"mainEntityOfPage\":{\"@id\":\"https:\\\/\\\/radiolitoral.com\\\/2023\\\/05\\\/los-populares-de-benissa-esperan-aprobar-el-plan-general-si-revalidan\\\/\"},\"wordCount\":284,\"commentCount\":0,\"publisher\":{\"@id\":\"https:\\\/\\\/radiolitoral.com\\\/#organization\"},\"image\":{\"@id\":\"https:\\\/\\\/radiolitoral.com\\\/2023\\\/05\\\/los-populares-de-benissa-esperan-aprobar-el-plan-general-si-revalidan\\\/#primaryimage\"},\"thumbnailUrl\":\"https:\\\/\\\/media.radiolitoral.com\\\/wp-content\\\/uploads\\\/2023\\\/05\\\/17202333\\\/DSC_0013.jpg\",\"keywords\":[\"elecciones 2023\",\"PP Benissa\"],\"articleSection\":[\"Pol\u00edtica\"],\"inLanguage\":\"ca\",\"potentialAction\":[{\"@type\":\"CommentAction\",\"name\":\"Comment\",\"target\":[\"https:\\\/\\\/radiolitoral.com\\\/2023\\\/05\\\/los-populares-de-benissa-esperan-aprobar-el-plan-general-si-revalidan\\\/#respond\"]}]},{\"@type\":[\"WebPage\",\"ItemPage\"],\"@id\":\"https:\\\/\\\/radiolitoral.com\\\/2023\\\/05\\\/los-populares-de-benissa-esperan-aprobar-el-plan-general-si-revalidan\\\/\",\"url\":\"https:\\\/\\\/radiolitoral.com\\\/2023\\\/05\\\/los-populares-de-benissa-esperan-aprobar-el-plan-general-si-revalidan\\\/\",\"name\":\"Los populares de Benissa esperan aprobar el Plan General si revalidan | R\u00e0dio Litoral\",\"isPartOf\":{\"@id\":\"https:\\\/\\\/radiolitoral.com\\\/#website\"},\"primaryImageOfPage\":{\"@id\":\"https:\\\/\\\/radiolitoral.com\\\/2023\\\/05\\\/los-populares-de-benissa-esperan-aprobar-el-plan-general-si-revalidan\\\/#primaryimage\"},\"image\":{\"@id\":\"https:\\\/\\\/radiolitoral.com\\\/2023\\\/05\\\/los-populares-de-benissa-esperan-aprobar-el-plan-general-si-revalidan\\\/#primaryimage\"},\"thumbnailUrl\":\"https:\\\/\\\/media.radiolitoral.com\\\/wp-content\\\/uploads\\\/2023\\\/05\\\/17202333\\\/DSC_0013.jpg\",\"datePublished\":\"2023-05-17T18:23:48+00:00\",\"dateModified\":\"2023-05-17T18:24:35+00:00\",\"description\":\"Un centro de d\u00eda, pistas de atletismo o la rehabilitaci\u00f3n del Trinquet son algunas de sus propuestas\",\"breadcrumb\":{\"@id\":\"https:\\\/\\\/radiolitoral.com\\\/2023\\\/05\\\/los-populares-de-benissa-esperan-aprobar-el-plan-general-si-revalidan\\\/#breadcrumb\"},\"inLanguage\":\"ca\",\"potentialAction\":[{\"@type\":\"ReadAction\",\"target\":[\"https:\\\/\\\/radiolitoral.com\\\/2023\\\/05\\\/los-populares-de-benissa-esperan-aprobar-el-plan-general-si-revalidan\\\/\"]}]},{\"@type\":\"ImageObject\",\"inLanguage\":\"ca\",\"@id\":\"https:\\\/\\\/radiolitoral.com\\\/2023\\\/05\\\/los-populares-de-benissa-esperan-aprobar-el-plan-general-si-revalidan\\\/#primaryimage\",\"url\":\"https:\\\/\\\/media.radiolitoral.com\\\/wp-content\\\/uploads\\\/2023\\\/05\\\/17202333\\\/DSC_0013.jpg\",\"contentUrl\":\"https:\\\/\\\/media.radiolitoral.com\\\/wp-content\\\/uploads\\\/2023\\\/05\\\/17202333\\\/DSC_0013.jpg\",\"width\":1257,\"height\":1084},{\"@type\":\"BreadcrumbList\",\"@id\":\"https:\\\/\\\/radiolitoral.com\\\/2023\\\/05\\\/los-populares-de-benissa-esperan-aprobar-el-plan-general-si-revalidan\\\/#breadcrumb\",\"itemListElement\":[{\"@type\":\"ListItem\",\"position\":1,\"name\":\"Portada\",\"item\":\"https:\\\/\\\/radiolitoral.com\\\/\"},{\"@type\":\"ListItem\",\"position\":2,\"name\":\"Los populares de Benissa esperan aprobar el Plan General si revalidan\"}]},{\"@type\":\"WebSite\",\"@id\":\"https:\\\/\\\/radiolitoral.com\\\/#website\",\"url\":\"https:\\\/\\\/radiolitoral.com\\\/\",\"name\":\"Radio Litoral\",\"description\":\"La radio local de la Marina Alta\",\"publisher\":{\"@id\":\"https:\\\/\\\/radiolitoral.com\\\/#organization\"},\"alternateName\":\"Litoral FM\",\"potentialAction\":[{\"@type\":\"SearchAction\",\"target\":{\"@type\":\"EntryPoint\",\"urlTemplate\":\"https:\\\/\\\/radiolitoral.com\\\/?s={search_term_string}\"},\"query-input\":{\"@type\":\"PropertyValueSpecification\",\"valueRequired\":true,\"valueName\":\"search_term_string\"}}],\"inLanguage\":\"ca\"},{\"@type\":\"Organization\",\"@id\":\"https:\\\/\\\/radiolitoral.com\\\/#organization\",\"name\":\"Radio Litoral\",\"url\":\"https:\\\/\\\/radiolitoral.com\\\/\",\"logo\":{\"@type\":\"ImageObject\",\"inLanguage\":\"ca\",\"@id\":\"https:\\\/\\\/radiolitoral.com\\\/#\\\/schema\\\/logo\\\/image\\\/\",\"url\":\"https:\\\/\\\/media.radiolitoral.com\\\/wp-content\\\/uploads\\\/2023\\\/02\\\/24143238\\\/CL-V-RadioLitoral696.png\",\"contentUrl\":\"https:\\\/\\\/media.radiolitoral.com\\\/wp-content\\\/uploads\\\/2023\\\/02\\\/24143238\\\/CL-V-RadioLitoral696.png\",\"width\":696,\"height\":696,\"caption\":\"Radio Litoral\"},\"image\":{\"@id\":\"https:\\\/\\\/radiolitoral.com\\\/#\\\/schema\\\/logo\\\/image\\\/\"},\"sameAs\":[\"https:\\\/\\\/www.facebook.com\\\/Laradiolitoral\\\/\"]},{\"@type\":\"Person\",\"@id\":\"https:\\\/\\\/radiolitoral.com\\\/#\\\/schema\\\/person\\\/aad4f72efa404f85b68e832d24cac059\",\"name\":\"Mel Pescuezo\",\"image\":{\"@type\":\"ImageObject\",\"inLanguage\":\"ca\",\"@id\":\"https:\\\/\\\/secure.gravatar.com\\\/avatar\\\/993975ae489c70cb0dd9bfa9413a082f0bd276582dac13661af7b33f161e7eea?s=96&d=mm&r=g\",\"url\":\"https:\\\/\\\/secure.gravatar.com\\\/avatar\\\/993975ae489c70cb0dd9bfa9413a082f0bd276582dac13661af7b33f161e7eea?s=96&d=mm&r=g\",\"contentUrl\":\"https:\\\/\\\/secure.gravatar.com\\\/avatar\\\/993975ae489c70cb0dd9bfa9413a082f0bd276582dac13661af7b33f161e7eea?s=96&d=mm&r=g\",\"caption\":\"Mel Pescuezo\"},\"url\":\"https:\\\/\\\/radiolitoral.com\\\/ca\\\/author\\\/serviciospararadios\\\/\"}]}<\/script>\n<!-- \/ Yoast SEO plugin. -->","yoast_head_json":{"title":"Els populars de Benissa esperen aprovar el Pla General si revaliden | R\u00e0dio Litoral","description":"Un centre de dia, pistes d&#039;atletisme o la rehabilitaci\u00f3 del Trinquet s\u00f3n algunes de les vostres propostes","robots":{"index":"index","follow":"follow","max-snippet":"max-snippet:-1","max-image-preview":"max-image-preview:large","max-video-preview":"max-video-preview:-1"},"canonical":"https:\/\/radiolitoral.com\/ca\/2023\/05\/els-populars-de-benissa-esperen-aprovar-el-pla-general-si-revaliden\/","og_locale":"ca_ES","og_type":"article","og_title":"Los populares de Benissa esperan aprobar el Plan General si revalidan | R\u00e0dio Litoral","og_description":"Un centro de d\u00eda, pistas de atletismo o la rehabilitaci\u00f3n del Trinquet son algunas de sus propuestas","og_url":"https:\/\/radiolitoral.com\/ca\/2023\/05\/els-populars-de-benissa-esperen-aprovar-el-pla-general-si-revaliden\/","og_site_name":"R\u00e0dio Litoral","article_publisher":"https:\/\/www.facebook.com\/Laradiolitoral\/","article_published_time":"2023-05-17T18:23:48+00:00","article_modified_time":"2023-05-17T18:24:35+00:00","og_image":[{"width":1257,"height":1084,"url":"https:\/\/media.radiolitoral.com\/wp-content\/uploads\/2023\/05\/17202333\/DSC_0013.jpg","type":"image\/jpeg"}],"author":"Mel Pescuezo","twitter_card":"summary_large_image","twitter_misc":{"Escrit per":"Mel Pescuezo","Temps estimat de lectura":"2 minuts"},"schema":{"@context":"https:\/\/schema.org","@graph":[{"@type":"NewsArticle","@id":"https:\/\/radiolitoral.com\/2023\/05\/los-populares-de-benissa-esperan-aprobar-el-plan-general-si-revalidan\/#article","isPartOf":{"@id":"https:\/\/radiolitoral.com\/2023\/05\/los-populares-de-benissa-esperan-aprobar-el-plan-general-si-revalidan\/"},"author":{"name":"Mel Pescuezo","@id":"https:\/\/radiolitoral.com\/#\/schema\/person\/aad4f72efa404f85b68e832d24cac059"},"headline":"Los populares de Benissa esperan aprobar el Plan General si revalidan","datePublished":"2023-05-17T18:23:48+00:00","dateModified":"2023-05-17T18:24:35+00:00","mainEntityOfPage":{"@id":"https:\/\/radiolitoral.com\/2023\/05\/los-populares-de-benissa-esperan-aprobar-el-plan-general-si-revalidan\/"},"wordCount":284,"commentCount":0,"publisher":{"@id":"https:\/\/radiolitoral.com\/#organization"},"image":{"@id":"https:\/\/radiolitoral.com\/2023\/05\/los-populares-de-benissa-esperan-aprobar-el-plan-general-si-revalidan\/#primaryimage"},"thumbnailUrl":"https:\/\/media.radiolitoral.com\/wp-content\/uploads\/2023\/05\/17202333\/DSC_0013.jpg","keywords":["elecciones 2023","PP Benissa"],"articleSection":["Pol\u00edtica"],"inLanguage":"ca","potentialAction":[{"@type":"CommentAction","name":"Comment","target":["https:\/\/radiolitoral.com\/2023\/05\/los-populares-de-benissa-esperan-aprobar-el-plan-general-si-revalidan\/#respond"]}]},{"@type":["WebPage","ItemPage"],"@id":"https:\/\/radiolitoral.com\/2023\/05\/los-populares-de-benissa-esperan-aprobar-el-plan-general-si-revalidan\/","url":"https:\/\/radiolitoral.com\/2023\/05\/los-populares-de-benissa-esperan-aprobar-el-plan-general-si-revalidan\/","name":"Els populars de Benissa esperen aprovar el Pla General si revaliden | R\u00e0dio Litoral","isPartOf":{"@id":"https:\/\/radiolitoral.com\/#website"},"primaryImageOfPage":{"@id":"https:\/\/radiolitoral.com\/2023\/05\/los-populares-de-benissa-esperan-aprobar-el-plan-general-si-revalidan\/#primaryimage"},"image":{"@id":"https:\/\/radiolitoral.com\/2023\/05\/los-populares-de-benissa-esperan-aprobar-el-plan-general-si-revalidan\/#primaryimage"},"thumbnailUrl":"https:\/\/media.radiolitoral.com\/wp-content\/uploads\/2023\/05\/17202333\/DSC_0013.jpg","datePublished":"2023-05-17T18:23:48+00:00","dateModified":"2023-05-17T18:24:35+00:00","description":"Un centre de dia, pistes d&#039;atletisme o la rehabilitaci\u00f3 del Trinquet s\u00f3n algunes de les vostres propostes","breadcrumb":{"@id":"https:\/\/radiolitoral.com\/2023\/05\/los-populares-de-benissa-esperan-aprobar-el-plan-general-si-revalidan\/#breadcrumb"},"inLanguage":"ca","potentialAction":[{"@type":"ReadAction","target":["https:\/\/radiolitoral.com\/2023\/05\/los-populares-de-benissa-esperan-aprobar-el-plan-general-si-revalidan\/"]}]},{"@type":"ImageObject","inLanguage":"ca","@id":"https:\/\/radiolitoral.com\/2023\/05\/los-populares-de-benissa-esperan-aprobar-el-plan-general-si-revalidan\/#primaryimage","url":"https:\/\/media.radiolitoral.com\/wp-content\/uploads\/2023\/05\/17202333\/DSC_0013.jpg","contentUrl":"https:\/\/media.radiolitoral.com\/wp-content\/uploads\/2023\/05\/17202333\/DSC_0013.jpg","width":1257,"height":1084},{"@type":"BreadcrumbList","@id":"https:\/\/radiolitoral.com\/2023\/05\/los-populares-de-benissa-esperan-aprobar-el-plan-general-si-revalidan\/#breadcrumb","itemListElement":[{"@type":"ListItem","position":1,"name":"Portada","item":"https:\/\/radiolitoral.com\/"},{"@type":"ListItem","position":2,"name":"Los populares de Benissa esperan aprobar el Plan General si revalidan"}]},{"@type":"WebSite","@id":"https:\/\/radiolitoral.com\/#website","url":"https:\/\/radiolitoral.com\/","name":"R\u00e0dio Litoral","description":"La r\u00e0dio local de la Marina Alta","publisher":{"@id":"https:\/\/radiolitoral.com\/#organization"},"alternateName":"Litoral FM","potentialAction":[{"@type":"SearchAction","target":{"@type":"EntryPoint","urlTemplate":"https:\/\/radiolitoral.com\/?s={search_term_string}"},"query-input":{"@type":"PropertyValueSpecification","valueRequired":true,"valueName":"search_term_string"}}],"inLanguage":"ca"},{"@type":"Organization","@id":"https:\/\/radiolitoral.com\/#organization","name":"R\u00e0dio Litoral","url":"https:\/\/radiolitoral.com\/","logo":{"@type":"ImageObject","inLanguage":"ca","@id":"https:\/\/radiolitoral.com\/#\/schema\/logo\/image\/","url":"https:\/\/media.radiolitoral.com\/wp-content\/uploads\/2023\/02\/24143238\/CL-V-RadioLitoral696.png","contentUrl":"https:\/\/media.radiolitoral.com\/wp-content\/uploads\/2023\/02\/24143238\/CL-V-RadioLitoral696.png","width":696,"height":696,"caption":"Radio Litoral"},"image":{"@id":"https:\/\/radiolitoral.com\/#\/schema\/logo\/image\/"},"sameAs":["https:\/\/www.facebook.com\/Laradiolitoral\/"]},{"@type":"Person","@id":"https:\/\/radiolitoral.com\/#\/schema\/person\/aad4f72efa404f85b68e832d24cac059","name":"Mel Pescuezo","image":{"@type":"ImageObject","inLanguage":"ca","@id":"https:\/\/secure.gravatar.com\/avatar\/993975ae489c70cb0dd9bfa9413a082f0bd276582dac13661af7b33f161e7eea?s=96&d=mm&r=g","url":"https:\/\/secure.gravatar.com\/avatar\/993975ae489c70cb0dd9bfa9413a082f0bd276582dac13661af7b33f161e7eea?s=96&d=mm&r=g","contentUrl":"https:\/\/secure.gravatar.com\/avatar\/993975ae489c70cb0dd9bfa9413a082f0bd276582dac13661af7b33f161e7eea?s=96&d=mm&r=g","caption":"Mel Pescuezo"},"url":"https:\/\/radiolitoral.com\/ca\/author\/serviciospararadios\/"}]}},"_links":{"self":[{"href":"https:\/\/radiolitoral.com\/ca\/wp-json\/wp\/v2\/posts\/3169","targetHints":{"allow":["GET"]}}],"collection":[{"href":"https:\/\/radiolitoral.com\/ca\/wp-json\/wp\/v2\/posts"}],"about":[{"href":"https:\/\/radiolitoral.com\/ca\/wp-json\/wp\/v2\/types\/post"}],"author":[{"embeddable":true,"href":"https:\/\/radiolitoral.com\/ca\/wp-json\/wp\/v2\/users\/21"}],"replies":[{"embeddable":true,"href":"https:\/\/radiolitoral.com\/ca\/wp-json\/wp\/v2\/comments?post=3169"}],"version-history":[{"count":2,"href":"https:\/\/radiolitoral.com\/ca\/wp-json\/wp\/v2\/posts\/3169\/revisions"}],"predecessor-version":[{"id":3173,"href":"https:\/\/radiolitoral.com\/ca\/wp-json\/wp\/v2\/posts\/3169\/revisions\/3173"}],"wp:featuredmedia":[{"embeddable":true,"href":"https:\/\/radiolitoral.com\/ca\/wp-json\/wp\/v2\/media\/3171"}],"wp:attachment":[{"href":"https:\/\/radiolitoral.com\/ca\/wp-json\/wp\/v2\/media?parent=3169"}],"wp:term":[{"taxonomy":"category","embeddable":true,"href":"https:\/\/radiolitoral.com\/ca\/wp-json\/wp\/v2\/categories?post=3169"},{"taxonomy":"post_tag","embeddable":true,"href":"https:\/\/radiolitoral.com\/ca\/wp-json\/wp\/v2\/tags?post=3169"}],"curies":[{"name":"wp","href":"https:\/\/api.w.org\/{rel}","templated":true}]}}