{"id":3151,"date":"2023-05-16T21:22:22","date_gmt":"2023-05-16T19:22:22","guid":{"rendered":"https:\/\/radiolitoral.com\/?p=3151"},"modified":"2023-05-16T21:22:47","modified_gmt":"2023-05-16T19:22:47","slug":"benissa-licita-dues-pistes-multiesportives-a-la-zona-de-beniver","status":"publish","type":"post","link":"https:\/\/radiolitoral.com\/ca\/2023\/05\/benissa-licita-dos-pistas-multideportivas-en-la-zona-de-beniver\/","title":{"rendered":"Benissa licita dues pistes multiesportives a la zona de Beniver"},"content":{"rendered":"<p><strong>L&#039;Ajuntament de Benissa ha tret a licitaci\u00f3 dues pistes multiesportives a la zona de Beniver<\/strong>. El plec preveu un termini m\u00e0xim dexecuci\u00f3 de dos mesos a partir de la formalitzaci\u00f3 del contracte. Fonts municipals expliquen que amb aquesta actuaci\u00f3 es pret\u00e9n donar resposta a una petici\u00f3 dels ve\u00efns que sol\u00b7liciten<\/p>\n<p>Una <strong>instal\u00b7laci\u00f3 p\u00fablica<\/strong>, oberta, gratu\u00efta i d\u00b4\u00fas com\u00fa no regulat perqu\u00e8 les fam\u00edlies puguin gaudir de l\u00b4esport al\u00b4aire lliure sense necessitat de posar-se l\u00b4equipaci\u00f3 d\u00b4un club.<\/p>\n<p>Aquestes dues pistes multiesportives que, estaran ubicades a la nova zona d&#039;oci de Beniver, comptaran amb porteries de futbol sala i cistelles. El paviment tindr\u00e0 pintades les l\u00ednies de les dues principals modalitats esportives, tot i que tamb\u00e9 est\u00e0 previst que es pugui jugar a hoquei sobre patins oa handbol.<\/p>\n<p>El projecte global tindr\u00e0 un <strong>cost de 65.000 euros, quantitat que ser\u00e0 assumida \u00edntegrament per la Diputaci\u00f3<\/strong> d&#039;Alacant dins el Pla + Esport.<\/p>","protected":false},"excerpt":{"rendered":"<p>El Ayuntamiento de Benissa ha sacado a licitaci\u00f3n dos pistas multideportivas en la zona de Beniver. El pliego contempla un plazo m\u00e1ximo de ejecuci\u00f3n de dos meses a partir de la formalizaci\u00f3n del contrato. Fuentes municipales explican que con esta actuaci\u00f3n se pretende dar respuesta a una petici\u00f3n de los vecinos que solicitan Una instalaci\u00f3n [&#8230;]<\/p>\n<p><a class=\"btn btn-secondary understrap-read-more-link\" href=\"https:\/\/radiolitoral.com\/ca\/2023\/05\/benissa-licita-dos-pistas-multideportivas-en-la-zona-de-beniver\/\">Continua llegint&#8230;<span class=\"screen-reader-text\"> from Benissa licita dos pistas multideportivas en la zona de Beniver<\/span><\/a><\/p>\n","protected":false},"author":21,"featured_media":3152,"comment_status":"open","ping_status":"closed","sticky":false,"template":"","format":"standard","meta":{"_acf_changed":false,"inline_featured_image":false,"footnotes":""},"categories":[85],"tags":[126,141],"class_list":["post-3151","post","type-post","status-publish","format-standard","has-post-thumbnail","hentry","category-servicios-publicos","tag-benissa","tag-obras-benissa","cobertura-benissa"],"acf":[],"yoast_head":"<!-- This site is optimized with the Yoast SEO plugin v27.5 - https:\/\/yoast.com\/product\/yoast-seo-wordpress\/ -->\n<title>Benissa licita dos pistas multideportivas en la zona de Beniver | R\u00e0dio Litoral<\/title>\n<meta name=\"description\" content=\"El pliego contempla un plazo m\u00e1ximo de ejecuci\u00f3n de dos meses a partir de la formalizaci\u00f3n del contrato El pliego contempla un plazo m\u00e1ximo de ejecuci\u00f3n de dos meses a partir de la formalizaci\u00f3n del contrato\" \/>\n<meta name=\"robots\" content=\"index, follow, max-snippet:-1, max-image-preview:large, max-video-preview:-1\" \/>\n<link rel=\"canonical\" href=\"https:\/\/radiolitoral.com\/ca\/2023\/05\/benissa-licita-dues-pistes-multiesportives-a-la-zona-de-beniver\/\" \/>\n<meta property=\"og:locale\" content=\"ca_ES\" \/>\n<meta property=\"og:type\" content=\"article\" \/>\n<meta property=\"og:title\" content=\"Benissa licita dos pistas multideportivas en la zona de Beniver | R\u00e0dio Litoral\" \/>\n<meta property=\"og:description\" content=\"El pliego contempla un plazo m\u00e1ximo de ejecuci\u00f3n de dos meses a partir de la formalizaci\u00f3n del contrato El pliego contempla un plazo m\u00e1ximo de ejecuci\u00f3n de dos meses a partir de la formalizaci\u00f3n del contrato\" \/>\n<meta property=\"og:url\" content=\"https:\/\/radiolitoral.com\/ca\/2023\/05\/benissa-licita-dues-pistes-multiesportives-a-la-zona-de-beniver\/\" \/>\n<meta property=\"og:site_name\" content=\"R\u00e0dio Litoral\" \/>\n<meta property=\"article:publisher\" content=\"https:\/\/www.facebook.com\/Laradiolitoral\/\" \/>\n<meta property=\"article:published_time\" content=\"2023-05-16T19:22:22+00:00\" \/>\n<meta property=\"article:modified_time\" content=\"2023-05-16T19:22:47+00:00\" \/>\n<meta property=\"og:image\" content=\"https:\/\/media.radiolitoral.com\/wp-content\/uploads\/2023\/05\/16212101\/IMAGEN-PISTA-MUTI-DEPORTIVA-870x289-1.jpg\" \/>\n\t<meta property=\"og:image:width\" content=\"870\" \/>\n\t<meta property=\"og:image:height\" content=\"289\" \/>\n\t<meta property=\"og:image:type\" content=\"image\/jpeg\" \/>\n<meta name=\"author\" content=\"Mel Pescuezo\" \/>\n<meta name=\"twitter:card\" content=\"summary_large_image\" \/>\n<meta name=\"twitter:label1\" content=\"Escrit per\" \/>\n\t<meta name=\"twitter:data1\" content=\"Mel Pescuezo\" \/>\n\t<meta name=\"twitter:label2\" content=\"Temps estimat de lectura\" \/>\n\t<meta name=\"twitter:data2\" content=\"1 minut\" \/>\n<script type=\"application\/ld+json\" class=\"yoast-schema-graph\">{\"@context\":\"https:\\\/\\\/schema.org\",\"@graph\":[{\"@type\":\"NewsArticle\",\"@id\":\"https:\\\/\\\/radiolitoral.com\\\/2023\\\/05\\\/benissa-licita-dos-pistas-multideportivas-en-la-zona-de-beniver\\\/#article\",\"isPartOf\":{\"@id\":\"https:\\\/\\\/radiolitoral.com\\\/2023\\\/05\\\/benissa-licita-dos-pistas-multideportivas-en-la-zona-de-beniver\\\/\"},\"author\":{\"name\":\"Mel Pescuezo\",\"@id\":\"https:\\\/\\\/radiolitoral.com\\\/#\\\/schema\\\/person\\\/aad4f72efa404f85b68e832d24cac059\"},\"headline\":\"Benissa licita dos pistas multideportivas en la zona de Beniver\",\"datePublished\":\"2023-05-16T19:22:22+00:00\",\"dateModified\":\"2023-05-16T19:22:47+00:00\",\"mainEntityOfPage\":{\"@id\":\"https:\\\/\\\/radiolitoral.com\\\/2023\\\/05\\\/benissa-licita-dos-pistas-multideportivas-en-la-zona-de-beniver\\\/\"},\"wordCount\":183,\"commentCount\":0,\"publisher\":{\"@id\":\"https:\\\/\\\/radiolitoral.com\\\/#organization\"},\"image\":{\"@id\":\"https:\\\/\\\/radiolitoral.com\\\/2023\\\/05\\\/benissa-licita-dos-pistas-multideportivas-en-la-zona-de-beniver\\\/#primaryimage\"},\"thumbnailUrl\":\"https:\\\/\\\/media.radiolitoral.com\\\/wp-content\\\/uploads\\\/2023\\\/05\\\/16212101\\\/IMAGEN-PISTA-MUTI-DEPORTIVA-870x289-1.jpg\",\"keywords\":[\"Benissa\",\"obras Benissa\"],\"articleSection\":[\"Servicios P\u00fablicos\"],\"inLanguage\":\"ca\",\"potentialAction\":[{\"@type\":\"CommentAction\",\"name\":\"Comment\",\"target\":[\"https:\\\/\\\/radiolitoral.com\\\/2023\\\/05\\\/benissa-licita-dos-pistas-multideportivas-en-la-zona-de-beniver\\\/#respond\"]}]},{\"@type\":[\"WebPage\",\"ItemPage\"],\"@id\":\"https:\\\/\\\/radiolitoral.com\\\/2023\\\/05\\\/benissa-licita-dos-pistas-multideportivas-en-la-zona-de-beniver\\\/\",\"url\":\"https:\\\/\\\/radiolitoral.com\\\/2023\\\/05\\\/benissa-licita-dos-pistas-multideportivas-en-la-zona-de-beniver\\\/\",\"name\":\"Benissa licita dos pistas multideportivas en la zona de Beniver | R\u00e0dio Litoral\",\"isPartOf\":{\"@id\":\"https:\\\/\\\/radiolitoral.com\\\/#website\"},\"primaryImageOfPage\":{\"@id\":\"https:\\\/\\\/radiolitoral.com\\\/2023\\\/05\\\/benissa-licita-dos-pistas-multideportivas-en-la-zona-de-beniver\\\/#primaryimage\"},\"image\":{\"@id\":\"https:\\\/\\\/radiolitoral.com\\\/2023\\\/05\\\/benissa-licita-dos-pistas-multideportivas-en-la-zona-de-beniver\\\/#primaryimage\"},\"thumbnailUrl\":\"https:\\\/\\\/media.radiolitoral.com\\\/wp-content\\\/uploads\\\/2023\\\/05\\\/16212101\\\/IMAGEN-PISTA-MUTI-DEPORTIVA-870x289-1.jpg\",\"datePublished\":\"2023-05-16T19:22:22+00:00\",\"dateModified\":\"2023-05-16T19:22:47+00:00\",\"description\":\"El pliego contempla un plazo m\u00e1ximo de ejecuci\u00f3n de dos meses a partir de la formalizaci\u00f3n del contrato El pliego contempla un plazo m\u00e1ximo de ejecuci\u00f3n de dos meses a partir de la formalizaci\u00f3n del contrato\",\"breadcrumb\":{\"@id\":\"https:\\\/\\\/radiolitoral.com\\\/2023\\\/05\\\/benissa-licita-dos-pistas-multideportivas-en-la-zona-de-beniver\\\/#breadcrumb\"},\"inLanguage\":\"ca\",\"potentialAction\":[{\"@type\":\"ReadAction\",\"target\":[\"https:\\\/\\\/radiolitoral.com\\\/2023\\\/05\\\/benissa-licita-dos-pistas-multideportivas-en-la-zona-de-beniver\\\/\"]}]},{\"@type\":\"ImageObject\",\"inLanguage\":\"ca\",\"@id\":\"https:\\\/\\\/radiolitoral.com\\\/2023\\\/05\\\/benissa-licita-dos-pistas-multideportivas-en-la-zona-de-beniver\\\/#primaryimage\",\"url\":\"https:\\\/\\\/media.radiolitoral.com\\\/wp-content\\\/uploads\\\/2023\\\/05\\\/16212101\\\/IMAGEN-PISTA-MUTI-DEPORTIVA-870x289-1.jpg\",\"contentUrl\":\"https:\\\/\\\/media.radiolitoral.com\\\/wp-content\\\/uploads\\\/2023\\\/05\\\/16212101\\\/IMAGEN-PISTA-MUTI-DEPORTIVA-870x289-1.jpg\",\"width\":870,\"height\":289},{\"@type\":\"BreadcrumbList\",\"@id\":\"https:\\\/\\\/radiolitoral.com\\\/2023\\\/05\\\/benissa-licita-dos-pistas-multideportivas-en-la-zona-de-beniver\\\/#breadcrumb\",\"itemListElement\":[{\"@type\":\"ListItem\",\"position\":1,\"name\":\"Portada\",\"item\":\"https:\\\/\\\/radiolitoral.com\\\/\"},{\"@type\":\"ListItem\",\"position\":2,\"name\":\"Benissa licita dos pistas multideportivas en la zona de Beniver\"}]},{\"@type\":\"WebSite\",\"@id\":\"https:\\\/\\\/radiolitoral.com\\\/#website\",\"url\":\"https:\\\/\\\/radiolitoral.com\\\/\",\"name\":\"Radio Litoral\",\"description\":\"La radio local de la Marina Alta\",\"publisher\":{\"@id\":\"https:\\\/\\\/radiolitoral.com\\\/#organization\"},\"alternateName\":\"Litoral FM\",\"potentialAction\":[{\"@type\":\"SearchAction\",\"target\":{\"@type\":\"EntryPoint\",\"urlTemplate\":\"https:\\\/\\\/radiolitoral.com\\\/?s={search_term_string}\"},\"query-input\":{\"@type\":\"PropertyValueSpecification\",\"valueRequired\":true,\"valueName\":\"search_term_string\"}}],\"inLanguage\":\"ca\"},{\"@type\":\"Organization\",\"@id\":\"https:\\\/\\\/radiolitoral.com\\\/#organization\",\"name\":\"Radio Litoral\",\"url\":\"https:\\\/\\\/radiolitoral.com\\\/\",\"logo\":{\"@type\":\"ImageObject\",\"inLanguage\":\"ca\",\"@id\":\"https:\\\/\\\/radiolitoral.com\\\/#\\\/schema\\\/logo\\\/image\\\/\",\"url\":\"https:\\\/\\\/media.radiolitoral.com\\\/wp-content\\\/uploads\\\/2023\\\/02\\\/24143238\\\/CL-V-RadioLitoral696.png\",\"contentUrl\":\"https:\\\/\\\/media.radiolitoral.com\\\/wp-content\\\/uploads\\\/2023\\\/02\\\/24143238\\\/CL-V-RadioLitoral696.png\",\"width\":696,\"height\":696,\"caption\":\"Radio Litoral\"},\"image\":{\"@id\":\"https:\\\/\\\/radiolitoral.com\\\/#\\\/schema\\\/logo\\\/image\\\/\"},\"sameAs\":[\"https:\\\/\\\/www.facebook.com\\\/Laradiolitoral\\\/\"]},{\"@type\":\"Person\",\"@id\":\"https:\\\/\\\/radiolitoral.com\\\/#\\\/schema\\\/person\\\/aad4f72efa404f85b68e832d24cac059\",\"name\":\"Mel Pescuezo\",\"image\":{\"@type\":\"ImageObject\",\"inLanguage\":\"ca\",\"@id\":\"https:\\\/\\\/secure.gravatar.com\\\/avatar\\\/993975ae489c70cb0dd9bfa9413a082f0bd276582dac13661af7b33f161e7eea?s=96&d=mm&r=g\",\"url\":\"https:\\\/\\\/secure.gravatar.com\\\/avatar\\\/993975ae489c70cb0dd9bfa9413a082f0bd276582dac13661af7b33f161e7eea?s=96&d=mm&r=g\",\"contentUrl\":\"https:\\\/\\\/secure.gravatar.com\\\/avatar\\\/993975ae489c70cb0dd9bfa9413a082f0bd276582dac13661af7b33f161e7eea?s=96&d=mm&r=g\",\"caption\":\"Mel Pescuezo\"},\"url\":\"https:\\\/\\\/radiolitoral.com\\\/ca\\\/author\\\/serviciospararadios\\\/\"}]}<\/script>\n<!-- \/ Yoast SEO plugin. -->","yoast_head_json":{"title":"Benissa licita dues pistes multiesportives a la zona de Beniver | R\u00e0dio Litoral","description":"El plec contempla un termini m\u00e0xim dexecuci\u00f3 de dos mesos a partir de la formalitzaci\u00f3 del contracte El plec contempla un termini m\u00e0xim dexecuci\u00f3 de dos mesos a partir de la formalitzaci\u00f3 del contracte","robots":{"index":"index","follow":"follow","max-snippet":"max-snippet:-1","max-image-preview":"max-image-preview:large","max-video-preview":"max-video-preview:-1"},"canonical":"https:\/\/radiolitoral.com\/ca\/2023\/05\/benissa-licita-dues-pistes-multiesportives-a-la-zona-de-beniver\/","og_locale":"ca_ES","og_type":"article","og_title":"Benissa licita dos pistas multideportivas en la zona de Beniver | R\u00e0dio Litoral","og_description":"El pliego contempla un plazo m\u00e1ximo de ejecuci\u00f3n de dos meses a partir de la formalizaci\u00f3n del contrato El pliego contempla un plazo m\u00e1ximo de ejecuci\u00f3n de dos meses a partir de la formalizaci\u00f3n del contrato","og_url":"https:\/\/radiolitoral.com\/ca\/2023\/05\/benissa-licita-dues-pistes-multiesportives-a-la-zona-de-beniver\/","og_site_name":"R\u00e0dio Litoral","article_publisher":"https:\/\/www.facebook.com\/Laradiolitoral\/","article_published_time":"2023-05-16T19:22:22+00:00","article_modified_time":"2023-05-16T19:22:47+00:00","og_image":[{"width":870,"height":289,"url":"https:\/\/media.radiolitoral.com\/wp-content\/uploads\/2023\/05\/16212101\/IMAGEN-PISTA-MUTI-DEPORTIVA-870x289-1.jpg","type":"image\/jpeg"}],"author":"Mel Pescuezo","twitter_card":"summary_large_image","twitter_misc":{"Escrit per":"Mel Pescuezo","Temps estimat de lectura":"1 minut"},"schema":{"@context":"https:\/\/schema.org","@graph":[{"@type":"NewsArticle","@id":"https:\/\/radiolitoral.com\/2023\/05\/benissa-licita-dos-pistas-multideportivas-en-la-zona-de-beniver\/#article","isPartOf":{"@id":"https:\/\/radiolitoral.com\/2023\/05\/benissa-licita-dos-pistas-multideportivas-en-la-zona-de-beniver\/"},"author":{"name":"Mel Pescuezo","@id":"https:\/\/radiolitoral.com\/#\/schema\/person\/aad4f72efa404f85b68e832d24cac059"},"headline":"Benissa licita dos pistas multideportivas en la zona de Beniver","datePublished":"2023-05-16T19:22:22+00:00","dateModified":"2023-05-16T19:22:47+00:00","mainEntityOfPage":{"@id":"https:\/\/radiolitoral.com\/2023\/05\/benissa-licita-dos-pistas-multideportivas-en-la-zona-de-beniver\/"},"wordCount":183,"commentCount":0,"publisher":{"@id":"https:\/\/radiolitoral.com\/#organization"},"image":{"@id":"https:\/\/radiolitoral.com\/2023\/05\/benissa-licita-dos-pistas-multideportivas-en-la-zona-de-beniver\/#primaryimage"},"thumbnailUrl":"https:\/\/media.radiolitoral.com\/wp-content\/uploads\/2023\/05\/16212101\/IMAGEN-PISTA-MUTI-DEPORTIVA-870x289-1.jpg","keywords":["Benissa","obras Benissa"],"articleSection":["Servicios P\u00fablicos"],"inLanguage":"ca","potentialAction":[{"@type":"CommentAction","name":"Comment","target":["https:\/\/radiolitoral.com\/2023\/05\/benissa-licita-dos-pistas-multideportivas-en-la-zona-de-beniver\/#respond"]}]},{"@type":["WebPage","ItemPage"],"@id":"https:\/\/radiolitoral.com\/2023\/05\/benissa-licita-dos-pistas-multideportivas-en-la-zona-de-beniver\/","url":"https:\/\/radiolitoral.com\/2023\/05\/benissa-licita-dos-pistas-multideportivas-en-la-zona-de-beniver\/","name":"Benissa licita dues pistes multiesportives a la zona de Beniver | R\u00e0dio Litoral","isPartOf":{"@id":"https:\/\/radiolitoral.com\/#website"},"primaryImageOfPage":{"@id":"https:\/\/radiolitoral.com\/2023\/05\/benissa-licita-dos-pistas-multideportivas-en-la-zona-de-beniver\/#primaryimage"},"image":{"@id":"https:\/\/radiolitoral.com\/2023\/05\/benissa-licita-dos-pistas-multideportivas-en-la-zona-de-beniver\/#primaryimage"},"thumbnailUrl":"https:\/\/media.radiolitoral.com\/wp-content\/uploads\/2023\/05\/16212101\/IMAGEN-PISTA-MUTI-DEPORTIVA-870x289-1.jpg","datePublished":"2023-05-16T19:22:22+00:00","dateModified":"2023-05-16T19:22:47+00:00","description":"El plec contempla un termini m\u00e0xim dexecuci\u00f3 de dos mesos a partir de la formalitzaci\u00f3 del contracte El plec contempla un termini m\u00e0xim dexecuci\u00f3 de dos mesos a partir de la formalitzaci\u00f3 del contracte","breadcrumb":{"@id":"https:\/\/radiolitoral.com\/2023\/05\/benissa-licita-dos-pistas-multideportivas-en-la-zona-de-beniver\/#breadcrumb"},"inLanguage":"ca","potentialAction":[{"@type":"ReadAction","target":["https:\/\/radiolitoral.com\/2023\/05\/benissa-licita-dos-pistas-multideportivas-en-la-zona-de-beniver\/"]}]},{"@type":"ImageObject","inLanguage":"ca","@id":"https:\/\/radiolitoral.com\/2023\/05\/benissa-licita-dos-pistas-multideportivas-en-la-zona-de-beniver\/#primaryimage","url":"https:\/\/media.radiolitoral.com\/wp-content\/uploads\/2023\/05\/16212101\/IMAGEN-PISTA-MUTI-DEPORTIVA-870x289-1.jpg","contentUrl":"https:\/\/media.radiolitoral.com\/wp-content\/uploads\/2023\/05\/16212101\/IMAGEN-PISTA-MUTI-DEPORTIVA-870x289-1.jpg","width":870,"height":289},{"@type":"BreadcrumbList","@id":"https:\/\/radiolitoral.com\/2023\/05\/benissa-licita-dos-pistas-multideportivas-en-la-zona-de-beniver\/#breadcrumb","itemListElement":[{"@type":"ListItem","position":1,"name":"Portada","item":"https:\/\/radiolitoral.com\/"},{"@type":"ListItem","position":2,"name":"Benissa licita dos pistas multideportivas en la zona de Beniver"}]},{"@type":"WebSite","@id":"https:\/\/radiolitoral.com\/#website","url":"https:\/\/radiolitoral.com\/","name":"R\u00e0dio Litoral","description":"La r\u00e0dio local de la Marina Alta","publisher":{"@id":"https:\/\/radiolitoral.com\/#organization"},"alternateName":"Litoral FM","potentialAction":[{"@type":"SearchAction","target":{"@type":"EntryPoint","urlTemplate":"https:\/\/radiolitoral.com\/?s={search_term_string}"},"query-input":{"@type":"PropertyValueSpecification","valueRequired":true,"valueName":"search_term_string"}}],"inLanguage":"ca"},{"@type":"Organization","@id":"https:\/\/radiolitoral.com\/#organization","name":"R\u00e0dio Litoral","url":"https:\/\/radiolitoral.com\/","logo":{"@type":"ImageObject","inLanguage":"ca","@id":"https:\/\/radiolitoral.com\/#\/schema\/logo\/image\/","url":"https:\/\/media.radiolitoral.com\/wp-content\/uploads\/2023\/02\/24143238\/CL-V-RadioLitoral696.png","contentUrl":"https:\/\/media.radiolitoral.com\/wp-content\/uploads\/2023\/02\/24143238\/CL-V-RadioLitoral696.png","width":696,"height":696,"caption":"Radio Litoral"},"image":{"@id":"https:\/\/radiolitoral.com\/#\/schema\/logo\/image\/"},"sameAs":["https:\/\/www.facebook.com\/Laradiolitoral\/"]},{"@type":"Person","@id":"https:\/\/radiolitoral.com\/#\/schema\/person\/aad4f72efa404f85b68e832d24cac059","name":"Mel Pescuezo","image":{"@type":"ImageObject","inLanguage":"ca","@id":"https:\/\/secure.gravatar.com\/avatar\/993975ae489c70cb0dd9bfa9413a082f0bd276582dac13661af7b33f161e7eea?s=96&d=mm&r=g","url":"https:\/\/secure.gravatar.com\/avatar\/993975ae489c70cb0dd9bfa9413a082f0bd276582dac13661af7b33f161e7eea?s=96&d=mm&r=g","contentUrl":"https:\/\/secure.gravatar.com\/avatar\/993975ae489c70cb0dd9bfa9413a082f0bd276582dac13661af7b33f161e7eea?s=96&d=mm&r=g","caption":"Mel Pescuezo"},"url":"https:\/\/radiolitoral.com\/ca\/author\/serviciospararadios\/"}]}},"_links":{"self":[{"href":"https:\/\/radiolitoral.com\/ca\/wp-json\/wp\/v2\/posts\/3151","targetHints":{"allow":["GET"]}}],"collection":[{"href":"https:\/\/radiolitoral.com\/ca\/wp-json\/wp\/v2\/posts"}],"about":[{"href":"https:\/\/radiolitoral.com\/ca\/wp-json\/wp\/v2\/types\/post"}],"author":[{"embeddable":true,"href":"https:\/\/radiolitoral.com\/ca\/wp-json\/wp\/v2\/users\/21"}],"replies":[{"embeddable":true,"href":"https:\/\/radiolitoral.com\/ca\/wp-json\/wp\/v2\/comments?post=3151"}],"version-history":[{"count":1,"href":"https:\/\/radiolitoral.com\/ca\/wp-json\/wp\/v2\/posts\/3151\/revisions"}],"predecessor-version":[{"id":3153,"href":"https:\/\/radiolitoral.com\/ca\/wp-json\/wp\/v2\/posts\/3151\/revisions\/3153"}],"wp:featuredmedia":[{"embeddable":true,"href":"https:\/\/radiolitoral.com\/ca\/wp-json\/wp\/v2\/media\/3152"}],"wp:attachment":[{"href":"https:\/\/radiolitoral.com\/ca\/wp-json\/wp\/v2\/media?parent=3151"}],"wp:term":[{"taxonomy":"category","embeddable":true,"href":"https:\/\/radiolitoral.com\/ca\/wp-json\/wp\/v2\/categories?post=3151"},{"taxonomy":"post_tag","embeddable":true,"href":"https:\/\/radiolitoral.com\/ca\/wp-json\/wp\/v2\/tags?post=3151"}],"curies":[{"name":"wp","href":"https:\/\/api.w.org\/{rel}","templated":true}]}}