{"id":3081,"date":"2023-05-15T15:49:31","date_gmt":"2023-05-15T13:49:31","guid":{"rendered":"https:\/\/radiolitoral.com\/?p=3081"},"modified":"2023-05-15T15:51:33","modified_gmt":"2023-05-15T13:51:33","slug":"un-operatiu-a-calp-desmantella-una-entitat-blanquejadora-de-capitals","status":"publish","type":"post","link":"https:\/\/radiolitoral.com\/ca\/2023\/05\/un-operativo-en-calp-desmantela-una-entidad-blanqueadora-de-capitales\/","title":{"rendered":"Un operatiu a Calp desmantella una entitat blanquejadora de capitals"},"content":{"rendered":"<p>La Policia Nacional ha registrat a Calp, sota una Ordre Europea de Recerca, l&#039;habitatge del presumpte responsable d&#039;un <strong>entramat empresarial dedicat a blanqueig de capitals a B\u00e8lgica i Espanya<\/strong>.<\/p>\n<p>Fonts d&#039;aquest cos policial, han explicat que a la vivenda, valorada en 400.000 euros, <strong>s&#039;hi han intervingut una gran quantitat de documentaci\u00f3 relacionada amb la xarxa delictiva i un vehicle d&#039;alta gamma<\/strong> a nom duna empresa relacionada amb els delictes investigats.<\/p>\n<p>L&#039;actuaci\u00f3 policial duta a terme per part del Grup de Blanqueig de Capitals de Policia Judicial d&#039;Alacant ha respost a un auxili judicial em\u00e8s mitjan\u00e7ant aquesta Ordre Europea de Recerca, relacionada amb un presumpte delicte de pertinen\u00e7a a organitzaci\u00f3 delictiva i blanqueig de capitals.<\/p>\n<p>L&#039;habitatge, el propietari del qual \u00e9s el m\u00e0xim responsable de l&#039;organitzaci\u00f3 delictiva, ha estat bloquejat judicialment per petici\u00f3 policial.<\/p>\n<p>Afegir que l&#039;auxili judicial es mant\u00e9 obert. Sent el <strong>Jutjat d&#039;Instrucci\u00f3 de D\u00e9nia<\/strong> el que porta aquest cas.<\/p>\n<p>&nbsp;<\/p>","protected":false},"excerpt":{"rendered":"<p>La Polic\u00eda Nacional ha registrado en Calp, bajo una Orden Europea de Investigaci\u00f3n, la vivienda del presunto responsable de un entramado empresarial dedicado a blanqueo de capitales en B\u00e9lgica y Espa\u00f1a. Fuentes de este cuerpo policial, han explicado que en la vivienda, valorada en 400.000 euros, se han intervenido una gran cantidad de documentaci\u00f3n relacionada [&#8230;]<\/p>\n<p><a class=\"btn btn-secondary understrap-read-more-link\" href=\"https:\/\/radiolitoral.com\/ca\/2023\/05\/un-operativo-en-calp-desmantela-una-entidad-blanqueadora-de-capitales\/\">Continua llegint&#8230;<span class=\"screen-reader-text\"> from Un operativo en Calp desmantela una entidad blanqueadora de capitales<\/span><\/a><\/p>\n","protected":false},"author":21,"featured_media":3083,"comment_status":"open","ping_status":"closed","sticky":false,"template":"","format":"standard","meta":{"_acf_changed":false,"inline_featured_image":false,"footnotes":""},"categories":[8],"tags":[363],"class_list":["post-3081","post","type-post","status-publish","format-standard","has-post-thumbnail","hentry","category-sucesos","tag-sucesos-calp","cobertura-calp"],"acf":[],"yoast_head":"<!-- This site is optimized with the Yoast SEO plugin v27.5 - https:\/\/yoast.com\/product\/yoast-seo-wordpress\/ -->\n<title>Un operativo en Calp desmantela una entidad blanqueadora de capitales | R\u00e0dio Litoral<\/title>\n<meta name=\"description\" content=\"Se ha intervenido una gran cantidad de documentaci\u00f3n relacionada con la red delictiva y un veh\u00edculo de alta gama Se ha intervenido una gran cantidad de documentaci\u00f3n relacionada con la red delictiva y un veh\u00edculo de alta gama\" \/>\n<meta name=\"robots\" content=\"index, follow, max-snippet:-1, max-image-preview:large, max-video-preview:-1\" \/>\n<link rel=\"canonical\" href=\"https:\/\/radiolitoral.com\/ca\/2023\/05\/un-operatiu-a-calp-desmantella-una-entitat-blanquejadora-de-capitals\/\" \/>\n<meta property=\"og:locale\" content=\"ca_ES\" \/>\n<meta property=\"og:type\" content=\"article\" \/>\n<meta property=\"og:title\" content=\"Un operativo en Calp desmantela una entidad blanqueadora de capitales | R\u00e0dio Litoral\" \/>\n<meta property=\"og:description\" content=\"Se ha intervenido una gran cantidad de documentaci\u00f3n relacionada con la red delictiva y un veh\u00edculo de alta gama Se ha intervenido una gran cantidad de documentaci\u00f3n relacionada con la red delictiva y un veh\u00edculo de alta gama\" \/>\n<meta property=\"og:url\" content=\"https:\/\/radiolitoral.com\/ca\/2023\/05\/un-operatiu-a-calp-desmantella-una-entitat-blanquejadora-de-capitals\/\" \/>\n<meta property=\"og:site_name\" content=\"R\u00e0dio Litoral\" \/>\n<meta property=\"article:publisher\" content=\"https:\/\/www.facebook.com\/Laradiolitoral\/\" \/>\n<meta property=\"article:published_time\" content=\"2023-05-15T13:49:31+00:00\" \/>\n<meta property=\"article:modified_time\" content=\"2023-05-15T13:51:33+00:00\" \/>\n<meta property=\"og:image\" content=\"https:\/\/media.radiolitoral.com\/wp-content\/uploads\/2023\/05\/15154921\/3252_foto-comisaria-provincial.jpg\" \/>\n\t<meta property=\"og:image:width\" content=\"670\" \/>\n\t<meta property=\"og:image:height\" content=\"502\" \/>\n\t<meta property=\"og:image:type\" content=\"image\/jpeg\" \/>\n<meta name=\"author\" content=\"Mel Pescuezo\" \/>\n<meta name=\"twitter:card\" content=\"summary_large_image\" \/>\n<meta name=\"twitter:label1\" content=\"Escrit per\" \/>\n\t<meta name=\"twitter:data1\" content=\"Mel Pescuezo\" \/>\n\t<meta name=\"twitter:label2\" content=\"Temps estimat de lectura\" \/>\n\t<meta name=\"twitter:data2\" content=\"1 minut\" \/>\n<script type=\"application\/ld+json\" class=\"yoast-schema-graph\">{\"@context\":\"https:\\\/\\\/schema.org\",\"@graph\":[{\"@type\":\"NewsArticle\",\"@id\":\"https:\\\/\\\/radiolitoral.com\\\/2023\\\/05\\\/un-operativo-en-calp-desmantela-una-entidad-blanqueadora-de-capitales\\\/#article\",\"isPartOf\":{\"@id\":\"https:\\\/\\\/radiolitoral.com\\\/2023\\\/05\\\/un-operativo-en-calp-desmantela-una-entidad-blanqueadora-de-capitales\\\/\"},\"author\":{\"name\":\"Mel Pescuezo\",\"@id\":\"https:\\\/\\\/radiolitoral.com\\\/#\\\/schema\\\/person\\\/aad4f72efa404f85b68e832d24cac059\"},\"headline\":\"Un operativo en Calp desmantela una entidad blanqueadora de capitales\",\"datePublished\":\"2023-05-15T13:49:31+00:00\",\"dateModified\":\"2023-05-15T13:51:33+00:00\",\"mainEntityOfPage\":{\"@id\":\"https:\\\/\\\/radiolitoral.com\\\/2023\\\/05\\\/un-operativo-en-calp-desmantela-una-entidad-blanqueadora-de-capitales\\\/\"},\"wordCount\":188,\"commentCount\":0,\"publisher\":{\"@id\":\"https:\\\/\\\/radiolitoral.com\\\/#organization\"},\"image\":{\"@id\":\"https:\\\/\\\/radiolitoral.com\\\/2023\\\/05\\\/un-operativo-en-calp-desmantela-una-entidad-blanqueadora-de-capitales\\\/#primaryimage\"},\"thumbnailUrl\":\"https:\\\/\\\/media.radiolitoral.com\\\/wp-content\\\/uploads\\\/2023\\\/05\\\/15154921\\\/3252_foto-comisaria-provincial.jpg\",\"keywords\":[\"sucesos Calp\"],\"articleSection\":[\"Sucesos\"],\"inLanguage\":\"ca\",\"potentialAction\":[{\"@type\":\"CommentAction\",\"name\":\"Comment\",\"target\":[\"https:\\\/\\\/radiolitoral.com\\\/2023\\\/05\\\/un-operativo-en-calp-desmantela-una-entidad-blanqueadora-de-capitales\\\/#respond\"]}]},{\"@type\":[\"WebPage\",\"ItemPage\"],\"@id\":\"https:\\\/\\\/radiolitoral.com\\\/2023\\\/05\\\/un-operativo-en-calp-desmantela-una-entidad-blanqueadora-de-capitales\\\/\",\"url\":\"https:\\\/\\\/radiolitoral.com\\\/2023\\\/05\\\/un-operativo-en-calp-desmantela-una-entidad-blanqueadora-de-capitales\\\/\",\"name\":\"Un operativo en Calp desmantela una entidad blanqueadora de capitales | R\u00e0dio Litoral\",\"isPartOf\":{\"@id\":\"https:\\\/\\\/radiolitoral.com\\\/#website\"},\"primaryImageOfPage\":{\"@id\":\"https:\\\/\\\/radiolitoral.com\\\/2023\\\/05\\\/un-operativo-en-calp-desmantela-una-entidad-blanqueadora-de-capitales\\\/#primaryimage\"},\"image\":{\"@id\":\"https:\\\/\\\/radiolitoral.com\\\/2023\\\/05\\\/un-operativo-en-calp-desmantela-una-entidad-blanqueadora-de-capitales\\\/#primaryimage\"},\"thumbnailUrl\":\"https:\\\/\\\/media.radiolitoral.com\\\/wp-content\\\/uploads\\\/2023\\\/05\\\/15154921\\\/3252_foto-comisaria-provincial.jpg\",\"datePublished\":\"2023-05-15T13:49:31+00:00\",\"dateModified\":\"2023-05-15T13:51:33+00:00\",\"description\":\"Se ha intervenido una gran cantidad de documentaci\u00f3n relacionada con la red delictiva y un veh\u00edculo de alta gama Se ha intervenido una gran cantidad de documentaci\u00f3n relacionada con la red delictiva y un veh\u00edculo de alta gama\",\"breadcrumb\":{\"@id\":\"https:\\\/\\\/radiolitoral.com\\\/2023\\\/05\\\/un-operativo-en-calp-desmantela-una-entidad-blanqueadora-de-capitales\\\/#breadcrumb\"},\"inLanguage\":\"ca\",\"potentialAction\":[{\"@type\":\"ReadAction\",\"target\":[\"https:\\\/\\\/radiolitoral.com\\\/2023\\\/05\\\/un-operativo-en-calp-desmantela-una-entidad-blanqueadora-de-capitales\\\/\"]}]},{\"@type\":\"ImageObject\",\"inLanguage\":\"ca\",\"@id\":\"https:\\\/\\\/radiolitoral.com\\\/2023\\\/05\\\/un-operativo-en-calp-desmantela-una-entidad-blanqueadora-de-capitales\\\/#primaryimage\",\"url\":\"https:\\\/\\\/media.radiolitoral.com\\\/wp-content\\\/uploads\\\/2023\\\/05\\\/15154921\\\/3252_foto-comisaria-provincial.jpg\",\"contentUrl\":\"https:\\\/\\\/media.radiolitoral.com\\\/wp-content\\\/uploads\\\/2023\\\/05\\\/15154921\\\/3252_foto-comisaria-provincial.jpg\",\"width\":670,\"height\":502},{\"@type\":\"BreadcrumbList\",\"@id\":\"https:\\\/\\\/radiolitoral.com\\\/2023\\\/05\\\/un-operativo-en-calp-desmantela-una-entidad-blanqueadora-de-capitales\\\/#breadcrumb\",\"itemListElement\":[{\"@type\":\"ListItem\",\"position\":1,\"name\":\"Portada\",\"item\":\"https:\\\/\\\/radiolitoral.com\\\/\"},{\"@type\":\"ListItem\",\"position\":2,\"name\":\"Un operativo en Calp desmantela una entidad blanqueadora de capitales\"}]},{\"@type\":\"WebSite\",\"@id\":\"https:\\\/\\\/radiolitoral.com\\\/#website\",\"url\":\"https:\\\/\\\/radiolitoral.com\\\/\",\"name\":\"Radio Litoral\",\"description\":\"La radio local de la Marina Alta\",\"publisher\":{\"@id\":\"https:\\\/\\\/radiolitoral.com\\\/#organization\"},\"alternateName\":\"Litoral FM\",\"potentialAction\":[{\"@type\":\"SearchAction\",\"target\":{\"@type\":\"EntryPoint\",\"urlTemplate\":\"https:\\\/\\\/radiolitoral.com\\\/?s={search_term_string}\"},\"query-input\":{\"@type\":\"PropertyValueSpecification\",\"valueRequired\":true,\"valueName\":\"search_term_string\"}}],\"inLanguage\":\"ca\"},{\"@type\":\"Organization\",\"@id\":\"https:\\\/\\\/radiolitoral.com\\\/#organization\",\"name\":\"Radio Litoral\",\"url\":\"https:\\\/\\\/radiolitoral.com\\\/\",\"logo\":{\"@type\":\"ImageObject\",\"inLanguage\":\"ca\",\"@id\":\"https:\\\/\\\/radiolitoral.com\\\/#\\\/schema\\\/logo\\\/image\\\/\",\"url\":\"https:\\\/\\\/media.radiolitoral.com\\\/wp-content\\\/uploads\\\/2023\\\/02\\\/24143238\\\/CL-V-RadioLitoral696.png\",\"contentUrl\":\"https:\\\/\\\/media.radiolitoral.com\\\/wp-content\\\/uploads\\\/2023\\\/02\\\/24143238\\\/CL-V-RadioLitoral696.png\",\"width\":696,\"height\":696,\"caption\":\"Radio Litoral\"},\"image\":{\"@id\":\"https:\\\/\\\/radiolitoral.com\\\/#\\\/schema\\\/logo\\\/image\\\/\"},\"sameAs\":[\"https:\\\/\\\/www.facebook.com\\\/Laradiolitoral\\\/\"]},{\"@type\":\"Person\",\"@id\":\"https:\\\/\\\/radiolitoral.com\\\/#\\\/schema\\\/person\\\/aad4f72efa404f85b68e832d24cac059\",\"name\":\"Mel Pescuezo\",\"image\":{\"@type\":\"ImageObject\",\"inLanguage\":\"ca\",\"@id\":\"https:\\\/\\\/secure.gravatar.com\\\/avatar\\\/993975ae489c70cb0dd9bfa9413a082f0bd276582dac13661af7b33f161e7eea?s=96&d=mm&r=g\",\"url\":\"https:\\\/\\\/secure.gravatar.com\\\/avatar\\\/993975ae489c70cb0dd9bfa9413a082f0bd276582dac13661af7b33f161e7eea?s=96&d=mm&r=g\",\"contentUrl\":\"https:\\\/\\\/secure.gravatar.com\\\/avatar\\\/993975ae489c70cb0dd9bfa9413a082f0bd276582dac13661af7b33f161e7eea?s=96&d=mm&r=g\",\"caption\":\"Mel Pescuezo\"},\"url\":\"https:\\\/\\\/radiolitoral.com\\\/ca\\\/author\\\/serviciospararadios\\\/\"}]}<\/script>\n<!-- \/ Yoast SEO plugin. -->","yoast_head_json":{"title":"Un operatiu a Calp desmantella una entitat blanquejadora de capitals | R\u00e0dio Litoral","description":"S&#039;hi ha intervingut una gran quantitat de documentaci\u00f3 relacionada amb la xarxa delictiva i un vehicle d&#039;alta gamma S&#039;ha intervingut una gran quantitat de documentaci\u00f3 relacionada amb la xarxa delictiva i un vehicle d&#039;alta gamma","robots":{"index":"index","follow":"follow","max-snippet":"max-snippet:-1","max-image-preview":"max-image-preview:large","max-video-preview":"max-video-preview:-1"},"canonical":"https:\/\/radiolitoral.com\/ca\/2023\/05\/un-operatiu-a-calp-desmantella-una-entitat-blanquejadora-de-capitals\/","og_locale":"ca_ES","og_type":"article","og_title":"Un operativo en Calp desmantela una entidad blanqueadora de capitales | R\u00e0dio Litoral","og_description":"Se ha intervenido una gran cantidad de documentaci\u00f3n relacionada con la red delictiva y un veh\u00edculo de alta gama Se ha intervenido una gran cantidad de documentaci\u00f3n relacionada con la red delictiva y un veh\u00edculo de alta gama","og_url":"https:\/\/radiolitoral.com\/ca\/2023\/05\/un-operatiu-a-calp-desmantella-una-entitat-blanquejadora-de-capitals\/","og_site_name":"R\u00e0dio Litoral","article_publisher":"https:\/\/www.facebook.com\/Laradiolitoral\/","article_published_time":"2023-05-15T13:49:31+00:00","article_modified_time":"2023-05-15T13:51:33+00:00","og_image":[{"width":670,"height":502,"url":"https:\/\/media.radiolitoral.com\/wp-content\/uploads\/2023\/05\/15154921\/3252_foto-comisaria-provincial.jpg","type":"image\/jpeg"}],"author":"Mel Pescuezo","twitter_card":"summary_large_image","twitter_misc":{"Escrit per":"Mel Pescuezo","Temps estimat de lectura":"1 minut"},"schema":{"@context":"https:\/\/schema.org","@graph":[{"@type":"NewsArticle","@id":"https:\/\/radiolitoral.com\/2023\/05\/un-operativo-en-calp-desmantela-una-entidad-blanqueadora-de-capitales\/#article","isPartOf":{"@id":"https:\/\/radiolitoral.com\/2023\/05\/un-operativo-en-calp-desmantela-una-entidad-blanqueadora-de-capitales\/"},"author":{"name":"Mel Pescuezo","@id":"https:\/\/radiolitoral.com\/#\/schema\/person\/aad4f72efa404f85b68e832d24cac059"},"headline":"Un operativo en Calp desmantela una entidad blanqueadora de capitales","datePublished":"2023-05-15T13:49:31+00:00","dateModified":"2023-05-15T13:51:33+00:00","mainEntityOfPage":{"@id":"https:\/\/radiolitoral.com\/2023\/05\/un-operativo-en-calp-desmantela-una-entidad-blanqueadora-de-capitales\/"},"wordCount":188,"commentCount":0,"publisher":{"@id":"https:\/\/radiolitoral.com\/#organization"},"image":{"@id":"https:\/\/radiolitoral.com\/2023\/05\/un-operativo-en-calp-desmantela-una-entidad-blanqueadora-de-capitales\/#primaryimage"},"thumbnailUrl":"https:\/\/media.radiolitoral.com\/wp-content\/uploads\/2023\/05\/15154921\/3252_foto-comisaria-provincial.jpg","keywords":["sucesos Calp"],"articleSection":["Sucesos"],"inLanguage":"ca","potentialAction":[{"@type":"CommentAction","name":"Comment","target":["https:\/\/radiolitoral.com\/2023\/05\/un-operativo-en-calp-desmantela-una-entidad-blanqueadora-de-capitales\/#respond"]}]},{"@type":["WebPage","ItemPage"],"@id":"https:\/\/radiolitoral.com\/2023\/05\/un-operativo-en-calp-desmantela-una-entidad-blanqueadora-de-capitales\/","url":"https:\/\/radiolitoral.com\/2023\/05\/un-operativo-en-calp-desmantela-una-entidad-blanqueadora-de-capitales\/","name":"Un operatiu a Calp desmantella una entitat blanquejadora de capitals | R\u00e0dio Litoral","isPartOf":{"@id":"https:\/\/radiolitoral.com\/#website"},"primaryImageOfPage":{"@id":"https:\/\/radiolitoral.com\/2023\/05\/un-operativo-en-calp-desmantela-una-entidad-blanqueadora-de-capitales\/#primaryimage"},"image":{"@id":"https:\/\/radiolitoral.com\/2023\/05\/un-operativo-en-calp-desmantela-una-entidad-blanqueadora-de-capitales\/#primaryimage"},"thumbnailUrl":"https:\/\/media.radiolitoral.com\/wp-content\/uploads\/2023\/05\/15154921\/3252_foto-comisaria-provincial.jpg","datePublished":"2023-05-15T13:49:31+00:00","dateModified":"2023-05-15T13:51:33+00:00","description":"S&#039;hi ha intervingut una gran quantitat de documentaci\u00f3 relacionada amb la xarxa delictiva i un vehicle d&#039;alta gamma S&#039;ha intervingut una gran quantitat de documentaci\u00f3 relacionada amb la xarxa delictiva i un vehicle d&#039;alta gamma","breadcrumb":{"@id":"https:\/\/radiolitoral.com\/2023\/05\/un-operativo-en-calp-desmantela-una-entidad-blanqueadora-de-capitales\/#breadcrumb"},"inLanguage":"ca","potentialAction":[{"@type":"ReadAction","target":["https:\/\/radiolitoral.com\/2023\/05\/un-operativo-en-calp-desmantela-una-entidad-blanqueadora-de-capitales\/"]}]},{"@type":"ImageObject","inLanguage":"ca","@id":"https:\/\/radiolitoral.com\/2023\/05\/un-operativo-en-calp-desmantela-una-entidad-blanqueadora-de-capitales\/#primaryimage","url":"https:\/\/media.radiolitoral.com\/wp-content\/uploads\/2023\/05\/15154921\/3252_foto-comisaria-provincial.jpg","contentUrl":"https:\/\/media.radiolitoral.com\/wp-content\/uploads\/2023\/05\/15154921\/3252_foto-comisaria-provincial.jpg","width":670,"height":502},{"@type":"BreadcrumbList","@id":"https:\/\/radiolitoral.com\/2023\/05\/un-operativo-en-calp-desmantela-una-entidad-blanqueadora-de-capitales\/#breadcrumb","itemListElement":[{"@type":"ListItem","position":1,"name":"Portada","item":"https:\/\/radiolitoral.com\/"},{"@type":"ListItem","position":2,"name":"Un operativo en Calp desmantela una entidad blanqueadora de capitales"}]},{"@type":"WebSite","@id":"https:\/\/radiolitoral.com\/#website","url":"https:\/\/radiolitoral.com\/","name":"R\u00e0dio Litoral","description":"La r\u00e0dio local de la Marina Alta","publisher":{"@id":"https:\/\/radiolitoral.com\/#organization"},"alternateName":"Litoral FM","potentialAction":[{"@type":"SearchAction","target":{"@type":"EntryPoint","urlTemplate":"https:\/\/radiolitoral.com\/?s={search_term_string}"},"query-input":{"@type":"PropertyValueSpecification","valueRequired":true,"valueName":"search_term_string"}}],"inLanguage":"ca"},{"@type":"Organization","@id":"https:\/\/radiolitoral.com\/#organization","name":"R\u00e0dio Litoral","url":"https:\/\/radiolitoral.com\/","logo":{"@type":"ImageObject","inLanguage":"ca","@id":"https:\/\/radiolitoral.com\/#\/schema\/logo\/image\/","url":"https:\/\/media.radiolitoral.com\/wp-content\/uploads\/2023\/02\/24143238\/CL-V-RadioLitoral696.png","contentUrl":"https:\/\/media.radiolitoral.com\/wp-content\/uploads\/2023\/02\/24143238\/CL-V-RadioLitoral696.png","width":696,"height":696,"caption":"Radio Litoral"},"image":{"@id":"https:\/\/radiolitoral.com\/#\/schema\/logo\/image\/"},"sameAs":["https:\/\/www.facebook.com\/Laradiolitoral\/"]},{"@type":"Person","@id":"https:\/\/radiolitoral.com\/#\/schema\/person\/aad4f72efa404f85b68e832d24cac059","name":"Mel Pescuezo","image":{"@type":"ImageObject","inLanguage":"ca","@id":"https:\/\/secure.gravatar.com\/avatar\/993975ae489c70cb0dd9bfa9413a082f0bd276582dac13661af7b33f161e7eea?s=96&d=mm&r=g","url":"https:\/\/secure.gravatar.com\/avatar\/993975ae489c70cb0dd9bfa9413a082f0bd276582dac13661af7b33f161e7eea?s=96&d=mm&r=g","contentUrl":"https:\/\/secure.gravatar.com\/avatar\/993975ae489c70cb0dd9bfa9413a082f0bd276582dac13661af7b33f161e7eea?s=96&d=mm&r=g","caption":"Mel Pescuezo"},"url":"https:\/\/radiolitoral.com\/ca\/author\/serviciospararadios\/"}]}},"_links":{"self":[{"href":"https:\/\/radiolitoral.com\/ca\/wp-json\/wp\/v2\/posts\/3081","targetHints":{"allow":["GET"]}}],"collection":[{"href":"https:\/\/radiolitoral.com\/ca\/wp-json\/wp\/v2\/posts"}],"about":[{"href":"https:\/\/radiolitoral.com\/ca\/wp-json\/wp\/v2\/types\/post"}],"author":[{"embeddable":true,"href":"https:\/\/radiolitoral.com\/ca\/wp-json\/wp\/v2\/users\/21"}],"replies":[{"embeddable":true,"href":"https:\/\/radiolitoral.com\/ca\/wp-json\/wp\/v2\/comments?post=3081"}],"version-history":[{"count":1,"href":"https:\/\/radiolitoral.com\/ca\/wp-json\/wp\/v2\/posts\/3081\/revisions"}],"predecessor-version":[{"id":3084,"href":"https:\/\/radiolitoral.com\/ca\/wp-json\/wp\/v2\/posts\/3081\/revisions\/3084"}],"wp:featuredmedia":[{"embeddable":true,"href":"https:\/\/radiolitoral.com\/ca\/wp-json\/wp\/v2\/media\/3083"}],"wp:attachment":[{"href":"https:\/\/radiolitoral.com\/ca\/wp-json\/wp\/v2\/media?parent=3081"}],"wp:term":[{"taxonomy":"category","embeddable":true,"href":"https:\/\/radiolitoral.com\/ca\/wp-json\/wp\/v2\/categories?post=3081"},{"taxonomy":"post_tag","embeddable":true,"href":"https:\/\/radiolitoral.com\/ca\/wp-json\/wp\/v2\/tags?post=3081"}],"curies":[{"name":"wp","href":"https:\/\/api.w.org\/{rel}","templated":true}]}}