{"id":3015,"date":"2023-05-11T22:44:43","date_gmt":"2023-05-11T20:44:43","guid":{"rendered":"https:\/\/radiolitoral.com\/?p=3015"},"modified":"2023-05-11T22:47:20","modified_gmt":"2023-05-11T20:47:20","slug":"ja-esta-obert-el-termini-de-sol%c2%b7licitud-dajudes-per-a-la-replantacio-en-terrenys-agricoles","status":"publish","type":"post","link":"https:\/\/radiolitoral.com\/ca\/2023\/05\/ya-esta-abierto-el-plazo-de-solicitud-de-ayudas-para-la-replantacion-en-terrenos-agricolas\/","title":{"rendered":"Ja est\u00e0 obert el termini de sol\u00b7licitud d&#039;ajuts per a la replantaci\u00f3 a terrenys agr\u00edcoles"},"content":{"rendered":"<p>L&#039;ajuntament de Teulada, ha anunciat que ja hi \u00e9s <strong>obert el termini de sol\u00b7licitud dajuts per a la replantaci\u00f3 en terrenys agr\u00edcoles<\/strong> del municipi. El termini de presentaci\u00f3 de sol\u00b7licituds es prolongar\u00e0 <strong>fins al 29 de maig<\/strong> de 2023, i les persones interessades poden executar les actuacions subvencionables dins de l&#039;any natural, \u00e9s a dir, fins al 31 de desembre de 2023.<\/p>\n<p>Aquesta convocat\u00f2ria t\u00e9 per objecte proporcionar <strong>suport econ\u00f2mic a les actuacions de replantaci\u00f3 de terrenys agr\u00edcoles per disminuir els costos dexplotaci\u00f3<\/strong> derivats de la posada en cultiu i manteniment, a fi de promoure&#039;n la continu\u00eftat.<\/p>\n<p>Entre les actuacions subvencionables es troben els treballs de preparaci\u00f3 del terreny per a la seva posada en cultiu (esbrossada i eliminaci\u00f3 de males herbes, arada, incorporaci\u00f3 d&#039;esmenes i\/o adobs no qu\u00edmics al s\u00f2l); i l&#039;adquisici\u00f3 i plantaci\u00f3 de plan\u00e7ons de les seg\u00fcents esp\u00e8cies vegetals: garrofer, olivera i\/o vinya.<\/p>\n<p>Fonts municipals informen que inicialment s&#039;han destinat 10.000\u20ac per a la concessi\u00f3 de la subvenci\u00f3 esmentada. Aix\u00f2 no obstant, si el nombre de sol\u00b7licituds presentades dins del termini fixat excedeix el l\u00edmit global, es podr\u00e0 incrementar.<\/p>\n<p>Es podr\u00e0 atorgar un ajut m\u00e0xim de 1.600\u20ac per la plantaci\u00f3 de garrofers; 2.400 \u20ac per la plantaci\u00f3 d&#039;oliveres; i 7.155 \u20ac per la plantaci\u00f3 de vinyes.<\/p>\n<p>A m\u00e9s, cal assenyalar que es realitzar\u00e0 el pagament anticipat del 70% de l&#039;import concedit de la subvenci\u00f3, amb car\u00e0cter previ a la seva justificaci\u00f3, d&#039;acord amb all\u00f2 establert a l&#039;Ordenan\u00e7a municipal reguladora de subvencions i premis.<\/p>\n<p>Els interessats podran consultar les bases de la dita subvenci\u00f3 i podran realitzar les sol\u00b7licituds a trav\u00e9s de la seu electr\u00f2nica de l&#039;Ajuntament de Teulada: <a href=\"https:\/\/teuladamoraira.sedelectronica.es\/info.0\">https:\/\/teuladamoraira.sedelectronica.es\/info.0<\/a><\/p>\n<p>&nbsp;<\/p>","protected":false},"excerpt":{"rendered":"<p>El ayuntamiento de Teulada, ha anunciado que ya est\u00e1 abierto el plazo de solicitud de ayudas para la replantaci\u00f3n en terrenos agr\u00edcolas del municipio. El plazo de presentaci\u00f3n de solicitudes se prolongar\u00e1 hasta el 29 de mayo de 2023, y las personas interesadas podr\u00e1n ejecutar las actuaciones subvencionables dentro del a\u00f1o natural, es decir, hasta [&#8230;]<\/p>\n<p><a class=\"btn btn-secondary understrap-read-more-link\" href=\"https:\/\/radiolitoral.com\/ca\/2023\/05\/ya-esta-abierto-el-plazo-de-solicitud-de-ayudas-para-la-replantacion-en-terrenos-agricolas\/\">Continua llegint&#8230;<span class=\"screen-reader-text\"> from Ya est\u00e1 abierto el plazo de solicitud de ayudas para la replantaci\u00f3n en terrenos agr\u00edcolas<\/span><\/a><\/p>\n","protected":false},"author":21,"featured_media":3016,"comment_status":"open","ping_status":"closed","sticky":false,"template":"","format":"standard","meta":{"_acf_changed":false,"inline_featured_image":false,"footnotes":""},"categories":[85],"tags":[673,146],"class_list":["post-3015","post","type-post","status-publish","format-standard","has-post-thumbnail","hentry","category-servicios-publicos","tag-ayudas-al-campo","tag-teulada","cobertura-teulada-moraira"],"acf":[],"yoast_head":"<!-- This site is optimized with the Yoast SEO plugin v27.5 - https:\/\/yoast.com\/product\/yoast-seo-wordpress\/ -->\n<title>Ya est\u00e1 abierto el plazo de solicitud de ayudas para la replantaci\u00f3n en terrenos agr\u00edcolas | R\u00e0dio Litoral<\/title>\n<meta name=\"description\" content=\"El plazo de presentaci\u00f3n de solicitudes se prolongar\u00e1 hasta el 29 de mayo El plazo de presentaci\u00f3n de solicitudes se prolongar\u00e1 hasta el 29 de mayo\" \/>\n<meta name=\"robots\" content=\"index, follow, max-snippet:-1, max-image-preview:large, max-video-preview:-1\" \/>\n<link rel=\"canonical\" href=\"https:\/\/radiolitoral.com\/ca\/2023\/05\/ja-esta-obert-el-termini-de-sol\u00b7licitud-dajudes-per-a-la-replantacio-en-terrenys-agricoles\/\" \/>\n<meta property=\"og:locale\" content=\"ca_ES\" \/>\n<meta property=\"og:type\" content=\"article\" \/>\n<meta property=\"og:title\" content=\"Ya est\u00e1 abierto el plazo de solicitud de ayudas para la replantaci\u00f3n en terrenos agr\u00edcolas | R\u00e0dio Litoral\" \/>\n<meta property=\"og:description\" content=\"El plazo de presentaci\u00f3n de solicitudes se prolongar\u00e1 hasta el 29 de mayo El plazo de presentaci\u00f3n de solicitudes se prolongar\u00e1 hasta el 29 de mayo\" \/>\n<meta property=\"og:url\" content=\"https:\/\/radiolitoral.com\/ca\/2023\/05\/ja-esta-obert-el-termini-de-sol\u00b7licitud-dajudes-per-a-la-replantacio-en-terrenys-agricoles\/\" \/>\n<meta property=\"og:site_name\" content=\"R\u00e0dio Litoral\" \/>\n<meta property=\"article:publisher\" content=\"https:\/\/www.facebook.com\/Laradiolitoral\/\" \/>\n<meta property=\"article:published_time\" content=\"2023-05-11T20:44:43+00:00\" \/>\n<meta property=\"article:modified_time\" content=\"2023-05-11T20:47:20+00:00\" \/>\n<meta property=\"og:image\" content=\"https:\/\/media.radiolitoral.com\/wp-content\/uploads\/2023\/05\/11224250\/teulada.jpg\" \/>\n\t<meta property=\"og:image:width\" content=\"1214\" \/>\n\t<meta property=\"og:image:height\" content=\"809\" \/>\n\t<meta property=\"og:image:type\" content=\"image\/jpeg\" \/>\n<meta name=\"author\" content=\"Mel Pescuezo\" \/>\n<meta name=\"twitter:card\" content=\"summary_large_image\" \/>\n<meta name=\"twitter:label1\" content=\"Escrit per\" \/>\n\t<meta name=\"twitter:data1\" content=\"Mel Pescuezo\" \/>\n\t<meta name=\"twitter:label2\" content=\"Temps estimat de lectura\" \/>\n\t<meta name=\"twitter:data2\" content=\"2 minuts\" \/>\n<script type=\"application\/ld+json\" class=\"yoast-schema-graph\">{\"@context\":\"https:\\\/\\\/schema.org\",\"@graph\":[{\"@type\":\"NewsArticle\",\"@id\":\"https:\\\/\\\/radiolitoral.com\\\/2023\\\/05\\\/ya-esta-abierto-el-plazo-de-solicitud-de-ayudas-para-la-replantacion-en-terrenos-agricolas\\\/#article\",\"isPartOf\":{\"@id\":\"https:\\\/\\\/radiolitoral.com\\\/2023\\\/05\\\/ya-esta-abierto-el-plazo-de-solicitud-de-ayudas-para-la-replantacion-en-terrenos-agricolas\\\/\"},\"author\":{\"name\":\"Mel Pescuezo\",\"@id\":\"https:\\\/\\\/radiolitoral.com\\\/#\\\/schema\\\/person\\\/aad4f72efa404f85b68e832d24cac059\"},\"headline\":\"Ya est\u00e1 abierto el plazo de solicitud de ayudas para la replantaci\u00f3n en terrenos agr\u00edcolas\",\"datePublished\":\"2023-05-11T20:44:43+00:00\",\"dateModified\":\"2023-05-11T20:47:20+00:00\",\"mainEntityOfPage\":{\"@id\":\"https:\\\/\\\/radiolitoral.com\\\/2023\\\/05\\\/ya-esta-abierto-el-plazo-de-solicitud-de-ayudas-para-la-replantacion-en-terrenos-agricolas\\\/\"},\"wordCount\":319,\"commentCount\":0,\"publisher\":{\"@id\":\"https:\\\/\\\/radiolitoral.com\\\/#organization\"},\"image\":{\"@id\":\"https:\\\/\\\/radiolitoral.com\\\/2023\\\/05\\\/ya-esta-abierto-el-plazo-de-solicitud-de-ayudas-para-la-replantacion-en-terrenos-agricolas\\\/#primaryimage\"},\"thumbnailUrl\":\"https:\\\/\\\/media.radiolitoral.com\\\/wp-content\\\/uploads\\\/2023\\\/05\\\/11224250\\\/teulada.jpg\",\"keywords\":[\"ayudas al campo\",\"Teulada\"],\"articleSection\":[\"Servicios P\u00fablicos\"],\"inLanguage\":\"ca\",\"potentialAction\":[{\"@type\":\"CommentAction\",\"name\":\"Comment\",\"target\":[\"https:\\\/\\\/radiolitoral.com\\\/2023\\\/05\\\/ya-esta-abierto-el-plazo-de-solicitud-de-ayudas-para-la-replantacion-en-terrenos-agricolas\\\/#respond\"]}]},{\"@type\":[\"WebPage\",\"ItemPage\"],\"@id\":\"https:\\\/\\\/radiolitoral.com\\\/2023\\\/05\\\/ya-esta-abierto-el-plazo-de-solicitud-de-ayudas-para-la-replantacion-en-terrenos-agricolas\\\/\",\"url\":\"https:\\\/\\\/radiolitoral.com\\\/2023\\\/05\\\/ya-esta-abierto-el-plazo-de-solicitud-de-ayudas-para-la-replantacion-en-terrenos-agricolas\\\/\",\"name\":\"Ya est\u00e1 abierto el plazo de solicitud de ayudas para la replantaci\u00f3n en terrenos agr\u00edcolas | R\u00e0dio Litoral\",\"isPartOf\":{\"@id\":\"https:\\\/\\\/radiolitoral.com\\\/#website\"},\"primaryImageOfPage\":{\"@id\":\"https:\\\/\\\/radiolitoral.com\\\/2023\\\/05\\\/ya-esta-abierto-el-plazo-de-solicitud-de-ayudas-para-la-replantacion-en-terrenos-agricolas\\\/#primaryimage\"},\"image\":{\"@id\":\"https:\\\/\\\/radiolitoral.com\\\/2023\\\/05\\\/ya-esta-abierto-el-plazo-de-solicitud-de-ayudas-para-la-replantacion-en-terrenos-agricolas\\\/#primaryimage\"},\"thumbnailUrl\":\"https:\\\/\\\/media.radiolitoral.com\\\/wp-content\\\/uploads\\\/2023\\\/05\\\/11224250\\\/teulada.jpg\",\"datePublished\":\"2023-05-11T20:44:43+00:00\",\"dateModified\":\"2023-05-11T20:47:20+00:00\",\"description\":\"El plazo de presentaci\u00f3n de solicitudes se prolongar\u00e1 hasta el 29 de mayo El plazo de presentaci\u00f3n de solicitudes se prolongar\u00e1 hasta el 29 de mayo\",\"breadcrumb\":{\"@id\":\"https:\\\/\\\/radiolitoral.com\\\/2023\\\/05\\\/ya-esta-abierto-el-plazo-de-solicitud-de-ayudas-para-la-replantacion-en-terrenos-agricolas\\\/#breadcrumb\"},\"inLanguage\":\"ca\",\"potentialAction\":[{\"@type\":\"ReadAction\",\"target\":[\"https:\\\/\\\/radiolitoral.com\\\/2023\\\/05\\\/ya-esta-abierto-el-plazo-de-solicitud-de-ayudas-para-la-replantacion-en-terrenos-agricolas\\\/\"]}]},{\"@type\":\"ImageObject\",\"inLanguage\":\"ca\",\"@id\":\"https:\\\/\\\/radiolitoral.com\\\/2023\\\/05\\\/ya-esta-abierto-el-plazo-de-solicitud-de-ayudas-para-la-replantacion-en-terrenos-agricolas\\\/#primaryimage\",\"url\":\"https:\\\/\\\/media.radiolitoral.com\\\/wp-content\\\/uploads\\\/2023\\\/05\\\/11224250\\\/teulada.jpg\",\"contentUrl\":\"https:\\\/\\\/media.radiolitoral.com\\\/wp-content\\\/uploads\\\/2023\\\/05\\\/11224250\\\/teulada.jpg\",\"width\":1214,\"height\":809},{\"@type\":\"BreadcrumbList\",\"@id\":\"https:\\\/\\\/radiolitoral.com\\\/2023\\\/05\\\/ya-esta-abierto-el-plazo-de-solicitud-de-ayudas-para-la-replantacion-en-terrenos-agricolas\\\/#breadcrumb\",\"itemListElement\":[{\"@type\":\"ListItem\",\"position\":1,\"name\":\"Portada\",\"item\":\"https:\\\/\\\/radiolitoral.com\\\/\"},{\"@type\":\"ListItem\",\"position\":2,\"name\":\"Ya est\u00e1 abierto el plazo de solicitud de ayudas para la replantaci\u00f3n en terrenos agr\u00edcolas\"}]},{\"@type\":\"WebSite\",\"@id\":\"https:\\\/\\\/radiolitoral.com\\\/#website\",\"url\":\"https:\\\/\\\/radiolitoral.com\\\/\",\"name\":\"Radio Litoral\",\"description\":\"La radio local de la Marina Alta\",\"publisher\":{\"@id\":\"https:\\\/\\\/radiolitoral.com\\\/#organization\"},\"alternateName\":\"Litoral FM\",\"potentialAction\":[{\"@type\":\"SearchAction\",\"target\":{\"@type\":\"EntryPoint\",\"urlTemplate\":\"https:\\\/\\\/radiolitoral.com\\\/?s={search_term_string}\"},\"query-input\":{\"@type\":\"PropertyValueSpecification\",\"valueRequired\":true,\"valueName\":\"search_term_string\"}}],\"inLanguage\":\"ca\"},{\"@type\":\"Organization\",\"@id\":\"https:\\\/\\\/radiolitoral.com\\\/#organization\",\"name\":\"Radio Litoral\",\"url\":\"https:\\\/\\\/radiolitoral.com\\\/\",\"logo\":{\"@type\":\"ImageObject\",\"inLanguage\":\"ca\",\"@id\":\"https:\\\/\\\/radiolitoral.com\\\/#\\\/schema\\\/logo\\\/image\\\/\",\"url\":\"https:\\\/\\\/media.radiolitoral.com\\\/wp-content\\\/uploads\\\/2023\\\/02\\\/24143238\\\/CL-V-RadioLitoral696.png\",\"contentUrl\":\"https:\\\/\\\/media.radiolitoral.com\\\/wp-content\\\/uploads\\\/2023\\\/02\\\/24143238\\\/CL-V-RadioLitoral696.png\",\"width\":696,\"height\":696,\"caption\":\"Radio Litoral\"},\"image\":{\"@id\":\"https:\\\/\\\/radiolitoral.com\\\/#\\\/schema\\\/logo\\\/image\\\/\"},\"sameAs\":[\"https:\\\/\\\/www.facebook.com\\\/Laradiolitoral\\\/\"]},{\"@type\":\"Person\",\"@id\":\"https:\\\/\\\/radiolitoral.com\\\/#\\\/schema\\\/person\\\/aad4f72efa404f85b68e832d24cac059\",\"name\":\"Mel Pescuezo\",\"image\":{\"@type\":\"ImageObject\",\"inLanguage\":\"ca\",\"@id\":\"https:\\\/\\\/secure.gravatar.com\\\/avatar\\\/993975ae489c70cb0dd9bfa9413a082f0bd276582dac13661af7b33f161e7eea?s=96&d=mm&r=g\",\"url\":\"https:\\\/\\\/secure.gravatar.com\\\/avatar\\\/993975ae489c70cb0dd9bfa9413a082f0bd276582dac13661af7b33f161e7eea?s=96&d=mm&r=g\",\"contentUrl\":\"https:\\\/\\\/secure.gravatar.com\\\/avatar\\\/993975ae489c70cb0dd9bfa9413a082f0bd276582dac13661af7b33f161e7eea?s=96&d=mm&r=g\",\"caption\":\"Mel Pescuezo\"},\"url\":\"https:\\\/\\\/radiolitoral.com\\\/ca\\\/author\\\/serviciospararadios\\\/\"}]}<\/script>\n<!-- \/ Yoast SEO plugin. -->","yoast_head_json":{"title":"Ja est\u00e0 obert el termini de sol\u00b7licitud d&#039;ajuts per a la replantaci\u00f3 a terrenys agr\u00edcoles | R\u00e0dio Litoral","description":"El termini de presentaci\u00f3 de sol\u00b7licituds es perllongar\u00e0 fins al 29 de maig El termini de presentaci\u00f3 de sol\u00b7licituds es perllongar\u00e0 fins al 29 de maig","robots":{"index":"index","follow":"follow","max-snippet":"max-snippet:-1","max-image-preview":"max-image-preview:large","max-video-preview":"max-video-preview:-1"},"canonical":"https:\/\/radiolitoral.com\/ca\/2023\/05\/ja-esta-obert-el-termini-de-sol\u00b7licitud-dajudes-per-a-la-replantacio-en-terrenys-agricoles\/","og_locale":"ca_ES","og_type":"article","og_title":"Ya est\u00e1 abierto el plazo de solicitud de ayudas para la replantaci\u00f3n en terrenos agr\u00edcolas | R\u00e0dio Litoral","og_description":"El plazo de presentaci\u00f3n de solicitudes se prolongar\u00e1 hasta el 29 de mayo El plazo de presentaci\u00f3n de solicitudes se prolongar\u00e1 hasta el 29 de mayo","og_url":"https:\/\/radiolitoral.com\/ca\/2023\/05\/ja-esta-obert-el-termini-de-sol\u00b7licitud-dajudes-per-a-la-replantacio-en-terrenys-agricoles\/","og_site_name":"R\u00e0dio Litoral","article_publisher":"https:\/\/www.facebook.com\/Laradiolitoral\/","article_published_time":"2023-05-11T20:44:43+00:00","article_modified_time":"2023-05-11T20:47:20+00:00","og_image":[{"width":1214,"height":809,"url":"https:\/\/media.radiolitoral.com\/wp-content\/uploads\/2023\/05\/11224250\/teulada.jpg","type":"image\/jpeg"}],"author":"Mel Pescuezo","twitter_card":"summary_large_image","twitter_misc":{"Escrit per":"Mel Pescuezo","Temps estimat de lectura":"2 minuts"},"schema":{"@context":"https:\/\/schema.org","@graph":[{"@type":"NewsArticle","@id":"https:\/\/radiolitoral.com\/2023\/05\/ya-esta-abierto-el-plazo-de-solicitud-de-ayudas-para-la-replantacion-en-terrenos-agricolas\/#article","isPartOf":{"@id":"https:\/\/radiolitoral.com\/2023\/05\/ya-esta-abierto-el-plazo-de-solicitud-de-ayudas-para-la-replantacion-en-terrenos-agricolas\/"},"author":{"name":"Mel Pescuezo","@id":"https:\/\/radiolitoral.com\/#\/schema\/person\/aad4f72efa404f85b68e832d24cac059"},"headline":"Ya est\u00e1 abierto el plazo de solicitud de ayudas para la replantaci\u00f3n en terrenos agr\u00edcolas","datePublished":"2023-05-11T20:44:43+00:00","dateModified":"2023-05-11T20:47:20+00:00","mainEntityOfPage":{"@id":"https:\/\/radiolitoral.com\/2023\/05\/ya-esta-abierto-el-plazo-de-solicitud-de-ayudas-para-la-replantacion-en-terrenos-agricolas\/"},"wordCount":319,"commentCount":0,"publisher":{"@id":"https:\/\/radiolitoral.com\/#organization"},"image":{"@id":"https:\/\/radiolitoral.com\/2023\/05\/ya-esta-abierto-el-plazo-de-solicitud-de-ayudas-para-la-replantacion-en-terrenos-agricolas\/#primaryimage"},"thumbnailUrl":"https:\/\/media.radiolitoral.com\/wp-content\/uploads\/2023\/05\/11224250\/teulada.jpg","keywords":["ayudas al campo","Teulada"],"articleSection":["Servicios P\u00fablicos"],"inLanguage":"ca","potentialAction":[{"@type":"CommentAction","name":"Comment","target":["https:\/\/radiolitoral.com\/2023\/05\/ya-esta-abierto-el-plazo-de-solicitud-de-ayudas-para-la-replantacion-en-terrenos-agricolas\/#respond"]}]},{"@type":["WebPage","ItemPage"],"@id":"https:\/\/radiolitoral.com\/2023\/05\/ya-esta-abierto-el-plazo-de-solicitud-de-ayudas-para-la-replantacion-en-terrenos-agricolas\/","url":"https:\/\/radiolitoral.com\/2023\/05\/ya-esta-abierto-el-plazo-de-solicitud-de-ayudas-para-la-replantacion-en-terrenos-agricolas\/","name":"Ja est\u00e0 obert el termini de sol\u00b7licitud d&#039;ajuts per a la replantaci\u00f3 a terrenys agr\u00edcoles | R\u00e0dio Litoral","isPartOf":{"@id":"https:\/\/radiolitoral.com\/#website"},"primaryImageOfPage":{"@id":"https:\/\/radiolitoral.com\/2023\/05\/ya-esta-abierto-el-plazo-de-solicitud-de-ayudas-para-la-replantacion-en-terrenos-agricolas\/#primaryimage"},"image":{"@id":"https:\/\/radiolitoral.com\/2023\/05\/ya-esta-abierto-el-plazo-de-solicitud-de-ayudas-para-la-replantacion-en-terrenos-agricolas\/#primaryimage"},"thumbnailUrl":"https:\/\/media.radiolitoral.com\/wp-content\/uploads\/2023\/05\/11224250\/teulada.jpg","datePublished":"2023-05-11T20:44:43+00:00","dateModified":"2023-05-11T20:47:20+00:00","description":"El termini de presentaci\u00f3 de sol\u00b7licituds es perllongar\u00e0 fins al 29 de maig El termini de presentaci\u00f3 de sol\u00b7licituds es perllongar\u00e0 fins al 29 de maig","breadcrumb":{"@id":"https:\/\/radiolitoral.com\/2023\/05\/ya-esta-abierto-el-plazo-de-solicitud-de-ayudas-para-la-replantacion-en-terrenos-agricolas\/#breadcrumb"},"inLanguage":"ca","potentialAction":[{"@type":"ReadAction","target":["https:\/\/radiolitoral.com\/2023\/05\/ya-esta-abierto-el-plazo-de-solicitud-de-ayudas-para-la-replantacion-en-terrenos-agricolas\/"]}]},{"@type":"ImageObject","inLanguage":"ca","@id":"https:\/\/radiolitoral.com\/2023\/05\/ya-esta-abierto-el-plazo-de-solicitud-de-ayudas-para-la-replantacion-en-terrenos-agricolas\/#primaryimage","url":"https:\/\/media.radiolitoral.com\/wp-content\/uploads\/2023\/05\/11224250\/teulada.jpg","contentUrl":"https:\/\/media.radiolitoral.com\/wp-content\/uploads\/2023\/05\/11224250\/teulada.jpg","width":1214,"height":809},{"@type":"BreadcrumbList","@id":"https:\/\/radiolitoral.com\/2023\/05\/ya-esta-abierto-el-plazo-de-solicitud-de-ayudas-para-la-replantacion-en-terrenos-agricolas\/#breadcrumb","itemListElement":[{"@type":"ListItem","position":1,"name":"Portada","item":"https:\/\/radiolitoral.com\/"},{"@type":"ListItem","position":2,"name":"Ya est\u00e1 abierto el plazo de solicitud de ayudas para la replantaci\u00f3n en terrenos agr\u00edcolas"}]},{"@type":"WebSite","@id":"https:\/\/radiolitoral.com\/#website","url":"https:\/\/radiolitoral.com\/","name":"R\u00e0dio Litoral","description":"La r\u00e0dio local de la Marina Alta","publisher":{"@id":"https:\/\/radiolitoral.com\/#organization"},"alternateName":"Litoral FM","potentialAction":[{"@type":"SearchAction","target":{"@type":"EntryPoint","urlTemplate":"https:\/\/radiolitoral.com\/?s={search_term_string}"},"query-input":{"@type":"PropertyValueSpecification","valueRequired":true,"valueName":"search_term_string"}}],"inLanguage":"ca"},{"@type":"Organization","@id":"https:\/\/radiolitoral.com\/#organization","name":"R\u00e0dio Litoral","url":"https:\/\/radiolitoral.com\/","logo":{"@type":"ImageObject","inLanguage":"ca","@id":"https:\/\/radiolitoral.com\/#\/schema\/logo\/image\/","url":"https:\/\/media.radiolitoral.com\/wp-content\/uploads\/2023\/02\/24143238\/CL-V-RadioLitoral696.png","contentUrl":"https:\/\/media.radiolitoral.com\/wp-content\/uploads\/2023\/02\/24143238\/CL-V-RadioLitoral696.png","width":696,"height":696,"caption":"Radio Litoral"},"image":{"@id":"https:\/\/radiolitoral.com\/#\/schema\/logo\/image\/"},"sameAs":["https:\/\/www.facebook.com\/Laradiolitoral\/"]},{"@type":"Person","@id":"https:\/\/radiolitoral.com\/#\/schema\/person\/aad4f72efa404f85b68e832d24cac059","name":"Mel Pescuezo","image":{"@type":"ImageObject","inLanguage":"ca","@id":"https:\/\/secure.gravatar.com\/avatar\/993975ae489c70cb0dd9bfa9413a082f0bd276582dac13661af7b33f161e7eea?s=96&d=mm&r=g","url":"https:\/\/secure.gravatar.com\/avatar\/993975ae489c70cb0dd9bfa9413a082f0bd276582dac13661af7b33f161e7eea?s=96&d=mm&r=g","contentUrl":"https:\/\/secure.gravatar.com\/avatar\/993975ae489c70cb0dd9bfa9413a082f0bd276582dac13661af7b33f161e7eea?s=96&d=mm&r=g","caption":"Mel Pescuezo"},"url":"https:\/\/radiolitoral.com\/ca\/author\/serviciospararadios\/"}]}},"_links":{"self":[{"href":"https:\/\/radiolitoral.com\/ca\/wp-json\/wp\/v2\/posts\/3015","targetHints":{"allow":["GET"]}}],"collection":[{"href":"https:\/\/radiolitoral.com\/ca\/wp-json\/wp\/v2\/posts"}],"about":[{"href":"https:\/\/radiolitoral.com\/ca\/wp-json\/wp\/v2\/types\/post"}],"author":[{"embeddable":true,"href":"https:\/\/radiolitoral.com\/ca\/wp-json\/wp\/v2\/users\/21"}],"replies":[{"embeddable":true,"href":"https:\/\/radiolitoral.com\/ca\/wp-json\/wp\/v2\/comments?post=3015"}],"version-history":[{"count":1,"href":"https:\/\/radiolitoral.com\/ca\/wp-json\/wp\/v2\/posts\/3015\/revisions"}],"predecessor-version":[{"id":3017,"href":"https:\/\/radiolitoral.com\/ca\/wp-json\/wp\/v2\/posts\/3015\/revisions\/3017"}],"wp:featuredmedia":[{"embeddable":true,"href":"https:\/\/radiolitoral.com\/ca\/wp-json\/wp\/v2\/media\/3016"}],"wp:attachment":[{"href":"https:\/\/radiolitoral.com\/ca\/wp-json\/wp\/v2\/media?parent=3015"}],"wp:term":[{"taxonomy":"category","embeddable":true,"href":"https:\/\/radiolitoral.com\/ca\/wp-json\/wp\/v2\/categories?post=3015"},{"taxonomy":"post_tag","embeddable":true,"href":"https:\/\/radiolitoral.com\/ca\/wp-json\/wp\/v2\/tags?post=3015"}],"curies":[{"name":"wp","href":"https:\/\/api.w.org\/{rel}","templated":true}]}}