{"id":2946,"date":"2023-05-09T20:37:27","date_gmt":"2023-05-09T18:37:27","guid":{"rendered":"https:\/\/radiolitoral.com\/?p=2946"},"modified":"2023-05-09T20:42:55","modified_gmt":"2023-05-09T18:42:55","slug":"laprovacio-de-contracte-descombraries-a-calp-ha-tingut-els-seus-mes-i-els-seus-menys-en-la-seva-aprovacio-plenaria","status":"publish","type":"post","link":"https:\/\/radiolitoral.com\/ca\/2023\/05\/la-aprobacion-de-contrato-de-basura-en-calp-ha-tenido-sus-mas-y-sus-menos-en-su-aprobacion-plenaria\/","title":{"rendered":"L&#039;aprovaci\u00f3 de contracte d&#039;escombraries a Calp ha tingut els seus m\u00e9s i menys en la seva aprovaci\u00f3 plen\u00e0ria"},"content":{"rendered":"<p>Al ple celebrat ahir a l&#039;Ajuntament de Calp<span style=\"color: var(--bs-body-color); font-family: var(--bs-body-font-family); font-size: var(--bs-body-font-size); font-weight: var(--bs-body-font-weight); text-align: var(--bs-body-text-align); background-color: var(--bs-body-bg);\">\u00a0es va aprovar adjudicar el <strong>contracte del servei de recollida i transport de residus urbans i neteja vi\u00e0ria<\/strong><\/span> <span style=\"color: var(--bs-body-color); font-family: var(--bs-body-font-family); font-size: var(--bs-body-font-size); font-weight: var(--bs-body-font-weight); text-align: var(--bs-body-text-align); background-color: var(--bs-body-bg);\">a la licitadora Acciona per un preu d&#039;adjudicaci\u00f3 de<\/span> <span style=\"color: var(--bs-body-color); font-family: var(--bs-body-font-family); font-size: var(--bs-body-font-size); font-weight: var(--bs-body-font-weight); text-align: var(--bs-body-text-align); background-color: var(--bs-body-bg);\">gaireb\u00e9 39 milions d&#039;euros<\/span><span style=\"color: var(--bs-body-color); font-family: var(--bs-body-font-family); font-size: var(--bs-body-font-size); font-weight: var(--bs-body-font-weight); text-align: var(--bs-body-text-align); background-color: var(--bs-body-bg);\"> (<\/span><a style=\"font-family: var(--bs-body-font-family); font-size: var(--bs-body-font-size); font-weight: var(--bs-body-font-weight); text-align: var(--bs-body-text-align); background-color: var(--bs-body-bg);\" href=\"callto:38.738.553,59\">38.738.553,59<\/a><span style=\"color: var(--bs-body-color); font-family: var(--bs-body-font-family); font-size: var(--bs-body-font-size); font-weight: var(--bs-body-font-weight); text-align: var(--bs-body-text-align); background-color: var(--bs-body-bg);\"> \u20ac) \u00a0<\/span><span style=\"color: var(--bs-body-color); font-family: var(--bs-body-font-family); font-size: var(--bs-body-font-size); font-weight: var(--bs-body-font-weight); text-align: var(--bs-body-text-align); background-color: var(--bs-body-bg);\">i un termini dexecuci\u00f3 de nou anys. Un dels contractes m\u00e9s importants del municipi.<\/span><\/p>\n<p>En aquest procediment hi ha participat el Comit\u00e8 d&#039;Experts en la mat\u00e8ria, constitu\u00eft per personal ali\u00e8 a l&#039;Ajuntament a excepci\u00f3 d&#039;un dels membres, que va ser nomenat pel ple municipal. Aquest Comit\u00e8 \u00e9s el que ha analitzat els criteris basats en judicis de valor. Despr\u00e9s de l&#039;informe d&#039;aquest Comit\u00e8, la mesa de contractaci\u00f3 va avaluar els criteris objectius mitjan\u00e7ant l&#039;aplicaci\u00f3 de les f\u00f3rmules previstes a la Llei de Contractes al Sector P\u00fablic.<\/p>\n<p>Al torn d&#039;intervencions el <strong>portaveu de Defendamos Calpe, Paco Quiles, va assenyalar que \u201cl&#039;important no \u00e9s treure el contracte sin\u00f3 que funcioni i funcioni de millor manera que en els darrers 20 anys<\/strong>. Ara lliguen les properes dues corporacions a aquest contracte, no hi ha hagut consens en aquest procediment i aix\u00f2 portar\u00e0 conseq\u00fc\u00e8ncies. A m\u00e9s, no hi ha un estudi per reduir residus, no es revisa la taxa de recollida, el contracte \u00e9s millorable.\u201d<\/p>\n<p><strong>El portaveu de Comprom\u00eds, Ximo Perles, va justificar la seva abstenci\u00f3 reiterant que el grup est\u00e0 en contra del plec<\/strong>, i advertint que estaran pendents de fiscalitzar la seva execuci\u00f3.<\/p>\n<p><strong>Santos Pastor, portaveu del PSPV-PSOE va lamentar que el nou plec no millora ni modernitza la prestaci\u00f3 del servei<\/strong>, i en va calcular el cost en 4&#039;4 milions d&#039;euros a l&#039;any.<\/p>\n<p><strong>Escoltem Ximo Perles i Santos Pastor:<\/strong><\/p>\n<p>&nbsp;<\/p>\n<audio class=\"wp-audio-shortcode\" id=\"audio-2946-1\" preload=\"none\" style=\"width: 100%;\" controls=\"controls\"><source type=\"audio\/mpeg\" src=\"https:\/\/media.radiolitoral.com\/wp-content\/uploads\/2023\/05\/09203214\/Perles-Pastor.mp3?_=1\" \/><a href=\"https:\/\/media.radiolitoral.com\/wp-content\/uploads\/2023\/05\/09203214\/Perles-Pastor.mp3\">https:\/\/media.radiolitoral.com\/wp-content\/uploads\/2023\/05\/09203214\/Perles-Pastor.mp3<\/a><\/audio>\n<p>&nbsp;<\/p>\n<p>No hi ha sensoritzaci\u00f3 del soroll dels vehicles, ni de les rutes, ni de l&#039;estat dels contenidors, manca d&#039;exig\u00e8ncia per part del govern. A m\u00e9s, introdueix la construcci\u00f3 d&#039;un ecoparc quan formem part del Consorci Mare que ja va proposar la seva construcci\u00f3 al municipi\u201d.<\/p>\n<p><strong>\u00a0<\/strong><\/p>\n<p><strong>Per part seva, l&#039;actual regidor de Neteja i RSU, Juan Manuel del Pino, ha assenyalat que<\/strong> <strong>l&#039;actual executiu ha complert adjudicant el servei i que seran les corporacions que vinguin les responsables de fiscalitzar-lo i que es compleixi el plec<\/strong>.<\/p>\n<p>&nbsp;<\/p>\n<p>Tall<\/p>\n<p>&nbsp;<\/p>\n<p>La portaveu popular, Noelia C\u00edscar va intervenir per assenyalar que \u201cper la seva import\u00e0ncia necessitem que ja es posi en marxa el nou contracte, \u00f2bviament caldr\u00e0 fiscalitzar l&#039;empresa que el dugui a terme.\u201d<\/p>\n<p>&nbsp;<\/p>","protected":false},"excerpt":{"rendered":"<p>En el pleno celebrado ayer en el Ayuntamiento de Calp\u00a0se aprob\u00f3 adjudicar el contrato del servicio de recogida y transporte de residuos urbanos y limpieza viaria a la licitadora Acciona por un precio de adjudicaci\u00f3n de casi 39 millones de euros (38.738.553,59 \u20ac) \u00a0y un plazo de ejecuci\u00f3n de\u00a0 nueve a\u00f1os. Uno de los contratos [&#8230;]<\/p>\n<p><a class=\"btn btn-secondary understrap-read-more-link\" href=\"https:\/\/radiolitoral.com\/ca\/2023\/05\/la-aprobacion-de-contrato-de-basura-en-calp-ha-tenido-sus-mas-y-sus-menos-en-su-aprobacion-plenaria\/\">Continua llegint&#8230;<span class=\"screen-reader-text\"> from La aprobaci\u00f3n de contrato de basura en Calp ha tenido sus m\u00e1s y sus menos en su aprobaci\u00f3n plenaria<\/span><\/a><\/p>\n","protected":false},"author":21,"featured_media":2954,"comment_status":"open","ping_status":"closed","sticky":false,"template":"","format":"standard","meta":{"_acf_changed":false,"inline_featured_image":false,"footnotes":""},"categories":[13],"tags":[181,178],"class_list":["post-2946","post","type-post","status-publish","format-standard","has-post-thumbnail","hentry","category-politica","tag-basuras-calp","tag-pleno-calp","cobertura-calp"],"acf":[],"yoast_head":"<!-- This site is optimized with the Yoast SEO plugin v27.5 - https:\/\/yoast.com\/product\/yoast-seo-wordpress\/ -->\n<title>La aprobaci\u00f3n de contrato de basura en Calp ha tenido sus m\u00e1s y sus menos en su aprobaci\u00f3n plenaria | R\u00e0dio Litoral<\/title>\n<meta name=\"description\" content=\"Se ha adjudicado a Acciona por de casi 39 millones Se ha adjudicado a Acciona por de casi 39 millones\" \/>\n<meta name=\"robots\" content=\"index, follow, max-snippet:-1, max-image-preview:large, max-video-preview:-1\" \/>\n<link rel=\"canonical\" href=\"https:\/\/radiolitoral.com\/ca\/2023\/05\/laprovacio-de-contracte-descombraries-a-calp-ha-tingut-els-seus-mes-i-els-seus-menys-en-la-seva-aprovacio-plenaria\/\" \/>\n<meta property=\"og:locale\" content=\"ca_ES\" \/>\n<meta property=\"og:type\" content=\"article\" \/>\n<meta property=\"og:title\" content=\"La aprobaci\u00f3n de contrato de basura en Calp ha tenido sus m\u00e1s y sus menos en su aprobaci\u00f3n plenaria | R\u00e0dio Litoral\" \/>\n<meta property=\"og:description\" content=\"Se ha adjudicado a Acciona por de casi 39 millones Se ha adjudicado a Acciona por de casi 39 millones\" \/>\n<meta property=\"og:url\" content=\"https:\/\/radiolitoral.com\/ca\/2023\/05\/laprovacio-de-contracte-descombraries-a-calp-ha-tingut-els-seus-mes-i-els-seus-menys-en-la-seva-aprovacio-plenaria\/\" \/>\n<meta property=\"og:site_name\" content=\"R\u00e0dio Litoral\" \/>\n<meta property=\"article:publisher\" content=\"https:\/\/www.facebook.com\/Laradiolitoral\/\" \/>\n<meta property=\"article:published_time\" content=\"2023-05-09T18:37:27+00:00\" \/>\n<meta property=\"article:modified_time\" content=\"2023-05-09T18:42:55+00:00\" \/>\n<meta property=\"og:image\" content=\"https:\/\/media.radiolitoral.com\/wp-content\/uploads\/2023\/05\/09204241\/basuras-4.jpg\" \/>\n\t<meta property=\"og:image:width\" content=\"476\" \/>\n\t<meta property=\"og:image:height\" content=\"524\" \/>\n\t<meta property=\"og:image:type\" content=\"image\/jpeg\" \/>\n<meta name=\"author\" content=\"Mel Pescuezo\" \/>\n<meta name=\"twitter:card\" content=\"summary_large_image\" \/>\n<meta name=\"twitter:label1\" content=\"Escrit per\" \/>\n\t<meta name=\"twitter:data1\" content=\"Mel Pescuezo\" \/>\n\t<meta name=\"twitter:label2\" content=\"Temps estimat de lectura\" \/>\n\t<meta name=\"twitter:data2\" content=\"2 minuts\" \/>\n<script type=\"application\/ld+json\" class=\"yoast-schema-graph\">{\"@context\":\"https:\\\/\\\/schema.org\",\"@graph\":[{\"@type\":\"NewsArticle\",\"@id\":\"https:\\\/\\\/radiolitoral.com\\\/2023\\\/05\\\/la-aprobacion-de-contrato-de-basura-en-calp-ha-tenido-sus-mas-y-sus-menos-en-su-aprobacion-plenaria\\\/#article\",\"isPartOf\":{\"@id\":\"https:\\\/\\\/radiolitoral.com\\\/2023\\\/05\\\/la-aprobacion-de-contrato-de-basura-en-calp-ha-tenido-sus-mas-y-sus-menos-en-su-aprobacion-plenaria\\\/\"},\"author\":{\"name\":\"Mel Pescuezo\",\"@id\":\"https:\\\/\\\/radiolitoral.com\\\/#\\\/schema\\\/person\\\/aad4f72efa404f85b68e832d24cac059\"},\"headline\":\"La aprobaci\u00f3n de contrato de basura en Calp ha tenido sus m\u00e1s y sus menos en su aprobaci\u00f3n plenaria\",\"datePublished\":\"2023-05-09T18:37:27+00:00\",\"dateModified\":\"2023-05-09T18:42:55+00:00\",\"mainEntityOfPage\":{\"@id\":\"https:\\\/\\\/radiolitoral.com\\\/2023\\\/05\\\/la-aprobacion-de-contrato-de-basura-en-calp-ha-tenido-sus-mas-y-sus-menos-en-su-aprobacion-plenaria\\\/\"},\"wordCount\":457,\"commentCount\":0,\"publisher\":{\"@id\":\"https:\\\/\\\/radiolitoral.com\\\/#organization\"},\"image\":{\"@id\":\"https:\\\/\\\/radiolitoral.com\\\/2023\\\/05\\\/la-aprobacion-de-contrato-de-basura-en-calp-ha-tenido-sus-mas-y-sus-menos-en-su-aprobacion-plenaria\\\/#primaryimage\"},\"thumbnailUrl\":\"https:\\\/\\\/media.radiolitoral.com\\\/wp-content\\\/uploads\\\/2023\\\/05\\\/09204241\\\/basuras-4.jpg\",\"keywords\":[\"basuras Calp\",\"pleno Calp\"],\"articleSection\":[\"Pol\u00edtica\"],\"inLanguage\":\"ca\",\"potentialAction\":[{\"@type\":\"CommentAction\",\"name\":\"Comment\",\"target\":[\"https:\\\/\\\/radiolitoral.com\\\/2023\\\/05\\\/la-aprobacion-de-contrato-de-basura-en-calp-ha-tenido-sus-mas-y-sus-menos-en-su-aprobacion-plenaria\\\/#respond\"]}]},{\"@type\":[\"WebPage\",\"ItemPage\"],\"@id\":\"https:\\\/\\\/radiolitoral.com\\\/2023\\\/05\\\/la-aprobacion-de-contrato-de-basura-en-calp-ha-tenido-sus-mas-y-sus-menos-en-su-aprobacion-plenaria\\\/\",\"url\":\"https:\\\/\\\/radiolitoral.com\\\/2023\\\/05\\\/la-aprobacion-de-contrato-de-basura-en-calp-ha-tenido-sus-mas-y-sus-menos-en-su-aprobacion-plenaria\\\/\",\"name\":\"La aprobaci\u00f3n de contrato de basura en Calp ha tenido sus m\u00e1s y sus menos en su aprobaci\u00f3n plenaria | R\u00e0dio Litoral\",\"isPartOf\":{\"@id\":\"https:\\\/\\\/radiolitoral.com\\\/#website\"},\"primaryImageOfPage\":{\"@id\":\"https:\\\/\\\/radiolitoral.com\\\/2023\\\/05\\\/la-aprobacion-de-contrato-de-basura-en-calp-ha-tenido-sus-mas-y-sus-menos-en-su-aprobacion-plenaria\\\/#primaryimage\"},\"image\":{\"@id\":\"https:\\\/\\\/radiolitoral.com\\\/2023\\\/05\\\/la-aprobacion-de-contrato-de-basura-en-calp-ha-tenido-sus-mas-y-sus-menos-en-su-aprobacion-plenaria\\\/#primaryimage\"},\"thumbnailUrl\":\"https:\\\/\\\/media.radiolitoral.com\\\/wp-content\\\/uploads\\\/2023\\\/05\\\/09204241\\\/basuras-4.jpg\",\"datePublished\":\"2023-05-09T18:37:27+00:00\",\"dateModified\":\"2023-05-09T18:42:55+00:00\",\"description\":\"Se ha adjudicado a Acciona por de casi 39 millones Se ha adjudicado a Acciona por de casi 39 millones\",\"breadcrumb\":{\"@id\":\"https:\\\/\\\/radiolitoral.com\\\/2023\\\/05\\\/la-aprobacion-de-contrato-de-basura-en-calp-ha-tenido-sus-mas-y-sus-menos-en-su-aprobacion-plenaria\\\/#breadcrumb\"},\"inLanguage\":\"ca\",\"potentialAction\":[{\"@type\":\"ReadAction\",\"target\":[\"https:\\\/\\\/radiolitoral.com\\\/2023\\\/05\\\/la-aprobacion-de-contrato-de-basura-en-calp-ha-tenido-sus-mas-y-sus-menos-en-su-aprobacion-plenaria\\\/\"]}]},{\"@type\":\"ImageObject\",\"inLanguage\":\"ca\",\"@id\":\"https:\\\/\\\/radiolitoral.com\\\/2023\\\/05\\\/la-aprobacion-de-contrato-de-basura-en-calp-ha-tenido-sus-mas-y-sus-menos-en-su-aprobacion-plenaria\\\/#primaryimage\",\"url\":\"https:\\\/\\\/media.radiolitoral.com\\\/wp-content\\\/uploads\\\/2023\\\/05\\\/09204241\\\/basuras-4.jpg\",\"contentUrl\":\"https:\\\/\\\/media.radiolitoral.com\\\/wp-content\\\/uploads\\\/2023\\\/05\\\/09204241\\\/basuras-4.jpg\",\"width\":476,\"height\":524},{\"@type\":\"BreadcrumbList\",\"@id\":\"https:\\\/\\\/radiolitoral.com\\\/2023\\\/05\\\/la-aprobacion-de-contrato-de-basura-en-calp-ha-tenido-sus-mas-y-sus-menos-en-su-aprobacion-plenaria\\\/#breadcrumb\",\"itemListElement\":[{\"@type\":\"ListItem\",\"position\":1,\"name\":\"Portada\",\"item\":\"https:\\\/\\\/radiolitoral.com\\\/\"},{\"@type\":\"ListItem\",\"position\":2,\"name\":\"La aprobaci\u00f3n de contrato de basura en Calp ha tenido sus m\u00e1s y sus menos en su aprobaci\u00f3n plenaria\"}]},{\"@type\":\"WebSite\",\"@id\":\"https:\\\/\\\/radiolitoral.com\\\/#website\",\"url\":\"https:\\\/\\\/radiolitoral.com\\\/\",\"name\":\"Radio Litoral\",\"description\":\"La radio local de la Marina Alta\",\"publisher\":{\"@id\":\"https:\\\/\\\/radiolitoral.com\\\/#organization\"},\"alternateName\":\"Litoral FM\",\"potentialAction\":[{\"@type\":\"SearchAction\",\"target\":{\"@type\":\"EntryPoint\",\"urlTemplate\":\"https:\\\/\\\/radiolitoral.com\\\/?s={search_term_string}\"},\"query-input\":{\"@type\":\"PropertyValueSpecification\",\"valueRequired\":true,\"valueName\":\"search_term_string\"}}],\"inLanguage\":\"ca\"},{\"@type\":\"Organization\",\"@id\":\"https:\\\/\\\/radiolitoral.com\\\/#organization\",\"name\":\"Radio Litoral\",\"url\":\"https:\\\/\\\/radiolitoral.com\\\/\",\"logo\":{\"@type\":\"ImageObject\",\"inLanguage\":\"ca\",\"@id\":\"https:\\\/\\\/radiolitoral.com\\\/#\\\/schema\\\/logo\\\/image\\\/\",\"url\":\"https:\\\/\\\/media.radiolitoral.com\\\/wp-content\\\/uploads\\\/2023\\\/02\\\/24143238\\\/CL-V-RadioLitoral696.png\",\"contentUrl\":\"https:\\\/\\\/media.radiolitoral.com\\\/wp-content\\\/uploads\\\/2023\\\/02\\\/24143238\\\/CL-V-RadioLitoral696.png\",\"width\":696,\"height\":696,\"caption\":\"Radio Litoral\"},\"image\":{\"@id\":\"https:\\\/\\\/radiolitoral.com\\\/#\\\/schema\\\/logo\\\/image\\\/\"},\"sameAs\":[\"https:\\\/\\\/www.facebook.com\\\/Laradiolitoral\\\/\"]},{\"@type\":\"Person\",\"@id\":\"https:\\\/\\\/radiolitoral.com\\\/#\\\/schema\\\/person\\\/aad4f72efa404f85b68e832d24cac059\",\"name\":\"Mel Pescuezo\",\"image\":{\"@type\":\"ImageObject\",\"inLanguage\":\"ca\",\"@id\":\"https:\\\/\\\/secure.gravatar.com\\\/avatar\\\/993975ae489c70cb0dd9bfa9413a082f0bd276582dac13661af7b33f161e7eea?s=96&d=mm&r=g\",\"url\":\"https:\\\/\\\/secure.gravatar.com\\\/avatar\\\/993975ae489c70cb0dd9bfa9413a082f0bd276582dac13661af7b33f161e7eea?s=96&d=mm&r=g\",\"contentUrl\":\"https:\\\/\\\/secure.gravatar.com\\\/avatar\\\/993975ae489c70cb0dd9bfa9413a082f0bd276582dac13661af7b33f161e7eea?s=96&d=mm&r=g\",\"caption\":\"Mel Pescuezo\"},\"url\":\"https:\\\/\\\/radiolitoral.com\\\/ca\\\/author\\\/serviciospararadios\\\/\"}]}<\/script>\n<!-- \/ Yoast SEO plugin. -->","yoast_head_json":{"title":"L&#039;aprovaci\u00f3 de contracte d&#039;escombraries a Calp ha tingut els seus m\u00e9s i menys en la seva aprovaci\u00f3 plen\u00e0ria | R\u00e0dio Litoral","description":"S&#039;ha adjudicat a Acciona per gaireb\u00e9 39 milions S&#039;ha adjudicat a Acciona per gaireb\u00e9 39 milions","robots":{"index":"index","follow":"follow","max-snippet":"max-snippet:-1","max-image-preview":"max-image-preview:large","max-video-preview":"max-video-preview:-1"},"canonical":"https:\/\/radiolitoral.com\/ca\/2023\/05\/laprovacio-de-contracte-descombraries-a-calp-ha-tingut-els-seus-mes-i-els-seus-menys-en-la-seva-aprovacio-plenaria\/","og_locale":"ca_ES","og_type":"article","og_title":"La aprobaci\u00f3n de contrato de basura en Calp ha tenido sus m\u00e1s y sus menos en su aprobaci\u00f3n plenaria | R\u00e0dio Litoral","og_description":"Se ha adjudicado a Acciona por de casi 39 millones Se ha adjudicado a Acciona por de casi 39 millones","og_url":"https:\/\/radiolitoral.com\/ca\/2023\/05\/laprovacio-de-contracte-descombraries-a-calp-ha-tingut-els-seus-mes-i-els-seus-menys-en-la-seva-aprovacio-plenaria\/","og_site_name":"R\u00e0dio Litoral","article_publisher":"https:\/\/www.facebook.com\/Laradiolitoral\/","article_published_time":"2023-05-09T18:37:27+00:00","article_modified_time":"2023-05-09T18:42:55+00:00","og_image":[{"width":476,"height":524,"url":"https:\/\/media.radiolitoral.com\/wp-content\/uploads\/2023\/05\/09204241\/basuras-4.jpg","type":"image\/jpeg"}],"author":"Mel Pescuezo","twitter_card":"summary_large_image","twitter_misc":{"Escrit per":"Mel Pescuezo","Temps estimat de lectura":"2 minuts"},"schema":{"@context":"https:\/\/schema.org","@graph":[{"@type":"NewsArticle","@id":"https:\/\/radiolitoral.com\/2023\/05\/la-aprobacion-de-contrato-de-basura-en-calp-ha-tenido-sus-mas-y-sus-menos-en-su-aprobacion-plenaria\/#article","isPartOf":{"@id":"https:\/\/radiolitoral.com\/2023\/05\/la-aprobacion-de-contrato-de-basura-en-calp-ha-tenido-sus-mas-y-sus-menos-en-su-aprobacion-plenaria\/"},"author":{"name":"Mel Pescuezo","@id":"https:\/\/radiolitoral.com\/#\/schema\/person\/aad4f72efa404f85b68e832d24cac059"},"headline":"La aprobaci\u00f3n de contrato de basura en Calp ha tenido sus m\u00e1s y sus menos en su aprobaci\u00f3n plenaria","datePublished":"2023-05-09T18:37:27+00:00","dateModified":"2023-05-09T18:42:55+00:00","mainEntityOfPage":{"@id":"https:\/\/radiolitoral.com\/2023\/05\/la-aprobacion-de-contrato-de-basura-en-calp-ha-tenido-sus-mas-y-sus-menos-en-su-aprobacion-plenaria\/"},"wordCount":457,"commentCount":0,"publisher":{"@id":"https:\/\/radiolitoral.com\/#organization"},"image":{"@id":"https:\/\/radiolitoral.com\/2023\/05\/la-aprobacion-de-contrato-de-basura-en-calp-ha-tenido-sus-mas-y-sus-menos-en-su-aprobacion-plenaria\/#primaryimage"},"thumbnailUrl":"https:\/\/media.radiolitoral.com\/wp-content\/uploads\/2023\/05\/09204241\/basuras-4.jpg","keywords":["basuras Calp","pleno Calp"],"articleSection":["Pol\u00edtica"],"inLanguage":"ca","potentialAction":[{"@type":"CommentAction","name":"Comment","target":["https:\/\/radiolitoral.com\/2023\/05\/la-aprobacion-de-contrato-de-basura-en-calp-ha-tenido-sus-mas-y-sus-menos-en-su-aprobacion-plenaria\/#respond"]}]},{"@type":["WebPage","ItemPage"],"@id":"https:\/\/radiolitoral.com\/2023\/05\/la-aprobacion-de-contrato-de-basura-en-calp-ha-tenido-sus-mas-y-sus-menos-en-su-aprobacion-plenaria\/","url":"https:\/\/radiolitoral.com\/2023\/05\/la-aprobacion-de-contrato-de-basura-en-calp-ha-tenido-sus-mas-y-sus-menos-en-su-aprobacion-plenaria\/","name":"L&#039;aprovaci\u00f3 de contracte d&#039;escombraries a Calp ha tingut els seus m\u00e9s i menys en la seva aprovaci\u00f3 plen\u00e0ria | R\u00e0dio Litoral","isPartOf":{"@id":"https:\/\/radiolitoral.com\/#website"},"primaryImageOfPage":{"@id":"https:\/\/radiolitoral.com\/2023\/05\/la-aprobacion-de-contrato-de-basura-en-calp-ha-tenido-sus-mas-y-sus-menos-en-su-aprobacion-plenaria\/#primaryimage"},"image":{"@id":"https:\/\/radiolitoral.com\/2023\/05\/la-aprobacion-de-contrato-de-basura-en-calp-ha-tenido-sus-mas-y-sus-menos-en-su-aprobacion-plenaria\/#primaryimage"},"thumbnailUrl":"https:\/\/media.radiolitoral.com\/wp-content\/uploads\/2023\/05\/09204241\/basuras-4.jpg","datePublished":"2023-05-09T18:37:27+00:00","dateModified":"2023-05-09T18:42:55+00:00","description":"S&#039;ha adjudicat a Acciona per gaireb\u00e9 39 milions S&#039;ha adjudicat a Acciona per gaireb\u00e9 39 milions","breadcrumb":{"@id":"https:\/\/radiolitoral.com\/2023\/05\/la-aprobacion-de-contrato-de-basura-en-calp-ha-tenido-sus-mas-y-sus-menos-en-su-aprobacion-plenaria\/#breadcrumb"},"inLanguage":"ca","potentialAction":[{"@type":"ReadAction","target":["https:\/\/radiolitoral.com\/2023\/05\/la-aprobacion-de-contrato-de-basura-en-calp-ha-tenido-sus-mas-y-sus-menos-en-su-aprobacion-plenaria\/"]}]},{"@type":"ImageObject","inLanguage":"ca","@id":"https:\/\/radiolitoral.com\/2023\/05\/la-aprobacion-de-contrato-de-basura-en-calp-ha-tenido-sus-mas-y-sus-menos-en-su-aprobacion-plenaria\/#primaryimage","url":"https:\/\/media.radiolitoral.com\/wp-content\/uploads\/2023\/05\/09204241\/basuras-4.jpg","contentUrl":"https:\/\/media.radiolitoral.com\/wp-content\/uploads\/2023\/05\/09204241\/basuras-4.jpg","width":476,"height":524},{"@type":"BreadcrumbList","@id":"https:\/\/radiolitoral.com\/2023\/05\/la-aprobacion-de-contrato-de-basura-en-calp-ha-tenido-sus-mas-y-sus-menos-en-su-aprobacion-plenaria\/#breadcrumb","itemListElement":[{"@type":"ListItem","position":1,"name":"Portada","item":"https:\/\/radiolitoral.com\/"},{"@type":"ListItem","position":2,"name":"La aprobaci\u00f3n de contrato de basura en Calp ha tenido sus m\u00e1s y sus menos en su aprobaci\u00f3n plenaria"}]},{"@type":"WebSite","@id":"https:\/\/radiolitoral.com\/#website","url":"https:\/\/radiolitoral.com\/","name":"R\u00e0dio Litoral","description":"La r\u00e0dio local de la Marina Alta","publisher":{"@id":"https:\/\/radiolitoral.com\/#organization"},"alternateName":"Litoral FM","potentialAction":[{"@type":"SearchAction","target":{"@type":"EntryPoint","urlTemplate":"https:\/\/radiolitoral.com\/?s={search_term_string}"},"query-input":{"@type":"PropertyValueSpecification","valueRequired":true,"valueName":"search_term_string"}}],"inLanguage":"ca"},{"@type":"Organization","@id":"https:\/\/radiolitoral.com\/#organization","name":"R\u00e0dio Litoral","url":"https:\/\/radiolitoral.com\/","logo":{"@type":"ImageObject","inLanguage":"ca","@id":"https:\/\/radiolitoral.com\/#\/schema\/logo\/image\/","url":"https:\/\/media.radiolitoral.com\/wp-content\/uploads\/2023\/02\/24143238\/CL-V-RadioLitoral696.png","contentUrl":"https:\/\/media.radiolitoral.com\/wp-content\/uploads\/2023\/02\/24143238\/CL-V-RadioLitoral696.png","width":696,"height":696,"caption":"Radio Litoral"},"image":{"@id":"https:\/\/radiolitoral.com\/#\/schema\/logo\/image\/"},"sameAs":["https:\/\/www.facebook.com\/Laradiolitoral\/"]},{"@type":"Person","@id":"https:\/\/radiolitoral.com\/#\/schema\/person\/aad4f72efa404f85b68e832d24cac059","name":"Mel Pescuezo","image":{"@type":"ImageObject","inLanguage":"ca","@id":"https:\/\/secure.gravatar.com\/avatar\/993975ae489c70cb0dd9bfa9413a082f0bd276582dac13661af7b33f161e7eea?s=96&d=mm&r=g","url":"https:\/\/secure.gravatar.com\/avatar\/993975ae489c70cb0dd9bfa9413a082f0bd276582dac13661af7b33f161e7eea?s=96&d=mm&r=g","contentUrl":"https:\/\/secure.gravatar.com\/avatar\/993975ae489c70cb0dd9bfa9413a082f0bd276582dac13661af7b33f161e7eea?s=96&d=mm&r=g","caption":"Mel Pescuezo"},"url":"https:\/\/radiolitoral.com\/ca\/author\/serviciospararadios\/"}]}},"_links":{"self":[{"href":"https:\/\/radiolitoral.com\/ca\/wp-json\/wp\/v2\/posts\/2946","targetHints":{"allow":["GET"]}}],"collection":[{"href":"https:\/\/radiolitoral.com\/ca\/wp-json\/wp\/v2\/posts"}],"about":[{"href":"https:\/\/radiolitoral.com\/ca\/wp-json\/wp\/v2\/types\/post"}],"author":[{"embeddable":true,"href":"https:\/\/radiolitoral.com\/ca\/wp-json\/wp\/v2\/users\/21"}],"replies":[{"embeddable":true,"href":"https:\/\/radiolitoral.com\/ca\/wp-json\/wp\/v2\/comments?post=2946"}],"version-history":[{"count":1,"href":"https:\/\/radiolitoral.com\/ca\/wp-json\/wp\/v2\/posts\/2946\/revisions"}],"predecessor-version":[{"id":2949,"href":"https:\/\/radiolitoral.com\/ca\/wp-json\/wp\/v2\/posts\/2946\/revisions\/2949"}],"wp:featuredmedia":[{"embeddable":true,"href":"https:\/\/radiolitoral.com\/ca\/wp-json\/wp\/v2\/media\/2954"}],"wp:attachment":[{"href":"https:\/\/radiolitoral.com\/ca\/wp-json\/wp\/v2\/media?parent=2946"}],"wp:term":[{"taxonomy":"category","embeddable":true,"href":"https:\/\/radiolitoral.com\/ca\/wp-json\/wp\/v2\/categories?post=2946"},{"taxonomy":"post_tag","embeddable":true,"href":"https:\/\/radiolitoral.com\/ca\/wp-json\/wp\/v2\/tags?post=2946"}],"curies":[{"name":"wp","href":"https:\/\/api.w.org\/{rel}","templated":true}]}}