{"id":2922,"date":"2023-05-09T19:45:10","date_gmt":"2023-05-09T17:45:10","guid":{"rendered":"https:\/\/radiolitoral.com\/?p=2922"},"modified":"2023-05-09T19:46:09","modified_gmt":"2023-05-09T17:46:09","slug":"fira-calp-obre-les-portes-a-la-gastronomia-i-al-comerc","status":"publish","type":"post","link":"https:\/\/radiolitoral.com\/ca\/2023\/05\/fira-calp-abre-sus-puertas-a-la-gastronomia-y-al-comercio\/","title":{"rendered":"Fira Calp obre les portes a la gastronomia i al comer\u00e7"},"content":{"rendered":"<p><strong>Fira Calp, la fira de gastronomia i comer\u00e7 de la ciutat del Penyal, obre de nou dijous les portes a la pla\u00e7a Major<\/strong> organitzada per l&#039;Ajuntament i Creama-Calpe, amb la col\u00b7laboraci\u00f3 de l&#039;Associaci\u00f3 d&#039;Empresaris de Calp i la Confraria de Pescadors.<\/p>\n<p>La fira, que arriba a la seva <strong>tretzena edici\u00f3<\/strong> i torna a la pla\u00e7a Major, comptar\u00e0 aquest any amb <strong>18 estands de restaurants, cafeteries i cocteries<\/strong> ia m\u00e9s refor\u00e7a la seva part comercial amb la participaci\u00f3 de <strong>11 comer\u00e7os<\/strong> que exhibiran els seus productes.<\/p>\n<p>Els hostalers oferiran un major nombre de tapes, quatre tapes i unes postres per caseta, que s&#039;oferiran a preus populars, de <strong>entre 2 i 6 euros<\/strong>. Tamb\u00e9 l&#039;Associaci\u00f3 de Moros i Cristians participar\u00e0 a FiraCalp per vendre la beguda: cervesa, refrescos i aigua; els beneficis que obtinguin es destinaran a lorganitzaci\u00f3 de les festes patronals daquest any. Amb tot aix\u00f2 tindran lloc activitats paral\u00b7leles com actuacions musicals i de dansa, signatura de llibres, tasts de vi i oli, espectacles de m\u00e0gia, exhibicions d&#039;entrenaments, etc.<\/p>\n<p>En aquesta edici\u00f3 torna a celebrar-se el <strong>tall de cabell solidari, el diumenge 14 a partir de les 11 del mat\u00ed<\/strong> un total de set perruqueries locals tallaran els cabells a benefici de l&#039;ONG Pallassospital amb la col\u00b7laboraci\u00f3 de l&#039;Alacant per a la lluita contra el C\u00e0ncer seu de Calp.<\/p>\n<p>Aquest any tamb\u00e9 se celebra el <strong>I Concurs de Tapes de Gamba Blanca de Calp<\/strong> en qu\u00e8 participen cinc restaurants: El seit\u00f3 de plata, L&#039;Arc, El Sant, Plaers i Calentura Bistro. Cadasc\u00fa oferir\u00e0 una tapa l&#039;ingredient principal de la qual ser\u00e0 la gamba blanca, la tapa tindr\u00e0 un preu de 2 euros i els consumidors podran votar la millor tapa a trav\u00e9s d&#039;un formulari on line i guanyar un sopar en algun dels restaurants participants.<\/p>\n<p><strong>La fira obrir\u00e0 les portes el dijous 11 de maig a les 19 hores i es prolongar\u00e0 fins diumenge<\/strong>. Aquest certamen ha congregat en edicions anteriors 12.000 persones al llarg dels quatre dies.<\/p>\n<p>&nbsp;<\/p>\n<p>&nbsp;<\/p>","protected":false},"excerpt":{"rendered":"<p>Fira Calp, la feria de gastronom\u00eda y comercio de la ciudad del Pe\u00f1\u00f3n, abre de nuevo el jueves sus puertas en la plaza Mayor organizada por el Ayuntamiento y Creama-Calpe, con la colaboraci\u00f3n de la Asociaci\u00f3n de Empresarios de Calpe y la Cofrad\u00eda de Pescadores. La feria, que alcanza su decimotercera edici\u00f3n y vuelve a [&#8230;]<\/p>\n<p><a class=\"btn btn-secondary understrap-read-more-link\" href=\"https:\/\/radiolitoral.com\/ca\/2023\/05\/fira-calp-abre-sus-puertas-a-la-gastronomia-y-al-comercio\/\">Continua llegint&#8230;<span class=\"screen-reader-text\"> from Fira Calp abre sus puertas a la gastronom\u00eda y al comercio<\/span><\/a><\/p>\n","protected":false},"author":21,"featured_media":2923,"comment_status":"open","ping_status":"closed","sticky":false,"template":"","format":"standard","meta":{"_acf_changed":false,"inline_featured_image":false,"footnotes":""},"categories":[551],"tags":[444,122,475],"class_list":["post-2922","post","type-post","status-publish","format-standard","has-post-thumbnail","hentry","category-jornades-gastronomiques","tag-agenda-calp","tag-calp","tag-fira-calp","cobertura-calp"],"acf":[],"yoast_head":"<!-- This site is optimized with the Yoast SEO plugin v27.5 - https:\/\/yoast.com\/product\/yoast-seo-wordpress\/ -->\n<title>Fira Calp abre sus puertas a la gastronom\u00eda y al comercio | R\u00e0dio Litoral<\/title>\n<meta name=\"description\" content=\"Desde el jueves al domingo con 18 stands de restaurantes, cafeter\u00edas y cocteler\u00edas y 11 comercios\" \/>\n<meta name=\"robots\" content=\"index, follow, max-snippet:-1, max-image-preview:large, max-video-preview:-1\" \/>\n<link rel=\"canonical\" href=\"https:\/\/radiolitoral.com\/ca\/2023\/05\/fira-calp-obre-les-portes-a-la-gastronomia-i-al-comerc\/\" \/>\n<meta property=\"og:locale\" content=\"ca_ES\" \/>\n<meta property=\"og:type\" content=\"article\" \/>\n<meta property=\"og:title\" content=\"Fira Calp abre sus puertas a la gastronom\u00eda y al comercio | R\u00e0dio Litoral\" \/>\n<meta property=\"og:description\" content=\"Desde el jueves al domingo con 18 stands de restaurantes, cafeter\u00edas y cocteler\u00edas y 11 comercios\" \/>\n<meta property=\"og:url\" content=\"https:\/\/radiolitoral.com\/ca\/2023\/05\/fira-calp-obre-les-portes-a-la-gastronomia-i-al-comerc\/\" \/>\n<meta property=\"og:site_name\" content=\"R\u00e0dio Litoral\" \/>\n<meta property=\"article:publisher\" content=\"https:\/\/www.facebook.com\/Laradiolitoral\/\" \/>\n<meta property=\"article:published_time\" content=\"2023-05-09T17:45:10+00:00\" \/>\n<meta property=\"article:modified_time\" content=\"2023-05-09T17:46:09+00:00\" \/>\n<meta property=\"og:image\" content=\"https:\/\/media.radiolitoral.com\/wp-content\/uploads\/2023\/05\/09193712\/fira-calp-2023.-feria-de-gastronomia-y-comercio-_-xiii-edicion_83466.jpg\" \/>\n\t<meta property=\"og:image:width\" content=\"1000\" \/>\n\t<meta property=\"og:image:height\" content=\"1000\" \/>\n\t<meta property=\"og:image:type\" content=\"image\/jpeg\" \/>\n<meta name=\"author\" content=\"Mel Pescuezo\" \/>\n<meta name=\"twitter:card\" content=\"summary_large_image\" \/>\n<meta name=\"twitter:label1\" content=\"Escrit per\" \/>\n\t<meta name=\"twitter:data1\" content=\"Mel Pescuezo\" \/>\n\t<meta name=\"twitter:label2\" content=\"Temps estimat de lectura\" \/>\n\t<meta name=\"twitter:data2\" content=\"2 minuts\" \/>\n<script type=\"application\/ld+json\" class=\"yoast-schema-graph\">{\"@context\":\"https:\\\/\\\/schema.org\",\"@graph\":[{\"@type\":\"NewsArticle\",\"@id\":\"https:\\\/\\\/radiolitoral.com\\\/2023\\\/05\\\/fira-calp-abre-sus-puertas-a-la-gastronomia-y-al-comercio\\\/#article\",\"isPartOf\":{\"@id\":\"https:\\\/\\\/radiolitoral.com\\\/2023\\\/05\\\/fira-calp-abre-sus-puertas-a-la-gastronomia-y-al-comercio\\\/\"},\"author\":{\"name\":\"Mel Pescuezo\",\"@id\":\"https:\\\/\\\/radiolitoral.com\\\/#\\\/schema\\\/person\\\/aad4f72efa404f85b68e832d24cac059\"},\"headline\":\"Fira Calp abre sus puertas a la gastronom\u00eda y al comercio\",\"datePublished\":\"2023-05-09T17:45:10+00:00\",\"dateModified\":\"2023-05-09T17:46:09+00:00\",\"mainEntityOfPage\":{\"@id\":\"https:\\\/\\\/radiolitoral.com\\\/2023\\\/05\\\/fira-calp-abre-sus-puertas-a-la-gastronomia-y-al-comercio\\\/\"},\"wordCount\":382,\"commentCount\":0,\"publisher\":{\"@id\":\"https:\\\/\\\/radiolitoral.com\\\/#organization\"},\"image\":{\"@id\":\"https:\\\/\\\/radiolitoral.com\\\/2023\\\/05\\\/fira-calp-abre-sus-puertas-a-la-gastronomia-y-al-comercio\\\/#primaryimage\"},\"thumbnailUrl\":\"https:\\\/\\\/media.radiolitoral.com\\\/wp-content\\\/uploads\\\/2023\\\/05\\\/09193712\\\/fira-calp-2023.-feria-de-gastronomia-y-comercio-_-xiii-edicion_83466.jpg\",\"keywords\":[\"agenda Calp\",\"Calp\",\"Fira Calp\"],\"articleSection\":[\"Jornades Gastron\u00f2miques\"],\"inLanguage\":\"ca\",\"potentialAction\":[{\"@type\":\"CommentAction\",\"name\":\"Comment\",\"target\":[\"https:\\\/\\\/radiolitoral.com\\\/2023\\\/05\\\/fira-calp-abre-sus-puertas-a-la-gastronomia-y-al-comercio\\\/#respond\"]}]},{\"@type\":[\"WebPage\",\"ItemPage\"],\"@id\":\"https:\\\/\\\/radiolitoral.com\\\/2023\\\/05\\\/fira-calp-abre-sus-puertas-a-la-gastronomia-y-al-comercio\\\/\",\"url\":\"https:\\\/\\\/radiolitoral.com\\\/2023\\\/05\\\/fira-calp-abre-sus-puertas-a-la-gastronomia-y-al-comercio\\\/\",\"name\":\"Fira Calp abre sus puertas a la gastronom\u00eda y al comercio | R\u00e0dio Litoral\",\"isPartOf\":{\"@id\":\"https:\\\/\\\/radiolitoral.com\\\/#website\"},\"primaryImageOfPage\":{\"@id\":\"https:\\\/\\\/radiolitoral.com\\\/2023\\\/05\\\/fira-calp-abre-sus-puertas-a-la-gastronomia-y-al-comercio\\\/#primaryimage\"},\"image\":{\"@id\":\"https:\\\/\\\/radiolitoral.com\\\/2023\\\/05\\\/fira-calp-abre-sus-puertas-a-la-gastronomia-y-al-comercio\\\/#primaryimage\"},\"thumbnailUrl\":\"https:\\\/\\\/media.radiolitoral.com\\\/wp-content\\\/uploads\\\/2023\\\/05\\\/09193712\\\/fira-calp-2023.-feria-de-gastronomia-y-comercio-_-xiii-edicion_83466.jpg\",\"datePublished\":\"2023-05-09T17:45:10+00:00\",\"dateModified\":\"2023-05-09T17:46:09+00:00\",\"description\":\"Desde el jueves al domingo con 18 stands de restaurantes, cafeter\u00edas y cocteler\u00edas y 11 comercios\",\"breadcrumb\":{\"@id\":\"https:\\\/\\\/radiolitoral.com\\\/2023\\\/05\\\/fira-calp-abre-sus-puertas-a-la-gastronomia-y-al-comercio\\\/#breadcrumb\"},\"inLanguage\":\"ca\",\"potentialAction\":[{\"@type\":\"ReadAction\",\"target\":[\"https:\\\/\\\/radiolitoral.com\\\/2023\\\/05\\\/fira-calp-abre-sus-puertas-a-la-gastronomia-y-al-comercio\\\/\"]}]},{\"@type\":\"ImageObject\",\"inLanguage\":\"ca\",\"@id\":\"https:\\\/\\\/radiolitoral.com\\\/2023\\\/05\\\/fira-calp-abre-sus-puertas-a-la-gastronomia-y-al-comercio\\\/#primaryimage\",\"url\":\"https:\\\/\\\/media.radiolitoral.com\\\/wp-content\\\/uploads\\\/2023\\\/05\\\/09193712\\\/fira-calp-2023.-feria-de-gastronomia-y-comercio-_-xiii-edicion_83466.jpg\",\"contentUrl\":\"https:\\\/\\\/media.radiolitoral.com\\\/wp-content\\\/uploads\\\/2023\\\/05\\\/09193712\\\/fira-calp-2023.-feria-de-gastronomia-y-comercio-_-xiii-edicion_83466.jpg\",\"width\":1000,\"height\":1000},{\"@type\":\"BreadcrumbList\",\"@id\":\"https:\\\/\\\/radiolitoral.com\\\/2023\\\/05\\\/fira-calp-abre-sus-puertas-a-la-gastronomia-y-al-comercio\\\/#breadcrumb\",\"itemListElement\":[{\"@type\":\"ListItem\",\"position\":1,\"name\":\"Portada\",\"item\":\"https:\\\/\\\/radiolitoral.com\\\/\"},{\"@type\":\"ListItem\",\"position\":2,\"name\":\"Fira Calp abre sus puertas a la gastronom\u00eda y al comercio\"}]},{\"@type\":\"WebSite\",\"@id\":\"https:\\\/\\\/radiolitoral.com\\\/#website\",\"url\":\"https:\\\/\\\/radiolitoral.com\\\/\",\"name\":\"Radio Litoral\",\"description\":\"La radio local de la Marina Alta\",\"publisher\":{\"@id\":\"https:\\\/\\\/radiolitoral.com\\\/#organization\"},\"alternateName\":\"Litoral FM\",\"potentialAction\":[{\"@type\":\"SearchAction\",\"target\":{\"@type\":\"EntryPoint\",\"urlTemplate\":\"https:\\\/\\\/radiolitoral.com\\\/?s={search_term_string}\"},\"query-input\":{\"@type\":\"PropertyValueSpecification\",\"valueRequired\":true,\"valueName\":\"search_term_string\"}}],\"inLanguage\":\"ca\"},{\"@type\":\"Organization\",\"@id\":\"https:\\\/\\\/radiolitoral.com\\\/#organization\",\"name\":\"Radio Litoral\",\"url\":\"https:\\\/\\\/radiolitoral.com\\\/\",\"logo\":{\"@type\":\"ImageObject\",\"inLanguage\":\"ca\",\"@id\":\"https:\\\/\\\/radiolitoral.com\\\/#\\\/schema\\\/logo\\\/image\\\/\",\"url\":\"https:\\\/\\\/media.radiolitoral.com\\\/wp-content\\\/uploads\\\/2023\\\/02\\\/24143238\\\/CL-V-RadioLitoral696.png\",\"contentUrl\":\"https:\\\/\\\/media.radiolitoral.com\\\/wp-content\\\/uploads\\\/2023\\\/02\\\/24143238\\\/CL-V-RadioLitoral696.png\",\"width\":696,\"height\":696,\"caption\":\"Radio Litoral\"},\"image\":{\"@id\":\"https:\\\/\\\/radiolitoral.com\\\/#\\\/schema\\\/logo\\\/image\\\/\"},\"sameAs\":[\"https:\\\/\\\/www.facebook.com\\\/Laradiolitoral\\\/\"]},{\"@type\":\"Person\",\"@id\":\"https:\\\/\\\/radiolitoral.com\\\/#\\\/schema\\\/person\\\/aad4f72efa404f85b68e832d24cac059\",\"name\":\"Mel Pescuezo\",\"image\":{\"@type\":\"ImageObject\",\"inLanguage\":\"ca\",\"@id\":\"https:\\\/\\\/secure.gravatar.com\\\/avatar\\\/993975ae489c70cb0dd9bfa9413a082f0bd276582dac13661af7b33f161e7eea?s=96&d=mm&r=g\",\"url\":\"https:\\\/\\\/secure.gravatar.com\\\/avatar\\\/993975ae489c70cb0dd9bfa9413a082f0bd276582dac13661af7b33f161e7eea?s=96&d=mm&r=g\",\"contentUrl\":\"https:\\\/\\\/secure.gravatar.com\\\/avatar\\\/993975ae489c70cb0dd9bfa9413a082f0bd276582dac13661af7b33f161e7eea?s=96&d=mm&r=g\",\"caption\":\"Mel Pescuezo\"},\"url\":\"https:\\\/\\\/radiolitoral.com\\\/ca\\\/author\\\/serviciospararadios\\\/\"}]}<\/script>\n<!-- \/ Yoast SEO plugin. -->","yoast_head_json":{"title":"Fira Calp obre les portes a la gastronomia i al comer\u00e7 | R\u00e0dio Litoral","description":"Des de dijous a diumenge amb 18 estands de restaurants, cafeteries i cocteries i 11 comer\u00e7os","robots":{"index":"index","follow":"follow","max-snippet":"max-snippet:-1","max-image-preview":"max-image-preview:large","max-video-preview":"max-video-preview:-1"},"canonical":"https:\/\/radiolitoral.com\/ca\/2023\/05\/fira-calp-obre-les-portes-a-la-gastronomia-i-al-comerc\/","og_locale":"ca_ES","og_type":"article","og_title":"Fira Calp abre sus puertas a la gastronom\u00eda y al comercio | R\u00e0dio Litoral","og_description":"Desde el jueves al domingo con 18 stands de restaurantes, cafeter\u00edas y cocteler\u00edas y 11 comercios","og_url":"https:\/\/radiolitoral.com\/ca\/2023\/05\/fira-calp-obre-les-portes-a-la-gastronomia-i-al-comerc\/","og_site_name":"R\u00e0dio Litoral","article_publisher":"https:\/\/www.facebook.com\/Laradiolitoral\/","article_published_time":"2023-05-09T17:45:10+00:00","article_modified_time":"2023-05-09T17:46:09+00:00","og_image":[{"width":1000,"height":1000,"url":"https:\/\/media.radiolitoral.com\/wp-content\/uploads\/2023\/05\/09193712\/fira-calp-2023.-feria-de-gastronomia-y-comercio-_-xiii-edicion_83466.jpg","type":"image\/jpeg"}],"author":"Mel Pescuezo","twitter_card":"summary_large_image","twitter_misc":{"Escrit per":"Mel Pescuezo","Temps estimat de lectura":"2 minuts"},"schema":{"@context":"https:\/\/schema.org","@graph":[{"@type":"NewsArticle","@id":"https:\/\/radiolitoral.com\/2023\/05\/fira-calp-abre-sus-puertas-a-la-gastronomia-y-al-comercio\/#article","isPartOf":{"@id":"https:\/\/radiolitoral.com\/2023\/05\/fira-calp-abre-sus-puertas-a-la-gastronomia-y-al-comercio\/"},"author":{"name":"Mel Pescuezo","@id":"https:\/\/radiolitoral.com\/#\/schema\/person\/aad4f72efa404f85b68e832d24cac059"},"headline":"Fira Calp abre sus puertas a la gastronom\u00eda y al comercio","datePublished":"2023-05-09T17:45:10+00:00","dateModified":"2023-05-09T17:46:09+00:00","mainEntityOfPage":{"@id":"https:\/\/radiolitoral.com\/2023\/05\/fira-calp-abre-sus-puertas-a-la-gastronomia-y-al-comercio\/"},"wordCount":382,"commentCount":0,"publisher":{"@id":"https:\/\/radiolitoral.com\/#organization"},"image":{"@id":"https:\/\/radiolitoral.com\/2023\/05\/fira-calp-abre-sus-puertas-a-la-gastronomia-y-al-comercio\/#primaryimage"},"thumbnailUrl":"https:\/\/media.radiolitoral.com\/wp-content\/uploads\/2023\/05\/09193712\/fira-calp-2023.-feria-de-gastronomia-y-comercio-_-xiii-edicion_83466.jpg","keywords":["agenda Calp","Calp","Fira Calp"],"articleSection":["Jornades Gastron\u00f2miques"],"inLanguage":"ca","potentialAction":[{"@type":"CommentAction","name":"Comment","target":["https:\/\/radiolitoral.com\/2023\/05\/fira-calp-abre-sus-puertas-a-la-gastronomia-y-al-comercio\/#respond"]}]},{"@type":["WebPage","ItemPage"],"@id":"https:\/\/radiolitoral.com\/2023\/05\/fira-calp-abre-sus-puertas-a-la-gastronomia-y-al-comercio\/","url":"https:\/\/radiolitoral.com\/2023\/05\/fira-calp-abre-sus-puertas-a-la-gastronomia-y-al-comercio\/","name":"Fira Calp obre les portes a la gastronomia i al comer\u00e7 | R\u00e0dio Litoral","isPartOf":{"@id":"https:\/\/radiolitoral.com\/#website"},"primaryImageOfPage":{"@id":"https:\/\/radiolitoral.com\/2023\/05\/fira-calp-abre-sus-puertas-a-la-gastronomia-y-al-comercio\/#primaryimage"},"image":{"@id":"https:\/\/radiolitoral.com\/2023\/05\/fira-calp-abre-sus-puertas-a-la-gastronomia-y-al-comercio\/#primaryimage"},"thumbnailUrl":"https:\/\/media.radiolitoral.com\/wp-content\/uploads\/2023\/05\/09193712\/fira-calp-2023.-feria-de-gastronomia-y-comercio-_-xiii-edicion_83466.jpg","datePublished":"2023-05-09T17:45:10+00:00","dateModified":"2023-05-09T17:46:09+00:00","description":"Des de dijous a diumenge amb 18 estands de restaurants, cafeteries i cocteries i 11 comer\u00e7os","breadcrumb":{"@id":"https:\/\/radiolitoral.com\/2023\/05\/fira-calp-abre-sus-puertas-a-la-gastronomia-y-al-comercio\/#breadcrumb"},"inLanguage":"ca","potentialAction":[{"@type":"ReadAction","target":["https:\/\/radiolitoral.com\/2023\/05\/fira-calp-abre-sus-puertas-a-la-gastronomia-y-al-comercio\/"]}]},{"@type":"ImageObject","inLanguage":"ca","@id":"https:\/\/radiolitoral.com\/2023\/05\/fira-calp-abre-sus-puertas-a-la-gastronomia-y-al-comercio\/#primaryimage","url":"https:\/\/media.radiolitoral.com\/wp-content\/uploads\/2023\/05\/09193712\/fira-calp-2023.-feria-de-gastronomia-y-comercio-_-xiii-edicion_83466.jpg","contentUrl":"https:\/\/media.radiolitoral.com\/wp-content\/uploads\/2023\/05\/09193712\/fira-calp-2023.-feria-de-gastronomia-y-comercio-_-xiii-edicion_83466.jpg","width":1000,"height":1000},{"@type":"BreadcrumbList","@id":"https:\/\/radiolitoral.com\/2023\/05\/fira-calp-abre-sus-puertas-a-la-gastronomia-y-al-comercio\/#breadcrumb","itemListElement":[{"@type":"ListItem","position":1,"name":"Portada","item":"https:\/\/radiolitoral.com\/"},{"@type":"ListItem","position":2,"name":"Fira Calp abre sus puertas a la gastronom\u00eda y al comercio"}]},{"@type":"WebSite","@id":"https:\/\/radiolitoral.com\/#website","url":"https:\/\/radiolitoral.com\/","name":"R\u00e0dio Litoral","description":"La r\u00e0dio local de la Marina Alta","publisher":{"@id":"https:\/\/radiolitoral.com\/#organization"},"alternateName":"Litoral FM","potentialAction":[{"@type":"SearchAction","target":{"@type":"EntryPoint","urlTemplate":"https:\/\/radiolitoral.com\/?s={search_term_string}"},"query-input":{"@type":"PropertyValueSpecification","valueRequired":true,"valueName":"search_term_string"}}],"inLanguage":"ca"},{"@type":"Organization","@id":"https:\/\/radiolitoral.com\/#organization","name":"R\u00e0dio Litoral","url":"https:\/\/radiolitoral.com\/","logo":{"@type":"ImageObject","inLanguage":"ca","@id":"https:\/\/radiolitoral.com\/#\/schema\/logo\/image\/","url":"https:\/\/media.radiolitoral.com\/wp-content\/uploads\/2023\/02\/24143238\/CL-V-RadioLitoral696.png","contentUrl":"https:\/\/media.radiolitoral.com\/wp-content\/uploads\/2023\/02\/24143238\/CL-V-RadioLitoral696.png","width":696,"height":696,"caption":"Radio Litoral"},"image":{"@id":"https:\/\/radiolitoral.com\/#\/schema\/logo\/image\/"},"sameAs":["https:\/\/www.facebook.com\/Laradiolitoral\/"]},{"@type":"Person","@id":"https:\/\/radiolitoral.com\/#\/schema\/person\/aad4f72efa404f85b68e832d24cac059","name":"Mel Pescuezo","image":{"@type":"ImageObject","inLanguage":"ca","@id":"https:\/\/secure.gravatar.com\/avatar\/993975ae489c70cb0dd9bfa9413a082f0bd276582dac13661af7b33f161e7eea?s=96&d=mm&r=g","url":"https:\/\/secure.gravatar.com\/avatar\/993975ae489c70cb0dd9bfa9413a082f0bd276582dac13661af7b33f161e7eea?s=96&d=mm&r=g","contentUrl":"https:\/\/secure.gravatar.com\/avatar\/993975ae489c70cb0dd9bfa9413a082f0bd276582dac13661af7b33f161e7eea?s=96&d=mm&r=g","caption":"Mel Pescuezo"},"url":"https:\/\/radiolitoral.com\/ca\/author\/serviciospararadios\/"}]}},"_links":{"self":[{"href":"https:\/\/radiolitoral.com\/ca\/wp-json\/wp\/v2\/posts\/2922","targetHints":{"allow":["GET"]}}],"collection":[{"href":"https:\/\/radiolitoral.com\/ca\/wp-json\/wp\/v2\/posts"}],"about":[{"href":"https:\/\/radiolitoral.com\/ca\/wp-json\/wp\/v2\/types\/post"}],"author":[{"embeddable":true,"href":"https:\/\/radiolitoral.com\/ca\/wp-json\/wp\/v2\/users\/21"}],"replies":[{"embeddable":true,"href":"https:\/\/radiolitoral.com\/ca\/wp-json\/wp\/v2\/comments?post=2922"}],"version-history":[{"count":1,"href":"https:\/\/radiolitoral.com\/ca\/wp-json\/wp\/v2\/posts\/2922\/revisions"}],"predecessor-version":[{"id":2924,"href":"https:\/\/radiolitoral.com\/ca\/wp-json\/wp\/v2\/posts\/2922\/revisions\/2924"}],"wp:featuredmedia":[{"embeddable":true,"href":"https:\/\/radiolitoral.com\/ca\/wp-json\/wp\/v2\/media\/2923"}],"wp:attachment":[{"href":"https:\/\/radiolitoral.com\/ca\/wp-json\/wp\/v2\/media?parent=2922"}],"wp:term":[{"taxonomy":"category","embeddable":true,"href":"https:\/\/radiolitoral.com\/ca\/wp-json\/wp\/v2\/categories?post=2922"},{"taxonomy":"post_tag","embeddable":true,"href":"https:\/\/radiolitoral.com\/ca\/wp-json\/wp\/v2\/tags?post=2922"}],"curies":[{"name":"wp","href":"https:\/\/api.w.org\/{rel}","templated":true}]}}