{"id":2856,"date":"2023-05-08T18:15:24","date_gmt":"2023-05-08T16:15:24","guid":{"rendered":"https:\/\/radiolitoral.com\/?p=2856"},"modified":"2023-05-08T18:15:53","modified_gmt":"2023-05-08T16:15:53","slug":"les-festes-de-la-rosa-de-benitatxell-continuen-amb-una-agenda-plena-dactes","status":"publish","type":"post","link":"https:\/\/radiolitoral.com\/ca\/2023\/05\/las-fiestas-de-la-rosa-de-benitatxell-continuan-con-una-agenda-repleta-de-actos\/","title":{"rendered":"Les festes de la Rosa de Benitatxell continuen amb una agenda plena d&#039;actes"},"content":{"rendered":"<p>A <strong>El Poble Nou<\/strong> <strong>de Benitatxell<\/strong> segueixen de festa, avui dilluns, dia 8, el programa inclou <strong>actes religiosos i activitats infantils<\/strong>. Destacar que despr\u00e9s de la missa en honor a Sant Pancra\u00e7 M\u00e0rtir, <strong>s&#039;ha nomenat l&#039;alcalde de Sant Pancra\u00e7<\/strong> al balc\u00f3 de l&#039;Ajuntament, on s&#039;han dictat les normes de la disfressa que hauran de complir tots els ve\u00efns i ve\u00efnes el proper dissabte 13 a la jornada festiva de disfresses.<\/p>\n<p>A partir de dem\u00e0, i fins al 14 de maig hi haur\u00e0 <strong>solta de vaques<\/strong> totes les tardes (excepte dissabte), i sopar a preus populars a c\u00e0rrec de la Penya Taurina el divendres 12. A m\u00e9s, aquest mateix divendres, el Centre Social acollir\u00e0 la <strong>presentaci\u00f3 del llibre de Miquel S\u00e1nchez i Signes \u201cLa Cova de les Bruixes del Poble Nou de Benitatxell i l&#039;arqueologia\u201d<\/strong>, IX Premi de Recerca Puig Lloren\u00e7a.<\/p>\n<p>Les festes continuaran el dissabte 13 de maig amb un dels dies m\u00e9s divertits de tot l&#039;any: Sant Pancra\u00e7 i les seves disfresses populars. La jornada arrencar\u00e0 amb <strong><em>despert\u00e0<\/em>, cercavila informal i cucanyes per als m\u00e9s petits<\/strong>. A l&#039;hora de dinar se celebrar\u00e0 el <strong>concurs de paelles<\/strong>, amb premis de 100, 75 i 50 euros per a les tres millors. El <strong>cercavila de disfresses<\/strong> sortir\u00e0 a les 17:00h des del casal fester. A partir de les 18:00h hi haur\u00e0 <strong>discom\u00f2bil Karakatoa<\/strong> al carrer La Pau, ia les 19:30h, els festers i festeres repartiran entrepans per a tots aquells que compleixin les normes dictades per l&#039;alcalde o alcaldessa de Sant Pancra\u00e7.<\/p>\n<p>&nbsp;<\/p>\n<p>&nbsp;<\/p>","protected":false},"excerpt":{"rendered":"<p>En El Poble Nou de Benitatxell siguen de fiesta, hoy lunes, d\u00eda 8, el programa incluye actos religiosos y actividades infantiles. Destacar que tras la misa en honor a San Pancracio M\u00e1rtir, se ha nombrado al alcalde de San Pancracio en el balc\u00f3n del Ayuntamiento, donde se han dictado las normas del disfraz que deber\u00e1n [&#8230;]<\/p>\n<p><a class=\"btn btn-secondary understrap-read-more-link\" href=\"https:\/\/radiolitoral.com\/ca\/2023\/05\/las-fiestas-de-la-rosa-de-benitatxell-continuan-con-una-agenda-repleta-de-actos\/\">Continua llegint&#8230;<span class=\"screen-reader-text\"> from Las fiestas de la Rosa de Benitatxell contin\u00faan con una agenda repleta de actos<\/span><\/a><\/p>\n","protected":false},"author":21,"featured_media":2732,"comment_status":"open","ping_status":"closed","sticky":false,"template":"","format":"standard","meta":{"_acf_changed":false,"inline_featured_image":false,"footnotes":""},"categories":[276],"tags":[480,184,667,642],"class_list":["post-2856","post","type-post","status-publish","format-standard","has-post-thumbnail","hentry","category-fiestas","tag-agenda-benitatxell","tag-benitatxell","tag-fiestas-de-la-rosa","tag-fiestas-de-la-rosa-benitatxell","cobertura-poble-nou-de-benitatxell"],"acf":[],"yoast_head":"<!-- This site is optimized with the Yoast SEO plugin v27.5 - https:\/\/yoast.com\/product\/yoast-seo-wordpress\/ -->\n<title>Las fiestas de la Rosa de Benitatxell contin\u00faan con una agenda repleta de actos | R\u00e0dio Litoral<\/title>\n<meta name=\"description\" content=\"Pasacalles, actuaciones musicales y, sobre todo, gran ambiente Pasacalles, actuaciones musicales y, sobre todo, gran ambiente\" \/>\n<meta name=\"robots\" content=\"index, follow, max-snippet:-1, max-image-preview:large, max-video-preview:-1\" \/>\n<link rel=\"canonical\" href=\"https:\/\/radiolitoral.com\/ca\/2023\/05\/les-festes-de-la-rosa-de-benitatxell-continuen-amb-una-agenda-plena-dactes\/\" \/>\n<meta property=\"og:locale\" content=\"ca_ES\" \/>\n<meta property=\"og:type\" content=\"article\" \/>\n<meta property=\"og:title\" content=\"Las fiestas de la Rosa de Benitatxell contin\u00faan con una agenda repleta de actos | R\u00e0dio Litoral\" \/>\n<meta property=\"og:description\" content=\"Pasacalles, actuaciones musicales y, sobre todo, gran ambiente Pasacalles, actuaciones musicales y, sobre todo, gran ambiente\" \/>\n<meta property=\"og:url\" content=\"https:\/\/radiolitoral.com\/ca\/2023\/05\/les-festes-de-la-rosa-de-benitatxell-continuen-amb-una-agenda-plena-dactes\/\" \/>\n<meta property=\"og:site_name\" content=\"R\u00e0dio Litoral\" \/>\n<meta property=\"article:publisher\" content=\"https:\/\/www.facebook.com\/Laradiolitoral\/\" \/>\n<meta property=\"article:published_time\" content=\"2023-05-08T16:15:24+00:00\" \/>\n<meta property=\"article:modified_time\" content=\"2023-05-08T16:15:53+00:00\" \/>\n<meta property=\"og:image\" content=\"https:\/\/media.radiolitoral.com\/wp-content\/uploads\/2023\/05\/03160235\/llibre-festes-de-la-rosa-2023-349x490-1.jpg\" \/>\n\t<meta property=\"og:image:width\" content=\"349\" \/>\n\t<meta property=\"og:image:height\" content=\"490\" \/>\n\t<meta property=\"og:image:type\" content=\"image\/jpeg\" \/>\n<meta name=\"author\" content=\"Mel Pescuezo\" \/>\n<meta name=\"twitter:card\" content=\"summary_large_image\" \/>\n<meta name=\"twitter:label1\" content=\"Escrit per\" \/>\n\t<meta name=\"twitter:data1\" content=\"Mel Pescuezo\" \/>\n\t<meta name=\"twitter:label2\" content=\"Temps estimat de lectura\" \/>\n\t<meta name=\"twitter:data2\" content=\"2 minuts\" \/>\n<script type=\"application\/ld+json\" class=\"yoast-schema-graph\">{\"@context\":\"https:\\\/\\\/schema.org\",\"@graph\":[{\"@type\":\"NewsArticle\",\"@id\":\"https:\\\/\\\/radiolitoral.com\\\/2023\\\/05\\\/las-fiestas-de-la-rosa-de-benitatxell-continuan-con-una-agenda-repleta-de-actos\\\/#article\",\"isPartOf\":{\"@id\":\"https:\\\/\\\/radiolitoral.com\\\/2023\\\/05\\\/las-fiestas-de-la-rosa-de-benitatxell-continuan-con-una-agenda-repleta-de-actos\\\/\"},\"author\":{\"name\":\"Mel Pescuezo\",\"@id\":\"https:\\\/\\\/radiolitoral.com\\\/#\\\/schema\\\/person\\\/aad4f72efa404f85b68e832d24cac059\"},\"headline\":\"Las fiestas de la Rosa de Benitatxell contin\u00faan con una agenda repleta de actos\",\"datePublished\":\"2023-05-08T16:15:24+00:00\",\"dateModified\":\"2023-05-08T16:15:53+00:00\",\"mainEntityOfPage\":{\"@id\":\"https:\\\/\\\/radiolitoral.com\\\/2023\\\/05\\\/las-fiestas-de-la-rosa-de-benitatxell-continuan-con-una-agenda-repleta-de-actos\\\/\"},\"wordCount\":286,\"commentCount\":0,\"publisher\":{\"@id\":\"https:\\\/\\\/radiolitoral.com\\\/#organization\"},\"image\":{\"@id\":\"https:\\\/\\\/radiolitoral.com\\\/2023\\\/05\\\/las-fiestas-de-la-rosa-de-benitatxell-continuan-con-una-agenda-repleta-de-actos\\\/#primaryimage\"},\"thumbnailUrl\":\"https:\\\/\\\/media.radiolitoral.com\\\/wp-content\\\/uploads\\\/2023\\\/05\\\/03160235\\\/llibre-festes-de-la-rosa-2023-349x490-1.jpg\",\"keywords\":[\"agenda Benitatxell\",\"Benitatxell\",\"Fiestas de la Rosa\",\"Fiestas de la Rosa Benitatxell\"],\"articleSection\":[\"Fiestas\"],\"inLanguage\":\"ca\",\"potentialAction\":[{\"@type\":\"CommentAction\",\"name\":\"Comment\",\"target\":[\"https:\\\/\\\/radiolitoral.com\\\/2023\\\/05\\\/las-fiestas-de-la-rosa-de-benitatxell-continuan-con-una-agenda-repleta-de-actos\\\/#respond\"]}]},{\"@type\":[\"WebPage\",\"ItemPage\"],\"@id\":\"https:\\\/\\\/radiolitoral.com\\\/2023\\\/05\\\/las-fiestas-de-la-rosa-de-benitatxell-continuan-con-una-agenda-repleta-de-actos\\\/\",\"url\":\"https:\\\/\\\/radiolitoral.com\\\/2023\\\/05\\\/las-fiestas-de-la-rosa-de-benitatxell-continuan-con-una-agenda-repleta-de-actos\\\/\",\"name\":\"Las fiestas de la Rosa de Benitatxell contin\u00faan con una agenda repleta de actos | R\u00e0dio Litoral\",\"isPartOf\":{\"@id\":\"https:\\\/\\\/radiolitoral.com\\\/#website\"},\"primaryImageOfPage\":{\"@id\":\"https:\\\/\\\/radiolitoral.com\\\/2023\\\/05\\\/las-fiestas-de-la-rosa-de-benitatxell-continuan-con-una-agenda-repleta-de-actos\\\/#primaryimage\"},\"image\":{\"@id\":\"https:\\\/\\\/radiolitoral.com\\\/2023\\\/05\\\/las-fiestas-de-la-rosa-de-benitatxell-continuan-con-una-agenda-repleta-de-actos\\\/#primaryimage\"},\"thumbnailUrl\":\"https:\\\/\\\/media.radiolitoral.com\\\/wp-content\\\/uploads\\\/2023\\\/05\\\/03160235\\\/llibre-festes-de-la-rosa-2023-349x490-1.jpg\",\"datePublished\":\"2023-05-08T16:15:24+00:00\",\"dateModified\":\"2023-05-08T16:15:53+00:00\",\"description\":\"Pasacalles, actuaciones musicales y, sobre todo, gran ambiente Pasacalles, actuaciones musicales y, sobre todo, gran ambiente\",\"breadcrumb\":{\"@id\":\"https:\\\/\\\/radiolitoral.com\\\/2023\\\/05\\\/las-fiestas-de-la-rosa-de-benitatxell-continuan-con-una-agenda-repleta-de-actos\\\/#breadcrumb\"},\"inLanguage\":\"ca\",\"potentialAction\":[{\"@type\":\"ReadAction\",\"target\":[\"https:\\\/\\\/radiolitoral.com\\\/2023\\\/05\\\/las-fiestas-de-la-rosa-de-benitatxell-continuan-con-una-agenda-repleta-de-actos\\\/\"]}]},{\"@type\":\"ImageObject\",\"inLanguage\":\"ca\",\"@id\":\"https:\\\/\\\/radiolitoral.com\\\/2023\\\/05\\\/las-fiestas-de-la-rosa-de-benitatxell-continuan-con-una-agenda-repleta-de-actos\\\/#primaryimage\",\"url\":\"https:\\\/\\\/media.radiolitoral.com\\\/wp-content\\\/uploads\\\/2023\\\/05\\\/03160235\\\/llibre-festes-de-la-rosa-2023-349x490-1.jpg\",\"contentUrl\":\"https:\\\/\\\/media.radiolitoral.com\\\/wp-content\\\/uploads\\\/2023\\\/05\\\/03160235\\\/llibre-festes-de-la-rosa-2023-349x490-1.jpg\",\"width\":349,\"height\":490},{\"@type\":\"BreadcrumbList\",\"@id\":\"https:\\\/\\\/radiolitoral.com\\\/2023\\\/05\\\/las-fiestas-de-la-rosa-de-benitatxell-continuan-con-una-agenda-repleta-de-actos\\\/#breadcrumb\",\"itemListElement\":[{\"@type\":\"ListItem\",\"position\":1,\"name\":\"Portada\",\"item\":\"https:\\\/\\\/radiolitoral.com\\\/\"},{\"@type\":\"ListItem\",\"position\":2,\"name\":\"Las fiestas de la Rosa de Benitatxell contin\u00faan con una agenda repleta de actos\"}]},{\"@type\":\"WebSite\",\"@id\":\"https:\\\/\\\/radiolitoral.com\\\/#website\",\"url\":\"https:\\\/\\\/radiolitoral.com\\\/\",\"name\":\"Radio Litoral\",\"description\":\"La radio local de la Marina Alta\",\"publisher\":{\"@id\":\"https:\\\/\\\/radiolitoral.com\\\/#organization\"},\"alternateName\":\"Litoral FM\",\"potentialAction\":[{\"@type\":\"SearchAction\",\"target\":{\"@type\":\"EntryPoint\",\"urlTemplate\":\"https:\\\/\\\/radiolitoral.com\\\/?s={search_term_string}\"},\"query-input\":{\"@type\":\"PropertyValueSpecification\",\"valueRequired\":true,\"valueName\":\"search_term_string\"}}],\"inLanguage\":\"ca\"},{\"@type\":\"Organization\",\"@id\":\"https:\\\/\\\/radiolitoral.com\\\/#organization\",\"name\":\"Radio Litoral\",\"url\":\"https:\\\/\\\/radiolitoral.com\\\/\",\"logo\":{\"@type\":\"ImageObject\",\"inLanguage\":\"ca\",\"@id\":\"https:\\\/\\\/radiolitoral.com\\\/#\\\/schema\\\/logo\\\/image\\\/\",\"url\":\"https:\\\/\\\/media.radiolitoral.com\\\/wp-content\\\/uploads\\\/2023\\\/02\\\/24143238\\\/CL-V-RadioLitoral696.png\",\"contentUrl\":\"https:\\\/\\\/media.radiolitoral.com\\\/wp-content\\\/uploads\\\/2023\\\/02\\\/24143238\\\/CL-V-RadioLitoral696.png\",\"width\":696,\"height\":696,\"caption\":\"Radio Litoral\"},\"image\":{\"@id\":\"https:\\\/\\\/radiolitoral.com\\\/#\\\/schema\\\/logo\\\/image\\\/\"},\"sameAs\":[\"https:\\\/\\\/www.facebook.com\\\/Laradiolitoral\\\/\"]},{\"@type\":\"Person\",\"@id\":\"https:\\\/\\\/radiolitoral.com\\\/#\\\/schema\\\/person\\\/aad4f72efa404f85b68e832d24cac059\",\"name\":\"Mel Pescuezo\",\"image\":{\"@type\":\"ImageObject\",\"inLanguage\":\"ca\",\"@id\":\"https:\\\/\\\/secure.gravatar.com\\\/avatar\\\/993975ae489c70cb0dd9bfa9413a082f0bd276582dac13661af7b33f161e7eea?s=96&d=mm&r=g\",\"url\":\"https:\\\/\\\/secure.gravatar.com\\\/avatar\\\/993975ae489c70cb0dd9bfa9413a082f0bd276582dac13661af7b33f161e7eea?s=96&d=mm&r=g\",\"contentUrl\":\"https:\\\/\\\/secure.gravatar.com\\\/avatar\\\/993975ae489c70cb0dd9bfa9413a082f0bd276582dac13661af7b33f161e7eea?s=96&d=mm&r=g\",\"caption\":\"Mel Pescuezo\"},\"url\":\"https:\\\/\\\/radiolitoral.com\\\/ca\\\/author\\\/serviciospararadios\\\/\"}]}<\/script>\n<!-- \/ Yoast SEO plugin. -->","yoast_head_json":{"title":"Les festes de la Rosa de Benitatxell continuen amb una agenda plena d&#039;actes | R\u00e0dio Litoral","description":"Cercavila, actuacions musicals i, sobretot, gran ambient Cercavila, actuacions musicals i, sobretot, gran ambient","robots":{"index":"index","follow":"follow","max-snippet":"max-snippet:-1","max-image-preview":"max-image-preview:large","max-video-preview":"max-video-preview:-1"},"canonical":"https:\/\/radiolitoral.com\/ca\/2023\/05\/les-festes-de-la-rosa-de-benitatxell-continuen-amb-una-agenda-plena-dactes\/","og_locale":"ca_ES","og_type":"article","og_title":"Las fiestas de la Rosa de Benitatxell contin\u00faan con una agenda repleta de actos | R\u00e0dio Litoral","og_description":"Pasacalles, actuaciones musicales y, sobre todo, gran ambiente Pasacalles, actuaciones musicales y, sobre todo, gran ambiente","og_url":"https:\/\/radiolitoral.com\/ca\/2023\/05\/les-festes-de-la-rosa-de-benitatxell-continuen-amb-una-agenda-plena-dactes\/","og_site_name":"R\u00e0dio Litoral","article_publisher":"https:\/\/www.facebook.com\/Laradiolitoral\/","article_published_time":"2023-05-08T16:15:24+00:00","article_modified_time":"2023-05-08T16:15:53+00:00","og_image":[{"width":349,"height":490,"url":"https:\/\/media.radiolitoral.com\/wp-content\/uploads\/2023\/05\/03160235\/llibre-festes-de-la-rosa-2023-349x490-1.jpg","type":"image\/jpeg"}],"author":"Mel Pescuezo","twitter_card":"summary_large_image","twitter_misc":{"Escrit per":"Mel Pescuezo","Temps estimat de lectura":"2 minuts"},"schema":{"@context":"https:\/\/schema.org","@graph":[{"@type":"NewsArticle","@id":"https:\/\/radiolitoral.com\/2023\/05\/las-fiestas-de-la-rosa-de-benitatxell-continuan-con-una-agenda-repleta-de-actos\/#article","isPartOf":{"@id":"https:\/\/radiolitoral.com\/2023\/05\/las-fiestas-de-la-rosa-de-benitatxell-continuan-con-una-agenda-repleta-de-actos\/"},"author":{"name":"Mel Pescuezo","@id":"https:\/\/radiolitoral.com\/#\/schema\/person\/aad4f72efa404f85b68e832d24cac059"},"headline":"Las fiestas de la Rosa de Benitatxell contin\u00faan con una agenda repleta de actos","datePublished":"2023-05-08T16:15:24+00:00","dateModified":"2023-05-08T16:15:53+00:00","mainEntityOfPage":{"@id":"https:\/\/radiolitoral.com\/2023\/05\/las-fiestas-de-la-rosa-de-benitatxell-continuan-con-una-agenda-repleta-de-actos\/"},"wordCount":286,"commentCount":0,"publisher":{"@id":"https:\/\/radiolitoral.com\/#organization"},"image":{"@id":"https:\/\/radiolitoral.com\/2023\/05\/las-fiestas-de-la-rosa-de-benitatxell-continuan-con-una-agenda-repleta-de-actos\/#primaryimage"},"thumbnailUrl":"https:\/\/media.radiolitoral.com\/wp-content\/uploads\/2023\/05\/03160235\/llibre-festes-de-la-rosa-2023-349x490-1.jpg","keywords":["agenda Benitatxell","Benitatxell","Fiestas de la Rosa","Fiestas de la Rosa Benitatxell"],"articleSection":["Fiestas"],"inLanguage":"ca","potentialAction":[{"@type":"CommentAction","name":"Comment","target":["https:\/\/radiolitoral.com\/2023\/05\/las-fiestas-de-la-rosa-de-benitatxell-continuan-con-una-agenda-repleta-de-actos\/#respond"]}]},{"@type":["WebPage","ItemPage"],"@id":"https:\/\/radiolitoral.com\/2023\/05\/las-fiestas-de-la-rosa-de-benitatxell-continuan-con-una-agenda-repleta-de-actos\/","url":"https:\/\/radiolitoral.com\/2023\/05\/las-fiestas-de-la-rosa-de-benitatxell-continuan-con-una-agenda-repleta-de-actos\/","name":"Les festes de la Rosa de Benitatxell continuen amb una agenda plena d&#039;actes | R\u00e0dio Litoral","isPartOf":{"@id":"https:\/\/radiolitoral.com\/#website"},"primaryImageOfPage":{"@id":"https:\/\/radiolitoral.com\/2023\/05\/las-fiestas-de-la-rosa-de-benitatxell-continuan-con-una-agenda-repleta-de-actos\/#primaryimage"},"image":{"@id":"https:\/\/radiolitoral.com\/2023\/05\/las-fiestas-de-la-rosa-de-benitatxell-continuan-con-una-agenda-repleta-de-actos\/#primaryimage"},"thumbnailUrl":"https:\/\/media.radiolitoral.com\/wp-content\/uploads\/2023\/05\/03160235\/llibre-festes-de-la-rosa-2023-349x490-1.jpg","datePublished":"2023-05-08T16:15:24+00:00","dateModified":"2023-05-08T16:15:53+00:00","description":"Cercavila, actuacions musicals i, sobretot, gran ambient Cercavila, actuacions musicals i, sobretot, gran ambient","breadcrumb":{"@id":"https:\/\/radiolitoral.com\/2023\/05\/las-fiestas-de-la-rosa-de-benitatxell-continuan-con-una-agenda-repleta-de-actos\/#breadcrumb"},"inLanguage":"ca","potentialAction":[{"@type":"ReadAction","target":["https:\/\/radiolitoral.com\/2023\/05\/las-fiestas-de-la-rosa-de-benitatxell-continuan-con-una-agenda-repleta-de-actos\/"]}]},{"@type":"ImageObject","inLanguage":"ca","@id":"https:\/\/radiolitoral.com\/2023\/05\/las-fiestas-de-la-rosa-de-benitatxell-continuan-con-una-agenda-repleta-de-actos\/#primaryimage","url":"https:\/\/media.radiolitoral.com\/wp-content\/uploads\/2023\/05\/03160235\/llibre-festes-de-la-rosa-2023-349x490-1.jpg","contentUrl":"https:\/\/media.radiolitoral.com\/wp-content\/uploads\/2023\/05\/03160235\/llibre-festes-de-la-rosa-2023-349x490-1.jpg","width":349,"height":490},{"@type":"BreadcrumbList","@id":"https:\/\/radiolitoral.com\/2023\/05\/las-fiestas-de-la-rosa-de-benitatxell-continuan-con-una-agenda-repleta-de-actos\/#breadcrumb","itemListElement":[{"@type":"ListItem","position":1,"name":"Portada","item":"https:\/\/radiolitoral.com\/"},{"@type":"ListItem","position":2,"name":"Las fiestas de la Rosa de Benitatxell contin\u00faan con una agenda repleta de actos"}]},{"@type":"WebSite","@id":"https:\/\/radiolitoral.com\/#website","url":"https:\/\/radiolitoral.com\/","name":"R\u00e0dio Litoral","description":"La r\u00e0dio local de la Marina Alta","publisher":{"@id":"https:\/\/radiolitoral.com\/#organization"},"alternateName":"Litoral FM","potentialAction":[{"@type":"SearchAction","target":{"@type":"EntryPoint","urlTemplate":"https:\/\/radiolitoral.com\/?s={search_term_string}"},"query-input":{"@type":"PropertyValueSpecification","valueRequired":true,"valueName":"search_term_string"}}],"inLanguage":"ca"},{"@type":"Organization","@id":"https:\/\/radiolitoral.com\/#organization","name":"R\u00e0dio Litoral","url":"https:\/\/radiolitoral.com\/","logo":{"@type":"ImageObject","inLanguage":"ca","@id":"https:\/\/radiolitoral.com\/#\/schema\/logo\/image\/","url":"https:\/\/media.radiolitoral.com\/wp-content\/uploads\/2023\/02\/24143238\/CL-V-RadioLitoral696.png","contentUrl":"https:\/\/media.radiolitoral.com\/wp-content\/uploads\/2023\/02\/24143238\/CL-V-RadioLitoral696.png","width":696,"height":696,"caption":"Radio Litoral"},"image":{"@id":"https:\/\/radiolitoral.com\/#\/schema\/logo\/image\/"},"sameAs":["https:\/\/www.facebook.com\/Laradiolitoral\/"]},{"@type":"Person","@id":"https:\/\/radiolitoral.com\/#\/schema\/person\/aad4f72efa404f85b68e832d24cac059","name":"Mel Pescuezo","image":{"@type":"ImageObject","inLanguage":"ca","@id":"https:\/\/secure.gravatar.com\/avatar\/993975ae489c70cb0dd9bfa9413a082f0bd276582dac13661af7b33f161e7eea?s=96&d=mm&r=g","url":"https:\/\/secure.gravatar.com\/avatar\/993975ae489c70cb0dd9bfa9413a082f0bd276582dac13661af7b33f161e7eea?s=96&d=mm&r=g","contentUrl":"https:\/\/secure.gravatar.com\/avatar\/993975ae489c70cb0dd9bfa9413a082f0bd276582dac13661af7b33f161e7eea?s=96&d=mm&r=g","caption":"Mel Pescuezo"},"url":"https:\/\/radiolitoral.com\/ca\/author\/serviciospararadios\/"}]}},"_links":{"self":[{"href":"https:\/\/radiolitoral.com\/ca\/wp-json\/wp\/v2\/posts\/2856","targetHints":{"allow":["GET"]}}],"collection":[{"href":"https:\/\/radiolitoral.com\/ca\/wp-json\/wp\/v2\/posts"}],"about":[{"href":"https:\/\/radiolitoral.com\/ca\/wp-json\/wp\/v2\/types\/post"}],"author":[{"embeddable":true,"href":"https:\/\/radiolitoral.com\/ca\/wp-json\/wp\/v2\/users\/21"}],"replies":[{"embeddable":true,"href":"https:\/\/radiolitoral.com\/ca\/wp-json\/wp\/v2\/comments?post=2856"}],"version-history":[{"count":1,"href":"https:\/\/radiolitoral.com\/ca\/wp-json\/wp\/v2\/posts\/2856\/revisions"}],"predecessor-version":[{"id":2857,"href":"https:\/\/radiolitoral.com\/ca\/wp-json\/wp\/v2\/posts\/2856\/revisions\/2857"}],"wp:featuredmedia":[{"embeddable":true,"href":"https:\/\/radiolitoral.com\/ca\/wp-json\/wp\/v2\/media\/2732"}],"wp:attachment":[{"href":"https:\/\/radiolitoral.com\/ca\/wp-json\/wp\/v2\/media?parent=2856"}],"wp:term":[{"taxonomy":"category","embeddable":true,"href":"https:\/\/radiolitoral.com\/ca\/wp-json\/wp\/v2\/categories?post=2856"},{"taxonomy":"post_tag","embeddable":true,"href":"https:\/\/radiolitoral.com\/ca\/wp-json\/wp\/v2\/tags?post=2856"}],"curies":[{"name":"wp","href":"https:\/\/api.w.org\/{rel}","templated":true}]}}