{"id":2853,"date":"2023-05-08T18:02:52","date_gmt":"2023-05-08T16:02:52","guid":{"rendered":"https:\/\/radiolitoral.com\/?p=2853"},"modified":"2023-05-08T18:05:14","modified_gmt":"2023-05-08T16:05:14","slug":"16-platges-de-la-marina-alta-lluiran-la-bandera-blava","status":"publish","type":"post","link":"https:\/\/radiolitoral.com\/ca\/2023\/05\/16-playas-de-la-marina-alta-luciran-la-bandera-azul\/","title":{"rendered":"16 platges de la Marina Alta lluiran la Bandera Blava"},"content":{"rendered":"<p>Les platges guardonades amb el distintiu de<span style=\"background-color: var(--bs-body-bg); color: var(--bs-body-color); font-family: var(--bs-body-font-family); font-size: var(--bs-body-font-size); font-weight: var(--bs-body-font-weight); text-align: var(--bs-body-text-align);\"> Bandera Blava <\/span><span style=\"background-color: var(--bs-body-bg); color: var(--bs-body-color); font-family: var(--bs-body-font-family); font-size: var(--bs-body-font-size); font-weight: var(--bs-body-font-weight); text-align: var(--bs-body-text-align);\">a la Marina Alta s\u00f3n <strong>Cala Baladrar i Cala Fustera<\/strong> (Benissa); <strong>Cantal Roig, La Fossa i L&#039;Arenal-Bol<\/strong> (Calp); <strong>Les Bovetes, les Marines, la Marineta Cassiana, Molins i Punta del Raset<\/strong> (D\u00e9nia). <strong>El Moraig<\/strong> (Poble Nou de Benitatxell); <strong>El Portet, L&#039;Ampolla i Les Platgetes<\/strong> (Teulada); i la <strong>Granadella i La Grava<\/strong> (X\u00e0bia).<\/span><\/p>\n<p>Mentre que els ports distingits amb Bandera Blava s\u00f3n: El de X\u00e0bia, les Bassetes (Benissa), Marina D\u00e9nia, el de Calp, i Moraira, que la recupera.<\/p>\n<p>&nbsp;<\/p>","protected":false},"excerpt":{"rendered":"<p>Las playas galardonadas con el distintivo de Bandera Azul en la Marina Alta son Cala Baladrar y Cala Fustera (Benissa); Cantal Roig, La Fossa y L&#8217;Arenal-Bol (Calp); Les Bovetes, Les Marines, La Marineta Cassiana, Molins y Punta del Raset (D\u00e9nia). El Moraig (Poble Nou de Benitatxell); El Portet, La Ampolla y Les Platgetes (Teulada); y [&#8230;]<\/p>\n<p><a class=\"btn btn-secondary understrap-read-more-link\" href=\"https:\/\/radiolitoral.com\/ca\/2023\/05\/16-playas-de-la-marina-alta-luciran-la-bandera-azul\/\">Continua llegint&#8230;<span class=\"screen-reader-text\"> from 16 playas de la Marina Alta lucir\u00e1n la Bandera Azul<\/span><\/a><\/p>\n","protected":false},"author":21,"featured_media":1863,"comment_status":"open","ping_status":"closed","sticky":false,"template":"","format":"standard","meta":{"_acf_changed":false,"inline_featured_image":false,"footnotes":""},"categories":[144],"tags":[665,666],"class_list":["post-2853","post","type-post","status-publish","format-standard","has-post-thumbnail","hentry","category-turismo","tag-banderas-azules","tag-playas-marina-alta","cobertura-marina-alta"],"acf":[],"yoast_head":"<!-- This site is optimized with the Yoast SEO plugin v27.5 - https:\/\/yoast.com\/product\/yoast-seo-wordpress\/ -->\n<title>16 playas de la Marina Alta lucir\u00e1n la Bandera Azul | R\u00e0dio Litoral<\/title>\n<meta name=\"description\" content=\"Entre ellas el Moraig de Benitatxell, una de las m\u00e1s afamadas Entre ellas el Moraig de Benitatxell, una de las m\u00e1s afamadas\" \/>\n<meta name=\"robots\" content=\"index, follow, max-snippet:-1, max-image-preview:large, max-video-preview:-1\" \/>\n<link rel=\"canonical\" href=\"https:\/\/radiolitoral.com\/ca\/2023\/05\/16-platges-de-la-marina-alta-lluiran-la-bandera-blava\/\" \/>\n<meta property=\"og:locale\" content=\"ca_ES\" \/>\n<meta property=\"og:type\" content=\"article\" \/>\n<meta property=\"og:title\" content=\"16 playas de la Marina Alta lucir\u00e1n la Bandera Azul | R\u00e0dio Litoral\" \/>\n<meta property=\"og:description\" content=\"Entre ellas el Moraig de Benitatxell, una de las m\u00e1s afamadas Entre ellas el Moraig de Benitatxell, una de las m\u00e1s afamadas\" \/>\n<meta property=\"og:url\" content=\"https:\/\/radiolitoral.com\/ca\/2023\/05\/16-platges-de-la-marina-alta-lluiran-la-bandera-blava\/\" \/>\n<meta property=\"og:site_name\" content=\"R\u00e0dio Litoral\" \/>\n<meta property=\"article:publisher\" content=\"https:\/\/www.facebook.com\/Laradiolitoral\/\" \/>\n<meta property=\"article:published_time\" content=\"2023-05-08T16:02:52+00:00\" \/>\n<meta property=\"article:modified_time\" content=\"2023-05-08T16:05:14+00:00\" \/>\n<meta property=\"og:image\" content=\"https:\/\/media.radiolitoral.com\/wp-content\/uploads\/2023\/03\/31152504\/cala.jpg\" \/>\n\t<meta property=\"og:image:width\" content=\"1200\" \/>\n\t<meta property=\"og:image:height\" content=\"747\" \/>\n\t<meta property=\"og:image:type\" content=\"image\/jpeg\" \/>\n<meta name=\"author\" content=\"Mel Pescuezo\" \/>\n<meta name=\"twitter:card\" content=\"summary_large_image\" \/>\n<meta name=\"twitter:label1\" content=\"Escrit per\" \/>\n\t<meta name=\"twitter:data1\" content=\"Mel Pescuezo\" \/>\n\t<meta name=\"twitter:label2\" content=\"Temps estimat de lectura\" \/>\n\t<meta name=\"twitter:data2\" content=\"1 minut\" \/>\n<script type=\"application\/ld+json\" class=\"yoast-schema-graph\">{\"@context\":\"https:\\\/\\\/schema.org\",\"@graph\":[{\"@type\":\"NewsArticle\",\"@id\":\"https:\\\/\\\/radiolitoral.com\\\/2023\\\/05\\\/16-playas-de-la-marina-alta-luciran-la-bandera-azul\\\/#article\",\"isPartOf\":{\"@id\":\"https:\\\/\\\/radiolitoral.com\\\/2023\\\/05\\\/16-playas-de-la-marina-alta-luciran-la-bandera-azul\\\/\"},\"author\":{\"name\":\"Mel Pescuezo\",\"@id\":\"https:\\\/\\\/radiolitoral.com\\\/#\\\/schema\\\/person\\\/aad4f72efa404f85b68e832d24cac059\"},\"headline\":\"16 playas de la Marina Alta lucir\u00e1n la Bandera Azul\",\"datePublished\":\"2023-05-08T16:02:52+00:00\",\"dateModified\":\"2023-05-08T16:05:14+00:00\",\"mainEntityOfPage\":{\"@id\":\"https:\\\/\\\/radiolitoral.com\\\/2023\\\/05\\\/16-playas-de-la-marina-alta-luciran-la-bandera-azul\\\/\"},\"wordCount\":102,\"commentCount\":0,\"publisher\":{\"@id\":\"https:\\\/\\\/radiolitoral.com\\\/#organization\"},\"image\":{\"@id\":\"https:\\\/\\\/radiolitoral.com\\\/2023\\\/05\\\/16-playas-de-la-marina-alta-luciran-la-bandera-azul\\\/#primaryimage\"},\"thumbnailUrl\":\"https:\\\/\\\/media.radiolitoral.com\\\/wp-content\\\/uploads\\\/2023\\\/03\\\/31152504\\\/cala.jpg\",\"keywords\":[\"Banderas Azules\",\"playas Marina Alta\"],\"articleSection\":[\"Turismo\"],\"inLanguage\":\"ca\",\"potentialAction\":[{\"@type\":\"CommentAction\",\"name\":\"Comment\",\"target\":[\"https:\\\/\\\/radiolitoral.com\\\/2023\\\/05\\\/16-playas-de-la-marina-alta-luciran-la-bandera-azul\\\/#respond\"]}]},{\"@type\":[\"WebPage\",\"ItemPage\"],\"@id\":\"https:\\\/\\\/radiolitoral.com\\\/2023\\\/05\\\/16-playas-de-la-marina-alta-luciran-la-bandera-azul\\\/\",\"url\":\"https:\\\/\\\/radiolitoral.com\\\/2023\\\/05\\\/16-playas-de-la-marina-alta-luciran-la-bandera-azul\\\/\",\"name\":\"16 playas de la Marina Alta lucir\u00e1n la Bandera Azul | R\u00e0dio Litoral\",\"isPartOf\":{\"@id\":\"https:\\\/\\\/radiolitoral.com\\\/#website\"},\"primaryImageOfPage\":{\"@id\":\"https:\\\/\\\/radiolitoral.com\\\/2023\\\/05\\\/16-playas-de-la-marina-alta-luciran-la-bandera-azul\\\/#primaryimage\"},\"image\":{\"@id\":\"https:\\\/\\\/radiolitoral.com\\\/2023\\\/05\\\/16-playas-de-la-marina-alta-luciran-la-bandera-azul\\\/#primaryimage\"},\"thumbnailUrl\":\"https:\\\/\\\/media.radiolitoral.com\\\/wp-content\\\/uploads\\\/2023\\\/03\\\/31152504\\\/cala.jpg\",\"datePublished\":\"2023-05-08T16:02:52+00:00\",\"dateModified\":\"2023-05-08T16:05:14+00:00\",\"description\":\"Entre ellas el Moraig de Benitatxell, una de las m\u00e1s afamadas Entre ellas el Moraig de Benitatxell, una de las m\u00e1s afamadas\",\"breadcrumb\":{\"@id\":\"https:\\\/\\\/radiolitoral.com\\\/2023\\\/05\\\/16-playas-de-la-marina-alta-luciran-la-bandera-azul\\\/#breadcrumb\"},\"inLanguage\":\"ca\",\"potentialAction\":[{\"@type\":\"ReadAction\",\"target\":[\"https:\\\/\\\/radiolitoral.com\\\/2023\\\/05\\\/16-playas-de-la-marina-alta-luciran-la-bandera-azul\\\/\"]}]},{\"@type\":\"ImageObject\",\"inLanguage\":\"ca\",\"@id\":\"https:\\\/\\\/radiolitoral.com\\\/2023\\\/05\\\/16-playas-de-la-marina-alta-luciran-la-bandera-azul\\\/#primaryimage\",\"url\":\"https:\\\/\\\/media.radiolitoral.com\\\/wp-content\\\/uploads\\\/2023\\\/03\\\/31152504\\\/cala.jpg\",\"contentUrl\":\"https:\\\/\\\/media.radiolitoral.com\\\/wp-content\\\/uploads\\\/2023\\\/03\\\/31152504\\\/cala.jpg\",\"width\":1200,\"height\":747},{\"@type\":\"BreadcrumbList\",\"@id\":\"https:\\\/\\\/radiolitoral.com\\\/2023\\\/05\\\/16-playas-de-la-marina-alta-luciran-la-bandera-azul\\\/#breadcrumb\",\"itemListElement\":[{\"@type\":\"ListItem\",\"position\":1,\"name\":\"Portada\",\"item\":\"https:\\\/\\\/radiolitoral.com\\\/\"},{\"@type\":\"ListItem\",\"position\":2,\"name\":\"16 playas de la Marina Alta lucir\u00e1n la Bandera Azul\"}]},{\"@type\":\"WebSite\",\"@id\":\"https:\\\/\\\/radiolitoral.com\\\/#website\",\"url\":\"https:\\\/\\\/radiolitoral.com\\\/\",\"name\":\"Radio Litoral\",\"description\":\"La radio local de la Marina Alta\",\"publisher\":{\"@id\":\"https:\\\/\\\/radiolitoral.com\\\/#organization\"},\"alternateName\":\"Litoral FM\",\"potentialAction\":[{\"@type\":\"SearchAction\",\"target\":{\"@type\":\"EntryPoint\",\"urlTemplate\":\"https:\\\/\\\/radiolitoral.com\\\/?s={search_term_string}\"},\"query-input\":{\"@type\":\"PropertyValueSpecification\",\"valueRequired\":true,\"valueName\":\"search_term_string\"}}],\"inLanguage\":\"ca\"},{\"@type\":\"Organization\",\"@id\":\"https:\\\/\\\/radiolitoral.com\\\/#organization\",\"name\":\"Radio Litoral\",\"url\":\"https:\\\/\\\/radiolitoral.com\\\/\",\"logo\":{\"@type\":\"ImageObject\",\"inLanguage\":\"ca\",\"@id\":\"https:\\\/\\\/radiolitoral.com\\\/#\\\/schema\\\/logo\\\/image\\\/\",\"url\":\"https:\\\/\\\/media.radiolitoral.com\\\/wp-content\\\/uploads\\\/2023\\\/02\\\/24143238\\\/CL-V-RadioLitoral696.png\",\"contentUrl\":\"https:\\\/\\\/media.radiolitoral.com\\\/wp-content\\\/uploads\\\/2023\\\/02\\\/24143238\\\/CL-V-RadioLitoral696.png\",\"width\":696,\"height\":696,\"caption\":\"Radio Litoral\"},\"image\":{\"@id\":\"https:\\\/\\\/radiolitoral.com\\\/#\\\/schema\\\/logo\\\/image\\\/\"},\"sameAs\":[\"https:\\\/\\\/www.facebook.com\\\/Laradiolitoral\\\/\"]},{\"@type\":\"Person\",\"@id\":\"https:\\\/\\\/radiolitoral.com\\\/#\\\/schema\\\/person\\\/aad4f72efa404f85b68e832d24cac059\",\"name\":\"Mel Pescuezo\",\"image\":{\"@type\":\"ImageObject\",\"inLanguage\":\"ca\",\"@id\":\"https:\\\/\\\/secure.gravatar.com\\\/avatar\\\/993975ae489c70cb0dd9bfa9413a082f0bd276582dac13661af7b33f161e7eea?s=96&d=mm&r=g\",\"url\":\"https:\\\/\\\/secure.gravatar.com\\\/avatar\\\/993975ae489c70cb0dd9bfa9413a082f0bd276582dac13661af7b33f161e7eea?s=96&d=mm&r=g\",\"contentUrl\":\"https:\\\/\\\/secure.gravatar.com\\\/avatar\\\/993975ae489c70cb0dd9bfa9413a082f0bd276582dac13661af7b33f161e7eea?s=96&d=mm&r=g\",\"caption\":\"Mel Pescuezo\"},\"url\":\"https:\\\/\\\/radiolitoral.com\\\/ca\\\/author\\\/serviciospararadios\\\/\"}]}<\/script>\n<!-- \/ Yoast SEO plugin. -->","yoast_head_json":{"title":"16 platges de la Marina Alta lluiran la Bandera Blava | R\u00e0dio Litoral","description":"Entre elles el Moraig de Benitatxell, una de les m\u00e9s famoses Entre elles el Moraig de Benitatxell, una de les m\u00e9s famoses","robots":{"index":"index","follow":"follow","max-snippet":"max-snippet:-1","max-image-preview":"max-image-preview:large","max-video-preview":"max-video-preview:-1"},"canonical":"https:\/\/radiolitoral.com\/ca\/2023\/05\/16-platges-de-la-marina-alta-lluiran-la-bandera-blava\/","og_locale":"ca_ES","og_type":"article","og_title":"16 playas de la Marina Alta lucir\u00e1n la Bandera Azul | R\u00e0dio Litoral","og_description":"Entre ellas el Moraig de Benitatxell, una de las m\u00e1s afamadas Entre ellas el Moraig de Benitatxell, una de las m\u00e1s afamadas","og_url":"https:\/\/radiolitoral.com\/ca\/2023\/05\/16-platges-de-la-marina-alta-lluiran-la-bandera-blava\/","og_site_name":"R\u00e0dio Litoral","article_publisher":"https:\/\/www.facebook.com\/Laradiolitoral\/","article_published_time":"2023-05-08T16:02:52+00:00","article_modified_time":"2023-05-08T16:05:14+00:00","og_image":[{"width":1200,"height":747,"url":"https:\/\/media.radiolitoral.com\/wp-content\/uploads\/2023\/03\/31152504\/cala.jpg","type":"image\/jpeg"}],"author":"Mel Pescuezo","twitter_card":"summary_large_image","twitter_misc":{"Escrit per":"Mel Pescuezo","Temps estimat de lectura":"1 minut"},"schema":{"@context":"https:\/\/schema.org","@graph":[{"@type":"NewsArticle","@id":"https:\/\/radiolitoral.com\/2023\/05\/16-playas-de-la-marina-alta-luciran-la-bandera-azul\/#article","isPartOf":{"@id":"https:\/\/radiolitoral.com\/2023\/05\/16-playas-de-la-marina-alta-luciran-la-bandera-azul\/"},"author":{"name":"Mel Pescuezo","@id":"https:\/\/radiolitoral.com\/#\/schema\/person\/aad4f72efa404f85b68e832d24cac059"},"headline":"16 playas de la Marina Alta lucir\u00e1n la Bandera Azul","datePublished":"2023-05-08T16:02:52+00:00","dateModified":"2023-05-08T16:05:14+00:00","mainEntityOfPage":{"@id":"https:\/\/radiolitoral.com\/2023\/05\/16-playas-de-la-marina-alta-luciran-la-bandera-azul\/"},"wordCount":102,"commentCount":0,"publisher":{"@id":"https:\/\/radiolitoral.com\/#organization"},"image":{"@id":"https:\/\/radiolitoral.com\/2023\/05\/16-playas-de-la-marina-alta-luciran-la-bandera-azul\/#primaryimage"},"thumbnailUrl":"https:\/\/media.radiolitoral.com\/wp-content\/uploads\/2023\/03\/31152504\/cala.jpg","keywords":["Banderas Azules","playas Marina Alta"],"articleSection":["Turismo"],"inLanguage":"ca","potentialAction":[{"@type":"CommentAction","name":"Comment","target":["https:\/\/radiolitoral.com\/2023\/05\/16-playas-de-la-marina-alta-luciran-la-bandera-azul\/#respond"]}]},{"@type":["WebPage","ItemPage"],"@id":"https:\/\/radiolitoral.com\/2023\/05\/16-playas-de-la-marina-alta-luciran-la-bandera-azul\/","url":"https:\/\/radiolitoral.com\/2023\/05\/16-playas-de-la-marina-alta-luciran-la-bandera-azul\/","name":"16 platges de la Marina Alta lluiran la Bandera Blava | R\u00e0dio Litoral","isPartOf":{"@id":"https:\/\/radiolitoral.com\/#website"},"primaryImageOfPage":{"@id":"https:\/\/radiolitoral.com\/2023\/05\/16-playas-de-la-marina-alta-luciran-la-bandera-azul\/#primaryimage"},"image":{"@id":"https:\/\/radiolitoral.com\/2023\/05\/16-playas-de-la-marina-alta-luciran-la-bandera-azul\/#primaryimage"},"thumbnailUrl":"https:\/\/media.radiolitoral.com\/wp-content\/uploads\/2023\/03\/31152504\/cala.jpg","datePublished":"2023-05-08T16:02:52+00:00","dateModified":"2023-05-08T16:05:14+00:00","description":"Entre elles el Moraig de Benitatxell, una de les m\u00e9s famoses Entre elles el Moraig de Benitatxell, una de les m\u00e9s famoses","breadcrumb":{"@id":"https:\/\/radiolitoral.com\/2023\/05\/16-playas-de-la-marina-alta-luciran-la-bandera-azul\/#breadcrumb"},"inLanguage":"ca","potentialAction":[{"@type":"ReadAction","target":["https:\/\/radiolitoral.com\/2023\/05\/16-playas-de-la-marina-alta-luciran-la-bandera-azul\/"]}]},{"@type":"ImageObject","inLanguage":"ca","@id":"https:\/\/radiolitoral.com\/2023\/05\/16-playas-de-la-marina-alta-luciran-la-bandera-azul\/#primaryimage","url":"https:\/\/media.radiolitoral.com\/wp-content\/uploads\/2023\/03\/31152504\/cala.jpg","contentUrl":"https:\/\/media.radiolitoral.com\/wp-content\/uploads\/2023\/03\/31152504\/cala.jpg","width":1200,"height":747},{"@type":"BreadcrumbList","@id":"https:\/\/radiolitoral.com\/2023\/05\/16-playas-de-la-marina-alta-luciran-la-bandera-azul\/#breadcrumb","itemListElement":[{"@type":"ListItem","position":1,"name":"Portada","item":"https:\/\/radiolitoral.com\/"},{"@type":"ListItem","position":2,"name":"16 playas de la Marina Alta lucir\u00e1n la Bandera Azul"}]},{"@type":"WebSite","@id":"https:\/\/radiolitoral.com\/#website","url":"https:\/\/radiolitoral.com\/","name":"R\u00e0dio Litoral","description":"La r\u00e0dio local de la Marina Alta","publisher":{"@id":"https:\/\/radiolitoral.com\/#organization"},"alternateName":"Litoral FM","potentialAction":[{"@type":"SearchAction","target":{"@type":"EntryPoint","urlTemplate":"https:\/\/radiolitoral.com\/?s={search_term_string}"},"query-input":{"@type":"PropertyValueSpecification","valueRequired":true,"valueName":"search_term_string"}}],"inLanguage":"ca"},{"@type":"Organization","@id":"https:\/\/radiolitoral.com\/#organization","name":"R\u00e0dio Litoral","url":"https:\/\/radiolitoral.com\/","logo":{"@type":"ImageObject","inLanguage":"ca","@id":"https:\/\/radiolitoral.com\/#\/schema\/logo\/image\/","url":"https:\/\/media.radiolitoral.com\/wp-content\/uploads\/2023\/02\/24143238\/CL-V-RadioLitoral696.png","contentUrl":"https:\/\/media.radiolitoral.com\/wp-content\/uploads\/2023\/02\/24143238\/CL-V-RadioLitoral696.png","width":696,"height":696,"caption":"Radio Litoral"},"image":{"@id":"https:\/\/radiolitoral.com\/#\/schema\/logo\/image\/"},"sameAs":["https:\/\/www.facebook.com\/Laradiolitoral\/"]},{"@type":"Person","@id":"https:\/\/radiolitoral.com\/#\/schema\/person\/aad4f72efa404f85b68e832d24cac059","name":"Mel Pescuezo","image":{"@type":"ImageObject","inLanguage":"ca","@id":"https:\/\/secure.gravatar.com\/avatar\/993975ae489c70cb0dd9bfa9413a082f0bd276582dac13661af7b33f161e7eea?s=96&d=mm&r=g","url":"https:\/\/secure.gravatar.com\/avatar\/993975ae489c70cb0dd9bfa9413a082f0bd276582dac13661af7b33f161e7eea?s=96&d=mm&r=g","contentUrl":"https:\/\/secure.gravatar.com\/avatar\/993975ae489c70cb0dd9bfa9413a082f0bd276582dac13661af7b33f161e7eea?s=96&d=mm&r=g","caption":"Mel Pescuezo"},"url":"https:\/\/radiolitoral.com\/ca\/author\/serviciospararadios\/"}]}},"_links":{"self":[{"href":"https:\/\/radiolitoral.com\/ca\/wp-json\/wp\/v2\/posts\/2853","targetHints":{"allow":["GET"]}}],"collection":[{"href":"https:\/\/radiolitoral.com\/ca\/wp-json\/wp\/v2\/posts"}],"about":[{"href":"https:\/\/radiolitoral.com\/ca\/wp-json\/wp\/v2\/types\/post"}],"author":[{"embeddable":true,"href":"https:\/\/radiolitoral.com\/ca\/wp-json\/wp\/v2\/users\/21"}],"replies":[{"embeddable":true,"href":"https:\/\/radiolitoral.com\/ca\/wp-json\/wp\/v2\/comments?post=2853"}],"version-history":[{"count":1,"href":"https:\/\/radiolitoral.com\/ca\/wp-json\/wp\/v2\/posts\/2853\/revisions"}],"predecessor-version":[{"id":2854,"href":"https:\/\/radiolitoral.com\/ca\/wp-json\/wp\/v2\/posts\/2853\/revisions\/2854"}],"wp:featuredmedia":[{"embeddable":true,"href":"https:\/\/radiolitoral.com\/ca\/wp-json\/wp\/v2\/media\/1863"}],"wp:attachment":[{"href":"https:\/\/radiolitoral.com\/ca\/wp-json\/wp\/v2\/media?parent=2853"}],"wp:term":[{"taxonomy":"category","embeddable":true,"href":"https:\/\/radiolitoral.com\/ca\/wp-json\/wp\/v2\/categories?post=2853"},{"taxonomy":"post_tag","embeddable":true,"href":"https:\/\/radiolitoral.com\/ca\/wp-json\/wp\/v2\/tags?post=2853"}],"curies":[{"name":"wp","href":"https:\/\/api.w.org\/{rel}","templated":true}]}}