{"id":2842,"date":"2023-05-08T16:10:56","date_gmt":"2023-05-08T14:10:56","guid":{"rendered":"https:\/\/radiolitoral.com\/?p=2842"},"modified":"2023-05-08T16:13:46","modified_gmt":"2023-05-08T14:13:46","slug":"el-psoe-de-calp-adverteix-que-lajuntament-ha-convocat-una-consulta-ciutadana-expres-sense-publicitat-despres-de-coneixer-la-mocio-dels-socialistes-sobre-el-pgou","status":"publish","type":"post","link":"https:\/\/radiolitoral.com\/ca\/2023\/05\/el-psoe-de-calp-advierte-que-el-ayuntamiento-ha-convocado-una-consulta-ciudadana-expres-sin-publicidad-tras-conocer-la-mocion-de-los-socialistas-sobre-el-pgou\/","title":{"rendered":"PSOE Calp adverteix que l&#039;Ajuntament ha convocat una consulta expr\u00e9s sense publicitat despr\u00e9s de con\u00e8ixer la moci\u00f3 sobre el PGOU"},"content":{"rendered":"<p><strong>El PSOE de Calp adverteix que l?Ajuntament ha convocat una consulta ciutadana expr\u00e9s, sense publicitat, despr\u00e9s de con\u00e8ixer la moci\u00f3 que els socialistes presenten a la sessi\u00f3 plen\u00e0ria d?aquesta tarda per propiciar una modificaci\u00f3 del PGOU i sotmetre a debat el c\u00f2mput d?edificabilitat per a edificis hotelers<\/strong>.<\/p>\n<p>Els socialistes adverteixen que abans del seu debat, la proposta que avui plantegen davant del ple, ja ha provocat les primeres reaccions, ja que el mateix consistori ha posat en marxa una consulta ciutadana expr\u00e9s sense cap publicitat, de manera totalment sorprenent.<\/p>\n<p>A m\u00e9s, des del PSOE assenyalen que la publicaci\u00f3 municipal, amagada a la p\u00e0gina web de l&#039;ajuntament, reconeix que hi ha descontrol i un greu problema d&#039;interpretaci\u00f3 de les Normes Urban\u00edstiques des de fa 15 anys, per\u00f2 no proposa alternatives davant d&#039;aquest problema, que els socialistes tamb\u00e9 qualifiquen de greu.<\/p>\n<p>Amb tot, des del PSOE aposten per la transpar\u00e8ncia i la publicitat. I anuncien que no retiraran la moci\u00f3 del ple i buscaran el consens m\u00e9s gran possible amb les diferents forces pol\u00edtiques en el debat previst per a aquesta tarda.<\/p>\n<p>D&#039;altra banda, des del PSOE conviden la ciutadania a expressar la seva opini\u00f3 de diverses maneres, des de la personaci\u00f3 a les depend\u00e8ncies municipals fins a l&#039;enviament per correu electr\u00f2nic de les opinions. Les presses s\u00f3n companyes dolentes, insisteixen els socialistes, que adverteixen que a l&#039;escrit publicat per l&#039;ajuntament no s&#039;estableix ni la durada de la consulta ni tampoc inclou un ventall d&#039;opcions com s\u00ed que s&#039;ha incl\u00f2s en altres consultes similars.<\/p>\n<p><strong>Marco Bittner \u00e9s regidor del grup municipal socialista<\/strong>.<\/p>\n<audio class=\"wp-audio-shortcode\" id=\"audio-2842-1\" preload=\"none\" style=\"width: 100%;\" controls=\"controls\"><source type=\"audio\/mpeg\" src=\"https:\/\/media.radiolitoral.com\/wp-content\/uploads\/2023\/05\/08160445\/Marco-Bittner-2.mp3?_=1\" \/><a href=\"https:\/\/media.radiolitoral.com\/wp-content\/uploads\/2023\/05\/08160445\/Marco-Bittner-2.mp3\">https:\/\/media.radiolitoral.com\/wp-content\/uploads\/2023\/05\/08160445\/Marco-Bittner-2.mp3<\/a><\/audio>","protected":false},"excerpt":{"rendered":"<p>El PSOE de Calp advierte que el Ayuntamiento ha convocado una consulta ciudadana expr\u00e9s, sin publicidad, tras conocer la moci\u00f3n que los socialistas presentan a la sesi\u00f3n plenaria de esta tarde para propiciar una modificaci\u00f3n del PGOU y someter a debate el c\u00f3mputo de edificabilidad para edificios hoteleros. Los socialistas advierten que antes de su [&#8230;]<\/p>\n<p><a class=\"btn btn-secondary understrap-read-more-link\" href=\"https:\/\/radiolitoral.com\/ca\/2023\/05\/el-psoe-de-calp-advierte-que-el-ayuntamiento-ha-convocado-una-consulta-ciudadana-expres-sin-publicidad-tras-conocer-la-mocion-de-los-socialistas-sobre-el-pgou\/\">Continua llegint&#8230;<span class=\"screen-reader-text\"> from PSOE Calp advierte que el Ayuntamiento ha convocado una consulta expr\u00e9s sin publicidad tras conocer la moci\u00f3n sobre el PGOU<\/span><\/a><\/p>\n","protected":false},"author":13,"featured_media":808,"comment_status":"open","ping_status":"closed","sticky":false,"template":"","format":"standard","meta":{"_acf_changed":false,"inline_featured_image":false,"footnotes":""},"categories":[13],"tags":[204,178],"class_list":["post-2842","post","type-post","status-publish","format-standard","has-post-thumbnail","hentry","category-politica","tag-pgou-calp","tag-pleno-calp","cobertura-calp"],"acf":[],"yoast_head":"<!-- This site is optimized with the Yoast SEO plugin v27.5 - https:\/\/yoast.com\/product\/yoast-seo-wordpress\/ -->\n<title>PSOE Calp advierte que el Ayuntamiento ha convocado una consulta expr\u00e9s sin publicidad tras conocer la moci\u00f3n sobre el PGOU | R\u00e0dio Litoral<\/title>\n<meta name=\"description\" content=\"Ser\u00e1 uno de los temas de debate esta tarde en el pleno\" \/>\n<meta name=\"robots\" content=\"index, follow, max-snippet:-1, max-image-preview:large, max-video-preview:-1\" \/>\n<link rel=\"canonical\" href=\"https:\/\/radiolitoral.com\/ca\/2023\/05\/el-psoe-de-calp-adverteix-que-lajuntament-ha-convocat-una-consulta-ciutadana-expres-sense-publicitat-despres-de-coneixer-la-mocio-dels-socialistes-sobre-el-pgou\/\" \/>\n<meta property=\"og:locale\" content=\"ca_ES\" \/>\n<meta property=\"og:type\" content=\"article\" \/>\n<meta property=\"og:title\" content=\"PSOE Calp advierte que el Ayuntamiento ha convocado una consulta expr\u00e9s sin publicidad tras conocer la moci\u00f3n sobre el PGOU | R\u00e0dio Litoral\" \/>\n<meta property=\"og:description\" content=\"Ser\u00e1 uno de los temas de debate esta tarde en el pleno\" \/>\n<meta property=\"og:url\" content=\"https:\/\/radiolitoral.com\/ca\/2023\/05\/el-psoe-de-calp-adverteix-que-lajuntament-ha-convocat-una-consulta-ciutadana-expres-sense-publicitat-despres-de-coneixer-la-mocio-dels-socialistes-sobre-el-pgou\/\" \/>\n<meta property=\"og:site_name\" content=\"R\u00e0dio Litoral\" \/>\n<meta property=\"article:publisher\" content=\"https:\/\/www.facebook.com\/Laradiolitoral\/\" \/>\n<meta property=\"article:published_time\" content=\"2023-05-08T14:10:56+00:00\" \/>\n<meta property=\"article:modified_time\" content=\"2023-05-08T14:13:46+00:00\" \/>\n<meta property=\"og:image\" content=\"https:\/\/media.radiolitoral.com\/wp-content\/uploads\/2023\/02\/24143228\/Calp.-Pleno-1.jpeg\" \/>\n\t<meta property=\"og:image:width\" content=\"1600\" \/>\n\t<meta property=\"og:image:height\" content=\"1200\" \/>\n\t<meta property=\"og:image:type\" content=\"image\/jpeg\" \/>\n<meta name=\"author\" content=\"Redacci\u00f3n\" \/>\n<meta name=\"twitter:card\" content=\"summary_large_image\" \/>\n<meta name=\"twitter:label1\" content=\"Escrit per\" \/>\n\t<meta name=\"twitter:data1\" content=\"Redacci\u00f3n\" \/>\n\t<meta name=\"twitter:label2\" content=\"Temps estimat de lectura\" \/>\n\t<meta name=\"twitter:data2\" content=\"2 minuts\" \/>\n<script type=\"application\/ld+json\" class=\"yoast-schema-graph\">{\"@context\":\"https:\\\/\\\/schema.org\",\"@graph\":[{\"@type\":\"NewsArticle\",\"@id\":\"https:\\\/\\\/radiolitoral.com\\\/2023\\\/05\\\/el-psoe-de-calp-advierte-que-el-ayuntamiento-ha-convocado-una-consulta-ciudadana-expres-sin-publicidad-tras-conocer-la-mocion-de-los-socialistas-sobre-el-pgou\\\/#article\",\"isPartOf\":{\"@id\":\"https:\\\/\\\/radiolitoral.com\\\/2023\\\/05\\\/el-psoe-de-calp-advierte-que-el-ayuntamiento-ha-convocado-una-consulta-ciudadana-expres-sin-publicidad-tras-conocer-la-mocion-de-los-socialistas-sobre-el-pgou\\\/\"},\"author\":{\"name\":\"Redacci\u00f3n\",\"@id\":\"https:\\\/\\\/radiolitoral.com\\\/#\\\/schema\\\/person\\\/f2b2343c49b5d721857cc1002bfdb151\"},\"headline\":\"PSOE Calp advierte que el Ayuntamiento ha convocado una consulta expr\u00e9s sin publicidad tras conocer la moci\u00f3n sobre el PGOU\",\"datePublished\":\"2023-05-08T14:10:56+00:00\",\"dateModified\":\"2023-05-08T14:13:46+00:00\",\"mainEntityOfPage\":{\"@id\":\"https:\\\/\\\/radiolitoral.com\\\/2023\\\/05\\\/el-psoe-de-calp-advierte-que-el-ayuntamiento-ha-convocado-una-consulta-ciudadana-expres-sin-publicidad-tras-conocer-la-mocion-de-los-socialistas-sobre-el-pgou\\\/\"},\"wordCount\":319,\"commentCount\":0,\"publisher\":{\"@id\":\"https:\\\/\\\/radiolitoral.com\\\/#organization\"},\"image\":{\"@id\":\"https:\\\/\\\/radiolitoral.com\\\/2023\\\/05\\\/el-psoe-de-calp-advierte-que-el-ayuntamiento-ha-convocado-una-consulta-ciudadana-expres-sin-publicidad-tras-conocer-la-mocion-de-los-socialistas-sobre-el-pgou\\\/#primaryimage\"},\"thumbnailUrl\":\"https:\\\/\\\/media.radiolitoral.com\\\/wp-content\\\/uploads\\\/2023\\\/02\\\/24143228\\\/Calp.-Pleno-1.jpeg\",\"keywords\":[\"PGOU Calp\",\"pleno Calp\"],\"articleSection\":[\"Pol\u00edtica\"],\"inLanguage\":\"ca\",\"potentialAction\":[{\"@type\":\"CommentAction\",\"name\":\"Comment\",\"target\":[\"https:\\\/\\\/radiolitoral.com\\\/2023\\\/05\\\/el-psoe-de-calp-advierte-que-el-ayuntamiento-ha-convocado-una-consulta-ciudadana-expres-sin-publicidad-tras-conocer-la-mocion-de-los-socialistas-sobre-el-pgou\\\/#respond\"]}]},{\"@type\":[\"WebPage\",\"ItemPage\"],\"@id\":\"https:\\\/\\\/radiolitoral.com\\\/2023\\\/05\\\/el-psoe-de-calp-advierte-que-el-ayuntamiento-ha-convocado-una-consulta-ciudadana-expres-sin-publicidad-tras-conocer-la-mocion-de-los-socialistas-sobre-el-pgou\\\/\",\"url\":\"https:\\\/\\\/radiolitoral.com\\\/2023\\\/05\\\/el-psoe-de-calp-advierte-que-el-ayuntamiento-ha-convocado-una-consulta-ciudadana-expres-sin-publicidad-tras-conocer-la-mocion-de-los-socialistas-sobre-el-pgou\\\/\",\"name\":\"PSOE Calp advierte que el Ayuntamiento ha convocado una consulta expr\u00e9s sin publicidad tras conocer la moci\u00f3n sobre el PGOU | R\u00e0dio Litoral\",\"isPartOf\":{\"@id\":\"https:\\\/\\\/radiolitoral.com\\\/#website\"},\"primaryImageOfPage\":{\"@id\":\"https:\\\/\\\/radiolitoral.com\\\/2023\\\/05\\\/el-psoe-de-calp-advierte-que-el-ayuntamiento-ha-convocado-una-consulta-ciudadana-expres-sin-publicidad-tras-conocer-la-mocion-de-los-socialistas-sobre-el-pgou\\\/#primaryimage\"},\"image\":{\"@id\":\"https:\\\/\\\/radiolitoral.com\\\/2023\\\/05\\\/el-psoe-de-calp-advierte-que-el-ayuntamiento-ha-convocado-una-consulta-ciudadana-expres-sin-publicidad-tras-conocer-la-mocion-de-los-socialistas-sobre-el-pgou\\\/#primaryimage\"},\"thumbnailUrl\":\"https:\\\/\\\/media.radiolitoral.com\\\/wp-content\\\/uploads\\\/2023\\\/02\\\/24143228\\\/Calp.-Pleno-1.jpeg\",\"datePublished\":\"2023-05-08T14:10:56+00:00\",\"dateModified\":\"2023-05-08T14:13:46+00:00\",\"description\":\"Ser\u00e1 uno de los temas de debate esta tarde en el pleno\",\"breadcrumb\":{\"@id\":\"https:\\\/\\\/radiolitoral.com\\\/2023\\\/05\\\/el-psoe-de-calp-advierte-que-el-ayuntamiento-ha-convocado-una-consulta-ciudadana-expres-sin-publicidad-tras-conocer-la-mocion-de-los-socialistas-sobre-el-pgou\\\/#breadcrumb\"},\"inLanguage\":\"ca\",\"potentialAction\":[{\"@type\":\"ReadAction\",\"target\":[\"https:\\\/\\\/radiolitoral.com\\\/2023\\\/05\\\/el-psoe-de-calp-advierte-que-el-ayuntamiento-ha-convocado-una-consulta-ciudadana-expres-sin-publicidad-tras-conocer-la-mocion-de-los-socialistas-sobre-el-pgou\\\/\"]}]},{\"@type\":\"ImageObject\",\"inLanguage\":\"ca\",\"@id\":\"https:\\\/\\\/radiolitoral.com\\\/2023\\\/05\\\/el-psoe-de-calp-advierte-que-el-ayuntamiento-ha-convocado-una-consulta-ciudadana-expres-sin-publicidad-tras-conocer-la-mocion-de-los-socialistas-sobre-el-pgou\\\/#primaryimage\",\"url\":\"https:\\\/\\\/media.radiolitoral.com\\\/wp-content\\\/uploads\\\/2023\\\/02\\\/24143228\\\/Calp.-Pleno-1.jpeg\",\"contentUrl\":\"https:\\\/\\\/media.radiolitoral.com\\\/wp-content\\\/uploads\\\/2023\\\/02\\\/24143228\\\/Calp.-Pleno-1.jpeg\",\"width\":1600,\"height\":1200},{\"@type\":\"BreadcrumbList\",\"@id\":\"https:\\\/\\\/radiolitoral.com\\\/2023\\\/05\\\/el-psoe-de-calp-advierte-que-el-ayuntamiento-ha-convocado-una-consulta-ciudadana-expres-sin-publicidad-tras-conocer-la-mocion-de-los-socialistas-sobre-el-pgou\\\/#breadcrumb\",\"itemListElement\":[{\"@type\":\"ListItem\",\"position\":1,\"name\":\"Portada\",\"item\":\"https:\\\/\\\/radiolitoral.com\\\/\"},{\"@type\":\"ListItem\",\"position\":2,\"name\":\"PSOE Calp advierte que el Ayuntamiento ha convocado una consulta expr\u00e9s sin publicidad tras conocer la moci\u00f3n sobre el PGOU\"}]},{\"@type\":\"WebSite\",\"@id\":\"https:\\\/\\\/radiolitoral.com\\\/#website\",\"url\":\"https:\\\/\\\/radiolitoral.com\\\/\",\"name\":\"Radio Litoral\",\"description\":\"La radio local de la Marina Alta\",\"publisher\":{\"@id\":\"https:\\\/\\\/radiolitoral.com\\\/#organization\"},\"alternateName\":\"Litoral FM\",\"potentialAction\":[{\"@type\":\"SearchAction\",\"target\":{\"@type\":\"EntryPoint\",\"urlTemplate\":\"https:\\\/\\\/radiolitoral.com\\\/?s={search_term_string}\"},\"query-input\":{\"@type\":\"PropertyValueSpecification\",\"valueRequired\":true,\"valueName\":\"search_term_string\"}}],\"inLanguage\":\"ca\"},{\"@type\":\"Organization\",\"@id\":\"https:\\\/\\\/radiolitoral.com\\\/#organization\",\"name\":\"Radio Litoral\",\"url\":\"https:\\\/\\\/radiolitoral.com\\\/\",\"logo\":{\"@type\":\"ImageObject\",\"inLanguage\":\"ca\",\"@id\":\"https:\\\/\\\/radiolitoral.com\\\/#\\\/schema\\\/logo\\\/image\\\/\",\"url\":\"https:\\\/\\\/media.radiolitoral.com\\\/wp-content\\\/uploads\\\/2023\\\/02\\\/24143238\\\/CL-V-RadioLitoral696.png\",\"contentUrl\":\"https:\\\/\\\/media.radiolitoral.com\\\/wp-content\\\/uploads\\\/2023\\\/02\\\/24143238\\\/CL-V-RadioLitoral696.png\",\"width\":696,\"height\":696,\"caption\":\"Radio Litoral\"},\"image\":{\"@id\":\"https:\\\/\\\/radiolitoral.com\\\/#\\\/schema\\\/logo\\\/image\\\/\"},\"sameAs\":[\"https:\\\/\\\/www.facebook.com\\\/Laradiolitoral\\\/\"]},{\"@type\":\"Person\",\"@id\":\"https:\\\/\\\/radiolitoral.com\\\/#\\\/schema\\\/person\\\/f2b2343c49b5d721857cc1002bfdb151\",\"name\":\"Redacci\u00f3n\",\"image\":{\"@type\":\"ImageObject\",\"inLanguage\":\"ca\",\"@id\":\"https:\\\/\\\/secure.gravatar.com\\\/avatar\\\/f771d896c203ad8b3382d7905cfcce5a5c9b008b84b3cd9114e9b9f4cb63f789?s=96&d=mm&r=g\",\"url\":\"https:\\\/\\\/secure.gravatar.com\\\/avatar\\\/f771d896c203ad8b3382d7905cfcce5a5c9b008b84b3cd9114e9b9f4cb63f789?s=96&d=mm&r=g\",\"contentUrl\":\"https:\\\/\\\/secure.gravatar.com\\\/avatar\\\/f771d896c203ad8b3382d7905cfcce5a5c9b008b84b3cd9114e9b9f4cb63f789?s=96&d=mm&r=g\",\"caption\":\"Redacci\u00f3n\"},\"url\":\"https:\\\/\\\/radiolitoral.com\\\/ca\\\/author\\\/miriam-pagan\\\/\"}]}<\/script>\n<!-- \/ Yoast SEO plugin. -->","yoast_head_json":{"title":"PSOE Calp adverteix que l&#039;Ajuntament ha convocat una consulta expr\u00e9s sense publicitat despr\u00e9s de con\u00e8ixer la moci\u00f3 sobre el PGOU | R\u00e0dio Litoral","description":"Ser\u00e0 un dels temes de debat aquesta tarda al ple","robots":{"index":"index","follow":"follow","max-snippet":"max-snippet:-1","max-image-preview":"max-image-preview:large","max-video-preview":"max-video-preview:-1"},"canonical":"https:\/\/radiolitoral.com\/ca\/2023\/05\/el-psoe-de-calp-adverteix-que-lajuntament-ha-convocat-una-consulta-ciutadana-expres-sense-publicitat-despres-de-coneixer-la-mocio-dels-socialistes-sobre-el-pgou\/","og_locale":"ca_ES","og_type":"article","og_title":"PSOE Calp advierte que el Ayuntamiento ha convocado una consulta expr\u00e9s sin publicidad tras conocer la moci\u00f3n sobre el PGOU | R\u00e0dio Litoral","og_description":"Ser\u00e1 uno de los temas de debate esta tarde en el pleno","og_url":"https:\/\/radiolitoral.com\/ca\/2023\/05\/el-psoe-de-calp-adverteix-que-lajuntament-ha-convocat-una-consulta-ciutadana-expres-sense-publicitat-despres-de-coneixer-la-mocio-dels-socialistes-sobre-el-pgou\/","og_site_name":"R\u00e0dio Litoral","article_publisher":"https:\/\/www.facebook.com\/Laradiolitoral\/","article_published_time":"2023-05-08T14:10:56+00:00","article_modified_time":"2023-05-08T14:13:46+00:00","og_image":[{"width":1600,"height":1200,"url":"https:\/\/media.radiolitoral.com\/wp-content\/uploads\/2023\/02\/24143228\/Calp.-Pleno-1.jpeg","type":"image\/jpeg"}],"author":"Redacci\u00f3n","twitter_card":"summary_large_image","twitter_misc":{"Escrit per":"Redacci\u00f3n","Temps estimat de lectura":"2 minuts"},"schema":{"@context":"https:\/\/schema.org","@graph":[{"@type":"NewsArticle","@id":"https:\/\/radiolitoral.com\/2023\/05\/el-psoe-de-calp-advierte-que-el-ayuntamiento-ha-convocado-una-consulta-ciudadana-expres-sin-publicidad-tras-conocer-la-mocion-de-los-socialistas-sobre-el-pgou\/#article","isPartOf":{"@id":"https:\/\/radiolitoral.com\/2023\/05\/el-psoe-de-calp-advierte-que-el-ayuntamiento-ha-convocado-una-consulta-ciudadana-expres-sin-publicidad-tras-conocer-la-mocion-de-los-socialistas-sobre-el-pgou\/"},"author":{"name":"Redacci\u00f3n","@id":"https:\/\/radiolitoral.com\/#\/schema\/person\/f2b2343c49b5d721857cc1002bfdb151"},"headline":"PSOE Calp advierte que el Ayuntamiento ha convocado una consulta expr\u00e9s sin publicidad tras conocer la moci\u00f3n sobre el PGOU","datePublished":"2023-05-08T14:10:56+00:00","dateModified":"2023-05-08T14:13:46+00:00","mainEntityOfPage":{"@id":"https:\/\/radiolitoral.com\/2023\/05\/el-psoe-de-calp-advierte-que-el-ayuntamiento-ha-convocado-una-consulta-ciudadana-expres-sin-publicidad-tras-conocer-la-mocion-de-los-socialistas-sobre-el-pgou\/"},"wordCount":319,"commentCount":0,"publisher":{"@id":"https:\/\/radiolitoral.com\/#organization"},"image":{"@id":"https:\/\/radiolitoral.com\/2023\/05\/el-psoe-de-calp-advierte-que-el-ayuntamiento-ha-convocado-una-consulta-ciudadana-expres-sin-publicidad-tras-conocer-la-mocion-de-los-socialistas-sobre-el-pgou\/#primaryimage"},"thumbnailUrl":"https:\/\/media.radiolitoral.com\/wp-content\/uploads\/2023\/02\/24143228\/Calp.-Pleno-1.jpeg","keywords":["PGOU Calp","pleno Calp"],"articleSection":["Pol\u00edtica"],"inLanguage":"ca","potentialAction":[{"@type":"CommentAction","name":"Comment","target":["https:\/\/radiolitoral.com\/2023\/05\/el-psoe-de-calp-advierte-que-el-ayuntamiento-ha-convocado-una-consulta-ciudadana-expres-sin-publicidad-tras-conocer-la-mocion-de-los-socialistas-sobre-el-pgou\/#respond"]}]},{"@type":["WebPage","ItemPage"],"@id":"https:\/\/radiolitoral.com\/2023\/05\/el-psoe-de-calp-advierte-que-el-ayuntamiento-ha-convocado-una-consulta-ciudadana-expres-sin-publicidad-tras-conocer-la-mocion-de-los-socialistas-sobre-el-pgou\/","url":"https:\/\/radiolitoral.com\/2023\/05\/el-psoe-de-calp-advierte-que-el-ayuntamiento-ha-convocado-una-consulta-ciudadana-expres-sin-publicidad-tras-conocer-la-mocion-de-los-socialistas-sobre-el-pgou\/","name":"PSOE Calp adverteix que l&#039;Ajuntament ha convocat una consulta expr\u00e9s sense publicitat despr\u00e9s de con\u00e8ixer la moci\u00f3 sobre el PGOU | R\u00e0dio Litoral","isPartOf":{"@id":"https:\/\/radiolitoral.com\/#website"},"primaryImageOfPage":{"@id":"https:\/\/radiolitoral.com\/2023\/05\/el-psoe-de-calp-advierte-que-el-ayuntamiento-ha-convocado-una-consulta-ciudadana-expres-sin-publicidad-tras-conocer-la-mocion-de-los-socialistas-sobre-el-pgou\/#primaryimage"},"image":{"@id":"https:\/\/radiolitoral.com\/2023\/05\/el-psoe-de-calp-advierte-que-el-ayuntamiento-ha-convocado-una-consulta-ciudadana-expres-sin-publicidad-tras-conocer-la-mocion-de-los-socialistas-sobre-el-pgou\/#primaryimage"},"thumbnailUrl":"https:\/\/media.radiolitoral.com\/wp-content\/uploads\/2023\/02\/24143228\/Calp.-Pleno-1.jpeg","datePublished":"2023-05-08T14:10:56+00:00","dateModified":"2023-05-08T14:13:46+00:00","description":"Ser\u00e0 un dels temes de debat aquesta tarda al ple","breadcrumb":{"@id":"https:\/\/radiolitoral.com\/2023\/05\/el-psoe-de-calp-advierte-que-el-ayuntamiento-ha-convocado-una-consulta-ciudadana-expres-sin-publicidad-tras-conocer-la-mocion-de-los-socialistas-sobre-el-pgou\/#breadcrumb"},"inLanguage":"ca","potentialAction":[{"@type":"ReadAction","target":["https:\/\/radiolitoral.com\/2023\/05\/el-psoe-de-calp-advierte-que-el-ayuntamiento-ha-convocado-una-consulta-ciudadana-expres-sin-publicidad-tras-conocer-la-mocion-de-los-socialistas-sobre-el-pgou\/"]}]},{"@type":"ImageObject","inLanguage":"ca","@id":"https:\/\/radiolitoral.com\/2023\/05\/el-psoe-de-calp-advierte-que-el-ayuntamiento-ha-convocado-una-consulta-ciudadana-expres-sin-publicidad-tras-conocer-la-mocion-de-los-socialistas-sobre-el-pgou\/#primaryimage","url":"https:\/\/media.radiolitoral.com\/wp-content\/uploads\/2023\/02\/24143228\/Calp.-Pleno-1.jpeg","contentUrl":"https:\/\/media.radiolitoral.com\/wp-content\/uploads\/2023\/02\/24143228\/Calp.-Pleno-1.jpeg","width":1600,"height":1200},{"@type":"BreadcrumbList","@id":"https:\/\/radiolitoral.com\/2023\/05\/el-psoe-de-calp-advierte-que-el-ayuntamiento-ha-convocado-una-consulta-ciudadana-expres-sin-publicidad-tras-conocer-la-mocion-de-los-socialistas-sobre-el-pgou\/#breadcrumb","itemListElement":[{"@type":"ListItem","position":1,"name":"Portada","item":"https:\/\/radiolitoral.com\/"},{"@type":"ListItem","position":2,"name":"PSOE Calp advierte que el Ayuntamiento ha convocado una consulta expr\u00e9s sin publicidad tras conocer la moci\u00f3n sobre el PGOU"}]},{"@type":"WebSite","@id":"https:\/\/radiolitoral.com\/#website","url":"https:\/\/radiolitoral.com\/","name":"R\u00e0dio Litoral","description":"La r\u00e0dio local de la Marina Alta","publisher":{"@id":"https:\/\/radiolitoral.com\/#organization"},"alternateName":"Litoral FM","potentialAction":[{"@type":"SearchAction","target":{"@type":"EntryPoint","urlTemplate":"https:\/\/radiolitoral.com\/?s={search_term_string}"},"query-input":{"@type":"PropertyValueSpecification","valueRequired":true,"valueName":"search_term_string"}}],"inLanguage":"ca"},{"@type":"Organization","@id":"https:\/\/radiolitoral.com\/#organization","name":"R\u00e0dio Litoral","url":"https:\/\/radiolitoral.com\/","logo":{"@type":"ImageObject","inLanguage":"ca","@id":"https:\/\/radiolitoral.com\/#\/schema\/logo\/image\/","url":"https:\/\/media.radiolitoral.com\/wp-content\/uploads\/2023\/02\/24143238\/CL-V-RadioLitoral696.png","contentUrl":"https:\/\/media.radiolitoral.com\/wp-content\/uploads\/2023\/02\/24143238\/CL-V-RadioLitoral696.png","width":696,"height":696,"caption":"Radio Litoral"},"image":{"@id":"https:\/\/radiolitoral.com\/#\/schema\/logo\/image\/"},"sameAs":["https:\/\/www.facebook.com\/Laradiolitoral\/"]},{"@type":"Person","@id":"https:\/\/radiolitoral.com\/#\/schema\/person\/f2b2343c49b5d721857cc1002bfdb151","name":"Redacci\u00f3","image":{"@type":"ImageObject","inLanguage":"ca","@id":"https:\/\/secure.gravatar.com\/avatar\/f771d896c203ad8b3382d7905cfcce5a5c9b008b84b3cd9114e9b9f4cb63f789?s=96&d=mm&r=g","url":"https:\/\/secure.gravatar.com\/avatar\/f771d896c203ad8b3382d7905cfcce5a5c9b008b84b3cd9114e9b9f4cb63f789?s=96&d=mm&r=g","contentUrl":"https:\/\/secure.gravatar.com\/avatar\/f771d896c203ad8b3382d7905cfcce5a5c9b008b84b3cd9114e9b9f4cb63f789?s=96&d=mm&r=g","caption":"Redacci\u00f3n"},"url":"https:\/\/radiolitoral.com\/ca\/author\/miriam-pagan\/"}]}},"_links":{"self":[{"href":"https:\/\/radiolitoral.com\/ca\/wp-json\/wp\/v2\/posts\/2842","targetHints":{"allow":["GET"]}}],"collection":[{"href":"https:\/\/radiolitoral.com\/ca\/wp-json\/wp\/v2\/posts"}],"about":[{"href":"https:\/\/radiolitoral.com\/ca\/wp-json\/wp\/v2\/types\/post"}],"author":[{"embeddable":true,"href":"https:\/\/radiolitoral.com\/ca\/wp-json\/wp\/v2\/users\/13"}],"replies":[{"embeddable":true,"href":"https:\/\/radiolitoral.com\/ca\/wp-json\/wp\/v2\/comments?post=2842"}],"version-history":[{"count":3,"href":"https:\/\/radiolitoral.com\/ca\/wp-json\/wp\/v2\/posts\/2842\/revisions"}],"predecessor-version":[{"id":2847,"href":"https:\/\/radiolitoral.com\/ca\/wp-json\/wp\/v2\/posts\/2842\/revisions\/2847"}],"wp:featuredmedia":[{"embeddable":true,"href":"https:\/\/radiolitoral.com\/ca\/wp-json\/wp\/v2\/media\/808"}],"wp:attachment":[{"href":"https:\/\/radiolitoral.com\/ca\/wp-json\/wp\/v2\/media?parent=2842"}],"wp:term":[{"taxonomy":"category","embeddable":true,"href":"https:\/\/radiolitoral.com\/ca\/wp-json\/wp\/v2\/categories?post=2842"},{"taxonomy":"post_tag","embeddable":true,"href":"https:\/\/radiolitoral.com\/ca\/wp-json\/wp\/v2\/tags?post=2842"}],"curies":[{"name":"wp","href":"https:\/\/api.w.org\/{rel}","templated":true}]}}