{"id":2820,"date":"2023-05-05T17:01:15","date_gmt":"2023-05-05T15:01:15","guid":{"rendered":"https:\/\/radiolitoral.com\/?p=2820"},"modified":"2023-05-05T17:01:37","modified_gmt":"2023-05-05T15:01:37","slug":"primera-trobada-comarcal-de-comparses-de-moros-i-cristians-a-moraira","status":"publish","type":"post","link":"https:\/\/radiolitoral.com\/ca\/2023\/05\/primer-encuentro-comarcal-de-comparsas-de-moros-y-cristianos-en-moraira\/","title":{"rendered":"Primera trobada comarcal de comparses de Moros i Cristians a Moraira"},"content":{"rendered":"<p><strong>Els Moros i Cristians de Moraira han organitzat la primera trobada comarcal de comparses<\/strong>. La Fil\u00e1 Mulad\u00edes i Fil\u00e1 Almorach, capitanies 2023 de Moros i Cristians de Moraira, s\u00f3n les promotores d&#039;aquesta primera trobada que espera reunir comparses de poblacions tant de la Marina Alta com de la Marina Baixa, on se celebren festes de MMiCC. La cita s&#039;ha calendarititzat per al proper <strong>27 de maig<\/strong>.<\/p>\n<p>L&#039;esdeveniment comptar\u00e0 amb cercavila, el tradicional dinar de germanor, servei de barra a preus populars i actuaci\u00f3 musical.<\/p>\n<p>Les capitanies han declarat que aquesta trobada t\u00e9 com a finalitat reunir els festers de la prov\u00edncia per primera vegada a Moraira, un esdeveniment que concentrar\u00e0 comparses de tota la comarca i en qu\u00e8 esperen reunir tots els amants d&#039;aquesta festa i celebrar un acte de germanor amb el mar com a tel\u00f3 de fons\u201d.<\/p>\n<p>El preu per persona ser\u00e0 de 20\u20ac i el pagament s&#039;ha de fer per transfer\u00e8ncia banc\u00e0ria al compte ES65 3058 2543 9727 2001 0439. Des de l&#039;organitzaci\u00f3 es prega que les transfer\u00e8ncies es facin de manera conjunta, \u00e9s a dir, que cada <em>fil\u00e0<\/em> o junta es faci c\u00e0rrec de fer la transfer\u00e8ncia.<\/p>","protected":false},"excerpt":{"rendered":"<p>Los Moros y Cristianos de Moraira han organizado el primer encuentro comarcal de comparsas. La Fil\u00e1 Mulad\u00edes y Fil\u00e1 Almorach, capitan\u00edas 2023 de Moros y Cristianos de Moraira, son las promotoras de este primer encuentro que espera reunir comparsas de poblaciones tanto de la Marina Alta como de la Marina Baixa, donde se celebran fiestas [&#8230;]<\/p>\n<p><a class=\"btn btn-secondary understrap-read-more-link\" href=\"https:\/\/radiolitoral.com\/ca\/2023\/05\/primer-encuentro-comarcal-de-comparsas-de-moros-y-cristianos-en-moraira\/\">Continua llegint&#8230;<span class=\"screen-reader-text\"> from Primer encuentro comarcal de comparsas de Moros y Cristianos en Moraira<\/span><\/a><\/p>\n","protected":false},"author":21,"featured_media":2821,"comment_status":"open","ping_status":"closed","sticky":false,"template":"","format":"standard","meta":{"_acf_changed":false,"inline_featured_image":false,"footnotes":""},"categories":[276],"tags":[661,660,146],"class_list":["post-2820","post","type-post","status-publish","format-standard","has-post-thumbnail","hentry","category-fiestas","tag-encuentro-moros-y-cristianos","tag-moros-y-cristianos","tag-teulada","cobertura-teulada-moraira"],"acf":[],"yoast_head":"<!-- This site is optimized with the Yoast SEO plugin v27.5 - https:\/\/yoast.com\/product\/yoast-seo-wordpress\/ -->\n<title>Primer encuentro comarcal de comparsas de Moros y Cristianos en Moraira | R\u00e0dio Litoral<\/title>\n<meta name=\"description\" content=\"El 27 de mayo la localidad tiene previsto reunir a numerosos asistentes con el mar como escenario de fondo\" \/>\n<meta name=\"robots\" content=\"index, follow, max-snippet:-1, max-image-preview:large, max-video-preview:-1\" \/>\n<link rel=\"canonical\" href=\"https:\/\/radiolitoral.com\/ca\/2023\/05\/primera-trobada-comarcal-de-comparses-de-moros-i-cristians-a-moraira\/\" \/>\n<meta property=\"og:locale\" content=\"ca_ES\" \/>\n<meta property=\"og:type\" content=\"article\" \/>\n<meta property=\"og:title\" content=\"Primer encuentro comarcal de comparsas de Moros y Cristianos en Moraira | R\u00e0dio Litoral\" \/>\n<meta property=\"og:description\" content=\"El 27 de mayo la localidad tiene previsto reunir a numerosos asistentes con el mar como escenario de fondo\" \/>\n<meta property=\"og:url\" content=\"https:\/\/radiolitoral.com\/ca\/2023\/05\/primera-trobada-comarcal-de-comparses-de-moros-i-cristians-a-moraira\/\" \/>\n<meta property=\"og:site_name\" content=\"R\u00e0dio Litoral\" \/>\n<meta property=\"article:publisher\" content=\"https:\/\/www.facebook.com\/Laradiolitoral\/\" \/>\n<meta property=\"article:published_time\" content=\"2023-05-05T15:01:15+00:00\" \/>\n<meta property=\"article:modified_time\" content=\"2023-05-05T15:01:37+00:00\" \/>\n<meta property=\"og:image\" content=\"https:\/\/media.radiolitoral.com\/wp-content\/uploads\/2023\/05\/05170108\/TROBADA-MOROS-Y-CRISTIANOS-2023-490x490-1.jpg\" \/>\n\t<meta property=\"og:image:width\" content=\"490\" \/>\n\t<meta property=\"og:image:height\" content=\"490\" \/>\n\t<meta property=\"og:image:type\" content=\"image\/jpeg\" \/>\n<meta name=\"author\" content=\"Mel Pescuezo\" \/>\n<meta name=\"twitter:card\" content=\"summary_large_image\" \/>\n<meta name=\"twitter:label1\" content=\"Escrit per\" \/>\n\t<meta name=\"twitter:data1\" content=\"Mel Pescuezo\" \/>\n\t<meta name=\"twitter:label2\" content=\"Temps estimat de lectura\" \/>\n\t<meta name=\"twitter:data2\" content=\"1 minut\" \/>\n<script type=\"application\/ld+json\" class=\"yoast-schema-graph\">{\"@context\":\"https:\\\/\\\/schema.org\",\"@graph\":[{\"@type\":\"NewsArticle\",\"@id\":\"https:\\\/\\\/radiolitoral.com\\\/2023\\\/05\\\/primer-encuentro-comarcal-de-comparsas-de-moros-y-cristianos-en-moraira\\\/#article\",\"isPartOf\":{\"@id\":\"https:\\\/\\\/radiolitoral.com\\\/2023\\\/05\\\/primer-encuentro-comarcal-de-comparsas-de-moros-y-cristianos-en-moraira\\\/\"},\"author\":{\"name\":\"Mel Pescuezo\",\"@id\":\"https:\\\/\\\/radiolitoral.com\\\/#\\\/schema\\\/person\\\/aad4f72efa404f85b68e832d24cac059\"},\"headline\":\"Primer encuentro comarcal de comparsas de Moros y Cristianos en Moraira\",\"datePublished\":\"2023-05-05T15:01:15+00:00\",\"dateModified\":\"2023-05-05T15:01:37+00:00\",\"mainEntityOfPage\":{\"@id\":\"https:\\\/\\\/radiolitoral.com\\\/2023\\\/05\\\/primer-encuentro-comarcal-de-comparsas-de-moros-y-cristianos-en-moraira\\\/\"},\"wordCount\":206,\"commentCount\":0,\"publisher\":{\"@id\":\"https:\\\/\\\/radiolitoral.com\\\/#organization\"},\"image\":{\"@id\":\"https:\\\/\\\/radiolitoral.com\\\/2023\\\/05\\\/primer-encuentro-comarcal-de-comparsas-de-moros-y-cristianos-en-moraira\\\/#primaryimage\"},\"thumbnailUrl\":\"https:\\\/\\\/media.radiolitoral.com\\\/wp-content\\\/uploads\\\/2023\\\/05\\\/05170108\\\/TROBADA-MOROS-Y-CRISTIANOS-2023-490x490-1.jpg\",\"keywords\":[\"Encuentro Moros y Cristianos\",\"Moros y Cristianos\",\"Teulada\"],\"articleSection\":[\"Fiestas\"],\"inLanguage\":\"ca\",\"potentialAction\":[{\"@type\":\"CommentAction\",\"name\":\"Comment\",\"target\":[\"https:\\\/\\\/radiolitoral.com\\\/2023\\\/05\\\/primer-encuentro-comarcal-de-comparsas-de-moros-y-cristianos-en-moraira\\\/#respond\"]}]},{\"@type\":[\"WebPage\",\"ItemPage\"],\"@id\":\"https:\\\/\\\/radiolitoral.com\\\/2023\\\/05\\\/primer-encuentro-comarcal-de-comparsas-de-moros-y-cristianos-en-moraira\\\/\",\"url\":\"https:\\\/\\\/radiolitoral.com\\\/2023\\\/05\\\/primer-encuentro-comarcal-de-comparsas-de-moros-y-cristianos-en-moraira\\\/\",\"name\":\"Primer encuentro comarcal de comparsas de Moros y Cristianos en Moraira | R\u00e0dio Litoral\",\"isPartOf\":{\"@id\":\"https:\\\/\\\/radiolitoral.com\\\/#website\"},\"primaryImageOfPage\":{\"@id\":\"https:\\\/\\\/radiolitoral.com\\\/2023\\\/05\\\/primer-encuentro-comarcal-de-comparsas-de-moros-y-cristianos-en-moraira\\\/#primaryimage\"},\"image\":{\"@id\":\"https:\\\/\\\/radiolitoral.com\\\/2023\\\/05\\\/primer-encuentro-comarcal-de-comparsas-de-moros-y-cristianos-en-moraira\\\/#primaryimage\"},\"thumbnailUrl\":\"https:\\\/\\\/media.radiolitoral.com\\\/wp-content\\\/uploads\\\/2023\\\/05\\\/05170108\\\/TROBADA-MOROS-Y-CRISTIANOS-2023-490x490-1.jpg\",\"datePublished\":\"2023-05-05T15:01:15+00:00\",\"dateModified\":\"2023-05-05T15:01:37+00:00\",\"description\":\"El 27 de mayo la localidad tiene previsto reunir a numerosos asistentes con el mar como escenario de fondo\",\"breadcrumb\":{\"@id\":\"https:\\\/\\\/radiolitoral.com\\\/2023\\\/05\\\/primer-encuentro-comarcal-de-comparsas-de-moros-y-cristianos-en-moraira\\\/#breadcrumb\"},\"inLanguage\":\"ca\",\"potentialAction\":[{\"@type\":\"ReadAction\",\"target\":[\"https:\\\/\\\/radiolitoral.com\\\/2023\\\/05\\\/primer-encuentro-comarcal-de-comparsas-de-moros-y-cristianos-en-moraira\\\/\"]}]},{\"@type\":\"ImageObject\",\"inLanguage\":\"ca\",\"@id\":\"https:\\\/\\\/radiolitoral.com\\\/2023\\\/05\\\/primer-encuentro-comarcal-de-comparsas-de-moros-y-cristianos-en-moraira\\\/#primaryimage\",\"url\":\"https:\\\/\\\/media.radiolitoral.com\\\/wp-content\\\/uploads\\\/2023\\\/05\\\/05170108\\\/TROBADA-MOROS-Y-CRISTIANOS-2023-490x490-1.jpg\",\"contentUrl\":\"https:\\\/\\\/media.radiolitoral.com\\\/wp-content\\\/uploads\\\/2023\\\/05\\\/05170108\\\/TROBADA-MOROS-Y-CRISTIANOS-2023-490x490-1.jpg\",\"width\":490,\"height\":490},{\"@type\":\"BreadcrumbList\",\"@id\":\"https:\\\/\\\/radiolitoral.com\\\/2023\\\/05\\\/primer-encuentro-comarcal-de-comparsas-de-moros-y-cristianos-en-moraira\\\/#breadcrumb\",\"itemListElement\":[{\"@type\":\"ListItem\",\"position\":1,\"name\":\"Portada\",\"item\":\"https:\\\/\\\/radiolitoral.com\\\/\"},{\"@type\":\"ListItem\",\"position\":2,\"name\":\"Primer encuentro comarcal de comparsas de Moros y Cristianos en Moraira\"}]},{\"@type\":\"WebSite\",\"@id\":\"https:\\\/\\\/radiolitoral.com\\\/#website\",\"url\":\"https:\\\/\\\/radiolitoral.com\\\/\",\"name\":\"Radio Litoral\",\"description\":\"La radio local de la Marina Alta\",\"publisher\":{\"@id\":\"https:\\\/\\\/radiolitoral.com\\\/#organization\"},\"alternateName\":\"Litoral FM\",\"potentialAction\":[{\"@type\":\"SearchAction\",\"target\":{\"@type\":\"EntryPoint\",\"urlTemplate\":\"https:\\\/\\\/radiolitoral.com\\\/?s={search_term_string}\"},\"query-input\":{\"@type\":\"PropertyValueSpecification\",\"valueRequired\":true,\"valueName\":\"search_term_string\"}}],\"inLanguage\":\"ca\"},{\"@type\":\"Organization\",\"@id\":\"https:\\\/\\\/radiolitoral.com\\\/#organization\",\"name\":\"Radio Litoral\",\"url\":\"https:\\\/\\\/radiolitoral.com\\\/\",\"logo\":{\"@type\":\"ImageObject\",\"inLanguage\":\"ca\",\"@id\":\"https:\\\/\\\/radiolitoral.com\\\/#\\\/schema\\\/logo\\\/image\\\/\",\"url\":\"https:\\\/\\\/media.radiolitoral.com\\\/wp-content\\\/uploads\\\/2023\\\/02\\\/24143238\\\/CL-V-RadioLitoral696.png\",\"contentUrl\":\"https:\\\/\\\/media.radiolitoral.com\\\/wp-content\\\/uploads\\\/2023\\\/02\\\/24143238\\\/CL-V-RadioLitoral696.png\",\"width\":696,\"height\":696,\"caption\":\"Radio Litoral\"},\"image\":{\"@id\":\"https:\\\/\\\/radiolitoral.com\\\/#\\\/schema\\\/logo\\\/image\\\/\"},\"sameAs\":[\"https:\\\/\\\/www.facebook.com\\\/Laradiolitoral\\\/\"]},{\"@type\":\"Person\",\"@id\":\"https:\\\/\\\/radiolitoral.com\\\/#\\\/schema\\\/person\\\/aad4f72efa404f85b68e832d24cac059\",\"name\":\"Mel Pescuezo\",\"image\":{\"@type\":\"ImageObject\",\"inLanguage\":\"ca\",\"@id\":\"https:\\\/\\\/secure.gravatar.com\\\/avatar\\\/993975ae489c70cb0dd9bfa9413a082f0bd276582dac13661af7b33f161e7eea?s=96&d=mm&r=g\",\"url\":\"https:\\\/\\\/secure.gravatar.com\\\/avatar\\\/993975ae489c70cb0dd9bfa9413a082f0bd276582dac13661af7b33f161e7eea?s=96&d=mm&r=g\",\"contentUrl\":\"https:\\\/\\\/secure.gravatar.com\\\/avatar\\\/993975ae489c70cb0dd9bfa9413a082f0bd276582dac13661af7b33f161e7eea?s=96&d=mm&r=g\",\"caption\":\"Mel Pescuezo\"},\"url\":\"https:\\\/\\\/radiolitoral.com\\\/ca\\\/author\\\/serviciospararadios\\\/\"}]}<\/script>\n<!-- \/ Yoast SEO plugin. -->","yoast_head_json":{"title":"Primera trobada comarcal de comparses de Moros i Cristians a Moraira | R\u00e0dio Litoral","description":"El 27 de maig la localitat t\u00e9 previst reunir nombrosos assistents amb el mar com a escenari de fons","robots":{"index":"index","follow":"follow","max-snippet":"max-snippet:-1","max-image-preview":"max-image-preview:large","max-video-preview":"max-video-preview:-1"},"canonical":"https:\/\/radiolitoral.com\/ca\/2023\/05\/primera-trobada-comarcal-de-comparses-de-moros-i-cristians-a-moraira\/","og_locale":"ca_ES","og_type":"article","og_title":"Primer encuentro comarcal de comparsas de Moros y Cristianos en Moraira | R\u00e0dio Litoral","og_description":"El 27 de mayo la localidad tiene previsto reunir a numerosos asistentes con el mar como escenario de fondo","og_url":"https:\/\/radiolitoral.com\/ca\/2023\/05\/primera-trobada-comarcal-de-comparses-de-moros-i-cristians-a-moraira\/","og_site_name":"R\u00e0dio Litoral","article_publisher":"https:\/\/www.facebook.com\/Laradiolitoral\/","article_published_time":"2023-05-05T15:01:15+00:00","article_modified_time":"2023-05-05T15:01:37+00:00","og_image":[{"width":490,"height":490,"url":"https:\/\/media.radiolitoral.com\/wp-content\/uploads\/2023\/05\/05170108\/TROBADA-MOROS-Y-CRISTIANOS-2023-490x490-1.jpg","type":"image\/jpeg"}],"author":"Mel Pescuezo","twitter_card":"summary_large_image","twitter_misc":{"Escrit per":"Mel Pescuezo","Temps estimat de lectura":"1 minut"},"schema":{"@context":"https:\/\/schema.org","@graph":[{"@type":"NewsArticle","@id":"https:\/\/radiolitoral.com\/2023\/05\/primer-encuentro-comarcal-de-comparsas-de-moros-y-cristianos-en-moraira\/#article","isPartOf":{"@id":"https:\/\/radiolitoral.com\/2023\/05\/primer-encuentro-comarcal-de-comparsas-de-moros-y-cristianos-en-moraira\/"},"author":{"name":"Mel Pescuezo","@id":"https:\/\/radiolitoral.com\/#\/schema\/person\/aad4f72efa404f85b68e832d24cac059"},"headline":"Primer encuentro comarcal de comparsas de Moros y Cristianos en Moraira","datePublished":"2023-05-05T15:01:15+00:00","dateModified":"2023-05-05T15:01:37+00:00","mainEntityOfPage":{"@id":"https:\/\/radiolitoral.com\/2023\/05\/primer-encuentro-comarcal-de-comparsas-de-moros-y-cristianos-en-moraira\/"},"wordCount":206,"commentCount":0,"publisher":{"@id":"https:\/\/radiolitoral.com\/#organization"},"image":{"@id":"https:\/\/radiolitoral.com\/2023\/05\/primer-encuentro-comarcal-de-comparsas-de-moros-y-cristianos-en-moraira\/#primaryimage"},"thumbnailUrl":"https:\/\/media.radiolitoral.com\/wp-content\/uploads\/2023\/05\/05170108\/TROBADA-MOROS-Y-CRISTIANOS-2023-490x490-1.jpg","keywords":["Encuentro Moros y Cristianos","Moros y Cristianos","Teulada"],"articleSection":["Fiestas"],"inLanguage":"ca","potentialAction":[{"@type":"CommentAction","name":"Comment","target":["https:\/\/radiolitoral.com\/2023\/05\/primer-encuentro-comarcal-de-comparsas-de-moros-y-cristianos-en-moraira\/#respond"]}]},{"@type":["WebPage","ItemPage"],"@id":"https:\/\/radiolitoral.com\/2023\/05\/primer-encuentro-comarcal-de-comparsas-de-moros-y-cristianos-en-moraira\/","url":"https:\/\/radiolitoral.com\/2023\/05\/primer-encuentro-comarcal-de-comparsas-de-moros-y-cristianos-en-moraira\/","name":"Primera trobada comarcal de comparses de Moros i Cristians a Moraira | R\u00e0dio Litoral","isPartOf":{"@id":"https:\/\/radiolitoral.com\/#website"},"primaryImageOfPage":{"@id":"https:\/\/radiolitoral.com\/2023\/05\/primer-encuentro-comarcal-de-comparsas-de-moros-y-cristianos-en-moraira\/#primaryimage"},"image":{"@id":"https:\/\/radiolitoral.com\/2023\/05\/primer-encuentro-comarcal-de-comparsas-de-moros-y-cristianos-en-moraira\/#primaryimage"},"thumbnailUrl":"https:\/\/media.radiolitoral.com\/wp-content\/uploads\/2023\/05\/05170108\/TROBADA-MOROS-Y-CRISTIANOS-2023-490x490-1.jpg","datePublished":"2023-05-05T15:01:15+00:00","dateModified":"2023-05-05T15:01:37+00:00","description":"El 27 de maig la localitat t\u00e9 previst reunir nombrosos assistents amb el mar com a escenari de fons","breadcrumb":{"@id":"https:\/\/radiolitoral.com\/2023\/05\/primer-encuentro-comarcal-de-comparsas-de-moros-y-cristianos-en-moraira\/#breadcrumb"},"inLanguage":"ca","potentialAction":[{"@type":"ReadAction","target":["https:\/\/radiolitoral.com\/2023\/05\/primer-encuentro-comarcal-de-comparsas-de-moros-y-cristianos-en-moraira\/"]}]},{"@type":"ImageObject","inLanguage":"ca","@id":"https:\/\/radiolitoral.com\/2023\/05\/primer-encuentro-comarcal-de-comparsas-de-moros-y-cristianos-en-moraira\/#primaryimage","url":"https:\/\/media.radiolitoral.com\/wp-content\/uploads\/2023\/05\/05170108\/TROBADA-MOROS-Y-CRISTIANOS-2023-490x490-1.jpg","contentUrl":"https:\/\/media.radiolitoral.com\/wp-content\/uploads\/2023\/05\/05170108\/TROBADA-MOROS-Y-CRISTIANOS-2023-490x490-1.jpg","width":490,"height":490},{"@type":"BreadcrumbList","@id":"https:\/\/radiolitoral.com\/2023\/05\/primer-encuentro-comarcal-de-comparsas-de-moros-y-cristianos-en-moraira\/#breadcrumb","itemListElement":[{"@type":"ListItem","position":1,"name":"Portada","item":"https:\/\/radiolitoral.com\/"},{"@type":"ListItem","position":2,"name":"Primer encuentro comarcal de comparsas de Moros y Cristianos en Moraira"}]},{"@type":"WebSite","@id":"https:\/\/radiolitoral.com\/#website","url":"https:\/\/radiolitoral.com\/","name":"R\u00e0dio Litoral","description":"La r\u00e0dio local de la Marina Alta","publisher":{"@id":"https:\/\/radiolitoral.com\/#organization"},"alternateName":"Litoral FM","potentialAction":[{"@type":"SearchAction","target":{"@type":"EntryPoint","urlTemplate":"https:\/\/radiolitoral.com\/?s={search_term_string}"},"query-input":{"@type":"PropertyValueSpecification","valueRequired":true,"valueName":"search_term_string"}}],"inLanguage":"ca"},{"@type":"Organization","@id":"https:\/\/radiolitoral.com\/#organization","name":"R\u00e0dio Litoral","url":"https:\/\/radiolitoral.com\/","logo":{"@type":"ImageObject","inLanguage":"ca","@id":"https:\/\/radiolitoral.com\/#\/schema\/logo\/image\/","url":"https:\/\/media.radiolitoral.com\/wp-content\/uploads\/2023\/02\/24143238\/CL-V-RadioLitoral696.png","contentUrl":"https:\/\/media.radiolitoral.com\/wp-content\/uploads\/2023\/02\/24143238\/CL-V-RadioLitoral696.png","width":696,"height":696,"caption":"Radio Litoral"},"image":{"@id":"https:\/\/radiolitoral.com\/#\/schema\/logo\/image\/"},"sameAs":["https:\/\/www.facebook.com\/Laradiolitoral\/"]},{"@type":"Person","@id":"https:\/\/radiolitoral.com\/#\/schema\/person\/aad4f72efa404f85b68e832d24cac059","name":"Mel Pescuezo","image":{"@type":"ImageObject","inLanguage":"ca","@id":"https:\/\/secure.gravatar.com\/avatar\/993975ae489c70cb0dd9bfa9413a082f0bd276582dac13661af7b33f161e7eea?s=96&d=mm&r=g","url":"https:\/\/secure.gravatar.com\/avatar\/993975ae489c70cb0dd9bfa9413a082f0bd276582dac13661af7b33f161e7eea?s=96&d=mm&r=g","contentUrl":"https:\/\/secure.gravatar.com\/avatar\/993975ae489c70cb0dd9bfa9413a082f0bd276582dac13661af7b33f161e7eea?s=96&d=mm&r=g","caption":"Mel Pescuezo"},"url":"https:\/\/radiolitoral.com\/ca\/author\/serviciospararadios\/"}]}},"_links":{"self":[{"href":"https:\/\/radiolitoral.com\/ca\/wp-json\/wp\/v2\/posts\/2820","targetHints":{"allow":["GET"]}}],"collection":[{"href":"https:\/\/radiolitoral.com\/ca\/wp-json\/wp\/v2\/posts"}],"about":[{"href":"https:\/\/radiolitoral.com\/ca\/wp-json\/wp\/v2\/types\/post"}],"author":[{"embeddable":true,"href":"https:\/\/radiolitoral.com\/ca\/wp-json\/wp\/v2\/users\/21"}],"replies":[{"embeddable":true,"href":"https:\/\/radiolitoral.com\/ca\/wp-json\/wp\/v2\/comments?post=2820"}],"version-history":[{"count":1,"href":"https:\/\/radiolitoral.com\/ca\/wp-json\/wp\/v2\/posts\/2820\/revisions"}],"predecessor-version":[{"id":2822,"href":"https:\/\/radiolitoral.com\/ca\/wp-json\/wp\/v2\/posts\/2820\/revisions\/2822"}],"wp:featuredmedia":[{"embeddable":true,"href":"https:\/\/radiolitoral.com\/ca\/wp-json\/wp\/v2\/media\/2821"}],"wp:attachment":[{"href":"https:\/\/radiolitoral.com\/ca\/wp-json\/wp\/v2\/media?parent=2820"}],"wp:term":[{"taxonomy":"category","embeddable":true,"href":"https:\/\/radiolitoral.com\/ca\/wp-json\/wp\/v2\/categories?post=2820"},{"taxonomy":"post_tag","embeddable":true,"href":"https:\/\/radiolitoral.com\/ca\/wp-json\/wp\/v2\/tags?post=2820"}],"curies":[{"name":"wp","href":"https:\/\/api.w.org\/{rel}","templated":true}]}}