{"id":2777,"date":"2023-05-04T16:09:40","date_gmt":"2023-05-04T14:09:40","guid":{"rendered":"https:\/\/radiolitoral.com\/?p=2777"},"modified":"2023-05-04T16:13:44","modified_gmt":"2023-05-04T14:13:44","slug":"2777","status":"publish","type":"post","link":"https:\/\/radiolitoral.com\/ca\/2023\/05\/2777\/","title":{"rendered":"Cap de setmana ple d&#039;activitats amb Xal\u00f3nia"},"content":{"rendered":"<p>Xal\u00f3 es prepara per gaudir de la <strong>onzena edici\u00f3 de Xal\u00f3nia<\/strong>. Una cita consolidada que omplir\u00e0 d&#039;activitat i diversi\u00f3, amb marcada ess\u00e8ncia aut\u00f2ctona, els dies <strong>6 i 7 de maig<\/strong>, aquest dissabte i diumenge.<\/p>\n<p>El programa inclou les actuacions de D\u00e0maris Gelabert i Pep Gimeno \u201cBotifarra\u201d, a m\u00e9s dels grups que s&#039;inclouen al cartell de la tradicional Nit de Rock, com Dakidarria, Kela, Homo No Sapiens i el grup local Kinperkal.<br \/>\nUna programaci\u00f3 que tamb\u00e9 inclou la Festa del vi i la picaeta, el Xal\u00f3 Obert i el Mercat de la Terra. Una oferta variada per menjar, beure i comprar.<\/p>\n<p>Com a la resta de les edicions, les muixarangues animaran el recorregut de la gent per Xal\u00f3 aix\u00ed com els sons de la Banda de M\u00fasica de Xal\u00f3, l&#039;Agrupaci\u00f3 Festival Band, la Bandeta juvenil de Xal\u00f3 i la Batucada Colp i Repic. I \u00e9s que Xal\u00f3nia \u00e9s una proposta que reivindica el que \u00e9s propi, l&#039;ess\u00e8ncia de poble, i reconeix i comparteix tradicions, gastronomia i comer\u00e7 de proximitat. Una porta oberta tamb\u00e9 a la promoci\u00f3 tur\u00edstica.<\/p>\n<p>A continuaci\u00f3 teniu la <strong>programaci\u00f3 detallada<\/strong>:<\/p>\n<p><strong>DISSABTE 6<\/strong><br \/>\n10.30H INAGURACI\u00d3 DE XAL\u00d2NIA<br \/>\nCERCAVILA DE LA BANDETA JUVENIL DE XAL\u00d3<br \/>\n11.00H ACTUACI\u00d3 DE M\u00c0GIA PROP I TALLER DE M\u00c0GIA PER M\u00c0GIC FRANCIS<br \/>\n11.45H ESPECTACLE D\u00c1MARIS GELABERT<br \/>\n15.00H XAL\u00d2NIA A RITME DE LA BATUCADA COLP I REPIC.<br \/>\n16.00 A 20.00H ACTIVITAT ART\u00cdSTICA, MURAL INTERACTIU<br \/>\nDEIXA LA TEVA EMPREMTA DURANT XAL\u00d2NIA. PER: LOIS JANSEN<br \/>\n18.00H TROBADA DE CASTELLERS I MUIXERANGA<br \/>\nMUIXERANGA DE SEG\u00c0RIA I CASTELLERS DE TERRASSA<br \/>\n19.00H M\u00daSICA EN VIU A C\u00c0RREC DE L&#039;AGRUPACI\u00d3 FESTIVAL BAND DE XAL\u00d3<br \/>\n20.00H ACTUACI\u00d3 DJ JUANHER ENVERSI\u00d3 \u00abTHE CLASSICS\u00bb<br \/>\n22.00H ACTUACI\u00d3 GRUP DE M\u00daSICA ELECTR\u00d2NICA DE XAL\u00d3 \u201cSTETICA\u201d<br \/>\n23.00H NIT DE ROCK: DAKID\u00c0RRIA, KELA, HOMO NO SAPIENS, KINPERCAL<\/p>\n<p><strong>DIUMENGE 7<\/strong><br \/>\n10.00H CERCAVILA BANDA DE M\u00daSICA DE XAL\u00d3.<br \/>\n10.00H TALLER D&#039;AER\u00d2BIC I ZUMBA PER A TOTES LES EDATS, PER LUISA RU\u00cdZ<br \/>\n11.00H ACTUACI\u00d3 DEL GRUP DE DANCES LA MURTA-MANOLITA CASTELLS<br \/>\n11.00 A 14.00H ACTIVITAT ART\u00cdSTICA, MURAL INTERACTIU. PER: LOIS JANSEN<br \/>\n11:00H TAST DE VINS<br \/>\n12.00H ESPECTACLE PEP GIM\u00c8 \u201cBOTIFARRA\u201d<br \/>\n16.00H CLOENDA DE XAL\u00d2NIA AMB L&#039;ACTUACI\u00d3 DJ ERNESTO DEEP &amp; @ALFREDORBSAX<\/p>","protected":false},"excerpt":{"rendered":"<p>Xal\u00f3 se prepara para disfrutar de la und\u00e9cima edici\u00f3n de Xal\u00f3nia. Una cita ya consolidada que llenar\u00e1 de actividad y diversi\u00f3n, con marcada esencia aut\u00f3ctona, los d\u00edas 6 y 7 de mayo, este s\u00e1bado y domingo. El programa incluye las actuaciones de D\u00e0maris Gelabert y Pep Gimeno \u201cBotifarra\u201d, adem\u00e1s de los grupos que se incluyen [&#8230;]<\/p>\n<p><a class=\"btn btn-secondary understrap-read-more-link\" href=\"https:\/\/radiolitoral.com\/ca\/2023\/05\/2777\/\">Continua llegint&#8230;<span class=\"screen-reader-text\"> from Fin de semana repleto de actividades con Xal\u00f3nia<\/span><\/a><\/p>\n","protected":false},"author":13,"featured_media":2778,"comment_status":"open","ping_status":"closed","sticky":false,"template":"","format":"standard","meta":{"_acf_changed":false,"inline_featured_image":false,"footnotes":""},"categories":[276],"tags":[602,648,649,133,647],"class_list":["post-2777","post","type-post","status-publish","format-standard","has-post-thumbnail","hentry","category-fiestas","tag-agenda-xalo","tag-cultura-xalo","tag-fiestas-xalo","tag-xalo","tag-xalonia","cobertura-xalo"],"acf":[],"yoast_head":"<!-- This site is optimized with the Yoast SEO plugin v27.5 - https:\/\/yoast.com\/product\/yoast-seo-wordpress\/ -->\n<title>Fin de semana repleto de actividades con Xal\u00f3nia | R\u00e0dio Litoral<\/title>\n<meta name=\"description\" content=\"Actuaciones, juegos y un sinf\u00edn de actos para disfrutarlos en familia Actuaciones, juegos y un sinf\u00edn de actos para disfrutarlos en familia\" \/>\n<meta name=\"robots\" content=\"index, follow, max-snippet:-1, max-image-preview:large, max-video-preview:-1\" \/>\n<link rel=\"canonical\" href=\"https:\/\/radiolitoral.com\/ca\/2023\/05\/2777\/\" \/>\n<meta property=\"og:locale\" content=\"ca_ES\" \/>\n<meta property=\"og:type\" content=\"article\" \/>\n<meta property=\"og:title\" content=\"Fin de semana repleto de actividades con Xal\u00f3nia | R\u00e0dio Litoral\" \/>\n<meta property=\"og:description\" content=\"Actuaciones, juegos y un sinf\u00edn de actos para disfrutarlos en familia Actuaciones, juegos y un sinf\u00edn de actos para disfrutarlos en familia\" \/>\n<meta property=\"og:url\" content=\"https:\/\/radiolitoral.com\/ca\/2023\/05\/2777\/\" \/>\n<meta property=\"og:site_name\" content=\"R\u00e0dio Litoral\" \/>\n<meta property=\"article:publisher\" content=\"https:\/\/www.facebook.com\/Laradiolitoral\/\" \/>\n<meta property=\"article:published_time\" content=\"2023-05-04T14:09:40+00:00\" \/>\n<meta property=\"article:modified_time\" content=\"2023-05-04T14:13:44+00:00\" \/>\n<meta property=\"og:image\" content=\"https:\/\/media.radiolitoral.com\/wp-content\/uploads\/2023\/05\/04160934\/xalonia-1-1.jpg\" \/>\n\t<meta property=\"og:image:width\" content=\"1142\" \/>\n\t<meta property=\"og:image:height\" content=\"1600\" \/>\n\t<meta property=\"og:image:type\" content=\"image\/jpeg\" \/>\n<meta name=\"author\" content=\"Redacci\u00f3n\" \/>\n<meta name=\"twitter:card\" content=\"summary_large_image\" \/>\n<meta name=\"twitter:label1\" content=\"Escrit per\" \/>\n\t<meta name=\"twitter:data1\" content=\"Redacci\u00f3n\" \/>\n\t<meta name=\"twitter:label2\" content=\"Temps estimat de lectura\" \/>\n\t<meta name=\"twitter:data2\" content=\"2 minuts\" \/>\n<script type=\"application\/ld+json\" class=\"yoast-schema-graph\">{\"@context\":\"https:\\\/\\\/schema.org\",\"@graph\":[{\"@type\":\"NewsArticle\",\"@id\":\"https:\\\/\\\/radiolitoral.com\\\/2023\\\/05\\\/2777\\\/#article\",\"isPartOf\":{\"@id\":\"https:\\\/\\\/radiolitoral.com\\\/2023\\\/05\\\/2777\\\/\"},\"author\":{\"name\":\"Redacci\u00f3n\",\"@id\":\"https:\\\/\\\/radiolitoral.com\\\/#\\\/schema\\\/person\\\/f2b2343c49b5d721857cc1002bfdb151\"},\"headline\":\"Fin de semana repleto de actividades con Xal\u00f3nia\",\"datePublished\":\"2023-05-04T14:09:40+00:00\",\"dateModified\":\"2023-05-04T14:13:44+00:00\",\"mainEntityOfPage\":{\"@id\":\"https:\\\/\\\/radiolitoral.com\\\/2023\\\/05\\\/2777\\\/\"},\"wordCount\":403,\"commentCount\":0,\"publisher\":{\"@id\":\"https:\\\/\\\/radiolitoral.com\\\/#organization\"},\"image\":{\"@id\":\"https:\\\/\\\/radiolitoral.com\\\/2023\\\/05\\\/2777\\\/#primaryimage\"},\"thumbnailUrl\":\"https:\\\/\\\/media.radiolitoral.com\\\/wp-content\\\/uploads\\\/2023\\\/05\\\/04160934\\\/xalonia-1-1.jpg\",\"keywords\":[\"agenda Xal\u00f3\",\"cultura Xal\u00f3\",\"fiestas Xal\u00f3\",\"Xal\u00f3\",\"Xal\u00f3nia\"],\"articleSection\":[\"Fiestas\"],\"inLanguage\":\"ca\",\"potentialAction\":[{\"@type\":\"CommentAction\",\"name\":\"Comment\",\"target\":[\"https:\\\/\\\/radiolitoral.com\\\/2023\\\/05\\\/2777\\\/#respond\"]}]},{\"@type\":[\"WebPage\",\"ItemPage\"],\"@id\":\"https:\\\/\\\/radiolitoral.com\\\/2023\\\/05\\\/2777\\\/\",\"url\":\"https:\\\/\\\/radiolitoral.com\\\/2023\\\/05\\\/2777\\\/\",\"name\":\"Fin de semana repleto de actividades con Xal\u00f3nia | R\u00e0dio Litoral\",\"isPartOf\":{\"@id\":\"https:\\\/\\\/radiolitoral.com\\\/#website\"},\"primaryImageOfPage\":{\"@id\":\"https:\\\/\\\/radiolitoral.com\\\/2023\\\/05\\\/2777\\\/#primaryimage\"},\"image\":{\"@id\":\"https:\\\/\\\/radiolitoral.com\\\/2023\\\/05\\\/2777\\\/#primaryimage\"},\"thumbnailUrl\":\"https:\\\/\\\/media.radiolitoral.com\\\/wp-content\\\/uploads\\\/2023\\\/05\\\/04160934\\\/xalonia-1-1.jpg\",\"datePublished\":\"2023-05-04T14:09:40+00:00\",\"dateModified\":\"2023-05-04T14:13:44+00:00\",\"description\":\"Actuaciones, juegos y un sinf\u00edn de actos para disfrutarlos en familia Actuaciones, juegos y un sinf\u00edn de actos para disfrutarlos en familia\",\"breadcrumb\":{\"@id\":\"https:\\\/\\\/radiolitoral.com\\\/2023\\\/05\\\/2777\\\/#breadcrumb\"},\"inLanguage\":\"ca\",\"potentialAction\":[{\"@type\":\"ReadAction\",\"target\":[\"https:\\\/\\\/radiolitoral.com\\\/2023\\\/05\\\/2777\\\/\"]}]},{\"@type\":\"ImageObject\",\"inLanguage\":\"ca\",\"@id\":\"https:\\\/\\\/radiolitoral.com\\\/2023\\\/05\\\/2777\\\/#primaryimage\",\"url\":\"https:\\\/\\\/media.radiolitoral.com\\\/wp-content\\\/uploads\\\/2023\\\/05\\\/04160934\\\/xalonia-1-1.jpg\",\"contentUrl\":\"https:\\\/\\\/media.radiolitoral.com\\\/wp-content\\\/uploads\\\/2023\\\/05\\\/04160934\\\/xalonia-1-1.jpg\",\"width\":1142,\"height\":1600},{\"@type\":\"BreadcrumbList\",\"@id\":\"https:\\\/\\\/radiolitoral.com\\\/2023\\\/05\\\/2777\\\/#breadcrumb\",\"itemListElement\":[{\"@type\":\"ListItem\",\"position\":1,\"name\":\"Portada\",\"item\":\"https:\\\/\\\/radiolitoral.com\\\/\"},{\"@type\":\"ListItem\",\"position\":2,\"name\":\"Fin de semana repleto de actividades con Xal\u00f3nia\"}]},{\"@type\":\"WebSite\",\"@id\":\"https:\\\/\\\/radiolitoral.com\\\/#website\",\"url\":\"https:\\\/\\\/radiolitoral.com\\\/\",\"name\":\"Radio Litoral\",\"description\":\"La radio local de la Marina Alta\",\"publisher\":{\"@id\":\"https:\\\/\\\/radiolitoral.com\\\/#organization\"},\"alternateName\":\"Litoral FM\",\"potentialAction\":[{\"@type\":\"SearchAction\",\"target\":{\"@type\":\"EntryPoint\",\"urlTemplate\":\"https:\\\/\\\/radiolitoral.com\\\/?s={search_term_string}\"},\"query-input\":{\"@type\":\"PropertyValueSpecification\",\"valueRequired\":true,\"valueName\":\"search_term_string\"}}],\"inLanguage\":\"ca\"},{\"@type\":\"Organization\",\"@id\":\"https:\\\/\\\/radiolitoral.com\\\/#organization\",\"name\":\"Radio Litoral\",\"url\":\"https:\\\/\\\/radiolitoral.com\\\/\",\"logo\":{\"@type\":\"ImageObject\",\"inLanguage\":\"ca\",\"@id\":\"https:\\\/\\\/radiolitoral.com\\\/#\\\/schema\\\/logo\\\/image\\\/\",\"url\":\"https:\\\/\\\/media.radiolitoral.com\\\/wp-content\\\/uploads\\\/2023\\\/02\\\/24143238\\\/CL-V-RadioLitoral696.png\",\"contentUrl\":\"https:\\\/\\\/media.radiolitoral.com\\\/wp-content\\\/uploads\\\/2023\\\/02\\\/24143238\\\/CL-V-RadioLitoral696.png\",\"width\":696,\"height\":696,\"caption\":\"Radio Litoral\"},\"image\":{\"@id\":\"https:\\\/\\\/radiolitoral.com\\\/#\\\/schema\\\/logo\\\/image\\\/\"},\"sameAs\":[\"https:\\\/\\\/www.facebook.com\\\/Laradiolitoral\\\/\"]},{\"@type\":\"Person\",\"@id\":\"https:\\\/\\\/radiolitoral.com\\\/#\\\/schema\\\/person\\\/f2b2343c49b5d721857cc1002bfdb151\",\"name\":\"Redacci\u00f3n\",\"image\":{\"@type\":\"ImageObject\",\"inLanguage\":\"ca\",\"@id\":\"https:\\\/\\\/secure.gravatar.com\\\/avatar\\\/f771d896c203ad8b3382d7905cfcce5a5c9b008b84b3cd9114e9b9f4cb63f789?s=96&d=mm&r=g\",\"url\":\"https:\\\/\\\/secure.gravatar.com\\\/avatar\\\/f771d896c203ad8b3382d7905cfcce5a5c9b008b84b3cd9114e9b9f4cb63f789?s=96&d=mm&r=g\",\"contentUrl\":\"https:\\\/\\\/secure.gravatar.com\\\/avatar\\\/f771d896c203ad8b3382d7905cfcce5a5c9b008b84b3cd9114e9b9f4cb63f789?s=96&d=mm&r=g\",\"caption\":\"Redacci\u00f3n\"},\"url\":\"https:\\\/\\\/radiolitoral.com\\\/ca\\\/author\\\/miriam-pagan\\\/\"}]}<\/script>\n<!-- \/ Yoast SEO plugin. -->","yoast_head_json":{"title":"Cap de setmana ple d&#039;activitats amb Xal\u00f2nia | R\u00e0dio Litoral","description":"Actuacions, jocs i una infinitat d&#039;actes per gaudir-los en fam\u00edlia Actuacions, jocs i una infinitat d&#039;actes per gaudir-los en fam\u00edlia","robots":{"index":"index","follow":"follow","max-snippet":"max-snippet:-1","max-image-preview":"max-image-preview:large","max-video-preview":"max-video-preview:-1"},"canonical":"https:\/\/radiolitoral.com\/ca\/2023\/05\/2777\/","og_locale":"ca_ES","og_type":"article","og_title":"Fin de semana repleto de actividades con Xal\u00f3nia | R\u00e0dio Litoral","og_description":"Actuaciones, juegos y un sinf\u00edn de actos para disfrutarlos en familia Actuaciones, juegos y un sinf\u00edn de actos para disfrutarlos en familia","og_url":"https:\/\/radiolitoral.com\/ca\/2023\/05\/2777\/","og_site_name":"R\u00e0dio Litoral","article_publisher":"https:\/\/www.facebook.com\/Laradiolitoral\/","article_published_time":"2023-05-04T14:09:40+00:00","article_modified_time":"2023-05-04T14:13:44+00:00","og_image":[{"width":1142,"height":1600,"url":"https:\/\/media.radiolitoral.com\/wp-content\/uploads\/2023\/05\/04160934\/xalonia-1-1.jpg","type":"image\/jpeg"}],"author":"Redacci\u00f3n","twitter_card":"summary_large_image","twitter_misc":{"Escrit per":"Redacci\u00f3n","Temps estimat de lectura":"2 minuts"},"schema":{"@context":"https:\/\/schema.org","@graph":[{"@type":"NewsArticle","@id":"https:\/\/radiolitoral.com\/2023\/05\/2777\/#article","isPartOf":{"@id":"https:\/\/radiolitoral.com\/2023\/05\/2777\/"},"author":{"name":"Redacci\u00f3n","@id":"https:\/\/radiolitoral.com\/#\/schema\/person\/f2b2343c49b5d721857cc1002bfdb151"},"headline":"Fin de semana repleto de actividades con Xal\u00f3nia","datePublished":"2023-05-04T14:09:40+00:00","dateModified":"2023-05-04T14:13:44+00:00","mainEntityOfPage":{"@id":"https:\/\/radiolitoral.com\/2023\/05\/2777\/"},"wordCount":403,"commentCount":0,"publisher":{"@id":"https:\/\/radiolitoral.com\/#organization"},"image":{"@id":"https:\/\/radiolitoral.com\/2023\/05\/2777\/#primaryimage"},"thumbnailUrl":"https:\/\/media.radiolitoral.com\/wp-content\/uploads\/2023\/05\/04160934\/xalonia-1-1.jpg","keywords":["agenda Xal\u00f3","cultura Xal\u00f3","fiestas Xal\u00f3","Xal\u00f3","Xal\u00f3nia"],"articleSection":["Fiestas"],"inLanguage":"ca","potentialAction":[{"@type":"CommentAction","name":"Comment","target":["https:\/\/radiolitoral.com\/2023\/05\/2777\/#respond"]}]},{"@type":["WebPage","ItemPage"],"@id":"https:\/\/radiolitoral.com\/2023\/05\/2777\/","url":"https:\/\/radiolitoral.com\/2023\/05\/2777\/","name":"Cap de setmana ple d&#039;activitats amb Xal\u00f2nia | R\u00e0dio Litoral","isPartOf":{"@id":"https:\/\/radiolitoral.com\/#website"},"primaryImageOfPage":{"@id":"https:\/\/radiolitoral.com\/2023\/05\/2777\/#primaryimage"},"image":{"@id":"https:\/\/radiolitoral.com\/2023\/05\/2777\/#primaryimage"},"thumbnailUrl":"https:\/\/media.radiolitoral.com\/wp-content\/uploads\/2023\/05\/04160934\/xalonia-1-1.jpg","datePublished":"2023-05-04T14:09:40+00:00","dateModified":"2023-05-04T14:13:44+00:00","description":"Actuacions, jocs i una infinitat d&#039;actes per gaudir-los en fam\u00edlia Actuacions, jocs i una infinitat d&#039;actes per gaudir-los en fam\u00edlia","breadcrumb":{"@id":"https:\/\/radiolitoral.com\/2023\/05\/2777\/#breadcrumb"},"inLanguage":"ca","potentialAction":[{"@type":"ReadAction","target":["https:\/\/radiolitoral.com\/2023\/05\/2777\/"]}]},{"@type":"ImageObject","inLanguage":"ca","@id":"https:\/\/radiolitoral.com\/2023\/05\/2777\/#primaryimage","url":"https:\/\/media.radiolitoral.com\/wp-content\/uploads\/2023\/05\/04160934\/xalonia-1-1.jpg","contentUrl":"https:\/\/media.radiolitoral.com\/wp-content\/uploads\/2023\/05\/04160934\/xalonia-1-1.jpg","width":1142,"height":1600},{"@type":"BreadcrumbList","@id":"https:\/\/radiolitoral.com\/2023\/05\/2777\/#breadcrumb","itemListElement":[{"@type":"ListItem","position":1,"name":"Portada","item":"https:\/\/radiolitoral.com\/"},{"@type":"ListItem","position":2,"name":"Fin de semana repleto de actividades con Xal\u00f3nia"}]},{"@type":"WebSite","@id":"https:\/\/radiolitoral.com\/#website","url":"https:\/\/radiolitoral.com\/","name":"R\u00e0dio Litoral","description":"La r\u00e0dio local de la Marina Alta","publisher":{"@id":"https:\/\/radiolitoral.com\/#organization"},"alternateName":"Litoral FM","potentialAction":[{"@type":"SearchAction","target":{"@type":"EntryPoint","urlTemplate":"https:\/\/radiolitoral.com\/?s={search_term_string}"},"query-input":{"@type":"PropertyValueSpecification","valueRequired":true,"valueName":"search_term_string"}}],"inLanguage":"ca"},{"@type":"Organization","@id":"https:\/\/radiolitoral.com\/#organization","name":"R\u00e0dio Litoral","url":"https:\/\/radiolitoral.com\/","logo":{"@type":"ImageObject","inLanguage":"ca","@id":"https:\/\/radiolitoral.com\/#\/schema\/logo\/image\/","url":"https:\/\/media.radiolitoral.com\/wp-content\/uploads\/2023\/02\/24143238\/CL-V-RadioLitoral696.png","contentUrl":"https:\/\/media.radiolitoral.com\/wp-content\/uploads\/2023\/02\/24143238\/CL-V-RadioLitoral696.png","width":696,"height":696,"caption":"Radio Litoral"},"image":{"@id":"https:\/\/radiolitoral.com\/#\/schema\/logo\/image\/"},"sameAs":["https:\/\/www.facebook.com\/Laradiolitoral\/"]},{"@type":"Person","@id":"https:\/\/radiolitoral.com\/#\/schema\/person\/f2b2343c49b5d721857cc1002bfdb151","name":"Redacci\u00f3","image":{"@type":"ImageObject","inLanguage":"ca","@id":"https:\/\/secure.gravatar.com\/avatar\/f771d896c203ad8b3382d7905cfcce5a5c9b008b84b3cd9114e9b9f4cb63f789?s=96&d=mm&r=g","url":"https:\/\/secure.gravatar.com\/avatar\/f771d896c203ad8b3382d7905cfcce5a5c9b008b84b3cd9114e9b9f4cb63f789?s=96&d=mm&r=g","contentUrl":"https:\/\/secure.gravatar.com\/avatar\/f771d896c203ad8b3382d7905cfcce5a5c9b008b84b3cd9114e9b9f4cb63f789?s=96&d=mm&r=g","caption":"Redacci\u00f3n"},"url":"https:\/\/radiolitoral.com\/ca\/author\/miriam-pagan\/"}]}},"_links":{"self":[{"href":"https:\/\/radiolitoral.com\/ca\/wp-json\/wp\/v2\/posts\/2777","targetHints":{"allow":["GET"]}}],"collection":[{"href":"https:\/\/radiolitoral.com\/ca\/wp-json\/wp\/v2\/posts"}],"about":[{"href":"https:\/\/radiolitoral.com\/ca\/wp-json\/wp\/v2\/types\/post"}],"author":[{"embeddable":true,"href":"https:\/\/radiolitoral.com\/ca\/wp-json\/wp\/v2\/users\/13"}],"replies":[{"embeddable":true,"href":"https:\/\/radiolitoral.com\/ca\/wp-json\/wp\/v2\/comments?post=2777"}],"version-history":[{"count":3,"href":"https:\/\/radiolitoral.com\/ca\/wp-json\/wp\/v2\/posts\/2777\/revisions"}],"predecessor-version":[{"id":2781,"href":"https:\/\/radiolitoral.com\/ca\/wp-json\/wp\/v2\/posts\/2777\/revisions\/2781"}],"wp:featuredmedia":[{"embeddable":true,"href":"https:\/\/radiolitoral.com\/ca\/wp-json\/wp\/v2\/media\/2778"}],"wp:attachment":[{"href":"https:\/\/radiolitoral.com\/ca\/wp-json\/wp\/v2\/media?parent=2777"}],"wp:term":[{"taxonomy":"category","embeddable":true,"href":"https:\/\/radiolitoral.com\/ca\/wp-json\/wp\/v2\/categories?post=2777"},{"taxonomy":"post_tag","embeddable":true,"href":"https:\/\/radiolitoral.com\/ca\/wp-json\/wp\/v2\/tags?post=2777"}],"curies":[{"name":"wp","href":"https:\/\/api.w.org\/{rel}","templated":true}]}}