{"id":2766,"date":"2023-05-04T15:52:16","date_gmt":"2023-05-04T13:52:16","guid":{"rendered":"https:\/\/radiolitoral.com\/?p=2766"},"modified":"2023-05-04T15:52:28","modified_gmt":"2023-05-04T13:52:28","slug":"diumenge-de-presentacio-oficial-de-la-candidatura-de-compromis-per-teulada-moraira","status":"publish","type":"post","link":"https:\/\/radiolitoral.com\/ca\/2023\/05\/domingo-de-presentacion-oficial-de-la-candidatura-de-compromis-per-teulada-moraira\/","title":{"rendered":"Diumenge de presentaci\u00f3 oficial de la candidatura de Comprom\u00eds per Teulada Moraira"},"content":{"rendered":"<p><strong>Comprom\u00eds per Teulada Moraira<\/strong> ha anunciat la <strong>presentaci\u00f3 oficial de la seva candidatura, liderada per Rosa Vila<\/strong>, aquest cap de setmana. Sota el lema \u201cLa for\u00e7a ets tu\u201d la formaci\u00f3 valencianista ha programat un acte de precampanya aquest diumenge, 7 de maig, a les 12 hores a la Font Santa.<\/p>\n<p>Els candidats locals estaran acompanyats per Irene Ballester, membre del Consell Valenci\u00e0 de Cultura, alcalde de Gata, Josep Signes i el diputat provincial, Gerard Fullana.<\/p>\n<p>&nbsp;<\/p>","protected":false},"excerpt":{"rendered":"<p>Comprom\u00eds per Teulada Moraira ha anunciado la presentaci\u00f3n oficial de su candidatura, liderada por Rosa Vila, este fin de semana. Bajo el lema \u201cLa for\u00e7a eres tu\u201d la formaci\u00f3n valencianista ha programado un acto de precampa\u00f1a este domingo, 7 de mayo, a las 12 horas en la Font Santa. Los candidatos locales estar\u00e1n acompa\u00f1ados por [&#8230;]<\/p>\n<p><a class=\"btn btn-secondary understrap-read-more-link\" href=\"https:\/\/radiolitoral.com\/ca\/2023\/05\/domingo-de-presentacion-oficial-de-la-candidatura-de-compromis-per-teulada-moraira\/\">Continua llegint&#8230;<span class=\"screen-reader-text\"> from Domingo de presentaci\u00f3n oficial de la candidatura de Comprom\u00eds per Teulada Moraira<\/span><\/a><\/p>\n","protected":false},"author":13,"featured_media":2768,"comment_status":"open","ping_status":"closed","sticky":false,"template":"","format":"standard","meta":{"_acf_changed":false,"inline_featured_image":false,"footnotes":""},"categories":[13],"tags":[645,644,161,146],"class_list":["post-2766","post","type-post","status-publish","format-standard","has-post-thumbnail","hentry","category-politica","tag-candidatos-teulada","tag-compromis-per-teulada","tag-elecciones-2023","tag-teulada","cobertura-teulada-moraira"],"acf":[],"yoast_head":"<!-- This site is optimized with the Yoast SEO plugin v27.5 - https:\/\/yoast.com\/product\/yoast-seo-wordpress\/ -->\n<title>Domingo de presentaci\u00f3n oficial de la candidatura de Comprom\u00eds per Teulada Moraira | R\u00e0dio Litoral<\/title>\n<meta name=\"description\" content=\"Rosa Vila lidera una lista que conoceremos en la Font Santa Rosa Vila lidera una lista que conoceremos en la Font Santa\" \/>\n<meta name=\"robots\" content=\"index, follow, max-snippet:-1, max-image-preview:large, max-video-preview:-1\" \/>\n<link rel=\"canonical\" href=\"https:\/\/radiolitoral.com\/ca\/2023\/05\/diumenge-de-presentacio-oficial-de-la-candidatura-de-compromis-per-teulada-moraira\/\" \/>\n<meta property=\"og:locale\" content=\"ca_ES\" \/>\n<meta property=\"og:type\" content=\"article\" \/>\n<meta property=\"og:title\" content=\"Domingo de presentaci\u00f3n oficial de la candidatura de Comprom\u00eds per Teulada Moraira | R\u00e0dio Litoral\" \/>\n<meta property=\"og:description\" content=\"Rosa Vila lidera una lista que conoceremos en la Font Santa Rosa Vila lidera una lista que conoceremos en la Font Santa\" \/>\n<meta property=\"og:url\" content=\"https:\/\/radiolitoral.com\/ca\/2023\/05\/diumenge-de-presentacio-oficial-de-la-candidatura-de-compromis-per-teulada-moraira\/\" \/>\n<meta property=\"og:site_name\" content=\"R\u00e0dio Litoral\" \/>\n<meta property=\"article:publisher\" content=\"https:\/\/www.facebook.com\/Laradiolitoral\/\" \/>\n<meta property=\"article:published_time\" content=\"2023-05-04T13:52:16+00:00\" \/>\n<meta property=\"article:modified_time\" content=\"2023-05-04T13:52:28+00:00\" \/>\n<meta property=\"og:image\" content=\"https:\/\/media.radiolitoral.com\/wp-content\/uploads\/2023\/05\/04155209\/acto.jpg\" \/>\n\t<meta property=\"og:image:width\" content=\"2048\" \/>\n\t<meta property=\"og:image:height\" content=\"2048\" \/>\n\t<meta property=\"og:image:type\" content=\"image\/jpeg\" \/>\n<meta name=\"author\" content=\"Redacci\u00f3n\" \/>\n<meta name=\"twitter:card\" content=\"summary_large_image\" \/>\n<meta name=\"twitter:label1\" content=\"Escrit per\" \/>\n\t<meta name=\"twitter:data1\" content=\"Redacci\u00f3n\" \/>\n\t<meta name=\"twitter:label2\" content=\"Temps estimat de lectura\" \/>\n\t<meta name=\"twitter:data2\" content=\"1 minut\" \/>\n<script type=\"application\/ld+json\" class=\"yoast-schema-graph\">{\"@context\":\"https:\\\/\\\/schema.org\",\"@graph\":[{\"@type\":\"NewsArticle\",\"@id\":\"https:\\\/\\\/radiolitoral.com\\\/2023\\\/05\\\/domingo-de-presentacion-oficial-de-la-candidatura-de-compromis-per-teulada-moraira\\\/#article\",\"isPartOf\":{\"@id\":\"https:\\\/\\\/radiolitoral.com\\\/2023\\\/05\\\/domingo-de-presentacion-oficial-de-la-candidatura-de-compromis-per-teulada-moraira\\\/\"},\"author\":{\"name\":\"Redacci\u00f3n\",\"@id\":\"https:\\\/\\\/radiolitoral.com\\\/#\\\/schema\\\/person\\\/f2b2343c49b5d721857cc1002bfdb151\"},\"headline\":\"Domingo de presentaci\u00f3n oficial de la candidatura de Comprom\u00eds per Teulada Moraira\",\"datePublished\":\"2023-05-04T13:52:16+00:00\",\"dateModified\":\"2023-05-04T13:52:28+00:00\",\"mainEntityOfPage\":{\"@id\":\"https:\\\/\\\/radiolitoral.com\\\/2023\\\/05\\\/domingo-de-presentacion-oficial-de-la-candidatura-de-compromis-per-teulada-moraira\\\/\"},\"wordCount\":95,\"commentCount\":0,\"publisher\":{\"@id\":\"https:\\\/\\\/radiolitoral.com\\\/#organization\"},\"image\":{\"@id\":\"https:\\\/\\\/radiolitoral.com\\\/2023\\\/05\\\/domingo-de-presentacion-oficial-de-la-candidatura-de-compromis-per-teulada-moraira\\\/#primaryimage\"},\"thumbnailUrl\":\"https:\\\/\\\/media.radiolitoral.com\\\/wp-content\\\/uploads\\\/2023\\\/05\\\/04155209\\\/acto.jpg\",\"keywords\":[\"candidatos Teulada\",\"Comprom\u00eds per Teulada\",\"elecciones 2023\",\"Teulada\"],\"articleSection\":[\"Pol\u00edtica\"],\"inLanguage\":\"ca\",\"potentialAction\":[{\"@type\":\"CommentAction\",\"name\":\"Comment\",\"target\":[\"https:\\\/\\\/radiolitoral.com\\\/2023\\\/05\\\/domingo-de-presentacion-oficial-de-la-candidatura-de-compromis-per-teulada-moraira\\\/#respond\"]}]},{\"@type\":[\"WebPage\",\"ItemPage\"],\"@id\":\"https:\\\/\\\/radiolitoral.com\\\/2023\\\/05\\\/domingo-de-presentacion-oficial-de-la-candidatura-de-compromis-per-teulada-moraira\\\/\",\"url\":\"https:\\\/\\\/radiolitoral.com\\\/2023\\\/05\\\/domingo-de-presentacion-oficial-de-la-candidatura-de-compromis-per-teulada-moraira\\\/\",\"name\":\"Domingo de presentaci\u00f3n oficial de la candidatura de Comprom\u00eds per Teulada Moraira | R\u00e0dio Litoral\",\"isPartOf\":{\"@id\":\"https:\\\/\\\/radiolitoral.com\\\/#website\"},\"primaryImageOfPage\":{\"@id\":\"https:\\\/\\\/radiolitoral.com\\\/2023\\\/05\\\/domingo-de-presentacion-oficial-de-la-candidatura-de-compromis-per-teulada-moraira\\\/#primaryimage\"},\"image\":{\"@id\":\"https:\\\/\\\/radiolitoral.com\\\/2023\\\/05\\\/domingo-de-presentacion-oficial-de-la-candidatura-de-compromis-per-teulada-moraira\\\/#primaryimage\"},\"thumbnailUrl\":\"https:\\\/\\\/media.radiolitoral.com\\\/wp-content\\\/uploads\\\/2023\\\/05\\\/04155209\\\/acto.jpg\",\"datePublished\":\"2023-05-04T13:52:16+00:00\",\"dateModified\":\"2023-05-04T13:52:28+00:00\",\"description\":\"Rosa Vila lidera una lista que conoceremos en la Font Santa Rosa Vila lidera una lista que conoceremos en la Font Santa\",\"breadcrumb\":{\"@id\":\"https:\\\/\\\/radiolitoral.com\\\/2023\\\/05\\\/domingo-de-presentacion-oficial-de-la-candidatura-de-compromis-per-teulada-moraira\\\/#breadcrumb\"},\"inLanguage\":\"ca\",\"potentialAction\":[{\"@type\":\"ReadAction\",\"target\":[\"https:\\\/\\\/radiolitoral.com\\\/2023\\\/05\\\/domingo-de-presentacion-oficial-de-la-candidatura-de-compromis-per-teulada-moraira\\\/\"]}]},{\"@type\":\"ImageObject\",\"inLanguage\":\"ca\",\"@id\":\"https:\\\/\\\/radiolitoral.com\\\/2023\\\/05\\\/domingo-de-presentacion-oficial-de-la-candidatura-de-compromis-per-teulada-moraira\\\/#primaryimage\",\"url\":\"https:\\\/\\\/media.radiolitoral.com\\\/wp-content\\\/uploads\\\/2023\\\/05\\\/04155209\\\/acto.jpg\",\"contentUrl\":\"https:\\\/\\\/media.radiolitoral.com\\\/wp-content\\\/uploads\\\/2023\\\/05\\\/04155209\\\/acto.jpg\",\"width\":2048,\"height\":2048},{\"@type\":\"BreadcrumbList\",\"@id\":\"https:\\\/\\\/radiolitoral.com\\\/2023\\\/05\\\/domingo-de-presentacion-oficial-de-la-candidatura-de-compromis-per-teulada-moraira\\\/#breadcrumb\",\"itemListElement\":[{\"@type\":\"ListItem\",\"position\":1,\"name\":\"Portada\",\"item\":\"https:\\\/\\\/radiolitoral.com\\\/\"},{\"@type\":\"ListItem\",\"position\":2,\"name\":\"Domingo de presentaci\u00f3n oficial de la candidatura de Comprom\u00eds per Teulada Moraira\"}]},{\"@type\":\"WebSite\",\"@id\":\"https:\\\/\\\/radiolitoral.com\\\/#website\",\"url\":\"https:\\\/\\\/radiolitoral.com\\\/\",\"name\":\"Radio Litoral\",\"description\":\"La radio local de la Marina Alta\",\"publisher\":{\"@id\":\"https:\\\/\\\/radiolitoral.com\\\/#organization\"},\"alternateName\":\"Litoral FM\",\"potentialAction\":[{\"@type\":\"SearchAction\",\"target\":{\"@type\":\"EntryPoint\",\"urlTemplate\":\"https:\\\/\\\/radiolitoral.com\\\/?s={search_term_string}\"},\"query-input\":{\"@type\":\"PropertyValueSpecification\",\"valueRequired\":true,\"valueName\":\"search_term_string\"}}],\"inLanguage\":\"ca\"},{\"@type\":\"Organization\",\"@id\":\"https:\\\/\\\/radiolitoral.com\\\/#organization\",\"name\":\"Radio Litoral\",\"url\":\"https:\\\/\\\/radiolitoral.com\\\/\",\"logo\":{\"@type\":\"ImageObject\",\"inLanguage\":\"ca\",\"@id\":\"https:\\\/\\\/radiolitoral.com\\\/#\\\/schema\\\/logo\\\/image\\\/\",\"url\":\"https:\\\/\\\/media.radiolitoral.com\\\/wp-content\\\/uploads\\\/2023\\\/02\\\/24143238\\\/CL-V-RadioLitoral696.png\",\"contentUrl\":\"https:\\\/\\\/media.radiolitoral.com\\\/wp-content\\\/uploads\\\/2023\\\/02\\\/24143238\\\/CL-V-RadioLitoral696.png\",\"width\":696,\"height\":696,\"caption\":\"Radio Litoral\"},\"image\":{\"@id\":\"https:\\\/\\\/radiolitoral.com\\\/#\\\/schema\\\/logo\\\/image\\\/\"},\"sameAs\":[\"https:\\\/\\\/www.facebook.com\\\/Laradiolitoral\\\/\"]},{\"@type\":\"Person\",\"@id\":\"https:\\\/\\\/radiolitoral.com\\\/#\\\/schema\\\/person\\\/f2b2343c49b5d721857cc1002bfdb151\",\"name\":\"Redacci\u00f3n\",\"image\":{\"@type\":\"ImageObject\",\"inLanguage\":\"ca\",\"@id\":\"https:\\\/\\\/secure.gravatar.com\\\/avatar\\\/f771d896c203ad8b3382d7905cfcce5a5c9b008b84b3cd9114e9b9f4cb63f789?s=96&d=mm&r=g\",\"url\":\"https:\\\/\\\/secure.gravatar.com\\\/avatar\\\/f771d896c203ad8b3382d7905cfcce5a5c9b008b84b3cd9114e9b9f4cb63f789?s=96&d=mm&r=g\",\"contentUrl\":\"https:\\\/\\\/secure.gravatar.com\\\/avatar\\\/f771d896c203ad8b3382d7905cfcce5a5c9b008b84b3cd9114e9b9f4cb63f789?s=96&d=mm&r=g\",\"caption\":\"Redacci\u00f3n\"},\"url\":\"https:\\\/\\\/radiolitoral.com\\\/ca\\\/author\\\/miriam-pagan\\\/\"}]}<\/script>\n<!-- \/ Yoast SEO plugin. -->","yoast_head_json":{"title":"Diumenge de presentaci\u00f3 oficial de la candidatura de Comprom\u00eds per Teulada Moraira | R\u00e0dio Litoral","description":"Rosa Vila lidera una llista que coneixerem a la Font Santa Rosa Vila lidera una llista que coneixerem a la Font Santa","robots":{"index":"index","follow":"follow","max-snippet":"max-snippet:-1","max-image-preview":"max-image-preview:large","max-video-preview":"max-video-preview:-1"},"canonical":"https:\/\/radiolitoral.com\/ca\/2023\/05\/diumenge-de-presentacio-oficial-de-la-candidatura-de-compromis-per-teulada-moraira\/","og_locale":"ca_ES","og_type":"article","og_title":"Domingo de presentaci\u00f3n oficial de la candidatura de Comprom\u00eds per Teulada Moraira | R\u00e0dio Litoral","og_description":"Rosa Vila lidera una lista que conoceremos en la Font Santa Rosa Vila lidera una lista que conoceremos en la Font Santa","og_url":"https:\/\/radiolitoral.com\/ca\/2023\/05\/diumenge-de-presentacio-oficial-de-la-candidatura-de-compromis-per-teulada-moraira\/","og_site_name":"R\u00e0dio Litoral","article_publisher":"https:\/\/www.facebook.com\/Laradiolitoral\/","article_published_time":"2023-05-04T13:52:16+00:00","article_modified_time":"2023-05-04T13:52:28+00:00","og_image":[{"width":2048,"height":2048,"url":"https:\/\/media.radiolitoral.com\/wp-content\/uploads\/2023\/05\/04155209\/acto.jpg","type":"image\/jpeg"}],"author":"Redacci\u00f3n","twitter_card":"summary_large_image","twitter_misc":{"Escrit per":"Redacci\u00f3n","Temps estimat de lectura":"1 minut"},"schema":{"@context":"https:\/\/schema.org","@graph":[{"@type":"NewsArticle","@id":"https:\/\/radiolitoral.com\/2023\/05\/domingo-de-presentacion-oficial-de-la-candidatura-de-compromis-per-teulada-moraira\/#article","isPartOf":{"@id":"https:\/\/radiolitoral.com\/2023\/05\/domingo-de-presentacion-oficial-de-la-candidatura-de-compromis-per-teulada-moraira\/"},"author":{"name":"Redacci\u00f3n","@id":"https:\/\/radiolitoral.com\/#\/schema\/person\/f2b2343c49b5d721857cc1002bfdb151"},"headline":"Domingo de presentaci\u00f3n oficial de la candidatura de Comprom\u00eds per Teulada Moraira","datePublished":"2023-05-04T13:52:16+00:00","dateModified":"2023-05-04T13:52:28+00:00","mainEntityOfPage":{"@id":"https:\/\/radiolitoral.com\/2023\/05\/domingo-de-presentacion-oficial-de-la-candidatura-de-compromis-per-teulada-moraira\/"},"wordCount":95,"commentCount":0,"publisher":{"@id":"https:\/\/radiolitoral.com\/#organization"},"image":{"@id":"https:\/\/radiolitoral.com\/2023\/05\/domingo-de-presentacion-oficial-de-la-candidatura-de-compromis-per-teulada-moraira\/#primaryimage"},"thumbnailUrl":"https:\/\/media.radiolitoral.com\/wp-content\/uploads\/2023\/05\/04155209\/acto.jpg","keywords":["candidatos Teulada","Comprom\u00eds per Teulada","elecciones 2023","Teulada"],"articleSection":["Pol\u00edtica"],"inLanguage":"ca","potentialAction":[{"@type":"CommentAction","name":"Comment","target":["https:\/\/radiolitoral.com\/2023\/05\/domingo-de-presentacion-oficial-de-la-candidatura-de-compromis-per-teulada-moraira\/#respond"]}]},{"@type":["WebPage","ItemPage"],"@id":"https:\/\/radiolitoral.com\/2023\/05\/domingo-de-presentacion-oficial-de-la-candidatura-de-compromis-per-teulada-moraira\/","url":"https:\/\/radiolitoral.com\/2023\/05\/domingo-de-presentacion-oficial-de-la-candidatura-de-compromis-per-teulada-moraira\/","name":"Diumenge de presentaci\u00f3 oficial de la candidatura de Comprom\u00eds per Teulada Moraira | R\u00e0dio Litoral","isPartOf":{"@id":"https:\/\/radiolitoral.com\/#website"},"primaryImageOfPage":{"@id":"https:\/\/radiolitoral.com\/2023\/05\/domingo-de-presentacion-oficial-de-la-candidatura-de-compromis-per-teulada-moraira\/#primaryimage"},"image":{"@id":"https:\/\/radiolitoral.com\/2023\/05\/domingo-de-presentacion-oficial-de-la-candidatura-de-compromis-per-teulada-moraira\/#primaryimage"},"thumbnailUrl":"https:\/\/media.radiolitoral.com\/wp-content\/uploads\/2023\/05\/04155209\/acto.jpg","datePublished":"2023-05-04T13:52:16+00:00","dateModified":"2023-05-04T13:52:28+00:00","description":"Rosa Vila lidera una llista que coneixerem a la Font Santa Rosa Vila lidera una llista que coneixerem a la Font Santa","breadcrumb":{"@id":"https:\/\/radiolitoral.com\/2023\/05\/domingo-de-presentacion-oficial-de-la-candidatura-de-compromis-per-teulada-moraira\/#breadcrumb"},"inLanguage":"ca","potentialAction":[{"@type":"ReadAction","target":["https:\/\/radiolitoral.com\/2023\/05\/domingo-de-presentacion-oficial-de-la-candidatura-de-compromis-per-teulada-moraira\/"]}]},{"@type":"ImageObject","inLanguage":"ca","@id":"https:\/\/radiolitoral.com\/2023\/05\/domingo-de-presentacion-oficial-de-la-candidatura-de-compromis-per-teulada-moraira\/#primaryimage","url":"https:\/\/media.radiolitoral.com\/wp-content\/uploads\/2023\/05\/04155209\/acto.jpg","contentUrl":"https:\/\/media.radiolitoral.com\/wp-content\/uploads\/2023\/05\/04155209\/acto.jpg","width":2048,"height":2048},{"@type":"BreadcrumbList","@id":"https:\/\/radiolitoral.com\/2023\/05\/domingo-de-presentacion-oficial-de-la-candidatura-de-compromis-per-teulada-moraira\/#breadcrumb","itemListElement":[{"@type":"ListItem","position":1,"name":"Portada","item":"https:\/\/radiolitoral.com\/"},{"@type":"ListItem","position":2,"name":"Domingo de presentaci\u00f3n oficial de la candidatura de Comprom\u00eds per Teulada Moraira"}]},{"@type":"WebSite","@id":"https:\/\/radiolitoral.com\/#website","url":"https:\/\/radiolitoral.com\/","name":"R\u00e0dio Litoral","description":"La r\u00e0dio local de la Marina Alta","publisher":{"@id":"https:\/\/radiolitoral.com\/#organization"},"alternateName":"Litoral FM","potentialAction":[{"@type":"SearchAction","target":{"@type":"EntryPoint","urlTemplate":"https:\/\/radiolitoral.com\/?s={search_term_string}"},"query-input":{"@type":"PropertyValueSpecification","valueRequired":true,"valueName":"search_term_string"}}],"inLanguage":"ca"},{"@type":"Organization","@id":"https:\/\/radiolitoral.com\/#organization","name":"R\u00e0dio Litoral","url":"https:\/\/radiolitoral.com\/","logo":{"@type":"ImageObject","inLanguage":"ca","@id":"https:\/\/radiolitoral.com\/#\/schema\/logo\/image\/","url":"https:\/\/media.radiolitoral.com\/wp-content\/uploads\/2023\/02\/24143238\/CL-V-RadioLitoral696.png","contentUrl":"https:\/\/media.radiolitoral.com\/wp-content\/uploads\/2023\/02\/24143238\/CL-V-RadioLitoral696.png","width":696,"height":696,"caption":"Radio Litoral"},"image":{"@id":"https:\/\/radiolitoral.com\/#\/schema\/logo\/image\/"},"sameAs":["https:\/\/www.facebook.com\/Laradiolitoral\/"]},{"@type":"Person","@id":"https:\/\/radiolitoral.com\/#\/schema\/person\/f2b2343c49b5d721857cc1002bfdb151","name":"Redacci\u00f3","image":{"@type":"ImageObject","inLanguage":"ca","@id":"https:\/\/secure.gravatar.com\/avatar\/f771d896c203ad8b3382d7905cfcce5a5c9b008b84b3cd9114e9b9f4cb63f789?s=96&d=mm&r=g","url":"https:\/\/secure.gravatar.com\/avatar\/f771d896c203ad8b3382d7905cfcce5a5c9b008b84b3cd9114e9b9f4cb63f789?s=96&d=mm&r=g","contentUrl":"https:\/\/secure.gravatar.com\/avatar\/f771d896c203ad8b3382d7905cfcce5a5c9b008b84b3cd9114e9b9f4cb63f789?s=96&d=mm&r=g","caption":"Redacci\u00f3n"},"url":"https:\/\/radiolitoral.com\/ca\/author\/miriam-pagan\/"}]}},"_links":{"self":[{"href":"https:\/\/radiolitoral.com\/ca\/wp-json\/wp\/v2\/posts\/2766","targetHints":{"allow":["GET"]}}],"collection":[{"href":"https:\/\/radiolitoral.com\/ca\/wp-json\/wp\/v2\/posts"}],"about":[{"href":"https:\/\/radiolitoral.com\/ca\/wp-json\/wp\/v2\/types\/post"}],"author":[{"embeddable":true,"href":"https:\/\/radiolitoral.com\/ca\/wp-json\/wp\/v2\/users\/13"}],"replies":[{"embeddable":true,"href":"https:\/\/radiolitoral.com\/ca\/wp-json\/wp\/v2\/comments?post=2766"}],"version-history":[{"count":1,"href":"https:\/\/radiolitoral.com\/ca\/wp-json\/wp\/v2\/posts\/2766\/revisions"}],"predecessor-version":[{"id":2769,"href":"https:\/\/radiolitoral.com\/ca\/wp-json\/wp\/v2\/posts\/2766\/revisions\/2769"}],"wp:featuredmedia":[{"embeddable":true,"href":"https:\/\/radiolitoral.com\/ca\/wp-json\/wp\/v2\/media\/2768"}],"wp:attachment":[{"href":"https:\/\/radiolitoral.com\/ca\/wp-json\/wp\/v2\/media?parent=2766"}],"wp:term":[{"taxonomy":"category","embeddable":true,"href":"https:\/\/radiolitoral.com\/ca\/wp-json\/wp\/v2\/categories?post=2766"},{"taxonomy":"post_tag","embeddable":true,"href":"https:\/\/radiolitoral.com\/ca\/wp-json\/wp\/v2\/tags?post=2766"}],"curies":[{"name":"wp","href":"https:\/\/api.w.org\/{rel}","templated":true}]}}