{"id":2757,"date":"2023-05-04T15:35:13","date_gmt":"2023-05-04T13:35:13","guid":{"rendered":"https:\/\/radiolitoral.com\/?p=2757"},"modified":"2023-05-04T15:35:38","modified_gmt":"2023-05-04T13:35:38","slug":"arrenca-a-calp-el-programa-de-visites-guiades-gratuites-als-edificis-construits-per-larquitecte-bofill","status":"publish","type":"post","link":"https:\/\/radiolitoral.com\/ca\/2023\/05\/arranca-en-calp-el-programa-de-visitas-guiadas-gratuitas-a-los-edificios-construidos-por-el-arquitecto-bofill\/","title":{"rendered":"Arrenca a Calp el programa de visites guiades gratu\u00eftes als edificis constru\u00efts per l&#039;arquitecte Bofill"},"content":{"rendered":"<p>Amb motiu del <strong>Any Bofill a Calp<\/strong>, l&#039;Ajuntament posa en marxa un <strong>programa de visites guiades gratu\u00eftes als edificis constru\u00efts per l&#039;arquitecte catal\u00e0 a la Manzanera<\/strong>. A trav\u00e9s d&#039;aquesta activitat cal destacar la import\u00e0ncia del llegat arquitect\u00f2nic que va deixar Ricardo Bofill a Calp, que amb els anys s&#039;ha convertit en una icona de l&#039;arquitectura de la segona meitat del segle XX.<\/p>\n<p>Les visites guiades, que <strong>arranquen avui dijous, es realitzaran un cop per setmana fins al mes d&#039;octubre<\/strong>, en grups d&#039;un m\u00e0xim de 25 persones. A partir del juny s&#039;afegir\u00e0 un segon torn de visites per a lleng\u00fces estrangeres. El recorregut es far\u00e0 a peu des de la Casa de la Cultura. Est\u00e0 previst accedir a les zones comunes del Plexus, Xanad\u00fa i Amfiteatre, mentre que la Muralla Roja es visitar\u00e0 des de fora.<\/p>\n<p>Tamb\u00e9 es recorrer\u00e0 part del passeig Voramar - des d&#039;on es contemplar\u00e0 el Club Social - aix\u00ed com la zona m\u00e9s elevada de la Manzanera, on s&#039;ubiquen les vil\u00b7les constru\u00efdes per Bofill, per admirar una panor\u00e0mica de tot el conjunt arquitect\u00f2nic dissenyat per l&#039;arquitecte.<\/p>\n<p>Aix\u00ed ho ha explicat <strong>el comissari de l&#039;\u201dAny commemoratiu Bofill, 50 Aniversari de la Muralla Roja\u201d, Juan Manuel del Pino<\/strong>:<\/p>\n<audio class=\"wp-audio-shortcode\" id=\"audio-2757-1\" preload=\"none\" style=\"width: 100%;\" controls=\"controls\"><source type=\"audio\/mpeg\" src=\"https:\/\/media.radiolitoral.com\/wp-content\/uploads\/2023\/05\/04153057\/Juan-Manuel-del-Pino.mp3?_=1\" \/><a href=\"https:\/\/media.radiolitoral.com\/wp-content\/uploads\/2023\/05\/04153057\/Juan-Manuel-del-Pino.mp3\">https:\/\/media.radiolitoral.com\/wp-content\/uploads\/2023\/05\/04153057\/Juan-Manuel-del-Pino.mp3<\/a><\/audio>\n<p>Remarcar que per participar a les visites cal inscriure&#039;s pr\u00e8viament acudint a qualsevol de les oficines de turisme de Calp, o b\u00e9 a trav\u00e9s dels tel\u00e8fons 965 836 920 \/ 965 838 532 o de l&#039;email <a href=\"mailto:turismo@ajcalp.es\">turismo@ajcalp.es<\/a>.<\/p>\n<p>Com a part del recorregut no \u00e9s totalment accessible es prega a les persones amb mobilitat redu\u00efda que ho adverteixin a la inscripci\u00f3 perqu\u00e8 l&#039;organitzaci\u00f3 ho tingui en compte.<\/p>\n<p>En aquest mes de maig les visites previstes tindran lloc els <strong>dies 4, 20 i 27 de maig, a les 10.30 hia les 19 h en espanyol<\/strong>, mentre que a\u00a0 <strong>juny seran el 3, 10, 17 i 24 a les 18.30h en angl\u00e8s ia les 19h en espanyol<\/strong>. Es recomana consultar el web de l&#039;Ajuntament \u2013 calp.es \u2013 aix\u00ed com el de Turisme \u2013 calpe.es \u2013 per con\u00e8ixer els horaris de les diferents visites que variaran al llarg dels mesos en funci\u00f3 de la llum del dia i les temperatures. Al juliol s&#039;introduiran visites en franc\u00e8s.<\/p>","protected":false},"excerpt":{"rendered":"<p>Con motivo del A\u00f1o Bofill en Calp, el Ayuntamiento pone en marcha un programa de visitas guiadas gratuitas a los edificios construidos por el arquitecto catal\u00e1n en la Manzanera. A trav\u00e9s de esta actividad se pretende destacar la importancia del legado arquitect\u00f3nico que dej\u00f3 Ricardo Bofill en Calp, que con los a\u00f1os se ha convertido [&#8230;]<\/p>\n<p><a class=\"btn btn-secondary understrap-read-more-link\" href=\"https:\/\/radiolitoral.com\/ca\/2023\/05\/arranca-en-calp-el-programa-de-visitas-guiadas-gratuitas-a-los-edificios-construidos-por-el-arquitecto-bofill\/\">Continua llegint&#8230;<span class=\"screen-reader-text\"> from Arranca en Calp el programa de visitas guiadas gratuitas a los edificios construidos por el arquitecto Bofill<\/span><\/a><\/p>\n","protected":false},"author":21,"featured_media":932,"comment_status":"open","ping_status":"closed","sticky":false,"template":"","format":"standard","meta":{"_acf_changed":false,"inline_featured_image":false,"footnotes":""},"categories":[55],"tags":[444,106,122],"class_list":["post-2757","post","type-post","status-publish","format-standard","has-post-thumbnail","hentry","category-cultura","tag-agenda-calp","tag-ano-bofill","tag-calp","cobertura-calp"],"acf":[],"yoast_head":"<!-- This site is optimized with the Yoast SEO plugin v27.5 - https:\/\/yoast.com\/product\/yoast-seo-wordpress\/ -->\n<title>Arranca en Calp el programa de visitas guiadas gratuitas a los edificios construidos por el arquitecto Bofill | R\u00e0dio Litoral<\/title>\n<meta name=\"description\" content=\"Es parte del programa dedicado al A\u00f1o Bofill Es parte del programa dedicado al A\u00f1o Bofill\" \/>\n<meta name=\"robots\" content=\"index, follow, max-snippet:-1, max-image-preview:large, max-video-preview:-1\" \/>\n<link rel=\"canonical\" href=\"https:\/\/radiolitoral.com\/ca\/2023\/05\/arrenca-a-calp-el-programa-de-visites-guiades-gratuites-als-edificis-construits-per-larquitecte-bofill\/\" \/>\n<meta property=\"og:locale\" content=\"ca_ES\" \/>\n<meta property=\"og:type\" content=\"article\" \/>\n<meta property=\"og:title\" content=\"Arranca en Calp el programa de visitas guiadas gratuitas a los edificios construidos por el arquitecto Bofill | R\u00e0dio Litoral\" \/>\n<meta property=\"og:description\" content=\"Es parte del programa dedicado al A\u00f1o Bofill Es parte del programa dedicado al A\u00f1o Bofill\" \/>\n<meta property=\"og:url\" content=\"https:\/\/radiolitoral.com\/ca\/2023\/05\/arrenca-a-calp-el-programa-de-visites-guiades-gratuites-als-edificis-construits-per-larquitecte-bofill\/\" \/>\n<meta property=\"og:site_name\" content=\"R\u00e0dio Litoral\" \/>\n<meta property=\"article:publisher\" content=\"https:\/\/www.facebook.com\/Laradiolitoral\/\" \/>\n<meta property=\"article:published_time\" content=\"2023-05-04T13:35:13+00:00\" \/>\n<meta property=\"article:modified_time\" content=\"2023-05-04T13:35:38+00:00\" \/>\n<meta property=\"og:image\" content=\"https:\/\/media.radiolitoral.com\/wp-content\/uploads\/2023\/02\/24143220\/Calp.-Ano-Bofill-presentacion-Muralla-Roja-3.jpg\" \/>\n\t<meta property=\"og:image:width\" content=\"2048\" \/>\n\t<meta property=\"og:image:height\" content=\"1536\" \/>\n\t<meta property=\"og:image:type\" content=\"image\/jpeg\" \/>\n<meta name=\"author\" content=\"Mel Pescuezo\" \/>\n<meta name=\"twitter:card\" content=\"summary_large_image\" \/>\n<meta name=\"twitter:label1\" content=\"Escrit per\" \/>\n\t<meta name=\"twitter:data1\" content=\"Mel Pescuezo\" \/>\n\t<meta name=\"twitter:label2\" content=\"Temps estimat de lectura\" \/>\n\t<meta name=\"twitter:data2\" content=\"2 minuts\" \/>\n<script type=\"application\/ld+json\" class=\"yoast-schema-graph\">{\"@context\":\"https:\\\/\\\/schema.org\",\"@graph\":[{\"@type\":\"NewsArticle\",\"@id\":\"https:\\\/\\\/radiolitoral.com\\\/2023\\\/05\\\/arranca-en-calp-el-programa-de-visitas-guiadas-gratuitas-a-los-edificios-construidos-por-el-arquitecto-bofill\\\/#article\",\"isPartOf\":{\"@id\":\"https:\\\/\\\/radiolitoral.com\\\/2023\\\/05\\\/arranca-en-calp-el-programa-de-visitas-guiadas-gratuitas-a-los-edificios-construidos-por-el-arquitecto-bofill\\\/\"},\"author\":{\"name\":\"Mel Pescuezo\",\"@id\":\"https:\\\/\\\/radiolitoral.com\\\/#\\\/schema\\\/person\\\/aad4f72efa404f85b68e832d24cac059\"},\"headline\":\"Arranca en Calp el programa de visitas guiadas gratuitas a los edificios construidos por el arquitecto Bofill\",\"datePublished\":\"2023-05-04T13:35:13+00:00\",\"dateModified\":\"2023-05-04T13:35:38+00:00\",\"mainEntityOfPage\":{\"@id\":\"https:\\\/\\\/radiolitoral.com\\\/2023\\\/05\\\/arranca-en-calp-el-programa-de-visitas-guiadas-gratuitas-a-los-edificios-construidos-por-el-arquitecto-bofill\\\/\"},\"wordCount\":416,\"commentCount\":0,\"publisher\":{\"@id\":\"https:\\\/\\\/radiolitoral.com\\\/#organization\"},\"image\":{\"@id\":\"https:\\\/\\\/radiolitoral.com\\\/2023\\\/05\\\/arranca-en-calp-el-programa-de-visitas-guiadas-gratuitas-a-los-edificios-construidos-por-el-arquitecto-bofill\\\/#primaryimage\"},\"thumbnailUrl\":\"https:\\\/\\\/media.radiolitoral.com\\\/wp-content\\\/uploads\\\/2023\\\/02\\\/24143220\\\/Calp.-Ano-Bofill-presentacion-Muralla-Roja-3.jpg\",\"keywords\":[\"agenda Calp\",\"A\u00f1o Bofill\",\"Calp\"],\"articleSection\":[\"Cultura\"],\"inLanguage\":\"ca\",\"potentialAction\":[{\"@type\":\"CommentAction\",\"name\":\"Comment\",\"target\":[\"https:\\\/\\\/radiolitoral.com\\\/2023\\\/05\\\/arranca-en-calp-el-programa-de-visitas-guiadas-gratuitas-a-los-edificios-construidos-por-el-arquitecto-bofill\\\/#respond\"]}]},{\"@type\":[\"WebPage\",\"ItemPage\"],\"@id\":\"https:\\\/\\\/radiolitoral.com\\\/2023\\\/05\\\/arranca-en-calp-el-programa-de-visitas-guiadas-gratuitas-a-los-edificios-construidos-por-el-arquitecto-bofill\\\/\",\"url\":\"https:\\\/\\\/radiolitoral.com\\\/2023\\\/05\\\/arranca-en-calp-el-programa-de-visitas-guiadas-gratuitas-a-los-edificios-construidos-por-el-arquitecto-bofill\\\/\",\"name\":\"Arranca en Calp el programa de visitas guiadas gratuitas a los edificios construidos por el arquitecto Bofill | R\u00e0dio Litoral\",\"isPartOf\":{\"@id\":\"https:\\\/\\\/radiolitoral.com\\\/#website\"},\"primaryImageOfPage\":{\"@id\":\"https:\\\/\\\/radiolitoral.com\\\/2023\\\/05\\\/arranca-en-calp-el-programa-de-visitas-guiadas-gratuitas-a-los-edificios-construidos-por-el-arquitecto-bofill\\\/#primaryimage\"},\"image\":{\"@id\":\"https:\\\/\\\/radiolitoral.com\\\/2023\\\/05\\\/arranca-en-calp-el-programa-de-visitas-guiadas-gratuitas-a-los-edificios-construidos-por-el-arquitecto-bofill\\\/#primaryimage\"},\"thumbnailUrl\":\"https:\\\/\\\/media.radiolitoral.com\\\/wp-content\\\/uploads\\\/2023\\\/02\\\/24143220\\\/Calp.-Ano-Bofill-presentacion-Muralla-Roja-3.jpg\",\"datePublished\":\"2023-05-04T13:35:13+00:00\",\"dateModified\":\"2023-05-04T13:35:38+00:00\",\"description\":\"Es parte del programa dedicado al A\u00f1o Bofill Es parte del programa dedicado al A\u00f1o Bofill\",\"breadcrumb\":{\"@id\":\"https:\\\/\\\/radiolitoral.com\\\/2023\\\/05\\\/arranca-en-calp-el-programa-de-visitas-guiadas-gratuitas-a-los-edificios-construidos-por-el-arquitecto-bofill\\\/#breadcrumb\"},\"inLanguage\":\"ca\",\"potentialAction\":[{\"@type\":\"ReadAction\",\"target\":[\"https:\\\/\\\/radiolitoral.com\\\/2023\\\/05\\\/arranca-en-calp-el-programa-de-visitas-guiadas-gratuitas-a-los-edificios-construidos-por-el-arquitecto-bofill\\\/\"]}]},{\"@type\":\"ImageObject\",\"inLanguage\":\"ca\",\"@id\":\"https:\\\/\\\/radiolitoral.com\\\/2023\\\/05\\\/arranca-en-calp-el-programa-de-visitas-guiadas-gratuitas-a-los-edificios-construidos-por-el-arquitecto-bofill\\\/#primaryimage\",\"url\":\"https:\\\/\\\/media.radiolitoral.com\\\/wp-content\\\/uploads\\\/2023\\\/02\\\/24143220\\\/Calp.-Ano-Bofill-presentacion-Muralla-Roja-3.jpg\",\"contentUrl\":\"https:\\\/\\\/media.radiolitoral.com\\\/wp-content\\\/uploads\\\/2023\\\/02\\\/24143220\\\/Calp.-Ano-Bofill-presentacion-Muralla-Roja-3.jpg\",\"width\":2048,\"height\":1536},{\"@type\":\"BreadcrumbList\",\"@id\":\"https:\\\/\\\/radiolitoral.com\\\/2023\\\/05\\\/arranca-en-calp-el-programa-de-visitas-guiadas-gratuitas-a-los-edificios-construidos-por-el-arquitecto-bofill\\\/#breadcrumb\",\"itemListElement\":[{\"@type\":\"ListItem\",\"position\":1,\"name\":\"Portada\",\"item\":\"https:\\\/\\\/radiolitoral.com\\\/\"},{\"@type\":\"ListItem\",\"position\":2,\"name\":\"Arranca en Calp el programa de visitas guiadas gratuitas a los edificios construidos por el arquitecto Bofill\"}]},{\"@type\":\"WebSite\",\"@id\":\"https:\\\/\\\/radiolitoral.com\\\/#website\",\"url\":\"https:\\\/\\\/radiolitoral.com\\\/\",\"name\":\"Radio Litoral\",\"description\":\"La radio local de la Marina Alta\",\"publisher\":{\"@id\":\"https:\\\/\\\/radiolitoral.com\\\/#organization\"},\"alternateName\":\"Litoral FM\",\"potentialAction\":[{\"@type\":\"SearchAction\",\"target\":{\"@type\":\"EntryPoint\",\"urlTemplate\":\"https:\\\/\\\/radiolitoral.com\\\/?s={search_term_string}\"},\"query-input\":{\"@type\":\"PropertyValueSpecification\",\"valueRequired\":true,\"valueName\":\"search_term_string\"}}],\"inLanguage\":\"ca\"},{\"@type\":\"Organization\",\"@id\":\"https:\\\/\\\/radiolitoral.com\\\/#organization\",\"name\":\"Radio Litoral\",\"url\":\"https:\\\/\\\/radiolitoral.com\\\/\",\"logo\":{\"@type\":\"ImageObject\",\"inLanguage\":\"ca\",\"@id\":\"https:\\\/\\\/radiolitoral.com\\\/#\\\/schema\\\/logo\\\/image\\\/\",\"url\":\"https:\\\/\\\/media.radiolitoral.com\\\/wp-content\\\/uploads\\\/2023\\\/02\\\/24143238\\\/CL-V-RadioLitoral696.png\",\"contentUrl\":\"https:\\\/\\\/media.radiolitoral.com\\\/wp-content\\\/uploads\\\/2023\\\/02\\\/24143238\\\/CL-V-RadioLitoral696.png\",\"width\":696,\"height\":696,\"caption\":\"Radio Litoral\"},\"image\":{\"@id\":\"https:\\\/\\\/radiolitoral.com\\\/#\\\/schema\\\/logo\\\/image\\\/\"},\"sameAs\":[\"https:\\\/\\\/www.facebook.com\\\/Laradiolitoral\\\/\"]},{\"@type\":\"Person\",\"@id\":\"https:\\\/\\\/radiolitoral.com\\\/#\\\/schema\\\/person\\\/aad4f72efa404f85b68e832d24cac059\",\"name\":\"Mel Pescuezo\",\"image\":{\"@type\":\"ImageObject\",\"inLanguage\":\"ca\",\"@id\":\"https:\\\/\\\/secure.gravatar.com\\\/avatar\\\/993975ae489c70cb0dd9bfa9413a082f0bd276582dac13661af7b33f161e7eea?s=96&d=mm&r=g\",\"url\":\"https:\\\/\\\/secure.gravatar.com\\\/avatar\\\/993975ae489c70cb0dd9bfa9413a082f0bd276582dac13661af7b33f161e7eea?s=96&d=mm&r=g\",\"contentUrl\":\"https:\\\/\\\/secure.gravatar.com\\\/avatar\\\/993975ae489c70cb0dd9bfa9413a082f0bd276582dac13661af7b33f161e7eea?s=96&d=mm&r=g\",\"caption\":\"Mel Pescuezo\"},\"url\":\"https:\\\/\\\/radiolitoral.com\\\/ca\\\/author\\\/serviciospararadios\\\/\"}]}<\/script>\n<!-- \/ Yoast SEO plugin. -->","yoast_head_json":{"title":"Comen\u00e7a a Calp el programa de visites guiades gratu\u00eftes als edificis constru\u00efts per l&#039;arquitecte Bofill | R\u00e0dio Litoral","description":"\u00c9s part del programa dedicat a l&#039;Any Bofill \u00c9s part del programa dedicat a l&#039;Any Bofill","robots":{"index":"index","follow":"follow","max-snippet":"max-snippet:-1","max-image-preview":"max-image-preview:large","max-video-preview":"max-video-preview:-1"},"canonical":"https:\/\/radiolitoral.com\/ca\/2023\/05\/arrenca-a-calp-el-programa-de-visites-guiades-gratuites-als-edificis-construits-per-larquitecte-bofill\/","og_locale":"ca_ES","og_type":"article","og_title":"Arranca en Calp el programa de visitas guiadas gratuitas a los edificios construidos por el arquitecto Bofill | R\u00e0dio Litoral","og_description":"Es parte del programa dedicado al A\u00f1o Bofill Es parte del programa dedicado al A\u00f1o Bofill","og_url":"https:\/\/radiolitoral.com\/ca\/2023\/05\/arrenca-a-calp-el-programa-de-visites-guiades-gratuites-als-edificis-construits-per-larquitecte-bofill\/","og_site_name":"R\u00e0dio Litoral","article_publisher":"https:\/\/www.facebook.com\/Laradiolitoral\/","article_published_time":"2023-05-04T13:35:13+00:00","article_modified_time":"2023-05-04T13:35:38+00:00","og_image":[{"width":2048,"height":1536,"url":"https:\/\/media.radiolitoral.com\/wp-content\/uploads\/2023\/02\/24143220\/Calp.-Ano-Bofill-presentacion-Muralla-Roja-3.jpg","type":"image\/jpeg"}],"author":"Mel Pescuezo","twitter_card":"summary_large_image","twitter_misc":{"Escrit per":"Mel Pescuezo","Temps estimat de lectura":"2 minuts"},"schema":{"@context":"https:\/\/schema.org","@graph":[{"@type":"NewsArticle","@id":"https:\/\/radiolitoral.com\/2023\/05\/arranca-en-calp-el-programa-de-visitas-guiadas-gratuitas-a-los-edificios-construidos-por-el-arquitecto-bofill\/#article","isPartOf":{"@id":"https:\/\/radiolitoral.com\/2023\/05\/arranca-en-calp-el-programa-de-visitas-guiadas-gratuitas-a-los-edificios-construidos-por-el-arquitecto-bofill\/"},"author":{"name":"Mel Pescuezo","@id":"https:\/\/radiolitoral.com\/#\/schema\/person\/aad4f72efa404f85b68e832d24cac059"},"headline":"Arranca en Calp el programa de visitas guiadas gratuitas a los edificios construidos por el arquitecto Bofill","datePublished":"2023-05-04T13:35:13+00:00","dateModified":"2023-05-04T13:35:38+00:00","mainEntityOfPage":{"@id":"https:\/\/radiolitoral.com\/2023\/05\/arranca-en-calp-el-programa-de-visitas-guiadas-gratuitas-a-los-edificios-construidos-por-el-arquitecto-bofill\/"},"wordCount":416,"commentCount":0,"publisher":{"@id":"https:\/\/radiolitoral.com\/#organization"},"image":{"@id":"https:\/\/radiolitoral.com\/2023\/05\/arranca-en-calp-el-programa-de-visitas-guiadas-gratuitas-a-los-edificios-construidos-por-el-arquitecto-bofill\/#primaryimage"},"thumbnailUrl":"https:\/\/media.radiolitoral.com\/wp-content\/uploads\/2023\/02\/24143220\/Calp.-Ano-Bofill-presentacion-Muralla-Roja-3.jpg","keywords":["agenda Calp","A\u00f1o Bofill","Calp"],"articleSection":["Cultura"],"inLanguage":"ca","potentialAction":[{"@type":"CommentAction","name":"Comment","target":["https:\/\/radiolitoral.com\/2023\/05\/arranca-en-calp-el-programa-de-visitas-guiadas-gratuitas-a-los-edificios-construidos-por-el-arquitecto-bofill\/#respond"]}]},{"@type":["WebPage","ItemPage"],"@id":"https:\/\/radiolitoral.com\/2023\/05\/arranca-en-calp-el-programa-de-visitas-guiadas-gratuitas-a-los-edificios-construidos-por-el-arquitecto-bofill\/","url":"https:\/\/radiolitoral.com\/2023\/05\/arranca-en-calp-el-programa-de-visitas-guiadas-gratuitas-a-los-edificios-construidos-por-el-arquitecto-bofill\/","name":"Comen\u00e7a a Calp el programa de visites guiades gratu\u00eftes als edificis constru\u00efts per l&#039;arquitecte Bofill | R\u00e0dio Litoral","isPartOf":{"@id":"https:\/\/radiolitoral.com\/#website"},"primaryImageOfPage":{"@id":"https:\/\/radiolitoral.com\/2023\/05\/arranca-en-calp-el-programa-de-visitas-guiadas-gratuitas-a-los-edificios-construidos-por-el-arquitecto-bofill\/#primaryimage"},"image":{"@id":"https:\/\/radiolitoral.com\/2023\/05\/arranca-en-calp-el-programa-de-visitas-guiadas-gratuitas-a-los-edificios-construidos-por-el-arquitecto-bofill\/#primaryimage"},"thumbnailUrl":"https:\/\/media.radiolitoral.com\/wp-content\/uploads\/2023\/02\/24143220\/Calp.-Ano-Bofill-presentacion-Muralla-Roja-3.jpg","datePublished":"2023-05-04T13:35:13+00:00","dateModified":"2023-05-04T13:35:38+00:00","description":"\u00c9s part del programa dedicat a l&#039;Any Bofill \u00c9s part del programa dedicat a l&#039;Any Bofill","breadcrumb":{"@id":"https:\/\/radiolitoral.com\/2023\/05\/arranca-en-calp-el-programa-de-visitas-guiadas-gratuitas-a-los-edificios-construidos-por-el-arquitecto-bofill\/#breadcrumb"},"inLanguage":"ca","potentialAction":[{"@type":"ReadAction","target":["https:\/\/radiolitoral.com\/2023\/05\/arranca-en-calp-el-programa-de-visitas-guiadas-gratuitas-a-los-edificios-construidos-por-el-arquitecto-bofill\/"]}]},{"@type":"ImageObject","inLanguage":"ca","@id":"https:\/\/radiolitoral.com\/2023\/05\/arranca-en-calp-el-programa-de-visitas-guiadas-gratuitas-a-los-edificios-construidos-por-el-arquitecto-bofill\/#primaryimage","url":"https:\/\/media.radiolitoral.com\/wp-content\/uploads\/2023\/02\/24143220\/Calp.-Ano-Bofill-presentacion-Muralla-Roja-3.jpg","contentUrl":"https:\/\/media.radiolitoral.com\/wp-content\/uploads\/2023\/02\/24143220\/Calp.-Ano-Bofill-presentacion-Muralla-Roja-3.jpg","width":2048,"height":1536},{"@type":"BreadcrumbList","@id":"https:\/\/radiolitoral.com\/2023\/05\/arranca-en-calp-el-programa-de-visitas-guiadas-gratuitas-a-los-edificios-construidos-por-el-arquitecto-bofill\/#breadcrumb","itemListElement":[{"@type":"ListItem","position":1,"name":"Portada","item":"https:\/\/radiolitoral.com\/"},{"@type":"ListItem","position":2,"name":"Arranca en Calp el programa de visitas guiadas gratuitas a los edificios construidos por el arquitecto Bofill"}]},{"@type":"WebSite","@id":"https:\/\/radiolitoral.com\/#website","url":"https:\/\/radiolitoral.com\/","name":"R\u00e0dio Litoral","description":"La r\u00e0dio local de la Marina Alta","publisher":{"@id":"https:\/\/radiolitoral.com\/#organization"},"alternateName":"Litoral FM","potentialAction":[{"@type":"SearchAction","target":{"@type":"EntryPoint","urlTemplate":"https:\/\/radiolitoral.com\/?s={search_term_string}"},"query-input":{"@type":"PropertyValueSpecification","valueRequired":true,"valueName":"search_term_string"}}],"inLanguage":"ca"},{"@type":"Organization","@id":"https:\/\/radiolitoral.com\/#organization","name":"R\u00e0dio Litoral","url":"https:\/\/radiolitoral.com\/","logo":{"@type":"ImageObject","inLanguage":"ca","@id":"https:\/\/radiolitoral.com\/#\/schema\/logo\/image\/","url":"https:\/\/media.radiolitoral.com\/wp-content\/uploads\/2023\/02\/24143238\/CL-V-RadioLitoral696.png","contentUrl":"https:\/\/media.radiolitoral.com\/wp-content\/uploads\/2023\/02\/24143238\/CL-V-RadioLitoral696.png","width":696,"height":696,"caption":"Radio Litoral"},"image":{"@id":"https:\/\/radiolitoral.com\/#\/schema\/logo\/image\/"},"sameAs":["https:\/\/www.facebook.com\/Laradiolitoral\/"]},{"@type":"Person","@id":"https:\/\/radiolitoral.com\/#\/schema\/person\/aad4f72efa404f85b68e832d24cac059","name":"Mel Pescuezo","image":{"@type":"ImageObject","inLanguage":"ca","@id":"https:\/\/secure.gravatar.com\/avatar\/993975ae489c70cb0dd9bfa9413a082f0bd276582dac13661af7b33f161e7eea?s=96&d=mm&r=g","url":"https:\/\/secure.gravatar.com\/avatar\/993975ae489c70cb0dd9bfa9413a082f0bd276582dac13661af7b33f161e7eea?s=96&d=mm&r=g","contentUrl":"https:\/\/secure.gravatar.com\/avatar\/993975ae489c70cb0dd9bfa9413a082f0bd276582dac13661af7b33f161e7eea?s=96&d=mm&r=g","caption":"Mel Pescuezo"},"url":"https:\/\/radiolitoral.com\/ca\/author\/serviciospararadios\/"}]}},"_links":{"self":[{"href":"https:\/\/radiolitoral.com\/ca\/wp-json\/wp\/v2\/posts\/2757","targetHints":{"allow":["GET"]}}],"collection":[{"href":"https:\/\/radiolitoral.com\/ca\/wp-json\/wp\/v2\/posts"}],"about":[{"href":"https:\/\/radiolitoral.com\/ca\/wp-json\/wp\/v2\/types\/post"}],"author":[{"embeddable":true,"href":"https:\/\/radiolitoral.com\/ca\/wp-json\/wp\/v2\/users\/21"}],"replies":[{"embeddable":true,"href":"https:\/\/radiolitoral.com\/ca\/wp-json\/wp\/v2\/comments?post=2757"}],"version-history":[{"count":1,"href":"https:\/\/radiolitoral.com\/ca\/wp-json\/wp\/v2\/posts\/2757\/revisions"}],"predecessor-version":[{"id":2759,"href":"https:\/\/radiolitoral.com\/ca\/wp-json\/wp\/v2\/posts\/2757\/revisions\/2759"}],"wp:featuredmedia":[{"embeddable":true,"href":"https:\/\/radiolitoral.com\/ca\/wp-json\/wp\/v2\/media\/932"}],"wp:attachment":[{"href":"https:\/\/radiolitoral.com\/ca\/wp-json\/wp\/v2\/media?parent=2757"}],"wp:term":[{"taxonomy":"category","embeddable":true,"href":"https:\/\/radiolitoral.com\/ca\/wp-json\/wp\/v2\/categories?post=2757"},{"taxonomy":"post_tag","embeddable":true,"href":"https:\/\/radiolitoral.com\/ca\/wp-json\/wp\/v2\/tags?post=2757"}],"curies":[{"name":"wp","href":"https:\/\/api.w.org\/{rel}","templated":true}]}}