{"id":2731,"date":"2023-05-03T16:02:39","date_gmt":"2023-05-03T14:02:39","guid":{"rendered":"https:\/\/radiolitoral.com\/?p=2731"},"modified":"2023-05-03T16:03:21","modified_gmt":"2023-05-03T14:03:21","slug":"ja-son-aqui-les-festes-de-la-rosa-de-benitatxell","status":"publish","type":"post","link":"https:\/\/radiolitoral.com\/ca\/2023\/05\/ya-estan-aqui-las-fiestas-de-la-rosa-de-benitatxell\/","title":{"rendered":"Ja s\u00f3n aqu\u00ed les Festes de la Rosa de Benitatxell"},"content":{"rendered":"<p>Mat\u00ed, dijous <strong>4 de maig<\/strong>, arrenquen les tradicionals <strong>Festes de la Rosa 2023 del Poble Nou de Benitatxell<\/strong>. Unes celebracions que s&#039;esperen viure amb molta intensitat, especialment per part dels festers i festeres, que aquest any conformen la comissi\u00f3 m\u00e9s quantiosa de la hist\u00f2ria del municipi, despr\u00e9s de la uni\u00f3 de tres cinquenes (noies nascudes els anys 2003, 2004 i 2005) i nois nascuts el 1999, 2000 i 2001) que la pand\u00e8mia no va deixar gaudir de les celebracions en el seu moment.<\/p>\n<p>La Regidoria de Festes i els festers han elaborat una intensa programaci\u00f3 dactes, que <strong>s&#039;estendran fins al 14 de maig<\/strong>.<\/p>\n<p>Per anar obrint boca, dem\u00e0 dijous, s&#039;ha programat una missa i el lliurament del X Premi de Recerca Puig Lloren\u00e7a. Per\u00f2 la festa gran comen\u00e7ar\u00e0 el dissabte 6. M\u00fasica, balls tradicionals, actes religiosos, activitats infantils, el divertit dia en honor a Sant Pancra\u00e7, o els tradicionals bous al carrer, s\u00f3n algunes de les propostes incloses a l&#039;intens programa festiu.<\/p>","protected":false},"excerpt":{"rendered":"<p>Ma\u00f1ana, jueves 4 de mayo, arrancan las tradicionales Fiestas de la Rosa 2023 del Poble Nou de Benitatxell. Unas celebraciones que se esperan vivir con mucha intensidad, especialmente por parte de los festeros y festeras, que este a\u00f1o, conforman la comisi\u00f3n m\u00e1s cuantiosa de la historia del municipio, tras la uni\u00f3n de tres quintas (chicas [&#8230;]<\/p>\n<p><a class=\"btn btn-secondary understrap-read-more-link\" href=\"https:\/\/radiolitoral.com\/ca\/2023\/05\/ya-estan-aqui-las-fiestas-de-la-rosa-de-benitatxell\/\">Continua llegint&#8230;<span class=\"screen-reader-text\"> from Ya est\u00e1n aqu\u00ed las Fiestas de la Rosa de Benitatxell<\/span><\/a><\/p>\n","protected":false},"author":13,"featured_media":2732,"comment_status":"open","ping_status":"closed","sticky":false,"template":"","format":"standard","meta":{"_acf_changed":false,"inline_featured_image":false,"footnotes":""},"categories":[276],"tags":[480,184,642],"class_list":["post-2731","post","type-post","status-publish","format-standard","has-post-thumbnail","hentry","category-fiestas","tag-agenda-benitatxell","tag-benitatxell","tag-fiestas-de-la-rosa-benitatxell","cobertura-poble-nou-de-benitatxell"],"acf":[],"yoast_head":"<!-- This site is optimized with the Yoast SEO plugin v27.5 - https:\/\/yoast.com\/product\/yoast-seo-wordpress\/ -->\n<title>Ya est\u00e1n aqu\u00ed las Fiestas de la Rosa de Benitatxell | R\u00e0dio Litoral<\/title>\n<meta name=\"description\" content=\"Se celebran del 4 al 14 de mayo Se celebran del 4 al 14 de mayo\" \/>\n<meta name=\"robots\" content=\"index, follow, max-snippet:-1, max-image-preview:large, max-video-preview:-1\" \/>\n<link rel=\"canonical\" href=\"https:\/\/radiolitoral.com\/ca\/2023\/05\/ja-son-aqui-les-festes-de-la-rosa-de-benitatxell\/\" \/>\n<meta property=\"og:locale\" content=\"ca_ES\" \/>\n<meta property=\"og:type\" content=\"article\" \/>\n<meta property=\"og:title\" content=\"Ya est\u00e1n aqu\u00ed las Fiestas de la Rosa de Benitatxell | R\u00e0dio Litoral\" \/>\n<meta property=\"og:description\" content=\"Se celebran del 4 al 14 de mayo Se celebran del 4 al 14 de mayo\" \/>\n<meta property=\"og:url\" content=\"https:\/\/radiolitoral.com\/ca\/2023\/05\/ja-son-aqui-les-festes-de-la-rosa-de-benitatxell\/\" \/>\n<meta property=\"og:site_name\" content=\"R\u00e0dio Litoral\" \/>\n<meta property=\"article:publisher\" content=\"https:\/\/www.facebook.com\/Laradiolitoral\/\" \/>\n<meta property=\"article:published_time\" content=\"2023-05-03T14:02:39+00:00\" \/>\n<meta property=\"article:modified_time\" content=\"2023-05-03T14:03:21+00:00\" \/>\n<meta property=\"og:image\" content=\"https:\/\/media.radiolitoral.com\/wp-content\/uploads\/2023\/05\/03160235\/llibre-festes-de-la-rosa-2023-349x490-1.jpg\" \/>\n\t<meta property=\"og:image:width\" content=\"349\" \/>\n\t<meta property=\"og:image:height\" content=\"490\" \/>\n\t<meta property=\"og:image:type\" content=\"image\/jpeg\" \/>\n<meta name=\"author\" content=\"Redacci\u00f3n\" \/>\n<meta name=\"twitter:card\" content=\"summary_large_image\" \/>\n<meta name=\"twitter:label1\" content=\"Escrit per\" \/>\n\t<meta name=\"twitter:data1\" content=\"Redacci\u00f3n\" \/>\n\t<meta name=\"twitter:label2\" content=\"Temps estimat de lectura\" \/>\n\t<meta name=\"twitter:data2\" content=\"1 minut\" \/>\n<script type=\"application\/ld+json\" class=\"yoast-schema-graph\">{\"@context\":\"https:\\\/\\\/schema.org\",\"@graph\":[{\"@type\":\"NewsArticle\",\"@id\":\"https:\\\/\\\/radiolitoral.com\\\/2023\\\/05\\\/ya-estan-aqui-las-fiestas-de-la-rosa-de-benitatxell\\\/#article\",\"isPartOf\":{\"@id\":\"https:\\\/\\\/radiolitoral.com\\\/2023\\\/05\\\/ya-estan-aqui-las-fiestas-de-la-rosa-de-benitatxell\\\/\"},\"author\":{\"name\":\"Redacci\u00f3n\",\"@id\":\"https:\\\/\\\/radiolitoral.com\\\/#\\\/schema\\\/person\\\/f2b2343c49b5d721857cc1002bfdb151\"},\"headline\":\"Ya est\u00e1n aqu\u00ed las Fiestas de la Rosa de Benitatxell\",\"datePublished\":\"2023-05-03T14:02:39+00:00\",\"dateModified\":\"2023-05-03T14:03:21+00:00\",\"mainEntityOfPage\":{\"@id\":\"https:\\\/\\\/radiolitoral.com\\\/2023\\\/05\\\/ya-estan-aqui-las-fiestas-de-la-rosa-de-benitatxell\\\/\"},\"wordCount\":181,\"commentCount\":0,\"publisher\":{\"@id\":\"https:\\\/\\\/radiolitoral.com\\\/#organization\"},\"image\":{\"@id\":\"https:\\\/\\\/radiolitoral.com\\\/2023\\\/05\\\/ya-estan-aqui-las-fiestas-de-la-rosa-de-benitatxell\\\/#primaryimage\"},\"thumbnailUrl\":\"https:\\\/\\\/media.radiolitoral.com\\\/wp-content\\\/uploads\\\/2023\\\/05\\\/03160235\\\/llibre-festes-de-la-rosa-2023-349x490-1.jpg\",\"keywords\":[\"agenda Benitatxell\",\"Benitatxell\",\"Fiestas de la Rosa Benitatxell\"],\"articleSection\":[\"Fiestas\"],\"inLanguage\":\"ca\",\"potentialAction\":[{\"@type\":\"CommentAction\",\"name\":\"Comment\",\"target\":[\"https:\\\/\\\/radiolitoral.com\\\/2023\\\/05\\\/ya-estan-aqui-las-fiestas-de-la-rosa-de-benitatxell\\\/#respond\"]}]},{\"@type\":[\"WebPage\",\"ItemPage\"],\"@id\":\"https:\\\/\\\/radiolitoral.com\\\/2023\\\/05\\\/ya-estan-aqui-las-fiestas-de-la-rosa-de-benitatxell\\\/\",\"url\":\"https:\\\/\\\/radiolitoral.com\\\/2023\\\/05\\\/ya-estan-aqui-las-fiestas-de-la-rosa-de-benitatxell\\\/\",\"name\":\"Ya est\u00e1n aqu\u00ed las Fiestas de la Rosa de Benitatxell | R\u00e0dio Litoral\",\"isPartOf\":{\"@id\":\"https:\\\/\\\/radiolitoral.com\\\/#website\"},\"primaryImageOfPage\":{\"@id\":\"https:\\\/\\\/radiolitoral.com\\\/2023\\\/05\\\/ya-estan-aqui-las-fiestas-de-la-rosa-de-benitatxell\\\/#primaryimage\"},\"image\":{\"@id\":\"https:\\\/\\\/radiolitoral.com\\\/2023\\\/05\\\/ya-estan-aqui-las-fiestas-de-la-rosa-de-benitatxell\\\/#primaryimage\"},\"thumbnailUrl\":\"https:\\\/\\\/media.radiolitoral.com\\\/wp-content\\\/uploads\\\/2023\\\/05\\\/03160235\\\/llibre-festes-de-la-rosa-2023-349x490-1.jpg\",\"datePublished\":\"2023-05-03T14:02:39+00:00\",\"dateModified\":\"2023-05-03T14:03:21+00:00\",\"description\":\"Se celebran del 4 al 14 de mayo Se celebran del 4 al 14 de mayo\",\"breadcrumb\":{\"@id\":\"https:\\\/\\\/radiolitoral.com\\\/2023\\\/05\\\/ya-estan-aqui-las-fiestas-de-la-rosa-de-benitatxell\\\/#breadcrumb\"},\"inLanguage\":\"ca\",\"potentialAction\":[{\"@type\":\"ReadAction\",\"target\":[\"https:\\\/\\\/radiolitoral.com\\\/2023\\\/05\\\/ya-estan-aqui-las-fiestas-de-la-rosa-de-benitatxell\\\/\"]}]},{\"@type\":\"ImageObject\",\"inLanguage\":\"ca\",\"@id\":\"https:\\\/\\\/radiolitoral.com\\\/2023\\\/05\\\/ya-estan-aqui-las-fiestas-de-la-rosa-de-benitatxell\\\/#primaryimage\",\"url\":\"https:\\\/\\\/media.radiolitoral.com\\\/wp-content\\\/uploads\\\/2023\\\/05\\\/03160235\\\/llibre-festes-de-la-rosa-2023-349x490-1.jpg\",\"contentUrl\":\"https:\\\/\\\/media.radiolitoral.com\\\/wp-content\\\/uploads\\\/2023\\\/05\\\/03160235\\\/llibre-festes-de-la-rosa-2023-349x490-1.jpg\",\"width\":349,\"height\":490},{\"@type\":\"BreadcrumbList\",\"@id\":\"https:\\\/\\\/radiolitoral.com\\\/2023\\\/05\\\/ya-estan-aqui-las-fiestas-de-la-rosa-de-benitatxell\\\/#breadcrumb\",\"itemListElement\":[{\"@type\":\"ListItem\",\"position\":1,\"name\":\"Portada\",\"item\":\"https:\\\/\\\/radiolitoral.com\\\/\"},{\"@type\":\"ListItem\",\"position\":2,\"name\":\"Ya est\u00e1n aqu\u00ed las Fiestas de la Rosa de Benitatxell\"}]},{\"@type\":\"WebSite\",\"@id\":\"https:\\\/\\\/radiolitoral.com\\\/#website\",\"url\":\"https:\\\/\\\/radiolitoral.com\\\/\",\"name\":\"Radio Litoral\",\"description\":\"La radio local de la Marina Alta\",\"publisher\":{\"@id\":\"https:\\\/\\\/radiolitoral.com\\\/#organization\"},\"alternateName\":\"Litoral FM\",\"potentialAction\":[{\"@type\":\"SearchAction\",\"target\":{\"@type\":\"EntryPoint\",\"urlTemplate\":\"https:\\\/\\\/radiolitoral.com\\\/?s={search_term_string}\"},\"query-input\":{\"@type\":\"PropertyValueSpecification\",\"valueRequired\":true,\"valueName\":\"search_term_string\"}}],\"inLanguage\":\"ca\"},{\"@type\":\"Organization\",\"@id\":\"https:\\\/\\\/radiolitoral.com\\\/#organization\",\"name\":\"Radio Litoral\",\"url\":\"https:\\\/\\\/radiolitoral.com\\\/\",\"logo\":{\"@type\":\"ImageObject\",\"inLanguage\":\"ca\",\"@id\":\"https:\\\/\\\/radiolitoral.com\\\/#\\\/schema\\\/logo\\\/image\\\/\",\"url\":\"https:\\\/\\\/media.radiolitoral.com\\\/wp-content\\\/uploads\\\/2023\\\/02\\\/24143238\\\/CL-V-RadioLitoral696.png\",\"contentUrl\":\"https:\\\/\\\/media.radiolitoral.com\\\/wp-content\\\/uploads\\\/2023\\\/02\\\/24143238\\\/CL-V-RadioLitoral696.png\",\"width\":696,\"height\":696,\"caption\":\"Radio Litoral\"},\"image\":{\"@id\":\"https:\\\/\\\/radiolitoral.com\\\/#\\\/schema\\\/logo\\\/image\\\/\"},\"sameAs\":[\"https:\\\/\\\/www.facebook.com\\\/Laradiolitoral\\\/\"]},{\"@type\":\"Person\",\"@id\":\"https:\\\/\\\/radiolitoral.com\\\/#\\\/schema\\\/person\\\/f2b2343c49b5d721857cc1002bfdb151\",\"name\":\"Redacci\u00f3n\",\"image\":{\"@type\":\"ImageObject\",\"inLanguage\":\"ca\",\"@id\":\"https:\\\/\\\/secure.gravatar.com\\\/avatar\\\/f771d896c203ad8b3382d7905cfcce5a5c9b008b84b3cd9114e9b9f4cb63f789?s=96&d=mm&r=g\",\"url\":\"https:\\\/\\\/secure.gravatar.com\\\/avatar\\\/f771d896c203ad8b3382d7905cfcce5a5c9b008b84b3cd9114e9b9f4cb63f789?s=96&d=mm&r=g\",\"contentUrl\":\"https:\\\/\\\/secure.gravatar.com\\\/avatar\\\/f771d896c203ad8b3382d7905cfcce5a5c9b008b84b3cd9114e9b9f4cb63f789?s=96&d=mm&r=g\",\"caption\":\"Redacci\u00f3n\"},\"url\":\"https:\\\/\\\/radiolitoral.com\\\/ca\\\/author\\\/miriam-pagan\\\/\"}]}<\/script>\n<!-- \/ Yoast SEO plugin. -->","yoast_head_json":{"title":"Ja s\u00f3n aqu\u00ed les Festes de la Rosa de Benitatxell | R\u00e0dio Litoral","description":"Se celebren del 4 al 14 de maig Se celebren del 4 al 14 de maig","robots":{"index":"index","follow":"follow","max-snippet":"max-snippet:-1","max-image-preview":"max-image-preview:large","max-video-preview":"max-video-preview:-1"},"canonical":"https:\/\/radiolitoral.com\/ca\/2023\/05\/ja-son-aqui-les-festes-de-la-rosa-de-benitatxell\/","og_locale":"ca_ES","og_type":"article","og_title":"Ya est\u00e1n aqu\u00ed las Fiestas de la Rosa de Benitatxell | R\u00e0dio Litoral","og_description":"Se celebran del 4 al 14 de mayo Se celebran del 4 al 14 de mayo","og_url":"https:\/\/radiolitoral.com\/ca\/2023\/05\/ja-son-aqui-les-festes-de-la-rosa-de-benitatxell\/","og_site_name":"R\u00e0dio Litoral","article_publisher":"https:\/\/www.facebook.com\/Laradiolitoral\/","article_published_time":"2023-05-03T14:02:39+00:00","article_modified_time":"2023-05-03T14:03:21+00:00","og_image":[{"width":349,"height":490,"url":"https:\/\/media.radiolitoral.com\/wp-content\/uploads\/2023\/05\/03160235\/llibre-festes-de-la-rosa-2023-349x490-1.jpg","type":"image\/jpeg"}],"author":"Redacci\u00f3n","twitter_card":"summary_large_image","twitter_misc":{"Escrit per":"Redacci\u00f3n","Temps estimat de lectura":"1 minut"},"schema":{"@context":"https:\/\/schema.org","@graph":[{"@type":"NewsArticle","@id":"https:\/\/radiolitoral.com\/2023\/05\/ya-estan-aqui-las-fiestas-de-la-rosa-de-benitatxell\/#article","isPartOf":{"@id":"https:\/\/radiolitoral.com\/2023\/05\/ya-estan-aqui-las-fiestas-de-la-rosa-de-benitatxell\/"},"author":{"name":"Redacci\u00f3n","@id":"https:\/\/radiolitoral.com\/#\/schema\/person\/f2b2343c49b5d721857cc1002bfdb151"},"headline":"Ya est\u00e1n aqu\u00ed las Fiestas de la Rosa de Benitatxell","datePublished":"2023-05-03T14:02:39+00:00","dateModified":"2023-05-03T14:03:21+00:00","mainEntityOfPage":{"@id":"https:\/\/radiolitoral.com\/2023\/05\/ya-estan-aqui-las-fiestas-de-la-rosa-de-benitatxell\/"},"wordCount":181,"commentCount":0,"publisher":{"@id":"https:\/\/radiolitoral.com\/#organization"},"image":{"@id":"https:\/\/radiolitoral.com\/2023\/05\/ya-estan-aqui-las-fiestas-de-la-rosa-de-benitatxell\/#primaryimage"},"thumbnailUrl":"https:\/\/media.radiolitoral.com\/wp-content\/uploads\/2023\/05\/03160235\/llibre-festes-de-la-rosa-2023-349x490-1.jpg","keywords":["agenda Benitatxell","Benitatxell","Fiestas de la Rosa Benitatxell"],"articleSection":["Fiestas"],"inLanguage":"ca","potentialAction":[{"@type":"CommentAction","name":"Comment","target":["https:\/\/radiolitoral.com\/2023\/05\/ya-estan-aqui-las-fiestas-de-la-rosa-de-benitatxell\/#respond"]}]},{"@type":["WebPage","ItemPage"],"@id":"https:\/\/radiolitoral.com\/2023\/05\/ya-estan-aqui-las-fiestas-de-la-rosa-de-benitatxell\/","url":"https:\/\/radiolitoral.com\/2023\/05\/ya-estan-aqui-las-fiestas-de-la-rosa-de-benitatxell\/","name":"Ja s\u00f3n aqu\u00ed les Festes de la Rosa de Benitatxell | R\u00e0dio Litoral","isPartOf":{"@id":"https:\/\/radiolitoral.com\/#website"},"primaryImageOfPage":{"@id":"https:\/\/radiolitoral.com\/2023\/05\/ya-estan-aqui-las-fiestas-de-la-rosa-de-benitatxell\/#primaryimage"},"image":{"@id":"https:\/\/radiolitoral.com\/2023\/05\/ya-estan-aqui-las-fiestas-de-la-rosa-de-benitatxell\/#primaryimage"},"thumbnailUrl":"https:\/\/media.radiolitoral.com\/wp-content\/uploads\/2023\/05\/03160235\/llibre-festes-de-la-rosa-2023-349x490-1.jpg","datePublished":"2023-05-03T14:02:39+00:00","dateModified":"2023-05-03T14:03:21+00:00","description":"Se celebren del 4 al 14 de maig Se celebren del 4 al 14 de maig","breadcrumb":{"@id":"https:\/\/radiolitoral.com\/2023\/05\/ya-estan-aqui-las-fiestas-de-la-rosa-de-benitatxell\/#breadcrumb"},"inLanguage":"ca","potentialAction":[{"@type":"ReadAction","target":["https:\/\/radiolitoral.com\/2023\/05\/ya-estan-aqui-las-fiestas-de-la-rosa-de-benitatxell\/"]}]},{"@type":"ImageObject","inLanguage":"ca","@id":"https:\/\/radiolitoral.com\/2023\/05\/ya-estan-aqui-las-fiestas-de-la-rosa-de-benitatxell\/#primaryimage","url":"https:\/\/media.radiolitoral.com\/wp-content\/uploads\/2023\/05\/03160235\/llibre-festes-de-la-rosa-2023-349x490-1.jpg","contentUrl":"https:\/\/media.radiolitoral.com\/wp-content\/uploads\/2023\/05\/03160235\/llibre-festes-de-la-rosa-2023-349x490-1.jpg","width":349,"height":490},{"@type":"BreadcrumbList","@id":"https:\/\/radiolitoral.com\/2023\/05\/ya-estan-aqui-las-fiestas-de-la-rosa-de-benitatxell\/#breadcrumb","itemListElement":[{"@type":"ListItem","position":1,"name":"Portada","item":"https:\/\/radiolitoral.com\/"},{"@type":"ListItem","position":2,"name":"Ya est\u00e1n aqu\u00ed las Fiestas de la Rosa de Benitatxell"}]},{"@type":"WebSite","@id":"https:\/\/radiolitoral.com\/#website","url":"https:\/\/radiolitoral.com\/","name":"R\u00e0dio Litoral","description":"La r\u00e0dio local de la Marina Alta","publisher":{"@id":"https:\/\/radiolitoral.com\/#organization"},"alternateName":"Litoral FM","potentialAction":[{"@type":"SearchAction","target":{"@type":"EntryPoint","urlTemplate":"https:\/\/radiolitoral.com\/?s={search_term_string}"},"query-input":{"@type":"PropertyValueSpecification","valueRequired":true,"valueName":"search_term_string"}}],"inLanguage":"ca"},{"@type":"Organization","@id":"https:\/\/radiolitoral.com\/#organization","name":"R\u00e0dio Litoral","url":"https:\/\/radiolitoral.com\/","logo":{"@type":"ImageObject","inLanguage":"ca","@id":"https:\/\/radiolitoral.com\/#\/schema\/logo\/image\/","url":"https:\/\/media.radiolitoral.com\/wp-content\/uploads\/2023\/02\/24143238\/CL-V-RadioLitoral696.png","contentUrl":"https:\/\/media.radiolitoral.com\/wp-content\/uploads\/2023\/02\/24143238\/CL-V-RadioLitoral696.png","width":696,"height":696,"caption":"Radio Litoral"},"image":{"@id":"https:\/\/radiolitoral.com\/#\/schema\/logo\/image\/"},"sameAs":["https:\/\/www.facebook.com\/Laradiolitoral\/"]},{"@type":"Person","@id":"https:\/\/radiolitoral.com\/#\/schema\/person\/f2b2343c49b5d721857cc1002bfdb151","name":"Redacci\u00f3","image":{"@type":"ImageObject","inLanguage":"ca","@id":"https:\/\/secure.gravatar.com\/avatar\/f771d896c203ad8b3382d7905cfcce5a5c9b008b84b3cd9114e9b9f4cb63f789?s=96&d=mm&r=g","url":"https:\/\/secure.gravatar.com\/avatar\/f771d896c203ad8b3382d7905cfcce5a5c9b008b84b3cd9114e9b9f4cb63f789?s=96&d=mm&r=g","contentUrl":"https:\/\/secure.gravatar.com\/avatar\/f771d896c203ad8b3382d7905cfcce5a5c9b008b84b3cd9114e9b9f4cb63f789?s=96&d=mm&r=g","caption":"Redacci\u00f3n"},"url":"https:\/\/radiolitoral.com\/ca\/author\/miriam-pagan\/"}]}},"_links":{"self":[{"href":"https:\/\/radiolitoral.com\/ca\/wp-json\/wp\/v2\/posts\/2731","targetHints":{"allow":["GET"]}}],"collection":[{"href":"https:\/\/radiolitoral.com\/ca\/wp-json\/wp\/v2\/posts"}],"about":[{"href":"https:\/\/radiolitoral.com\/ca\/wp-json\/wp\/v2\/types\/post"}],"author":[{"embeddable":true,"href":"https:\/\/radiolitoral.com\/ca\/wp-json\/wp\/v2\/users\/13"}],"replies":[{"embeddable":true,"href":"https:\/\/radiolitoral.com\/ca\/wp-json\/wp\/v2\/comments?post=2731"}],"version-history":[{"count":1,"href":"https:\/\/radiolitoral.com\/ca\/wp-json\/wp\/v2\/posts\/2731\/revisions"}],"predecessor-version":[{"id":2733,"href":"https:\/\/radiolitoral.com\/ca\/wp-json\/wp\/v2\/posts\/2731\/revisions\/2733"}],"wp:featuredmedia":[{"embeddable":true,"href":"https:\/\/radiolitoral.com\/ca\/wp-json\/wp\/v2\/media\/2732"}],"wp:attachment":[{"href":"https:\/\/radiolitoral.com\/ca\/wp-json\/wp\/v2\/media?parent=2731"}],"wp:term":[{"taxonomy":"category","embeddable":true,"href":"https:\/\/radiolitoral.com\/ca\/wp-json\/wp\/v2\/categories?post=2731"},{"taxonomy":"post_tag","embeddable":true,"href":"https:\/\/radiolitoral.com\/ca\/wp-json\/wp\/v2\/tags?post=2731"}],"curies":[{"name":"wp","href":"https:\/\/api.w.org\/{rel}","templated":true}]}}