{"id":2685,"date":"2023-05-02T18:46:36","date_gmt":"2023-05-02T16:46:36","guid":{"rendered":"https:\/\/radiolitoral.com\/?p=2685"},"modified":"2023-05-02T18:48:59","modified_gmt":"2023-05-02T16:48:59","slug":"teulada-ja-aplica-la-bonificacio-de-lestacionament-als-residents","status":"publish","type":"post","link":"https:\/\/radiolitoral.com\/ca\/2023\/05\/teulada-ya-aplica-la-bonificacion-del-estacionamiento-a-los-residentes\/","title":{"rendered":"Teulada ja aplica la bonificaci\u00f3 de l&#039;estacionament als residents"},"content":{"rendered":"<p>L&#039;ajuntament de<strong> Teulada<\/strong>, ha informat que <strong>ja s&#039;aplica la bonificaci\u00f3 de l&#039;estacionament regulat per a tots els residents<\/strong> de Teulada Moraira. Fonts municipals expliquen que des del consistori s&#039;ha modificat l&#039;ordenan\u00e7a del servei d&#039;estacionament regulat amb una nova &#039;tarifa resident&#039; que bonifica tots els ciutadans empadronats i amb vehicle matriculat al municipi, a difer\u00e8ncia d&#039;abans que nom\u00e9s era aplicable a residents de les zones regulades.<\/p>\n<p>Aix\u00ed doncs, <strong>de l&#039;1 de novembre al 31 de mar\u00e7<\/strong> (temporada baixa), <strong>podran estacionar a cost zero<\/strong> <strong>obtenint el tiquet amb tarifa resident que indiqui l&#039;hora d&#039;arribada i sense que superi el l\u00edmit m\u00e0xim de temps establert (3 hores)<\/strong>. De la mateixa manera, durant la <strong>temporada alta, els residents tindran una reducci\u00f3 en el cost<\/strong> de la tarifa normal.<\/p>\n<p>Ra\u00fal Llobell, alcalde de Teulada Moraira, ha declarat que aquesta modificaci\u00f3 &quot;neix de les peticions de millora de la ciutadania, fent de l\u00b4ordenan\u00e7a de l\u00b4estacionament regulat, un document viu que s\u00b4adapta a les necessitats i constant evoluci\u00f3 del municipi, buscant sempre beneficiar a la majoria dels residents de Teulada Moraira\u201d.<\/p>\n<p>Aix\u00ed mateix, es mant\u00e9 la resta de les aplicacions de l&#039;ordenan\u00e7a com ara l&#039;horari, les zones, les tarifes i els temps d&#039;estacionament.<\/p>\n<p>&nbsp;<\/p>","protected":false},"excerpt":{"rendered":"<p>El ayuntamiento de Teulada, ha informado que ya se aplica la bonificaci\u00f3n del estacionamiento regulado para todos los residentes de Teulada Moraira. Fuentes municipales explican que desde el consistorio se ha modificado la ordenanza del servicio de estacionamiento regulado con una nueva \u2018tarifa residente\u2019 que bonifica a todos los ciudadanos empadronados y con veh\u00edculo matriculado [&#8230;]<\/p>\n<p><a class=\"btn btn-secondary understrap-read-more-link\" href=\"https:\/\/radiolitoral.com\/ca\/2023\/05\/teulada-ya-aplica-la-bonificacion-del-estacionamiento-a-los-residentes\/\">Continua llegint&#8230;<span class=\"screen-reader-text\"> from Teulada ya aplica la bonificaci\u00f3n del estacionamiento a los residentes<\/span><\/a><\/p>\n","protected":false},"author":21,"featured_media":2686,"comment_status":"open","ping_status":"closed","sticky":false,"template":"","format":"standard","meta":{"_acf_changed":false,"inline_featured_image":false,"footnotes":""},"categories":[71],"tags":[639,640,146],"class_list":["post-2685","post","type-post","status-publish","format-standard","has-post-thumbnail","hentry","category-informacion-de-servicios","tag-estacionar-en-teulada","tag-parquing-teulada","tag-teulada","cobertura-teulada-moraira"],"acf":[],"yoast_head":"<!-- This site is optimized with the Yoast SEO plugin v27.5 - https:\/\/yoast.com\/product\/yoast-seo-wordpress\/ -->\n<title>Teulada ya aplica la bonificaci\u00f3n del estacionamiento a los residentes | R\u00e0dio Litoral<\/title>\n<meta name=\"description\" content=\"En temporada alta los residentes tendr\u00e1n una reducci\u00f3n del coste y en temporada baja es gratis, respetando el tiempo m\u00e1ximo En temporada alta los residentes tendr\u00e1n una reducci\u00f3n del coste y en temporada baja es gratis, respetando el tiempo m\u00e1ximo\" \/>\n<meta name=\"robots\" content=\"index, follow, max-snippet:-1, max-image-preview:large, max-video-preview:-1\" \/>\n<link rel=\"canonical\" href=\"https:\/\/radiolitoral.com\/ca\/2023\/05\/teulada-ja-aplica-la-bonificacio-de-lestacionament-als-residents\/\" \/>\n<meta property=\"og:locale\" content=\"ca_ES\" \/>\n<meta property=\"og:type\" content=\"article\" \/>\n<meta property=\"og:title\" content=\"Teulada ya aplica la bonificaci\u00f3n del estacionamiento a los residentes | R\u00e0dio Litoral\" \/>\n<meta property=\"og:description\" content=\"En temporada alta los residentes tendr\u00e1n una reducci\u00f3n del coste y en temporada baja es gratis, respetando el tiempo m\u00e1ximo En temporada alta los residentes tendr\u00e1n una reducci\u00f3n del coste y en temporada baja es gratis, respetando el tiempo m\u00e1ximo\" \/>\n<meta property=\"og:url\" content=\"https:\/\/radiolitoral.com\/ca\/2023\/05\/teulada-ja-aplica-la-bonificacio-de-lestacionament-als-residents\/\" \/>\n<meta property=\"og:site_name\" content=\"R\u00e0dio Litoral\" \/>\n<meta property=\"article:publisher\" content=\"https:\/\/www.facebook.com\/Laradiolitoral\/\" \/>\n<meta property=\"article:published_time\" content=\"2023-05-02T16:46:36+00:00\" \/>\n<meta property=\"article:modified_time\" content=\"2023-05-02T16:48:59+00:00\" \/>\n<meta property=\"og:image\" content=\"https:\/\/media.radiolitoral.com\/wp-content\/uploads\/2023\/05\/02184629\/imagen-estacionamiento-regulado-653x490-1.jpg\" \/>\n\t<meta property=\"og:image:width\" content=\"653\" \/>\n\t<meta property=\"og:image:height\" content=\"490\" \/>\n\t<meta property=\"og:image:type\" content=\"image\/jpeg\" \/>\n<meta name=\"author\" content=\"Mel Pescuezo\" \/>\n<meta name=\"twitter:card\" content=\"summary_large_image\" \/>\n<meta name=\"twitter:label1\" content=\"Escrit per\" \/>\n\t<meta name=\"twitter:data1\" content=\"Mel Pescuezo\" \/>\n\t<meta name=\"twitter:label2\" content=\"Temps estimat de lectura\" \/>\n\t<meta name=\"twitter:data2\" content=\"1 minut\" \/>\n<script type=\"application\/ld+json\" class=\"yoast-schema-graph\">{\"@context\":\"https:\\\/\\\/schema.org\",\"@graph\":[{\"@type\":\"NewsArticle\",\"@id\":\"https:\\\/\\\/radiolitoral.com\\\/2023\\\/05\\\/teulada-ya-aplica-la-bonificacion-del-estacionamiento-a-los-residentes\\\/#article\",\"isPartOf\":{\"@id\":\"https:\\\/\\\/radiolitoral.com\\\/2023\\\/05\\\/teulada-ya-aplica-la-bonificacion-del-estacionamiento-a-los-residentes\\\/\"},\"author\":{\"name\":\"Mel Pescuezo\",\"@id\":\"https:\\\/\\\/radiolitoral.com\\\/#\\\/schema\\\/person\\\/aad4f72efa404f85b68e832d24cac059\"},\"headline\":\"Teulada ya aplica la bonificaci\u00f3n del estacionamiento a los residentes\",\"datePublished\":\"2023-05-02T16:46:36+00:00\",\"dateModified\":\"2023-05-02T16:48:59+00:00\",\"mainEntityOfPage\":{\"@id\":\"https:\\\/\\\/radiolitoral.com\\\/2023\\\/05\\\/teulada-ya-aplica-la-bonificacion-del-estacionamiento-a-los-residentes\\\/\"},\"wordCount\":229,\"commentCount\":0,\"publisher\":{\"@id\":\"https:\\\/\\\/radiolitoral.com\\\/#organization\"},\"image\":{\"@id\":\"https:\\\/\\\/radiolitoral.com\\\/2023\\\/05\\\/teulada-ya-aplica-la-bonificacion-del-estacionamiento-a-los-residentes\\\/#primaryimage\"},\"thumbnailUrl\":\"https:\\\/\\\/media.radiolitoral.com\\\/wp-content\\\/uploads\\\/2023\\\/05\\\/02184629\\\/imagen-estacionamiento-regulado-653x490-1.jpg\",\"keywords\":[\"estacionar en Teulada\",\"parquing Teulada\",\"Teulada\"],\"articleSection\":[\"Informaci\u00f3n de Servicios\"],\"inLanguage\":\"ca\",\"potentialAction\":[{\"@type\":\"CommentAction\",\"name\":\"Comment\",\"target\":[\"https:\\\/\\\/radiolitoral.com\\\/2023\\\/05\\\/teulada-ya-aplica-la-bonificacion-del-estacionamiento-a-los-residentes\\\/#respond\"]}]},{\"@type\":[\"WebPage\",\"ItemPage\"],\"@id\":\"https:\\\/\\\/radiolitoral.com\\\/2023\\\/05\\\/teulada-ya-aplica-la-bonificacion-del-estacionamiento-a-los-residentes\\\/\",\"url\":\"https:\\\/\\\/radiolitoral.com\\\/2023\\\/05\\\/teulada-ya-aplica-la-bonificacion-del-estacionamiento-a-los-residentes\\\/\",\"name\":\"Teulada ya aplica la bonificaci\u00f3n del estacionamiento a los residentes | R\u00e0dio Litoral\",\"isPartOf\":{\"@id\":\"https:\\\/\\\/radiolitoral.com\\\/#website\"},\"primaryImageOfPage\":{\"@id\":\"https:\\\/\\\/radiolitoral.com\\\/2023\\\/05\\\/teulada-ya-aplica-la-bonificacion-del-estacionamiento-a-los-residentes\\\/#primaryimage\"},\"image\":{\"@id\":\"https:\\\/\\\/radiolitoral.com\\\/2023\\\/05\\\/teulada-ya-aplica-la-bonificacion-del-estacionamiento-a-los-residentes\\\/#primaryimage\"},\"thumbnailUrl\":\"https:\\\/\\\/media.radiolitoral.com\\\/wp-content\\\/uploads\\\/2023\\\/05\\\/02184629\\\/imagen-estacionamiento-regulado-653x490-1.jpg\",\"datePublished\":\"2023-05-02T16:46:36+00:00\",\"dateModified\":\"2023-05-02T16:48:59+00:00\",\"description\":\"En temporada alta los residentes tendr\u00e1n una reducci\u00f3n del coste y en temporada baja es gratis, respetando el tiempo m\u00e1ximo En temporada alta los residentes tendr\u00e1n una reducci\u00f3n del coste y en temporada baja es gratis, respetando el tiempo m\u00e1ximo\",\"breadcrumb\":{\"@id\":\"https:\\\/\\\/radiolitoral.com\\\/2023\\\/05\\\/teulada-ya-aplica-la-bonificacion-del-estacionamiento-a-los-residentes\\\/#breadcrumb\"},\"inLanguage\":\"ca\",\"potentialAction\":[{\"@type\":\"ReadAction\",\"target\":[\"https:\\\/\\\/radiolitoral.com\\\/2023\\\/05\\\/teulada-ya-aplica-la-bonificacion-del-estacionamiento-a-los-residentes\\\/\"]}]},{\"@type\":\"ImageObject\",\"inLanguage\":\"ca\",\"@id\":\"https:\\\/\\\/radiolitoral.com\\\/2023\\\/05\\\/teulada-ya-aplica-la-bonificacion-del-estacionamiento-a-los-residentes\\\/#primaryimage\",\"url\":\"https:\\\/\\\/media.radiolitoral.com\\\/wp-content\\\/uploads\\\/2023\\\/05\\\/02184629\\\/imagen-estacionamiento-regulado-653x490-1.jpg\",\"contentUrl\":\"https:\\\/\\\/media.radiolitoral.com\\\/wp-content\\\/uploads\\\/2023\\\/05\\\/02184629\\\/imagen-estacionamiento-regulado-653x490-1.jpg\",\"width\":653,\"height\":490},{\"@type\":\"BreadcrumbList\",\"@id\":\"https:\\\/\\\/radiolitoral.com\\\/2023\\\/05\\\/teulada-ya-aplica-la-bonificacion-del-estacionamiento-a-los-residentes\\\/#breadcrumb\",\"itemListElement\":[{\"@type\":\"ListItem\",\"position\":1,\"name\":\"Portada\",\"item\":\"https:\\\/\\\/radiolitoral.com\\\/\"},{\"@type\":\"ListItem\",\"position\":2,\"name\":\"Teulada ya aplica la bonificaci\u00f3n del estacionamiento a los residentes\"}]},{\"@type\":\"WebSite\",\"@id\":\"https:\\\/\\\/radiolitoral.com\\\/#website\",\"url\":\"https:\\\/\\\/radiolitoral.com\\\/\",\"name\":\"Radio Litoral\",\"description\":\"La radio local de la Marina Alta\",\"publisher\":{\"@id\":\"https:\\\/\\\/radiolitoral.com\\\/#organization\"},\"alternateName\":\"Litoral FM\",\"potentialAction\":[{\"@type\":\"SearchAction\",\"target\":{\"@type\":\"EntryPoint\",\"urlTemplate\":\"https:\\\/\\\/radiolitoral.com\\\/?s={search_term_string}\"},\"query-input\":{\"@type\":\"PropertyValueSpecification\",\"valueRequired\":true,\"valueName\":\"search_term_string\"}}],\"inLanguage\":\"ca\"},{\"@type\":\"Organization\",\"@id\":\"https:\\\/\\\/radiolitoral.com\\\/#organization\",\"name\":\"Radio Litoral\",\"url\":\"https:\\\/\\\/radiolitoral.com\\\/\",\"logo\":{\"@type\":\"ImageObject\",\"inLanguage\":\"ca\",\"@id\":\"https:\\\/\\\/radiolitoral.com\\\/#\\\/schema\\\/logo\\\/image\\\/\",\"url\":\"https:\\\/\\\/media.radiolitoral.com\\\/wp-content\\\/uploads\\\/2023\\\/02\\\/24143238\\\/CL-V-RadioLitoral696.png\",\"contentUrl\":\"https:\\\/\\\/media.radiolitoral.com\\\/wp-content\\\/uploads\\\/2023\\\/02\\\/24143238\\\/CL-V-RadioLitoral696.png\",\"width\":696,\"height\":696,\"caption\":\"Radio Litoral\"},\"image\":{\"@id\":\"https:\\\/\\\/radiolitoral.com\\\/#\\\/schema\\\/logo\\\/image\\\/\"},\"sameAs\":[\"https:\\\/\\\/www.facebook.com\\\/Laradiolitoral\\\/\"]},{\"@type\":\"Person\",\"@id\":\"https:\\\/\\\/radiolitoral.com\\\/#\\\/schema\\\/person\\\/aad4f72efa404f85b68e832d24cac059\",\"name\":\"Mel Pescuezo\",\"image\":{\"@type\":\"ImageObject\",\"inLanguage\":\"ca\",\"@id\":\"https:\\\/\\\/secure.gravatar.com\\\/avatar\\\/993975ae489c70cb0dd9bfa9413a082f0bd276582dac13661af7b33f161e7eea?s=96&d=mm&r=g\",\"url\":\"https:\\\/\\\/secure.gravatar.com\\\/avatar\\\/993975ae489c70cb0dd9bfa9413a082f0bd276582dac13661af7b33f161e7eea?s=96&d=mm&r=g\",\"contentUrl\":\"https:\\\/\\\/secure.gravatar.com\\\/avatar\\\/993975ae489c70cb0dd9bfa9413a082f0bd276582dac13661af7b33f161e7eea?s=96&d=mm&r=g\",\"caption\":\"Mel Pescuezo\"},\"url\":\"https:\\\/\\\/radiolitoral.com\\\/ca\\\/author\\\/serviciospararadios\\\/\"}]}<\/script>\n<!-- \/ Yoast SEO plugin. -->","yoast_head_json":{"title":"Teulada ja aplica la bonificaci\u00f3 de l&#039;estacionament als residents R\u00e0dio Litoral","description":"En temporada alta els residents tindran una reducci\u00f3 del cost i en temporada baixa \u00e9s gratu\u00efta, respectant el temps m\u00e0xim En temporada alta els residents tindran una reducci\u00f3 del cost i en temporada baixa \u00e9s gratis, respectant el temps m\u00e0xim","robots":{"index":"index","follow":"follow","max-snippet":"max-snippet:-1","max-image-preview":"max-image-preview:large","max-video-preview":"max-video-preview:-1"},"canonical":"https:\/\/radiolitoral.com\/ca\/2023\/05\/teulada-ja-aplica-la-bonificacio-de-lestacionament-als-residents\/","og_locale":"ca_ES","og_type":"article","og_title":"Teulada ya aplica la bonificaci\u00f3n del estacionamiento a los residentes | R\u00e0dio Litoral","og_description":"En temporada alta los residentes tendr\u00e1n una reducci\u00f3n del coste y en temporada baja es gratis, respetando el tiempo m\u00e1ximo En temporada alta los residentes tendr\u00e1n una reducci\u00f3n del coste y en temporada baja es gratis, respetando el tiempo m\u00e1ximo","og_url":"https:\/\/radiolitoral.com\/ca\/2023\/05\/teulada-ja-aplica-la-bonificacio-de-lestacionament-als-residents\/","og_site_name":"R\u00e0dio Litoral","article_publisher":"https:\/\/www.facebook.com\/Laradiolitoral\/","article_published_time":"2023-05-02T16:46:36+00:00","article_modified_time":"2023-05-02T16:48:59+00:00","og_image":[{"width":653,"height":490,"url":"https:\/\/media.radiolitoral.com\/wp-content\/uploads\/2023\/05\/02184629\/imagen-estacionamiento-regulado-653x490-1.jpg","type":"image\/jpeg"}],"author":"Mel Pescuezo","twitter_card":"summary_large_image","twitter_misc":{"Escrit per":"Mel Pescuezo","Temps estimat de lectura":"1 minut"},"schema":{"@context":"https:\/\/schema.org","@graph":[{"@type":"NewsArticle","@id":"https:\/\/radiolitoral.com\/2023\/05\/teulada-ya-aplica-la-bonificacion-del-estacionamiento-a-los-residentes\/#article","isPartOf":{"@id":"https:\/\/radiolitoral.com\/2023\/05\/teulada-ya-aplica-la-bonificacion-del-estacionamiento-a-los-residentes\/"},"author":{"name":"Mel Pescuezo","@id":"https:\/\/radiolitoral.com\/#\/schema\/person\/aad4f72efa404f85b68e832d24cac059"},"headline":"Teulada ya aplica la bonificaci\u00f3n del estacionamiento a los residentes","datePublished":"2023-05-02T16:46:36+00:00","dateModified":"2023-05-02T16:48:59+00:00","mainEntityOfPage":{"@id":"https:\/\/radiolitoral.com\/2023\/05\/teulada-ya-aplica-la-bonificacion-del-estacionamiento-a-los-residentes\/"},"wordCount":229,"commentCount":0,"publisher":{"@id":"https:\/\/radiolitoral.com\/#organization"},"image":{"@id":"https:\/\/radiolitoral.com\/2023\/05\/teulada-ya-aplica-la-bonificacion-del-estacionamiento-a-los-residentes\/#primaryimage"},"thumbnailUrl":"https:\/\/media.radiolitoral.com\/wp-content\/uploads\/2023\/05\/02184629\/imagen-estacionamiento-regulado-653x490-1.jpg","keywords":["estacionar en Teulada","parquing Teulada","Teulada"],"articleSection":["Informaci\u00f3n de Servicios"],"inLanguage":"ca","potentialAction":[{"@type":"CommentAction","name":"Comment","target":["https:\/\/radiolitoral.com\/2023\/05\/teulada-ya-aplica-la-bonificacion-del-estacionamiento-a-los-residentes\/#respond"]}]},{"@type":["WebPage","ItemPage"],"@id":"https:\/\/radiolitoral.com\/2023\/05\/teulada-ya-aplica-la-bonificacion-del-estacionamiento-a-los-residentes\/","url":"https:\/\/radiolitoral.com\/2023\/05\/teulada-ya-aplica-la-bonificacion-del-estacionamiento-a-los-residentes\/","name":"Teulada ja aplica la bonificaci\u00f3 de l&#039;estacionament als residents R\u00e0dio Litoral","isPartOf":{"@id":"https:\/\/radiolitoral.com\/#website"},"primaryImageOfPage":{"@id":"https:\/\/radiolitoral.com\/2023\/05\/teulada-ya-aplica-la-bonificacion-del-estacionamiento-a-los-residentes\/#primaryimage"},"image":{"@id":"https:\/\/radiolitoral.com\/2023\/05\/teulada-ya-aplica-la-bonificacion-del-estacionamiento-a-los-residentes\/#primaryimage"},"thumbnailUrl":"https:\/\/media.radiolitoral.com\/wp-content\/uploads\/2023\/05\/02184629\/imagen-estacionamiento-regulado-653x490-1.jpg","datePublished":"2023-05-02T16:46:36+00:00","dateModified":"2023-05-02T16:48:59+00:00","description":"En temporada alta els residents tindran una reducci\u00f3 del cost i en temporada baixa \u00e9s gratu\u00efta, respectant el temps m\u00e0xim En temporada alta els residents tindran una reducci\u00f3 del cost i en temporada baixa \u00e9s gratis, respectant el temps m\u00e0xim","breadcrumb":{"@id":"https:\/\/radiolitoral.com\/2023\/05\/teulada-ya-aplica-la-bonificacion-del-estacionamiento-a-los-residentes\/#breadcrumb"},"inLanguage":"ca","potentialAction":[{"@type":"ReadAction","target":["https:\/\/radiolitoral.com\/2023\/05\/teulada-ya-aplica-la-bonificacion-del-estacionamiento-a-los-residentes\/"]}]},{"@type":"ImageObject","inLanguage":"ca","@id":"https:\/\/radiolitoral.com\/2023\/05\/teulada-ya-aplica-la-bonificacion-del-estacionamiento-a-los-residentes\/#primaryimage","url":"https:\/\/media.radiolitoral.com\/wp-content\/uploads\/2023\/05\/02184629\/imagen-estacionamiento-regulado-653x490-1.jpg","contentUrl":"https:\/\/media.radiolitoral.com\/wp-content\/uploads\/2023\/05\/02184629\/imagen-estacionamiento-regulado-653x490-1.jpg","width":653,"height":490},{"@type":"BreadcrumbList","@id":"https:\/\/radiolitoral.com\/2023\/05\/teulada-ya-aplica-la-bonificacion-del-estacionamiento-a-los-residentes\/#breadcrumb","itemListElement":[{"@type":"ListItem","position":1,"name":"Portada","item":"https:\/\/radiolitoral.com\/"},{"@type":"ListItem","position":2,"name":"Teulada ya aplica la bonificaci\u00f3n del estacionamiento a los residentes"}]},{"@type":"WebSite","@id":"https:\/\/radiolitoral.com\/#website","url":"https:\/\/radiolitoral.com\/","name":"R\u00e0dio Litoral","description":"La r\u00e0dio local de la Marina Alta","publisher":{"@id":"https:\/\/radiolitoral.com\/#organization"},"alternateName":"Litoral FM","potentialAction":[{"@type":"SearchAction","target":{"@type":"EntryPoint","urlTemplate":"https:\/\/radiolitoral.com\/?s={search_term_string}"},"query-input":{"@type":"PropertyValueSpecification","valueRequired":true,"valueName":"search_term_string"}}],"inLanguage":"ca"},{"@type":"Organization","@id":"https:\/\/radiolitoral.com\/#organization","name":"R\u00e0dio Litoral","url":"https:\/\/radiolitoral.com\/","logo":{"@type":"ImageObject","inLanguage":"ca","@id":"https:\/\/radiolitoral.com\/#\/schema\/logo\/image\/","url":"https:\/\/media.radiolitoral.com\/wp-content\/uploads\/2023\/02\/24143238\/CL-V-RadioLitoral696.png","contentUrl":"https:\/\/media.radiolitoral.com\/wp-content\/uploads\/2023\/02\/24143238\/CL-V-RadioLitoral696.png","width":696,"height":696,"caption":"Radio Litoral"},"image":{"@id":"https:\/\/radiolitoral.com\/#\/schema\/logo\/image\/"},"sameAs":["https:\/\/www.facebook.com\/Laradiolitoral\/"]},{"@type":"Person","@id":"https:\/\/radiolitoral.com\/#\/schema\/person\/aad4f72efa404f85b68e832d24cac059","name":"Mel Pescuezo","image":{"@type":"ImageObject","inLanguage":"ca","@id":"https:\/\/secure.gravatar.com\/avatar\/993975ae489c70cb0dd9bfa9413a082f0bd276582dac13661af7b33f161e7eea?s=96&d=mm&r=g","url":"https:\/\/secure.gravatar.com\/avatar\/993975ae489c70cb0dd9bfa9413a082f0bd276582dac13661af7b33f161e7eea?s=96&d=mm&r=g","contentUrl":"https:\/\/secure.gravatar.com\/avatar\/993975ae489c70cb0dd9bfa9413a082f0bd276582dac13661af7b33f161e7eea?s=96&d=mm&r=g","caption":"Mel Pescuezo"},"url":"https:\/\/radiolitoral.com\/ca\/author\/serviciospararadios\/"}]}},"_links":{"self":[{"href":"https:\/\/radiolitoral.com\/ca\/wp-json\/wp\/v2\/posts\/2685","targetHints":{"allow":["GET"]}}],"collection":[{"href":"https:\/\/radiolitoral.com\/ca\/wp-json\/wp\/v2\/posts"}],"about":[{"href":"https:\/\/radiolitoral.com\/ca\/wp-json\/wp\/v2\/types\/post"}],"author":[{"embeddable":true,"href":"https:\/\/radiolitoral.com\/ca\/wp-json\/wp\/v2\/users\/21"}],"replies":[{"embeddable":true,"href":"https:\/\/radiolitoral.com\/ca\/wp-json\/wp\/v2\/comments?post=2685"}],"version-history":[{"count":1,"href":"https:\/\/radiolitoral.com\/ca\/wp-json\/wp\/v2\/posts\/2685\/revisions"}],"predecessor-version":[{"id":2687,"href":"https:\/\/radiolitoral.com\/ca\/wp-json\/wp\/v2\/posts\/2685\/revisions\/2687"}],"wp:featuredmedia":[{"embeddable":true,"href":"https:\/\/radiolitoral.com\/ca\/wp-json\/wp\/v2\/media\/2686"}],"wp:attachment":[{"href":"https:\/\/radiolitoral.com\/ca\/wp-json\/wp\/v2\/media?parent=2685"}],"wp:term":[{"taxonomy":"category","embeddable":true,"href":"https:\/\/radiolitoral.com\/ca\/wp-json\/wp\/v2\/categories?post=2685"},{"taxonomy":"post_tag","embeddable":true,"href":"https:\/\/radiolitoral.com\/ca\/wp-json\/wp\/v2\/tags?post=2685"}],"curies":[{"name":"wp","href":"https:\/\/api.w.org\/{rel}","templated":true}]}}