{"id":2672,"date":"2023-05-02T16:12:05","date_gmt":"2023-05-02T14:12:05","guid":{"rendered":"https:\/\/radiolitoral.com\/?p=2672"},"modified":"2023-05-02T16:14:16","modified_gmt":"2023-05-02T14:14:16","slug":"avui-sha-fet-publica-la-llista-definitiva-de-les-candidatures-que-concorressin-a-les-eleccions-municipals","status":"publish","type":"post","link":"https:\/\/radiolitoral.com\/ca\/2023\/05\/hoy-se-ha-hecho-publica-la-lista-definitiva-de-las-candidaturas-que-concurriran-a-las-elecciones-municipales\/","title":{"rendered":"Avui s&#039;ha fet p\u00fablica la llista definitiva de les candidatures que concorreran a les eleccions municipals"},"content":{"rendered":"<p>Avui, <strong>2 de maig<\/strong>, \u00e9s la <strong>publicaci\u00f3 definitiva, de les candidatures que concorreran a les eleccions municipals<\/strong> del 28 d&#039;aquest mes. D&#039;aquesta manera, fetes ja les correccions oportunes - El BOP de dimecres 26 d&#039;abril, inclo\u00efa diversos errors, alguns d&#039;embalum, en la publicaci\u00f3 de les llistes dels diferents partits- queden registrades les candidatures que es disputen les alcaldies dels diferents ajuntaments de la comarca.<\/p>\n<p>En el cas concret de<strong> Benissa<\/strong>, els electors hauran de triar entre un total de 5 candidatures: <strong>Coalici\u00f3 Comprom\u00eds, liderada per Mari Carme Ronda, Reiniciem Benissa, que t\u00e9 Juan Carlos Mut com a n\u00famero 1, el PSPV-PSOE i Marina Renner com a alcaldable, el Partit Popular que mant\u00e9 Arturo Poquet per revalidar l&#039;alcaldia, i el CIBE, amb el seu hist\u00f2ric Isidor Moll\u00e0 com a cap de cartell<\/strong>.<\/p>\n<p>A <strong>Calp<\/strong>, s\u00f3n 8 les candidatures presentades. <strong>Coalici\u00f3 Comprom\u00eds, que mant\u00e9<\/strong> <strong>Ximo Perles com a n\u00famero 1; torna a conc\u00f3rrer,<\/strong> encara que no va aconseguir representaci\u00f3 municipal en els anteriors comicis<strong>s, Calpe Despierta, amb Pere Joan Cabrera com a cap de llista; Vox, amb Oscar Rojo com a n\u00famero 1; el PSPV-PSOE, que lidera Guillermo Sendra; el nou partit de l&#039;actual alcaldessa, Ana Sala, Som Calp; Defensem Calp, amb Paco Quiles al capdavant; el Partit Popular, amb el retorn de C\u00e9sar S\u00e1nchez com a cap de cartell; i Ciutadans, que lidera Eduardo Garijo<\/strong>.<\/p>\n<p>Mentre que a <strong>Teulada<\/strong>, concorren als comicis del 28 d&#039;aquest mes un total de 7 candidatures. <strong>Coalici\u00f3 Comprom\u00eds,<\/strong> \u00e9s la que apareix en primer lloc, <strong>mantenint Rosa Vila com a n\u00famero 1 de la seva llista. Per primera vegada, Vox presenta alcaldable a les municipals de Teulada, i ho fa amb Jos\u00e9 P\u00e9rez de los Santos, com a cap de cartell. El PSPV-PSOE renova la llista i posa de n\u00famero 1 Paqui Romaguera. El PP mant\u00e9 Ra\u00fal Llobell per revalidar l&#039;alcaldia del municipi. Ciutadans,<\/strong> concorre a les eleccions del 28M<strong> amb Mirelle Hurts <\/strong>com a n\u00famero 1.<strong> H\u00e9ctor Morales continua a la vida pol\u00edtica local amb un nou partit, EME. I, una altra novetat d&#039;aquestes eleccions municipals, \u00e9s la que lidera Chantal Gir\u00f3n amb Alternativa Teulada Moraira<\/strong>.<\/p>\n<p>&nbsp;<\/p>","protected":false},"excerpt":{"rendered":"<p>Hoy, 2 de mayo, es la publicaci\u00f3n definitiva, de las candidaturas que concurrir\u00e1n a las elecciones municipales del 28 de este mes. De este modo, hechas ya las correcciones oportunas \u2013 El BOP del mi\u00e9rcoles 26 de abril, inclu\u00eda diversos errores, algunos de bulto, en la publicaci\u00f3n de las listas de los distintos partidos- quedan [&#8230;]<\/p>\n<p><a class=\"btn btn-secondary understrap-read-more-link\" href=\"https:\/\/radiolitoral.com\/ca\/2023\/05\/hoy-se-ha-hecho-publica-la-lista-definitiva-de-las-candidaturas-que-concurriran-a-las-elecciones-municipales\/\">Continua llegint&#8230;<span class=\"screen-reader-text\"> from Hoy se ha hecho p\u00fablica la lista definitiva de las candidaturas que concurrir\u00e1n a las elecciones municipales<\/span><\/a><\/p>\n","protected":false},"author":13,"featured_media":2548,"comment_status":"open","ping_status":"closed","sticky":false,"template":"","format":"standard","meta":{"_acf_changed":false,"inline_featured_image":false,"footnotes":""},"categories":[13],"tags":[161],"class_list":["post-2672","post","type-post","status-publish","format-standard","has-post-thumbnail","hentry","category-politica","tag-elecciones-2023","cobertura-benissa","cobertura-calp","cobertura-teulada-moraira"],"acf":[],"yoast_head":"<!-- This site is optimized with the Yoast SEO plugin v27.5 - https:\/\/yoast.com\/product\/yoast-seo-wordpress\/ -->\n<title>Hoy se ha hecho p\u00fablica la lista definitiva de las candidaturas que concurrir\u00e1n a las elecciones municipales | R\u00e0dio Litoral<\/title>\n<meta name=\"description\" content=\"La anterior publicaci\u00f3n inclu\u00eda diversos errores La anterior publicaci\u00f3n inclu\u00eda diversos errores\" \/>\n<meta name=\"robots\" content=\"index, follow, max-snippet:-1, max-image-preview:large, max-video-preview:-1\" \/>\n<link rel=\"canonical\" href=\"https:\/\/radiolitoral.com\/ca\/2023\/05\/avui-sha-fet-publica-la-llista-definitiva-de-les-candidatures-que-concorressin-a-les-eleccions-municipals\/\" \/>\n<meta property=\"og:locale\" content=\"ca_ES\" \/>\n<meta property=\"og:type\" content=\"article\" \/>\n<meta property=\"og:title\" content=\"Hoy se ha hecho p\u00fablica la lista definitiva de las candidaturas que concurrir\u00e1n a las elecciones municipales | R\u00e0dio Litoral\" \/>\n<meta property=\"og:description\" content=\"La anterior publicaci\u00f3n inclu\u00eda diversos errores La anterior publicaci\u00f3n inclu\u00eda diversos errores\" \/>\n<meta property=\"og:url\" content=\"https:\/\/radiolitoral.com\/ca\/2023\/05\/avui-sha-fet-publica-la-llista-definitiva-de-les-candidatures-que-concorressin-a-les-eleccions-municipals\/\" \/>\n<meta property=\"og:site_name\" content=\"R\u00e0dio Litoral\" \/>\n<meta property=\"article:publisher\" content=\"https:\/\/www.facebook.com\/Laradiolitoral\/\" \/>\n<meta property=\"article:published_time\" content=\"2023-05-02T14:12:05+00:00\" \/>\n<meta property=\"article:modified_time\" content=\"2023-05-02T14:14:16+00:00\" \/>\n<meta property=\"og:image\" content=\"https:\/\/media.radiolitoral.com\/wp-content\/uploads\/2023\/04\/26194400\/bop.jpg\" \/>\n\t<meta property=\"og:image:width\" content=\"588\" \/>\n\t<meta property=\"og:image:height\" content=\"378\" \/>\n\t<meta property=\"og:image:type\" content=\"image\/jpeg\" \/>\n<meta name=\"author\" content=\"Redacci\u00f3n\" \/>\n<meta name=\"twitter:card\" content=\"summary_large_image\" \/>\n<meta name=\"twitter:label1\" content=\"Escrit per\" \/>\n\t<meta name=\"twitter:data1\" content=\"Redacci\u00f3n\" \/>\n\t<meta name=\"twitter:label2\" content=\"Temps estimat de lectura\" \/>\n\t<meta name=\"twitter:data2\" content=\"2 minuts\" \/>\n<script type=\"application\/ld+json\" class=\"yoast-schema-graph\">{\"@context\":\"https:\\\/\\\/schema.org\",\"@graph\":[{\"@type\":\"NewsArticle\",\"@id\":\"https:\\\/\\\/radiolitoral.com\\\/2023\\\/05\\\/hoy-se-ha-hecho-publica-la-lista-definitiva-de-las-candidaturas-que-concurriran-a-las-elecciones-municipales\\\/#article\",\"isPartOf\":{\"@id\":\"https:\\\/\\\/radiolitoral.com\\\/2023\\\/05\\\/hoy-se-ha-hecho-publica-la-lista-definitiva-de-las-candidaturas-que-concurriran-a-las-elecciones-municipales\\\/\"},\"author\":{\"name\":\"Redacci\u00f3n\",\"@id\":\"https:\\\/\\\/radiolitoral.com\\\/#\\\/schema\\\/person\\\/f2b2343c49b5d721857cc1002bfdb151\"},\"headline\":\"Hoy se ha hecho p\u00fablica la lista definitiva de las candidaturas que concurrir\u00e1n a las elecciones municipales\",\"datePublished\":\"2023-05-02T14:12:05+00:00\",\"dateModified\":\"2023-05-02T14:14:16+00:00\",\"mainEntityOfPage\":{\"@id\":\"https:\\\/\\\/radiolitoral.com\\\/2023\\\/05\\\/hoy-se-ha-hecho-publica-la-lista-definitiva-de-las-candidaturas-que-concurriran-a-las-elecciones-municipales\\\/\"},\"wordCount\":388,\"commentCount\":0,\"publisher\":{\"@id\":\"https:\\\/\\\/radiolitoral.com\\\/#organization\"},\"image\":{\"@id\":\"https:\\\/\\\/radiolitoral.com\\\/2023\\\/05\\\/hoy-se-ha-hecho-publica-la-lista-definitiva-de-las-candidaturas-que-concurriran-a-las-elecciones-municipales\\\/#primaryimage\"},\"thumbnailUrl\":\"https:\\\/\\\/media.radiolitoral.com\\\/wp-content\\\/uploads\\\/2023\\\/04\\\/26194400\\\/bop.jpg\",\"keywords\":[\"elecciones 2023\"],\"articleSection\":[\"Pol\u00edtica\"],\"inLanguage\":\"ca\",\"potentialAction\":[{\"@type\":\"CommentAction\",\"name\":\"Comment\",\"target\":[\"https:\\\/\\\/radiolitoral.com\\\/2023\\\/05\\\/hoy-se-ha-hecho-publica-la-lista-definitiva-de-las-candidaturas-que-concurriran-a-las-elecciones-municipales\\\/#respond\"]}]},{\"@type\":[\"WebPage\",\"ItemPage\"],\"@id\":\"https:\\\/\\\/radiolitoral.com\\\/2023\\\/05\\\/hoy-se-ha-hecho-publica-la-lista-definitiva-de-las-candidaturas-que-concurriran-a-las-elecciones-municipales\\\/\",\"url\":\"https:\\\/\\\/radiolitoral.com\\\/2023\\\/05\\\/hoy-se-ha-hecho-publica-la-lista-definitiva-de-las-candidaturas-que-concurriran-a-las-elecciones-municipales\\\/\",\"name\":\"Hoy se ha hecho p\u00fablica la lista definitiva de las candidaturas que concurrir\u00e1n a las elecciones municipales | R\u00e0dio Litoral\",\"isPartOf\":{\"@id\":\"https:\\\/\\\/radiolitoral.com\\\/#website\"},\"primaryImageOfPage\":{\"@id\":\"https:\\\/\\\/radiolitoral.com\\\/2023\\\/05\\\/hoy-se-ha-hecho-publica-la-lista-definitiva-de-las-candidaturas-que-concurriran-a-las-elecciones-municipales\\\/#primaryimage\"},\"image\":{\"@id\":\"https:\\\/\\\/radiolitoral.com\\\/2023\\\/05\\\/hoy-se-ha-hecho-publica-la-lista-definitiva-de-las-candidaturas-que-concurriran-a-las-elecciones-municipales\\\/#primaryimage\"},\"thumbnailUrl\":\"https:\\\/\\\/media.radiolitoral.com\\\/wp-content\\\/uploads\\\/2023\\\/04\\\/26194400\\\/bop.jpg\",\"datePublished\":\"2023-05-02T14:12:05+00:00\",\"dateModified\":\"2023-05-02T14:14:16+00:00\",\"description\":\"La anterior publicaci\u00f3n inclu\u00eda diversos errores La anterior publicaci\u00f3n inclu\u00eda diversos errores\",\"breadcrumb\":{\"@id\":\"https:\\\/\\\/radiolitoral.com\\\/2023\\\/05\\\/hoy-se-ha-hecho-publica-la-lista-definitiva-de-las-candidaturas-que-concurriran-a-las-elecciones-municipales\\\/#breadcrumb\"},\"inLanguage\":\"ca\",\"potentialAction\":[{\"@type\":\"ReadAction\",\"target\":[\"https:\\\/\\\/radiolitoral.com\\\/2023\\\/05\\\/hoy-se-ha-hecho-publica-la-lista-definitiva-de-las-candidaturas-que-concurriran-a-las-elecciones-municipales\\\/\"]}]},{\"@type\":\"ImageObject\",\"inLanguage\":\"ca\",\"@id\":\"https:\\\/\\\/radiolitoral.com\\\/2023\\\/05\\\/hoy-se-ha-hecho-publica-la-lista-definitiva-de-las-candidaturas-que-concurriran-a-las-elecciones-municipales\\\/#primaryimage\",\"url\":\"https:\\\/\\\/media.radiolitoral.com\\\/wp-content\\\/uploads\\\/2023\\\/04\\\/26194400\\\/bop.jpg\",\"contentUrl\":\"https:\\\/\\\/media.radiolitoral.com\\\/wp-content\\\/uploads\\\/2023\\\/04\\\/26194400\\\/bop.jpg\",\"width\":588,\"height\":378},{\"@type\":\"BreadcrumbList\",\"@id\":\"https:\\\/\\\/radiolitoral.com\\\/2023\\\/05\\\/hoy-se-ha-hecho-publica-la-lista-definitiva-de-las-candidaturas-que-concurriran-a-las-elecciones-municipales\\\/#breadcrumb\",\"itemListElement\":[{\"@type\":\"ListItem\",\"position\":1,\"name\":\"Portada\",\"item\":\"https:\\\/\\\/radiolitoral.com\\\/\"},{\"@type\":\"ListItem\",\"position\":2,\"name\":\"Hoy se ha hecho p\u00fablica la lista definitiva de las candidaturas que concurrir\u00e1n a las elecciones municipales\"}]},{\"@type\":\"WebSite\",\"@id\":\"https:\\\/\\\/radiolitoral.com\\\/#website\",\"url\":\"https:\\\/\\\/radiolitoral.com\\\/\",\"name\":\"Radio Litoral\",\"description\":\"La radio local de la Marina Alta\",\"publisher\":{\"@id\":\"https:\\\/\\\/radiolitoral.com\\\/#organization\"},\"alternateName\":\"Litoral FM\",\"potentialAction\":[{\"@type\":\"SearchAction\",\"target\":{\"@type\":\"EntryPoint\",\"urlTemplate\":\"https:\\\/\\\/radiolitoral.com\\\/?s={search_term_string}\"},\"query-input\":{\"@type\":\"PropertyValueSpecification\",\"valueRequired\":true,\"valueName\":\"search_term_string\"}}],\"inLanguage\":\"ca\"},{\"@type\":\"Organization\",\"@id\":\"https:\\\/\\\/radiolitoral.com\\\/#organization\",\"name\":\"Radio Litoral\",\"url\":\"https:\\\/\\\/radiolitoral.com\\\/\",\"logo\":{\"@type\":\"ImageObject\",\"inLanguage\":\"ca\",\"@id\":\"https:\\\/\\\/radiolitoral.com\\\/#\\\/schema\\\/logo\\\/image\\\/\",\"url\":\"https:\\\/\\\/media.radiolitoral.com\\\/wp-content\\\/uploads\\\/2023\\\/02\\\/24143238\\\/CL-V-RadioLitoral696.png\",\"contentUrl\":\"https:\\\/\\\/media.radiolitoral.com\\\/wp-content\\\/uploads\\\/2023\\\/02\\\/24143238\\\/CL-V-RadioLitoral696.png\",\"width\":696,\"height\":696,\"caption\":\"Radio Litoral\"},\"image\":{\"@id\":\"https:\\\/\\\/radiolitoral.com\\\/#\\\/schema\\\/logo\\\/image\\\/\"},\"sameAs\":[\"https:\\\/\\\/www.facebook.com\\\/Laradiolitoral\\\/\"]},{\"@type\":\"Person\",\"@id\":\"https:\\\/\\\/radiolitoral.com\\\/#\\\/schema\\\/person\\\/f2b2343c49b5d721857cc1002bfdb151\",\"name\":\"Redacci\u00f3n\",\"image\":{\"@type\":\"ImageObject\",\"inLanguage\":\"ca\",\"@id\":\"https:\\\/\\\/secure.gravatar.com\\\/avatar\\\/f771d896c203ad8b3382d7905cfcce5a5c9b008b84b3cd9114e9b9f4cb63f789?s=96&d=mm&r=g\",\"url\":\"https:\\\/\\\/secure.gravatar.com\\\/avatar\\\/f771d896c203ad8b3382d7905cfcce5a5c9b008b84b3cd9114e9b9f4cb63f789?s=96&d=mm&r=g\",\"contentUrl\":\"https:\\\/\\\/secure.gravatar.com\\\/avatar\\\/f771d896c203ad8b3382d7905cfcce5a5c9b008b84b3cd9114e9b9f4cb63f789?s=96&d=mm&r=g\",\"caption\":\"Redacci\u00f3n\"},\"url\":\"https:\\\/\\\/radiolitoral.com\\\/ca\\\/author\\\/miriam-pagan\\\/\"}]}<\/script>\n<!-- \/ Yoast SEO plugin. -->","yoast_head_json":{"title":"Avui s&#039;ha fet p\u00fablica la llista definitiva de les candidatures que concorreran a les eleccions municipals R\u00e0dio Litoral","description":"L&#039;anterior publicaci\u00f3 inclo\u00efa diversos errors L&#039;anterior publicaci\u00f3 inclo\u00efa diversos errors","robots":{"index":"index","follow":"follow","max-snippet":"max-snippet:-1","max-image-preview":"max-image-preview:large","max-video-preview":"max-video-preview:-1"},"canonical":"https:\/\/radiolitoral.com\/ca\/2023\/05\/avui-sha-fet-publica-la-llista-definitiva-de-les-candidatures-que-concorressin-a-les-eleccions-municipals\/","og_locale":"ca_ES","og_type":"article","og_title":"Hoy se ha hecho p\u00fablica la lista definitiva de las candidaturas que concurrir\u00e1n a las elecciones municipales | R\u00e0dio Litoral","og_description":"La anterior publicaci\u00f3n inclu\u00eda diversos errores La anterior publicaci\u00f3n inclu\u00eda diversos errores","og_url":"https:\/\/radiolitoral.com\/ca\/2023\/05\/avui-sha-fet-publica-la-llista-definitiva-de-les-candidatures-que-concorressin-a-les-eleccions-municipals\/","og_site_name":"R\u00e0dio Litoral","article_publisher":"https:\/\/www.facebook.com\/Laradiolitoral\/","article_published_time":"2023-05-02T14:12:05+00:00","article_modified_time":"2023-05-02T14:14:16+00:00","og_image":[{"width":588,"height":378,"url":"https:\/\/media.radiolitoral.com\/wp-content\/uploads\/2023\/04\/26194400\/bop.jpg","type":"image\/jpeg"}],"author":"Redacci\u00f3n","twitter_card":"summary_large_image","twitter_misc":{"Escrit per":"Redacci\u00f3n","Temps estimat de lectura":"2 minuts"},"schema":{"@context":"https:\/\/schema.org","@graph":[{"@type":"NewsArticle","@id":"https:\/\/radiolitoral.com\/2023\/05\/hoy-se-ha-hecho-publica-la-lista-definitiva-de-las-candidaturas-que-concurriran-a-las-elecciones-municipales\/#article","isPartOf":{"@id":"https:\/\/radiolitoral.com\/2023\/05\/hoy-se-ha-hecho-publica-la-lista-definitiva-de-las-candidaturas-que-concurriran-a-las-elecciones-municipales\/"},"author":{"name":"Redacci\u00f3n","@id":"https:\/\/radiolitoral.com\/#\/schema\/person\/f2b2343c49b5d721857cc1002bfdb151"},"headline":"Hoy se ha hecho p\u00fablica la lista definitiva de las candidaturas que concurrir\u00e1n a las elecciones municipales","datePublished":"2023-05-02T14:12:05+00:00","dateModified":"2023-05-02T14:14:16+00:00","mainEntityOfPage":{"@id":"https:\/\/radiolitoral.com\/2023\/05\/hoy-se-ha-hecho-publica-la-lista-definitiva-de-las-candidaturas-que-concurriran-a-las-elecciones-municipales\/"},"wordCount":388,"commentCount":0,"publisher":{"@id":"https:\/\/radiolitoral.com\/#organization"},"image":{"@id":"https:\/\/radiolitoral.com\/2023\/05\/hoy-se-ha-hecho-publica-la-lista-definitiva-de-las-candidaturas-que-concurriran-a-las-elecciones-municipales\/#primaryimage"},"thumbnailUrl":"https:\/\/media.radiolitoral.com\/wp-content\/uploads\/2023\/04\/26194400\/bop.jpg","keywords":["elecciones 2023"],"articleSection":["Pol\u00edtica"],"inLanguage":"ca","potentialAction":[{"@type":"CommentAction","name":"Comment","target":["https:\/\/radiolitoral.com\/2023\/05\/hoy-se-ha-hecho-publica-la-lista-definitiva-de-las-candidaturas-que-concurriran-a-las-elecciones-municipales\/#respond"]}]},{"@type":["WebPage","ItemPage"],"@id":"https:\/\/radiolitoral.com\/2023\/05\/hoy-se-ha-hecho-publica-la-lista-definitiva-de-las-candidaturas-que-concurriran-a-las-elecciones-municipales\/","url":"https:\/\/radiolitoral.com\/2023\/05\/hoy-se-ha-hecho-publica-la-lista-definitiva-de-las-candidaturas-que-concurriran-a-las-elecciones-municipales\/","name":"Avui s&#039;ha fet p\u00fablica la llista definitiva de les candidatures que concorreran a les eleccions municipals R\u00e0dio Litoral","isPartOf":{"@id":"https:\/\/radiolitoral.com\/#website"},"primaryImageOfPage":{"@id":"https:\/\/radiolitoral.com\/2023\/05\/hoy-se-ha-hecho-publica-la-lista-definitiva-de-las-candidaturas-que-concurriran-a-las-elecciones-municipales\/#primaryimage"},"image":{"@id":"https:\/\/radiolitoral.com\/2023\/05\/hoy-se-ha-hecho-publica-la-lista-definitiva-de-las-candidaturas-que-concurriran-a-las-elecciones-municipales\/#primaryimage"},"thumbnailUrl":"https:\/\/media.radiolitoral.com\/wp-content\/uploads\/2023\/04\/26194400\/bop.jpg","datePublished":"2023-05-02T14:12:05+00:00","dateModified":"2023-05-02T14:14:16+00:00","description":"L&#039;anterior publicaci\u00f3 inclo\u00efa diversos errors L&#039;anterior publicaci\u00f3 inclo\u00efa diversos errors","breadcrumb":{"@id":"https:\/\/radiolitoral.com\/2023\/05\/hoy-se-ha-hecho-publica-la-lista-definitiva-de-las-candidaturas-que-concurriran-a-las-elecciones-municipales\/#breadcrumb"},"inLanguage":"ca","potentialAction":[{"@type":"ReadAction","target":["https:\/\/radiolitoral.com\/2023\/05\/hoy-se-ha-hecho-publica-la-lista-definitiva-de-las-candidaturas-que-concurriran-a-las-elecciones-municipales\/"]}]},{"@type":"ImageObject","inLanguage":"ca","@id":"https:\/\/radiolitoral.com\/2023\/05\/hoy-se-ha-hecho-publica-la-lista-definitiva-de-las-candidaturas-que-concurriran-a-las-elecciones-municipales\/#primaryimage","url":"https:\/\/media.radiolitoral.com\/wp-content\/uploads\/2023\/04\/26194400\/bop.jpg","contentUrl":"https:\/\/media.radiolitoral.com\/wp-content\/uploads\/2023\/04\/26194400\/bop.jpg","width":588,"height":378},{"@type":"BreadcrumbList","@id":"https:\/\/radiolitoral.com\/2023\/05\/hoy-se-ha-hecho-publica-la-lista-definitiva-de-las-candidaturas-que-concurriran-a-las-elecciones-municipales\/#breadcrumb","itemListElement":[{"@type":"ListItem","position":1,"name":"Portada","item":"https:\/\/radiolitoral.com\/"},{"@type":"ListItem","position":2,"name":"Hoy se ha hecho p\u00fablica la lista definitiva de las candidaturas que concurrir\u00e1n a las elecciones municipales"}]},{"@type":"WebSite","@id":"https:\/\/radiolitoral.com\/#website","url":"https:\/\/radiolitoral.com\/","name":"R\u00e0dio Litoral","description":"La r\u00e0dio local de la Marina Alta","publisher":{"@id":"https:\/\/radiolitoral.com\/#organization"},"alternateName":"Litoral FM","potentialAction":[{"@type":"SearchAction","target":{"@type":"EntryPoint","urlTemplate":"https:\/\/radiolitoral.com\/?s={search_term_string}"},"query-input":{"@type":"PropertyValueSpecification","valueRequired":true,"valueName":"search_term_string"}}],"inLanguage":"ca"},{"@type":"Organization","@id":"https:\/\/radiolitoral.com\/#organization","name":"R\u00e0dio Litoral","url":"https:\/\/radiolitoral.com\/","logo":{"@type":"ImageObject","inLanguage":"ca","@id":"https:\/\/radiolitoral.com\/#\/schema\/logo\/image\/","url":"https:\/\/media.radiolitoral.com\/wp-content\/uploads\/2023\/02\/24143238\/CL-V-RadioLitoral696.png","contentUrl":"https:\/\/media.radiolitoral.com\/wp-content\/uploads\/2023\/02\/24143238\/CL-V-RadioLitoral696.png","width":696,"height":696,"caption":"Radio Litoral"},"image":{"@id":"https:\/\/radiolitoral.com\/#\/schema\/logo\/image\/"},"sameAs":["https:\/\/www.facebook.com\/Laradiolitoral\/"]},{"@type":"Person","@id":"https:\/\/radiolitoral.com\/#\/schema\/person\/f2b2343c49b5d721857cc1002bfdb151","name":"Redacci\u00f3","image":{"@type":"ImageObject","inLanguage":"ca","@id":"https:\/\/secure.gravatar.com\/avatar\/f771d896c203ad8b3382d7905cfcce5a5c9b008b84b3cd9114e9b9f4cb63f789?s=96&d=mm&r=g","url":"https:\/\/secure.gravatar.com\/avatar\/f771d896c203ad8b3382d7905cfcce5a5c9b008b84b3cd9114e9b9f4cb63f789?s=96&d=mm&r=g","contentUrl":"https:\/\/secure.gravatar.com\/avatar\/f771d896c203ad8b3382d7905cfcce5a5c9b008b84b3cd9114e9b9f4cb63f789?s=96&d=mm&r=g","caption":"Redacci\u00f3n"},"url":"https:\/\/radiolitoral.com\/ca\/author\/miriam-pagan\/"}]}},"_links":{"self":[{"href":"https:\/\/radiolitoral.com\/ca\/wp-json\/wp\/v2\/posts\/2672","targetHints":{"allow":["GET"]}}],"collection":[{"href":"https:\/\/radiolitoral.com\/ca\/wp-json\/wp\/v2\/posts"}],"about":[{"href":"https:\/\/radiolitoral.com\/ca\/wp-json\/wp\/v2\/types\/post"}],"author":[{"embeddable":true,"href":"https:\/\/radiolitoral.com\/ca\/wp-json\/wp\/v2\/users\/13"}],"replies":[{"embeddable":true,"href":"https:\/\/radiolitoral.com\/ca\/wp-json\/wp\/v2\/comments?post=2672"}],"version-history":[{"count":1,"href":"https:\/\/radiolitoral.com\/ca\/wp-json\/wp\/v2\/posts\/2672\/revisions"}],"predecessor-version":[{"id":2673,"href":"https:\/\/radiolitoral.com\/ca\/wp-json\/wp\/v2\/posts\/2672\/revisions\/2673"}],"wp:featuredmedia":[{"embeddable":true,"href":"https:\/\/radiolitoral.com\/ca\/wp-json\/wp\/v2\/media\/2548"}],"wp:attachment":[{"href":"https:\/\/radiolitoral.com\/ca\/wp-json\/wp\/v2\/media?parent=2672"}],"wp:term":[{"taxonomy":"category","embeddable":true,"href":"https:\/\/radiolitoral.com\/ca\/wp-json\/wp\/v2\/categories?post=2672"},{"taxonomy":"post_tag","embeddable":true,"href":"https:\/\/radiolitoral.com\/ca\/wp-json\/wp\/v2\/tags?post=2672"}],"curies":[{"name":"wp","href":"https:\/\/api.w.org\/{rel}","templated":true}]}}