{"id":2661,"date":"2023-05-02T14:20:26","date_gmt":"2023-05-02T12:20:26","guid":{"rendered":"https:\/\/radiolitoral.com\/?p=2661"},"modified":"2023-05-02T14:21:23","modified_gmt":"2023-05-02T12:21:23","slug":"rescat-a-lalt-de-la-serra-de-bernia-i-al-cim-del-peno-difach","status":"publish","type":"post","link":"https:\/\/radiolitoral.com\/ca\/2023\/05\/rescate-en-el-alto-de-la-sierra-de-bernia-y-en-la-cima-del-penon-de-ifach\/","title":{"rendered":"Rescat a l&#039;Alt de la Serra de B\u00e8rnia i al cim del Pen\u00f3 d&#039;Ifac"},"content":{"rendered":"<p>Els bombers van rescatar ahir, dilluns, 1 de maig, al <strong>Alt de la Serra de B\u00e8rnia<\/strong>, al terme municipal de Xal\u00f3, a un <strong>jove que va patir una caiguda i va quedar en una lleixa en pendent amb dolor a l&#039;espatlla i sagnat de cara i cap<\/strong>. Va ser necess\u00e0ria la intervenci\u00f3 de l&#039;equip especialitzat de muntanya i l&#039;helic\u00f2pter Alpha per recuperar el ferit, que despr\u00e9s va ser derivat en un SAMU a un hospital.<\/p>\n<p>I tamb\u00e9 ahir, a primera hora de la tarda, efectius del Consorci Provincial de Bombers, van rescatar un altre excursionista al <strong>Penyal d&#039;Ifac<\/strong>, a Calp. <strong>Un home de 52 anys que va patir una fractura de turmell<\/strong>. La v\u00edctima va haver de ser rescatada amb grua per elevar-la a l&#039;helic\u00f2pter i traslladada posteriorment al parc de Bombers de Sant Vicent, on l&#039;esperava una ambul\u00e0ncia SVB per traslladar-la a l&#039;hospital.<\/p>\n<p><strong>\u00a0<\/strong><\/p>","protected":false},"excerpt":{"rendered":"<p>Los bomberos rescataron ayer, lunes, 1 de mayo, en el Alto de la Serra de Bernia, en el t\u00e9rmino municipal de Xal\u00f3, a un joven que sufri\u00f3 una ca\u00edda y qued\u00f3 en una repisa en pendiente con dolor en hombro y sangrado de cara y cabeza. Fue necesaria la intervenci\u00f3n del equipo especializado de monta\u00f1a [&#8230;]<\/p>\n<p><a class=\"btn btn-secondary understrap-read-more-link\" href=\"https:\/\/radiolitoral.com\/ca\/2023\/05\/rescate-en-el-alto-de-la-sierra-de-bernia-y-en-la-cima-del-penon-de-ifach\/\">Continua llegint&#8230;<span class=\"screen-reader-text\"> from Rescate en el Alto de la Sierra de Bernia y en la cima del Pen\u00f3n de Ifach<\/span><\/a><\/p>\n","protected":false},"author":13,"featured_media":2662,"comment_status":"open","ping_status":"closed","sticky":false,"template":"","format":"standard","meta":{"_acf_changed":false,"inline_featured_image":false,"footnotes":""},"categories":[8],"tags":[122,635,636,634,637,133],"class_list":["post-2661","post","type-post","status-publish","format-standard","has-post-thumbnail","hentry","category-sucesos","tag-calp","tag-rescate-montana","tag-rescate-penon-de-ifach","tag-rescate-senderista","tag-rescate-sierra-bernia","tag-xalo","cobertura-calp","cobertura-xalo"],"acf":[],"yoast_head":"<!-- This site is optimized with the Yoast SEO plugin v27.5 - https:\/\/yoast.com\/product\/yoast-seo-wordpress\/ -->\n<title>Rescate en el Alto de la Sierra de Bernia y en la cima del Pen\u00f3n de Ifach | R\u00e0dio Litoral<\/title>\n<meta name=\"description\" content=\"En ambos se necesito acceder con helic\u00f3ptero\" \/>\n<meta name=\"robots\" content=\"index, follow, max-snippet:-1, max-image-preview:large, max-video-preview:-1\" \/>\n<link rel=\"canonical\" href=\"https:\/\/radiolitoral.com\/ca\/2023\/05\/rescat-a-lalt-de-la-serra-de-bernia-i-al-cim-del-peno-difach\/\" \/>\n<meta property=\"og:locale\" content=\"ca_ES\" \/>\n<meta property=\"og:type\" content=\"article\" \/>\n<meta property=\"og:title\" content=\"Rescate en el Alto de la Sierra de Bernia y en la cima del Pen\u00f3n de Ifach | R\u00e0dio Litoral\" \/>\n<meta property=\"og:description\" content=\"En ambos se necesito acceder con helic\u00f3ptero\" \/>\n<meta property=\"og:url\" content=\"https:\/\/radiolitoral.com\/ca\/2023\/05\/rescat-a-lalt-de-la-serra-de-bernia-i-al-cim-del-peno-difach\/\" \/>\n<meta property=\"og:site_name\" content=\"R\u00e0dio Litoral\" \/>\n<meta property=\"article:publisher\" content=\"https:\/\/www.facebook.com\/Laradiolitoral\/\" \/>\n<meta property=\"article:published_time\" content=\"2023-05-02T12:20:26+00:00\" \/>\n<meta property=\"article:modified_time\" content=\"2023-05-02T12:21:23+00:00\" \/>\n<meta property=\"og:image\" content=\"https:\/\/media.radiolitoral.com\/wp-content\/uploads\/2023\/05\/02141956\/WhatsApp-Image-2023-05-02-at-09.45.26-1.jpeg\" \/>\n\t<meta property=\"og:image:width\" content=\"1024\" \/>\n\t<meta property=\"og:image:height\" content=\"763\" \/>\n\t<meta property=\"og:image:type\" content=\"image\/jpeg\" \/>\n<meta name=\"author\" content=\"Redacci\u00f3n\" \/>\n<meta name=\"twitter:card\" content=\"summary_large_image\" \/>\n<meta name=\"twitter:label1\" content=\"Escrit per\" \/>\n\t<meta name=\"twitter:data1\" content=\"Redacci\u00f3n\" \/>\n\t<meta name=\"twitter:label2\" content=\"Temps estimat de lectura\" \/>\n\t<meta name=\"twitter:data2\" content=\"1 minut\" \/>\n<script type=\"application\/ld+json\" class=\"yoast-schema-graph\">{\"@context\":\"https:\\\/\\\/schema.org\",\"@graph\":[{\"@type\":\"NewsArticle\",\"@id\":\"https:\\\/\\\/radiolitoral.com\\\/2023\\\/05\\\/rescate-en-el-alto-de-la-sierra-de-bernia-y-en-la-cima-del-penon-de-ifach\\\/#article\",\"isPartOf\":{\"@id\":\"https:\\\/\\\/radiolitoral.com\\\/2023\\\/05\\\/rescate-en-el-alto-de-la-sierra-de-bernia-y-en-la-cima-del-penon-de-ifach\\\/\"},\"author\":{\"name\":\"Redacci\u00f3n\",\"@id\":\"https:\\\/\\\/radiolitoral.com\\\/#\\\/schema\\\/person\\\/f2b2343c49b5d721857cc1002bfdb151\"},\"headline\":\"Rescate en el Alto de la Sierra de Bernia y en la cima del Pen\u00f3n de Ifach\",\"datePublished\":\"2023-05-02T12:20:26+00:00\",\"dateModified\":\"2023-05-02T12:21:23+00:00\",\"mainEntityOfPage\":{\"@id\":\"https:\\\/\\\/radiolitoral.com\\\/2023\\\/05\\\/rescate-en-el-alto-de-la-sierra-de-bernia-y-en-la-cima-del-penon-de-ifach\\\/\"},\"wordCount\":171,\"commentCount\":0,\"publisher\":{\"@id\":\"https:\\\/\\\/radiolitoral.com\\\/#organization\"},\"image\":{\"@id\":\"https:\\\/\\\/radiolitoral.com\\\/2023\\\/05\\\/rescate-en-el-alto-de-la-sierra-de-bernia-y-en-la-cima-del-penon-de-ifach\\\/#primaryimage\"},\"thumbnailUrl\":\"https:\\\/\\\/media.radiolitoral.com\\\/wp-content\\\/uploads\\\/2023\\\/05\\\/02141956\\\/WhatsApp-Image-2023-05-02-at-09.45.26-1.jpeg\",\"keywords\":[\"Calp\",\"rescate monta\u00f1a\",\"rescate Pe\u00f1\u00f3n de Ifach\",\"rescate senderista\",\"rescate Sierra Bernia\",\"Xal\u00f3\"],\"articleSection\":[\"Sucesos\"],\"inLanguage\":\"ca\",\"potentialAction\":[{\"@type\":\"CommentAction\",\"name\":\"Comment\",\"target\":[\"https:\\\/\\\/radiolitoral.com\\\/2023\\\/05\\\/rescate-en-el-alto-de-la-sierra-de-bernia-y-en-la-cima-del-penon-de-ifach\\\/#respond\"]}]},{\"@type\":[\"WebPage\",\"ItemPage\"],\"@id\":\"https:\\\/\\\/radiolitoral.com\\\/2023\\\/05\\\/rescate-en-el-alto-de-la-sierra-de-bernia-y-en-la-cima-del-penon-de-ifach\\\/\",\"url\":\"https:\\\/\\\/radiolitoral.com\\\/2023\\\/05\\\/rescate-en-el-alto-de-la-sierra-de-bernia-y-en-la-cima-del-penon-de-ifach\\\/\",\"name\":\"Rescate en el Alto de la Sierra de Bernia y en la cima del Pen\u00f3n de Ifach | R\u00e0dio Litoral\",\"isPartOf\":{\"@id\":\"https:\\\/\\\/radiolitoral.com\\\/#website\"},\"primaryImageOfPage\":{\"@id\":\"https:\\\/\\\/radiolitoral.com\\\/2023\\\/05\\\/rescate-en-el-alto-de-la-sierra-de-bernia-y-en-la-cima-del-penon-de-ifach\\\/#primaryimage\"},\"image\":{\"@id\":\"https:\\\/\\\/radiolitoral.com\\\/2023\\\/05\\\/rescate-en-el-alto-de-la-sierra-de-bernia-y-en-la-cima-del-penon-de-ifach\\\/#primaryimage\"},\"thumbnailUrl\":\"https:\\\/\\\/media.radiolitoral.com\\\/wp-content\\\/uploads\\\/2023\\\/05\\\/02141956\\\/WhatsApp-Image-2023-05-02-at-09.45.26-1.jpeg\",\"datePublished\":\"2023-05-02T12:20:26+00:00\",\"dateModified\":\"2023-05-02T12:21:23+00:00\",\"description\":\"En ambos se necesito acceder con helic\u00f3ptero\",\"breadcrumb\":{\"@id\":\"https:\\\/\\\/radiolitoral.com\\\/2023\\\/05\\\/rescate-en-el-alto-de-la-sierra-de-bernia-y-en-la-cima-del-penon-de-ifach\\\/#breadcrumb\"},\"inLanguage\":\"ca\",\"potentialAction\":[{\"@type\":\"ReadAction\",\"target\":[\"https:\\\/\\\/radiolitoral.com\\\/2023\\\/05\\\/rescate-en-el-alto-de-la-sierra-de-bernia-y-en-la-cima-del-penon-de-ifach\\\/\"]}]},{\"@type\":\"ImageObject\",\"inLanguage\":\"ca\",\"@id\":\"https:\\\/\\\/radiolitoral.com\\\/2023\\\/05\\\/rescate-en-el-alto-de-la-sierra-de-bernia-y-en-la-cima-del-penon-de-ifach\\\/#primaryimage\",\"url\":\"https:\\\/\\\/media.radiolitoral.com\\\/wp-content\\\/uploads\\\/2023\\\/05\\\/02141956\\\/WhatsApp-Image-2023-05-02-at-09.45.26-1.jpeg\",\"contentUrl\":\"https:\\\/\\\/media.radiolitoral.com\\\/wp-content\\\/uploads\\\/2023\\\/05\\\/02141956\\\/WhatsApp-Image-2023-05-02-at-09.45.26-1.jpeg\",\"width\":1024,\"height\":763},{\"@type\":\"BreadcrumbList\",\"@id\":\"https:\\\/\\\/radiolitoral.com\\\/2023\\\/05\\\/rescate-en-el-alto-de-la-sierra-de-bernia-y-en-la-cima-del-penon-de-ifach\\\/#breadcrumb\",\"itemListElement\":[{\"@type\":\"ListItem\",\"position\":1,\"name\":\"Portada\",\"item\":\"https:\\\/\\\/radiolitoral.com\\\/\"},{\"@type\":\"ListItem\",\"position\":2,\"name\":\"Rescate en el Alto de la Sierra de Bernia y en la cima del Pen\u00f3n de Ifach\"}]},{\"@type\":\"WebSite\",\"@id\":\"https:\\\/\\\/radiolitoral.com\\\/#website\",\"url\":\"https:\\\/\\\/radiolitoral.com\\\/\",\"name\":\"Radio Litoral\",\"description\":\"La radio local de la Marina Alta\",\"publisher\":{\"@id\":\"https:\\\/\\\/radiolitoral.com\\\/#organization\"},\"alternateName\":\"Litoral FM\",\"potentialAction\":[{\"@type\":\"SearchAction\",\"target\":{\"@type\":\"EntryPoint\",\"urlTemplate\":\"https:\\\/\\\/radiolitoral.com\\\/?s={search_term_string}\"},\"query-input\":{\"@type\":\"PropertyValueSpecification\",\"valueRequired\":true,\"valueName\":\"search_term_string\"}}],\"inLanguage\":\"ca\"},{\"@type\":\"Organization\",\"@id\":\"https:\\\/\\\/radiolitoral.com\\\/#organization\",\"name\":\"Radio Litoral\",\"url\":\"https:\\\/\\\/radiolitoral.com\\\/\",\"logo\":{\"@type\":\"ImageObject\",\"inLanguage\":\"ca\",\"@id\":\"https:\\\/\\\/radiolitoral.com\\\/#\\\/schema\\\/logo\\\/image\\\/\",\"url\":\"https:\\\/\\\/media.radiolitoral.com\\\/wp-content\\\/uploads\\\/2023\\\/02\\\/24143238\\\/CL-V-RadioLitoral696.png\",\"contentUrl\":\"https:\\\/\\\/media.radiolitoral.com\\\/wp-content\\\/uploads\\\/2023\\\/02\\\/24143238\\\/CL-V-RadioLitoral696.png\",\"width\":696,\"height\":696,\"caption\":\"Radio Litoral\"},\"image\":{\"@id\":\"https:\\\/\\\/radiolitoral.com\\\/#\\\/schema\\\/logo\\\/image\\\/\"},\"sameAs\":[\"https:\\\/\\\/www.facebook.com\\\/Laradiolitoral\\\/\"]},{\"@type\":\"Person\",\"@id\":\"https:\\\/\\\/radiolitoral.com\\\/#\\\/schema\\\/person\\\/f2b2343c49b5d721857cc1002bfdb151\",\"name\":\"Redacci\u00f3n\",\"image\":{\"@type\":\"ImageObject\",\"inLanguage\":\"ca\",\"@id\":\"https:\\\/\\\/secure.gravatar.com\\\/avatar\\\/f771d896c203ad8b3382d7905cfcce5a5c9b008b84b3cd9114e9b9f4cb63f789?s=96&d=mm&r=g\",\"url\":\"https:\\\/\\\/secure.gravatar.com\\\/avatar\\\/f771d896c203ad8b3382d7905cfcce5a5c9b008b84b3cd9114e9b9f4cb63f789?s=96&d=mm&r=g\",\"contentUrl\":\"https:\\\/\\\/secure.gravatar.com\\\/avatar\\\/f771d896c203ad8b3382d7905cfcce5a5c9b008b84b3cd9114e9b9f4cb63f789?s=96&d=mm&r=g\",\"caption\":\"Redacci\u00f3n\"},\"url\":\"https:\\\/\\\/radiolitoral.com\\\/ca\\\/author\\\/miriam-pagan\\\/\"}]}<\/script>\n<!-- \/ Yoast SEO plugin. -->","yoast_head_json":{"title":"Rescat a l&#039;Alt de la Serra de B\u00e8rnia i al cim del Pen\u00f3 d&#039;Ifac | R\u00e0dio Litoral","description":"En tots dos cal accedir amb helic\u00f2pter","robots":{"index":"index","follow":"follow","max-snippet":"max-snippet:-1","max-image-preview":"max-image-preview:large","max-video-preview":"max-video-preview:-1"},"canonical":"https:\/\/radiolitoral.com\/ca\/2023\/05\/rescat-a-lalt-de-la-serra-de-bernia-i-al-cim-del-peno-difach\/","og_locale":"ca_ES","og_type":"article","og_title":"Rescate en el Alto de la Sierra de Bernia y en la cima del Pen\u00f3n de Ifach | R\u00e0dio Litoral","og_description":"En ambos se necesito acceder con helic\u00f3ptero","og_url":"https:\/\/radiolitoral.com\/ca\/2023\/05\/rescat-a-lalt-de-la-serra-de-bernia-i-al-cim-del-peno-difach\/","og_site_name":"R\u00e0dio Litoral","article_publisher":"https:\/\/www.facebook.com\/Laradiolitoral\/","article_published_time":"2023-05-02T12:20:26+00:00","article_modified_time":"2023-05-02T12:21:23+00:00","og_image":[{"width":1024,"height":763,"url":"https:\/\/media.radiolitoral.com\/wp-content\/uploads\/2023\/05\/02141956\/WhatsApp-Image-2023-05-02-at-09.45.26-1.jpeg","type":"image\/jpeg"}],"author":"Redacci\u00f3n","twitter_card":"summary_large_image","twitter_misc":{"Escrit per":"Redacci\u00f3n","Temps estimat de lectura":"1 minut"},"schema":{"@context":"https:\/\/schema.org","@graph":[{"@type":"NewsArticle","@id":"https:\/\/radiolitoral.com\/2023\/05\/rescate-en-el-alto-de-la-sierra-de-bernia-y-en-la-cima-del-penon-de-ifach\/#article","isPartOf":{"@id":"https:\/\/radiolitoral.com\/2023\/05\/rescate-en-el-alto-de-la-sierra-de-bernia-y-en-la-cima-del-penon-de-ifach\/"},"author":{"name":"Redacci\u00f3n","@id":"https:\/\/radiolitoral.com\/#\/schema\/person\/f2b2343c49b5d721857cc1002bfdb151"},"headline":"Rescate en el Alto de la Sierra de Bernia y en la cima del Pen\u00f3n de Ifach","datePublished":"2023-05-02T12:20:26+00:00","dateModified":"2023-05-02T12:21:23+00:00","mainEntityOfPage":{"@id":"https:\/\/radiolitoral.com\/2023\/05\/rescate-en-el-alto-de-la-sierra-de-bernia-y-en-la-cima-del-penon-de-ifach\/"},"wordCount":171,"commentCount":0,"publisher":{"@id":"https:\/\/radiolitoral.com\/#organization"},"image":{"@id":"https:\/\/radiolitoral.com\/2023\/05\/rescate-en-el-alto-de-la-sierra-de-bernia-y-en-la-cima-del-penon-de-ifach\/#primaryimage"},"thumbnailUrl":"https:\/\/media.radiolitoral.com\/wp-content\/uploads\/2023\/05\/02141956\/WhatsApp-Image-2023-05-02-at-09.45.26-1.jpeg","keywords":["Calp","rescate monta\u00f1a","rescate Pe\u00f1\u00f3n de Ifach","rescate senderista","rescate Sierra Bernia","Xal\u00f3"],"articleSection":["Sucesos"],"inLanguage":"ca","potentialAction":[{"@type":"CommentAction","name":"Comment","target":["https:\/\/radiolitoral.com\/2023\/05\/rescate-en-el-alto-de-la-sierra-de-bernia-y-en-la-cima-del-penon-de-ifach\/#respond"]}]},{"@type":["WebPage","ItemPage"],"@id":"https:\/\/radiolitoral.com\/2023\/05\/rescate-en-el-alto-de-la-sierra-de-bernia-y-en-la-cima-del-penon-de-ifach\/","url":"https:\/\/radiolitoral.com\/2023\/05\/rescate-en-el-alto-de-la-sierra-de-bernia-y-en-la-cima-del-penon-de-ifach\/","name":"Rescat a l&#039;Alt de la Serra de B\u00e8rnia i al cim del Pen\u00f3 d&#039;Ifac | R\u00e0dio Litoral","isPartOf":{"@id":"https:\/\/radiolitoral.com\/#website"},"primaryImageOfPage":{"@id":"https:\/\/radiolitoral.com\/2023\/05\/rescate-en-el-alto-de-la-sierra-de-bernia-y-en-la-cima-del-penon-de-ifach\/#primaryimage"},"image":{"@id":"https:\/\/radiolitoral.com\/2023\/05\/rescate-en-el-alto-de-la-sierra-de-bernia-y-en-la-cima-del-penon-de-ifach\/#primaryimage"},"thumbnailUrl":"https:\/\/media.radiolitoral.com\/wp-content\/uploads\/2023\/05\/02141956\/WhatsApp-Image-2023-05-02-at-09.45.26-1.jpeg","datePublished":"2023-05-02T12:20:26+00:00","dateModified":"2023-05-02T12:21:23+00:00","description":"En tots dos cal accedir amb helic\u00f2pter","breadcrumb":{"@id":"https:\/\/radiolitoral.com\/2023\/05\/rescate-en-el-alto-de-la-sierra-de-bernia-y-en-la-cima-del-penon-de-ifach\/#breadcrumb"},"inLanguage":"ca","potentialAction":[{"@type":"ReadAction","target":["https:\/\/radiolitoral.com\/2023\/05\/rescate-en-el-alto-de-la-sierra-de-bernia-y-en-la-cima-del-penon-de-ifach\/"]}]},{"@type":"ImageObject","inLanguage":"ca","@id":"https:\/\/radiolitoral.com\/2023\/05\/rescate-en-el-alto-de-la-sierra-de-bernia-y-en-la-cima-del-penon-de-ifach\/#primaryimage","url":"https:\/\/media.radiolitoral.com\/wp-content\/uploads\/2023\/05\/02141956\/WhatsApp-Image-2023-05-02-at-09.45.26-1.jpeg","contentUrl":"https:\/\/media.radiolitoral.com\/wp-content\/uploads\/2023\/05\/02141956\/WhatsApp-Image-2023-05-02-at-09.45.26-1.jpeg","width":1024,"height":763},{"@type":"BreadcrumbList","@id":"https:\/\/radiolitoral.com\/2023\/05\/rescate-en-el-alto-de-la-sierra-de-bernia-y-en-la-cima-del-penon-de-ifach\/#breadcrumb","itemListElement":[{"@type":"ListItem","position":1,"name":"Portada","item":"https:\/\/radiolitoral.com\/"},{"@type":"ListItem","position":2,"name":"Rescate en el Alto de la Sierra de Bernia y en la cima del Pen\u00f3n de Ifach"}]},{"@type":"WebSite","@id":"https:\/\/radiolitoral.com\/#website","url":"https:\/\/radiolitoral.com\/","name":"R\u00e0dio Litoral","description":"La r\u00e0dio local de la Marina Alta","publisher":{"@id":"https:\/\/radiolitoral.com\/#organization"},"alternateName":"Litoral FM","potentialAction":[{"@type":"SearchAction","target":{"@type":"EntryPoint","urlTemplate":"https:\/\/radiolitoral.com\/?s={search_term_string}"},"query-input":{"@type":"PropertyValueSpecification","valueRequired":true,"valueName":"search_term_string"}}],"inLanguage":"ca"},{"@type":"Organization","@id":"https:\/\/radiolitoral.com\/#organization","name":"R\u00e0dio Litoral","url":"https:\/\/radiolitoral.com\/","logo":{"@type":"ImageObject","inLanguage":"ca","@id":"https:\/\/radiolitoral.com\/#\/schema\/logo\/image\/","url":"https:\/\/media.radiolitoral.com\/wp-content\/uploads\/2023\/02\/24143238\/CL-V-RadioLitoral696.png","contentUrl":"https:\/\/media.radiolitoral.com\/wp-content\/uploads\/2023\/02\/24143238\/CL-V-RadioLitoral696.png","width":696,"height":696,"caption":"Radio Litoral"},"image":{"@id":"https:\/\/radiolitoral.com\/#\/schema\/logo\/image\/"},"sameAs":["https:\/\/www.facebook.com\/Laradiolitoral\/"]},{"@type":"Person","@id":"https:\/\/radiolitoral.com\/#\/schema\/person\/f2b2343c49b5d721857cc1002bfdb151","name":"Redacci\u00f3","image":{"@type":"ImageObject","inLanguage":"ca","@id":"https:\/\/secure.gravatar.com\/avatar\/f771d896c203ad8b3382d7905cfcce5a5c9b008b84b3cd9114e9b9f4cb63f789?s=96&d=mm&r=g","url":"https:\/\/secure.gravatar.com\/avatar\/f771d896c203ad8b3382d7905cfcce5a5c9b008b84b3cd9114e9b9f4cb63f789?s=96&d=mm&r=g","contentUrl":"https:\/\/secure.gravatar.com\/avatar\/f771d896c203ad8b3382d7905cfcce5a5c9b008b84b3cd9114e9b9f4cb63f789?s=96&d=mm&r=g","caption":"Redacci\u00f3n"},"url":"https:\/\/radiolitoral.com\/ca\/author\/miriam-pagan\/"}]}},"_links":{"self":[{"href":"https:\/\/radiolitoral.com\/ca\/wp-json\/wp\/v2\/posts\/2661","targetHints":{"allow":["GET"]}}],"collection":[{"href":"https:\/\/radiolitoral.com\/ca\/wp-json\/wp\/v2\/posts"}],"about":[{"href":"https:\/\/radiolitoral.com\/ca\/wp-json\/wp\/v2\/types\/post"}],"author":[{"embeddable":true,"href":"https:\/\/radiolitoral.com\/ca\/wp-json\/wp\/v2\/users\/13"}],"replies":[{"embeddable":true,"href":"https:\/\/radiolitoral.com\/ca\/wp-json\/wp\/v2\/comments?post=2661"}],"version-history":[{"count":1,"href":"https:\/\/radiolitoral.com\/ca\/wp-json\/wp\/v2\/posts\/2661\/revisions"}],"predecessor-version":[{"id":2665,"href":"https:\/\/radiolitoral.com\/ca\/wp-json\/wp\/v2\/posts\/2661\/revisions\/2665"}],"wp:featuredmedia":[{"embeddable":true,"href":"https:\/\/radiolitoral.com\/ca\/wp-json\/wp\/v2\/media\/2662"}],"wp:attachment":[{"href":"https:\/\/radiolitoral.com\/ca\/wp-json\/wp\/v2\/media?parent=2661"}],"wp:term":[{"taxonomy":"category","embeddable":true,"href":"https:\/\/radiolitoral.com\/ca\/wp-json\/wp\/v2\/categories?post=2661"},{"taxonomy":"post_tag","embeddable":true,"href":"https:\/\/radiolitoral.com\/ca\/wp-json\/wp\/v2\/tags?post=2661"}],"curies":[{"name":"wp","href":"https:\/\/api.w.org\/{rel}","templated":true}]}}