{"id":2638,"date":"2023-04-28T22:44:26","date_gmt":"2023-04-28T20:44:26","guid":{"rendered":"https:\/\/radiolitoral.com\/?p=2638"},"modified":"2023-04-28T22:46:26","modified_gmt":"2023-04-28T20:46:26","slug":"els-nostres-cineastes-arriben-al-festival-de-kosovo-amb-deu-et-salvi-maria","status":"publish","type":"post","link":"https:\/\/radiolitoral.com\/ca\/2023\/04\/nuestros-cineastas-llegan-al-festival-de-kosovo-con-dios-te-salve-maria\/","title":{"rendered":"Els nostres cineastes arriben al Festival de Kosovo amb \u00abD\u00e9u et salvi, Maria\u00bb"},"content":{"rendered":"<p><strong>El curt \u201cD\u00e9u et salve, Maria\u201d, ideat, interpretat i dirigit per professionals de la comarca, ha estat seleccionat al FERFILM Internacional Film Festival de Kosovo. Un Festival que se celebra del 2 al 6 de maig.<\/strong><\/p>\n<p>La hist\u00f2ria amb una for\u00e7a devastadora escrita pel guionista benisser, <strong>Ra\u00fal Mart\u00ednez,<\/strong> protagonitzada per l&#039;actriu teuladina, <strong>Rosa Catal\u00e0<\/strong>, i dirigida per <strong>Jos\u00e9 Miguel Id\u00edgores<\/strong>, es projectar\u00e0 el 3 de maig al Teatre Adriana a partir de les 16:00h.<\/p>\n<p><img loading=\"lazy\" decoding=\"async\" class=\"alignnone size-full wp-image-2639\" src=\"https:\/\/media.radiolitoral.com\/wp-content\/uploads\/2023\/04\/28224238\/equipo2-300x225-1.jpg\" alt=\"\" width=\"300\" height=\"225\" srcset=\"https:\/\/media.radiolitoral.com\/wp-content\/uploads\/2023\/04\/28224238\/equipo2-300x225-1.jpg 300w, https:\/\/media.radiolitoral.com\/wp-content\/uploads\/2023\/04\/28224238\/equipo2-300x225-1-100x75.jpg 100w, https:\/\/media.radiolitoral.com\/wp-content\/uploads\/2023\/04\/28224238\/equipo2-300x225-1-200x150.jpg 200w\" sizes=\"auto, (max-width: 300px) 100vw, 300px\" \/><\/p>\n<p><strong>Un projecte, cent per cent de la Marina Alta i Baixa<\/strong>, gr\u00e0cies a l&#039;equip hum\u00e0 que el conforma, que viatjar\u00e0 a milers de quil\u00f2metres per narrar la hist\u00f2ria de Maria i deixar impressionats els espectadors d&#039;aquest festival internacional important.<\/p>\n<p>El Festival Internacional de Cinema \u2013 FERFILM es va establir el 2013. FERFILM va ser format per un grup d&#039;artistes de Ferizaj i m\u00e9s enll\u00e0. Aquest moment es va plantejar com una iniciativa per promoure cultures i valors universals del m\u00f3n a trav\u00e9s del cinema com a m\u00e8tode multidimensional i atractiu. Pensant en el potencial tur\u00edstic que t\u00e9 Ferizaj, a m\u00e9s d&#039;esdeveniments cinematogr\u00e0fics, el festival organitza visites i altres esdeveniments per mostrar la diversitat cultural a Kosovo.<\/p>\n<p>La not\u00edcia ha estat rebuda amb gran satisfacci\u00f3 per a tot l&#039;equip que conforma \u201cD\u00e9u et salve, Maria\u201d, ja que segons apunten, \u00e9s una manera de mostrar al m\u00f3n sencer la hist\u00f2ria de la protagonista, Maria (Rosa Catal\u00e0), que ens trasllada a la d\u00e8cada dels 70, on <strong>el seu protagonista viu la seva joventut en plena maduresa marcada per una estricta inf\u00e0ncia ambientada al si religi\u00f3s<\/strong>.<\/p>\n<p><img loading=\"lazy\" decoding=\"async\" class=\"alignnone size-full wp-image-2642\" src=\"https:\/\/media.radiolitoral.com\/wp-content\/uploads\/2023\/04\/28224303\/cartelpalmares-212x300-1-1.jpg\" alt=\"\" width=\"212\" height=\"300\" srcset=\"https:\/\/media.radiolitoral.com\/wp-content\/uploads\/2023\/04\/28224303\/cartelpalmares-212x300-1-1.jpg 212w, https:\/\/media.radiolitoral.com\/wp-content\/uploads\/2023\/04\/28224303\/cartelpalmares-212x300-1-1-71x100.jpg 71w, https:\/\/media.radiolitoral.com\/wp-content\/uploads\/2023\/04\/28224303\/cartelpalmares-212x300-1-1-141x200.jpg 141w\" sizes=\"auto, (max-width: 212px) 100vw, 212px\" \/><\/p>\n<p>A m\u00e9s, de projectar tur\u00edsticament el nom de Benissa m\u00e9s enll\u00e0 del nostre territori mitjan\u00e7ant aquest important festival FERFILM.<\/p>\n<p>L&#039;acci\u00f3, <strong>ambientada a la Casa Museu dels Abargues de Benissa<\/strong>, \u00e9s un escenari perfecte per retrocedir en el temps a la d\u00e8cada dels 70, i deixar-se portar per aquesta nost\u00e0lgia. Un d\u00e9j\u00e0 vu que fa que els dies, encara que semblin iguals, siguin molt diferents, i s&#039;aconsegueix gr\u00e0cies a la interpretaci\u00f3 magistral de l&#039;actriu Rosa Catal\u00e1n (Mar\u00eda), que aconsegueix ficar-nos a la seva pell i fins i tot emocionar-nos.<\/p>\n<p>Ara comen\u00e7a aquest viatge cinematogr\u00e0fic en qu\u00e8 esperem aturar-nos a m\u00e9s ciutats seleccionades i seguir mostrant al m\u00f3n sencer \u201cD\u00e9u et salve, Maria\u201d.<\/p>","protected":false},"excerpt":{"rendered":"<p>El corto \u201cDios te salve, Mar\u00eda\u201d, ideado, interpretado y dirigido por profesionales de la comarca, ha sido seleccionado en el FERFILM Internacional Film Festival de Kosovo. Un Festival que se celebra del 2 al 6 de mayo. La historia con una fuerza devastadora escrita por el guionista benissero, Ra\u00fal Mart\u00ednez, protagonizada por la actriz teuladina, [&#8230;]<\/p>\n<p><a class=\"btn btn-secondary understrap-read-more-link\" href=\"https:\/\/radiolitoral.com\/ca\/2023\/04\/nuestros-cineastas-llegan-al-festival-de-kosovo-con-dios-te-salve-maria\/\">Continua llegint&#8230;<span class=\"screen-reader-text\"> from Nuestros cineastas llegan al Festival de kosovo con \u00abDios te salve, Mar\u00eda\u00bb<\/span><\/a><\/p>\n","protected":false},"author":21,"featured_media":2641,"comment_status":"open","ping_status":"closed","sticky":false,"template":"","format":"standard","meta":{"_acf_changed":false,"inline_featured_image":false,"footnotes":""},"categories":[628],"tags":[630,222,629],"class_list":["post-2638","post","type-post","status-publish","format-standard","has-post-thumbnail","hentry","category-cine","tag-jose-miguel-idigoras","tag-raul-martinez","tag-rosa-catalan"],"acf":[],"yoast_head":"<!-- This site is optimized with the Yoast SEO plugin v27.5 - https:\/\/yoast.com\/product\/yoast-seo-wordpress\/ -->\n<title>Nuestros cineastas llegan al Festival de kosovo con &quot;Dios te salve, Mar\u00eda&quot; | R\u00e0dio Litoral<\/title>\n<meta name=\"description\" content=\"El guionista Ra\u00fal Mart\u00ednez, la actriz Rosa Catal\u00e1n y el director Jos\u00e9 Miguel Id\u00edgoras han recibido la noticia con gran satisfacci\u00f3n\" \/>\n<meta name=\"robots\" content=\"index, follow, max-snippet:-1, max-image-preview:large, max-video-preview:-1\" \/>\n<link rel=\"canonical\" href=\"https:\/\/radiolitoral.com\/ca\/2023\/04\/els-nostres-cineastes-arriben-al-festival-de-kosovo-amb-deu-et-salvi-maria\/\" \/>\n<meta property=\"og:locale\" content=\"ca_ES\" \/>\n<meta property=\"og:type\" content=\"article\" \/>\n<meta property=\"og:title\" content=\"Nuestros cineastas llegan al Festival de kosovo con &quot;Dios te salve, Mar\u00eda&quot; | R\u00e0dio Litoral\" \/>\n<meta property=\"og:description\" content=\"El guionista Ra\u00fal Mart\u00ednez, la actriz Rosa Catal\u00e1n y el director Jos\u00e9 Miguel Id\u00edgoras han recibido la noticia con gran satisfacci\u00f3n\" \/>\n<meta property=\"og:url\" content=\"https:\/\/radiolitoral.com\/ca\/2023\/04\/els-nostres-cineastes-arriben-al-festival-de-kosovo-amb-deu-et-salvi-maria\/\" \/>\n<meta property=\"og:site_name\" content=\"R\u00e0dio Litoral\" \/>\n<meta property=\"article:publisher\" content=\"https:\/\/www.facebook.com\/Laradiolitoral\/\" \/>\n<meta property=\"article:published_time\" content=\"2023-04-28T20:44:26+00:00\" \/>\n<meta property=\"article:modified_time\" content=\"2023-04-28T20:46:26+00:00\" \/>\n<meta property=\"og:image\" content=\"https:\/\/media.radiolitoral.com\/wp-content\/uploads\/2023\/04\/28224242\/equipoDTSM-1-400x400-1.jpg\" \/>\n\t<meta property=\"og:image:width\" content=\"400\" \/>\n\t<meta property=\"og:image:height\" content=\"400\" \/>\n\t<meta property=\"og:image:type\" content=\"image\/jpeg\" \/>\n<meta name=\"author\" content=\"Mel Pescuezo\" \/>\n<meta name=\"twitter:card\" content=\"summary_large_image\" \/>\n<meta name=\"twitter:label1\" content=\"Escrit per\" \/>\n\t<meta name=\"twitter:data1\" content=\"Mel Pescuezo\" \/>\n\t<meta name=\"twitter:label2\" content=\"Temps estimat de lectura\" \/>\n\t<meta name=\"twitter:data2\" content=\"3 minuts\" \/>\n<script type=\"application\/ld+json\" class=\"yoast-schema-graph\">{\"@context\":\"https:\\\/\\\/schema.org\",\"@graph\":[{\"@type\":\"NewsArticle\",\"@id\":\"https:\\\/\\\/radiolitoral.com\\\/2023\\\/04\\\/nuestros-cineastas-llegan-al-festival-de-kosovo-con-dios-te-salve-maria\\\/#article\",\"isPartOf\":{\"@id\":\"https:\\\/\\\/radiolitoral.com\\\/2023\\\/04\\\/nuestros-cineastas-llegan-al-festival-de-kosovo-con-dios-te-salve-maria\\\/\"},\"author\":{\"name\":\"Mel Pescuezo\",\"@id\":\"https:\\\/\\\/radiolitoral.com\\\/#\\\/schema\\\/person\\\/aad4f72efa404f85b68e832d24cac059\"},\"headline\":\"Nuestros cineastas llegan al Festival de kosovo con \u00abDios te salve, Mar\u00eda\u00bb\",\"datePublished\":\"2023-04-28T20:44:26+00:00\",\"dateModified\":\"2023-04-28T20:46:26+00:00\",\"mainEntityOfPage\":{\"@id\":\"https:\\\/\\\/radiolitoral.com\\\/2023\\\/04\\\/nuestros-cineastas-llegan-al-festival-de-kosovo-con-dios-te-salve-maria\\\/\"},\"wordCount\":412,\"commentCount\":0,\"publisher\":{\"@id\":\"https:\\\/\\\/radiolitoral.com\\\/#organization\"},\"image\":{\"@id\":\"https:\\\/\\\/radiolitoral.com\\\/2023\\\/04\\\/nuestros-cineastas-llegan-al-festival-de-kosovo-con-dios-te-salve-maria\\\/#primaryimage\"},\"thumbnailUrl\":\"https:\\\/\\\/media.radiolitoral.com\\\/wp-content\\\/uploads\\\/2023\\\/04\\\/28224242\\\/equipoDTSM-1-400x400-1.jpg\",\"keywords\":[\"Jos\u00e9 Miguel Id\u00edgoras\",\"Ra\u00fal Mart\u00ednez\",\"Rosa Catal\u00e1n\"],\"articleSection\":[\"Cine\"],\"inLanguage\":\"ca\",\"potentialAction\":[{\"@type\":\"CommentAction\",\"name\":\"Comment\",\"target\":[\"https:\\\/\\\/radiolitoral.com\\\/2023\\\/04\\\/nuestros-cineastas-llegan-al-festival-de-kosovo-con-dios-te-salve-maria\\\/#respond\"]}]},{\"@type\":[\"WebPage\",\"ItemPage\"],\"@id\":\"https:\\\/\\\/radiolitoral.com\\\/2023\\\/04\\\/nuestros-cineastas-llegan-al-festival-de-kosovo-con-dios-te-salve-maria\\\/\",\"url\":\"https:\\\/\\\/radiolitoral.com\\\/2023\\\/04\\\/nuestros-cineastas-llegan-al-festival-de-kosovo-con-dios-te-salve-maria\\\/\",\"name\":\"Nuestros cineastas llegan al Festival de kosovo con \\\"Dios te salve, Mar\u00eda\\\" | R\u00e0dio Litoral\",\"isPartOf\":{\"@id\":\"https:\\\/\\\/radiolitoral.com\\\/#website\"},\"primaryImageOfPage\":{\"@id\":\"https:\\\/\\\/radiolitoral.com\\\/2023\\\/04\\\/nuestros-cineastas-llegan-al-festival-de-kosovo-con-dios-te-salve-maria\\\/#primaryimage\"},\"image\":{\"@id\":\"https:\\\/\\\/radiolitoral.com\\\/2023\\\/04\\\/nuestros-cineastas-llegan-al-festival-de-kosovo-con-dios-te-salve-maria\\\/#primaryimage\"},\"thumbnailUrl\":\"https:\\\/\\\/media.radiolitoral.com\\\/wp-content\\\/uploads\\\/2023\\\/04\\\/28224242\\\/equipoDTSM-1-400x400-1.jpg\",\"datePublished\":\"2023-04-28T20:44:26+00:00\",\"dateModified\":\"2023-04-28T20:46:26+00:00\",\"description\":\"El guionista Ra\u00fal Mart\u00ednez, la actriz Rosa Catal\u00e1n y el director Jos\u00e9 Miguel Id\u00edgoras han recibido la noticia con gran satisfacci\u00f3n\",\"breadcrumb\":{\"@id\":\"https:\\\/\\\/radiolitoral.com\\\/2023\\\/04\\\/nuestros-cineastas-llegan-al-festival-de-kosovo-con-dios-te-salve-maria\\\/#breadcrumb\"},\"inLanguage\":\"ca\",\"potentialAction\":[{\"@type\":\"ReadAction\",\"target\":[\"https:\\\/\\\/radiolitoral.com\\\/2023\\\/04\\\/nuestros-cineastas-llegan-al-festival-de-kosovo-con-dios-te-salve-maria\\\/\"]}]},{\"@type\":\"ImageObject\",\"inLanguage\":\"ca\",\"@id\":\"https:\\\/\\\/radiolitoral.com\\\/2023\\\/04\\\/nuestros-cineastas-llegan-al-festival-de-kosovo-con-dios-te-salve-maria\\\/#primaryimage\",\"url\":\"https:\\\/\\\/media.radiolitoral.com\\\/wp-content\\\/uploads\\\/2023\\\/04\\\/28224242\\\/equipoDTSM-1-400x400-1.jpg\",\"contentUrl\":\"https:\\\/\\\/media.radiolitoral.com\\\/wp-content\\\/uploads\\\/2023\\\/04\\\/28224242\\\/equipoDTSM-1-400x400-1.jpg\",\"width\":400,\"height\":400},{\"@type\":\"BreadcrumbList\",\"@id\":\"https:\\\/\\\/radiolitoral.com\\\/2023\\\/04\\\/nuestros-cineastas-llegan-al-festival-de-kosovo-con-dios-te-salve-maria\\\/#breadcrumb\",\"itemListElement\":[{\"@type\":\"ListItem\",\"position\":1,\"name\":\"Portada\",\"item\":\"https:\\\/\\\/radiolitoral.com\\\/\"},{\"@type\":\"ListItem\",\"position\":2,\"name\":\"Nuestros cineastas llegan al Festival de kosovo con \u00abDios te salve, Mar\u00eda\u00bb\"}]},{\"@type\":\"WebSite\",\"@id\":\"https:\\\/\\\/radiolitoral.com\\\/#website\",\"url\":\"https:\\\/\\\/radiolitoral.com\\\/\",\"name\":\"Radio Litoral\",\"description\":\"La radio local de la Marina Alta\",\"publisher\":{\"@id\":\"https:\\\/\\\/radiolitoral.com\\\/#organization\"},\"alternateName\":\"Litoral FM\",\"potentialAction\":[{\"@type\":\"SearchAction\",\"target\":{\"@type\":\"EntryPoint\",\"urlTemplate\":\"https:\\\/\\\/radiolitoral.com\\\/?s={search_term_string}\"},\"query-input\":{\"@type\":\"PropertyValueSpecification\",\"valueRequired\":true,\"valueName\":\"search_term_string\"}}],\"inLanguage\":\"ca\"},{\"@type\":\"Organization\",\"@id\":\"https:\\\/\\\/radiolitoral.com\\\/#organization\",\"name\":\"Radio Litoral\",\"url\":\"https:\\\/\\\/radiolitoral.com\\\/\",\"logo\":{\"@type\":\"ImageObject\",\"inLanguage\":\"ca\",\"@id\":\"https:\\\/\\\/radiolitoral.com\\\/#\\\/schema\\\/logo\\\/image\\\/\",\"url\":\"https:\\\/\\\/media.radiolitoral.com\\\/wp-content\\\/uploads\\\/2023\\\/02\\\/24143238\\\/CL-V-RadioLitoral696.png\",\"contentUrl\":\"https:\\\/\\\/media.radiolitoral.com\\\/wp-content\\\/uploads\\\/2023\\\/02\\\/24143238\\\/CL-V-RadioLitoral696.png\",\"width\":696,\"height\":696,\"caption\":\"Radio Litoral\"},\"image\":{\"@id\":\"https:\\\/\\\/radiolitoral.com\\\/#\\\/schema\\\/logo\\\/image\\\/\"},\"sameAs\":[\"https:\\\/\\\/www.facebook.com\\\/Laradiolitoral\\\/\"]},{\"@type\":\"Person\",\"@id\":\"https:\\\/\\\/radiolitoral.com\\\/#\\\/schema\\\/person\\\/aad4f72efa404f85b68e832d24cac059\",\"name\":\"Mel Pescuezo\",\"image\":{\"@type\":\"ImageObject\",\"inLanguage\":\"ca\",\"@id\":\"https:\\\/\\\/secure.gravatar.com\\\/avatar\\\/993975ae489c70cb0dd9bfa9413a082f0bd276582dac13661af7b33f161e7eea?s=96&d=mm&r=g\",\"url\":\"https:\\\/\\\/secure.gravatar.com\\\/avatar\\\/993975ae489c70cb0dd9bfa9413a082f0bd276582dac13661af7b33f161e7eea?s=96&d=mm&r=g\",\"contentUrl\":\"https:\\\/\\\/secure.gravatar.com\\\/avatar\\\/993975ae489c70cb0dd9bfa9413a082f0bd276582dac13661af7b33f161e7eea?s=96&d=mm&r=g\",\"caption\":\"Mel Pescuezo\"},\"url\":\"https:\\\/\\\/radiolitoral.com\\\/ca\\\/author\\\/serviciospararadios\\\/\"}]}<\/script>\n<!-- \/ Yoast SEO plugin. -->","yoast_head_json":{"title":"Els nostres cineastes arriben al Festival de Kosovo amb &quot;D\u00e9u et salve, Maria&quot; | R\u00e0dio Litoral","description":"El guionista Ra\u00fal Mart\u00ednez, l?actriu Rosa Catal\u00e1n i el director Jos\u00e9 Miguel Id\u00edgoras han rebut la not\u00edcia amb gran satisfacci\u00f3","robots":{"index":"index","follow":"follow","max-snippet":"max-snippet:-1","max-image-preview":"max-image-preview:large","max-video-preview":"max-video-preview:-1"},"canonical":"https:\/\/radiolitoral.com\/ca\/2023\/04\/els-nostres-cineastes-arriben-al-festival-de-kosovo-amb-deu-et-salvi-maria\/","og_locale":"ca_ES","og_type":"article","og_title":"Nuestros cineastas llegan al Festival de kosovo con \"Dios te salve, Mar\u00eda\" | R\u00e0dio Litoral","og_description":"El guionista Ra\u00fal Mart\u00ednez, la actriz Rosa Catal\u00e1n y el director Jos\u00e9 Miguel Id\u00edgoras han recibido la noticia con gran satisfacci\u00f3n","og_url":"https:\/\/radiolitoral.com\/ca\/2023\/04\/els-nostres-cineastes-arriben-al-festival-de-kosovo-amb-deu-et-salvi-maria\/","og_site_name":"R\u00e0dio Litoral","article_publisher":"https:\/\/www.facebook.com\/Laradiolitoral\/","article_published_time":"2023-04-28T20:44:26+00:00","article_modified_time":"2023-04-28T20:46:26+00:00","og_image":[{"width":400,"height":400,"url":"https:\/\/media.radiolitoral.com\/wp-content\/uploads\/2023\/04\/28224242\/equipoDTSM-1-400x400-1.jpg","type":"image\/jpeg"}],"author":"Mel Pescuezo","twitter_card":"summary_large_image","twitter_misc":{"Escrit per":"Mel Pescuezo","Temps estimat de lectura":"3 minuts"},"schema":{"@context":"https:\/\/schema.org","@graph":[{"@type":"NewsArticle","@id":"https:\/\/radiolitoral.com\/2023\/04\/nuestros-cineastas-llegan-al-festival-de-kosovo-con-dios-te-salve-maria\/#article","isPartOf":{"@id":"https:\/\/radiolitoral.com\/2023\/04\/nuestros-cineastas-llegan-al-festival-de-kosovo-con-dios-te-salve-maria\/"},"author":{"name":"Mel Pescuezo","@id":"https:\/\/radiolitoral.com\/#\/schema\/person\/aad4f72efa404f85b68e832d24cac059"},"headline":"Nuestros cineastas llegan al Festival de kosovo con \u00abDios te salve, Mar\u00eda\u00bb","datePublished":"2023-04-28T20:44:26+00:00","dateModified":"2023-04-28T20:46:26+00:00","mainEntityOfPage":{"@id":"https:\/\/radiolitoral.com\/2023\/04\/nuestros-cineastas-llegan-al-festival-de-kosovo-con-dios-te-salve-maria\/"},"wordCount":412,"commentCount":0,"publisher":{"@id":"https:\/\/radiolitoral.com\/#organization"},"image":{"@id":"https:\/\/radiolitoral.com\/2023\/04\/nuestros-cineastas-llegan-al-festival-de-kosovo-con-dios-te-salve-maria\/#primaryimage"},"thumbnailUrl":"https:\/\/media.radiolitoral.com\/wp-content\/uploads\/2023\/04\/28224242\/equipoDTSM-1-400x400-1.jpg","keywords":["Jos\u00e9 Miguel Id\u00edgoras","Ra\u00fal Mart\u00ednez","Rosa Catal\u00e1n"],"articleSection":["Cine"],"inLanguage":"ca","potentialAction":[{"@type":"CommentAction","name":"Comment","target":["https:\/\/radiolitoral.com\/2023\/04\/nuestros-cineastas-llegan-al-festival-de-kosovo-con-dios-te-salve-maria\/#respond"]}]},{"@type":["WebPage","ItemPage"],"@id":"https:\/\/radiolitoral.com\/2023\/04\/nuestros-cineastas-llegan-al-festival-de-kosovo-con-dios-te-salve-maria\/","url":"https:\/\/radiolitoral.com\/2023\/04\/nuestros-cineastas-llegan-al-festival-de-kosovo-con-dios-te-salve-maria\/","name":"Els nostres cineastes arriben al Festival de Kosovo amb &quot;D\u00e9u et salve, Maria&quot; | R\u00e0dio Litoral","isPartOf":{"@id":"https:\/\/radiolitoral.com\/#website"},"primaryImageOfPage":{"@id":"https:\/\/radiolitoral.com\/2023\/04\/nuestros-cineastas-llegan-al-festival-de-kosovo-con-dios-te-salve-maria\/#primaryimage"},"image":{"@id":"https:\/\/radiolitoral.com\/2023\/04\/nuestros-cineastas-llegan-al-festival-de-kosovo-con-dios-te-salve-maria\/#primaryimage"},"thumbnailUrl":"https:\/\/media.radiolitoral.com\/wp-content\/uploads\/2023\/04\/28224242\/equipoDTSM-1-400x400-1.jpg","datePublished":"2023-04-28T20:44:26+00:00","dateModified":"2023-04-28T20:46:26+00:00","description":"El guionista Ra\u00fal Mart\u00ednez, l?actriu Rosa Catal\u00e1n i el director Jos\u00e9 Miguel Id\u00edgoras han rebut la not\u00edcia amb gran satisfacci\u00f3","breadcrumb":{"@id":"https:\/\/radiolitoral.com\/2023\/04\/nuestros-cineastas-llegan-al-festival-de-kosovo-con-dios-te-salve-maria\/#breadcrumb"},"inLanguage":"ca","potentialAction":[{"@type":"ReadAction","target":["https:\/\/radiolitoral.com\/2023\/04\/nuestros-cineastas-llegan-al-festival-de-kosovo-con-dios-te-salve-maria\/"]}]},{"@type":"ImageObject","inLanguage":"ca","@id":"https:\/\/radiolitoral.com\/2023\/04\/nuestros-cineastas-llegan-al-festival-de-kosovo-con-dios-te-salve-maria\/#primaryimage","url":"https:\/\/media.radiolitoral.com\/wp-content\/uploads\/2023\/04\/28224242\/equipoDTSM-1-400x400-1.jpg","contentUrl":"https:\/\/media.radiolitoral.com\/wp-content\/uploads\/2023\/04\/28224242\/equipoDTSM-1-400x400-1.jpg","width":400,"height":400},{"@type":"BreadcrumbList","@id":"https:\/\/radiolitoral.com\/2023\/04\/nuestros-cineastas-llegan-al-festival-de-kosovo-con-dios-te-salve-maria\/#breadcrumb","itemListElement":[{"@type":"ListItem","position":1,"name":"Portada","item":"https:\/\/radiolitoral.com\/"},{"@type":"ListItem","position":2,"name":"Nuestros cineastas llegan al Festival de kosovo con \u00abDios te salve, Mar\u00eda\u00bb"}]},{"@type":"WebSite","@id":"https:\/\/radiolitoral.com\/#website","url":"https:\/\/radiolitoral.com\/","name":"R\u00e0dio Litoral","description":"La r\u00e0dio local de la Marina Alta","publisher":{"@id":"https:\/\/radiolitoral.com\/#organization"},"alternateName":"Litoral FM","potentialAction":[{"@type":"SearchAction","target":{"@type":"EntryPoint","urlTemplate":"https:\/\/radiolitoral.com\/?s={search_term_string}"},"query-input":{"@type":"PropertyValueSpecification","valueRequired":true,"valueName":"search_term_string"}}],"inLanguage":"ca"},{"@type":"Organization","@id":"https:\/\/radiolitoral.com\/#organization","name":"R\u00e0dio Litoral","url":"https:\/\/radiolitoral.com\/","logo":{"@type":"ImageObject","inLanguage":"ca","@id":"https:\/\/radiolitoral.com\/#\/schema\/logo\/image\/","url":"https:\/\/media.radiolitoral.com\/wp-content\/uploads\/2023\/02\/24143238\/CL-V-RadioLitoral696.png","contentUrl":"https:\/\/media.radiolitoral.com\/wp-content\/uploads\/2023\/02\/24143238\/CL-V-RadioLitoral696.png","width":696,"height":696,"caption":"Radio Litoral"},"image":{"@id":"https:\/\/radiolitoral.com\/#\/schema\/logo\/image\/"},"sameAs":["https:\/\/www.facebook.com\/Laradiolitoral\/"]},{"@type":"Person","@id":"https:\/\/radiolitoral.com\/#\/schema\/person\/aad4f72efa404f85b68e832d24cac059","name":"Mel Pescuezo","image":{"@type":"ImageObject","inLanguage":"ca","@id":"https:\/\/secure.gravatar.com\/avatar\/993975ae489c70cb0dd9bfa9413a082f0bd276582dac13661af7b33f161e7eea?s=96&d=mm&r=g","url":"https:\/\/secure.gravatar.com\/avatar\/993975ae489c70cb0dd9bfa9413a082f0bd276582dac13661af7b33f161e7eea?s=96&d=mm&r=g","contentUrl":"https:\/\/secure.gravatar.com\/avatar\/993975ae489c70cb0dd9bfa9413a082f0bd276582dac13661af7b33f161e7eea?s=96&d=mm&r=g","caption":"Mel Pescuezo"},"url":"https:\/\/radiolitoral.com\/ca\/author\/serviciospararadios\/"}]}},"_links":{"self":[{"href":"https:\/\/radiolitoral.com\/ca\/wp-json\/wp\/v2\/posts\/2638","targetHints":{"allow":["GET"]}}],"collection":[{"href":"https:\/\/radiolitoral.com\/ca\/wp-json\/wp\/v2\/posts"}],"about":[{"href":"https:\/\/radiolitoral.com\/ca\/wp-json\/wp\/v2\/types\/post"}],"author":[{"embeddable":true,"href":"https:\/\/radiolitoral.com\/ca\/wp-json\/wp\/v2\/users\/21"}],"replies":[{"embeddable":true,"href":"https:\/\/radiolitoral.com\/ca\/wp-json\/wp\/v2\/comments?post=2638"}],"version-history":[{"count":1,"href":"https:\/\/radiolitoral.com\/ca\/wp-json\/wp\/v2\/posts\/2638\/revisions"}],"predecessor-version":[{"id":2644,"href":"https:\/\/radiolitoral.com\/ca\/wp-json\/wp\/v2\/posts\/2638\/revisions\/2644"}],"wp:featuredmedia":[{"embeddable":true,"href":"https:\/\/radiolitoral.com\/ca\/wp-json\/wp\/v2\/media\/2641"}],"wp:attachment":[{"href":"https:\/\/radiolitoral.com\/ca\/wp-json\/wp\/v2\/media?parent=2638"}],"wp:term":[{"taxonomy":"category","embeddable":true,"href":"https:\/\/radiolitoral.com\/ca\/wp-json\/wp\/v2\/categories?post=2638"},{"taxonomy":"post_tag","embeddable":true,"href":"https:\/\/radiolitoral.com\/ca\/wp-json\/wp\/v2\/tags?post=2638"}],"curies":[{"name":"wp","href":"https:\/\/api.w.org\/{rel}","templated":true}]}}