{"id":2619,"date":"2023-04-28T16:54:19","date_gmt":"2023-04-28T14:54:19","guid":{"rendered":"https:\/\/radiolitoral.com\/?p=2619"},"modified":"2023-04-28T16:55:00","modified_gmt":"2023-04-28T14:55:00","slug":"la-primavera-musical-de-benitaxell-continua-amb-les-seves-propostes-per-a-aquest-cap-de-setmana","status":"publish","type":"post","link":"https:\/\/radiolitoral.com\/ca\/2023\/04\/el-primavera-musical-de-benitaxell-continua-con-sus-propuestas-para-este-fin-de-semana\/","title":{"rendered":"El Primavera Musical de Benitaxell continua amb les seves propostes per aquest cap de setmana"},"content":{"rendered":"<p>El Poble Nou de Benitatxell continua aquest cap de setmana la programaci\u00f3 amb motiu de la <strong>Primavera Musical<\/strong>. Aquest diumenge 30 d&#039;abril, l&#039;Esgl\u00e9sia acull el segon concert del cicle: el de l&#039;OMA <strong>Orquestra de la Marina Alta<\/strong>. L&#039;actuaci\u00f3 est\u00e0 prevista a les 18:00 ha l&#039;esgl\u00e9sia.<\/p>\n<p>La gran aposta d&#039;aquesta edici\u00f3 de la Primavera Musical del Poble Nou arribar\u00e0 el mes que ve, el diumenge 21 de maig, a les 18:00h a l&#039;Esgl\u00e9sia Santa Maria Magdalena, de la m\u00e0 de la <strong>Orquestra de Cambra de Val\u00e8ncia<\/strong>, que ja \u00e9s un habitual de la programaci\u00f3. La formaci\u00f3 interpretar\u00e0 la <em>Missa a Buenos Aires (Misatango)<\/em>, de Mart\u00edn Palmeri.<\/p>\n<p>Recordeu que l&#039;entrada, tant per al concert de diumenge com per al del mes de maig, \u00e9s gratu\u00efta<\/p>","protected":false},"excerpt":{"rendered":"<p>El Poble Nou de Benitatxell contin\u00faa este fin de semana la programaci\u00f3n con motivo la Primavera Musical. Este domingo 30 de abril, la Iglesia acoge el segundo concierto del ciclo: el de la OMA Orquestra de la Marina Alta. La actuaci\u00f3n est\u00e1 prevista a las 18:00h en la iglesia. La gran apuesta de esta edici\u00f3n [&#8230;]<\/p>\n<p><a class=\"btn btn-secondary understrap-read-more-link\" href=\"https:\/\/radiolitoral.com\/ca\/2023\/04\/el-primavera-musical-de-benitaxell-continua-con-sus-propuestas-para-este-fin-de-semana\/\">Continua llegint&#8230;<span class=\"screen-reader-text\"> from El Primavera Musical de Benitaxell contin\u00faa con sus propuestas para este fin de semana<\/span><\/a><\/p>\n","protected":false},"author":21,"featured_media":2620,"comment_status":"open","ping_status":"closed","sticky":false,"template":"","format":"standard","meta":{"_acf_changed":false,"inline_featured_image":false,"footnotes":""},"categories":[55],"tags":[481,184,569],"class_list":["post-2619","post","type-post","status-publish","format-standard","has-post-thumbnail","hentry","category-cultura","tag-actos-benitatxell","tag-benitatxell","tag-primavera-festival","cobertura-poble-nou-de-benitatxell"],"acf":[],"yoast_head":"<!-- This site is optimized with the Yoast SEO plugin v27.5 - https:\/\/yoast.com\/product\/yoast-seo-wordpress\/ -->\n<title>El Primavera Musical de Benitaxell contin\u00faa con sus propuestas para este fin de semana | R\u00e0dio Litoral<\/title>\n<meta name=\"description\" content=\"Actuar\u00e1n la Orquestra de la Marina Alta y la Orquesta de C\u00e1mara de Val\u00e8ncia Actuar\u00e1n la Orquestra de la Marina Alta y la Orquesta de C\u00e1mara de Val\u00e8ncia\" \/>\n<meta name=\"robots\" content=\"index, follow, max-snippet:-1, max-image-preview:large, max-video-preview:-1\" \/>\n<link rel=\"canonical\" href=\"https:\/\/radiolitoral.com\/ca\/2023\/04\/la-primavera-musical-de-benitaxell-continua-amb-les-seves-propostes-per-a-aquest-cap-de-setmana\/\" \/>\n<meta property=\"og:locale\" content=\"ca_ES\" \/>\n<meta property=\"og:type\" content=\"article\" \/>\n<meta property=\"og:title\" content=\"El Primavera Musical de Benitaxell contin\u00faa con sus propuestas para este fin de semana | R\u00e0dio Litoral\" \/>\n<meta property=\"og:description\" content=\"Actuar\u00e1n la Orquestra de la Marina Alta y la Orquesta de C\u00e1mara de Val\u00e8ncia Actuar\u00e1n la Orquestra de la Marina Alta y la Orquesta de C\u00e1mara de Val\u00e8ncia\" \/>\n<meta property=\"og:url\" content=\"https:\/\/radiolitoral.com\/ca\/2023\/04\/la-primavera-musical-de-benitaxell-continua-amb-les-seves-propostes-per-a-aquest-cap-de-setmana\/\" \/>\n<meta property=\"og:site_name\" content=\"R\u00e0dio Litoral\" \/>\n<meta property=\"article:publisher\" content=\"https:\/\/www.facebook.com\/Laradiolitoral\/\" \/>\n<meta property=\"article:published_time\" content=\"2023-04-28T14:54:19+00:00\" \/>\n<meta property=\"article:modified_time\" content=\"2023-04-28T14:55:00+00:00\" \/>\n<meta property=\"og:image\" content=\"https:\/\/media.radiolitoral.com\/wp-content\/uploads\/2023\/04\/28165402\/Primavera-musical2023-VAL.jpg\" \/>\n\t<meta property=\"og:image:width\" content=\"1587\" \/>\n\t<meta property=\"og:image:height\" content=\"2245\" \/>\n\t<meta property=\"og:image:type\" content=\"image\/jpeg\" \/>\n<meta name=\"author\" content=\"Mel Pescuezo\" \/>\n<meta name=\"twitter:card\" content=\"summary_large_image\" \/>\n<meta name=\"twitter:label1\" content=\"Escrit per\" \/>\n\t<meta name=\"twitter:data1\" content=\"Mel Pescuezo\" \/>\n\t<meta name=\"twitter:label2\" content=\"Temps estimat de lectura\" \/>\n\t<meta name=\"twitter:data2\" content=\"1 minut\" \/>\n<script type=\"application\/ld+json\" class=\"yoast-schema-graph\">{\"@context\":\"https:\\\/\\\/schema.org\",\"@graph\":[{\"@type\":\"NewsArticle\",\"@id\":\"https:\\\/\\\/radiolitoral.com\\\/2023\\\/04\\\/el-primavera-musical-de-benitaxell-continua-con-sus-propuestas-para-este-fin-de-semana\\\/#article\",\"isPartOf\":{\"@id\":\"https:\\\/\\\/radiolitoral.com\\\/2023\\\/04\\\/el-primavera-musical-de-benitaxell-continua-con-sus-propuestas-para-este-fin-de-semana\\\/\"},\"author\":{\"name\":\"Mel Pescuezo\",\"@id\":\"https:\\\/\\\/radiolitoral.com\\\/#\\\/schema\\\/person\\\/aad4f72efa404f85b68e832d24cac059\"},\"headline\":\"El Primavera Musical de Benitaxell contin\u00faa con sus propuestas para este fin de semana\",\"datePublished\":\"2023-04-28T14:54:19+00:00\",\"dateModified\":\"2023-04-28T14:55:00+00:00\",\"mainEntityOfPage\":{\"@id\":\"https:\\\/\\\/radiolitoral.com\\\/2023\\\/04\\\/el-primavera-musical-de-benitaxell-continua-con-sus-propuestas-para-este-fin-de-semana\\\/\"},\"wordCount\":154,\"commentCount\":0,\"publisher\":{\"@id\":\"https:\\\/\\\/radiolitoral.com\\\/#organization\"},\"image\":{\"@id\":\"https:\\\/\\\/radiolitoral.com\\\/2023\\\/04\\\/el-primavera-musical-de-benitaxell-continua-con-sus-propuestas-para-este-fin-de-semana\\\/#primaryimage\"},\"thumbnailUrl\":\"https:\\\/\\\/media.radiolitoral.com\\\/wp-content\\\/uploads\\\/2023\\\/04\\\/28165402\\\/Primavera-musical2023-VAL.jpg\",\"keywords\":[\"actos Benitatxell\",\"Benitatxell\",\"Primavera Festival\"],\"articleSection\":[\"Cultura\"],\"inLanguage\":\"ca\",\"potentialAction\":[{\"@type\":\"CommentAction\",\"name\":\"Comment\",\"target\":[\"https:\\\/\\\/radiolitoral.com\\\/2023\\\/04\\\/el-primavera-musical-de-benitaxell-continua-con-sus-propuestas-para-este-fin-de-semana\\\/#respond\"]}]},{\"@type\":[\"WebPage\",\"ItemPage\"],\"@id\":\"https:\\\/\\\/radiolitoral.com\\\/2023\\\/04\\\/el-primavera-musical-de-benitaxell-continua-con-sus-propuestas-para-este-fin-de-semana\\\/\",\"url\":\"https:\\\/\\\/radiolitoral.com\\\/2023\\\/04\\\/el-primavera-musical-de-benitaxell-continua-con-sus-propuestas-para-este-fin-de-semana\\\/\",\"name\":\"El Primavera Musical de Benitaxell contin\u00faa con sus propuestas para este fin de semana | R\u00e0dio Litoral\",\"isPartOf\":{\"@id\":\"https:\\\/\\\/radiolitoral.com\\\/#website\"},\"primaryImageOfPage\":{\"@id\":\"https:\\\/\\\/radiolitoral.com\\\/2023\\\/04\\\/el-primavera-musical-de-benitaxell-continua-con-sus-propuestas-para-este-fin-de-semana\\\/#primaryimage\"},\"image\":{\"@id\":\"https:\\\/\\\/radiolitoral.com\\\/2023\\\/04\\\/el-primavera-musical-de-benitaxell-continua-con-sus-propuestas-para-este-fin-de-semana\\\/#primaryimage\"},\"thumbnailUrl\":\"https:\\\/\\\/media.radiolitoral.com\\\/wp-content\\\/uploads\\\/2023\\\/04\\\/28165402\\\/Primavera-musical2023-VAL.jpg\",\"datePublished\":\"2023-04-28T14:54:19+00:00\",\"dateModified\":\"2023-04-28T14:55:00+00:00\",\"description\":\"Actuar\u00e1n la Orquestra de la Marina Alta y la Orquesta de C\u00e1mara de Val\u00e8ncia Actuar\u00e1n la Orquestra de la Marina Alta y la Orquesta de C\u00e1mara de Val\u00e8ncia\",\"breadcrumb\":{\"@id\":\"https:\\\/\\\/radiolitoral.com\\\/2023\\\/04\\\/el-primavera-musical-de-benitaxell-continua-con-sus-propuestas-para-este-fin-de-semana\\\/#breadcrumb\"},\"inLanguage\":\"ca\",\"potentialAction\":[{\"@type\":\"ReadAction\",\"target\":[\"https:\\\/\\\/radiolitoral.com\\\/2023\\\/04\\\/el-primavera-musical-de-benitaxell-continua-con-sus-propuestas-para-este-fin-de-semana\\\/\"]}]},{\"@type\":\"ImageObject\",\"inLanguage\":\"ca\",\"@id\":\"https:\\\/\\\/radiolitoral.com\\\/2023\\\/04\\\/el-primavera-musical-de-benitaxell-continua-con-sus-propuestas-para-este-fin-de-semana\\\/#primaryimage\",\"url\":\"https:\\\/\\\/media.radiolitoral.com\\\/wp-content\\\/uploads\\\/2023\\\/04\\\/28165402\\\/Primavera-musical2023-VAL.jpg\",\"contentUrl\":\"https:\\\/\\\/media.radiolitoral.com\\\/wp-content\\\/uploads\\\/2023\\\/04\\\/28165402\\\/Primavera-musical2023-VAL.jpg\",\"width\":1587,\"height\":2245},{\"@type\":\"BreadcrumbList\",\"@id\":\"https:\\\/\\\/radiolitoral.com\\\/2023\\\/04\\\/el-primavera-musical-de-benitaxell-continua-con-sus-propuestas-para-este-fin-de-semana\\\/#breadcrumb\",\"itemListElement\":[{\"@type\":\"ListItem\",\"position\":1,\"name\":\"Portada\",\"item\":\"https:\\\/\\\/radiolitoral.com\\\/\"},{\"@type\":\"ListItem\",\"position\":2,\"name\":\"El Primavera Musical de Benitaxell contin\u00faa con sus propuestas para este fin de semana\"}]},{\"@type\":\"WebSite\",\"@id\":\"https:\\\/\\\/radiolitoral.com\\\/#website\",\"url\":\"https:\\\/\\\/radiolitoral.com\\\/\",\"name\":\"Radio Litoral\",\"description\":\"La radio local de la Marina Alta\",\"publisher\":{\"@id\":\"https:\\\/\\\/radiolitoral.com\\\/#organization\"},\"alternateName\":\"Litoral FM\",\"potentialAction\":[{\"@type\":\"SearchAction\",\"target\":{\"@type\":\"EntryPoint\",\"urlTemplate\":\"https:\\\/\\\/radiolitoral.com\\\/?s={search_term_string}\"},\"query-input\":{\"@type\":\"PropertyValueSpecification\",\"valueRequired\":true,\"valueName\":\"search_term_string\"}}],\"inLanguage\":\"ca\"},{\"@type\":\"Organization\",\"@id\":\"https:\\\/\\\/radiolitoral.com\\\/#organization\",\"name\":\"Radio Litoral\",\"url\":\"https:\\\/\\\/radiolitoral.com\\\/\",\"logo\":{\"@type\":\"ImageObject\",\"inLanguage\":\"ca\",\"@id\":\"https:\\\/\\\/radiolitoral.com\\\/#\\\/schema\\\/logo\\\/image\\\/\",\"url\":\"https:\\\/\\\/media.radiolitoral.com\\\/wp-content\\\/uploads\\\/2023\\\/02\\\/24143238\\\/CL-V-RadioLitoral696.png\",\"contentUrl\":\"https:\\\/\\\/media.radiolitoral.com\\\/wp-content\\\/uploads\\\/2023\\\/02\\\/24143238\\\/CL-V-RadioLitoral696.png\",\"width\":696,\"height\":696,\"caption\":\"Radio Litoral\"},\"image\":{\"@id\":\"https:\\\/\\\/radiolitoral.com\\\/#\\\/schema\\\/logo\\\/image\\\/\"},\"sameAs\":[\"https:\\\/\\\/www.facebook.com\\\/Laradiolitoral\\\/\"]},{\"@type\":\"Person\",\"@id\":\"https:\\\/\\\/radiolitoral.com\\\/#\\\/schema\\\/person\\\/aad4f72efa404f85b68e832d24cac059\",\"name\":\"Mel Pescuezo\",\"image\":{\"@type\":\"ImageObject\",\"inLanguage\":\"ca\",\"@id\":\"https:\\\/\\\/secure.gravatar.com\\\/avatar\\\/993975ae489c70cb0dd9bfa9413a082f0bd276582dac13661af7b33f161e7eea?s=96&d=mm&r=g\",\"url\":\"https:\\\/\\\/secure.gravatar.com\\\/avatar\\\/993975ae489c70cb0dd9bfa9413a082f0bd276582dac13661af7b33f161e7eea?s=96&d=mm&r=g\",\"contentUrl\":\"https:\\\/\\\/secure.gravatar.com\\\/avatar\\\/993975ae489c70cb0dd9bfa9413a082f0bd276582dac13661af7b33f161e7eea?s=96&d=mm&r=g\",\"caption\":\"Mel Pescuezo\"},\"url\":\"https:\\\/\\\/radiolitoral.com\\\/ca\\\/author\\\/serviciospararadios\\\/\"}]}<\/script>\n<!-- \/ Yoast SEO plugin. -->","yoast_head_json":{"title":"El Primavera Musical de Benitaxell continua amb les propostes per a aquest cap de setmana | R\u00e0dio Litoral","description":"Actuaran l&#039;Orquestra de la Marina Alta i l&#039;Orquestra de Cambra de Val\u00e8ncia Actuaran l&#039;Orquestra de la Marina Alta i l&#039;Orquestra de Cambra de Val\u00e8ncia","robots":{"index":"index","follow":"follow","max-snippet":"max-snippet:-1","max-image-preview":"max-image-preview:large","max-video-preview":"max-video-preview:-1"},"canonical":"https:\/\/radiolitoral.com\/ca\/2023\/04\/la-primavera-musical-de-benitaxell-continua-amb-les-seves-propostes-per-a-aquest-cap-de-setmana\/","og_locale":"ca_ES","og_type":"article","og_title":"El Primavera Musical de Benitaxell contin\u00faa con sus propuestas para este fin de semana | R\u00e0dio Litoral","og_description":"Actuar\u00e1n la Orquestra de la Marina Alta y la Orquesta de C\u00e1mara de Val\u00e8ncia Actuar\u00e1n la Orquestra de la Marina Alta y la Orquesta de C\u00e1mara de Val\u00e8ncia","og_url":"https:\/\/radiolitoral.com\/ca\/2023\/04\/la-primavera-musical-de-benitaxell-continua-amb-les-seves-propostes-per-a-aquest-cap-de-setmana\/","og_site_name":"R\u00e0dio Litoral","article_publisher":"https:\/\/www.facebook.com\/Laradiolitoral\/","article_published_time":"2023-04-28T14:54:19+00:00","article_modified_time":"2023-04-28T14:55:00+00:00","og_image":[{"width":1587,"height":2245,"url":"https:\/\/media.radiolitoral.com\/wp-content\/uploads\/2023\/04\/28165402\/Primavera-musical2023-VAL.jpg","type":"image\/jpeg"}],"author":"Mel Pescuezo","twitter_card":"summary_large_image","twitter_misc":{"Escrit per":"Mel Pescuezo","Temps estimat de lectura":"1 minut"},"schema":{"@context":"https:\/\/schema.org","@graph":[{"@type":"NewsArticle","@id":"https:\/\/radiolitoral.com\/2023\/04\/el-primavera-musical-de-benitaxell-continua-con-sus-propuestas-para-este-fin-de-semana\/#article","isPartOf":{"@id":"https:\/\/radiolitoral.com\/2023\/04\/el-primavera-musical-de-benitaxell-continua-con-sus-propuestas-para-este-fin-de-semana\/"},"author":{"name":"Mel Pescuezo","@id":"https:\/\/radiolitoral.com\/#\/schema\/person\/aad4f72efa404f85b68e832d24cac059"},"headline":"El Primavera Musical de Benitaxell contin\u00faa con sus propuestas para este fin de semana","datePublished":"2023-04-28T14:54:19+00:00","dateModified":"2023-04-28T14:55:00+00:00","mainEntityOfPage":{"@id":"https:\/\/radiolitoral.com\/2023\/04\/el-primavera-musical-de-benitaxell-continua-con-sus-propuestas-para-este-fin-de-semana\/"},"wordCount":154,"commentCount":0,"publisher":{"@id":"https:\/\/radiolitoral.com\/#organization"},"image":{"@id":"https:\/\/radiolitoral.com\/2023\/04\/el-primavera-musical-de-benitaxell-continua-con-sus-propuestas-para-este-fin-de-semana\/#primaryimage"},"thumbnailUrl":"https:\/\/media.radiolitoral.com\/wp-content\/uploads\/2023\/04\/28165402\/Primavera-musical2023-VAL.jpg","keywords":["actos Benitatxell","Benitatxell","Primavera Festival"],"articleSection":["Cultura"],"inLanguage":"ca","potentialAction":[{"@type":"CommentAction","name":"Comment","target":["https:\/\/radiolitoral.com\/2023\/04\/el-primavera-musical-de-benitaxell-continua-con-sus-propuestas-para-este-fin-de-semana\/#respond"]}]},{"@type":["WebPage","ItemPage"],"@id":"https:\/\/radiolitoral.com\/2023\/04\/el-primavera-musical-de-benitaxell-continua-con-sus-propuestas-para-este-fin-de-semana\/","url":"https:\/\/radiolitoral.com\/2023\/04\/el-primavera-musical-de-benitaxell-continua-con-sus-propuestas-para-este-fin-de-semana\/","name":"El Primavera Musical de Benitaxell continua amb les propostes per a aquest cap de setmana | R\u00e0dio Litoral","isPartOf":{"@id":"https:\/\/radiolitoral.com\/#website"},"primaryImageOfPage":{"@id":"https:\/\/radiolitoral.com\/2023\/04\/el-primavera-musical-de-benitaxell-continua-con-sus-propuestas-para-este-fin-de-semana\/#primaryimage"},"image":{"@id":"https:\/\/radiolitoral.com\/2023\/04\/el-primavera-musical-de-benitaxell-continua-con-sus-propuestas-para-este-fin-de-semana\/#primaryimage"},"thumbnailUrl":"https:\/\/media.radiolitoral.com\/wp-content\/uploads\/2023\/04\/28165402\/Primavera-musical2023-VAL.jpg","datePublished":"2023-04-28T14:54:19+00:00","dateModified":"2023-04-28T14:55:00+00:00","description":"Actuaran l&#039;Orquestra de la Marina Alta i l&#039;Orquestra de Cambra de Val\u00e8ncia Actuaran l&#039;Orquestra de la Marina Alta i l&#039;Orquestra de Cambra de Val\u00e8ncia","breadcrumb":{"@id":"https:\/\/radiolitoral.com\/2023\/04\/el-primavera-musical-de-benitaxell-continua-con-sus-propuestas-para-este-fin-de-semana\/#breadcrumb"},"inLanguage":"ca","potentialAction":[{"@type":"ReadAction","target":["https:\/\/radiolitoral.com\/2023\/04\/el-primavera-musical-de-benitaxell-continua-con-sus-propuestas-para-este-fin-de-semana\/"]}]},{"@type":"ImageObject","inLanguage":"ca","@id":"https:\/\/radiolitoral.com\/2023\/04\/el-primavera-musical-de-benitaxell-continua-con-sus-propuestas-para-este-fin-de-semana\/#primaryimage","url":"https:\/\/media.radiolitoral.com\/wp-content\/uploads\/2023\/04\/28165402\/Primavera-musical2023-VAL.jpg","contentUrl":"https:\/\/media.radiolitoral.com\/wp-content\/uploads\/2023\/04\/28165402\/Primavera-musical2023-VAL.jpg","width":1587,"height":2245},{"@type":"BreadcrumbList","@id":"https:\/\/radiolitoral.com\/2023\/04\/el-primavera-musical-de-benitaxell-continua-con-sus-propuestas-para-este-fin-de-semana\/#breadcrumb","itemListElement":[{"@type":"ListItem","position":1,"name":"Portada","item":"https:\/\/radiolitoral.com\/"},{"@type":"ListItem","position":2,"name":"El Primavera Musical de Benitaxell contin\u00faa con sus propuestas para este fin de semana"}]},{"@type":"WebSite","@id":"https:\/\/radiolitoral.com\/#website","url":"https:\/\/radiolitoral.com\/","name":"R\u00e0dio Litoral","description":"La r\u00e0dio local de la Marina Alta","publisher":{"@id":"https:\/\/radiolitoral.com\/#organization"},"alternateName":"Litoral FM","potentialAction":[{"@type":"SearchAction","target":{"@type":"EntryPoint","urlTemplate":"https:\/\/radiolitoral.com\/?s={search_term_string}"},"query-input":{"@type":"PropertyValueSpecification","valueRequired":true,"valueName":"search_term_string"}}],"inLanguage":"ca"},{"@type":"Organization","@id":"https:\/\/radiolitoral.com\/#organization","name":"R\u00e0dio Litoral","url":"https:\/\/radiolitoral.com\/","logo":{"@type":"ImageObject","inLanguage":"ca","@id":"https:\/\/radiolitoral.com\/#\/schema\/logo\/image\/","url":"https:\/\/media.radiolitoral.com\/wp-content\/uploads\/2023\/02\/24143238\/CL-V-RadioLitoral696.png","contentUrl":"https:\/\/media.radiolitoral.com\/wp-content\/uploads\/2023\/02\/24143238\/CL-V-RadioLitoral696.png","width":696,"height":696,"caption":"Radio Litoral"},"image":{"@id":"https:\/\/radiolitoral.com\/#\/schema\/logo\/image\/"},"sameAs":["https:\/\/www.facebook.com\/Laradiolitoral\/"]},{"@type":"Person","@id":"https:\/\/radiolitoral.com\/#\/schema\/person\/aad4f72efa404f85b68e832d24cac059","name":"Mel Pescuezo","image":{"@type":"ImageObject","inLanguage":"ca","@id":"https:\/\/secure.gravatar.com\/avatar\/993975ae489c70cb0dd9bfa9413a082f0bd276582dac13661af7b33f161e7eea?s=96&d=mm&r=g","url":"https:\/\/secure.gravatar.com\/avatar\/993975ae489c70cb0dd9bfa9413a082f0bd276582dac13661af7b33f161e7eea?s=96&d=mm&r=g","contentUrl":"https:\/\/secure.gravatar.com\/avatar\/993975ae489c70cb0dd9bfa9413a082f0bd276582dac13661af7b33f161e7eea?s=96&d=mm&r=g","caption":"Mel Pescuezo"},"url":"https:\/\/radiolitoral.com\/ca\/author\/serviciospararadios\/"}]}},"_links":{"self":[{"href":"https:\/\/radiolitoral.com\/ca\/wp-json\/wp\/v2\/posts\/2619","targetHints":{"allow":["GET"]}}],"collection":[{"href":"https:\/\/radiolitoral.com\/ca\/wp-json\/wp\/v2\/posts"}],"about":[{"href":"https:\/\/radiolitoral.com\/ca\/wp-json\/wp\/v2\/types\/post"}],"author":[{"embeddable":true,"href":"https:\/\/radiolitoral.com\/ca\/wp-json\/wp\/v2\/users\/21"}],"replies":[{"embeddable":true,"href":"https:\/\/radiolitoral.com\/ca\/wp-json\/wp\/v2\/comments?post=2619"}],"version-history":[{"count":1,"href":"https:\/\/radiolitoral.com\/ca\/wp-json\/wp\/v2\/posts\/2619\/revisions"}],"predecessor-version":[{"id":2621,"href":"https:\/\/radiolitoral.com\/ca\/wp-json\/wp\/v2\/posts\/2619\/revisions\/2621"}],"wp:featuredmedia":[{"embeddable":true,"href":"https:\/\/radiolitoral.com\/ca\/wp-json\/wp\/v2\/media\/2620"}],"wp:attachment":[{"href":"https:\/\/radiolitoral.com\/ca\/wp-json\/wp\/v2\/media?parent=2619"}],"wp:term":[{"taxonomy":"category","embeddable":true,"href":"https:\/\/radiolitoral.com\/ca\/wp-json\/wp\/v2\/categories?post=2619"},{"taxonomy":"post_tag","embeddable":true,"href":"https:\/\/radiolitoral.com\/ca\/wp-json\/wp\/v2\/tags?post=2619"}],"curies":[{"name":"wp","href":"https:\/\/api.w.org\/{rel}","templated":true}]}}