{"id":2602,"date":"2023-04-28T16:17:20","date_gmt":"2023-04-28T14:17:20","guid":{"rendered":"https:\/\/radiolitoral.com\/?p=2602"},"modified":"2023-04-28T16:17:47","modified_gmt":"2023-04-28T14:17:47","slug":"torna-el-bo-comerc-a-calp","status":"publish","type":"post","link":"https:\/\/radiolitoral.com\/ca\/2023\/04\/vuelve-el-bono-comercio-a-calp\/","title":{"rendered":"Torna el Bo Comer\u00e7 a Calp"},"content":{"rendered":"<p><strong>L&#039;Ajuntament de Calp i Creama, a trav\u00e9s d&#039;AEMCO, engega una nova campanya de Bono \u2013 Comer\u00e7<\/strong> per tal de fomentar les compres al comer\u00e7 local. Els ciutadans empadronats a Calp majors de 18 anys podran sol\u00b7licitar a trav\u00e9s d&#039;una plataforma bons de consum per valor de 20 \u20ac, 50 \u20ac i 100 \u20ac bescanviables als establiments adherits a la campanya.<\/p>\n<p><strong>Els bons estan subvencionats al 50%<\/strong> per als ve\u00efns i ve\u00efnes de Calp i seran bescanviables als comer\u00e7os de proximitat adherits. Amb aquesta campanya els consumidors dupliquen el valor de la compra. Cada ciutad\u00e0 podr\u00e0 sol\u00b7licitar un m\u00e0xim de 100\u20ac en bons i cada bo que adquireixi es podr\u00e0 bescanviar en una sola compra que ha de ser igual o superior al valor del bo.<\/p>\n<p>Els comer\u00e7os s&#039;adheriran al programa mitjan\u00e7ant una sol\u00b7licitud a la web d&#039;AEMCO, empresarioscalpe.es, cosa que podran fer de l&#039;1 al 4 de maig, ambd\u00f3s inclosos.<strong> Del 9 al 31 de maig estar\u00e0 obert el termini per a l&#039;adquisici\u00f3 i el bescanvi de bons<\/strong> als establiments comercials adherits. Els bons es podran adquirir a trav\u00e9s del web bonoconsumocalp.es.<\/p>\n<p>En aquesta ocasi\u00f3 <strong>l&#039;Ajuntament destinar\u00e0 210.000 euros a bons<\/strong>, cosa que suposar\u00e0 una injecci\u00f3 total de 420.000 euros, entre l&#039;aportaci\u00f3 municipal i la inversi\u00f3 dels ciutadans.<\/p>\n<p>&nbsp;<\/p>","protected":false},"excerpt":{"rendered":"<p>El Ayuntamiento de Calp y Creama, a trav\u00e9s de AEMCO, ponen en marcha una nueva campa\u00f1a de Bono \u2013 Comercio con el fin de fomentar las compras en el comercio local. Los ciudadanos empadronados en Calp mayores de 18 a\u00f1os podr\u00e1n solicitar a trav\u00e9s de una plataforma, bonos de consumo por valor de 20 \u20ac, [&#8230;]<\/p>\n<p><a class=\"btn btn-secondary understrap-read-more-link\" href=\"https:\/\/radiolitoral.com\/ca\/2023\/04\/vuelve-el-bono-comercio-a-calp\/\">Continua llegint&#8230;<span class=\"screen-reader-text\"> from Vuelve el Bono Comercio a Calp<\/span><\/a><\/p>\n","protected":false},"author":21,"featured_media":2603,"comment_status":"open","ping_status":"closed","sticky":false,"template":"","format":"standard","meta":{"_acf_changed":false,"inline_featured_image":false,"footnotes":""},"categories":[230],"tags":[621,623,122,622],"class_list":["post-2602","post","type-post","status-publish","format-standard","has-post-thumbnail","hentry","category-comercio","tag-bono-comercio","tag-bono-descuento","tag-calp","tag-descuentos-compra","cobertura-calp"],"acf":[],"yoast_head":"<!-- This site is optimized with the Yoast SEO plugin v27.5 - https:\/\/yoast.com\/product\/yoast-seo-wordpress\/ -->\n<title>Vuelve el Bono Comercio a Calp | R\u00e0dio Litoral<\/title>\n<meta name=\"description\" content=\"Del 9 al 31 de mayo estar\u00e1 abierto el plazo para la adquisici\u00f3n y canjeo de bonos en los comercios adheridos Del 9 al 31 de mayo estar\u00e1 abierto el plazo para la adquisici\u00f3n y canjeo de bonos en los comercios adheridos\" \/>\n<meta name=\"robots\" content=\"index, follow, max-snippet:-1, max-image-preview:large, max-video-preview:-1\" \/>\n<link rel=\"canonical\" href=\"https:\/\/radiolitoral.com\/ca\/2023\/04\/torna-el-bo-comerc-a-calp\/\" \/>\n<meta property=\"og:locale\" content=\"ca_ES\" \/>\n<meta property=\"og:type\" content=\"article\" \/>\n<meta property=\"og:title\" content=\"Vuelve el Bono Comercio a Calp | R\u00e0dio Litoral\" \/>\n<meta property=\"og:description\" content=\"Del 9 al 31 de mayo estar\u00e1 abierto el plazo para la adquisici\u00f3n y canjeo de bonos en los comercios adheridos Del 9 al 31 de mayo estar\u00e1 abierto el plazo para la adquisici\u00f3n y canjeo de bonos en los comercios adheridos\" \/>\n<meta property=\"og:url\" content=\"https:\/\/radiolitoral.com\/ca\/2023\/04\/torna-el-bo-comerc-a-calp\/\" \/>\n<meta property=\"og:site_name\" content=\"R\u00e0dio Litoral\" \/>\n<meta property=\"article:publisher\" content=\"https:\/\/www.facebook.com\/Laradiolitoral\/\" \/>\n<meta property=\"article:published_time\" content=\"2023-04-28T14:17:20+00:00\" \/>\n<meta property=\"article:modified_time\" content=\"2023-04-28T14:17:47+00:00\" \/>\n<meta property=\"og:image\" content=\"https:\/\/media.radiolitoral.com\/wp-content\/uploads\/2023\/04\/28161637\/bono-comercio-calpe.jpg\" \/>\n\t<meta property=\"og:image:width\" content=\"977\" \/>\n\t<meta property=\"og:image:height\" content=\"735\" \/>\n\t<meta property=\"og:image:type\" content=\"image\/jpeg\" \/>\n<meta name=\"author\" content=\"Mel Pescuezo\" \/>\n<meta name=\"twitter:card\" content=\"summary_large_image\" \/>\n<meta name=\"twitter:label1\" content=\"Escrit per\" \/>\n\t<meta name=\"twitter:data1\" content=\"Mel Pescuezo\" \/>\n\t<meta name=\"twitter:label2\" content=\"Temps estimat de lectura\" \/>\n\t<meta name=\"twitter:data2\" content=\"2 minuts\" \/>\n<script type=\"application\/ld+json\" class=\"yoast-schema-graph\">{\"@context\":\"https:\\\/\\\/schema.org\",\"@graph\":[{\"@type\":\"NewsArticle\",\"@id\":\"https:\\\/\\\/radiolitoral.com\\\/2023\\\/04\\\/vuelve-el-bono-comercio-a-calp\\\/#article\",\"isPartOf\":{\"@id\":\"https:\\\/\\\/radiolitoral.com\\\/2023\\\/04\\\/vuelve-el-bono-comercio-a-calp\\\/\"},\"author\":{\"name\":\"Mel Pescuezo\",\"@id\":\"https:\\\/\\\/radiolitoral.com\\\/#\\\/schema\\\/person\\\/aad4f72efa404f85b68e832d24cac059\"},\"headline\":\"Vuelve el Bono Comercio a Calp\",\"datePublished\":\"2023-04-28T14:17:20+00:00\",\"dateModified\":\"2023-04-28T14:17:47+00:00\",\"mainEntityOfPage\":{\"@id\":\"https:\\\/\\\/radiolitoral.com\\\/2023\\\/04\\\/vuelve-el-bono-comercio-a-calp\\\/\"},\"wordCount\":235,\"commentCount\":0,\"publisher\":{\"@id\":\"https:\\\/\\\/radiolitoral.com\\\/#organization\"},\"image\":{\"@id\":\"https:\\\/\\\/radiolitoral.com\\\/2023\\\/04\\\/vuelve-el-bono-comercio-a-calp\\\/#primaryimage\"},\"thumbnailUrl\":\"https:\\\/\\\/media.radiolitoral.com\\\/wp-content\\\/uploads\\\/2023\\\/04\\\/28161637\\\/bono-comercio-calpe.jpg\",\"keywords\":[\"bono comercio\",\"bono descuento\",\"Calp\",\"descuentos compra\"],\"articleSection\":[\"Comercio\"],\"inLanguage\":\"ca\",\"potentialAction\":[{\"@type\":\"CommentAction\",\"name\":\"Comment\",\"target\":[\"https:\\\/\\\/radiolitoral.com\\\/2023\\\/04\\\/vuelve-el-bono-comercio-a-calp\\\/#respond\"]}]},{\"@type\":[\"WebPage\",\"ItemPage\"],\"@id\":\"https:\\\/\\\/radiolitoral.com\\\/2023\\\/04\\\/vuelve-el-bono-comercio-a-calp\\\/\",\"url\":\"https:\\\/\\\/radiolitoral.com\\\/2023\\\/04\\\/vuelve-el-bono-comercio-a-calp\\\/\",\"name\":\"Vuelve el Bono Comercio a Calp | R\u00e0dio Litoral\",\"isPartOf\":{\"@id\":\"https:\\\/\\\/radiolitoral.com\\\/#website\"},\"primaryImageOfPage\":{\"@id\":\"https:\\\/\\\/radiolitoral.com\\\/2023\\\/04\\\/vuelve-el-bono-comercio-a-calp\\\/#primaryimage\"},\"image\":{\"@id\":\"https:\\\/\\\/radiolitoral.com\\\/2023\\\/04\\\/vuelve-el-bono-comercio-a-calp\\\/#primaryimage\"},\"thumbnailUrl\":\"https:\\\/\\\/media.radiolitoral.com\\\/wp-content\\\/uploads\\\/2023\\\/04\\\/28161637\\\/bono-comercio-calpe.jpg\",\"datePublished\":\"2023-04-28T14:17:20+00:00\",\"dateModified\":\"2023-04-28T14:17:47+00:00\",\"description\":\"Del 9 al 31 de mayo estar\u00e1 abierto el plazo para la adquisici\u00f3n y canjeo de bonos en los comercios adheridos Del 9 al 31 de mayo estar\u00e1 abierto el plazo para la adquisici\u00f3n y canjeo de bonos en los comercios adheridos\",\"breadcrumb\":{\"@id\":\"https:\\\/\\\/radiolitoral.com\\\/2023\\\/04\\\/vuelve-el-bono-comercio-a-calp\\\/#breadcrumb\"},\"inLanguage\":\"ca\",\"potentialAction\":[{\"@type\":\"ReadAction\",\"target\":[\"https:\\\/\\\/radiolitoral.com\\\/2023\\\/04\\\/vuelve-el-bono-comercio-a-calp\\\/\"]}]},{\"@type\":\"ImageObject\",\"inLanguage\":\"ca\",\"@id\":\"https:\\\/\\\/radiolitoral.com\\\/2023\\\/04\\\/vuelve-el-bono-comercio-a-calp\\\/#primaryimage\",\"url\":\"https:\\\/\\\/media.radiolitoral.com\\\/wp-content\\\/uploads\\\/2023\\\/04\\\/28161637\\\/bono-comercio-calpe.jpg\",\"contentUrl\":\"https:\\\/\\\/media.radiolitoral.com\\\/wp-content\\\/uploads\\\/2023\\\/04\\\/28161637\\\/bono-comercio-calpe.jpg\",\"width\":977,\"height\":735},{\"@type\":\"BreadcrumbList\",\"@id\":\"https:\\\/\\\/radiolitoral.com\\\/2023\\\/04\\\/vuelve-el-bono-comercio-a-calp\\\/#breadcrumb\",\"itemListElement\":[{\"@type\":\"ListItem\",\"position\":1,\"name\":\"Portada\",\"item\":\"https:\\\/\\\/radiolitoral.com\\\/\"},{\"@type\":\"ListItem\",\"position\":2,\"name\":\"Vuelve el Bono Comercio a Calp\"}]},{\"@type\":\"WebSite\",\"@id\":\"https:\\\/\\\/radiolitoral.com\\\/#website\",\"url\":\"https:\\\/\\\/radiolitoral.com\\\/\",\"name\":\"Radio Litoral\",\"description\":\"La radio local de la Marina Alta\",\"publisher\":{\"@id\":\"https:\\\/\\\/radiolitoral.com\\\/#organization\"},\"alternateName\":\"Litoral FM\",\"potentialAction\":[{\"@type\":\"SearchAction\",\"target\":{\"@type\":\"EntryPoint\",\"urlTemplate\":\"https:\\\/\\\/radiolitoral.com\\\/?s={search_term_string}\"},\"query-input\":{\"@type\":\"PropertyValueSpecification\",\"valueRequired\":true,\"valueName\":\"search_term_string\"}}],\"inLanguage\":\"ca\"},{\"@type\":\"Organization\",\"@id\":\"https:\\\/\\\/radiolitoral.com\\\/#organization\",\"name\":\"Radio Litoral\",\"url\":\"https:\\\/\\\/radiolitoral.com\\\/\",\"logo\":{\"@type\":\"ImageObject\",\"inLanguage\":\"ca\",\"@id\":\"https:\\\/\\\/radiolitoral.com\\\/#\\\/schema\\\/logo\\\/image\\\/\",\"url\":\"https:\\\/\\\/media.radiolitoral.com\\\/wp-content\\\/uploads\\\/2023\\\/02\\\/24143238\\\/CL-V-RadioLitoral696.png\",\"contentUrl\":\"https:\\\/\\\/media.radiolitoral.com\\\/wp-content\\\/uploads\\\/2023\\\/02\\\/24143238\\\/CL-V-RadioLitoral696.png\",\"width\":696,\"height\":696,\"caption\":\"Radio Litoral\"},\"image\":{\"@id\":\"https:\\\/\\\/radiolitoral.com\\\/#\\\/schema\\\/logo\\\/image\\\/\"},\"sameAs\":[\"https:\\\/\\\/www.facebook.com\\\/Laradiolitoral\\\/\"]},{\"@type\":\"Person\",\"@id\":\"https:\\\/\\\/radiolitoral.com\\\/#\\\/schema\\\/person\\\/aad4f72efa404f85b68e832d24cac059\",\"name\":\"Mel Pescuezo\",\"image\":{\"@type\":\"ImageObject\",\"inLanguage\":\"ca\",\"@id\":\"https:\\\/\\\/secure.gravatar.com\\\/avatar\\\/993975ae489c70cb0dd9bfa9413a082f0bd276582dac13661af7b33f161e7eea?s=96&d=mm&r=g\",\"url\":\"https:\\\/\\\/secure.gravatar.com\\\/avatar\\\/993975ae489c70cb0dd9bfa9413a082f0bd276582dac13661af7b33f161e7eea?s=96&d=mm&r=g\",\"contentUrl\":\"https:\\\/\\\/secure.gravatar.com\\\/avatar\\\/993975ae489c70cb0dd9bfa9413a082f0bd276582dac13661af7b33f161e7eea?s=96&d=mm&r=g\",\"caption\":\"Mel Pescuezo\"},\"url\":\"https:\\\/\\\/radiolitoral.com\\\/ca\\\/author\\\/serviciospararadios\\\/\"}]}<\/script>\n<!-- \/ Yoast SEO plugin. -->","yoast_head_json":{"title":"Torna el Bo Comer\u00e7 a Calp | R\u00e0dio Litoral","description":"Del 9 al 31 de maig estar\u00e0 obert el termini per a l&#039;adquisici\u00f3 i el bescanvi de bons als comer\u00e7os adherits Del 9 al 31 de maig estar\u00e0 obert el termini per a l&#039;adquisici\u00f3 i el bescanvi de bons als comer\u00e7os adherits","robots":{"index":"index","follow":"follow","max-snippet":"max-snippet:-1","max-image-preview":"max-image-preview:large","max-video-preview":"max-video-preview:-1"},"canonical":"https:\/\/radiolitoral.com\/ca\/2023\/04\/torna-el-bo-comerc-a-calp\/","og_locale":"ca_ES","og_type":"article","og_title":"Vuelve el Bono Comercio a Calp | R\u00e0dio Litoral","og_description":"Del 9 al 31 de mayo estar\u00e1 abierto el plazo para la adquisici\u00f3n y canjeo de bonos en los comercios adheridos Del 9 al 31 de mayo estar\u00e1 abierto el plazo para la adquisici\u00f3n y canjeo de bonos en los comercios adheridos","og_url":"https:\/\/radiolitoral.com\/ca\/2023\/04\/torna-el-bo-comerc-a-calp\/","og_site_name":"R\u00e0dio Litoral","article_publisher":"https:\/\/www.facebook.com\/Laradiolitoral\/","article_published_time":"2023-04-28T14:17:20+00:00","article_modified_time":"2023-04-28T14:17:47+00:00","og_image":[{"width":977,"height":735,"url":"https:\/\/media.radiolitoral.com\/wp-content\/uploads\/2023\/04\/28161637\/bono-comercio-calpe.jpg","type":"image\/jpeg"}],"author":"Mel Pescuezo","twitter_card":"summary_large_image","twitter_misc":{"Escrit per":"Mel Pescuezo","Temps estimat de lectura":"2 minuts"},"schema":{"@context":"https:\/\/schema.org","@graph":[{"@type":"NewsArticle","@id":"https:\/\/radiolitoral.com\/2023\/04\/vuelve-el-bono-comercio-a-calp\/#article","isPartOf":{"@id":"https:\/\/radiolitoral.com\/2023\/04\/vuelve-el-bono-comercio-a-calp\/"},"author":{"name":"Mel Pescuezo","@id":"https:\/\/radiolitoral.com\/#\/schema\/person\/aad4f72efa404f85b68e832d24cac059"},"headline":"Vuelve el Bono Comercio a Calp","datePublished":"2023-04-28T14:17:20+00:00","dateModified":"2023-04-28T14:17:47+00:00","mainEntityOfPage":{"@id":"https:\/\/radiolitoral.com\/2023\/04\/vuelve-el-bono-comercio-a-calp\/"},"wordCount":235,"commentCount":0,"publisher":{"@id":"https:\/\/radiolitoral.com\/#organization"},"image":{"@id":"https:\/\/radiolitoral.com\/2023\/04\/vuelve-el-bono-comercio-a-calp\/#primaryimage"},"thumbnailUrl":"https:\/\/media.radiolitoral.com\/wp-content\/uploads\/2023\/04\/28161637\/bono-comercio-calpe.jpg","keywords":["bono comercio","bono descuento","Calp","descuentos compra"],"articleSection":["Comercio"],"inLanguage":"ca","potentialAction":[{"@type":"CommentAction","name":"Comment","target":["https:\/\/radiolitoral.com\/2023\/04\/vuelve-el-bono-comercio-a-calp\/#respond"]}]},{"@type":["WebPage","ItemPage"],"@id":"https:\/\/radiolitoral.com\/2023\/04\/vuelve-el-bono-comercio-a-calp\/","url":"https:\/\/radiolitoral.com\/2023\/04\/vuelve-el-bono-comercio-a-calp\/","name":"Torna el Bo Comer\u00e7 a Calp | R\u00e0dio Litoral","isPartOf":{"@id":"https:\/\/radiolitoral.com\/#website"},"primaryImageOfPage":{"@id":"https:\/\/radiolitoral.com\/2023\/04\/vuelve-el-bono-comercio-a-calp\/#primaryimage"},"image":{"@id":"https:\/\/radiolitoral.com\/2023\/04\/vuelve-el-bono-comercio-a-calp\/#primaryimage"},"thumbnailUrl":"https:\/\/media.radiolitoral.com\/wp-content\/uploads\/2023\/04\/28161637\/bono-comercio-calpe.jpg","datePublished":"2023-04-28T14:17:20+00:00","dateModified":"2023-04-28T14:17:47+00:00","description":"Del 9 al 31 de maig estar\u00e0 obert el termini per a l&#039;adquisici\u00f3 i el bescanvi de bons als comer\u00e7os adherits Del 9 al 31 de maig estar\u00e0 obert el termini per a l&#039;adquisici\u00f3 i el bescanvi de bons als comer\u00e7os adherits","breadcrumb":{"@id":"https:\/\/radiolitoral.com\/2023\/04\/vuelve-el-bono-comercio-a-calp\/#breadcrumb"},"inLanguage":"ca","potentialAction":[{"@type":"ReadAction","target":["https:\/\/radiolitoral.com\/2023\/04\/vuelve-el-bono-comercio-a-calp\/"]}]},{"@type":"ImageObject","inLanguage":"ca","@id":"https:\/\/radiolitoral.com\/2023\/04\/vuelve-el-bono-comercio-a-calp\/#primaryimage","url":"https:\/\/media.radiolitoral.com\/wp-content\/uploads\/2023\/04\/28161637\/bono-comercio-calpe.jpg","contentUrl":"https:\/\/media.radiolitoral.com\/wp-content\/uploads\/2023\/04\/28161637\/bono-comercio-calpe.jpg","width":977,"height":735},{"@type":"BreadcrumbList","@id":"https:\/\/radiolitoral.com\/2023\/04\/vuelve-el-bono-comercio-a-calp\/#breadcrumb","itemListElement":[{"@type":"ListItem","position":1,"name":"Portada","item":"https:\/\/radiolitoral.com\/"},{"@type":"ListItem","position":2,"name":"Vuelve el Bono Comercio a Calp"}]},{"@type":"WebSite","@id":"https:\/\/radiolitoral.com\/#website","url":"https:\/\/radiolitoral.com\/","name":"R\u00e0dio Litoral","description":"La r\u00e0dio local de la Marina Alta","publisher":{"@id":"https:\/\/radiolitoral.com\/#organization"},"alternateName":"Litoral FM","potentialAction":[{"@type":"SearchAction","target":{"@type":"EntryPoint","urlTemplate":"https:\/\/radiolitoral.com\/?s={search_term_string}"},"query-input":{"@type":"PropertyValueSpecification","valueRequired":true,"valueName":"search_term_string"}}],"inLanguage":"ca"},{"@type":"Organization","@id":"https:\/\/radiolitoral.com\/#organization","name":"R\u00e0dio Litoral","url":"https:\/\/radiolitoral.com\/","logo":{"@type":"ImageObject","inLanguage":"ca","@id":"https:\/\/radiolitoral.com\/#\/schema\/logo\/image\/","url":"https:\/\/media.radiolitoral.com\/wp-content\/uploads\/2023\/02\/24143238\/CL-V-RadioLitoral696.png","contentUrl":"https:\/\/media.radiolitoral.com\/wp-content\/uploads\/2023\/02\/24143238\/CL-V-RadioLitoral696.png","width":696,"height":696,"caption":"Radio Litoral"},"image":{"@id":"https:\/\/radiolitoral.com\/#\/schema\/logo\/image\/"},"sameAs":["https:\/\/www.facebook.com\/Laradiolitoral\/"]},{"@type":"Person","@id":"https:\/\/radiolitoral.com\/#\/schema\/person\/aad4f72efa404f85b68e832d24cac059","name":"Mel Pescuezo","image":{"@type":"ImageObject","inLanguage":"ca","@id":"https:\/\/secure.gravatar.com\/avatar\/993975ae489c70cb0dd9bfa9413a082f0bd276582dac13661af7b33f161e7eea?s=96&d=mm&r=g","url":"https:\/\/secure.gravatar.com\/avatar\/993975ae489c70cb0dd9bfa9413a082f0bd276582dac13661af7b33f161e7eea?s=96&d=mm&r=g","contentUrl":"https:\/\/secure.gravatar.com\/avatar\/993975ae489c70cb0dd9bfa9413a082f0bd276582dac13661af7b33f161e7eea?s=96&d=mm&r=g","caption":"Mel Pescuezo"},"url":"https:\/\/radiolitoral.com\/ca\/author\/serviciospararadios\/"}]}},"_links":{"self":[{"href":"https:\/\/radiolitoral.com\/ca\/wp-json\/wp\/v2\/posts\/2602","targetHints":{"allow":["GET"]}}],"collection":[{"href":"https:\/\/radiolitoral.com\/ca\/wp-json\/wp\/v2\/posts"}],"about":[{"href":"https:\/\/radiolitoral.com\/ca\/wp-json\/wp\/v2\/types\/post"}],"author":[{"embeddable":true,"href":"https:\/\/radiolitoral.com\/ca\/wp-json\/wp\/v2\/users\/21"}],"replies":[{"embeddable":true,"href":"https:\/\/radiolitoral.com\/ca\/wp-json\/wp\/v2\/comments?post=2602"}],"version-history":[{"count":1,"href":"https:\/\/radiolitoral.com\/ca\/wp-json\/wp\/v2\/posts\/2602\/revisions"}],"predecessor-version":[{"id":2604,"href":"https:\/\/radiolitoral.com\/ca\/wp-json\/wp\/v2\/posts\/2602\/revisions\/2604"}],"wp:featuredmedia":[{"embeddable":true,"href":"https:\/\/radiolitoral.com\/ca\/wp-json\/wp\/v2\/media\/2603"}],"wp:attachment":[{"href":"https:\/\/radiolitoral.com\/ca\/wp-json\/wp\/v2\/media?parent=2602"}],"wp:term":[{"taxonomy":"category","embeddable":true,"href":"https:\/\/radiolitoral.com\/ca\/wp-json\/wp\/v2\/categories?post=2602"},{"taxonomy":"post_tag","embeddable":true,"href":"https:\/\/radiolitoral.com\/ca\/wp-json\/wp\/v2\/tags?post=2602"}],"curies":[{"name":"wp","href":"https:\/\/api.w.org\/{rel}","templated":true}]}}