{"id":2582,"date":"2023-04-27T18:16:02","date_gmt":"2023-04-27T16:16:02","guid":{"rendered":"https:\/\/radiolitoral.com\/?p=2582"},"modified":"2023-04-27T18:16:26","modified_gmt":"2023-04-27T16:16:26","slug":"mes-de-250-000-usuaris-a-la-linia-9-del-tram-des-de-la-seva-arribada-fins-a-denia","status":"publish","type":"post","link":"https:\/\/radiolitoral.com\/ca\/2023\/04\/mas-de-250-000-usuarios-en-la-linea-9-del-tram-desde-su-llegada-hasta-denia\/","title":{"rendered":"M\u00e9s de 250.000 usuaris a la l\u00ednia 9 del TRAM des de la seva arribada fins a D\u00e9nia"},"content":{"rendered":"<p>M\u00e9s de 250.000 persones usen la l\u00ednia 9 del TRAM des de la posada en funcionament del tram fins a D\u00e9nia. Aix\u00ed ho han fet p\u00fablic fonts de la Generalitat. La L\u00ednia 9 de TRAM d&#039;Alacant (Benidorm-D\u00e9nia) ha registrat un total de <strong>258.484 persones usu\u00e0ries en tres mesos<\/strong>, en concret els que van des que la Generalitat va posar en servei el tram ferroviari Gata de Gorgos-D\u00e9nia, el 16 de gener passat, fins al 15 d&#039;abril.<\/p>\n<p>Aquestes dades suposen un increment del 88,14% respecte a les mateixes dates del passat any i un 66,44% si es retrotreuen les xifres als primers tres mesos del 2016, any en qu\u00e8 es va interrompre el servei ferroviari per iniciar el projecte de modernitzaci\u00f3 de la L\u00ednia 9, ha indicat la Generalitat en un comunicat.<\/p>\n<p>Per estacions, la de <strong>Benidorm, amb 70.567 viatgers<\/strong> i viatgeres a la L\u00ednia 9, va ser la que m\u00e9s volum de despla\u00e7aments va experimentar, seguida de <strong>D\u00e9nia, amb 23.094<\/strong>. Per tant, la primera i \u00faltima estaci\u00f3 del recorregut, segons el sentit del trajecte, s\u00f3n les que acaparen m\u00e9s persones usu\u00e0ries.<\/p>\n<p>Despr\u00e9s, se situen <strong>Teulada, amb 35.250<\/strong>; Altea, amb 20.754; Calp, amb 19.473; Benidorm Intermodal, amb 18.336; Garganes, amb 17.819; Benissa, amb 9.214; L&#039;Albir, amb 8.471 i Alf\u00e0s del Pi, amb 8.197 persones usu\u00e0ries.<\/p>\n<p>Cal destacar tamb\u00e9, entre les dades fetes p\u00fabliques, que l&#039;estaci\u00f3 de Teulada, ha multiplicat per quatre els usuaris.<\/p>","protected":false},"excerpt":{"rendered":"<p>M\u00e1s de 250.000 personas usan la l\u00ednea 9 del TRAM desde la puesta en funcionamiento del tramo hasta D\u00e9nia. As\u00ed lo han hecho p\u00fablico fuentes de la Generalitat. La L\u00ednea 9 de TRAM d&#8217;Alacant (Benidorm-D\u00e9nia) ha registrado un total de 258.484 personas usuarias en tres meses, en concreto los que van desde que la Generalitat [&#8230;]<\/p>\n<p><a class=\"btn btn-secondary understrap-read-more-link\" href=\"https:\/\/radiolitoral.com\/ca\/2023\/04\/mas-de-250-000-usuarios-en-la-linea-9-del-tram-desde-su-llegada-hasta-denia\/\">Continua llegint&#8230;<span class=\"screen-reader-text\"> from M\u00e1s de 250.000 usuarios en la l\u00ednea 9 del TRAM desde su llegada hasta D\u00e9nia<\/span><\/a><\/p>\n","protected":false},"author":21,"featured_media":2327,"comment_status":"open","ping_status":"closed","sticky":false,"template":"","format":"standard","meta":{"_acf_changed":false,"inline_featured_image":false,"footnotes":""},"categories":[85],"tags":[615,124,356,560],"class_list":["post-2582","post","type-post","status-publish","format-standard","has-post-thumbnail","hentry","category-servicios-publicos","tag-linea-9","tag-tram","tag-tren","tag-tren-marina"],"acf":[],"yoast_head":"<!-- This site is optimized with the Yoast SEO plugin v27.5 - https:\/\/yoast.com\/product\/yoast-seo-wordpress\/ -->\n<title>M\u00e1s de 250.000 usuarios en la l\u00ednea 9 del TRAM desde su llegada hasta D\u00e9nia | R\u00e0dio Litoral<\/title>\n<meta name=\"description\" content=\"Benidorm y D\u00e9nia son las que mayor afluencia registran\" \/>\n<meta name=\"robots\" content=\"index, follow, max-snippet:-1, max-image-preview:large, max-video-preview:-1\" \/>\n<link rel=\"canonical\" href=\"https:\/\/radiolitoral.com\/ca\/2023\/04\/mes-de-250-000-usuaris-a-la-linia-9-del-tram-des-de-la-seva-arribada-fins-a-denia\/\" \/>\n<meta property=\"og:locale\" content=\"ca_ES\" \/>\n<meta property=\"og:type\" content=\"article\" \/>\n<meta property=\"og:title\" content=\"M\u00e1s de 250.000 usuarios en la l\u00ednea 9 del TRAM desde su llegada hasta D\u00e9nia | R\u00e0dio Litoral\" \/>\n<meta property=\"og:description\" content=\"Benidorm y D\u00e9nia son las que mayor afluencia registran\" \/>\n<meta property=\"og:url\" content=\"https:\/\/radiolitoral.com\/ca\/2023\/04\/mes-de-250-000-usuaris-a-la-linia-9-del-tram-des-de-la-seva-arribada-fins-a-denia\/\" \/>\n<meta property=\"og:site_name\" content=\"R\u00e0dio Litoral\" \/>\n<meta property=\"article:publisher\" content=\"https:\/\/www.facebook.com\/Laradiolitoral\/\" \/>\n<meta property=\"article:published_time\" content=\"2023-04-27T16:16:02+00:00\" \/>\n<meta property=\"article:modified_time\" content=\"2023-04-27T16:16:26+00:00\" \/>\n<meta property=\"og:image\" content=\"https:\/\/media.radiolitoral.com\/wp-content\/uploads\/2023\/04\/18200941\/tren.jpg\" \/>\n\t<meta property=\"og:image:width\" content=\"1374\" \/>\n\t<meta property=\"og:image:height\" content=\"774\" \/>\n\t<meta property=\"og:image:type\" content=\"image\/jpeg\" \/>\n<meta name=\"author\" content=\"Mel Pescuezo\" \/>\n<meta name=\"twitter:card\" content=\"summary_large_image\" \/>\n<meta name=\"twitter:label1\" content=\"Escrit per\" \/>\n\t<meta name=\"twitter:data1\" content=\"Mel Pescuezo\" \/>\n\t<meta name=\"twitter:label2\" content=\"Temps estimat de lectura\" \/>\n\t<meta name=\"twitter:data2\" content=\"2 minuts\" \/>\n<script type=\"application\/ld+json\" class=\"yoast-schema-graph\">{\"@context\":\"https:\\\/\\\/schema.org\",\"@graph\":[{\"@type\":\"NewsArticle\",\"@id\":\"https:\\\/\\\/radiolitoral.com\\\/2023\\\/04\\\/mas-de-250-000-usuarios-en-la-linea-9-del-tram-desde-su-llegada-hasta-denia\\\/#article\",\"isPartOf\":{\"@id\":\"https:\\\/\\\/radiolitoral.com\\\/2023\\\/04\\\/mas-de-250-000-usuarios-en-la-linea-9-del-tram-desde-su-llegada-hasta-denia\\\/\"},\"author\":{\"name\":\"Mel Pescuezo\",\"@id\":\"https:\\\/\\\/radiolitoral.com\\\/#\\\/schema\\\/person\\\/aad4f72efa404f85b68e832d24cac059\"},\"headline\":\"M\u00e1s de 250.000 usuarios en la l\u00ednea 9 del TRAM desde su llegada hasta D\u00e9nia\",\"datePublished\":\"2023-04-27T16:16:02+00:00\",\"dateModified\":\"2023-04-27T16:16:26+00:00\",\"mainEntityOfPage\":{\"@id\":\"https:\\\/\\\/radiolitoral.com\\\/2023\\\/04\\\/mas-de-250-000-usuarios-en-la-linea-9-del-tram-desde-su-llegada-hasta-denia\\\/\"},\"wordCount\":249,\"commentCount\":0,\"publisher\":{\"@id\":\"https:\\\/\\\/radiolitoral.com\\\/#organization\"},\"image\":{\"@id\":\"https:\\\/\\\/radiolitoral.com\\\/2023\\\/04\\\/mas-de-250-000-usuarios-en-la-linea-9-del-tram-desde-su-llegada-hasta-denia\\\/#primaryimage\"},\"thumbnailUrl\":\"https:\\\/\\\/media.radiolitoral.com\\\/wp-content\\\/uploads\\\/2023\\\/04\\\/18200941\\\/tren.jpg\",\"keywords\":[\"linea 9\",\"TRAM\",\"tren\",\"tren Marina\"],\"articleSection\":[\"Servicios P\u00fablicos\"],\"inLanguage\":\"ca\",\"potentialAction\":[{\"@type\":\"CommentAction\",\"name\":\"Comment\",\"target\":[\"https:\\\/\\\/radiolitoral.com\\\/2023\\\/04\\\/mas-de-250-000-usuarios-en-la-linea-9-del-tram-desde-su-llegada-hasta-denia\\\/#respond\"]}]},{\"@type\":[\"WebPage\",\"ItemPage\"],\"@id\":\"https:\\\/\\\/radiolitoral.com\\\/2023\\\/04\\\/mas-de-250-000-usuarios-en-la-linea-9-del-tram-desde-su-llegada-hasta-denia\\\/\",\"url\":\"https:\\\/\\\/radiolitoral.com\\\/2023\\\/04\\\/mas-de-250-000-usuarios-en-la-linea-9-del-tram-desde-su-llegada-hasta-denia\\\/\",\"name\":\"M\u00e1s de 250.000 usuarios en la l\u00ednea 9 del TRAM desde su llegada hasta D\u00e9nia | R\u00e0dio Litoral\",\"isPartOf\":{\"@id\":\"https:\\\/\\\/radiolitoral.com\\\/#website\"},\"primaryImageOfPage\":{\"@id\":\"https:\\\/\\\/radiolitoral.com\\\/2023\\\/04\\\/mas-de-250-000-usuarios-en-la-linea-9-del-tram-desde-su-llegada-hasta-denia\\\/#primaryimage\"},\"image\":{\"@id\":\"https:\\\/\\\/radiolitoral.com\\\/2023\\\/04\\\/mas-de-250-000-usuarios-en-la-linea-9-del-tram-desde-su-llegada-hasta-denia\\\/#primaryimage\"},\"thumbnailUrl\":\"https:\\\/\\\/media.radiolitoral.com\\\/wp-content\\\/uploads\\\/2023\\\/04\\\/18200941\\\/tren.jpg\",\"datePublished\":\"2023-04-27T16:16:02+00:00\",\"dateModified\":\"2023-04-27T16:16:26+00:00\",\"description\":\"Benidorm y D\u00e9nia son las que mayor afluencia registran\",\"breadcrumb\":{\"@id\":\"https:\\\/\\\/radiolitoral.com\\\/2023\\\/04\\\/mas-de-250-000-usuarios-en-la-linea-9-del-tram-desde-su-llegada-hasta-denia\\\/#breadcrumb\"},\"inLanguage\":\"ca\",\"potentialAction\":[{\"@type\":\"ReadAction\",\"target\":[\"https:\\\/\\\/radiolitoral.com\\\/2023\\\/04\\\/mas-de-250-000-usuarios-en-la-linea-9-del-tram-desde-su-llegada-hasta-denia\\\/\"]}]},{\"@type\":\"ImageObject\",\"inLanguage\":\"ca\",\"@id\":\"https:\\\/\\\/radiolitoral.com\\\/2023\\\/04\\\/mas-de-250-000-usuarios-en-la-linea-9-del-tram-desde-su-llegada-hasta-denia\\\/#primaryimage\",\"url\":\"https:\\\/\\\/media.radiolitoral.com\\\/wp-content\\\/uploads\\\/2023\\\/04\\\/18200941\\\/tren.jpg\",\"contentUrl\":\"https:\\\/\\\/media.radiolitoral.com\\\/wp-content\\\/uploads\\\/2023\\\/04\\\/18200941\\\/tren.jpg\",\"width\":1374,\"height\":774},{\"@type\":\"BreadcrumbList\",\"@id\":\"https:\\\/\\\/radiolitoral.com\\\/2023\\\/04\\\/mas-de-250-000-usuarios-en-la-linea-9-del-tram-desde-su-llegada-hasta-denia\\\/#breadcrumb\",\"itemListElement\":[{\"@type\":\"ListItem\",\"position\":1,\"name\":\"Portada\",\"item\":\"https:\\\/\\\/radiolitoral.com\\\/\"},{\"@type\":\"ListItem\",\"position\":2,\"name\":\"M\u00e1s de 250.000 usuarios en la l\u00ednea 9 del TRAM desde su llegada hasta D\u00e9nia\"}]},{\"@type\":\"WebSite\",\"@id\":\"https:\\\/\\\/radiolitoral.com\\\/#website\",\"url\":\"https:\\\/\\\/radiolitoral.com\\\/\",\"name\":\"Radio Litoral\",\"description\":\"La radio local de la Marina Alta\",\"publisher\":{\"@id\":\"https:\\\/\\\/radiolitoral.com\\\/#organization\"},\"alternateName\":\"Litoral FM\",\"potentialAction\":[{\"@type\":\"SearchAction\",\"target\":{\"@type\":\"EntryPoint\",\"urlTemplate\":\"https:\\\/\\\/radiolitoral.com\\\/?s={search_term_string}\"},\"query-input\":{\"@type\":\"PropertyValueSpecification\",\"valueRequired\":true,\"valueName\":\"search_term_string\"}}],\"inLanguage\":\"ca\"},{\"@type\":\"Organization\",\"@id\":\"https:\\\/\\\/radiolitoral.com\\\/#organization\",\"name\":\"Radio Litoral\",\"url\":\"https:\\\/\\\/radiolitoral.com\\\/\",\"logo\":{\"@type\":\"ImageObject\",\"inLanguage\":\"ca\",\"@id\":\"https:\\\/\\\/radiolitoral.com\\\/#\\\/schema\\\/logo\\\/image\\\/\",\"url\":\"https:\\\/\\\/media.radiolitoral.com\\\/wp-content\\\/uploads\\\/2023\\\/02\\\/24143238\\\/CL-V-RadioLitoral696.png\",\"contentUrl\":\"https:\\\/\\\/media.radiolitoral.com\\\/wp-content\\\/uploads\\\/2023\\\/02\\\/24143238\\\/CL-V-RadioLitoral696.png\",\"width\":696,\"height\":696,\"caption\":\"Radio Litoral\"},\"image\":{\"@id\":\"https:\\\/\\\/radiolitoral.com\\\/#\\\/schema\\\/logo\\\/image\\\/\"},\"sameAs\":[\"https:\\\/\\\/www.facebook.com\\\/Laradiolitoral\\\/\"]},{\"@type\":\"Person\",\"@id\":\"https:\\\/\\\/radiolitoral.com\\\/#\\\/schema\\\/person\\\/aad4f72efa404f85b68e832d24cac059\",\"name\":\"Mel Pescuezo\",\"image\":{\"@type\":\"ImageObject\",\"inLanguage\":\"ca\",\"@id\":\"https:\\\/\\\/secure.gravatar.com\\\/avatar\\\/993975ae489c70cb0dd9bfa9413a082f0bd276582dac13661af7b33f161e7eea?s=96&d=mm&r=g\",\"url\":\"https:\\\/\\\/secure.gravatar.com\\\/avatar\\\/993975ae489c70cb0dd9bfa9413a082f0bd276582dac13661af7b33f161e7eea?s=96&d=mm&r=g\",\"contentUrl\":\"https:\\\/\\\/secure.gravatar.com\\\/avatar\\\/993975ae489c70cb0dd9bfa9413a082f0bd276582dac13661af7b33f161e7eea?s=96&d=mm&r=g\",\"caption\":\"Mel Pescuezo\"},\"url\":\"https:\\\/\\\/radiolitoral.com\\\/ca\\\/author\\\/serviciospararadios\\\/\"}]}<\/script>\n<!-- \/ Yoast SEO plugin. -->","yoast_head_json":{"title":"M\u00e9s de 250.000 usuaris a la l\u00ednia 9 del TRAM des de la seva arribada fins a D\u00e9nia | R\u00e0dio Litoral","description":"Benidorm i D\u00e9nia s\u00f3n les que m\u00e9s aflu\u00e8ncia registren","robots":{"index":"index","follow":"follow","max-snippet":"max-snippet:-1","max-image-preview":"max-image-preview:large","max-video-preview":"max-video-preview:-1"},"canonical":"https:\/\/radiolitoral.com\/ca\/2023\/04\/mes-de-250-000-usuaris-a-la-linia-9-del-tram-des-de-la-seva-arribada-fins-a-denia\/","og_locale":"ca_ES","og_type":"article","og_title":"M\u00e1s de 250.000 usuarios en la l\u00ednea 9 del TRAM desde su llegada hasta D\u00e9nia | R\u00e0dio Litoral","og_description":"Benidorm y D\u00e9nia son las que mayor afluencia registran","og_url":"https:\/\/radiolitoral.com\/ca\/2023\/04\/mes-de-250-000-usuaris-a-la-linia-9-del-tram-des-de-la-seva-arribada-fins-a-denia\/","og_site_name":"R\u00e0dio Litoral","article_publisher":"https:\/\/www.facebook.com\/Laradiolitoral\/","article_published_time":"2023-04-27T16:16:02+00:00","article_modified_time":"2023-04-27T16:16:26+00:00","og_image":[{"width":1374,"height":774,"url":"https:\/\/media.radiolitoral.com\/wp-content\/uploads\/2023\/04\/18200941\/tren.jpg","type":"image\/jpeg"}],"author":"Mel Pescuezo","twitter_card":"summary_large_image","twitter_misc":{"Escrit per":"Mel Pescuezo","Temps estimat de lectura":"2 minuts"},"schema":{"@context":"https:\/\/schema.org","@graph":[{"@type":"NewsArticle","@id":"https:\/\/radiolitoral.com\/2023\/04\/mas-de-250-000-usuarios-en-la-linea-9-del-tram-desde-su-llegada-hasta-denia\/#article","isPartOf":{"@id":"https:\/\/radiolitoral.com\/2023\/04\/mas-de-250-000-usuarios-en-la-linea-9-del-tram-desde-su-llegada-hasta-denia\/"},"author":{"name":"Mel Pescuezo","@id":"https:\/\/radiolitoral.com\/#\/schema\/person\/aad4f72efa404f85b68e832d24cac059"},"headline":"M\u00e1s de 250.000 usuarios en la l\u00ednea 9 del TRAM desde su llegada hasta D\u00e9nia","datePublished":"2023-04-27T16:16:02+00:00","dateModified":"2023-04-27T16:16:26+00:00","mainEntityOfPage":{"@id":"https:\/\/radiolitoral.com\/2023\/04\/mas-de-250-000-usuarios-en-la-linea-9-del-tram-desde-su-llegada-hasta-denia\/"},"wordCount":249,"commentCount":0,"publisher":{"@id":"https:\/\/radiolitoral.com\/#organization"},"image":{"@id":"https:\/\/radiolitoral.com\/2023\/04\/mas-de-250-000-usuarios-en-la-linea-9-del-tram-desde-su-llegada-hasta-denia\/#primaryimage"},"thumbnailUrl":"https:\/\/media.radiolitoral.com\/wp-content\/uploads\/2023\/04\/18200941\/tren.jpg","keywords":["linea 9","TRAM","tren","tren Marina"],"articleSection":["Servicios P\u00fablicos"],"inLanguage":"ca","potentialAction":[{"@type":"CommentAction","name":"Comment","target":["https:\/\/radiolitoral.com\/2023\/04\/mas-de-250-000-usuarios-en-la-linea-9-del-tram-desde-su-llegada-hasta-denia\/#respond"]}]},{"@type":["WebPage","ItemPage"],"@id":"https:\/\/radiolitoral.com\/2023\/04\/mas-de-250-000-usuarios-en-la-linea-9-del-tram-desde-su-llegada-hasta-denia\/","url":"https:\/\/radiolitoral.com\/2023\/04\/mas-de-250-000-usuarios-en-la-linea-9-del-tram-desde-su-llegada-hasta-denia\/","name":"M\u00e9s de 250.000 usuaris a la l\u00ednia 9 del TRAM des de la seva arribada fins a D\u00e9nia | R\u00e0dio Litoral","isPartOf":{"@id":"https:\/\/radiolitoral.com\/#website"},"primaryImageOfPage":{"@id":"https:\/\/radiolitoral.com\/2023\/04\/mas-de-250-000-usuarios-en-la-linea-9-del-tram-desde-su-llegada-hasta-denia\/#primaryimage"},"image":{"@id":"https:\/\/radiolitoral.com\/2023\/04\/mas-de-250-000-usuarios-en-la-linea-9-del-tram-desde-su-llegada-hasta-denia\/#primaryimage"},"thumbnailUrl":"https:\/\/media.radiolitoral.com\/wp-content\/uploads\/2023\/04\/18200941\/tren.jpg","datePublished":"2023-04-27T16:16:02+00:00","dateModified":"2023-04-27T16:16:26+00:00","description":"Benidorm i D\u00e9nia s\u00f3n les que m\u00e9s aflu\u00e8ncia registren","breadcrumb":{"@id":"https:\/\/radiolitoral.com\/2023\/04\/mas-de-250-000-usuarios-en-la-linea-9-del-tram-desde-su-llegada-hasta-denia\/#breadcrumb"},"inLanguage":"ca","potentialAction":[{"@type":"ReadAction","target":["https:\/\/radiolitoral.com\/2023\/04\/mas-de-250-000-usuarios-en-la-linea-9-del-tram-desde-su-llegada-hasta-denia\/"]}]},{"@type":"ImageObject","inLanguage":"ca","@id":"https:\/\/radiolitoral.com\/2023\/04\/mas-de-250-000-usuarios-en-la-linea-9-del-tram-desde-su-llegada-hasta-denia\/#primaryimage","url":"https:\/\/media.radiolitoral.com\/wp-content\/uploads\/2023\/04\/18200941\/tren.jpg","contentUrl":"https:\/\/media.radiolitoral.com\/wp-content\/uploads\/2023\/04\/18200941\/tren.jpg","width":1374,"height":774},{"@type":"BreadcrumbList","@id":"https:\/\/radiolitoral.com\/2023\/04\/mas-de-250-000-usuarios-en-la-linea-9-del-tram-desde-su-llegada-hasta-denia\/#breadcrumb","itemListElement":[{"@type":"ListItem","position":1,"name":"Portada","item":"https:\/\/radiolitoral.com\/"},{"@type":"ListItem","position":2,"name":"M\u00e1s de 250.000 usuarios en la l\u00ednea 9 del TRAM desde su llegada hasta D\u00e9nia"}]},{"@type":"WebSite","@id":"https:\/\/radiolitoral.com\/#website","url":"https:\/\/radiolitoral.com\/","name":"R\u00e0dio Litoral","description":"La r\u00e0dio local de la Marina Alta","publisher":{"@id":"https:\/\/radiolitoral.com\/#organization"},"alternateName":"Litoral FM","potentialAction":[{"@type":"SearchAction","target":{"@type":"EntryPoint","urlTemplate":"https:\/\/radiolitoral.com\/?s={search_term_string}"},"query-input":{"@type":"PropertyValueSpecification","valueRequired":true,"valueName":"search_term_string"}}],"inLanguage":"ca"},{"@type":"Organization","@id":"https:\/\/radiolitoral.com\/#organization","name":"R\u00e0dio Litoral","url":"https:\/\/radiolitoral.com\/","logo":{"@type":"ImageObject","inLanguage":"ca","@id":"https:\/\/radiolitoral.com\/#\/schema\/logo\/image\/","url":"https:\/\/media.radiolitoral.com\/wp-content\/uploads\/2023\/02\/24143238\/CL-V-RadioLitoral696.png","contentUrl":"https:\/\/media.radiolitoral.com\/wp-content\/uploads\/2023\/02\/24143238\/CL-V-RadioLitoral696.png","width":696,"height":696,"caption":"Radio Litoral"},"image":{"@id":"https:\/\/radiolitoral.com\/#\/schema\/logo\/image\/"},"sameAs":["https:\/\/www.facebook.com\/Laradiolitoral\/"]},{"@type":"Person","@id":"https:\/\/radiolitoral.com\/#\/schema\/person\/aad4f72efa404f85b68e832d24cac059","name":"Mel Pescuezo","image":{"@type":"ImageObject","inLanguage":"ca","@id":"https:\/\/secure.gravatar.com\/avatar\/993975ae489c70cb0dd9bfa9413a082f0bd276582dac13661af7b33f161e7eea?s=96&d=mm&r=g","url":"https:\/\/secure.gravatar.com\/avatar\/993975ae489c70cb0dd9bfa9413a082f0bd276582dac13661af7b33f161e7eea?s=96&d=mm&r=g","contentUrl":"https:\/\/secure.gravatar.com\/avatar\/993975ae489c70cb0dd9bfa9413a082f0bd276582dac13661af7b33f161e7eea?s=96&d=mm&r=g","caption":"Mel Pescuezo"},"url":"https:\/\/radiolitoral.com\/ca\/author\/serviciospararadios\/"}]}},"_links":{"self":[{"href":"https:\/\/radiolitoral.com\/ca\/wp-json\/wp\/v2\/posts\/2582","targetHints":{"allow":["GET"]}}],"collection":[{"href":"https:\/\/radiolitoral.com\/ca\/wp-json\/wp\/v2\/posts"}],"about":[{"href":"https:\/\/radiolitoral.com\/ca\/wp-json\/wp\/v2\/types\/post"}],"author":[{"embeddable":true,"href":"https:\/\/radiolitoral.com\/ca\/wp-json\/wp\/v2\/users\/21"}],"replies":[{"embeddable":true,"href":"https:\/\/radiolitoral.com\/ca\/wp-json\/wp\/v2\/comments?post=2582"}],"version-history":[{"count":1,"href":"https:\/\/radiolitoral.com\/ca\/wp-json\/wp\/v2\/posts\/2582\/revisions"}],"predecessor-version":[{"id":2583,"href":"https:\/\/radiolitoral.com\/ca\/wp-json\/wp\/v2\/posts\/2582\/revisions\/2583"}],"wp:featuredmedia":[{"embeddable":true,"href":"https:\/\/radiolitoral.com\/ca\/wp-json\/wp\/v2\/media\/2327"}],"wp:attachment":[{"href":"https:\/\/radiolitoral.com\/ca\/wp-json\/wp\/v2\/media?parent=2582"}],"wp:term":[{"taxonomy":"category","embeddable":true,"href":"https:\/\/radiolitoral.com\/ca\/wp-json\/wp\/v2\/categories?post=2582"},{"taxonomy":"post_tag","embeddable":true,"href":"https:\/\/radiolitoral.com\/ca\/wp-json\/wp\/v2\/tags?post=2582"}],"curies":[{"name":"wp","href":"https:\/\/api.w.org\/{rel}","templated":true}]}}