{"id":2570,"date":"2023-04-27T16:09:54","date_gmt":"2023-04-27T14:09:54","guid":{"rendered":"https:\/\/radiolitoral.com\/?p=2570"},"modified":"2023-04-27T16:10:14","modified_gmt":"2023-04-27T14:10:14","slug":"desarticulada-una-banda-dedicada-a-la-venda-de-rellotges-falsos-a-la-comarca","status":"publish","type":"post","link":"https:\/\/radiolitoral.com\/ca\/2023\/04\/desarticulada-una-banda-dedicada-a-la-venta-de-relojes-falsos-en-la-comarca\/","title":{"rendered":"Desarticulada una banda dedicada a la venda de rellotges falsos a la comarca"},"content":{"rendered":"<p>Agents de la\u00a0<strong>Policia Nacional han detingut dues persones a qui acusa de distribuir<\/strong> per tot el litoral de la prov\u00edncia d&#039;Alacant, <strong>rellotges de baixa qualitat que imitaven models de diverses marques<\/strong> de reconegut prestigi. Els capturats operaven en poblacions tur\u00edstiques com Calp, a la Marina Alta, i tamb\u00e9 Benidorm i Altea a la ve\u00efna Marina Baixa.<\/p>\n<p>La investigaci\u00f3 la va engegar el Grup de Delinq\u00fc\u00e8ncia Especialitzada i Violenta de la Comissaria d&#039;Elx. Operatiu que va suposar la <strong>detenci\u00f3 de nou persones i la realitzaci\u00f3 de 9 registres domiciliaris<\/strong> en qu\u00e8 es van intervenir productes falsificats el valor dels quals al carrer podria haver assolit els deu milions d&#039;euros aproximadament.<\/p>\n<p>Els agents van descobrir despr\u00e9s una altra branca delinq\u00fcencial, formada per persones relacionades indirectament amb els detinguts en aquesta primera operaci\u00f3 i que es dedicaven a subministrar rellotges falsos que imitaven els dissenys de diverses marques d&#039;alta gamma a <strong>venedors de mercats ambulants i Top Manta a Calp i nuclis tur\u00edstics de la Marina Baixa<\/strong>.<\/p>\n<p>Les dues persones, de 36 i 43 anys, tots dos de nacionalitat marroquina, detingudes han estat posades en llibertat despr\u00e9s de prestar declaraci\u00f3 i quedant a disposici\u00f3 judicial.<\/p>\n<p>&nbsp;<\/p>","protected":false},"excerpt":{"rendered":"<p>Agentes de la\u00a0Polic\u00eda Nacional han detenido a dos personas a las que acusa de distribuir por todo el litoral de la provincia de Alicante, relojes de baja calidad que imitaban modelos de diversas marcas de reconocido prestigio. Los apresados operaban en poblaciones tur\u00edsticas como Calp, en la Marina Alta, y tambi\u00e9n Benidorm y Altea en [&#8230;]<\/p>\n<p><a class=\"btn btn-secondary understrap-read-more-link\" href=\"https:\/\/radiolitoral.com\/ca\/2023\/04\/desarticulada-una-banda-dedicada-a-la-venta-de-relojes-falsos-en-la-comarca\/\">Continua llegint&#8230;<span class=\"screen-reader-text\"> from Desarticulada una banda dedicada a la venta de relojes falsos en la comarca<\/span><\/a><\/p>\n","protected":false},"author":21,"featured_media":2571,"comment_status":"open","ping_status":"closed","sticky":false,"template":"","format":"standard","meta":{"_acf_changed":false,"inline_featured_image":false,"footnotes":""},"categories":[8],"tags":[611,613,612,610],"class_list":["post-2570","post","type-post","status-publish","format-standard","has-post-thumbnail","hentry","category-sucesos","tag-deteccion-falsificaciones","tag-detencion-en-calp","tag-relojes-falsos","tag-top-manta"],"acf":[],"yoast_head":"<!-- This site is optimized with the Yoast SEO plugin v27.5 - https:\/\/yoast.com\/product\/yoast-seo-wordpress\/ -->\n<title>Desarticulada una banda dedicada a la venta de relojes falsos en la comarca | R\u00e0dio Litoral<\/title>\n<meta name=\"description\" content=\"Se distribu\u00edan a vendedores de mercadillos y\u00a0top manta en Calp y n\u00facleos tur\u00edsticos de la Marina Baixa\" \/>\n<meta name=\"robots\" content=\"index, follow, max-snippet:-1, max-image-preview:large, max-video-preview:-1\" \/>\n<link rel=\"canonical\" href=\"https:\/\/radiolitoral.com\/ca\/2023\/04\/desarticulada-una-banda-dedicada-a-la-venda-de-rellotges-falsos-a-la-comarca\/\" \/>\n<meta property=\"og:locale\" content=\"ca_ES\" \/>\n<meta property=\"og:type\" content=\"article\" \/>\n<meta property=\"og:title\" content=\"Desarticulada una banda dedicada a la venta de relojes falsos en la comarca | R\u00e0dio Litoral\" \/>\n<meta property=\"og:description\" content=\"Se distribu\u00edan a vendedores de mercadillos y\u00a0top manta en Calp y n\u00facleos tur\u00edsticos de la Marina Baixa\" \/>\n<meta property=\"og:url\" content=\"https:\/\/radiolitoral.com\/ca\/2023\/04\/desarticulada-una-banda-dedicada-a-la-venda-de-rellotges-falsos-a-la-comarca\/\" \/>\n<meta property=\"og:site_name\" content=\"R\u00e0dio Litoral\" \/>\n<meta property=\"article:publisher\" content=\"https:\/\/www.facebook.com\/Laradiolitoral\/\" \/>\n<meta property=\"article:published_time\" content=\"2023-04-27T14:09:54+00:00\" \/>\n<meta property=\"article:modified_time\" content=\"2023-04-27T14:10:14+00:00\" \/>\n<meta property=\"og:image\" content=\"https:\/\/media.radiolitoral.com\/wp-content\/uploads\/2023\/04\/27160858\/Policia-relojes-falsos-calp.jpg\" \/>\n\t<meta property=\"og:image:width\" content=\"1040\" \/>\n\t<meta property=\"og:image:height\" content=\"463\" \/>\n\t<meta property=\"og:image:type\" content=\"image\/jpeg\" \/>\n<meta name=\"author\" content=\"Mel Pescuezo\" \/>\n<meta name=\"twitter:card\" content=\"summary_large_image\" \/>\n<meta name=\"twitter:label1\" content=\"Escrit per\" \/>\n\t<meta name=\"twitter:data1\" content=\"Mel Pescuezo\" \/>\n\t<meta name=\"twitter:label2\" content=\"Temps estimat de lectura\" \/>\n\t<meta name=\"twitter:data2\" content=\"1 minut\" \/>\n<script type=\"application\/ld+json\" class=\"yoast-schema-graph\">{\"@context\":\"https:\\\/\\\/schema.org\",\"@graph\":[{\"@type\":\"NewsArticle\",\"@id\":\"https:\\\/\\\/radiolitoral.com\\\/2023\\\/04\\\/desarticulada-una-banda-dedicada-a-la-venta-de-relojes-falsos-en-la-comarca\\\/#article\",\"isPartOf\":{\"@id\":\"https:\\\/\\\/radiolitoral.com\\\/2023\\\/04\\\/desarticulada-una-banda-dedicada-a-la-venta-de-relojes-falsos-en-la-comarca\\\/\"},\"author\":{\"name\":\"Mel Pescuezo\",\"@id\":\"https:\\\/\\\/radiolitoral.com\\\/#\\\/schema\\\/person\\\/aad4f72efa404f85b68e832d24cac059\"},\"headline\":\"Desarticulada una banda dedicada a la venta de relojes falsos en la comarca\",\"datePublished\":\"2023-04-27T14:09:54+00:00\",\"dateModified\":\"2023-04-27T14:10:14+00:00\",\"mainEntityOfPage\":{\"@id\":\"https:\\\/\\\/radiolitoral.com\\\/2023\\\/04\\\/desarticulada-una-banda-dedicada-a-la-venta-de-relojes-falsos-en-la-comarca\\\/\"},\"wordCount\":221,\"commentCount\":0,\"publisher\":{\"@id\":\"https:\\\/\\\/radiolitoral.com\\\/#organization\"},\"image\":{\"@id\":\"https:\\\/\\\/radiolitoral.com\\\/2023\\\/04\\\/desarticulada-una-banda-dedicada-a-la-venta-de-relojes-falsos-en-la-comarca\\\/#primaryimage\"},\"thumbnailUrl\":\"https:\\\/\\\/media.radiolitoral.com\\\/wp-content\\\/uploads\\\/2023\\\/04\\\/27160858\\\/Policia-relojes-falsos-calp.jpg\",\"keywords\":[\"detecci\u00f3n falsificaciones\",\"detenci\u00f3n en Calp\",\"relojes falsos\",\"top manta\"],\"articleSection\":[\"Sucesos\"],\"inLanguage\":\"ca\",\"potentialAction\":[{\"@type\":\"CommentAction\",\"name\":\"Comment\",\"target\":[\"https:\\\/\\\/radiolitoral.com\\\/2023\\\/04\\\/desarticulada-una-banda-dedicada-a-la-venta-de-relojes-falsos-en-la-comarca\\\/#respond\"]}]},{\"@type\":[\"WebPage\",\"ItemPage\"],\"@id\":\"https:\\\/\\\/radiolitoral.com\\\/2023\\\/04\\\/desarticulada-una-banda-dedicada-a-la-venta-de-relojes-falsos-en-la-comarca\\\/\",\"url\":\"https:\\\/\\\/radiolitoral.com\\\/2023\\\/04\\\/desarticulada-una-banda-dedicada-a-la-venta-de-relojes-falsos-en-la-comarca\\\/\",\"name\":\"Desarticulada una banda dedicada a la venta de relojes falsos en la comarca | R\u00e0dio Litoral\",\"isPartOf\":{\"@id\":\"https:\\\/\\\/radiolitoral.com\\\/#website\"},\"primaryImageOfPage\":{\"@id\":\"https:\\\/\\\/radiolitoral.com\\\/2023\\\/04\\\/desarticulada-una-banda-dedicada-a-la-venta-de-relojes-falsos-en-la-comarca\\\/#primaryimage\"},\"image\":{\"@id\":\"https:\\\/\\\/radiolitoral.com\\\/2023\\\/04\\\/desarticulada-una-banda-dedicada-a-la-venta-de-relojes-falsos-en-la-comarca\\\/#primaryimage\"},\"thumbnailUrl\":\"https:\\\/\\\/media.radiolitoral.com\\\/wp-content\\\/uploads\\\/2023\\\/04\\\/27160858\\\/Policia-relojes-falsos-calp.jpg\",\"datePublished\":\"2023-04-27T14:09:54+00:00\",\"dateModified\":\"2023-04-27T14:10:14+00:00\",\"description\":\"Se distribu\u00edan a vendedores de mercadillos y\u00a0top manta en Calp y n\u00facleos tur\u00edsticos de la Marina Baixa\",\"breadcrumb\":{\"@id\":\"https:\\\/\\\/radiolitoral.com\\\/2023\\\/04\\\/desarticulada-una-banda-dedicada-a-la-venta-de-relojes-falsos-en-la-comarca\\\/#breadcrumb\"},\"inLanguage\":\"ca\",\"potentialAction\":[{\"@type\":\"ReadAction\",\"target\":[\"https:\\\/\\\/radiolitoral.com\\\/2023\\\/04\\\/desarticulada-una-banda-dedicada-a-la-venta-de-relojes-falsos-en-la-comarca\\\/\"]}]},{\"@type\":\"ImageObject\",\"inLanguage\":\"ca\",\"@id\":\"https:\\\/\\\/radiolitoral.com\\\/2023\\\/04\\\/desarticulada-una-banda-dedicada-a-la-venta-de-relojes-falsos-en-la-comarca\\\/#primaryimage\",\"url\":\"https:\\\/\\\/media.radiolitoral.com\\\/wp-content\\\/uploads\\\/2023\\\/04\\\/27160858\\\/Policia-relojes-falsos-calp.jpg\",\"contentUrl\":\"https:\\\/\\\/media.radiolitoral.com\\\/wp-content\\\/uploads\\\/2023\\\/04\\\/27160858\\\/Policia-relojes-falsos-calp.jpg\",\"width\":1040,\"height\":463},{\"@type\":\"BreadcrumbList\",\"@id\":\"https:\\\/\\\/radiolitoral.com\\\/2023\\\/04\\\/desarticulada-una-banda-dedicada-a-la-venta-de-relojes-falsos-en-la-comarca\\\/#breadcrumb\",\"itemListElement\":[{\"@type\":\"ListItem\",\"position\":1,\"name\":\"Portada\",\"item\":\"https:\\\/\\\/radiolitoral.com\\\/\"},{\"@type\":\"ListItem\",\"position\":2,\"name\":\"Desarticulada una banda dedicada a la venta de relojes falsos en la comarca\"}]},{\"@type\":\"WebSite\",\"@id\":\"https:\\\/\\\/radiolitoral.com\\\/#website\",\"url\":\"https:\\\/\\\/radiolitoral.com\\\/\",\"name\":\"Radio Litoral\",\"description\":\"La radio local de la Marina Alta\",\"publisher\":{\"@id\":\"https:\\\/\\\/radiolitoral.com\\\/#organization\"},\"alternateName\":\"Litoral FM\",\"potentialAction\":[{\"@type\":\"SearchAction\",\"target\":{\"@type\":\"EntryPoint\",\"urlTemplate\":\"https:\\\/\\\/radiolitoral.com\\\/?s={search_term_string}\"},\"query-input\":{\"@type\":\"PropertyValueSpecification\",\"valueRequired\":true,\"valueName\":\"search_term_string\"}}],\"inLanguage\":\"ca\"},{\"@type\":\"Organization\",\"@id\":\"https:\\\/\\\/radiolitoral.com\\\/#organization\",\"name\":\"Radio Litoral\",\"url\":\"https:\\\/\\\/radiolitoral.com\\\/\",\"logo\":{\"@type\":\"ImageObject\",\"inLanguage\":\"ca\",\"@id\":\"https:\\\/\\\/radiolitoral.com\\\/#\\\/schema\\\/logo\\\/image\\\/\",\"url\":\"https:\\\/\\\/media.radiolitoral.com\\\/wp-content\\\/uploads\\\/2023\\\/02\\\/24143238\\\/CL-V-RadioLitoral696.png\",\"contentUrl\":\"https:\\\/\\\/media.radiolitoral.com\\\/wp-content\\\/uploads\\\/2023\\\/02\\\/24143238\\\/CL-V-RadioLitoral696.png\",\"width\":696,\"height\":696,\"caption\":\"Radio Litoral\"},\"image\":{\"@id\":\"https:\\\/\\\/radiolitoral.com\\\/#\\\/schema\\\/logo\\\/image\\\/\"},\"sameAs\":[\"https:\\\/\\\/www.facebook.com\\\/Laradiolitoral\\\/\"]},{\"@type\":\"Person\",\"@id\":\"https:\\\/\\\/radiolitoral.com\\\/#\\\/schema\\\/person\\\/aad4f72efa404f85b68e832d24cac059\",\"name\":\"Mel Pescuezo\",\"image\":{\"@type\":\"ImageObject\",\"inLanguage\":\"ca\",\"@id\":\"https:\\\/\\\/secure.gravatar.com\\\/avatar\\\/993975ae489c70cb0dd9bfa9413a082f0bd276582dac13661af7b33f161e7eea?s=96&d=mm&r=g\",\"url\":\"https:\\\/\\\/secure.gravatar.com\\\/avatar\\\/993975ae489c70cb0dd9bfa9413a082f0bd276582dac13661af7b33f161e7eea?s=96&d=mm&r=g\",\"contentUrl\":\"https:\\\/\\\/secure.gravatar.com\\\/avatar\\\/993975ae489c70cb0dd9bfa9413a082f0bd276582dac13661af7b33f161e7eea?s=96&d=mm&r=g\",\"caption\":\"Mel Pescuezo\"},\"url\":\"https:\\\/\\\/radiolitoral.com\\\/ca\\\/author\\\/serviciospararadios\\\/\"}]}<\/script>\n<!-- \/ Yoast SEO plugin. -->","yoast_head_json":{"title":"Desarticulada una banda dedicada a la venda de rellotges falsos a la comarca | R\u00e0dio Litoral","description":"Es distribu\u00efen a venedors de mercats ambulants i top manta a Calp i nuclis tur\u00edstics de la Marina Baixa","robots":{"index":"index","follow":"follow","max-snippet":"max-snippet:-1","max-image-preview":"max-image-preview:large","max-video-preview":"max-video-preview:-1"},"canonical":"https:\/\/radiolitoral.com\/ca\/2023\/04\/desarticulada-una-banda-dedicada-a-la-venda-de-rellotges-falsos-a-la-comarca\/","og_locale":"ca_ES","og_type":"article","og_title":"Desarticulada una banda dedicada a la venta de relojes falsos en la comarca | R\u00e0dio Litoral","og_description":"Se distribu\u00edan a vendedores de mercadillos y\u00a0top manta en Calp y n\u00facleos tur\u00edsticos de la Marina Baixa","og_url":"https:\/\/radiolitoral.com\/ca\/2023\/04\/desarticulada-una-banda-dedicada-a-la-venda-de-rellotges-falsos-a-la-comarca\/","og_site_name":"R\u00e0dio Litoral","article_publisher":"https:\/\/www.facebook.com\/Laradiolitoral\/","article_published_time":"2023-04-27T14:09:54+00:00","article_modified_time":"2023-04-27T14:10:14+00:00","og_image":[{"width":1040,"height":463,"url":"https:\/\/media.radiolitoral.com\/wp-content\/uploads\/2023\/04\/27160858\/Policia-relojes-falsos-calp.jpg","type":"image\/jpeg"}],"author":"Mel Pescuezo","twitter_card":"summary_large_image","twitter_misc":{"Escrit per":"Mel Pescuezo","Temps estimat de lectura":"1 minut"},"schema":{"@context":"https:\/\/schema.org","@graph":[{"@type":"NewsArticle","@id":"https:\/\/radiolitoral.com\/2023\/04\/desarticulada-una-banda-dedicada-a-la-venta-de-relojes-falsos-en-la-comarca\/#article","isPartOf":{"@id":"https:\/\/radiolitoral.com\/2023\/04\/desarticulada-una-banda-dedicada-a-la-venta-de-relojes-falsos-en-la-comarca\/"},"author":{"name":"Mel Pescuezo","@id":"https:\/\/radiolitoral.com\/#\/schema\/person\/aad4f72efa404f85b68e832d24cac059"},"headline":"Desarticulada una banda dedicada a la venta de relojes falsos en la comarca","datePublished":"2023-04-27T14:09:54+00:00","dateModified":"2023-04-27T14:10:14+00:00","mainEntityOfPage":{"@id":"https:\/\/radiolitoral.com\/2023\/04\/desarticulada-una-banda-dedicada-a-la-venta-de-relojes-falsos-en-la-comarca\/"},"wordCount":221,"commentCount":0,"publisher":{"@id":"https:\/\/radiolitoral.com\/#organization"},"image":{"@id":"https:\/\/radiolitoral.com\/2023\/04\/desarticulada-una-banda-dedicada-a-la-venta-de-relojes-falsos-en-la-comarca\/#primaryimage"},"thumbnailUrl":"https:\/\/media.radiolitoral.com\/wp-content\/uploads\/2023\/04\/27160858\/Policia-relojes-falsos-calp.jpg","keywords":["detecci\u00f3n falsificaciones","detenci\u00f3n en Calp","relojes falsos","top manta"],"articleSection":["Sucesos"],"inLanguage":"ca","potentialAction":[{"@type":"CommentAction","name":"Comment","target":["https:\/\/radiolitoral.com\/2023\/04\/desarticulada-una-banda-dedicada-a-la-venta-de-relojes-falsos-en-la-comarca\/#respond"]}]},{"@type":["WebPage","ItemPage"],"@id":"https:\/\/radiolitoral.com\/2023\/04\/desarticulada-una-banda-dedicada-a-la-venta-de-relojes-falsos-en-la-comarca\/","url":"https:\/\/radiolitoral.com\/2023\/04\/desarticulada-una-banda-dedicada-a-la-venta-de-relojes-falsos-en-la-comarca\/","name":"Desarticulada una banda dedicada a la venda de rellotges falsos a la comarca | R\u00e0dio Litoral","isPartOf":{"@id":"https:\/\/radiolitoral.com\/#website"},"primaryImageOfPage":{"@id":"https:\/\/radiolitoral.com\/2023\/04\/desarticulada-una-banda-dedicada-a-la-venta-de-relojes-falsos-en-la-comarca\/#primaryimage"},"image":{"@id":"https:\/\/radiolitoral.com\/2023\/04\/desarticulada-una-banda-dedicada-a-la-venta-de-relojes-falsos-en-la-comarca\/#primaryimage"},"thumbnailUrl":"https:\/\/media.radiolitoral.com\/wp-content\/uploads\/2023\/04\/27160858\/Policia-relojes-falsos-calp.jpg","datePublished":"2023-04-27T14:09:54+00:00","dateModified":"2023-04-27T14:10:14+00:00","description":"Es distribu\u00efen a venedors de mercats ambulants i top manta a Calp i nuclis tur\u00edstics de la Marina Baixa","breadcrumb":{"@id":"https:\/\/radiolitoral.com\/2023\/04\/desarticulada-una-banda-dedicada-a-la-venta-de-relojes-falsos-en-la-comarca\/#breadcrumb"},"inLanguage":"ca","potentialAction":[{"@type":"ReadAction","target":["https:\/\/radiolitoral.com\/2023\/04\/desarticulada-una-banda-dedicada-a-la-venta-de-relojes-falsos-en-la-comarca\/"]}]},{"@type":"ImageObject","inLanguage":"ca","@id":"https:\/\/radiolitoral.com\/2023\/04\/desarticulada-una-banda-dedicada-a-la-venta-de-relojes-falsos-en-la-comarca\/#primaryimage","url":"https:\/\/media.radiolitoral.com\/wp-content\/uploads\/2023\/04\/27160858\/Policia-relojes-falsos-calp.jpg","contentUrl":"https:\/\/media.radiolitoral.com\/wp-content\/uploads\/2023\/04\/27160858\/Policia-relojes-falsos-calp.jpg","width":1040,"height":463},{"@type":"BreadcrumbList","@id":"https:\/\/radiolitoral.com\/2023\/04\/desarticulada-una-banda-dedicada-a-la-venta-de-relojes-falsos-en-la-comarca\/#breadcrumb","itemListElement":[{"@type":"ListItem","position":1,"name":"Portada","item":"https:\/\/radiolitoral.com\/"},{"@type":"ListItem","position":2,"name":"Desarticulada una banda dedicada a la venta de relojes falsos en la comarca"}]},{"@type":"WebSite","@id":"https:\/\/radiolitoral.com\/#website","url":"https:\/\/radiolitoral.com\/","name":"R\u00e0dio Litoral","description":"La r\u00e0dio local de la Marina Alta","publisher":{"@id":"https:\/\/radiolitoral.com\/#organization"},"alternateName":"Litoral FM","potentialAction":[{"@type":"SearchAction","target":{"@type":"EntryPoint","urlTemplate":"https:\/\/radiolitoral.com\/?s={search_term_string}"},"query-input":{"@type":"PropertyValueSpecification","valueRequired":true,"valueName":"search_term_string"}}],"inLanguage":"ca"},{"@type":"Organization","@id":"https:\/\/radiolitoral.com\/#organization","name":"R\u00e0dio Litoral","url":"https:\/\/radiolitoral.com\/","logo":{"@type":"ImageObject","inLanguage":"ca","@id":"https:\/\/radiolitoral.com\/#\/schema\/logo\/image\/","url":"https:\/\/media.radiolitoral.com\/wp-content\/uploads\/2023\/02\/24143238\/CL-V-RadioLitoral696.png","contentUrl":"https:\/\/media.radiolitoral.com\/wp-content\/uploads\/2023\/02\/24143238\/CL-V-RadioLitoral696.png","width":696,"height":696,"caption":"Radio Litoral"},"image":{"@id":"https:\/\/radiolitoral.com\/#\/schema\/logo\/image\/"},"sameAs":["https:\/\/www.facebook.com\/Laradiolitoral\/"]},{"@type":"Person","@id":"https:\/\/radiolitoral.com\/#\/schema\/person\/aad4f72efa404f85b68e832d24cac059","name":"Mel Pescuezo","image":{"@type":"ImageObject","inLanguage":"ca","@id":"https:\/\/secure.gravatar.com\/avatar\/993975ae489c70cb0dd9bfa9413a082f0bd276582dac13661af7b33f161e7eea?s=96&d=mm&r=g","url":"https:\/\/secure.gravatar.com\/avatar\/993975ae489c70cb0dd9bfa9413a082f0bd276582dac13661af7b33f161e7eea?s=96&d=mm&r=g","contentUrl":"https:\/\/secure.gravatar.com\/avatar\/993975ae489c70cb0dd9bfa9413a082f0bd276582dac13661af7b33f161e7eea?s=96&d=mm&r=g","caption":"Mel Pescuezo"},"url":"https:\/\/radiolitoral.com\/ca\/author\/serviciospararadios\/"}]}},"_links":{"self":[{"href":"https:\/\/radiolitoral.com\/ca\/wp-json\/wp\/v2\/posts\/2570","targetHints":{"allow":["GET"]}}],"collection":[{"href":"https:\/\/radiolitoral.com\/ca\/wp-json\/wp\/v2\/posts"}],"about":[{"href":"https:\/\/radiolitoral.com\/ca\/wp-json\/wp\/v2\/types\/post"}],"author":[{"embeddable":true,"href":"https:\/\/radiolitoral.com\/ca\/wp-json\/wp\/v2\/users\/21"}],"replies":[{"embeddable":true,"href":"https:\/\/radiolitoral.com\/ca\/wp-json\/wp\/v2\/comments?post=2570"}],"version-history":[{"count":1,"href":"https:\/\/radiolitoral.com\/ca\/wp-json\/wp\/v2\/posts\/2570\/revisions"}],"predecessor-version":[{"id":2572,"href":"https:\/\/radiolitoral.com\/ca\/wp-json\/wp\/v2\/posts\/2570\/revisions\/2572"}],"wp:featuredmedia":[{"embeddable":true,"href":"https:\/\/radiolitoral.com\/ca\/wp-json\/wp\/v2\/media\/2571"}],"wp:attachment":[{"href":"https:\/\/radiolitoral.com\/ca\/wp-json\/wp\/v2\/media?parent=2570"}],"wp:term":[{"taxonomy":"category","embeddable":true,"href":"https:\/\/radiolitoral.com\/ca\/wp-json\/wp\/v2\/categories?post=2570"},{"taxonomy":"post_tag","embeddable":true,"href":"https:\/\/radiolitoral.com\/ca\/wp-json\/wp\/v2\/tags?post=2570"}],"curies":[{"name":"wp","href":"https:\/\/api.w.org\/{rel}","templated":true}]}}