{"id":2541,"date":"2023-04-26T15:55:08","date_gmt":"2023-04-26T13:55:08","guid":{"rendered":"https:\/\/radiolitoral.com\/?p=2541"},"modified":"2023-04-26T15:55:38","modified_gmt":"2023-04-26T13:55:38","slug":"paqui-romaguera-alcaldable-pel-pspv-psoe-de-teulada","status":"publish","type":"post","link":"https:\/\/radiolitoral.com\/ca\/2023\/04\/paqui-romaguera-alcaldable-por-el-pspv-psoe-de-teulada\/","title":{"rendered":"Paqui Romaguera, alcaldable pel PSPV-PSOE de Teulada"},"content":{"rendered":"<p><strong>Paqui Romaguera, encap\u00e7ala la candidatura del PSPV-PSOE de Teulada<\/strong>. Romaguera ha estat durant m\u00e9s de 12 anys responsable d&#039;Igualtat del PSPV local i ha organitzat els actes del 8M i 25N durant anys. Una dona coneguda per la seva vinculaci\u00f3 amb la lluita feminista a la comarca, de fet, va formar part activa del Col\u00b7lectiu Feminista Xarxa de Dones Teulada-Moraira des de la seva reactivaci\u00f3 el 2015. A m\u00e9s, ha participat en actes comarcals organitzats per les associacions feministes de la Marina Alta.<\/p>\n<p>Des del PSPV provincial subratllen que ha estat una militant &quot;compromesa&quot; ja que va ser una de les primeres persones que es va posicionar contra els moviments de l&#039;exsecretari general local, H\u00e9ctor Morales i la moci\u00f3 de censura que va donar l&#039;alcaldia de Teulada al PP a meitat de aquesta legislatura.<\/p>\n<p>Romaguera s&#039;autodefineix com una<strong> hist\u00f2rica del partit socialista<\/strong> i assegura que el seu objectiu \u00e9s poder tirar endavant un govern progressista socialista on ser\u00e0 fonamental fer realitat projectes d&#039;utilitat p\u00fablica que serveixin per millorar la vida de la ciutadania.<\/p>\n<audio class=\"wp-audio-shortcode\" id=\"audio-2541-1\" preload=\"none\" style=\"width: 100%;\" controls=\"controls\"><source type=\"audio\/mpeg\" src=\"https:\/\/media.radiolitoral.com\/wp-content\/uploads\/2023\/04\/26154824\/Paqui-Romaguera.mp3?_=1\" \/><a href=\"https:\/\/media.radiolitoral.com\/wp-content\/uploads\/2023\/04\/26154824\/Paqui-Romaguera.mp3\">https:\/\/media.radiolitoral.com\/wp-content\/uploads\/2023\/04\/26154824\/Paqui-Romaguera.mp3<\/a><\/audio>\n<p><strong>La llista es completa amb els noms seg\u00fcents:<\/strong><\/p>\n<p>2.- Manolo Villegas Mier<br \/>\n3.- Jos\u00e9 Francisco Llopis Ferrando<br \/>\n4.- Ana S\u00e1nchez Jarque<br \/>\n5.- Mohammed Boukrid Balbaida<br \/>\n6.- Juan Manuel De La Huerta Diaz<br \/>\n7.- Noemi Buigues Andr\u00e9s<br \/>\n8.- Juan Garc\u00eda Mata<br \/>\n9.- Vicente Mont\u00f3 \u00c1lvarez<br \/>\n10.- Juana Esquerdo Santacreu<br \/>\n11.- Jos\u00e9 Valle Algaba<br \/>\n12.- Pau Mar\u00edn Moragues<br \/>\n13.- Roc\u00edo Pastor Pastor<br \/>\n14.- Jos\u00e9 Ram\u00f3n Cervera Peco<br \/>\n15.- Maria Llobell P\u00e9rez<br \/>\n16.- Mar Pastor P\u00e9rez<br \/>\n17.- Francisco Romaguera Soler<\/p>","protected":false},"excerpt":{"rendered":"<p>Paqui Romaguera, encabeza la candidatura del PSPV-PSOE de Teulada. Romaguera ha sido durante m\u00e1s de 12 a\u00f1os responsable de Igualdad del PSPV local y ha organizado los actos del 8M y el 25N durante a\u00f1os. Una mujer conocida por su vinculaci\u00f3n con la lucha feminista en la comarca, de hecho, form\u00f3 parte activa del Col\u00b7lectiu [&#8230;]<\/p>\n<p><a class=\"btn btn-secondary understrap-read-more-link\" href=\"https:\/\/radiolitoral.com\/ca\/2023\/04\/paqui-romaguera-alcaldable-por-el-pspv-psoe-de-teulada\/\">Continua llegint&#8230;<span class=\"screen-reader-text\"> from Paqui Romaguera, alcaldable por el PSPV-PSOE de Teulada<\/span><\/a><\/p>\n","protected":false},"author":13,"featured_media":2543,"comment_status":"open","ping_status":"closed","sticky":false,"template":"","format":"standard","meta":{"_acf_changed":false,"inline_featured_image":false,"footnotes":""},"categories":[13],"tags":[161,609,146],"class_list":["post-2541","post","type-post","status-publish","format-standard","has-post-thumbnail","hentry","category-politica","tag-elecciones-2023","tag-paqui-romaguera","tag-teulada","cobertura-teulada-moraira"],"acf":[],"yoast_head":"<!-- This site is optimized with the Yoast SEO plugin v27.5 - https:\/\/yoast.com\/product\/yoast-seo-wordpress\/ -->\n<title>Paqui Romaguera, alcaldable por el PSPV-PSOE de Teulada | R\u00e0dio Litoral<\/title>\n<meta name=\"description\" content=\"Conocida por su activismo por la lucha feminista en la comarca Conocida por su activismo por la lucha feminista en la comarca\" \/>\n<meta name=\"robots\" content=\"index, follow, max-snippet:-1, max-image-preview:large, max-video-preview:-1\" \/>\n<link rel=\"canonical\" href=\"https:\/\/radiolitoral.com\/ca\/2023\/04\/paqui-romaguera-alcaldable-pel-pspv-psoe-de-teulada\/\" \/>\n<meta property=\"og:locale\" content=\"ca_ES\" \/>\n<meta property=\"og:type\" content=\"article\" \/>\n<meta property=\"og:title\" content=\"Paqui Romaguera, alcaldable por el PSPV-PSOE de Teulada | R\u00e0dio Litoral\" \/>\n<meta property=\"og:description\" content=\"Conocida por su activismo por la lucha feminista en la comarca Conocida por su activismo por la lucha feminista en la comarca\" \/>\n<meta property=\"og:url\" content=\"https:\/\/radiolitoral.com\/ca\/2023\/04\/paqui-romaguera-alcaldable-pel-pspv-psoe-de-teulada\/\" \/>\n<meta property=\"og:site_name\" content=\"R\u00e0dio Litoral\" \/>\n<meta property=\"article:publisher\" content=\"https:\/\/www.facebook.com\/Laradiolitoral\/\" \/>\n<meta property=\"article:published_time\" content=\"2023-04-26T13:55:08+00:00\" \/>\n<meta property=\"article:modified_time\" content=\"2023-04-26T13:55:38+00:00\" \/>\n<meta property=\"og:image\" content=\"https:\/\/media.radiolitoral.com\/wp-content\/uploads\/2023\/04\/26155337\/paqui.jpg\" \/>\n\t<meta property=\"og:image:width\" content=\"880\" \/>\n\t<meta property=\"og:image:height\" content=\"495\" \/>\n\t<meta property=\"og:image:type\" content=\"image\/jpeg\" \/>\n<meta name=\"author\" content=\"Redacci\u00f3n\" \/>\n<meta name=\"twitter:card\" content=\"summary_large_image\" \/>\n<meta name=\"twitter:label1\" content=\"Escrit per\" \/>\n\t<meta name=\"twitter:data1\" content=\"Redacci\u00f3n\" \/>\n\t<meta name=\"twitter:label2\" content=\"Temps estimat de lectura\" \/>\n\t<meta name=\"twitter:data2\" content=\"2 minuts\" \/>\n<script type=\"application\/ld+json\" class=\"yoast-schema-graph\">{\"@context\":\"https:\\\/\\\/schema.org\",\"@graph\":[{\"@type\":\"NewsArticle\",\"@id\":\"https:\\\/\\\/radiolitoral.com\\\/2023\\\/04\\\/paqui-romaguera-alcaldable-por-el-pspv-psoe-de-teulada\\\/#article\",\"isPartOf\":{\"@id\":\"https:\\\/\\\/radiolitoral.com\\\/2023\\\/04\\\/paqui-romaguera-alcaldable-por-el-pspv-psoe-de-teulada\\\/\"},\"author\":{\"name\":\"Redacci\u00f3n\",\"@id\":\"https:\\\/\\\/radiolitoral.com\\\/#\\\/schema\\\/person\\\/f2b2343c49b5d721857cc1002bfdb151\"},\"headline\":\"Paqui Romaguera, alcaldable por el PSPV-PSOE de Teulada\",\"datePublished\":\"2023-04-26T13:55:08+00:00\",\"dateModified\":\"2023-04-26T13:55:38+00:00\",\"mainEntityOfPage\":{\"@id\":\"https:\\\/\\\/radiolitoral.com\\\/2023\\\/04\\\/paqui-romaguera-alcaldable-por-el-pspv-psoe-de-teulada\\\/\"},\"wordCount\":286,\"commentCount\":0,\"publisher\":{\"@id\":\"https:\\\/\\\/radiolitoral.com\\\/#organization\"},\"image\":{\"@id\":\"https:\\\/\\\/radiolitoral.com\\\/2023\\\/04\\\/paqui-romaguera-alcaldable-por-el-pspv-psoe-de-teulada\\\/#primaryimage\"},\"thumbnailUrl\":\"https:\\\/\\\/media.radiolitoral.com\\\/wp-content\\\/uploads\\\/2023\\\/04\\\/26155337\\\/paqui.jpg\",\"keywords\":[\"elecciones 2023\",\"Paqui Romaguera\",\"Teulada\"],\"articleSection\":[\"Pol\u00edtica\"],\"inLanguage\":\"ca\",\"potentialAction\":[{\"@type\":\"CommentAction\",\"name\":\"Comment\",\"target\":[\"https:\\\/\\\/radiolitoral.com\\\/2023\\\/04\\\/paqui-romaguera-alcaldable-por-el-pspv-psoe-de-teulada\\\/#respond\"]}]},{\"@type\":[\"WebPage\",\"ItemPage\"],\"@id\":\"https:\\\/\\\/radiolitoral.com\\\/2023\\\/04\\\/paqui-romaguera-alcaldable-por-el-pspv-psoe-de-teulada\\\/\",\"url\":\"https:\\\/\\\/radiolitoral.com\\\/2023\\\/04\\\/paqui-romaguera-alcaldable-por-el-pspv-psoe-de-teulada\\\/\",\"name\":\"Paqui Romaguera, alcaldable por el PSPV-PSOE de Teulada | R\u00e0dio Litoral\",\"isPartOf\":{\"@id\":\"https:\\\/\\\/radiolitoral.com\\\/#website\"},\"primaryImageOfPage\":{\"@id\":\"https:\\\/\\\/radiolitoral.com\\\/2023\\\/04\\\/paqui-romaguera-alcaldable-por-el-pspv-psoe-de-teulada\\\/#primaryimage\"},\"image\":{\"@id\":\"https:\\\/\\\/radiolitoral.com\\\/2023\\\/04\\\/paqui-romaguera-alcaldable-por-el-pspv-psoe-de-teulada\\\/#primaryimage\"},\"thumbnailUrl\":\"https:\\\/\\\/media.radiolitoral.com\\\/wp-content\\\/uploads\\\/2023\\\/04\\\/26155337\\\/paqui.jpg\",\"datePublished\":\"2023-04-26T13:55:08+00:00\",\"dateModified\":\"2023-04-26T13:55:38+00:00\",\"description\":\"Conocida por su activismo por la lucha feminista en la comarca Conocida por su activismo por la lucha feminista en la comarca\",\"breadcrumb\":{\"@id\":\"https:\\\/\\\/radiolitoral.com\\\/2023\\\/04\\\/paqui-romaguera-alcaldable-por-el-pspv-psoe-de-teulada\\\/#breadcrumb\"},\"inLanguage\":\"ca\",\"potentialAction\":[{\"@type\":\"ReadAction\",\"target\":[\"https:\\\/\\\/radiolitoral.com\\\/2023\\\/04\\\/paqui-romaguera-alcaldable-por-el-pspv-psoe-de-teulada\\\/\"]}]},{\"@type\":\"ImageObject\",\"inLanguage\":\"ca\",\"@id\":\"https:\\\/\\\/radiolitoral.com\\\/2023\\\/04\\\/paqui-romaguera-alcaldable-por-el-pspv-psoe-de-teulada\\\/#primaryimage\",\"url\":\"https:\\\/\\\/media.radiolitoral.com\\\/wp-content\\\/uploads\\\/2023\\\/04\\\/26155337\\\/paqui.jpg\",\"contentUrl\":\"https:\\\/\\\/media.radiolitoral.com\\\/wp-content\\\/uploads\\\/2023\\\/04\\\/26155337\\\/paqui.jpg\",\"width\":880,\"height\":495},{\"@type\":\"BreadcrumbList\",\"@id\":\"https:\\\/\\\/radiolitoral.com\\\/2023\\\/04\\\/paqui-romaguera-alcaldable-por-el-pspv-psoe-de-teulada\\\/#breadcrumb\",\"itemListElement\":[{\"@type\":\"ListItem\",\"position\":1,\"name\":\"Portada\",\"item\":\"https:\\\/\\\/radiolitoral.com\\\/\"},{\"@type\":\"ListItem\",\"position\":2,\"name\":\"Paqui Romaguera, alcaldable por el PSPV-PSOE de Teulada\"}]},{\"@type\":\"WebSite\",\"@id\":\"https:\\\/\\\/radiolitoral.com\\\/#website\",\"url\":\"https:\\\/\\\/radiolitoral.com\\\/\",\"name\":\"Radio Litoral\",\"description\":\"La radio local de la Marina Alta\",\"publisher\":{\"@id\":\"https:\\\/\\\/radiolitoral.com\\\/#organization\"},\"alternateName\":\"Litoral FM\",\"potentialAction\":[{\"@type\":\"SearchAction\",\"target\":{\"@type\":\"EntryPoint\",\"urlTemplate\":\"https:\\\/\\\/radiolitoral.com\\\/?s={search_term_string}\"},\"query-input\":{\"@type\":\"PropertyValueSpecification\",\"valueRequired\":true,\"valueName\":\"search_term_string\"}}],\"inLanguage\":\"ca\"},{\"@type\":\"Organization\",\"@id\":\"https:\\\/\\\/radiolitoral.com\\\/#organization\",\"name\":\"Radio Litoral\",\"url\":\"https:\\\/\\\/radiolitoral.com\\\/\",\"logo\":{\"@type\":\"ImageObject\",\"inLanguage\":\"ca\",\"@id\":\"https:\\\/\\\/radiolitoral.com\\\/#\\\/schema\\\/logo\\\/image\\\/\",\"url\":\"https:\\\/\\\/media.radiolitoral.com\\\/wp-content\\\/uploads\\\/2023\\\/02\\\/24143238\\\/CL-V-RadioLitoral696.png\",\"contentUrl\":\"https:\\\/\\\/media.radiolitoral.com\\\/wp-content\\\/uploads\\\/2023\\\/02\\\/24143238\\\/CL-V-RadioLitoral696.png\",\"width\":696,\"height\":696,\"caption\":\"Radio Litoral\"},\"image\":{\"@id\":\"https:\\\/\\\/radiolitoral.com\\\/#\\\/schema\\\/logo\\\/image\\\/\"},\"sameAs\":[\"https:\\\/\\\/www.facebook.com\\\/Laradiolitoral\\\/\"]},{\"@type\":\"Person\",\"@id\":\"https:\\\/\\\/radiolitoral.com\\\/#\\\/schema\\\/person\\\/f2b2343c49b5d721857cc1002bfdb151\",\"name\":\"Redacci\u00f3n\",\"image\":{\"@type\":\"ImageObject\",\"inLanguage\":\"ca\",\"@id\":\"https:\\\/\\\/secure.gravatar.com\\\/avatar\\\/f771d896c203ad8b3382d7905cfcce5a5c9b008b84b3cd9114e9b9f4cb63f789?s=96&d=mm&r=g\",\"url\":\"https:\\\/\\\/secure.gravatar.com\\\/avatar\\\/f771d896c203ad8b3382d7905cfcce5a5c9b008b84b3cd9114e9b9f4cb63f789?s=96&d=mm&r=g\",\"contentUrl\":\"https:\\\/\\\/secure.gravatar.com\\\/avatar\\\/f771d896c203ad8b3382d7905cfcce5a5c9b008b84b3cd9114e9b9f4cb63f789?s=96&d=mm&r=g\",\"caption\":\"Redacci\u00f3n\"},\"url\":\"https:\\\/\\\/radiolitoral.com\\\/ca\\\/author\\\/miriam-pagan\\\/\"}]}<\/script>\n<!-- \/ Yoast SEO plugin. -->","yoast_head_json":{"title":"Paqui Romaguera, alcaldable pel PSPV-PSOE de Teulada | R\u00e0dio Litoral","description":"Coneguda pel seu activisme per la lluita feminista a la comarca Coneguda pel seu activisme per la lluita feminista a la comarca","robots":{"index":"index","follow":"follow","max-snippet":"max-snippet:-1","max-image-preview":"max-image-preview:large","max-video-preview":"max-video-preview:-1"},"canonical":"https:\/\/radiolitoral.com\/ca\/2023\/04\/paqui-romaguera-alcaldable-pel-pspv-psoe-de-teulada\/","og_locale":"ca_ES","og_type":"article","og_title":"Paqui Romaguera, alcaldable por el PSPV-PSOE de Teulada | R\u00e0dio Litoral","og_description":"Conocida por su activismo por la lucha feminista en la comarca Conocida por su activismo por la lucha feminista en la comarca","og_url":"https:\/\/radiolitoral.com\/ca\/2023\/04\/paqui-romaguera-alcaldable-pel-pspv-psoe-de-teulada\/","og_site_name":"R\u00e0dio Litoral","article_publisher":"https:\/\/www.facebook.com\/Laradiolitoral\/","article_published_time":"2023-04-26T13:55:08+00:00","article_modified_time":"2023-04-26T13:55:38+00:00","og_image":[{"width":880,"height":495,"url":"https:\/\/media.radiolitoral.com\/wp-content\/uploads\/2023\/04\/26155337\/paqui.jpg","type":"image\/jpeg"}],"author":"Redacci\u00f3n","twitter_card":"summary_large_image","twitter_misc":{"Escrit per":"Redacci\u00f3n","Temps estimat de lectura":"2 minuts"},"schema":{"@context":"https:\/\/schema.org","@graph":[{"@type":"NewsArticle","@id":"https:\/\/radiolitoral.com\/2023\/04\/paqui-romaguera-alcaldable-por-el-pspv-psoe-de-teulada\/#article","isPartOf":{"@id":"https:\/\/radiolitoral.com\/2023\/04\/paqui-romaguera-alcaldable-por-el-pspv-psoe-de-teulada\/"},"author":{"name":"Redacci\u00f3n","@id":"https:\/\/radiolitoral.com\/#\/schema\/person\/f2b2343c49b5d721857cc1002bfdb151"},"headline":"Paqui Romaguera, alcaldable por el PSPV-PSOE de Teulada","datePublished":"2023-04-26T13:55:08+00:00","dateModified":"2023-04-26T13:55:38+00:00","mainEntityOfPage":{"@id":"https:\/\/radiolitoral.com\/2023\/04\/paqui-romaguera-alcaldable-por-el-pspv-psoe-de-teulada\/"},"wordCount":286,"commentCount":0,"publisher":{"@id":"https:\/\/radiolitoral.com\/#organization"},"image":{"@id":"https:\/\/radiolitoral.com\/2023\/04\/paqui-romaguera-alcaldable-por-el-pspv-psoe-de-teulada\/#primaryimage"},"thumbnailUrl":"https:\/\/media.radiolitoral.com\/wp-content\/uploads\/2023\/04\/26155337\/paqui.jpg","keywords":["elecciones 2023","Paqui Romaguera","Teulada"],"articleSection":["Pol\u00edtica"],"inLanguage":"ca","potentialAction":[{"@type":"CommentAction","name":"Comment","target":["https:\/\/radiolitoral.com\/2023\/04\/paqui-romaguera-alcaldable-por-el-pspv-psoe-de-teulada\/#respond"]}]},{"@type":["WebPage","ItemPage"],"@id":"https:\/\/radiolitoral.com\/2023\/04\/paqui-romaguera-alcaldable-por-el-pspv-psoe-de-teulada\/","url":"https:\/\/radiolitoral.com\/2023\/04\/paqui-romaguera-alcaldable-por-el-pspv-psoe-de-teulada\/","name":"Paqui Romaguera, alcaldable pel PSPV-PSOE de Teulada | R\u00e0dio Litoral","isPartOf":{"@id":"https:\/\/radiolitoral.com\/#website"},"primaryImageOfPage":{"@id":"https:\/\/radiolitoral.com\/2023\/04\/paqui-romaguera-alcaldable-por-el-pspv-psoe-de-teulada\/#primaryimage"},"image":{"@id":"https:\/\/radiolitoral.com\/2023\/04\/paqui-romaguera-alcaldable-por-el-pspv-psoe-de-teulada\/#primaryimage"},"thumbnailUrl":"https:\/\/media.radiolitoral.com\/wp-content\/uploads\/2023\/04\/26155337\/paqui.jpg","datePublished":"2023-04-26T13:55:08+00:00","dateModified":"2023-04-26T13:55:38+00:00","description":"Coneguda pel seu activisme per la lluita feminista a la comarca Coneguda pel seu activisme per la lluita feminista a la comarca","breadcrumb":{"@id":"https:\/\/radiolitoral.com\/2023\/04\/paqui-romaguera-alcaldable-por-el-pspv-psoe-de-teulada\/#breadcrumb"},"inLanguage":"ca","potentialAction":[{"@type":"ReadAction","target":["https:\/\/radiolitoral.com\/2023\/04\/paqui-romaguera-alcaldable-por-el-pspv-psoe-de-teulada\/"]}]},{"@type":"ImageObject","inLanguage":"ca","@id":"https:\/\/radiolitoral.com\/2023\/04\/paqui-romaguera-alcaldable-por-el-pspv-psoe-de-teulada\/#primaryimage","url":"https:\/\/media.radiolitoral.com\/wp-content\/uploads\/2023\/04\/26155337\/paqui.jpg","contentUrl":"https:\/\/media.radiolitoral.com\/wp-content\/uploads\/2023\/04\/26155337\/paqui.jpg","width":880,"height":495},{"@type":"BreadcrumbList","@id":"https:\/\/radiolitoral.com\/2023\/04\/paqui-romaguera-alcaldable-por-el-pspv-psoe-de-teulada\/#breadcrumb","itemListElement":[{"@type":"ListItem","position":1,"name":"Portada","item":"https:\/\/radiolitoral.com\/"},{"@type":"ListItem","position":2,"name":"Paqui Romaguera, alcaldable por el PSPV-PSOE de Teulada"}]},{"@type":"WebSite","@id":"https:\/\/radiolitoral.com\/#website","url":"https:\/\/radiolitoral.com\/","name":"R\u00e0dio Litoral","description":"La r\u00e0dio local de la Marina Alta","publisher":{"@id":"https:\/\/radiolitoral.com\/#organization"},"alternateName":"Litoral FM","potentialAction":[{"@type":"SearchAction","target":{"@type":"EntryPoint","urlTemplate":"https:\/\/radiolitoral.com\/?s={search_term_string}"},"query-input":{"@type":"PropertyValueSpecification","valueRequired":true,"valueName":"search_term_string"}}],"inLanguage":"ca"},{"@type":"Organization","@id":"https:\/\/radiolitoral.com\/#organization","name":"R\u00e0dio Litoral","url":"https:\/\/radiolitoral.com\/","logo":{"@type":"ImageObject","inLanguage":"ca","@id":"https:\/\/radiolitoral.com\/#\/schema\/logo\/image\/","url":"https:\/\/media.radiolitoral.com\/wp-content\/uploads\/2023\/02\/24143238\/CL-V-RadioLitoral696.png","contentUrl":"https:\/\/media.radiolitoral.com\/wp-content\/uploads\/2023\/02\/24143238\/CL-V-RadioLitoral696.png","width":696,"height":696,"caption":"Radio Litoral"},"image":{"@id":"https:\/\/radiolitoral.com\/#\/schema\/logo\/image\/"},"sameAs":["https:\/\/www.facebook.com\/Laradiolitoral\/"]},{"@type":"Person","@id":"https:\/\/radiolitoral.com\/#\/schema\/person\/f2b2343c49b5d721857cc1002bfdb151","name":"Redacci\u00f3","image":{"@type":"ImageObject","inLanguage":"ca","@id":"https:\/\/secure.gravatar.com\/avatar\/f771d896c203ad8b3382d7905cfcce5a5c9b008b84b3cd9114e9b9f4cb63f789?s=96&d=mm&r=g","url":"https:\/\/secure.gravatar.com\/avatar\/f771d896c203ad8b3382d7905cfcce5a5c9b008b84b3cd9114e9b9f4cb63f789?s=96&d=mm&r=g","contentUrl":"https:\/\/secure.gravatar.com\/avatar\/f771d896c203ad8b3382d7905cfcce5a5c9b008b84b3cd9114e9b9f4cb63f789?s=96&d=mm&r=g","caption":"Redacci\u00f3n"},"url":"https:\/\/radiolitoral.com\/ca\/author\/miriam-pagan\/"}]}},"_links":{"self":[{"href":"https:\/\/radiolitoral.com\/ca\/wp-json\/wp\/v2\/posts\/2541","targetHints":{"allow":["GET"]}}],"collection":[{"href":"https:\/\/radiolitoral.com\/ca\/wp-json\/wp\/v2\/posts"}],"about":[{"href":"https:\/\/radiolitoral.com\/ca\/wp-json\/wp\/v2\/types\/post"}],"author":[{"embeddable":true,"href":"https:\/\/radiolitoral.com\/ca\/wp-json\/wp\/v2\/users\/13"}],"replies":[{"embeddable":true,"href":"https:\/\/radiolitoral.com\/ca\/wp-json\/wp\/v2\/comments?post=2541"}],"version-history":[{"count":1,"href":"https:\/\/radiolitoral.com\/ca\/wp-json\/wp\/v2\/posts\/2541\/revisions"}],"predecessor-version":[{"id":2544,"href":"https:\/\/radiolitoral.com\/ca\/wp-json\/wp\/v2\/posts\/2541\/revisions\/2544"}],"wp:featuredmedia":[{"embeddable":true,"href":"https:\/\/radiolitoral.com\/ca\/wp-json\/wp\/v2\/media\/2543"}],"wp:attachment":[{"href":"https:\/\/radiolitoral.com\/ca\/wp-json\/wp\/v2\/media?parent=2541"}],"wp:term":[{"taxonomy":"category","embeddable":true,"href":"https:\/\/radiolitoral.com\/ca\/wp-json\/wp\/v2\/categories?post=2541"},{"taxonomy":"post_tag","embeddable":true,"href":"https:\/\/radiolitoral.com\/ca\/wp-json\/wp\/v2\/tags?post=2541"}],"curies":[{"name":"wp","href":"https:\/\/api.w.org\/{rel}","templated":true}]}}