{"id":2534,"date":"2023-04-26T15:43:03","date_gmt":"2023-04-26T13:43:03","guid":{"rendered":"https:\/\/radiolitoral.com\/?p=2534"},"modified":"2023-04-26T15:43:22","modified_gmt":"2023-04-26T13:43:22","slug":"el-psoe-calpi-es-compromet-a-elaborar-un-reglament-de-participacio-ciutadana","status":"publish","type":"post","link":"https:\/\/radiolitoral.com\/ca\/2023\/04\/el-psoe-calpino-se-compromete-a-elaborar-un-reglamento-de-participacion-ciudadana\/","title":{"rendered":"El PSOE calp\u00ed es compromet a elaborar un Reglament de Participaci\u00f3 Ciutadana"},"content":{"rendered":"<p>El <strong>PSPV-PSOE de Calp<\/strong> anuncia, entre els seus compromisos electorals, la <strong>implantaci\u00f3 dels pressupostos participatius.<\/strong> Un sistema que possibilitar\u00e0, expliquen, que els calpins i les calpines puguin proposar determinades inversions i participar a l&#039;elecci\u00f3 dels projectes seleccionats.<\/p>\n<p>Els Pressupostos Participatius \u00e9s una iniciativa que est\u00e0 vigent a diverses localitats de la comarca, per\u00f2 segons remarquen des del PSOE, a Calp el Partit Popular s&#039;ha negat sempre a la seva aplicaci\u00f3.<\/p>\n<p>Entenent la import\u00e0ncia de la participaci\u00f3 ciutadana a la vida pol\u00edtica, des del PSOE de Calp es comprometen a <strong>elaborar un Reglament de Participaci\u00f3 Ciutadana<\/strong> que aprofundeixi en la participaci\u00f3 real i efectiva dels calpins i les calpines.<\/p>\n<p>Aix\u00ed ho planteja el n\u00famero 1 dels socialistes, Guillermo Sendra. L&#039;alcaldable remarca que aquesta \u00e9s una f\u00f3rmula que garanteix la participaci\u00f3 de la ciutadania a la cogovernan\u00e7a municipal pel que fa a la presa de decisions de transcend\u00e8ncia per a la generalitat del municipi.<\/p>\n<audio class=\"wp-audio-shortcode\" id=\"audio-2534-1\" preload=\"none\" style=\"width: 100%;\" controls=\"controls\"><source type=\"audio\/mpeg\" src=\"https:\/\/media.radiolitoral.com\/wp-content\/uploads\/2023\/04\/26153900\/Guillermo-Sendra-2.mp3?_=1\" \/><a href=\"https:\/\/media.radiolitoral.com\/wp-content\/uploads\/2023\/04\/26153900\/Guillermo-Sendra-2.mp3\">https:\/\/media.radiolitoral.com\/wp-content\/uploads\/2023\/04\/26153900\/Guillermo-Sendra-2.mp3<\/a><\/audio>","protected":false},"excerpt":{"rendered":"<p>El PSPV-PSOE de Calp anuncia, entre sus compromisos electorales, la implantaci\u00f3n de los Presupuestos Participativos. Un sistema que posibilitar\u00e1, explican, que los calpinos y las calpinas puedan proponer determinadas inversiones y participar en la elecci\u00f3n de los proyectos seleccionados. Los Presupuestos Participativos es una iniciativa que est\u00e1 vigente en diversas localidades de la comarca, pero [&#8230;]<\/p>\n<p><a class=\"btn btn-secondary understrap-read-more-link\" href=\"https:\/\/radiolitoral.com\/ca\/2023\/04\/el-psoe-calpino-se-compromete-a-elaborar-un-reglamento-de-participacion-ciudadana\/\">Continua llegint&#8230;<span class=\"screen-reader-text\"> from El PSOE calpino se compromete a elaborar un Reglamento de Participaci\u00f3n Ciudadana<\/span><\/a><\/p>\n","protected":false},"author":13,"featured_media":2536,"comment_status":"open","ping_status":"closed","sticky":false,"template":"","format":"standard","meta":{"_acf_changed":false,"inline_featured_image":false,"footnotes":""},"categories":[13],"tags":[161,608,606,607],"class_list":["post-2534","post","type-post","status-publish","format-standard","has-post-thumbnail","hentry","category-politica","tag-elecciones-2023","tag-participacion-ciudadana","tag-psee-calp","tag-socialistas-calp","cobertura-calp"],"acf":[],"yoast_head":"<!-- This site is optimized with the Yoast SEO plugin v27.5 - https:\/\/yoast.com\/product\/yoast-seo-wordpress\/ -->\n<title>El PSOE calpino se compromete a elaborar un Reglamento de Participaci\u00f3n Ciudadana | R\u00e0dio Litoral<\/title>\n<meta name=\"description\" content=\"Es un forma de proponer determinadas inversiones y participar en la elecci\u00f3n de proyectos Es un forma de proponer determinadas inversiones y participar en la elecci\u00f3n de proyectos\" \/>\n<meta name=\"robots\" content=\"index, follow, max-snippet:-1, max-image-preview:large, max-video-preview:-1\" \/>\n<link rel=\"canonical\" href=\"https:\/\/radiolitoral.com\/ca\/2023\/04\/el-psoe-calpi-es-compromet-a-elaborar-un-reglament-de-participacio-ciutadana\/\" \/>\n<meta property=\"og:locale\" content=\"ca_ES\" \/>\n<meta property=\"og:type\" content=\"article\" \/>\n<meta property=\"og:title\" content=\"El PSOE calpino se compromete a elaborar un Reglamento de Participaci\u00f3n Ciudadana | R\u00e0dio Litoral\" \/>\n<meta property=\"og:description\" content=\"Es un forma de proponer determinadas inversiones y participar en la elecci\u00f3n de proyectos Es un forma de proponer determinadas inversiones y participar en la elecci\u00f3n de proyectos\" \/>\n<meta property=\"og:url\" content=\"https:\/\/radiolitoral.com\/ca\/2023\/04\/el-psoe-calpi-es-compromet-a-elaborar-un-reglament-de-participacio-ciutadana\/\" \/>\n<meta property=\"og:site_name\" content=\"R\u00e0dio Litoral\" \/>\n<meta property=\"article:publisher\" content=\"https:\/\/www.facebook.com\/Laradiolitoral\/\" \/>\n<meta property=\"article:published_time\" content=\"2023-04-26T13:43:03+00:00\" \/>\n<meta property=\"article:modified_time\" content=\"2023-04-26T13:43:22+00:00\" \/>\n<meta property=\"og:image\" content=\"https:\/\/media.radiolitoral.com\/wp-content\/uploads\/2023\/04\/26154256\/portada-reglamento.png\" \/>\n\t<meta property=\"og:image:width\" content=\"845\" \/>\n\t<meta property=\"og:image:height\" content=\"842\" \/>\n\t<meta property=\"og:image:type\" content=\"image\/png\" \/>\n<meta name=\"author\" content=\"Redacci\u00f3n\" \/>\n<meta name=\"twitter:card\" content=\"summary_large_image\" \/>\n<meta name=\"twitter:label1\" content=\"Escrit per\" \/>\n\t<meta name=\"twitter:data1\" content=\"Redacci\u00f3n\" \/>\n\t<meta name=\"twitter:label2\" content=\"Temps estimat de lectura\" \/>\n\t<meta name=\"twitter:data2\" content=\"1 minut\" \/>\n<script type=\"application\/ld+json\" class=\"yoast-schema-graph\">{\"@context\":\"https:\\\/\\\/schema.org\",\"@graph\":[{\"@type\":\"NewsArticle\",\"@id\":\"https:\\\/\\\/radiolitoral.com\\\/2023\\\/04\\\/el-psoe-calpino-se-compromete-a-elaborar-un-reglamento-de-participacion-ciudadana\\\/#article\",\"isPartOf\":{\"@id\":\"https:\\\/\\\/radiolitoral.com\\\/2023\\\/04\\\/el-psoe-calpino-se-compromete-a-elaborar-un-reglamento-de-participacion-ciudadana\\\/\"},\"author\":{\"name\":\"Redacci\u00f3n\",\"@id\":\"https:\\\/\\\/radiolitoral.com\\\/#\\\/schema\\\/person\\\/f2b2343c49b5d721857cc1002bfdb151\"},\"headline\":\"El PSOE calpino se compromete a elaborar un Reglamento de Participaci\u00f3n Ciudadana\",\"datePublished\":\"2023-04-26T13:43:03+00:00\",\"dateModified\":\"2023-04-26T13:43:22+00:00\",\"mainEntityOfPage\":{\"@id\":\"https:\\\/\\\/radiolitoral.com\\\/2023\\\/04\\\/el-psoe-calpino-se-compromete-a-elaborar-un-reglamento-de-participacion-ciudadana\\\/\"},\"wordCount\":189,\"commentCount\":0,\"publisher\":{\"@id\":\"https:\\\/\\\/radiolitoral.com\\\/#organization\"},\"image\":{\"@id\":\"https:\\\/\\\/radiolitoral.com\\\/2023\\\/04\\\/el-psoe-calpino-se-compromete-a-elaborar-un-reglamento-de-participacion-ciudadana\\\/#primaryimage\"},\"thumbnailUrl\":\"https:\\\/\\\/media.radiolitoral.com\\\/wp-content\\\/uploads\\\/2023\\\/04\\\/26154256\\\/portada-reglamento.png\",\"keywords\":[\"elecciones 2023\",\"Participaci\u00f3n ciudadana\",\"PSEE Calp\",\"Socialistas Calp\"],\"articleSection\":[\"Pol\u00edtica\"],\"inLanguage\":\"ca\",\"potentialAction\":[{\"@type\":\"CommentAction\",\"name\":\"Comment\",\"target\":[\"https:\\\/\\\/radiolitoral.com\\\/2023\\\/04\\\/el-psoe-calpino-se-compromete-a-elaborar-un-reglamento-de-participacion-ciudadana\\\/#respond\"]}]},{\"@type\":[\"WebPage\",\"ItemPage\"],\"@id\":\"https:\\\/\\\/radiolitoral.com\\\/2023\\\/04\\\/el-psoe-calpino-se-compromete-a-elaborar-un-reglamento-de-participacion-ciudadana\\\/\",\"url\":\"https:\\\/\\\/radiolitoral.com\\\/2023\\\/04\\\/el-psoe-calpino-se-compromete-a-elaborar-un-reglamento-de-participacion-ciudadana\\\/\",\"name\":\"El PSOE calpino se compromete a elaborar un Reglamento de Participaci\u00f3n Ciudadana | R\u00e0dio Litoral\",\"isPartOf\":{\"@id\":\"https:\\\/\\\/radiolitoral.com\\\/#website\"},\"primaryImageOfPage\":{\"@id\":\"https:\\\/\\\/radiolitoral.com\\\/2023\\\/04\\\/el-psoe-calpino-se-compromete-a-elaborar-un-reglamento-de-participacion-ciudadana\\\/#primaryimage\"},\"image\":{\"@id\":\"https:\\\/\\\/radiolitoral.com\\\/2023\\\/04\\\/el-psoe-calpino-se-compromete-a-elaborar-un-reglamento-de-participacion-ciudadana\\\/#primaryimage\"},\"thumbnailUrl\":\"https:\\\/\\\/media.radiolitoral.com\\\/wp-content\\\/uploads\\\/2023\\\/04\\\/26154256\\\/portada-reglamento.png\",\"datePublished\":\"2023-04-26T13:43:03+00:00\",\"dateModified\":\"2023-04-26T13:43:22+00:00\",\"description\":\"Es un forma de proponer determinadas inversiones y participar en la elecci\u00f3n de proyectos Es un forma de proponer determinadas inversiones y participar en la elecci\u00f3n de proyectos\",\"breadcrumb\":{\"@id\":\"https:\\\/\\\/radiolitoral.com\\\/2023\\\/04\\\/el-psoe-calpino-se-compromete-a-elaborar-un-reglamento-de-participacion-ciudadana\\\/#breadcrumb\"},\"inLanguage\":\"ca\",\"potentialAction\":[{\"@type\":\"ReadAction\",\"target\":[\"https:\\\/\\\/radiolitoral.com\\\/2023\\\/04\\\/el-psoe-calpino-se-compromete-a-elaborar-un-reglamento-de-participacion-ciudadana\\\/\"]}]},{\"@type\":\"ImageObject\",\"inLanguage\":\"ca\",\"@id\":\"https:\\\/\\\/radiolitoral.com\\\/2023\\\/04\\\/el-psoe-calpino-se-compromete-a-elaborar-un-reglamento-de-participacion-ciudadana\\\/#primaryimage\",\"url\":\"https:\\\/\\\/media.radiolitoral.com\\\/wp-content\\\/uploads\\\/2023\\\/04\\\/26154256\\\/portada-reglamento.png\",\"contentUrl\":\"https:\\\/\\\/media.radiolitoral.com\\\/wp-content\\\/uploads\\\/2023\\\/04\\\/26154256\\\/portada-reglamento.png\",\"width\":845,\"height\":842},{\"@type\":\"BreadcrumbList\",\"@id\":\"https:\\\/\\\/radiolitoral.com\\\/2023\\\/04\\\/el-psoe-calpino-se-compromete-a-elaborar-un-reglamento-de-participacion-ciudadana\\\/#breadcrumb\",\"itemListElement\":[{\"@type\":\"ListItem\",\"position\":1,\"name\":\"Portada\",\"item\":\"https:\\\/\\\/radiolitoral.com\\\/\"},{\"@type\":\"ListItem\",\"position\":2,\"name\":\"El PSOE calpino se compromete a elaborar un Reglamento de Participaci\u00f3n Ciudadana\"}]},{\"@type\":\"WebSite\",\"@id\":\"https:\\\/\\\/radiolitoral.com\\\/#website\",\"url\":\"https:\\\/\\\/radiolitoral.com\\\/\",\"name\":\"Radio Litoral\",\"description\":\"La radio local de la Marina Alta\",\"publisher\":{\"@id\":\"https:\\\/\\\/radiolitoral.com\\\/#organization\"},\"alternateName\":\"Litoral FM\",\"potentialAction\":[{\"@type\":\"SearchAction\",\"target\":{\"@type\":\"EntryPoint\",\"urlTemplate\":\"https:\\\/\\\/radiolitoral.com\\\/?s={search_term_string}\"},\"query-input\":{\"@type\":\"PropertyValueSpecification\",\"valueRequired\":true,\"valueName\":\"search_term_string\"}}],\"inLanguage\":\"ca\"},{\"@type\":\"Organization\",\"@id\":\"https:\\\/\\\/radiolitoral.com\\\/#organization\",\"name\":\"Radio Litoral\",\"url\":\"https:\\\/\\\/radiolitoral.com\\\/\",\"logo\":{\"@type\":\"ImageObject\",\"inLanguage\":\"ca\",\"@id\":\"https:\\\/\\\/radiolitoral.com\\\/#\\\/schema\\\/logo\\\/image\\\/\",\"url\":\"https:\\\/\\\/media.radiolitoral.com\\\/wp-content\\\/uploads\\\/2023\\\/02\\\/24143238\\\/CL-V-RadioLitoral696.png\",\"contentUrl\":\"https:\\\/\\\/media.radiolitoral.com\\\/wp-content\\\/uploads\\\/2023\\\/02\\\/24143238\\\/CL-V-RadioLitoral696.png\",\"width\":696,\"height\":696,\"caption\":\"Radio Litoral\"},\"image\":{\"@id\":\"https:\\\/\\\/radiolitoral.com\\\/#\\\/schema\\\/logo\\\/image\\\/\"},\"sameAs\":[\"https:\\\/\\\/www.facebook.com\\\/Laradiolitoral\\\/\"]},{\"@type\":\"Person\",\"@id\":\"https:\\\/\\\/radiolitoral.com\\\/#\\\/schema\\\/person\\\/f2b2343c49b5d721857cc1002bfdb151\",\"name\":\"Redacci\u00f3n\",\"image\":{\"@type\":\"ImageObject\",\"inLanguage\":\"ca\",\"@id\":\"https:\\\/\\\/secure.gravatar.com\\\/avatar\\\/f771d896c203ad8b3382d7905cfcce5a5c9b008b84b3cd9114e9b9f4cb63f789?s=96&d=mm&r=g\",\"url\":\"https:\\\/\\\/secure.gravatar.com\\\/avatar\\\/f771d896c203ad8b3382d7905cfcce5a5c9b008b84b3cd9114e9b9f4cb63f789?s=96&d=mm&r=g\",\"contentUrl\":\"https:\\\/\\\/secure.gravatar.com\\\/avatar\\\/f771d896c203ad8b3382d7905cfcce5a5c9b008b84b3cd9114e9b9f4cb63f789?s=96&d=mm&r=g\",\"caption\":\"Redacci\u00f3n\"},\"url\":\"https:\\\/\\\/radiolitoral.com\\\/ca\\\/author\\\/miriam-pagan\\\/\"}]}<\/script>\n<!-- \/ Yoast SEO plugin. -->","yoast_head_json":{"title":"El PSOE calp\u00ed es compromet a elaborar un Reglament de participaci\u00f3 ciutadana | R\u00e0dio Litoral","description":"\u00c9s una forma de proposar determinades inversions i participar a l&#039;elecci\u00f3 de projectes \u00c9s una forma de proposar determinades inversions i participar a l&#039;elecci\u00f3 de projectes","robots":{"index":"index","follow":"follow","max-snippet":"max-snippet:-1","max-image-preview":"max-image-preview:large","max-video-preview":"max-video-preview:-1"},"canonical":"https:\/\/radiolitoral.com\/ca\/2023\/04\/el-psoe-calpi-es-compromet-a-elaborar-un-reglament-de-participacio-ciutadana\/","og_locale":"ca_ES","og_type":"article","og_title":"El PSOE calpino se compromete a elaborar un Reglamento de Participaci\u00f3n Ciudadana | R\u00e0dio Litoral","og_description":"Es un forma de proponer determinadas inversiones y participar en la elecci\u00f3n de proyectos Es un forma de proponer determinadas inversiones y participar en la elecci\u00f3n de proyectos","og_url":"https:\/\/radiolitoral.com\/ca\/2023\/04\/el-psoe-calpi-es-compromet-a-elaborar-un-reglament-de-participacio-ciutadana\/","og_site_name":"R\u00e0dio Litoral","article_publisher":"https:\/\/www.facebook.com\/Laradiolitoral\/","article_published_time":"2023-04-26T13:43:03+00:00","article_modified_time":"2023-04-26T13:43:22+00:00","og_image":[{"width":845,"height":842,"url":"https:\/\/media.radiolitoral.com\/wp-content\/uploads\/2023\/04\/26154256\/portada-reglamento.png","type":"image\/png"}],"author":"Redacci\u00f3n","twitter_card":"summary_large_image","twitter_misc":{"Escrit per":"Redacci\u00f3n","Temps estimat de lectura":"1 minut"},"schema":{"@context":"https:\/\/schema.org","@graph":[{"@type":"NewsArticle","@id":"https:\/\/radiolitoral.com\/2023\/04\/el-psoe-calpino-se-compromete-a-elaborar-un-reglamento-de-participacion-ciudadana\/#article","isPartOf":{"@id":"https:\/\/radiolitoral.com\/2023\/04\/el-psoe-calpino-se-compromete-a-elaborar-un-reglamento-de-participacion-ciudadana\/"},"author":{"name":"Redacci\u00f3n","@id":"https:\/\/radiolitoral.com\/#\/schema\/person\/f2b2343c49b5d721857cc1002bfdb151"},"headline":"El PSOE calpino se compromete a elaborar un Reglamento de Participaci\u00f3n Ciudadana","datePublished":"2023-04-26T13:43:03+00:00","dateModified":"2023-04-26T13:43:22+00:00","mainEntityOfPage":{"@id":"https:\/\/radiolitoral.com\/2023\/04\/el-psoe-calpino-se-compromete-a-elaborar-un-reglamento-de-participacion-ciudadana\/"},"wordCount":189,"commentCount":0,"publisher":{"@id":"https:\/\/radiolitoral.com\/#organization"},"image":{"@id":"https:\/\/radiolitoral.com\/2023\/04\/el-psoe-calpino-se-compromete-a-elaborar-un-reglamento-de-participacion-ciudadana\/#primaryimage"},"thumbnailUrl":"https:\/\/media.radiolitoral.com\/wp-content\/uploads\/2023\/04\/26154256\/portada-reglamento.png","keywords":["elecciones 2023","Participaci\u00f3n ciudadana","PSEE Calp","Socialistas Calp"],"articleSection":["Pol\u00edtica"],"inLanguage":"ca","potentialAction":[{"@type":"CommentAction","name":"Comment","target":["https:\/\/radiolitoral.com\/2023\/04\/el-psoe-calpino-se-compromete-a-elaborar-un-reglamento-de-participacion-ciudadana\/#respond"]}]},{"@type":["WebPage","ItemPage"],"@id":"https:\/\/radiolitoral.com\/2023\/04\/el-psoe-calpino-se-compromete-a-elaborar-un-reglamento-de-participacion-ciudadana\/","url":"https:\/\/radiolitoral.com\/2023\/04\/el-psoe-calpino-se-compromete-a-elaborar-un-reglamento-de-participacion-ciudadana\/","name":"El PSOE calp\u00ed es compromet a elaborar un Reglament de participaci\u00f3 ciutadana | R\u00e0dio Litoral","isPartOf":{"@id":"https:\/\/radiolitoral.com\/#website"},"primaryImageOfPage":{"@id":"https:\/\/radiolitoral.com\/2023\/04\/el-psoe-calpino-se-compromete-a-elaborar-un-reglamento-de-participacion-ciudadana\/#primaryimage"},"image":{"@id":"https:\/\/radiolitoral.com\/2023\/04\/el-psoe-calpino-se-compromete-a-elaborar-un-reglamento-de-participacion-ciudadana\/#primaryimage"},"thumbnailUrl":"https:\/\/media.radiolitoral.com\/wp-content\/uploads\/2023\/04\/26154256\/portada-reglamento.png","datePublished":"2023-04-26T13:43:03+00:00","dateModified":"2023-04-26T13:43:22+00:00","description":"\u00c9s una forma de proposar determinades inversions i participar a l&#039;elecci\u00f3 de projectes \u00c9s una forma de proposar determinades inversions i participar a l&#039;elecci\u00f3 de projectes","breadcrumb":{"@id":"https:\/\/radiolitoral.com\/2023\/04\/el-psoe-calpino-se-compromete-a-elaborar-un-reglamento-de-participacion-ciudadana\/#breadcrumb"},"inLanguage":"ca","potentialAction":[{"@type":"ReadAction","target":["https:\/\/radiolitoral.com\/2023\/04\/el-psoe-calpino-se-compromete-a-elaborar-un-reglamento-de-participacion-ciudadana\/"]}]},{"@type":"ImageObject","inLanguage":"ca","@id":"https:\/\/radiolitoral.com\/2023\/04\/el-psoe-calpino-se-compromete-a-elaborar-un-reglamento-de-participacion-ciudadana\/#primaryimage","url":"https:\/\/media.radiolitoral.com\/wp-content\/uploads\/2023\/04\/26154256\/portada-reglamento.png","contentUrl":"https:\/\/media.radiolitoral.com\/wp-content\/uploads\/2023\/04\/26154256\/portada-reglamento.png","width":845,"height":842},{"@type":"BreadcrumbList","@id":"https:\/\/radiolitoral.com\/2023\/04\/el-psoe-calpino-se-compromete-a-elaborar-un-reglamento-de-participacion-ciudadana\/#breadcrumb","itemListElement":[{"@type":"ListItem","position":1,"name":"Portada","item":"https:\/\/radiolitoral.com\/"},{"@type":"ListItem","position":2,"name":"El PSOE calpino se compromete a elaborar un Reglamento de Participaci\u00f3n Ciudadana"}]},{"@type":"WebSite","@id":"https:\/\/radiolitoral.com\/#website","url":"https:\/\/radiolitoral.com\/","name":"R\u00e0dio Litoral","description":"La r\u00e0dio local de la Marina Alta","publisher":{"@id":"https:\/\/radiolitoral.com\/#organization"},"alternateName":"Litoral FM","potentialAction":[{"@type":"SearchAction","target":{"@type":"EntryPoint","urlTemplate":"https:\/\/radiolitoral.com\/?s={search_term_string}"},"query-input":{"@type":"PropertyValueSpecification","valueRequired":true,"valueName":"search_term_string"}}],"inLanguage":"ca"},{"@type":"Organization","@id":"https:\/\/radiolitoral.com\/#organization","name":"R\u00e0dio Litoral","url":"https:\/\/radiolitoral.com\/","logo":{"@type":"ImageObject","inLanguage":"ca","@id":"https:\/\/radiolitoral.com\/#\/schema\/logo\/image\/","url":"https:\/\/media.radiolitoral.com\/wp-content\/uploads\/2023\/02\/24143238\/CL-V-RadioLitoral696.png","contentUrl":"https:\/\/media.radiolitoral.com\/wp-content\/uploads\/2023\/02\/24143238\/CL-V-RadioLitoral696.png","width":696,"height":696,"caption":"Radio Litoral"},"image":{"@id":"https:\/\/radiolitoral.com\/#\/schema\/logo\/image\/"},"sameAs":["https:\/\/www.facebook.com\/Laradiolitoral\/"]},{"@type":"Person","@id":"https:\/\/radiolitoral.com\/#\/schema\/person\/f2b2343c49b5d721857cc1002bfdb151","name":"Redacci\u00f3","image":{"@type":"ImageObject","inLanguage":"ca","@id":"https:\/\/secure.gravatar.com\/avatar\/f771d896c203ad8b3382d7905cfcce5a5c9b008b84b3cd9114e9b9f4cb63f789?s=96&d=mm&r=g","url":"https:\/\/secure.gravatar.com\/avatar\/f771d896c203ad8b3382d7905cfcce5a5c9b008b84b3cd9114e9b9f4cb63f789?s=96&d=mm&r=g","contentUrl":"https:\/\/secure.gravatar.com\/avatar\/f771d896c203ad8b3382d7905cfcce5a5c9b008b84b3cd9114e9b9f4cb63f789?s=96&d=mm&r=g","caption":"Redacci\u00f3n"},"url":"https:\/\/radiolitoral.com\/ca\/author\/miriam-pagan\/"}]}},"_links":{"self":[{"href":"https:\/\/radiolitoral.com\/ca\/wp-json\/wp\/v2\/posts\/2534","targetHints":{"allow":["GET"]}}],"collection":[{"href":"https:\/\/radiolitoral.com\/ca\/wp-json\/wp\/v2\/posts"}],"about":[{"href":"https:\/\/radiolitoral.com\/ca\/wp-json\/wp\/v2\/types\/post"}],"author":[{"embeddable":true,"href":"https:\/\/radiolitoral.com\/ca\/wp-json\/wp\/v2\/users\/13"}],"replies":[{"embeddable":true,"href":"https:\/\/radiolitoral.com\/ca\/wp-json\/wp\/v2\/comments?post=2534"}],"version-history":[{"count":1,"href":"https:\/\/radiolitoral.com\/ca\/wp-json\/wp\/v2\/posts\/2534\/revisions"}],"predecessor-version":[{"id":2537,"href":"https:\/\/radiolitoral.com\/ca\/wp-json\/wp\/v2\/posts\/2534\/revisions\/2537"}],"wp:featuredmedia":[{"embeddable":true,"href":"https:\/\/radiolitoral.com\/ca\/wp-json\/wp\/v2\/media\/2536"}],"wp:attachment":[{"href":"https:\/\/radiolitoral.com\/ca\/wp-json\/wp\/v2\/media?parent=2534"}],"wp:term":[{"taxonomy":"category","embeddable":true,"href":"https:\/\/radiolitoral.com\/ca\/wp-json\/wp\/v2\/categories?post=2534"},{"taxonomy":"post_tag","embeddable":true,"href":"https:\/\/radiolitoral.com\/ca\/wp-json\/wp\/v2\/tags?post=2534"}],"curies":[{"name":"wp","href":"https:\/\/api.w.org\/{rel}","templated":true}]}}