{"id":2521,"date":"2023-04-26T15:17:25","date_gmt":"2023-04-26T13:17:25","guid":{"rendered":"https:\/\/radiolitoral.com\/?p=2521"},"modified":"2023-04-26T19:44:19","modified_gmt":"2023-04-26T17:44:19","slug":"errors-en-les-candidatures-politiques-publicades-al-boe","status":"publish","type":"post","link":"https:\/\/radiolitoral.com\/ca\/2023\/04\/errores-en-las-candidaturas-politicas-publicadas-en-el-boe\/","title":{"rendered":"Errors en les candidatures pol\u00edtiques publicades al BOP"},"content":{"rendered":"<p>Darrer dimecres del mes d&#039;abril marcat per l&#039;activitat pol\u00edtica de cara a les municipals del 28 de maig. Avui s&#039;han <strong>publicat al BOP les candidatures<\/strong> que concorren a la propera cita amb les urnes. Llistat que cal agafar amb pinces, perqu\u00e8 despr\u00e9s d&#039;un primer cop d&#039;ull <strong>es detecten molts errors<\/strong>.<\/p>\n<p>Des de cognoms canviats, noms de candidats que pertanyen a un altre partit i fins a candidatures que no corresponen al municipi on han quedat inscrites. \u00c9s el cas de la llista del PP de D\u00e9nia, que apareix a la circumscripci\u00f3 de Calp ia la de D\u00e9nia. Repetida dues vegades. Errors que ara els partits s&#039;han d&#039;afanyar a rectificar. Tenen el termini de 2 dies.<\/p>\n<p>&nbsp;<\/p>","protected":false},"excerpt":{"rendered":"<p>\u00daltimo mi\u00e9rcoles del mes de abril marcado por la actividad pol\u00edtica de cara a las municipales del 28 de mayo. Hoy se han publicado en el BOP las candidaturas que concurren a la pr\u00f3xima cita con las urnas. Listado que es necesario coger con pinzas, porque tras un primer vistazo se detectan muchos errores. Desde [&#8230;]<\/p>\n<p><a class=\"btn btn-secondary understrap-read-more-link\" href=\"https:\/\/radiolitoral.com\/ca\/2023\/04\/errores-en-las-candidaturas-politicas-publicadas-en-el-boe\/\">Continua llegint&#8230;<span class=\"screen-reader-text\"> from Errores en las candidaturas pol\u00edticas publicadas en el BOP<\/span><\/a><\/p>\n","protected":false},"author":13,"featured_media":2548,"comment_status":"open","ping_status":"closed","sticky":false,"template":"","format":"standard","meta":{"_acf_changed":false,"inline_featured_image":false,"footnotes":""},"categories":[13],"tags":[605,161],"class_list":["post-2521","post","type-post","status-publish","format-standard","has-post-thumbnail","hentry","category-politica","tag-boe-listas","tag-elecciones-2023"],"acf":[],"yoast_head":"<!-- This site is optimized with the Yoast SEO plugin v27.5 - https:\/\/yoast.com\/product\/yoast-seo-wordpress\/ -->\n<title>Errores en las candidaturas pol\u00edticas publicadas en el BOP | R\u00e0dio Litoral<\/title>\n<meta name=\"description\" content=\"Apellidos cambiados, nombres de candidatos que pertenecen a otro partido y hasta candidaturas que no corresponden al municipio Apellidos cambiados, nombres de candidatos que pertenecen a otro partido y hasta candidaturas que no corresponden al municipio\" \/>\n<meta name=\"robots\" content=\"index, follow, max-snippet:-1, max-image-preview:large, max-video-preview:-1\" \/>\n<link rel=\"canonical\" href=\"https:\/\/radiolitoral.com\/ca\/2023\/04\/errors-en-les-candidatures-politiques-publicades-al-boe\/\" \/>\n<meta property=\"og:locale\" content=\"ca_ES\" \/>\n<meta property=\"og:type\" content=\"article\" \/>\n<meta property=\"og:title\" content=\"Errores en las candidaturas pol\u00edticas publicadas en el BOP | R\u00e0dio Litoral\" \/>\n<meta property=\"og:description\" content=\"Apellidos cambiados, nombres de candidatos que pertenecen a otro partido y hasta candidaturas que no corresponden al municipio Apellidos cambiados, nombres de candidatos que pertenecen a otro partido y hasta candidaturas que no corresponden al municipio\" \/>\n<meta property=\"og:url\" content=\"https:\/\/radiolitoral.com\/ca\/2023\/04\/errors-en-les-candidatures-politiques-publicades-al-boe\/\" \/>\n<meta property=\"og:site_name\" content=\"R\u00e0dio Litoral\" \/>\n<meta property=\"article:publisher\" content=\"https:\/\/www.facebook.com\/Laradiolitoral\/\" \/>\n<meta property=\"article:published_time\" content=\"2023-04-26T13:17:25+00:00\" \/>\n<meta property=\"article:modified_time\" content=\"2023-04-26T17:44:19+00:00\" \/>\n<meta property=\"og:image\" content=\"https:\/\/media.radiolitoral.com\/wp-content\/uploads\/2023\/04\/26194400\/bop.jpg\" \/>\n\t<meta property=\"og:image:width\" content=\"588\" \/>\n\t<meta property=\"og:image:height\" content=\"378\" \/>\n\t<meta property=\"og:image:type\" content=\"image\/jpeg\" \/>\n<meta name=\"author\" content=\"Redacci\u00f3n\" \/>\n<meta name=\"twitter:card\" content=\"summary_large_image\" \/>\n<meta name=\"twitter:label1\" content=\"Escrit per\" \/>\n\t<meta name=\"twitter:data1\" content=\"Redacci\u00f3n\" \/>\n\t<meta name=\"twitter:label2\" content=\"Temps estimat de lectura\" \/>\n\t<meta name=\"twitter:data2\" content=\"1 minut\" \/>\n<script type=\"application\/ld+json\" class=\"yoast-schema-graph\">{\"@context\":\"https:\\\/\\\/schema.org\",\"@graph\":[{\"@type\":\"NewsArticle\",\"@id\":\"https:\\\/\\\/radiolitoral.com\\\/2023\\\/04\\\/errores-en-las-candidaturas-politicas-publicadas-en-el-boe\\\/#article\",\"isPartOf\":{\"@id\":\"https:\\\/\\\/radiolitoral.com\\\/2023\\\/04\\\/errores-en-las-candidaturas-politicas-publicadas-en-el-boe\\\/\"},\"author\":{\"name\":\"Redacci\u00f3n\",\"@id\":\"https:\\\/\\\/radiolitoral.com\\\/#\\\/schema\\\/person\\\/f2b2343c49b5d721857cc1002bfdb151\"},\"headline\":\"Errores en las candidaturas pol\u00edticas publicadas en el BOP\",\"datePublished\":\"2023-04-26T13:17:25+00:00\",\"dateModified\":\"2023-04-26T17:44:19+00:00\",\"mainEntityOfPage\":{\"@id\":\"https:\\\/\\\/radiolitoral.com\\\/2023\\\/04\\\/errores-en-las-candidaturas-politicas-publicadas-en-el-boe\\\/\"},\"wordCount\":136,\"commentCount\":0,\"publisher\":{\"@id\":\"https:\\\/\\\/radiolitoral.com\\\/#organization\"},\"image\":{\"@id\":\"https:\\\/\\\/radiolitoral.com\\\/2023\\\/04\\\/errores-en-las-candidaturas-politicas-publicadas-en-el-boe\\\/#primaryimage\"},\"thumbnailUrl\":\"https:\\\/\\\/media.radiolitoral.com\\\/wp-content\\\/uploads\\\/2023\\\/04\\\/26194400\\\/bop.jpg\",\"keywords\":[\"BOE listas\",\"elecciones 2023\"],\"articleSection\":[\"Pol\u00edtica\"],\"inLanguage\":\"ca\",\"potentialAction\":[{\"@type\":\"CommentAction\",\"name\":\"Comment\",\"target\":[\"https:\\\/\\\/radiolitoral.com\\\/2023\\\/04\\\/errores-en-las-candidaturas-politicas-publicadas-en-el-boe\\\/#respond\"]}]},{\"@type\":[\"WebPage\",\"ItemPage\"],\"@id\":\"https:\\\/\\\/radiolitoral.com\\\/2023\\\/04\\\/errores-en-las-candidaturas-politicas-publicadas-en-el-boe\\\/\",\"url\":\"https:\\\/\\\/radiolitoral.com\\\/2023\\\/04\\\/errores-en-las-candidaturas-politicas-publicadas-en-el-boe\\\/\",\"name\":\"Errores en las candidaturas pol\u00edticas publicadas en el BOP | R\u00e0dio Litoral\",\"isPartOf\":{\"@id\":\"https:\\\/\\\/radiolitoral.com\\\/#website\"},\"primaryImageOfPage\":{\"@id\":\"https:\\\/\\\/radiolitoral.com\\\/2023\\\/04\\\/errores-en-las-candidaturas-politicas-publicadas-en-el-boe\\\/#primaryimage\"},\"image\":{\"@id\":\"https:\\\/\\\/radiolitoral.com\\\/2023\\\/04\\\/errores-en-las-candidaturas-politicas-publicadas-en-el-boe\\\/#primaryimage\"},\"thumbnailUrl\":\"https:\\\/\\\/media.radiolitoral.com\\\/wp-content\\\/uploads\\\/2023\\\/04\\\/26194400\\\/bop.jpg\",\"datePublished\":\"2023-04-26T13:17:25+00:00\",\"dateModified\":\"2023-04-26T17:44:19+00:00\",\"description\":\"Apellidos cambiados, nombres de candidatos que pertenecen a otro partido y hasta candidaturas que no corresponden al municipio Apellidos cambiados, nombres de candidatos que pertenecen a otro partido y hasta candidaturas que no corresponden al municipio\",\"breadcrumb\":{\"@id\":\"https:\\\/\\\/radiolitoral.com\\\/2023\\\/04\\\/errores-en-las-candidaturas-politicas-publicadas-en-el-boe\\\/#breadcrumb\"},\"inLanguage\":\"ca\",\"potentialAction\":[{\"@type\":\"ReadAction\",\"target\":[\"https:\\\/\\\/radiolitoral.com\\\/2023\\\/04\\\/errores-en-las-candidaturas-politicas-publicadas-en-el-boe\\\/\"]}]},{\"@type\":\"ImageObject\",\"inLanguage\":\"ca\",\"@id\":\"https:\\\/\\\/radiolitoral.com\\\/2023\\\/04\\\/errores-en-las-candidaturas-politicas-publicadas-en-el-boe\\\/#primaryimage\",\"url\":\"https:\\\/\\\/media.radiolitoral.com\\\/wp-content\\\/uploads\\\/2023\\\/04\\\/26194400\\\/bop.jpg\",\"contentUrl\":\"https:\\\/\\\/media.radiolitoral.com\\\/wp-content\\\/uploads\\\/2023\\\/04\\\/26194400\\\/bop.jpg\",\"width\":588,\"height\":378},{\"@type\":\"BreadcrumbList\",\"@id\":\"https:\\\/\\\/radiolitoral.com\\\/2023\\\/04\\\/errores-en-las-candidaturas-politicas-publicadas-en-el-boe\\\/#breadcrumb\",\"itemListElement\":[{\"@type\":\"ListItem\",\"position\":1,\"name\":\"Portada\",\"item\":\"https:\\\/\\\/radiolitoral.com\\\/\"},{\"@type\":\"ListItem\",\"position\":2,\"name\":\"Errores en las candidaturas pol\u00edticas publicadas en el BOP\"}]},{\"@type\":\"WebSite\",\"@id\":\"https:\\\/\\\/radiolitoral.com\\\/#website\",\"url\":\"https:\\\/\\\/radiolitoral.com\\\/\",\"name\":\"Radio Litoral\",\"description\":\"La radio local de la Marina Alta\",\"publisher\":{\"@id\":\"https:\\\/\\\/radiolitoral.com\\\/#organization\"},\"alternateName\":\"Litoral FM\",\"potentialAction\":[{\"@type\":\"SearchAction\",\"target\":{\"@type\":\"EntryPoint\",\"urlTemplate\":\"https:\\\/\\\/radiolitoral.com\\\/?s={search_term_string}\"},\"query-input\":{\"@type\":\"PropertyValueSpecification\",\"valueRequired\":true,\"valueName\":\"search_term_string\"}}],\"inLanguage\":\"ca\"},{\"@type\":\"Organization\",\"@id\":\"https:\\\/\\\/radiolitoral.com\\\/#organization\",\"name\":\"Radio Litoral\",\"url\":\"https:\\\/\\\/radiolitoral.com\\\/\",\"logo\":{\"@type\":\"ImageObject\",\"inLanguage\":\"ca\",\"@id\":\"https:\\\/\\\/radiolitoral.com\\\/#\\\/schema\\\/logo\\\/image\\\/\",\"url\":\"https:\\\/\\\/media.radiolitoral.com\\\/wp-content\\\/uploads\\\/2023\\\/02\\\/24143238\\\/CL-V-RadioLitoral696.png\",\"contentUrl\":\"https:\\\/\\\/media.radiolitoral.com\\\/wp-content\\\/uploads\\\/2023\\\/02\\\/24143238\\\/CL-V-RadioLitoral696.png\",\"width\":696,\"height\":696,\"caption\":\"Radio Litoral\"},\"image\":{\"@id\":\"https:\\\/\\\/radiolitoral.com\\\/#\\\/schema\\\/logo\\\/image\\\/\"},\"sameAs\":[\"https:\\\/\\\/www.facebook.com\\\/Laradiolitoral\\\/\"]},{\"@type\":\"Person\",\"@id\":\"https:\\\/\\\/radiolitoral.com\\\/#\\\/schema\\\/person\\\/f2b2343c49b5d721857cc1002bfdb151\",\"name\":\"Redacci\u00f3n\",\"image\":{\"@type\":\"ImageObject\",\"inLanguage\":\"ca\",\"@id\":\"https:\\\/\\\/secure.gravatar.com\\\/avatar\\\/f771d896c203ad8b3382d7905cfcce5a5c9b008b84b3cd9114e9b9f4cb63f789?s=96&d=mm&r=g\",\"url\":\"https:\\\/\\\/secure.gravatar.com\\\/avatar\\\/f771d896c203ad8b3382d7905cfcce5a5c9b008b84b3cd9114e9b9f4cb63f789?s=96&d=mm&r=g\",\"contentUrl\":\"https:\\\/\\\/secure.gravatar.com\\\/avatar\\\/f771d896c203ad8b3382d7905cfcce5a5c9b008b84b3cd9114e9b9f4cb63f789?s=96&d=mm&r=g\",\"caption\":\"Redacci\u00f3n\"},\"url\":\"https:\\\/\\\/radiolitoral.com\\\/ca\\\/author\\\/miriam-pagan\\\/\"}]}<\/script>\n<!-- \/ Yoast SEO plugin. -->","yoast_head_json":{"title":"Errors a les candidatures pol\u00edtiques publicades al BOP | R\u00e0dio Litoral","description":"Cognoms canviats, noms de candidats que pertanyen a un altre partit i fins i tot candidatures que no corresponen al municipi Cognoms canviats, noms de candidats que pertanyen a un altre partit i fins i tot candidatures que no corresponen al municipi","robots":{"index":"index","follow":"follow","max-snippet":"max-snippet:-1","max-image-preview":"max-image-preview:large","max-video-preview":"max-video-preview:-1"},"canonical":"https:\/\/radiolitoral.com\/ca\/2023\/04\/errors-en-les-candidatures-politiques-publicades-al-boe\/","og_locale":"ca_ES","og_type":"article","og_title":"Errores en las candidaturas pol\u00edticas publicadas en el BOP | R\u00e0dio Litoral","og_description":"Apellidos cambiados, nombres de candidatos que pertenecen a otro partido y hasta candidaturas que no corresponden al municipio Apellidos cambiados, nombres de candidatos que pertenecen a otro partido y hasta candidaturas que no corresponden al municipio","og_url":"https:\/\/radiolitoral.com\/ca\/2023\/04\/errors-en-les-candidatures-politiques-publicades-al-boe\/","og_site_name":"R\u00e0dio Litoral","article_publisher":"https:\/\/www.facebook.com\/Laradiolitoral\/","article_published_time":"2023-04-26T13:17:25+00:00","article_modified_time":"2023-04-26T17:44:19+00:00","og_image":[{"width":588,"height":378,"url":"https:\/\/media.radiolitoral.com\/wp-content\/uploads\/2023\/04\/26194400\/bop.jpg","type":"image\/jpeg"}],"author":"Redacci\u00f3n","twitter_card":"summary_large_image","twitter_misc":{"Escrit per":"Redacci\u00f3n","Temps estimat de lectura":"1 minut"},"schema":{"@context":"https:\/\/schema.org","@graph":[{"@type":"NewsArticle","@id":"https:\/\/radiolitoral.com\/2023\/04\/errores-en-las-candidaturas-politicas-publicadas-en-el-boe\/#article","isPartOf":{"@id":"https:\/\/radiolitoral.com\/2023\/04\/errores-en-las-candidaturas-politicas-publicadas-en-el-boe\/"},"author":{"name":"Redacci\u00f3n","@id":"https:\/\/radiolitoral.com\/#\/schema\/person\/f2b2343c49b5d721857cc1002bfdb151"},"headline":"Errores en las candidaturas pol\u00edticas publicadas en el BOP","datePublished":"2023-04-26T13:17:25+00:00","dateModified":"2023-04-26T17:44:19+00:00","mainEntityOfPage":{"@id":"https:\/\/radiolitoral.com\/2023\/04\/errores-en-las-candidaturas-politicas-publicadas-en-el-boe\/"},"wordCount":136,"commentCount":0,"publisher":{"@id":"https:\/\/radiolitoral.com\/#organization"},"image":{"@id":"https:\/\/radiolitoral.com\/2023\/04\/errores-en-las-candidaturas-politicas-publicadas-en-el-boe\/#primaryimage"},"thumbnailUrl":"https:\/\/media.radiolitoral.com\/wp-content\/uploads\/2023\/04\/26194400\/bop.jpg","keywords":["BOE listas","elecciones 2023"],"articleSection":["Pol\u00edtica"],"inLanguage":"ca","potentialAction":[{"@type":"CommentAction","name":"Comment","target":["https:\/\/radiolitoral.com\/2023\/04\/errores-en-las-candidaturas-politicas-publicadas-en-el-boe\/#respond"]}]},{"@type":["WebPage","ItemPage"],"@id":"https:\/\/radiolitoral.com\/2023\/04\/errores-en-las-candidaturas-politicas-publicadas-en-el-boe\/","url":"https:\/\/radiolitoral.com\/2023\/04\/errores-en-las-candidaturas-politicas-publicadas-en-el-boe\/","name":"Errors a les candidatures pol\u00edtiques publicades al BOP | R\u00e0dio Litoral","isPartOf":{"@id":"https:\/\/radiolitoral.com\/#website"},"primaryImageOfPage":{"@id":"https:\/\/radiolitoral.com\/2023\/04\/errores-en-las-candidaturas-politicas-publicadas-en-el-boe\/#primaryimage"},"image":{"@id":"https:\/\/radiolitoral.com\/2023\/04\/errores-en-las-candidaturas-politicas-publicadas-en-el-boe\/#primaryimage"},"thumbnailUrl":"https:\/\/media.radiolitoral.com\/wp-content\/uploads\/2023\/04\/26194400\/bop.jpg","datePublished":"2023-04-26T13:17:25+00:00","dateModified":"2023-04-26T17:44:19+00:00","description":"Cognoms canviats, noms de candidats que pertanyen a un altre partit i fins i tot candidatures que no corresponen al municipi Cognoms canviats, noms de candidats que pertanyen a un altre partit i fins i tot candidatures que no corresponen al municipi","breadcrumb":{"@id":"https:\/\/radiolitoral.com\/2023\/04\/errores-en-las-candidaturas-politicas-publicadas-en-el-boe\/#breadcrumb"},"inLanguage":"ca","potentialAction":[{"@type":"ReadAction","target":["https:\/\/radiolitoral.com\/2023\/04\/errores-en-las-candidaturas-politicas-publicadas-en-el-boe\/"]}]},{"@type":"ImageObject","inLanguage":"ca","@id":"https:\/\/radiolitoral.com\/2023\/04\/errores-en-las-candidaturas-politicas-publicadas-en-el-boe\/#primaryimage","url":"https:\/\/media.radiolitoral.com\/wp-content\/uploads\/2023\/04\/26194400\/bop.jpg","contentUrl":"https:\/\/media.radiolitoral.com\/wp-content\/uploads\/2023\/04\/26194400\/bop.jpg","width":588,"height":378},{"@type":"BreadcrumbList","@id":"https:\/\/radiolitoral.com\/2023\/04\/errores-en-las-candidaturas-politicas-publicadas-en-el-boe\/#breadcrumb","itemListElement":[{"@type":"ListItem","position":1,"name":"Portada","item":"https:\/\/radiolitoral.com\/"},{"@type":"ListItem","position":2,"name":"Errores en las candidaturas pol\u00edticas publicadas en el BOP"}]},{"@type":"WebSite","@id":"https:\/\/radiolitoral.com\/#website","url":"https:\/\/radiolitoral.com\/","name":"R\u00e0dio Litoral","description":"La r\u00e0dio local de la Marina Alta","publisher":{"@id":"https:\/\/radiolitoral.com\/#organization"},"alternateName":"Litoral FM","potentialAction":[{"@type":"SearchAction","target":{"@type":"EntryPoint","urlTemplate":"https:\/\/radiolitoral.com\/?s={search_term_string}"},"query-input":{"@type":"PropertyValueSpecification","valueRequired":true,"valueName":"search_term_string"}}],"inLanguage":"ca"},{"@type":"Organization","@id":"https:\/\/radiolitoral.com\/#organization","name":"R\u00e0dio Litoral","url":"https:\/\/radiolitoral.com\/","logo":{"@type":"ImageObject","inLanguage":"ca","@id":"https:\/\/radiolitoral.com\/#\/schema\/logo\/image\/","url":"https:\/\/media.radiolitoral.com\/wp-content\/uploads\/2023\/02\/24143238\/CL-V-RadioLitoral696.png","contentUrl":"https:\/\/media.radiolitoral.com\/wp-content\/uploads\/2023\/02\/24143238\/CL-V-RadioLitoral696.png","width":696,"height":696,"caption":"Radio Litoral"},"image":{"@id":"https:\/\/radiolitoral.com\/#\/schema\/logo\/image\/"},"sameAs":["https:\/\/www.facebook.com\/Laradiolitoral\/"]},{"@type":"Person","@id":"https:\/\/radiolitoral.com\/#\/schema\/person\/f2b2343c49b5d721857cc1002bfdb151","name":"Redacci\u00f3","image":{"@type":"ImageObject","inLanguage":"ca","@id":"https:\/\/secure.gravatar.com\/avatar\/f771d896c203ad8b3382d7905cfcce5a5c9b008b84b3cd9114e9b9f4cb63f789?s=96&d=mm&r=g","url":"https:\/\/secure.gravatar.com\/avatar\/f771d896c203ad8b3382d7905cfcce5a5c9b008b84b3cd9114e9b9f4cb63f789?s=96&d=mm&r=g","contentUrl":"https:\/\/secure.gravatar.com\/avatar\/f771d896c203ad8b3382d7905cfcce5a5c9b008b84b3cd9114e9b9f4cb63f789?s=96&d=mm&r=g","caption":"Redacci\u00f3n"},"url":"https:\/\/radiolitoral.com\/ca\/author\/miriam-pagan\/"}]}},"_links":{"self":[{"href":"https:\/\/radiolitoral.com\/ca\/wp-json\/wp\/v2\/posts\/2521","targetHints":{"allow":["GET"]}}],"collection":[{"href":"https:\/\/radiolitoral.com\/ca\/wp-json\/wp\/v2\/posts"}],"about":[{"href":"https:\/\/radiolitoral.com\/ca\/wp-json\/wp\/v2\/types\/post"}],"author":[{"embeddable":true,"href":"https:\/\/radiolitoral.com\/ca\/wp-json\/wp\/v2\/users\/13"}],"replies":[{"embeddable":true,"href":"https:\/\/radiolitoral.com\/ca\/wp-json\/wp\/v2\/comments?post=2521"}],"version-history":[{"count":2,"href":"https:\/\/radiolitoral.com\/ca\/wp-json\/wp\/v2\/posts\/2521\/revisions"}],"predecessor-version":[{"id":2547,"href":"https:\/\/radiolitoral.com\/ca\/wp-json\/wp\/v2\/posts\/2521\/revisions\/2547"}],"wp:featuredmedia":[{"embeddable":true,"href":"https:\/\/radiolitoral.com\/ca\/wp-json\/wp\/v2\/media\/2548"}],"wp:attachment":[{"href":"https:\/\/radiolitoral.com\/ca\/wp-json\/wp\/v2\/media?parent=2521"}],"wp:term":[{"taxonomy":"category","embeddable":true,"href":"https:\/\/radiolitoral.com\/ca\/wp-json\/wp\/v2\/categories?post=2521"},{"taxonomy":"post_tag","embeddable":true,"href":"https:\/\/radiolitoral.com\/ca\/wp-json\/wp\/v2\/tags?post=2521"}],"curies":[{"name":"wp","href":"https:\/\/api.w.org\/{rel}","templated":true}]}}