{"id":2516,"date":"2023-04-26T15:09:54","date_gmt":"2023-04-26T13:09:54","guid":{"rendered":"https:\/\/radiolitoral.com\/?p=2516"},"modified":"2023-04-26T15:10:09","modified_gmt":"2023-04-26T13:10:09","slug":"preso-provisional-sense-fianca-per-robatori-en-habitatges-de-xalo-i-altres-localitats-de-la-comunitat","status":"publish","type":"post","link":"https:\/\/radiolitoral.com\/ca\/2023\/04\/prision-provisional-sin-fianza-por-robo-en-viviendas-de-xalo-y-otras-localidades-de-la-comunitat\/","title":{"rendered":"Pres\u00f3 provisional sense fian\u00e7a per robatori en habitatges de Xal\u00f3 i altres localitats de la Comunitat"},"content":{"rendered":"<p>La Gu\u00e0rdia Civil ha <strong>detingut el presumpte autor d&#039;un total de 14 robatoris en habitatges a diferents municipis de la prov\u00edncia d&#039;Alacant, Albacete i Castell\u00f3.<\/strong> Es tracta d&#039;un home marroqu\u00ed, de 48 anys, que tenia nombrosos antecedents policials per delictes de robatori amb for\u00e7a.<\/p>\n<p>Segons informen fonts de la Gu\u00e0rdia Civil, les investigacions fetes pels agents han aconseguit acreditar la participaci\u00f3 d&#039;aquest individu en diferents robatoris a habitatges <strong>entre ells dos a la localitat de Xal\u00f3<\/strong>. Tot i que les indagacions continuen i els agents no descarten m\u00e9s detencions. El Jutjat ha decretat l&#039;ingr\u00e9s a <strong>pres\u00f3 provisional sense fian\u00e7a del capturat<\/strong>.<\/p>\n<p>&nbsp;<\/p>","protected":false},"excerpt":{"rendered":"<p>La Guardia Civil ha detenido al presunto autor de un total de 14 robos en viviendas en distintos municipios de la provincia de Alicante, Albacete y Castell\u00f3n. Se trata de un hombre marroqu\u00ed, de 48 a\u00f1os, que contaba con numerosos antecedentes policiales por delitos de robo con fuerza. Seg\u00fan informan fuentes de la Guardia Civil, [&#8230;]<\/p>\n<p><a class=\"btn btn-secondary understrap-read-more-link\" href=\"https:\/\/radiolitoral.com\/ca\/2023\/04\/prision-provisional-sin-fianza-por-robo-en-viviendas-de-xalo-y-otras-localidades-de-la-comunitat\/\">Continua llegint&#8230;<span class=\"screen-reader-text\"> from Prisi\u00f3n provisional sin fianza por robo en viviendas de Xal\u00f3 y otras localidades de la Comunitat<\/span><\/a><\/p>\n","protected":false},"author":21,"featured_media":2517,"comment_status":"open","ping_status":"closed","sticky":false,"template":"","format":"standard","meta":{"_acf_changed":false,"inline_featured_image":false,"footnotes":""},"categories":[8],"tags":[604,603],"class_list":["post-2516","post","type-post","status-publish","format-standard","has-post-thumbnail","hentry","category-sucesos","tag-detencion-xalo","tag-robo-xalo","cobertura-xalo"],"acf":[],"yoast_head":"<!-- This site is optimized with the Yoast SEO plugin v27.5 - https:\/\/yoast.com\/product\/yoast-seo-wordpress\/ -->\n<title>Prisi\u00f3n provisional sin fianza por robo en viviendas de Xal\u00f3 y otras localidades de la Comunitat | R\u00e0dio Litoral<\/title>\n<meta name=\"description\" content=\"Un var\u00f3n de 48 a\u00f1os que contaba con numerosos antecedentes policiales por delitos de robo con fuerza Un var\u00f3n de 48 a\u00f1os que contaba con numerosos antecedentes policiales por delitos de robo con fuerza\" \/>\n<meta name=\"robots\" content=\"index, follow, max-snippet:-1, max-image-preview:large, max-video-preview:-1\" \/>\n<link rel=\"canonical\" href=\"https:\/\/radiolitoral.com\/ca\/2023\/04\/preso-provisional-sense-fianca-per-robatori-en-habitatges-de-xalo-i-altres-localitats-de-la-comunitat\/\" \/>\n<meta property=\"og:locale\" content=\"ca_ES\" \/>\n<meta property=\"og:type\" content=\"article\" \/>\n<meta property=\"og:title\" content=\"Prisi\u00f3n provisional sin fianza por robo en viviendas de Xal\u00f3 y otras localidades de la Comunitat | R\u00e0dio Litoral\" \/>\n<meta property=\"og:description\" content=\"Un var\u00f3n de 48 a\u00f1os que contaba con numerosos antecedentes policiales por delitos de robo con fuerza Un var\u00f3n de 48 a\u00f1os que contaba con numerosos antecedentes policiales por delitos de robo con fuerza\" \/>\n<meta property=\"og:url\" content=\"https:\/\/radiolitoral.com\/ca\/2023\/04\/preso-provisional-sense-fianca-per-robatori-en-habitatges-de-xalo-i-altres-localitats-de-la-comunitat\/\" \/>\n<meta property=\"og:site_name\" content=\"R\u00e0dio Litoral\" \/>\n<meta property=\"article:publisher\" content=\"https:\/\/www.facebook.com\/Laradiolitoral\/\" \/>\n<meta property=\"article:published_time\" content=\"2023-04-26T13:09:54+00:00\" \/>\n<meta property=\"article:modified_time\" content=\"2023-04-26T13:10:09+00:00\" \/>\n<meta property=\"og:image\" content=\"https:\/\/media.radiolitoral.com\/wp-content\/uploads\/2023\/04\/26150624\/robos-xalo-1536x782-1-1024x521.png\" \/>\n\t<meta property=\"og:image:width\" content=\"1024\" \/>\n\t<meta property=\"og:image:height\" content=\"521\" \/>\n\t<meta property=\"og:image:type\" content=\"image\/png\" \/>\n<meta name=\"author\" content=\"Mel Pescuezo\" \/>\n<meta name=\"twitter:card\" content=\"summary_large_image\" \/>\n<meta name=\"twitter:label1\" content=\"Escrit per\" \/>\n\t<meta name=\"twitter:data1\" content=\"Mel Pescuezo\" \/>\n\t<meta name=\"twitter:label2\" content=\"Temps estimat de lectura\" \/>\n\t<meta name=\"twitter:data2\" content=\"1 minut\" \/>\n<script type=\"application\/ld+json\" class=\"yoast-schema-graph\">{\"@context\":\"https:\\\/\\\/schema.org\",\"@graph\":[{\"@type\":\"NewsArticle\",\"@id\":\"https:\\\/\\\/radiolitoral.com\\\/2023\\\/04\\\/prision-provisional-sin-fianza-por-robo-en-viviendas-de-xalo-y-otras-localidades-de-la-comunitat\\\/#article\",\"isPartOf\":{\"@id\":\"https:\\\/\\\/radiolitoral.com\\\/2023\\\/04\\\/prision-provisional-sin-fianza-por-robo-en-viviendas-de-xalo-y-otras-localidades-de-la-comunitat\\\/\"},\"author\":{\"name\":\"Mel Pescuezo\",\"@id\":\"https:\\\/\\\/radiolitoral.com\\\/#\\\/schema\\\/person\\\/aad4f72efa404f85b68e832d24cac059\"},\"headline\":\"Prisi\u00f3n provisional sin fianza por robo en viviendas de Xal\u00f3 y otras localidades de la Comunitat\",\"datePublished\":\"2023-04-26T13:09:54+00:00\",\"dateModified\":\"2023-04-26T13:10:09+00:00\",\"mainEntityOfPage\":{\"@id\":\"https:\\\/\\\/radiolitoral.com\\\/2023\\\/04\\\/prision-provisional-sin-fianza-por-robo-en-viviendas-de-xalo-y-otras-localidades-de-la-comunitat\\\/\"},\"wordCount\":129,\"commentCount\":0,\"publisher\":{\"@id\":\"https:\\\/\\\/radiolitoral.com\\\/#organization\"},\"image\":{\"@id\":\"https:\\\/\\\/radiolitoral.com\\\/2023\\\/04\\\/prision-provisional-sin-fianza-por-robo-en-viviendas-de-xalo-y-otras-localidades-de-la-comunitat\\\/#primaryimage\"},\"thumbnailUrl\":\"https:\\\/\\\/media.radiolitoral.com\\\/wp-content\\\/uploads\\\/2023\\\/04\\\/26150624\\\/robos-xalo-1536x782-1.png\",\"keywords\":[\"detenci\u00f3n Xal\u00f3\",\"robo Xal\u00f3\"],\"articleSection\":[\"Sucesos\"],\"inLanguage\":\"ca\",\"potentialAction\":[{\"@type\":\"CommentAction\",\"name\":\"Comment\",\"target\":[\"https:\\\/\\\/radiolitoral.com\\\/2023\\\/04\\\/prision-provisional-sin-fianza-por-robo-en-viviendas-de-xalo-y-otras-localidades-de-la-comunitat\\\/#respond\"]}]},{\"@type\":[\"WebPage\",\"ItemPage\"],\"@id\":\"https:\\\/\\\/radiolitoral.com\\\/2023\\\/04\\\/prision-provisional-sin-fianza-por-robo-en-viviendas-de-xalo-y-otras-localidades-de-la-comunitat\\\/\",\"url\":\"https:\\\/\\\/radiolitoral.com\\\/2023\\\/04\\\/prision-provisional-sin-fianza-por-robo-en-viviendas-de-xalo-y-otras-localidades-de-la-comunitat\\\/\",\"name\":\"Prisi\u00f3n provisional sin fianza por robo en viviendas de Xal\u00f3 y otras localidades de la Comunitat | R\u00e0dio Litoral\",\"isPartOf\":{\"@id\":\"https:\\\/\\\/radiolitoral.com\\\/#website\"},\"primaryImageOfPage\":{\"@id\":\"https:\\\/\\\/radiolitoral.com\\\/2023\\\/04\\\/prision-provisional-sin-fianza-por-robo-en-viviendas-de-xalo-y-otras-localidades-de-la-comunitat\\\/#primaryimage\"},\"image\":{\"@id\":\"https:\\\/\\\/radiolitoral.com\\\/2023\\\/04\\\/prision-provisional-sin-fianza-por-robo-en-viviendas-de-xalo-y-otras-localidades-de-la-comunitat\\\/#primaryimage\"},\"thumbnailUrl\":\"https:\\\/\\\/media.radiolitoral.com\\\/wp-content\\\/uploads\\\/2023\\\/04\\\/26150624\\\/robos-xalo-1536x782-1.png\",\"datePublished\":\"2023-04-26T13:09:54+00:00\",\"dateModified\":\"2023-04-26T13:10:09+00:00\",\"description\":\"Un var\u00f3n de 48 a\u00f1os que contaba con numerosos antecedentes policiales por delitos de robo con fuerza Un var\u00f3n de 48 a\u00f1os que contaba con numerosos antecedentes policiales por delitos de robo con fuerza\",\"breadcrumb\":{\"@id\":\"https:\\\/\\\/radiolitoral.com\\\/2023\\\/04\\\/prision-provisional-sin-fianza-por-robo-en-viviendas-de-xalo-y-otras-localidades-de-la-comunitat\\\/#breadcrumb\"},\"inLanguage\":\"ca\",\"potentialAction\":[{\"@type\":\"ReadAction\",\"target\":[\"https:\\\/\\\/radiolitoral.com\\\/2023\\\/04\\\/prision-provisional-sin-fianza-por-robo-en-viviendas-de-xalo-y-otras-localidades-de-la-comunitat\\\/\"]}]},{\"@type\":\"ImageObject\",\"inLanguage\":\"ca\",\"@id\":\"https:\\\/\\\/radiolitoral.com\\\/2023\\\/04\\\/prision-provisional-sin-fianza-por-robo-en-viviendas-de-xalo-y-otras-localidades-de-la-comunitat\\\/#primaryimage\",\"url\":\"https:\\\/\\\/media.radiolitoral.com\\\/wp-content\\\/uploads\\\/2023\\\/04\\\/26150624\\\/robos-xalo-1536x782-1.png\",\"contentUrl\":\"https:\\\/\\\/media.radiolitoral.com\\\/wp-content\\\/uploads\\\/2023\\\/04\\\/26150624\\\/robos-xalo-1536x782-1.png\",\"width\":1536,\"height\":782},{\"@type\":\"BreadcrumbList\",\"@id\":\"https:\\\/\\\/radiolitoral.com\\\/2023\\\/04\\\/prision-provisional-sin-fianza-por-robo-en-viviendas-de-xalo-y-otras-localidades-de-la-comunitat\\\/#breadcrumb\",\"itemListElement\":[{\"@type\":\"ListItem\",\"position\":1,\"name\":\"Portada\",\"item\":\"https:\\\/\\\/radiolitoral.com\\\/\"},{\"@type\":\"ListItem\",\"position\":2,\"name\":\"Prisi\u00f3n provisional sin fianza por robo en viviendas de Xal\u00f3 y otras localidades de la Comunitat\"}]},{\"@type\":\"WebSite\",\"@id\":\"https:\\\/\\\/radiolitoral.com\\\/#website\",\"url\":\"https:\\\/\\\/radiolitoral.com\\\/\",\"name\":\"Radio Litoral\",\"description\":\"La radio local de la Marina Alta\",\"publisher\":{\"@id\":\"https:\\\/\\\/radiolitoral.com\\\/#organization\"},\"alternateName\":\"Litoral FM\",\"potentialAction\":[{\"@type\":\"SearchAction\",\"target\":{\"@type\":\"EntryPoint\",\"urlTemplate\":\"https:\\\/\\\/radiolitoral.com\\\/?s={search_term_string}\"},\"query-input\":{\"@type\":\"PropertyValueSpecification\",\"valueRequired\":true,\"valueName\":\"search_term_string\"}}],\"inLanguage\":\"ca\"},{\"@type\":\"Organization\",\"@id\":\"https:\\\/\\\/radiolitoral.com\\\/#organization\",\"name\":\"Radio Litoral\",\"url\":\"https:\\\/\\\/radiolitoral.com\\\/\",\"logo\":{\"@type\":\"ImageObject\",\"inLanguage\":\"ca\",\"@id\":\"https:\\\/\\\/radiolitoral.com\\\/#\\\/schema\\\/logo\\\/image\\\/\",\"url\":\"https:\\\/\\\/media.radiolitoral.com\\\/wp-content\\\/uploads\\\/2023\\\/02\\\/24143238\\\/CL-V-RadioLitoral696.png\",\"contentUrl\":\"https:\\\/\\\/media.radiolitoral.com\\\/wp-content\\\/uploads\\\/2023\\\/02\\\/24143238\\\/CL-V-RadioLitoral696.png\",\"width\":696,\"height\":696,\"caption\":\"Radio Litoral\"},\"image\":{\"@id\":\"https:\\\/\\\/radiolitoral.com\\\/#\\\/schema\\\/logo\\\/image\\\/\"},\"sameAs\":[\"https:\\\/\\\/www.facebook.com\\\/Laradiolitoral\\\/\"]},{\"@type\":\"Person\",\"@id\":\"https:\\\/\\\/radiolitoral.com\\\/#\\\/schema\\\/person\\\/aad4f72efa404f85b68e832d24cac059\",\"name\":\"Mel Pescuezo\",\"image\":{\"@type\":\"ImageObject\",\"inLanguage\":\"ca\",\"@id\":\"https:\\\/\\\/secure.gravatar.com\\\/avatar\\\/993975ae489c70cb0dd9bfa9413a082f0bd276582dac13661af7b33f161e7eea?s=96&d=mm&r=g\",\"url\":\"https:\\\/\\\/secure.gravatar.com\\\/avatar\\\/993975ae489c70cb0dd9bfa9413a082f0bd276582dac13661af7b33f161e7eea?s=96&d=mm&r=g\",\"contentUrl\":\"https:\\\/\\\/secure.gravatar.com\\\/avatar\\\/993975ae489c70cb0dd9bfa9413a082f0bd276582dac13661af7b33f161e7eea?s=96&d=mm&r=g\",\"caption\":\"Mel Pescuezo\"},\"url\":\"https:\\\/\\\/radiolitoral.com\\\/ca\\\/author\\\/serviciospararadios\\\/\"}]}<\/script>\n<!-- \/ Yoast SEO plugin. -->","yoast_head_json":{"title":"Pres\u00f3 provisional sense fian\u00e7a per robatori a habitatges de Xal\u00f3 i altres localitats de la Comunitat | R\u00e0dio Litoral","description":"Un home de 48 anys que comptava amb nombrosos antecedents policials per delictes de robatori amb for\u00e7a Un home de 48 anys que comptava amb nombrosos antecedents policials per delictes de robatori amb for\u00e7a","robots":{"index":"index","follow":"follow","max-snippet":"max-snippet:-1","max-image-preview":"max-image-preview:large","max-video-preview":"max-video-preview:-1"},"canonical":"https:\/\/radiolitoral.com\/ca\/2023\/04\/preso-provisional-sense-fianca-per-robatori-en-habitatges-de-xalo-i-altres-localitats-de-la-comunitat\/","og_locale":"ca_ES","og_type":"article","og_title":"Prisi\u00f3n provisional sin fianza por robo en viviendas de Xal\u00f3 y otras localidades de la Comunitat | R\u00e0dio Litoral","og_description":"Un var\u00f3n de 48 a\u00f1os que contaba con numerosos antecedentes policiales por delitos de robo con fuerza Un var\u00f3n de 48 a\u00f1os que contaba con numerosos antecedentes policiales por delitos de robo con fuerza","og_url":"https:\/\/radiolitoral.com\/ca\/2023\/04\/preso-provisional-sense-fianca-per-robatori-en-habitatges-de-xalo-i-altres-localitats-de-la-comunitat\/","og_site_name":"R\u00e0dio Litoral","article_publisher":"https:\/\/www.facebook.com\/Laradiolitoral\/","article_published_time":"2023-04-26T13:09:54+00:00","article_modified_time":"2023-04-26T13:10:09+00:00","og_image":[{"width":1024,"height":521,"url":"https:\/\/media.radiolitoral.com\/wp-content\/uploads\/2023\/04\/26150624\/robos-xalo-1536x782-1-1024x521.png","type":"image\/png"}],"author":"Mel Pescuezo","twitter_card":"summary_large_image","twitter_misc":{"Escrit per":"Mel Pescuezo","Temps estimat de lectura":"1 minut"},"schema":{"@context":"https:\/\/schema.org","@graph":[{"@type":"NewsArticle","@id":"https:\/\/radiolitoral.com\/2023\/04\/prision-provisional-sin-fianza-por-robo-en-viviendas-de-xalo-y-otras-localidades-de-la-comunitat\/#article","isPartOf":{"@id":"https:\/\/radiolitoral.com\/2023\/04\/prision-provisional-sin-fianza-por-robo-en-viviendas-de-xalo-y-otras-localidades-de-la-comunitat\/"},"author":{"name":"Mel Pescuezo","@id":"https:\/\/radiolitoral.com\/#\/schema\/person\/aad4f72efa404f85b68e832d24cac059"},"headline":"Prisi\u00f3n provisional sin fianza por robo en viviendas de Xal\u00f3 y otras localidades de la Comunitat","datePublished":"2023-04-26T13:09:54+00:00","dateModified":"2023-04-26T13:10:09+00:00","mainEntityOfPage":{"@id":"https:\/\/radiolitoral.com\/2023\/04\/prision-provisional-sin-fianza-por-robo-en-viviendas-de-xalo-y-otras-localidades-de-la-comunitat\/"},"wordCount":129,"commentCount":0,"publisher":{"@id":"https:\/\/radiolitoral.com\/#organization"},"image":{"@id":"https:\/\/radiolitoral.com\/2023\/04\/prision-provisional-sin-fianza-por-robo-en-viviendas-de-xalo-y-otras-localidades-de-la-comunitat\/#primaryimage"},"thumbnailUrl":"https:\/\/media.radiolitoral.com\/wp-content\/uploads\/2023\/04\/26150624\/robos-xalo-1536x782-1.png","keywords":["detenci\u00f3n Xal\u00f3","robo Xal\u00f3"],"articleSection":["Sucesos"],"inLanguage":"ca","potentialAction":[{"@type":"CommentAction","name":"Comment","target":["https:\/\/radiolitoral.com\/2023\/04\/prision-provisional-sin-fianza-por-robo-en-viviendas-de-xalo-y-otras-localidades-de-la-comunitat\/#respond"]}]},{"@type":["WebPage","ItemPage"],"@id":"https:\/\/radiolitoral.com\/2023\/04\/prision-provisional-sin-fianza-por-robo-en-viviendas-de-xalo-y-otras-localidades-de-la-comunitat\/","url":"https:\/\/radiolitoral.com\/2023\/04\/prision-provisional-sin-fianza-por-robo-en-viviendas-de-xalo-y-otras-localidades-de-la-comunitat\/","name":"Pres\u00f3 provisional sense fian\u00e7a per robatori a habitatges de Xal\u00f3 i altres localitats de la Comunitat | R\u00e0dio Litoral","isPartOf":{"@id":"https:\/\/radiolitoral.com\/#website"},"primaryImageOfPage":{"@id":"https:\/\/radiolitoral.com\/2023\/04\/prision-provisional-sin-fianza-por-robo-en-viviendas-de-xalo-y-otras-localidades-de-la-comunitat\/#primaryimage"},"image":{"@id":"https:\/\/radiolitoral.com\/2023\/04\/prision-provisional-sin-fianza-por-robo-en-viviendas-de-xalo-y-otras-localidades-de-la-comunitat\/#primaryimage"},"thumbnailUrl":"https:\/\/media.radiolitoral.com\/wp-content\/uploads\/2023\/04\/26150624\/robos-xalo-1536x782-1.png","datePublished":"2023-04-26T13:09:54+00:00","dateModified":"2023-04-26T13:10:09+00:00","description":"Un home de 48 anys que comptava amb nombrosos antecedents policials per delictes de robatori amb for\u00e7a Un home de 48 anys que comptava amb nombrosos antecedents policials per delictes de robatori amb for\u00e7a","breadcrumb":{"@id":"https:\/\/radiolitoral.com\/2023\/04\/prision-provisional-sin-fianza-por-robo-en-viviendas-de-xalo-y-otras-localidades-de-la-comunitat\/#breadcrumb"},"inLanguage":"ca","potentialAction":[{"@type":"ReadAction","target":["https:\/\/radiolitoral.com\/2023\/04\/prision-provisional-sin-fianza-por-robo-en-viviendas-de-xalo-y-otras-localidades-de-la-comunitat\/"]}]},{"@type":"ImageObject","inLanguage":"ca","@id":"https:\/\/radiolitoral.com\/2023\/04\/prision-provisional-sin-fianza-por-robo-en-viviendas-de-xalo-y-otras-localidades-de-la-comunitat\/#primaryimage","url":"https:\/\/media.radiolitoral.com\/wp-content\/uploads\/2023\/04\/26150624\/robos-xalo-1536x782-1.png","contentUrl":"https:\/\/media.radiolitoral.com\/wp-content\/uploads\/2023\/04\/26150624\/robos-xalo-1536x782-1.png","width":1536,"height":782},{"@type":"BreadcrumbList","@id":"https:\/\/radiolitoral.com\/2023\/04\/prision-provisional-sin-fianza-por-robo-en-viviendas-de-xalo-y-otras-localidades-de-la-comunitat\/#breadcrumb","itemListElement":[{"@type":"ListItem","position":1,"name":"Portada","item":"https:\/\/radiolitoral.com\/"},{"@type":"ListItem","position":2,"name":"Prisi\u00f3n provisional sin fianza por robo en viviendas de Xal\u00f3 y otras localidades de la Comunitat"}]},{"@type":"WebSite","@id":"https:\/\/radiolitoral.com\/#website","url":"https:\/\/radiolitoral.com\/","name":"R\u00e0dio Litoral","description":"La r\u00e0dio local de la Marina Alta","publisher":{"@id":"https:\/\/radiolitoral.com\/#organization"},"alternateName":"Litoral FM","potentialAction":[{"@type":"SearchAction","target":{"@type":"EntryPoint","urlTemplate":"https:\/\/radiolitoral.com\/?s={search_term_string}"},"query-input":{"@type":"PropertyValueSpecification","valueRequired":true,"valueName":"search_term_string"}}],"inLanguage":"ca"},{"@type":"Organization","@id":"https:\/\/radiolitoral.com\/#organization","name":"R\u00e0dio Litoral","url":"https:\/\/radiolitoral.com\/","logo":{"@type":"ImageObject","inLanguage":"ca","@id":"https:\/\/radiolitoral.com\/#\/schema\/logo\/image\/","url":"https:\/\/media.radiolitoral.com\/wp-content\/uploads\/2023\/02\/24143238\/CL-V-RadioLitoral696.png","contentUrl":"https:\/\/media.radiolitoral.com\/wp-content\/uploads\/2023\/02\/24143238\/CL-V-RadioLitoral696.png","width":696,"height":696,"caption":"Radio Litoral"},"image":{"@id":"https:\/\/radiolitoral.com\/#\/schema\/logo\/image\/"},"sameAs":["https:\/\/www.facebook.com\/Laradiolitoral\/"]},{"@type":"Person","@id":"https:\/\/radiolitoral.com\/#\/schema\/person\/aad4f72efa404f85b68e832d24cac059","name":"Mel Pescuezo","image":{"@type":"ImageObject","inLanguage":"ca","@id":"https:\/\/secure.gravatar.com\/avatar\/993975ae489c70cb0dd9bfa9413a082f0bd276582dac13661af7b33f161e7eea?s=96&d=mm&r=g","url":"https:\/\/secure.gravatar.com\/avatar\/993975ae489c70cb0dd9bfa9413a082f0bd276582dac13661af7b33f161e7eea?s=96&d=mm&r=g","contentUrl":"https:\/\/secure.gravatar.com\/avatar\/993975ae489c70cb0dd9bfa9413a082f0bd276582dac13661af7b33f161e7eea?s=96&d=mm&r=g","caption":"Mel Pescuezo"},"url":"https:\/\/radiolitoral.com\/ca\/author\/serviciospararadios\/"}]}},"_links":{"self":[{"href":"https:\/\/radiolitoral.com\/ca\/wp-json\/wp\/v2\/posts\/2516","targetHints":{"allow":["GET"]}}],"collection":[{"href":"https:\/\/radiolitoral.com\/ca\/wp-json\/wp\/v2\/posts"}],"about":[{"href":"https:\/\/radiolitoral.com\/ca\/wp-json\/wp\/v2\/types\/post"}],"author":[{"embeddable":true,"href":"https:\/\/radiolitoral.com\/ca\/wp-json\/wp\/v2\/users\/21"}],"replies":[{"embeddable":true,"href":"https:\/\/radiolitoral.com\/ca\/wp-json\/wp\/v2\/comments?post=2516"}],"version-history":[{"count":1,"href":"https:\/\/radiolitoral.com\/ca\/wp-json\/wp\/v2\/posts\/2516\/revisions"}],"predecessor-version":[{"id":2518,"href":"https:\/\/radiolitoral.com\/ca\/wp-json\/wp\/v2\/posts\/2516\/revisions\/2518"}],"wp:featuredmedia":[{"embeddable":true,"href":"https:\/\/radiolitoral.com\/ca\/wp-json\/wp\/v2\/media\/2517"}],"wp:attachment":[{"href":"https:\/\/radiolitoral.com\/ca\/wp-json\/wp\/v2\/media?parent=2516"}],"wp:term":[{"taxonomy":"category","embeddable":true,"href":"https:\/\/radiolitoral.com\/ca\/wp-json\/wp\/v2\/categories?post=2516"},{"taxonomy":"post_tag","embeddable":true,"href":"https:\/\/radiolitoral.com\/ca\/wp-json\/wp\/v2\/tags?post=2516"}],"curies":[{"name":"wp","href":"https:\/\/api.w.org\/{rel}","templated":true}]}}