{"id":2510,"date":"2023-04-25T20:32:14","date_gmt":"2023-04-25T18:32:14","guid":{"rendered":"https:\/\/radiolitoral.com\/?p=2510"},"modified":"2023-04-25T20:32:29","modified_gmt":"2023-04-25T18:32:29","slug":"xalo-celebra-la-festa-del-romer-declarada-dinteres-turistic-local","status":"publish","type":"post","link":"https:\/\/radiolitoral.com\/ca\/2023\/04\/xalo-celebra-la-festa-del-romer-declarada-de-interes-turistico-local\/","title":{"rendered":"Xal\u00f3 celebra la Festa del Romer, declarada d&#039;inter\u00e8s tur\u00edstic local"},"content":{"rendered":"<p>Parlem de festa i tradici\u00f3 a <strong>Xal\u00f3<\/strong> amb algunes de les propostes que s&#039;emmarquen al programa de la <strong>Festa del Romer. Una celebraci\u00f3 declarada d&#039;inter\u00e8s tur\u00edstic local<\/strong> que ha previst per avui dimarts, 25 d&#039;abril, la projecci\u00f3 del documental Les dones del Romer. La cita a les 20 hores al Sal\u00f3 d&#039;Actes Municipal.<\/p>\n<p>El programa es prolonga fins dissabte, dia 29, i inclou tallers per cuinar pastes, per tal de mantenir aquesta tradici\u00f3 gastron\u00f2mica, i la mateixa jornada amb qu\u00e8 dur a terme la romeria, i compartir la tradici\u00f3 de menjar les pastes, a la que tamb\u00e9 hi haur\u00e0 m\u00fasica en directe, jocs tradicionals, i es cuinar\u00e0 una paella gegant.<\/p>","protected":false},"excerpt":{"rendered":"<p>Hablamos de fiesta y tradici\u00f3n en Xal\u00f3 con algunas de las propuestas que se enmarcan en el programa de la Festa del Romer. Una celebraci\u00f3n declarada de inter\u00e9s tur\u00edstico local que ha previsto para hoy martes, 25 de abril, la proyecci\u00f3n del documental \u201cLes dones del Romer\u201d. La cita a las 20 horas en el [&#8230;]<\/p>\n<p><a class=\"btn btn-secondary understrap-read-more-link\" href=\"https:\/\/radiolitoral.com\/ca\/2023\/04\/xalo-celebra-la-festa-del-romer-declarada-de-interes-turistico-local\/\">Continua llegint&#8230;<span class=\"screen-reader-text\"> from Xal\u00f3 celebra la Festa del Romer, declarada de inter\u00e9s tur\u00edstico local<\/span><\/a><\/p>\n","protected":false},"author":13,"featured_media":2511,"comment_status":"open","ping_status":"closed","sticky":false,"template":"","format":"standard","meta":{"_acf_changed":false,"inline_featured_image":false,"footnotes":""},"categories":[276],"tags":[601,602,600,133],"class_list":["post-2510","post","type-post","status-publish","format-standard","has-post-thumbnail","hentry","category-fiestas","tag-agenda-cultural-xalo","tag-agenda-xalo","tag-festa-del-romer","tag-xalo","cobertura-xalo"],"acf":[],"yoast_head":"<!-- This site is optimized with the Yoast SEO plugin v27.5 - https:\/\/yoast.com\/product\/yoast-seo-wordpress\/ -->\n<title>Xal\u00f3 celebra la Festa del Romer, declarada de inter\u00e9s tur\u00edstico local | R\u00e0dio Litoral<\/title>\n<meta name=\"description\" content=\"Diversas actividades para compartirlas en familia\" \/>\n<meta name=\"robots\" content=\"index, follow, max-snippet:-1, max-image-preview:large, max-video-preview:-1\" \/>\n<link rel=\"canonical\" href=\"https:\/\/radiolitoral.com\/ca\/2023\/04\/xalo-celebra-la-festa-del-romer-declarada-dinteres-turistic-local\/\" \/>\n<meta property=\"og:locale\" content=\"ca_ES\" \/>\n<meta property=\"og:type\" content=\"article\" \/>\n<meta property=\"og:title\" content=\"Xal\u00f3 celebra la Festa del Romer, declarada de inter\u00e9s tur\u00edstico local | R\u00e0dio Litoral\" \/>\n<meta property=\"og:description\" content=\"Diversas actividades para compartirlas en familia\" \/>\n<meta property=\"og:url\" content=\"https:\/\/radiolitoral.com\/ca\/2023\/04\/xalo-celebra-la-festa-del-romer-declarada-dinteres-turistic-local\/\" \/>\n<meta property=\"og:site_name\" content=\"R\u00e0dio Litoral\" \/>\n<meta property=\"article:publisher\" content=\"https:\/\/www.facebook.com\/Laradiolitoral\/\" \/>\n<meta property=\"article:published_time\" content=\"2023-04-25T18:32:14+00:00\" \/>\n<meta property=\"article:modified_time\" content=\"2023-04-25T18:32:29+00:00\" \/>\n<meta property=\"og:image\" content=\"https:\/\/media.radiolitoral.com\/wp-content\/uploads\/2023\/04\/25203146\/Festa_romer_2023_Xalo.jpg\" \/>\n\t<meta property=\"og:image:width\" content=\"1141\" \/>\n\t<meta property=\"og:image:height\" content=\"1600\" \/>\n\t<meta property=\"og:image:type\" content=\"image\/jpeg\" \/>\n<meta name=\"author\" content=\"Redacci\u00f3n\" \/>\n<meta name=\"twitter:card\" content=\"summary_large_image\" \/>\n<meta name=\"twitter:label1\" content=\"Escrit per\" \/>\n\t<meta name=\"twitter:data1\" content=\"Redacci\u00f3n\" \/>\n\t<meta name=\"twitter:label2\" content=\"Temps estimat de lectura\" \/>\n\t<meta name=\"twitter:data2\" content=\"1 minut\" \/>\n<script type=\"application\/ld+json\" class=\"yoast-schema-graph\">{\"@context\":\"https:\\\/\\\/schema.org\",\"@graph\":[{\"@type\":\"NewsArticle\",\"@id\":\"https:\\\/\\\/radiolitoral.com\\\/2023\\\/04\\\/xalo-celebra-la-festa-del-romer-declarada-de-interes-turistico-local\\\/#article\",\"isPartOf\":{\"@id\":\"https:\\\/\\\/radiolitoral.com\\\/2023\\\/04\\\/xalo-celebra-la-festa-del-romer-declarada-de-interes-turistico-local\\\/\"},\"author\":{\"name\":\"Redacci\u00f3n\",\"@id\":\"https:\\\/\\\/radiolitoral.com\\\/#\\\/schema\\\/person\\\/f2b2343c49b5d721857cc1002bfdb151\"},\"headline\":\"Xal\u00f3 celebra la Festa del Romer, declarada de inter\u00e9s tur\u00edstico local\",\"datePublished\":\"2023-04-25T18:32:14+00:00\",\"dateModified\":\"2023-04-25T18:32:29+00:00\",\"mainEntityOfPage\":{\"@id\":\"https:\\\/\\\/radiolitoral.com\\\/2023\\\/04\\\/xalo-celebra-la-festa-del-romer-declarada-de-interes-turistico-local\\\/\"},\"wordCount\":142,\"commentCount\":0,\"publisher\":{\"@id\":\"https:\\\/\\\/radiolitoral.com\\\/#organization\"},\"image\":{\"@id\":\"https:\\\/\\\/radiolitoral.com\\\/2023\\\/04\\\/xalo-celebra-la-festa-del-romer-declarada-de-interes-turistico-local\\\/#primaryimage\"},\"thumbnailUrl\":\"https:\\\/\\\/media.radiolitoral.com\\\/wp-content\\\/uploads\\\/2023\\\/04\\\/25203146\\\/Festa_romer_2023_Xalo.jpg\",\"keywords\":[\"agenda cultural Xal\u00f3\",\"agenda Xal\u00f3\",\"Festa del Romer\",\"Xal\u00f3\"],\"articleSection\":[\"Fiestas\"],\"inLanguage\":\"ca\",\"potentialAction\":[{\"@type\":\"CommentAction\",\"name\":\"Comment\",\"target\":[\"https:\\\/\\\/radiolitoral.com\\\/2023\\\/04\\\/xalo-celebra-la-festa-del-romer-declarada-de-interes-turistico-local\\\/#respond\"]}]},{\"@type\":[\"WebPage\",\"ItemPage\"],\"@id\":\"https:\\\/\\\/radiolitoral.com\\\/2023\\\/04\\\/xalo-celebra-la-festa-del-romer-declarada-de-interes-turistico-local\\\/\",\"url\":\"https:\\\/\\\/radiolitoral.com\\\/2023\\\/04\\\/xalo-celebra-la-festa-del-romer-declarada-de-interes-turistico-local\\\/\",\"name\":\"Xal\u00f3 celebra la Festa del Romer, declarada de inter\u00e9s tur\u00edstico local | R\u00e0dio Litoral\",\"isPartOf\":{\"@id\":\"https:\\\/\\\/radiolitoral.com\\\/#website\"},\"primaryImageOfPage\":{\"@id\":\"https:\\\/\\\/radiolitoral.com\\\/2023\\\/04\\\/xalo-celebra-la-festa-del-romer-declarada-de-interes-turistico-local\\\/#primaryimage\"},\"image\":{\"@id\":\"https:\\\/\\\/radiolitoral.com\\\/2023\\\/04\\\/xalo-celebra-la-festa-del-romer-declarada-de-interes-turistico-local\\\/#primaryimage\"},\"thumbnailUrl\":\"https:\\\/\\\/media.radiolitoral.com\\\/wp-content\\\/uploads\\\/2023\\\/04\\\/25203146\\\/Festa_romer_2023_Xalo.jpg\",\"datePublished\":\"2023-04-25T18:32:14+00:00\",\"dateModified\":\"2023-04-25T18:32:29+00:00\",\"description\":\"Diversas actividades para compartirlas en familia\",\"breadcrumb\":{\"@id\":\"https:\\\/\\\/radiolitoral.com\\\/2023\\\/04\\\/xalo-celebra-la-festa-del-romer-declarada-de-interes-turistico-local\\\/#breadcrumb\"},\"inLanguage\":\"ca\",\"potentialAction\":[{\"@type\":\"ReadAction\",\"target\":[\"https:\\\/\\\/radiolitoral.com\\\/2023\\\/04\\\/xalo-celebra-la-festa-del-romer-declarada-de-interes-turistico-local\\\/\"]}]},{\"@type\":\"ImageObject\",\"inLanguage\":\"ca\",\"@id\":\"https:\\\/\\\/radiolitoral.com\\\/2023\\\/04\\\/xalo-celebra-la-festa-del-romer-declarada-de-interes-turistico-local\\\/#primaryimage\",\"url\":\"https:\\\/\\\/media.radiolitoral.com\\\/wp-content\\\/uploads\\\/2023\\\/04\\\/25203146\\\/Festa_romer_2023_Xalo.jpg\",\"contentUrl\":\"https:\\\/\\\/media.radiolitoral.com\\\/wp-content\\\/uploads\\\/2023\\\/04\\\/25203146\\\/Festa_romer_2023_Xalo.jpg\",\"width\":1141,\"height\":1600},{\"@type\":\"BreadcrumbList\",\"@id\":\"https:\\\/\\\/radiolitoral.com\\\/2023\\\/04\\\/xalo-celebra-la-festa-del-romer-declarada-de-interes-turistico-local\\\/#breadcrumb\",\"itemListElement\":[{\"@type\":\"ListItem\",\"position\":1,\"name\":\"Portada\",\"item\":\"https:\\\/\\\/radiolitoral.com\\\/\"},{\"@type\":\"ListItem\",\"position\":2,\"name\":\"Xal\u00f3 celebra la Festa del Romer, declarada de inter\u00e9s tur\u00edstico local\"}]},{\"@type\":\"WebSite\",\"@id\":\"https:\\\/\\\/radiolitoral.com\\\/#website\",\"url\":\"https:\\\/\\\/radiolitoral.com\\\/\",\"name\":\"Radio Litoral\",\"description\":\"La radio local de la Marina Alta\",\"publisher\":{\"@id\":\"https:\\\/\\\/radiolitoral.com\\\/#organization\"},\"alternateName\":\"Litoral FM\",\"potentialAction\":[{\"@type\":\"SearchAction\",\"target\":{\"@type\":\"EntryPoint\",\"urlTemplate\":\"https:\\\/\\\/radiolitoral.com\\\/?s={search_term_string}\"},\"query-input\":{\"@type\":\"PropertyValueSpecification\",\"valueRequired\":true,\"valueName\":\"search_term_string\"}}],\"inLanguage\":\"ca\"},{\"@type\":\"Organization\",\"@id\":\"https:\\\/\\\/radiolitoral.com\\\/#organization\",\"name\":\"Radio Litoral\",\"url\":\"https:\\\/\\\/radiolitoral.com\\\/\",\"logo\":{\"@type\":\"ImageObject\",\"inLanguage\":\"ca\",\"@id\":\"https:\\\/\\\/radiolitoral.com\\\/#\\\/schema\\\/logo\\\/image\\\/\",\"url\":\"https:\\\/\\\/media.radiolitoral.com\\\/wp-content\\\/uploads\\\/2023\\\/02\\\/24143238\\\/CL-V-RadioLitoral696.png\",\"contentUrl\":\"https:\\\/\\\/media.radiolitoral.com\\\/wp-content\\\/uploads\\\/2023\\\/02\\\/24143238\\\/CL-V-RadioLitoral696.png\",\"width\":696,\"height\":696,\"caption\":\"Radio Litoral\"},\"image\":{\"@id\":\"https:\\\/\\\/radiolitoral.com\\\/#\\\/schema\\\/logo\\\/image\\\/\"},\"sameAs\":[\"https:\\\/\\\/www.facebook.com\\\/Laradiolitoral\\\/\"]},{\"@type\":\"Person\",\"@id\":\"https:\\\/\\\/radiolitoral.com\\\/#\\\/schema\\\/person\\\/f2b2343c49b5d721857cc1002bfdb151\",\"name\":\"Redacci\u00f3n\",\"image\":{\"@type\":\"ImageObject\",\"inLanguage\":\"ca\",\"@id\":\"https:\\\/\\\/secure.gravatar.com\\\/avatar\\\/f771d896c203ad8b3382d7905cfcce5a5c9b008b84b3cd9114e9b9f4cb63f789?s=96&d=mm&r=g\",\"url\":\"https:\\\/\\\/secure.gravatar.com\\\/avatar\\\/f771d896c203ad8b3382d7905cfcce5a5c9b008b84b3cd9114e9b9f4cb63f789?s=96&d=mm&r=g\",\"contentUrl\":\"https:\\\/\\\/secure.gravatar.com\\\/avatar\\\/f771d896c203ad8b3382d7905cfcce5a5c9b008b84b3cd9114e9b9f4cb63f789?s=96&d=mm&r=g\",\"caption\":\"Redacci\u00f3n\"},\"url\":\"https:\\\/\\\/radiolitoral.com\\\/ca\\\/author\\\/miriam-pagan\\\/\"}]}<\/script>\n<!-- \/ Yoast SEO plugin. -->","yoast_head_json":{"title":"Xal\u00f3 celebra la Festa del Romer, declarada d?inter\u00e8s tur\u00edstic local | R\u00e0dio Litoral","description":"Diverses activitats per compartir-les en fam\u00edlia","robots":{"index":"index","follow":"follow","max-snippet":"max-snippet:-1","max-image-preview":"max-image-preview:large","max-video-preview":"max-video-preview:-1"},"canonical":"https:\/\/radiolitoral.com\/ca\/2023\/04\/xalo-celebra-la-festa-del-romer-declarada-dinteres-turistic-local\/","og_locale":"ca_ES","og_type":"article","og_title":"Xal\u00f3 celebra la Festa del Romer, declarada de inter\u00e9s tur\u00edstico local | R\u00e0dio Litoral","og_description":"Diversas actividades para compartirlas en familia","og_url":"https:\/\/radiolitoral.com\/ca\/2023\/04\/xalo-celebra-la-festa-del-romer-declarada-dinteres-turistic-local\/","og_site_name":"R\u00e0dio Litoral","article_publisher":"https:\/\/www.facebook.com\/Laradiolitoral\/","article_published_time":"2023-04-25T18:32:14+00:00","article_modified_time":"2023-04-25T18:32:29+00:00","og_image":[{"width":1141,"height":1600,"url":"https:\/\/media.radiolitoral.com\/wp-content\/uploads\/2023\/04\/25203146\/Festa_romer_2023_Xalo.jpg","type":"image\/jpeg"}],"author":"Redacci\u00f3n","twitter_card":"summary_large_image","twitter_misc":{"Escrit per":"Redacci\u00f3n","Temps estimat de lectura":"1 minut"},"schema":{"@context":"https:\/\/schema.org","@graph":[{"@type":"NewsArticle","@id":"https:\/\/radiolitoral.com\/2023\/04\/xalo-celebra-la-festa-del-romer-declarada-de-interes-turistico-local\/#article","isPartOf":{"@id":"https:\/\/radiolitoral.com\/2023\/04\/xalo-celebra-la-festa-del-romer-declarada-de-interes-turistico-local\/"},"author":{"name":"Redacci\u00f3n","@id":"https:\/\/radiolitoral.com\/#\/schema\/person\/f2b2343c49b5d721857cc1002bfdb151"},"headline":"Xal\u00f3 celebra la Festa del Romer, declarada de inter\u00e9s tur\u00edstico local","datePublished":"2023-04-25T18:32:14+00:00","dateModified":"2023-04-25T18:32:29+00:00","mainEntityOfPage":{"@id":"https:\/\/radiolitoral.com\/2023\/04\/xalo-celebra-la-festa-del-romer-declarada-de-interes-turistico-local\/"},"wordCount":142,"commentCount":0,"publisher":{"@id":"https:\/\/radiolitoral.com\/#organization"},"image":{"@id":"https:\/\/radiolitoral.com\/2023\/04\/xalo-celebra-la-festa-del-romer-declarada-de-interes-turistico-local\/#primaryimage"},"thumbnailUrl":"https:\/\/media.radiolitoral.com\/wp-content\/uploads\/2023\/04\/25203146\/Festa_romer_2023_Xalo.jpg","keywords":["agenda cultural Xal\u00f3","agenda Xal\u00f3","Festa del Romer","Xal\u00f3"],"articleSection":["Fiestas"],"inLanguage":"ca","potentialAction":[{"@type":"CommentAction","name":"Comment","target":["https:\/\/radiolitoral.com\/2023\/04\/xalo-celebra-la-festa-del-romer-declarada-de-interes-turistico-local\/#respond"]}]},{"@type":["WebPage","ItemPage"],"@id":"https:\/\/radiolitoral.com\/2023\/04\/xalo-celebra-la-festa-del-romer-declarada-de-interes-turistico-local\/","url":"https:\/\/radiolitoral.com\/2023\/04\/xalo-celebra-la-festa-del-romer-declarada-de-interes-turistico-local\/","name":"Xal\u00f3 celebra la Festa del Romer, declarada d?inter\u00e8s tur\u00edstic local | R\u00e0dio Litoral","isPartOf":{"@id":"https:\/\/radiolitoral.com\/#website"},"primaryImageOfPage":{"@id":"https:\/\/radiolitoral.com\/2023\/04\/xalo-celebra-la-festa-del-romer-declarada-de-interes-turistico-local\/#primaryimage"},"image":{"@id":"https:\/\/radiolitoral.com\/2023\/04\/xalo-celebra-la-festa-del-romer-declarada-de-interes-turistico-local\/#primaryimage"},"thumbnailUrl":"https:\/\/media.radiolitoral.com\/wp-content\/uploads\/2023\/04\/25203146\/Festa_romer_2023_Xalo.jpg","datePublished":"2023-04-25T18:32:14+00:00","dateModified":"2023-04-25T18:32:29+00:00","description":"Diverses activitats per compartir-les en fam\u00edlia","breadcrumb":{"@id":"https:\/\/radiolitoral.com\/2023\/04\/xalo-celebra-la-festa-del-romer-declarada-de-interes-turistico-local\/#breadcrumb"},"inLanguage":"ca","potentialAction":[{"@type":"ReadAction","target":["https:\/\/radiolitoral.com\/2023\/04\/xalo-celebra-la-festa-del-romer-declarada-de-interes-turistico-local\/"]}]},{"@type":"ImageObject","inLanguage":"ca","@id":"https:\/\/radiolitoral.com\/2023\/04\/xalo-celebra-la-festa-del-romer-declarada-de-interes-turistico-local\/#primaryimage","url":"https:\/\/media.radiolitoral.com\/wp-content\/uploads\/2023\/04\/25203146\/Festa_romer_2023_Xalo.jpg","contentUrl":"https:\/\/media.radiolitoral.com\/wp-content\/uploads\/2023\/04\/25203146\/Festa_romer_2023_Xalo.jpg","width":1141,"height":1600},{"@type":"BreadcrumbList","@id":"https:\/\/radiolitoral.com\/2023\/04\/xalo-celebra-la-festa-del-romer-declarada-de-interes-turistico-local\/#breadcrumb","itemListElement":[{"@type":"ListItem","position":1,"name":"Portada","item":"https:\/\/radiolitoral.com\/"},{"@type":"ListItem","position":2,"name":"Xal\u00f3 celebra la Festa del Romer, declarada de inter\u00e9s tur\u00edstico local"}]},{"@type":"WebSite","@id":"https:\/\/radiolitoral.com\/#website","url":"https:\/\/radiolitoral.com\/","name":"R\u00e0dio Litoral","description":"La r\u00e0dio local de la Marina Alta","publisher":{"@id":"https:\/\/radiolitoral.com\/#organization"},"alternateName":"Litoral FM","potentialAction":[{"@type":"SearchAction","target":{"@type":"EntryPoint","urlTemplate":"https:\/\/radiolitoral.com\/?s={search_term_string}"},"query-input":{"@type":"PropertyValueSpecification","valueRequired":true,"valueName":"search_term_string"}}],"inLanguage":"ca"},{"@type":"Organization","@id":"https:\/\/radiolitoral.com\/#organization","name":"R\u00e0dio Litoral","url":"https:\/\/radiolitoral.com\/","logo":{"@type":"ImageObject","inLanguage":"ca","@id":"https:\/\/radiolitoral.com\/#\/schema\/logo\/image\/","url":"https:\/\/media.radiolitoral.com\/wp-content\/uploads\/2023\/02\/24143238\/CL-V-RadioLitoral696.png","contentUrl":"https:\/\/media.radiolitoral.com\/wp-content\/uploads\/2023\/02\/24143238\/CL-V-RadioLitoral696.png","width":696,"height":696,"caption":"Radio Litoral"},"image":{"@id":"https:\/\/radiolitoral.com\/#\/schema\/logo\/image\/"},"sameAs":["https:\/\/www.facebook.com\/Laradiolitoral\/"]},{"@type":"Person","@id":"https:\/\/radiolitoral.com\/#\/schema\/person\/f2b2343c49b5d721857cc1002bfdb151","name":"Redacci\u00f3","image":{"@type":"ImageObject","inLanguage":"ca","@id":"https:\/\/secure.gravatar.com\/avatar\/f771d896c203ad8b3382d7905cfcce5a5c9b008b84b3cd9114e9b9f4cb63f789?s=96&d=mm&r=g","url":"https:\/\/secure.gravatar.com\/avatar\/f771d896c203ad8b3382d7905cfcce5a5c9b008b84b3cd9114e9b9f4cb63f789?s=96&d=mm&r=g","contentUrl":"https:\/\/secure.gravatar.com\/avatar\/f771d896c203ad8b3382d7905cfcce5a5c9b008b84b3cd9114e9b9f4cb63f789?s=96&d=mm&r=g","caption":"Redacci\u00f3n"},"url":"https:\/\/radiolitoral.com\/ca\/author\/miriam-pagan\/"}]}},"_links":{"self":[{"href":"https:\/\/radiolitoral.com\/ca\/wp-json\/wp\/v2\/posts\/2510","targetHints":{"allow":["GET"]}}],"collection":[{"href":"https:\/\/radiolitoral.com\/ca\/wp-json\/wp\/v2\/posts"}],"about":[{"href":"https:\/\/radiolitoral.com\/ca\/wp-json\/wp\/v2\/types\/post"}],"author":[{"embeddable":true,"href":"https:\/\/radiolitoral.com\/ca\/wp-json\/wp\/v2\/users\/13"}],"replies":[{"embeddable":true,"href":"https:\/\/radiolitoral.com\/ca\/wp-json\/wp\/v2\/comments?post=2510"}],"version-history":[{"count":1,"href":"https:\/\/radiolitoral.com\/ca\/wp-json\/wp\/v2\/posts\/2510\/revisions"}],"predecessor-version":[{"id":2512,"href":"https:\/\/radiolitoral.com\/ca\/wp-json\/wp\/v2\/posts\/2510\/revisions\/2512"}],"wp:featuredmedia":[{"embeddable":true,"href":"https:\/\/radiolitoral.com\/ca\/wp-json\/wp\/v2\/media\/2511"}],"wp:attachment":[{"href":"https:\/\/radiolitoral.com\/ca\/wp-json\/wp\/v2\/media?parent=2510"}],"wp:term":[{"taxonomy":"category","embeddable":true,"href":"https:\/\/radiolitoral.com\/ca\/wp-json\/wp\/v2\/categories?post=2510"},{"taxonomy":"post_tag","embeddable":true,"href":"https:\/\/radiolitoral.com\/ca\/wp-json\/wp\/v2\/tags?post=2510"}],"curies":[{"name":"wp","href":"https:\/\/api.w.org\/{rel}","templated":true}]}}