{"id":2490,"date":"2023-04-25T16:16:21","date_gmt":"2023-04-25T14:16:21","guid":{"rendered":"https:\/\/radiolitoral.com\/?p=2490"},"modified":"2023-04-25T16:16:44","modified_gmt":"2023-04-25T14:16:44","slug":"habitatge-social-i-un-altre-institut-i-col%c2%b7legi-per-a-calp-son-les-promeses-del-president-del-pp","status":"publish","type":"post","link":"https:\/\/radiolitoral.com\/ca\/2023\/04\/vivienda-social-y-otro-instituto-y-colegio-para-calp-son-las-promesas-del-presidente-del-pp\/","title":{"rendered":"Habitatge social i un altre institut i col\u00b7legi per a Calp, s\u00f3n les promeses del president del PP"},"content":{"rendered":"<p>El <strong>president del Partit Popular de la Comunitat Valenciana, Carlos Maz\u00f3n, s&#039;ha comprom\u00e8s<\/strong> aquest cap de setmana <strong>a Calp<\/strong>, a dotar el municipi de <strong>habitatges socials i centres educatius<\/strong>. Aix\u00ed s&#039;ha manifestat Maz\u00f3n durant la presentaci\u00f3 del candidat del PP a l&#039;Alcaldia de la ciutat del Penyal, C\u00e9sar S\u00e1nchez, acompanyat per la secret\u00e0ria general del PP, Cuca Gamarra.<\/p>\n<p>El president dels populars a la Comunitat Valenciana ha destacat que C\u00e9sar S\u00e1nchez \u201c\u00e9s la millor opci\u00f3 per a Calp, una persona amb experi\u00e8ncia\u201d<\/p>\n<p>El president del PPCV s&#039;ha comprom\u00e8s que quan governi a la Generalitat Valenciana, a partir del maig, Calp tingui <strong>segon institut de Secund\u00e0ria i el cinqu\u00e8 col\u00b7legi<\/strong>. Tamb\u00e9 s&#039;ha comprom\u00e8s durant la intervenci\u00f3 a finalitzar el centre d&#039;educaci\u00f3 especial Gargasindi.<\/p>\n<p>En mat\u00e8ria de sanitat, Maz\u00f3n assegura que <strong>adequar\u00e0 les instal\u00b7lacions del consultori auxiliar de La Fossa i col\u00b7laborar\u00e0 amb l&#039;Ajuntament per a la regeneraci\u00f3 de les platges de Calp<\/strong>, que actualment pateixen una reculada, a l&#039;apartat de Medi Ambient.<\/p>\n<p>El candidat ha parlat de la necessitat de abaixar els impostos, de recolzar les fam\u00edlies i ha fet una crida pel canvi de la m\u00e0 del PP.<\/p>\n<audio class=\"wp-audio-shortcode\" id=\"audio-2490-1\" preload=\"none\" style=\"width: 100%;\" controls=\"controls\"><source type=\"audio\/mpeg\" src=\"https:\/\/media.radiolitoral.com\/wp-content\/uploads\/2023\/04\/25160940\/Carlos-Mazon-3.mp3?_=1\" \/><a href=\"https:\/\/media.radiolitoral.com\/wp-content\/uploads\/2023\/04\/25160940\/Carlos-Mazon-3.mp3\">https:\/\/media.radiolitoral.com\/wp-content\/uploads\/2023\/04\/25160940\/Carlos-Mazon-3.mp3<\/a><\/audio>","protected":false},"excerpt":{"rendered":"<p>El presidente del Partido Popular de la Comunitat Valenciana, Carlos Maz\u00f3n, se ha comprometido este fin de semana en Calp, en dotar al municipio de viviendas sociales y centros educativos.\u00a0 As\u00ed se ha manifestado Maz\u00f3n durante la presentaci\u00f3n del candidato del PP a la Alcald\u00eda de la ciudad del Pe\u00f1\u00f3n, C\u00e9sar S\u00e1nchez, acompa\u00f1ado por la [&#8230;]<\/p>\n<p><a class=\"btn btn-secondary understrap-read-more-link\" href=\"https:\/\/radiolitoral.com\/ca\/2023\/04\/vivienda-social-y-otro-instituto-y-colegio-para-calp-son-las-promesas-del-presidente-del-pp\/\">Continua llegint&#8230;<span class=\"screen-reader-text\"> from Vivienda social y otro instituto y colegio para Calp, son las promesas del presidente del PP<\/span><\/a><\/p>\n","protected":false},"author":21,"featured_media":2492,"comment_status":"open","ping_status":"closed","sticky":false,"template":"","format":"standard","meta":{"_acf_changed":false,"inline_featured_image":false,"footnotes":""},"categories":[13],"tags":[122,161,121],"class_list":["post-2490","post","type-post","status-publish","format-standard","has-post-thumbnail","hentry","category-politica","tag-calp","tag-elecciones-2023","tag-pp-calp","cobertura-calp"],"acf":[],"yoast_head":"<!-- This site is optimized with the Yoast SEO plugin v27.5 - https:\/\/yoast.com\/product\/yoast-seo-wordpress\/ -->\n<title>Vivienda social y otro instituto y colegio para Calp, son las promesas del presidente del PP | R\u00e0dio Litoral<\/title>\n<meta name=\"description\" content=\"Carlos Maz\u00f3n se ha comprometido en su visita a la localidad\" \/>\n<meta name=\"robots\" content=\"index, follow, max-snippet:-1, max-image-preview:large, max-video-preview:-1\" \/>\n<link rel=\"canonical\" href=\"https:\/\/radiolitoral.com\/ca\/2023\/04\/habitatge-social-i-un-altre-institut-i-col\u00b7legi-per-a-calp-son-les-promeses-del-president-del-pp\/\" \/>\n<meta property=\"og:locale\" content=\"ca_ES\" \/>\n<meta property=\"og:type\" content=\"article\" \/>\n<meta property=\"og:title\" content=\"Vivienda social y otro instituto y colegio para Calp, son las promesas del presidente del PP | R\u00e0dio Litoral\" \/>\n<meta property=\"og:description\" content=\"Carlos Maz\u00f3n se ha comprometido en su visita a la localidad\" \/>\n<meta property=\"og:url\" content=\"https:\/\/radiolitoral.com\/ca\/2023\/04\/habitatge-social-i-un-altre-institut-i-col\u00b7legi-per-a-calp-son-les-promeses-del-president-del-pp\/\" \/>\n<meta property=\"og:site_name\" content=\"R\u00e0dio Litoral\" \/>\n<meta property=\"article:publisher\" content=\"https:\/\/www.facebook.com\/Laradiolitoral\/\" \/>\n<meta property=\"article:published_time\" content=\"2023-04-25T14:16:21+00:00\" \/>\n<meta property=\"article:modified_time\" content=\"2023-04-25T14:16:44+00:00\" \/>\n<meta property=\"og:image\" content=\"https:\/\/media.radiolitoral.com\/wp-content\/uploads\/2023\/04\/25161615\/calp-1-1.jpg\" \/>\n\t<meta property=\"og:image:width\" content=\"551\" \/>\n\t<meta property=\"og:image:height\" content=\"406\" \/>\n\t<meta property=\"og:image:type\" content=\"image\/jpeg\" \/>\n<meta name=\"author\" content=\"Mel Pescuezo\" \/>\n<meta name=\"twitter:card\" content=\"summary_large_image\" \/>\n<meta name=\"twitter:label1\" content=\"Escrit per\" \/>\n\t<meta name=\"twitter:data1\" content=\"Mel Pescuezo\" \/>\n\t<meta name=\"twitter:label2\" content=\"Temps estimat de lectura\" \/>\n\t<meta name=\"twitter:data2\" content=\"1 minut\" \/>\n<script type=\"application\/ld+json\" class=\"yoast-schema-graph\">{\"@context\":\"https:\\\/\\\/schema.org\",\"@graph\":[{\"@type\":\"NewsArticle\",\"@id\":\"https:\\\/\\\/radiolitoral.com\\\/2023\\\/04\\\/vivienda-social-y-otro-instituto-y-colegio-para-calp-son-las-promesas-del-presidente-del-pp\\\/#article\",\"isPartOf\":{\"@id\":\"https:\\\/\\\/radiolitoral.com\\\/2023\\\/04\\\/vivienda-social-y-otro-instituto-y-colegio-para-calp-son-las-promesas-del-presidente-del-pp\\\/\"},\"author\":{\"name\":\"Mel Pescuezo\",\"@id\":\"https:\\\/\\\/radiolitoral.com\\\/#\\\/schema\\\/person\\\/aad4f72efa404f85b68e832d24cac059\"},\"headline\":\"Vivienda social y otro instituto y colegio para Calp, son las promesas del presidente del PP\",\"datePublished\":\"2023-04-25T14:16:21+00:00\",\"dateModified\":\"2023-04-25T14:16:44+00:00\",\"mainEntityOfPage\":{\"@id\":\"https:\\\/\\\/radiolitoral.com\\\/2023\\\/04\\\/vivienda-social-y-otro-instituto-y-colegio-para-calp-son-las-promesas-del-presidente-del-pp\\\/\"},\"wordCount\":241,\"commentCount\":0,\"publisher\":{\"@id\":\"https:\\\/\\\/radiolitoral.com\\\/#organization\"},\"image\":{\"@id\":\"https:\\\/\\\/radiolitoral.com\\\/2023\\\/04\\\/vivienda-social-y-otro-instituto-y-colegio-para-calp-son-las-promesas-del-presidente-del-pp\\\/#primaryimage\"},\"thumbnailUrl\":\"https:\\\/\\\/media.radiolitoral.com\\\/wp-content\\\/uploads\\\/2023\\\/04\\\/25161615\\\/calp-1-1.jpg\",\"keywords\":[\"Calp\",\"elecciones 2023\",\"PP Calp\"],\"articleSection\":[\"Pol\u00edtica\"],\"inLanguage\":\"ca\",\"potentialAction\":[{\"@type\":\"CommentAction\",\"name\":\"Comment\",\"target\":[\"https:\\\/\\\/radiolitoral.com\\\/2023\\\/04\\\/vivienda-social-y-otro-instituto-y-colegio-para-calp-son-las-promesas-del-presidente-del-pp\\\/#respond\"]}]},{\"@type\":[\"WebPage\",\"ItemPage\"],\"@id\":\"https:\\\/\\\/radiolitoral.com\\\/2023\\\/04\\\/vivienda-social-y-otro-instituto-y-colegio-para-calp-son-las-promesas-del-presidente-del-pp\\\/\",\"url\":\"https:\\\/\\\/radiolitoral.com\\\/2023\\\/04\\\/vivienda-social-y-otro-instituto-y-colegio-para-calp-son-las-promesas-del-presidente-del-pp\\\/\",\"name\":\"Vivienda social y otro instituto y colegio para Calp, son las promesas del presidente del PP | R\u00e0dio Litoral\",\"isPartOf\":{\"@id\":\"https:\\\/\\\/radiolitoral.com\\\/#website\"},\"primaryImageOfPage\":{\"@id\":\"https:\\\/\\\/radiolitoral.com\\\/2023\\\/04\\\/vivienda-social-y-otro-instituto-y-colegio-para-calp-son-las-promesas-del-presidente-del-pp\\\/#primaryimage\"},\"image\":{\"@id\":\"https:\\\/\\\/radiolitoral.com\\\/2023\\\/04\\\/vivienda-social-y-otro-instituto-y-colegio-para-calp-son-las-promesas-del-presidente-del-pp\\\/#primaryimage\"},\"thumbnailUrl\":\"https:\\\/\\\/media.radiolitoral.com\\\/wp-content\\\/uploads\\\/2023\\\/04\\\/25161615\\\/calp-1-1.jpg\",\"datePublished\":\"2023-04-25T14:16:21+00:00\",\"dateModified\":\"2023-04-25T14:16:44+00:00\",\"description\":\"Carlos Maz\u00f3n se ha comprometido en su visita a la localidad\",\"breadcrumb\":{\"@id\":\"https:\\\/\\\/radiolitoral.com\\\/2023\\\/04\\\/vivienda-social-y-otro-instituto-y-colegio-para-calp-son-las-promesas-del-presidente-del-pp\\\/#breadcrumb\"},\"inLanguage\":\"ca\",\"potentialAction\":[{\"@type\":\"ReadAction\",\"target\":[\"https:\\\/\\\/radiolitoral.com\\\/2023\\\/04\\\/vivienda-social-y-otro-instituto-y-colegio-para-calp-son-las-promesas-del-presidente-del-pp\\\/\"]}]},{\"@type\":\"ImageObject\",\"inLanguage\":\"ca\",\"@id\":\"https:\\\/\\\/radiolitoral.com\\\/2023\\\/04\\\/vivienda-social-y-otro-instituto-y-colegio-para-calp-son-las-promesas-del-presidente-del-pp\\\/#primaryimage\",\"url\":\"https:\\\/\\\/media.radiolitoral.com\\\/wp-content\\\/uploads\\\/2023\\\/04\\\/25161615\\\/calp-1-1.jpg\",\"contentUrl\":\"https:\\\/\\\/media.radiolitoral.com\\\/wp-content\\\/uploads\\\/2023\\\/04\\\/25161615\\\/calp-1-1.jpg\",\"width\":551,\"height\":406},{\"@type\":\"BreadcrumbList\",\"@id\":\"https:\\\/\\\/radiolitoral.com\\\/2023\\\/04\\\/vivienda-social-y-otro-instituto-y-colegio-para-calp-son-las-promesas-del-presidente-del-pp\\\/#breadcrumb\",\"itemListElement\":[{\"@type\":\"ListItem\",\"position\":1,\"name\":\"Portada\",\"item\":\"https:\\\/\\\/radiolitoral.com\\\/\"},{\"@type\":\"ListItem\",\"position\":2,\"name\":\"Vivienda social y otro instituto y colegio para Calp, son las promesas del presidente del PP\"}]},{\"@type\":\"WebSite\",\"@id\":\"https:\\\/\\\/radiolitoral.com\\\/#website\",\"url\":\"https:\\\/\\\/radiolitoral.com\\\/\",\"name\":\"Radio Litoral\",\"description\":\"La radio local de la Marina Alta\",\"publisher\":{\"@id\":\"https:\\\/\\\/radiolitoral.com\\\/#organization\"},\"alternateName\":\"Litoral FM\",\"potentialAction\":[{\"@type\":\"SearchAction\",\"target\":{\"@type\":\"EntryPoint\",\"urlTemplate\":\"https:\\\/\\\/radiolitoral.com\\\/?s={search_term_string}\"},\"query-input\":{\"@type\":\"PropertyValueSpecification\",\"valueRequired\":true,\"valueName\":\"search_term_string\"}}],\"inLanguage\":\"ca\"},{\"@type\":\"Organization\",\"@id\":\"https:\\\/\\\/radiolitoral.com\\\/#organization\",\"name\":\"Radio Litoral\",\"url\":\"https:\\\/\\\/radiolitoral.com\\\/\",\"logo\":{\"@type\":\"ImageObject\",\"inLanguage\":\"ca\",\"@id\":\"https:\\\/\\\/radiolitoral.com\\\/#\\\/schema\\\/logo\\\/image\\\/\",\"url\":\"https:\\\/\\\/media.radiolitoral.com\\\/wp-content\\\/uploads\\\/2023\\\/02\\\/24143238\\\/CL-V-RadioLitoral696.png\",\"contentUrl\":\"https:\\\/\\\/media.radiolitoral.com\\\/wp-content\\\/uploads\\\/2023\\\/02\\\/24143238\\\/CL-V-RadioLitoral696.png\",\"width\":696,\"height\":696,\"caption\":\"Radio Litoral\"},\"image\":{\"@id\":\"https:\\\/\\\/radiolitoral.com\\\/#\\\/schema\\\/logo\\\/image\\\/\"},\"sameAs\":[\"https:\\\/\\\/www.facebook.com\\\/Laradiolitoral\\\/\"]},{\"@type\":\"Person\",\"@id\":\"https:\\\/\\\/radiolitoral.com\\\/#\\\/schema\\\/person\\\/aad4f72efa404f85b68e832d24cac059\",\"name\":\"Mel Pescuezo\",\"image\":{\"@type\":\"ImageObject\",\"inLanguage\":\"ca\",\"@id\":\"https:\\\/\\\/secure.gravatar.com\\\/avatar\\\/993975ae489c70cb0dd9bfa9413a082f0bd276582dac13661af7b33f161e7eea?s=96&d=mm&r=g\",\"url\":\"https:\\\/\\\/secure.gravatar.com\\\/avatar\\\/993975ae489c70cb0dd9bfa9413a082f0bd276582dac13661af7b33f161e7eea?s=96&d=mm&r=g\",\"contentUrl\":\"https:\\\/\\\/secure.gravatar.com\\\/avatar\\\/993975ae489c70cb0dd9bfa9413a082f0bd276582dac13661af7b33f161e7eea?s=96&d=mm&r=g\",\"caption\":\"Mel Pescuezo\"},\"url\":\"https:\\\/\\\/radiolitoral.com\\\/ca\\\/author\\\/serviciospararadios\\\/\"}]}<\/script>\n<!-- \/ Yoast SEO plugin. -->","yoast_head_json":{"title":"Habitatge social i un altre institut i col\u00b7legi per a Calp, s\u00f3n les promeses del president del PP | R\u00e0dio Litoral","description":"Carlos Maz\u00f3n s&#039;ha comprom\u00e8s en la visita a la localitat","robots":{"index":"index","follow":"follow","max-snippet":"max-snippet:-1","max-image-preview":"max-image-preview:large","max-video-preview":"max-video-preview:-1"},"canonical":"https:\/\/radiolitoral.com\/ca\/2023\/04\/habitatge-social-i-un-altre-institut-i-col\u00b7legi-per-a-calp-son-les-promeses-del-president-del-pp\/","og_locale":"ca_ES","og_type":"article","og_title":"Vivienda social y otro instituto y colegio para Calp, son las promesas del presidente del PP | R\u00e0dio Litoral","og_description":"Carlos Maz\u00f3n se ha comprometido en su visita a la localidad","og_url":"https:\/\/radiolitoral.com\/ca\/2023\/04\/habitatge-social-i-un-altre-institut-i-col\u00b7legi-per-a-calp-son-les-promeses-del-president-del-pp\/","og_site_name":"R\u00e0dio Litoral","article_publisher":"https:\/\/www.facebook.com\/Laradiolitoral\/","article_published_time":"2023-04-25T14:16:21+00:00","article_modified_time":"2023-04-25T14:16:44+00:00","og_image":[{"width":551,"height":406,"url":"https:\/\/media.radiolitoral.com\/wp-content\/uploads\/2023\/04\/25161615\/calp-1-1.jpg","type":"image\/jpeg"}],"author":"Mel Pescuezo","twitter_card":"summary_large_image","twitter_misc":{"Escrit per":"Mel Pescuezo","Temps estimat de lectura":"1 minut"},"schema":{"@context":"https:\/\/schema.org","@graph":[{"@type":"NewsArticle","@id":"https:\/\/radiolitoral.com\/2023\/04\/vivienda-social-y-otro-instituto-y-colegio-para-calp-son-las-promesas-del-presidente-del-pp\/#article","isPartOf":{"@id":"https:\/\/radiolitoral.com\/2023\/04\/vivienda-social-y-otro-instituto-y-colegio-para-calp-son-las-promesas-del-presidente-del-pp\/"},"author":{"name":"Mel Pescuezo","@id":"https:\/\/radiolitoral.com\/#\/schema\/person\/aad4f72efa404f85b68e832d24cac059"},"headline":"Vivienda social y otro instituto y colegio para Calp, son las promesas del presidente del PP","datePublished":"2023-04-25T14:16:21+00:00","dateModified":"2023-04-25T14:16:44+00:00","mainEntityOfPage":{"@id":"https:\/\/radiolitoral.com\/2023\/04\/vivienda-social-y-otro-instituto-y-colegio-para-calp-son-las-promesas-del-presidente-del-pp\/"},"wordCount":241,"commentCount":0,"publisher":{"@id":"https:\/\/radiolitoral.com\/#organization"},"image":{"@id":"https:\/\/radiolitoral.com\/2023\/04\/vivienda-social-y-otro-instituto-y-colegio-para-calp-son-las-promesas-del-presidente-del-pp\/#primaryimage"},"thumbnailUrl":"https:\/\/media.radiolitoral.com\/wp-content\/uploads\/2023\/04\/25161615\/calp-1-1.jpg","keywords":["Calp","elecciones 2023","PP Calp"],"articleSection":["Pol\u00edtica"],"inLanguage":"ca","potentialAction":[{"@type":"CommentAction","name":"Comment","target":["https:\/\/radiolitoral.com\/2023\/04\/vivienda-social-y-otro-instituto-y-colegio-para-calp-son-las-promesas-del-presidente-del-pp\/#respond"]}]},{"@type":["WebPage","ItemPage"],"@id":"https:\/\/radiolitoral.com\/2023\/04\/vivienda-social-y-otro-instituto-y-colegio-para-calp-son-las-promesas-del-presidente-del-pp\/","url":"https:\/\/radiolitoral.com\/2023\/04\/vivienda-social-y-otro-instituto-y-colegio-para-calp-son-las-promesas-del-presidente-del-pp\/","name":"Habitatge social i un altre institut i col\u00b7legi per a Calp, s\u00f3n les promeses del president del PP | R\u00e0dio Litoral","isPartOf":{"@id":"https:\/\/radiolitoral.com\/#website"},"primaryImageOfPage":{"@id":"https:\/\/radiolitoral.com\/2023\/04\/vivienda-social-y-otro-instituto-y-colegio-para-calp-son-las-promesas-del-presidente-del-pp\/#primaryimage"},"image":{"@id":"https:\/\/radiolitoral.com\/2023\/04\/vivienda-social-y-otro-instituto-y-colegio-para-calp-son-las-promesas-del-presidente-del-pp\/#primaryimage"},"thumbnailUrl":"https:\/\/media.radiolitoral.com\/wp-content\/uploads\/2023\/04\/25161615\/calp-1-1.jpg","datePublished":"2023-04-25T14:16:21+00:00","dateModified":"2023-04-25T14:16:44+00:00","description":"Carlos Maz\u00f3n s&#039;ha comprom\u00e8s en la visita a la localitat","breadcrumb":{"@id":"https:\/\/radiolitoral.com\/2023\/04\/vivienda-social-y-otro-instituto-y-colegio-para-calp-son-las-promesas-del-presidente-del-pp\/#breadcrumb"},"inLanguage":"ca","potentialAction":[{"@type":"ReadAction","target":["https:\/\/radiolitoral.com\/2023\/04\/vivienda-social-y-otro-instituto-y-colegio-para-calp-son-las-promesas-del-presidente-del-pp\/"]}]},{"@type":"ImageObject","inLanguage":"ca","@id":"https:\/\/radiolitoral.com\/2023\/04\/vivienda-social-y-otro-instituto-y-colegio-para-calp-son-las-promesas-del-presidente-del-pp\/#primaryimage","url":"https:\/\/media.radiolitoral.com\/wp-content\/uploads\/2023\/04\/25161615\/calp-1-1.jpg","contentUrl":"https:\/\/media.radiolitoral.com\/wp-content\/uploads\/2023\/04\/25161615\/calp-1-1.jpg","width":551,"height":406},{"@type":"BreadcrumbList","@id":"https:\/\/radiolitoral.com\/2023\/04\/vivienda-social-y-otro-instituto-y-colegio-para-calp-son-las-promesas-del-presidente-del-pp\/#breadcrumb","itemListElement":[{"@type":"ListItem","position":1,"name":"Portada","item":"https:\/\/radiolitoral.com\/"},{"@type":"ListItem","position":2,"name":"Vivienda social y otro instituto y colegio para Calp, son las promesas del presidente del PP"}]},{"@type":"WebSite","@id":"https:\/\/radiolitoral.com\/#website","url":"https:\/\/radiolitoral.com\/","name":"R\u00e0dio Litoral","description":"La r\u00e0dio local de la Marina Alta","publisher":{"@id":"https:\/\/radiolitoral.com\/#organization"},"alternateName":"Litoral FM","potentialAction":[{"@type":"SearchAction","target":{"@type":"EntryPoint","urlTemplate":"https:\/\/radiolitoral.com\/?s={search_term_string}"},"query-input":{"@type":"PropertyValueSpecification","valueRequired":true,"valueName":"search_term_string"}}],"inLanguage":"ca"},{"@type":"Organization","@id":"https:\/\/radiolitoral.com\/#organization","name":"R\u00e0dio Litoral","url":"https:\/\/radiolitoral.com\/","logo":{"@type":"ImageObject","inLanguage":"ca","@id":"https:\/\/radiolitoral.com\/#\/schema\/logo\/image\/","url":"https:\/\/media.radiolitoral.com\/wp-content\/uploads\/2023\/02\/24143238\/CL-V-RadioLitoral696.png","contentUrl":"https:\/\/media.radiolitoral.com\/wp-content\/uploads\/2023\/02\/24143238\/CL-V-RadioLitoral696.png","width":696,"height":696,"caption":"Radio Litoral"},"image":{"@id":"https:\/\/radiolitoral.com\/#\/schema\/logo\/image\/"},"sameAs":["https:\/\/www.facebook.com\/Laradiolitoral\/"]},{"@type":"Person","@id":"https:\/\/radiolitoral.com\/#\/schema\/person\/aad4f72efa404f85b68e832d24cac059","name":"Mel Pescuezo","image":{"@type":"ImageObject","inLanguage":"ca","@id":"https:\/\/secure.gravatar.com\/avatar\/993975ae489c70cb0dd9bfa9413a082f0bd276582dac13661af7b33f161e7eea?s=96&d=mm&r=g","url":"https:\/\/secure.gravatar.com\/avatar\/993975ae489c70cb0dd9bfa9413a082f0bd276582dac13661af7b33f161e7eea?s=96&d=mm&r=g","contentUrl":"https:\/\/secure.gravatar.com\/avatar\/993975ae489c70cb0dd9bfa9413a082f0bd276582dac13661af7b33f161e7eea?s=96&d=mm&r=g","caption":"Mel Pescuezo"},"url":"https:\/\/radiolitoral.com\/ca\/author\/serviciospararadios\/"}]}},"_links":{"self":[{"href":"https:\/\/radiolitoral.com\/ca\/wp-json\/wp\/v2\/posts\/2490","targetHints":{"allow":["GET"]}}],"collection":[{"href":"https:\/\/radiolitoral.com\/ca\/wp-json\/wp\/v2\/posts"}],"about":[{"href":"https:\/\/radiolitoral.com\/ca\/wp-json\/wp\/v2\/types\/post"}],"author":[{"embeddable":true,"href":"https:\/\/radiolitoral.com\/ca\/wp-json\/wp\/v2\/users\/21"}],"replies":[{"embeddable":true,"href":"https:\/\/radiolitoral.com\/ca\/wp-json\/wp\/v2\/comments?post=2490"}],"version-history":[{"count":1,"href":"https:\/\/radiolitoral.com\/ca\/wp-json\/wp\/v2\/posts\/2490\/revisions"}],"predecessor-version":[{"id":2493,"href":"https:\/\/radiolitoral.com\/ca\/wp-json\/wp\/v2\/posts\/2490\/revisions\/2493"}],"wp:featuredmedia":[{"embeddable":true,"href":"https:\/\/radiolitoral.com\/ca\/wp-json\/wp\/v2\/media\/2492"}],"wp:attachment":[{"href":"https:\/\/radiolitoral.com\/ca\/wp-json\/wp\/v2\/media?parent=2490"}],"wp:term":[{"taxonomy":"category","embeddable":true,"href":"https:\/\/radiolitoral.com\/ca\/wp-json\/wp\/v2\/categories?post=2490"},{"taxonomy":"post_tag","embeddable":true,"href":"https:\/\/radiolitoral.com\/ca\/wp-json\/wp\/v2\/tags?post=2490"}],"curies":[{"name":"wp","href":"https:\/\/api.w.org\/{rel}","templated":true}]}}