{"id":2479,"date":"2023-04-25T15:52:28","date_gmt":"2023-04-25T13:52:28","guid":{"rendered":"https:\/\/radiolitoral.com\/?p=2479"},"modified":"2023-04-25T15:55:18","modified_gmt":"2023-04-25T13:55:18","slug":"tenir-mes-de-65-anys-o-ser-mare-en-periode-de-lactancia-motius-que-justifiquen-no-formar-part-duna-mesa-electoral","status":"publish","type":"post","link":"https:\/\/radiolitoral.com\/ca\/2023\/04\/tener-mas-de-65-anos-o-ser-madre-en-periodo-de-lactancia-motivos-que-justifican-no-formar-parte-de-una-mesa-electoral\/","title":{"rendered":"Tenir m\u00e9s de 65 anys o ser mare en per\u00edode de lact\u00e0ncia, motius que justifiquen no formar part d\u201funa mesa electoral"},"content":{"rendered":"<p>En els propers dies, comen\u00e7aran a arribar les citacions per participar a les meses electorals amb motiu de les <strong>eleccions municipals i auton\u00f2miques del 28 de maig<\/strong>. I encara que formar part d&#039;aquest proc\u00e9s democr\u00e0tic, com a membre d&#039;una mesa electoral, \u00e9s un dret i un deure de tot ciutad\u00e0, no sempre arriba en el moment m\u00e9s oport\u00fa, per aix\u00f2 avui els anticipem alguns dels <strong>motius que poden justificar<\/strong> no ocupar aquesta responsabilitat.<\/p>\n<p>Recordar que els membres de la mesa electoral s\u00f3n <strong>seleccionats per sorteig<\/strong> entre els ciutadans inscrits al cens electoral. Les persones seleccionades s\u00f3n notificades, com d\u00e8iem, per correu postal i estan obligades a participar a les eleccions.<\/p>\n<p>No obstant aix\u00f2, hi ha un llistat de causes justificades, per situaci\u00f3 personal, responsabilitats familiars o professionals, que poden eximir el citat a assistir a la mesa electoral. Entre elles, s&#039;hi inclou <strong>tenir m\u00e9s de 65 anys o ser mare en per\u00edode de lact\u00e0ncia<\/strong>. Tamb\u00e9 <strong>pert\u00e0nyer a una comunitat religiosa incompatible amb la participaci\u00f3<\/strong> a taula com, per exemple, ser monja de clausura. I fins i tot <strong>treballar com a periodista cobrint la jornada electoral<\/strong>. Tamb\u00e9 \u00e9s motiu d&#039;exempci\u00f3 <strong>haver estat en mesa electoral almenys tres vegades en els darrers deu anys<\/strong>, o<strong> tenir una ordre d&#039;allunyament contra un votant censat en aquest col\u00b7legi<\/strong>. <strong>Tenir fills menors de 14 anys el segon progenitor dels quals no se&#039;n pot ocupar<\/strong>. O estar a cura d&#039;un<strong> familiar, fins a segon grau de consanguinitat, per accident o malaltia<\/strong>.<\/p>\n<p>Aquells que es trobin en alguna d&#039;aquestes situacions podran presentar les al\u00b7legacions preceptives davant la Junta Electoral de Zona. Disposaran dun termini de set dies, despr\u00e9s de ser notificats.<\/p>","protected":false},"excerpt":{"rendered":"<p>En los pr\u00f3ximos d\u00edas, comenzar\u00e1n a llegar las citaciones para participar en las mesas electorales con motivo de las elecciones municipales y auton\u00f3micas del 28 de mayo. Y aunque formar parte de este proceso democr\u00e1tico, como miembro de una mesa electoral, es un derecho y un deber de todo ciudadano, no siempre llega en el [&#8230;]<\/p>\n<p><a class=\"btn btn-secondary understrap-read-more-link\" href=\"https:\/\/radiolitoral.com\/ca\/2023\/04\/tener-mas-de-65-anos-o-ser-madre-en-periodo-de-lactancia-motivos-que-justifican-no-formar-parte-de-una-mesa-electoral\/\">Continua llegint&#8230;<span class=\"screen-reader-text\"> from Tener m\u00e1s de 65 a\u00f1os o ser madre en periodo de lactancia, motivos que justifican no formar parte de una mesa electoral<\/span><\/a><\/p>\n","protected":false},"author":13,"featured_media":2480,"comment_status":"open","ping_status":"closed","sticky":false,"template":"","format":"standard","meta":{"_acf_changed":false,"inline_featured_image":false,"footnotes":""},"categories":[13],"tags":[161,593,595,594],"class_list":["post-2479","post","type-post","status-publish","format-standard","has-post-thumbnail","hentry","category-politica","tag-elecciones-2023","tag-mesas-electorales","tag-motivos-no-acudir-mesa-electoral","tag-sorteo-mesas-electorales"],"acf":[],"yoast_head":"<!-- This site is optimized with the Yoast SEO plugin v27.5 - https:\/\/yoast.com\/product\/yoast-seo-wordpress\/ -->\n<title>Tener m\u00e1s de 65 a\u00f1os o ser madre en periodo de lactancia, motivos que justifican no formar parte de una mesa electoral | R\u00e0dio Litoral<\/title>\n<meta name=\"description\" content=\"Se hace por sorteo y no a todos les encaja con sus situaciones personales o profesionales Se hace por sorteo y no a todos les encaja con sus situaciones personales o profesionales\" \/>\n<meta name=\"robots\" content=\"index, follow, max-snippet:-1, max-image-preview:large, max-video-preview:-1\" \/>\n<link rel=\"canonical\" href=\"https:\/\/radiolitoral.com\/ca\/2023\/04\/tenir-mes-de-65-anys-o-ser-mare-en-periode-de-lactancia-motius-que-justifiquen-no-formar-part-duna-mesa-electoral\/\" \/>\n<meta property=\"og:locale\" content=\"ca_ES\" \/>\n<meta property=\"og:type\" content=\"article\" \/>\n<meta property=\"og:title\" content=\"Tener m\u00e1s de 65 a\u00f1os o ser madre en periodo de lactancia, motivos que justifican no formar parte de una mesa electoral | R\u00e0dio Litoral\" \/>\n<meta property=\"og:description\" content=\"Se hace por sorteo y no a todos les encaja con sus situaciones personales o profesionales Se hace por sorteo y no a todos les encaja con sus situaciones personales o profesionales\" \/>\n<meta property=\"og:url\" content=\"https:\/\/radiolitoral.com\/ca\/2023\/04\/tenir-mes-de-65-anys-o-ser-mare-en-periode-de-lactancia-motius-que-justifiquen-no-formar-part-duna-mesa-electoral\/\" \/>\n<meta property=\"og:site_name\" content=\"R\u00e0dio Litoral\" \/>\n<meta property=\"article:publisher\" content=\"https:\/\/www.facebook.com\/Laradiolitoral\/\" \/>\n<meta property=\"article:published_time\" content=\"2023-04-25T13:52:28+00:00\" \/>\n<meta property=\"article:modified_time\" content=\"2023-04-25T13:55:18+00:00\" \/>\n<meta property=\"og:image\" content=\"https:\/\/media.radiolitoral.com\/wp-content\/uploads\/2023\/04\/25155220\/23756452572_de1fbc5eff_k.jpg\" \/>\n\t<meta property=\"og:image:width\" content=\"1120\" \/>\n\t<meta property=\"og:image:height\" content=\"640\" \/>\n\t<meta property=\"og:image:type\" content=\"image\/jpeg\" \/>\n<meta name=\"author\" content=\"Redacci\u00f3n\" \/>\n<meta name=\"twitter:card\" content=\"summary_large_image\" \/>\n<meta name=\"twitter:label1\" content=\"Escrit per\" \/>\n\t<meta name=\"twitter:data1\" content=\"Redacci\u00f3n\" \/>\n\t<meta name=\"twitter:label2\" content=\"Temps estimat de lectura\" \/>\n\t<meta name=\"twitter:data2\" content=\"2 minuts\" \/>\n<script type=\"application\/ld+json\" class=\"yoast-schema-graph\">{\"@context\":\"https:\\\/\\\/schema.org\",\"@graph\":[{\"@type\":\"NewsArticle\",\"@id\":\"https:\\\/\\\/radiolitoral.com\\\/2023\\\/04\\\/tener-mas-de-65-anos-o-ser-madre-en-periodo-de-lactancia-motivos-que-justifican-no-formar-parte-de-una-mesa-electoral\\\/#article\",\"isPartOf\":{\"@id\":\"https:\\\/\\\/radiolitoral.com\\\/2023\\\/04\\\/tener-mas-de-65-anos-o-ser-madre-en-periodo-de-lactancia-motivos-que-justifican-no-formar-parte-de-una-mesa-electoral\\\/\"},\"author\":{\"name\":\"Redacci\u00f3n\",\"@id\":\"https:\\\/\\\/radiolitoral.com\\\/#\\\/schema\\\/person\\\/f2b2343c49b5d721857cc1002bfdb151\"},\"headline\":\"Tener m\u00e1s de 65 a\u00f1os o ser madre en periodo de lactancia, motivos que justifican no formar parte de una mesa electoral\",\"datePublished\":\"2023-04-25T13:52:28+00:00\",\"dateModified\":\"2023-04-25T13:55:18+00:00\",\"mainEntityOfPage\":{\"@id\":\"https:\\\/\\\/radiolitoral.com\\\/2023\\\/04\\\/tener-mas-de-65-anos-o-ser-madre-en-periodo-de-lactancia-motivos-que-justifican-no-formar-parte-de-una-mesa-electoral\\\/\"},\"wordCount\":315,\"commentCount\":0,\"publisher\":{\"@id\":\"https:\\\/\\\/radiolitoral.com\\\/#organization\"},\"image\":{\"@id\":\"https:\\\/\\\/radiolitoral.com\\\/2023\\\/04\\\/tener-mas-de-65-anos-o-ser-madre-en-periodo-de-lactancia-motivos-que-justifican-no-formar-parte-de-una-mesa-electoral\\\/#primaryimage\"},\"thumbnailUrl\":\"https:\\\/\\\/media.radiolitoral.com\\\/wp-content\\\/uploads\\\/2023\\\/04\\\/25155220\\\/23756452572_de1fbc5eff_k.jpg\",\"keywords\":[\"elecciones 2023\",\"mesas electorales\",\"motivos no acudir mesa electoral\",\"sorteo mesas electorales\"],\"articleSection\":[\"Pol\u00edtica\"],\"inLanguage\":\"ca\",\"potentialAction\":[{\"@type\":\"CommentAction\",\"name\":\"Comment\",\"target\":[\"https:\\\/\\\/radiolitoral.com\\\/2023\\\/04\\\/tener-mas-de-65-anos-o-ser-madre-en-periodo-de-lactancia-motivos-que-justifican-no-formar-parte-de-una-mesa-electoral\\\/#respond\"]}]},{\"@type\":[\"WebPage\",\"ItemPage\"],\"@id\":\"https:\\\/\\\/radiolitoral.com\\\/2023\\\/04\\\/tener-mas-de-65-anos-o-ser-madre-en-periodo-de-lactancia-motivos-que-justifican-no-formar-parte-de-una-mesa-electoral\\\/\",\"url\":\"https:\\\/\\\/radiolitoral.com\\\/2023\\\/04\\\/tener-mas-de-65-anos-o-ser-madre-en-periodo-de-lactancia-motivos-que-justifican-no-formar-parte-de-una-mesa-electoral\\\/\",\"name\":\"Tener m\u00e1s de 65 a\u00f1os o ser madre en periodo de lactancia, motivos que justifican no formar parte de una mesa electoral | R\u00e0dio Litoral\",\"isPartOf\":{\"@id\":\"https:\\\/\\\/radiolitoral.com\\\/#website\"},\"primaryImageOfPage\":{\"@id\":\"https:\\\/\\\/radiolitoral.com\\\/2023\\\/04\\\/tener-mas-de-65-anos-o-ser-madre-en-periodo-de-lactancia-motivos-que-justifican-no-formar-parte-de-una-mesa-electoral\\\/#primaryimage\"},\"image\":{\"@id\":\"https:\\\/\\\/radiolitoral.com\\\/2023\\\/04\\\/tener-mas-de-65-anos-o-ser-madre-en-periodo-de-lactancia-motivos-que-justifican-no-formar-parte-de-una-mesa-electoral\\\/#primaryimage\"},\"thumbnailUrl\":\"https:\\\/\\\/media.radiolitoral.com\\\/wp-content\\\/uploads\\\/2023\\\/04\\\/25155220\\\/23756452572_de1fbc5eff_k.jpg\",\"datePublished\":\"2023-04-25T13:52:28+00:00\",\"dateModified\":\"2023-04-25T13:55:18+00:00\",\"description\":\"Se hace por sorteo y no a todos les encaja con sus situaciones personales o profesionales Se hace por sorteo y no a todos les encaja con sus situaciones personales o profesionales\",\"breadcrumb\":{\"@id\":\"https:\\\/\\\/radiolitoral.com\\\/2023\\\/04\\\/tener-mas-de-65-anos-o-ser-madre-en-periodo-de-lactancia-motivos-que-justifican-no-formar-parte-de-una-mesa-electoral\\\/#breadcrumb\"},\"inLanguage\":\"ca\",\"potentialAction\":[{\"@type\":\"ReadAction\",\"target\":[\"https:\\\/\\\/radiolitoral.com\\\/2023\\\/04\\\/tener-mas-de-65-anos-o-ser-madre-en-periodo-de-lactancia-motivos-que-justifican-no-formar-parte-de-una-mesa-electoral\\\/\"]}]},{\"@type\":\"ImageObject\",\"inLanguage\":\"ca\",\"@id\":\"https:\\\/\\\/radiolitoral.com\\\/2023\\\/04\\\/tener-mas-de-65-anos-o-ser-madre-en-periodo-de-lactancia-motivos-que-justifican-no-formar-parte-de-una-mesa-electoral\\\/#primaryimage\",\"url\":\"https:\\\/\\\/media.radiolitoral.com\\\/wp-content\\\/uploads\\\/2023\\\/04\\\/25155220\\\/23756452572_de1fbc5eff_k.jpg\",\"contentUrl\":\"https:\\\/\\\/media.radiolitoral.com\\\/wp-content\\\/uploads\\\/2023\\\/04\\\/25155220\\\/23756452572_de1fbc5eff_k.jpg\",\"width\":1120,\"height\":640},{\"@type\":\"BreadcrumbList\",\"@id\":\"https:\\\/\\\/radiolitoral.com\\\/2023\\\/04\\\/tener-mas-de-65-anos-o-ser-madre-en-periodo-de-lactancia-motivos-que-justifican-no-formar-parte-de-una-mesa-electoral\\\/#breadcrumb\",\"itemListElement\":[{\"@type\":\"ListItem\",\"position\":1,\"name\":\"Portada\",\"item\":\"https:\\\/\\\/radiolitoral.com\\\/\"},{\"@type\":\"ListItem\",\"position\":2,\"name\":\"Tener m\u00e1s de 65 a\u00f1os o ser madre en periodo de lactancia, motivos que justifican no formar parte de una mesa electoral\"}]},{\"@type\":\"WebSite\",\"@id\":\"https:\\\/\\\/radiolitoral.com\\\/#website\",\"url\":\"https:\\\/\\\/radiolitoral.com\\\/\",\"name\":\"Radio Litoral\",\"description\":\"La radio local de la Marina Alta\",\"publisher\":{\"@id\":\"https:\\\/\\\/radiolitoral.com\\\/#organization\"},\"alternateName\":\"Litoral FM\",\"potentialAction\":[{\"@type\":\"SearchAction\",\"target\":{\"@type\":\"EntryPoint\",\"urlTemplate\":\"https:\\\/\\\/radiolitoral.com\\\/?s={search_term_string}\"},\"query-input\":{\"@type\":\"PropertyValueSpecification\",\"valueRequired\":true,\"valueName\":\"search_term_string\"}}],\"inLanguage\":\"ca\"},{\"@type\":\"Organization\",\"@id\":\"https:\\\/\\\/radiolitoral.com\\\/#organization\",\"name\":\"Radio Litoral\",\"url\":\"https:\\\/\\\/radiolitoral.com\\\/\",\"logo\":{\"@type\":\"ImageObject\",\"inLanguage\":\"ca\",\"@id\":\"https:\\\/\\\/radiolitoral.com\\\/#\\\/schema\\\/logo\\\/image\\\/\",\"url\":\"https:\\\/\\\/media.radiolitoral.com\\\/wp-content\\\/uploads\\\/2023\\\/02\\\/24143238\\\/CL-V-RadioLitoral696.png\",\"contentUrl\":\"https:\\\/\\\/media.radiolitoral.com\\\/wp-content\\\/uploads\\\/2023\\\/02\\\/24143238\\\/CL-V-RadioLitoral696.png\",\"width\":696,\"height\":696,\"caption\":\"Radio Litoral\"},\"image\":{\"@id\":\"https:\\\/\\\/radiolitoral.com\\\/#\\\/schema\\\/logo\\\/image\\\/\"},\"sameAs\":[\"https:\\\/\\\/www.facebook.com\\\/Laradiolitoral\\\/\"]},{\"@type\":\"Person\",\"@id\":\"https:\\\/\\\/radiolitoral.com\\\/#\\\/schema\\\/person\\\/f2b2343c49b5d721857cc1002bfdb151\",\"name\":\"Redacci\u00f3n\",\"image\":{\"@type\":\"ImageObject\",\"inLanguage\":\"ca\",\"@id\":\"https:\\\/\\\/secure.gravatar.com\\\/avatar\\\/f771d896c203ad8b3382d7905cfcce5a5c9b008b84b3cd9114e9b9f4cb63f789?s=96&d=mm&r=g\",\"url\":\"https:\\\/\\\/secure.gravatar.com\\\/avatar\\\/f771d896c203ad8b3382d7905cfcce5a5c9b008b84b3cd9114e9b9f4cb63f789?s=96&d=mm&r=g\",\"contentUrl\":\"https:\\\/\\\/secure.gravatar.com\\\/avatar\\\/f771d896c203ad8b3382d7905cfcce5a5c9b008b84b3cd9114e9b9f4cb63f789?s=96&d=mm&r=g\",\"caption\":\"Redacci\u00f3n\"},\"url\":\"https:\\\/\\\/radiolitoral.com\\\/ca\\\/author\\\/miriam-pagan\\\/\"}]}<\/script>\n<!-- \/ Yoast SEO plugin. -->","yoast_head_json":{"title":"Tenir m\u00e9s de 65 anys o ser mare en per\u00edode de lact\u00e0ncia, motius que justifiquen que no formen part d&#039;una mesa electoral | R\u00e0dio Litoral","description":"Es fa per sorteig i no a tots els encaixa amb situacions personals o professionals Es fa per sorteig i no a tots els encaixa amb situacions personals o professionals","robots":{"index":"index","follow":"follow","max-snippet":"max-snippet:-1","max-image-preview":"max-image-preview:large","max-video-preview":"max-video-preview:-1"},"canonical":"https:\/\/radiolitoral.com\/ca\/2023\/04\/tenir-mes-de-65-anys-o-ser-mare-en-periode-de-lactancia-motius-que-justifiquen-no-formar-part-duna-mesa-electoral\/","og_locale":"ca_ES","og_type":"article","og_title":"Tener m\u00e1s de 65 a\u00f1os o ser madre en periodo de lactancia, motivos que justifican no formar parte de una mesa electoral | R\u00e0dio Litoral","og_description":"Se hace por sorteo y no a todos les encaja con sus situaciones personales o profesionales Se hace por sorteo y no a todos les encaja con sus situaciones personales o profesionales","og_url":"https:\/\/radiolitoral.com\/ca\/2023\/04\/tenir-mes-de-65-anys-o-ser-mare-en-periode-de-lactancia-motius-que-justifiquen-no-formar-part-duna-mesa-electoral\/","og_site_name":"R\u00e0dio Litoral","article_publisher":"https:\/\/www.facebook.com\/Laradiolitoral\/","article_published_time":"2023-04-25T13:52:28+00:00","article_modified_time":"2023-04-25T13:55:18+00:00","og_image":[{"width":1120,"height":640,"url":"https:\/\/media.radiolitoral.com\/wp-content\/uploads\/2023\/04\/25155220\/23756452572_de1fbc5eff_k.jpg","type":"image\/jpeg"}],"author":"Redacci\u00f3n","twitter_card":"summary_large_image","twitter_misc":{"Escrit per":"Redacci\u00f3n","Temps estimat de lectura":"2 minuts"},"schema":{"@context":"https:\/\/schema.org","@graph":[{"@type":"NewsArticle","@id":"https:\/\/radiolitoral.com\/2023\/04\/tener-mas-de-65-anos-o-ser-madre-en-periodo-de-lactancia-motivos-que-justifican-no-formar-parte-de-una-mesa-electoral\/#article","isPartOf":{"@id":"https:\/\/radiolitoral.com\/2023\/04\/tener-mas-de-65-anos-o-ser-madre-en-periodo-de-lactancia-motivos-que-justifican-no-formar-parte-de-una-mesa-electoral\/"},"author":{"name":"Redacci\u00f3n","@id":"https:\/\/radiolitoral.com\/#\/schema\/person\/f2b2343c49b5d721857cc1002bfdb151"},"headline":"Tener m\u00e1s de 65 a\u00f1os o ser madre en periodo de lactancia, motivos que justifican no formar parte de una mesa electoral","datePublished":"2023-04-25T13:52:28+00:00","dateModified":"2023-04-25T13:55:18+00:00","mainEntityOfPage":{"@id":"https:\/\/radiolitoral.com\/2023\/04\/tener-mas-de-65-anos-o-ser-madre-en-periodo-de-lactancia-motivos-que-justifican-no-formar-parte-de-una-mesa-electoral\/"},"wordCount":315,"commentCount":0,"publisher":{"@id":"https:\/\/radiolitoral.com\/#organization"},"image":{"@id":"https:\/\/radiolitoral.com\/2023\/04\/tener-mas-de-65-anos-o-ser-madre-en-periodo-de-lactancia-motivos-que-justifican-no-formar-parte-de-una-mesa-electoral\/#primaryimage"},"thumbnailUrl":"https:\/\/media.radiolitoral.com\/wp-content\/uploads\/2023\/04\/25155220\/23756452572_de1fbc5eff_k.jpg","keywords":["elecciones 2023","mesas electorales","motivos no acudir mesa electoral","sorteo mesas electorales"],"articleSection":["Pol\u00edtica"],"inLanguage":"ca","potentialAction":[{"@type":"CommentAction","name":"Comment","target":["https:\/\/radiolitoral.com\/2023\/04\/tener-mas-de-65-anos-o-ser-madre-en-periodo-de-lactancia-motivos-que-justifican-no-formar-parte-de-una-mesa-electoral\/#respond"]}]},{"@type":["WebPage","ItemPage"],"@id":"https:\/\/radiolitoral.com\/2023\/04\/tener-mas-de-65-anos-o-ser-madre-en-periodo-de-lactancia-motivos-que-justifican-no-formar-parte-de-una-mesa-electoral\/","url":"https:\/\/radiolitoral.com\/2023\/04\/tener-mas-de-65-anos-o-ser-madre-en-periodo-de-lactancia-motivos-que-justifican-no-formar-parte-de-una-mesa-electoral\/","name":"Tenir m\u00e9s de 65 anys o ser mare en per\u00edode de lact\u00e0ncia, motius que justifiquen que no formen part d&#039;una mesa electoral | R\u00e0dio Litoral","isPartOf":{"@id":"https:\/\/radiolitoral.com\/#website"},"primaryImageOfPage":{"@id":"https:\/\/radiolitoral.com\/2023\/04\/tener-mas-de-65-anos-o-ser-madre-en-periodo-de-lactancia-motivos-que-justifican-no-formar-parte-de-una-mesa-electoral\/#primaryimage"},"image":{"@id":"https:\/\/radiolitoral.com\/2023\/04\/tener-mas-de-65-anos-o-ser-madre-en-periodo-de-lactancia-motivos-que-justifican-no-formar-parte-de-una-mesa-electoral\/#primaryimage"},"thumbnailUrl":"https:\/\/media.radiolitoral.com\/wp-content\/uploads\/2023\/04\/25155220\/23756452572_de1fbc5eff_k.jpg","datePublished":"2023-04-25T13:52:28+00:00","dateModified":"2023-04-25T13:55:18+00:00","description":"Es fa per sorteig i no a tots els encaixa amb situacions personals o professionals Es fa per sorteig i no a tots els encaixa amb situacions personals o professionals","breadcrumb":{"@id":"https:\/\/radiolitoral.com\/2023\/04\/tener-mas-de-65-anos-o-ser-madre-en-periodo-de-lactancia-motivos-que-justifican-no-formar-parte-de-una-mesa-electoral\/#breadcrumb"},"inLanguage":"ca","potentialAction":[{"@type":"ReadAction","target":["https:\/\/radiolitoral.com\/2023\/04\/tener-mas-de-65-anos-o-ser-madre-en-periodo-de-lactancia-motivos-que-justifican-no-formar-parte-de-una-mesa-electoral\/"]}]},{"@type":"ImageObject","inLanguage":"ca","@id":"https:\/\/radiolitoral.com\/2023\/04\/tener-mas-de-65-anos-o-ser-madre-en-periodo-de-lactancia-motivos-que-justifican-no-formar-parte-de-una-mesa-electoral\/#primaryimage","url":"https:\/\/media.radiolitoral.com\/wp-content\/uploads\/2023\/04\/25155220\/23756452572_de1fbc5eff_k.jpg","contentUrl":"https:\/\/media.radiolitoral.com\/wp-content\/uploads\/2023\/04\/25155220\/23756452572_de1fbc5eff_k.jpg","width":1120,"height":640},{"@type":"BreadcrumbList","@id":"https:\/\/radiolitoral.com\/2023\/04\/tener-mas-de-65-anos-o-ser-madre-en-periodo-de-lactancia-motivos-que-justifican-no-formar-parte-de-una-mesa-electoral\/#breadcrumb","itemListElement":[{"@type":"ListItem","position":1,"name":"Portada","item":"https:\/\/radiolitoral.com\/"},{"@type":"ListItem","position":2,"name":"Tener m\u00e1s de 65 a\u00f1os o ser madre en periodo de lactancia, motivos que justifican no formar parte de una mesa electoral"}]},{"@type":"WebSite","@id":"https:\/\/radiolitoral.com\/#website","url":"https:\/\/radiolitoral.com\/","name":"R\u00e0dio Litoral","description":"La r\u00e0dio local de la Marina Alta","publisher":{"@id":"https:\/\/radiolitoral.com\/#organization"},"alternateName":"Litoral FM","potentialAction":[{"@type":"SearchAction","target":{"@type":"EntryPoint","urlTemplate":"https:\/\/radiolitoral.com\/?s={search_term_string}"},"query-input":{"@type":"PropertyValueSpecification","valueRequired":true,"valueName":"search_term_string"}}],"inLanguage":"ca"},{"@type":"Organization","@id":"https:\/\/radiolitoral.com\/#organization","name":"R\u00e0dio Litoral","url":"https:\/\/radiolitoral.com\/","logo":{"@type":"ImageObject","inLanguage":"ca","@id":"https:\/\/radiolitoral.com\/#\/schema\/logo\/image\/","url":"https:\/\/media.radiolitoral.com\/wp-content\/uploads\/2023\/02\/24143238\/CL-V-RadioLitoral696.png","contentUrl":"https:\/\/media.radiolitoral.com\/wp-content\/uploads\/2023\/02\/24143238\/CL-V-RadioLitoral696.png","width":696,"height":696,"caption":"Radio Litoral"},"image":{"@id":"https:\/\/radiolitoral.com\/#\/schema\/logo\/image\/"},"sameAs":["https:\/\/www.facebook.com\/Laradiolitoral\/"]},{"@type":"Person","@id":"https:\/\/radiolitoral.com\/#\/schema\/person\/f2b2343c49b5d721857cc1002bfdb151","name":"Redacci\u00f3","image":{"@type":"ImageObject","inLanguage":"ca","@id":"https:\/\/secure.gravatar.com\/avatar\/f771d896c203ad8b3382d7905cfcce5a5c9b008b84b3cd9114e9b9f4cb63f789?s=96&d=mm&r=g","url":"https:\/\/secure.gravatar.com\/avatar\/f771d896c203ad8b3382d7905cfcce5a5c9b008b84b3cd9114e9b9f4cb63f789?s=96&d=mm&r=g","contentUrl":"https:\/\/secure.gravatar.com\/avatar\/f771d896c203ad8b3382d7905cfcce5a5c9b008b84b3cd9114e9b9f4cb63f789?s=96&d=mm&r=g","caption":"Redacci\u00f3n"},"url":"https:\/\/radiolitoral.com\/ca\/author\/miriam-pagan\/"}]}},"_links":{"self":[{"href":"https:\/\/radiolitoral.com\/ca\/wp-json\/wp\/v2\/posts\/2479","targetHints":{"allow":["GET"]}}],"collection":[{"href":"https:\/\/radiolitoral.com\/ca\/wp-json\/wp\/v2\/posts"}],"about":[{"href":"https:\/\/radiolitoral.com\/ca\/wp-json\/wp\/v2\/types\/post"}],"author":[{"embeddable":true,"href":"https:\/\/radiolitoral.com\/ca\/wp-json\/wp\/v2\/users\/13"}],"replies":[{"embeddable":true,"href":"https:\/\/radiolitoral.com\/ca\/wp-json\/wp\/v2\/comments?post=2479"}],"version-history":[{"count":1,"href":"https:\/\/radiolitoral.com\/ca\/wp-json\/wp\/v2\/posts\/2479\/revisions"}],"predecessor-version":[{"id":2481,"href":"https:\/\/radiolitoral.com\/ca\/wp-json\/wp\/v2\/posts\/2479\/revisions\/2481"}],"wp:featuredmedia":[{"embeddable":true,"href":"https:\/\/radiolitoral.com\/ca\/wp-json\/wp\/v2\/media\/2480"}],"wp:attachment":[{"href":"https:\/\/radiolitoral.com\/ca\/wp-json\/wp\/v2\/media?parent=2479"}],"wp:term":[{"taxonomy":"category","embeddable":true,"href":"https:\/\/radiolitoral.com\/ca\/wp-json\/wp\/v2\/categories?post=2479"},{"taxonomy":"post_tag","embeddable":true,"href":"https:\/\/radiolitoral.com\/ca\/wp-json\/wp\/v2\/tags?post=2479"}],"curies":[{"name":"wp","href":"https:\/\/api.w.org\/{rel}","templated":true}]}}