{"id":2448,"date":"2023-04-21T16:05:39","date_gmt":"2023-04-21T14:05:39","guid":{"rendered":"https:\/\/radiolitoral.com\/?p=2448"},"modified":"2023-04-21T16:10:19","modified_gmt":"2023-04-21T14:10:19","slug":"cuidadans-calp-inicia-gestions-per-coneixer-si-hi-ha-expedient-administratiu-de-la-possible-sortida-dautopista-a-la-ciutat","status":"publish","type":"post","link":"https:\/\/radiolitoral.com\/ca\/2023\/04\/cuidadanos-calp-inicia-gestiones-para-conocer-si-existe-expediente-administrativo-de-la-posible-salida-de-autopista-en-la-ciudad\/","title":{"rendered":"Cuidadanos Calp inicia gestions per con\u00e8ixer si hi ha expedient de la sortida d&#039;AP-7 per a la ciutat"},"content":{"rendered":"<p><strong>Ciutadans Calp ha sol\u00b7licitat informaci\u00f3 sobre el projecte per connectar l&#039;AP-7 amb la ciutat del Penyal<\/strong>. Com recorda el <strong>n\u00famero 1 de la candidatura, Eduardo Garijo<\/strong>, aquesta \u00e9s una <strong>infraestructura vital per a Calp<\/strong>, compromesa amb la ciutadania el juliol de 2022 per la Delegada del Govern a la CV sense que se s\u00e0piga que ha passat amb aquest projecte.<\/p>\n<p>Garijo, ha informat del registre d&#039;una iniciativa adre\u00e7ada al Govern d&#039;Espanya a trav\u00e9s del diputat per Alacant dels liberals, Juan Ignacio L\u00f3pez-Bas, per a <strong>con\u00e8ixer si hi ha un expedient administratiu al Ministeri<\/strong> de Transports, Mobilitat i Agenda Urbana relativa a la connexi\u00f3 vi\u00e0ria entre l&#039;AP-7 i el nucli urb\u00e0 del municipi, remarcant que aquesta \u00e9s una reivindicaci\u00f3 hist\u00f2rica de Calp per facilitar-ne l&#039;acc\u00e9s i millorar la seguretat vi\u00e0ria.<\/p>\n<audio class=\"wp-audio-shortcode\" id=\"audio-2448-1\" preload=\"none\" style=\"width: 100%;\" controls=\"controls\"><source type=\"audio\/mpeg\" src=\"https:\/\/media.radiolitoral.com\/wp-content\/uploads\/2023\/04\/21155437\/Eduardo-Garijo-1.mp3?_=1\" \/><a href=\"https:\/\/media.radiolitoral.com\/wp-content\/uploads\/2023\/04\/21155437\/Eduardo-Garijo-1.mp3\">https:\/\/media.radiolitoral.com\/wp-content\/uploads\/2023\/04\/21155437\/Eduardo-Garijo-1.mp3<\/a><\/audio>\n<p>&nbsp;<\/p>","protected":false},"excerpt":{"rendered":"<p>Ciudadanos Calp ha solicitado informaci\u00f3n sobre el proyecto para conectar la AP-7 con la ciudad del Pe\u00f1\u00f3n. Como recuerda el n\u00famero 1 de la candidatura, Eduardo Garijo, esta es una infraestructura vital para Calp, comprometida con la ciudadan\u00eda en julio de 2022 por la Delegada del Gobierno en la CV sin que se sepa que [&#8230;]<\/p>\n<p><a class=\"btn btn-secondary understrap-read-more-link\" href=\"https:\/\/radiolitoral.com\/ca\/2023\/04\/cuidadanos-calp-inicia-gestiones-para-conocer-si-existe-expediente-administrativo-de-la-posible-salida-de-autopista-en-la-ciudad\/\">Continua llegint&#8230;<span class=\"screen-reader-text\"> from Cuidadanos Calp inicia gestiones para conocer si existe expediente de la salida de AP-7 para la ciudad<\/span><\/a><\/p>\n","protected":false},"author":13,"featured_media":2451,"comment_status":"open","ping_status":"closed","sticky":false,"template":"","format":"standard","meta":{"_acf_changed":false,"inline_featured_image":false,"footnotes":""},"categories":[13],"tags":[585,584,161],"class_list":["post-2448","post","type-post","status-publish","format-standard","has-post-thumbnail","hentry","category-politica","tag-ap7","tag-autopista-calp","tag-elecciones-2023","cobertura-calp"],"acf":[],"yoast_head":"<!-- This site is optimized with the Yoast SEO plugin v27.5 - https:\/\/yoast.com\/product\/yoast-seo-wordpress\/ -->\n<title>Cuidadanos Calp inicia gestiones para conocer si existe expediente de la salida de AP-7 para la ciudad | R\u00e0dio Litoral<\/title>\n<meta name=\"description\" content=\"Una reivindicaci\u00f3n hist\u00f3rica de Calp para facilitar el acceso y mejorar la seguridad vial Una reivindicaci\u00f3n hist\u00f3rica de Calp para facilitar el acceso y mejorar la seguridad vial\" \/>\n<meta name=\"robots\" content=\"index, follow, max-snippet:-1, max-image-preview:large, max-video-preview:-1\" \/>\n<link rel=\"canonical\" href=\"https:\/\/radiolitoral.com\/ca\/2023\/04\/cuidadans-calp-inicia-gestions-per-coneixer-si-hi-ha-expedient-administratiu-de-la-possible-sortida-dautopista-a-la-ciutat\/\" \/>\n<meta property=\"og:locale\" content=\"ca_ES\" \/>\n<meta property=\"og:type\" content=\"article\" \/>\n<meta property=\"og:title\" content=\"Cuidadanos Calp inicia gestiones para conocer si existe expediente de la salida de AP-7 para la ciudad | R\u00e0dio Litoral\" \/>\n<meta property=\"og:description\" content=\"Una reivindicaci\u00f3n hist\u00f3rica de Calp para facilitar el acceso y mejorar la seguridad vial Una reivindicaci\u00f3n hist\u00f3rica de Calp para facilitar el acceso y mejorar la seguridad vial\" \/>\n<meta property=\"og:url\" content=\"https:\/\/radiolitoral.com\/ca\/2023\/04\/cuidadans-calp-inicia-gestions-per-coneixer-si-hi-ha-expedient-administratiu-de-la-possible-sortida-dautopista-a-la-ciutat\/\" \/>\n<meta property=\"og:site_name\" content=\"R\u00e0dio Litoral\" \/>\n<meta property=\"article:publisher\" content=\"https:\/\/www.facebook.com\/Laradiolitoral\/\" \/>\n<meta property=\"article:published_time\" content=\"2023-04-21T14:05:39+00:00\" \/>\n<meta property=\"article:modified_time\" content=\"2023-04-21T14:10:19+00:00\" \/>\n<meta property=\"og:image\" content=\"https:\/\/media.radiolitoral.com\/wp-content\/uploads\/2023\/04\/21160533\/a7.webp\" \/>\n\t<meta property=\"og:image:width\" content=\"1280\" \/>\n\t<meta property=\"og:image:height\" content=\"852\" \/>\n\t<meta property=\"og:image:type\" content=\"image\/webp\" \/>\n<meta name=\"author\" content=\"Redacci\u00f3n\" \/>\n<meta name=\"twitter:card\" content=\"summary_large_image\" \/>\n<meta name=\"twitter:label1\" content=\"Escrit per\" \/>\n\t<meta name=\"twitter:data1\" content=\"Redacci\u00f3n\" \/>\n\t<meta name=\"twitter:label2\" content=\"Temps estimat de lectura\" \/>\n\t<meta name=\"twitter:data2\" content=\"1 minut\" \/>\n<script type=\"application\/ld+json\" class=\"yoast-schema-graph\">{\"@context\":\"https:\\\/\\\/schema.org\",\"@graph\":[{\"@type\":\"NewsArticle\",\"@id\":\"https:\\\/\\\/radiolitoral.com\\\/2023\\\/04\\\/cuidadanos-calp-inicia-gestiones-para-conocer-si-existe-expediente-administrativo-de-la-posible-salida-de-autopista-en-la-ciudad\\\/#article\",\"isPartOf\":{\"@id\":\"https:\\\/\\\/radiolitoral.com\\\/2023\\\/04\\\/cuidadanos-calp-inicia-gestiones-para-conocer-si-existe-expediente-administrativo-de-la-posible-salida-de-autopista-en-la-ciudad\\\/\"},\"author\":{\"name\":\"Redacci\u00f3n\",\"@id\":\"https:\\\/\\\/radiolitoral.com\\\/#\\\/schema\\\/person\\\/f2b2343c49b5d721857cc1002bfdb151\"},\"headline\":\"Cuidadanos Calp inicia gestiones para conocer si existe expediente de la salida de AP-7 para la ciudad\",\"datePublished\":\"2023-04-21T14:05:39+00:00\",\"dateModified\":\"2023-04-21T14:10:19+00:00\",\"mainEntityOfPage\":{\"@id\":\"https:\\\/\\\/radiolitoral.com\\\/2023\\\/04\\\/cuidadanos-calp-inicia-gestiones-para-conocer-si-existe-expediente-administrativo-de-la-posible-salida-de-autopista-en-la-ciudad\\\/\"},\"wordCount\":169,\"commentCount\":0,\"publisher\":{\"@id\":\"https:\\\/\\\/radiolitoral.com\\\/#organization\"},\"image\":{\"@id\":\"https:\\\/\\\/radiolitoral.com\\\/2023\\\/04\\\/cuidadanos-calp-inicia-gestiones-para-conocer-si-existe-expediente-administrativo-de-la-posible-salida-de-autopista-en-la-ciudad\\\/#primaryimage\"},\"thumbnailUrl\":\"https:\\\/\\\/media.radiolitoral.com\\\/wp-content\\\/uploads\\\/2023\\\/04\\\/21160533\\\/a7.webp\",\"keywords\":[\"AP7\",\"autopista Calp\",\"elecciones 2023\"],\"articleSection\":[\"Pol\u00edtica\"],\"inLanguage\":\"ca\",\"potentialAction\":[{\"@type\":\"CommentAction\",\"name\":\"Comment\",\"target\":[\"https:\\\/\\\/radiolitoral.com\\\/2023\\\/04\\\/cuidadanos-calp-inicia-gestiones-para-conocer-si-existe-expediente-administrativo-de-la-posible-salida-de-autopista-en-la-ciudad\\\/#respond\"]}]},{\"@type\":[\"WebPage\",\"ItemPage\"],\"@id\":\"https:\\\/\\\/radiolitoral.com\\\/2023\\\/04\\\/cuidadanos-calp-inicia-gestiones-para-conocer-si-existe-expediente-administrativo-de-la-posible-salida-de-autopista-en-la-ciudad\\\/\",\"url\":\"https:\\\/\\\/radiolitoral.com\\\/2023\\\/04\\\/cuidadanos-calp-inicia-gestiones-para-conocer-si-existe-expediente-administrativo-de-la-posible-salida-de-autopista-en-la-ciudad\\\/\",\"name\":\"Cuidadanos Calp inicia gestiones para conocer si existe expediente de la salida de AP-7 para la ciudad | R\u00e0dio Litoral\",\"isPartOf\":{\"@id\":\"https:\\\/\\\/radiolitoral.com\\\/#website\"},\"primaryImageOfPage\":{\"@id\":\"https:\\\/\\\/radiolitoral.com\\\/2023\\\/04\\\/cuidadanos-calp-inicia-gestiones-para-conocer-si-existe-expediente-administrativo-de-la-posible-salida-de-autopista-en-la-ciudad\\\/#primaryimage\"},\"image\":{\"@id\":\"https:\\\/\\\/radiolitoral.com\\\/2023\\\/04\\\/cuidadanos-calp-inicia-gestiones-para-conocer-si-existe-expediente-administrativo-de-la-posible-salida-de-autopista-en-la-ciudad\\\/#primaryimage\"},\"thumbnailUrl\":\"https:\\\/\\\/media.radiolitoral.com\\\/wp-content\\\/uploads\\\/2023\\\/04\\\/21160533\\\/a7.webp\",\"datePublished\":\"2023-04-21T14:05:39+00:00\",\"dateModified\":\"2023-04-21T14:10:19+00:00\",\"description\":\"Una reivindicaci\u00f3n hist\u00f3rica de Calp para facilitar el acceso y mejorar la seguridad vial Una reivindicaci\u00f3n hist\u00f3rica de Calp para facilitar el acceso y mejorar la seguridad vial\",\"breadcrumb\":{\"@id\":\"https:\\\/\\\/radiolitoral.com\\\/2023\\\/04\\\/cuidadanos-calp-inicia-gestiones-para-conocer-si-existe-expediente-administrativo-de-la-posible-salida-de-autopista-en-la-ciudad\\\/#breadcrumb\"},\"inLanguage\":\"ca\",\"potentialAction\":[{\"@type\":\"ReadAction\",\"target\":[\"https:\\\/\\\/radiolitoral.com\\\/2023\\\/04\\\/cuidadanos-calp-inicia-gestiones-para-conocer-si-existe-expediente-administrativo-de-la-posible-salida-de-autopista-en-la-ciudad\\\/\"]}]},{\"@type\":\"ImageObject\",\"inLanguage\":\"ca\",\"@id\":\"https:\\\/\\\/radiolitoral.com\\\/2023\\\/04\\\/cuidadanos-calp-inicia-gestiones-para-conocer-si-existe-expediente-administrativo-de-la-posible-salida-de-autopista-en-la-ciudad\\\/#primaryimage\",\"url\":\"https:\\\/\\\/media.radiolitoral.com\\\/wp-content\\\/uploads\\\/2023\\\/04\\\/21160533\\\/a7.webp\",\"contentUrl\":\"https:\\\/\\\/media.radiolitoral.com\\\/wp-content\\\/uploads\\\/2023\\\/04\\\/21160533\\\/a7.webp\",\"width\":1280,\"height\":852},{\"@type\":\"BreadcrumbList\",\"@id\":\"https:\\\/\\\/radiolitoral.com\\\/2023\\\/04\\\/cuidadanos-calp-inicia-gestiones-para-conocer-si-existe-expediente-administrativo-de-la-posible-salida-de-autopista-en-la-ciudad\\\/#breadcrumb\",\"itemListElement\":[{\"@type\":\"ListItem\",\"position\":1,\"name\":\"Portada\",\"item\":\"https:\\\/\\\/radiolitoral.com\\\/\"},{\"@type\":\"ListItem\",\"position\":2,\"name\":\"Cuidadanos Calp inicia gestiones para conocer si existe expediente de la salida de AP-7 para la ciudad\"}]},{\"@type\":\"WebSite\",\"@id\":\"https:\\\/\\\/radiolitoral.com\\\/#website\",\"url\":\"https:\\\/\\\/radiolitoral.com\\\/\",\"name\":\"Radio Litoral\",\"description\":\"La radio local de la Marina Alta\",\"publisher\":{\"@id\":\"https:\\\/\\\/radiolitoral.com\\\/#organization\"},\"alternateName\":\"Litoral FM\",\"potentialAction\":[{\"@type\":\"SearchAction\",\"target\":{\"@type\":\"EntryPoint\",\"urlTemplate\":\"https:\\\/\\\/radiolitoral.com\\\/?s={search_term_string}\"},\"query-input\":{\"@type\":\"PropertyValueSpecification\",\"valueRequired\":true,\"valueName\":\"search_term_string\"}}],\"inLanguage\":\"ca\"},{\"@type\":\"Organization\",\"@id\":\"https:\\\/\\\/radiolitoral.com\\\/#organization\",\"name\":\"Radio Litoral\",\"url\":\"https:\\\/\\\/radiolitoral.com\\\/\",\"logo\":{\"@type\":\"ImageObject\",\"inLanguage\":\"ca\",\"@id\":\"https:\\\/\\\/radiolitoral.com\\\/#\\\/schema\\\/logo\\\/image\\\/\",\"url\":\"https:\\\/\\\/media.radiolitoral.com\\\/wp-content\\\/uploads\\\/2023\\\/02\\\/24143238\\\/CL-V-RadioLitoral696.png\",\"contentUrl\":\"https:\\\/\\\/media.radiolitoral.com\\\/wp-content\\\/uploads\\\/2023\\\/02\\\/24143238\\\/CL-V-RadioLitoral696.png\",\"width\":696,\"height\":696,\"caption\":\"Radio Litoral\"},\"image\":{\"@id\":\"https:\\\/\\\/radiolitoral.com\\\/#\\\/schema\\\/logo\\\/image\\\/\"},\"sameAs\":[\"https:\\\/\\\/www.facebook.com\\\/Laradiolitoral\\\/\"]},{\"@type\":\"Person\",\"@id\":\"https:\\\/\\\/radiolitoral.com\\\/#\\\/schema\\\/person\\\/f2b2343c49b5d721857cc1002bfdb151\",\"name\":\"Redacci\u00f3n\",\"image\":{\"@type\":\"ImageObject\",\"inLanguage\":\"ca\",\"@id\":\"https:\\\/\\\/secure.gravatar.com\\\/avatar\\\/f771d896c203ad8b3382d7905cfcce5a5c9b008b84b3cd9114e9b9f4cb63f789?s=96&d=mm&r=g\",\"url\":\"https:\\\/\\\/secure.gravatar.com\\\/avatar\\\/f771d896c203ad8b3382d7905cfcce5a5c9b008b84b3cd9114e9b9f4cb63f789?s=96&d=mm&r=g\",\"contentUrl\":\"https:\\\/\\\/secure.gravatar.com\\\/avatar\\\/f771d896c203ad8b3382d7905cfcce5a5c9b008b84b3cd9114e9b9f4cb63f789?s=96&d=mm&r=g\",\"caption\":\"Redacci\u00f3n\"},\"url\":\"https:\\\/\\\/radiolitoral.com\\\/ca\\\/author\\\/miriam-pagan\\\/\"}]}<\/script>\n<!-- \/ Yoast SEO plugin. -->","yoast_head_json":{"title":"Cuidadanos Calp inicia gestions per con\u00e8ixer si hi ha expedient de la sortida d&#039;AP-7 per a la ciutat | R\u00e0dio Litoral","description":"Una reivindicaci\u00f3 hist\u00f2rica de Calp per facilitar-ne l&#039;acc\u00e9s i millorar la seguretat vi\u00e0ria Una reivindicaci\u00f3 hist\u00f2rica de Calp per facilitar-ne l&#039;acc\u00e9s i millorar la seguretat vi\u00e0ria","robots":{"index":"index","follow":"follow","max-snippet":"max-snippet:-1","max-image-preview":"max-image-preview:large","max-video-preview":"max-video-preview:-1"},"canonical":"https:\/\/radiolitoral.com\/ca\/2023\/04\/cuidadans-calp-inicia-gestions-per-coneixer-si-hi-ha-expedient-administratiu-de-la-possible-sortida-dautopista-a-la-ciutat\/","og_locale":"ca_ES","og_type":"article","og_title":"Cuidadanos Calp inicia gestiones para conocer si existe expediente de la salida de AP-7 para la ciudad | R\u00e0dio Litoral","og_description":"Una reivindicaci\u00f3n hist\u00f3rica de Calp para facilitar el acceso y mejorar la seguridad vial Una reivindicaci\u00f3n hist\u00f3rica de Calp para facilitar el acceso y mejorar la seguridad vial","og_url":"https:\/\/radiolitoral.com\/ca\/2023\/04\/cuidadans-calp-inicia-gestions-per-coneixer-si-hi-ha-expedient-administratiu-de-la-possible-sortida-dautopista-a-la-ciutat\/","og_site_name":"R\u00e0dio Litoral","article_publisher":"https:\/\/www.facebook.com\/Laradiolitoral\/","article_published_time":"2023-04-21T14:05:39+00:00","article_modified_time":"2023-04-21T14:10:19+00:00","og_image":[{"width":1280,"height":852,"url":"https:\/\/media.radiolitoral.com\/wp-content\/uploads\/2023\/04\/21160533\/a7.webp","type":"image\/webp"}],"author":"Redacci\u00f3n","twitter_card":"summary_large_image","twitter_misc":{"Escrit per":"Redacci\u00f3n","Temps estimat de lectura":"1 minut"},"schema":{"@context":"https:\/\/schema.org","@graph":[{"@type":"NewsArticle","@id":"https:\/\/radiolitoral.com\/2023\/04\/cuidadanos-calp-inicia-gestiones-para-conocer-si-existe-expediente-administrativo-de-la-posible-salida-de-autopista-en-la-ciudad\/#article","isPartOf":{"@id":"https:\/\/radiolitoral.com\/2023\/04\/cuidadanos-calp-inicia-gestiones-para-conocer-si-existe-expediente-administrativo-de-la-posible-salida-de-autopista-en-la-ciudad\/"},"author":{"name":"Redacci\u00f3n","@id":"https:\/\/radiolitoral.com\/#\/schema\/person\/f2b2343c49b5d721857cc1002bfdb151"},"headline":"Cuidadanos Calp inicia gestiones para conocer si existe expediente de la salida de AP-7 para la ciudad","datePublished":"2023-04-21T14:05:39+00:00","dateModified":"2023-04-21T14:10:19+00:00","mainEntityOfPage":{"@id":"https:\/\/radiolitoral.com\/2023\/04\/cuidadanos-calp-inicia-gestiones-para-conocer-si-existe-expediente-administrativo-de-la-posible-salida-de-autopista-en-la-ciudad\/"},"wordCount":169,"commentCount":0,"publisher":{"@id":"https:\/\/radiolitoral.com\/#organization"},"image":{"@id":"https:\/\/radiolitoral.com\/2023\/04\/cuidadanos-calp-inicia-gestiones-para-conocer-si-existe-expediente-administrativo-de-la-posible-salida-de-autopista-en-la-ciudad\/#primaryimage"},"thumbnailUrl":"https:\/\/media.radiolitoral.com\/wp-content\/uploads\/2023\/04\/21160533\/a7.webp","keywords":["AP7","autopista Calp","elecciones 2023"],"articleSection":["Pol\u00edtica"],"inLanguage":"ca","potentialAction":[{"@type":"CommentAction","name":"Comment","target":["https:\/\/radiolitoral.com\/2023\/04\/cuidadanos-calp-inicia-gestiones-para-conocer-si-existe-expediente-administrativo-de-la-posible-salida-de-autopista-en-la-ciudad\/#respond"]}]},{"@type":["WebPage","ItemPage"],"@id":"https:\/\/radiolitoral.com\/2023\/04\/cuidadanos-calp-inicia-gestiones-para-conocer-si-existe-expediente-administrativo-de-la-posible-salida-de-autopista-en-la-ciudad\/","url":"https:\/\/radiolitoral.com\/2023\/04\/cuidadanos-calp-inicia-gestiones-para-conocer-si-existe-expediente-administrativo-de-la-posible-salida-de-autopista-en-la-ciudad\/","name":"Cuidadanos Calp inicia gestions per con\u00e8ixer si hi ha expedient de la sortida d&#039;AP-7 per a la ciutat | R\u00e0dio Litoral","isPartOf":{"@id":"https:\/\/radiolitoral.com\/#website"},"primaryImageOfPage":{"@id":"https:\/\/radiolitoral.com\/2023\/04\/cuidadanos-calp-inicia-gestiones-para-conocer-si-existe-expediente-administrativo-de-la-posible-salida-de-autopista-en-la-ciudad\/#primaryimage"},"image":{"@id":"https:\/\/radiolitoral.com\/2023\/04\/cuidadanos-calp-inicia-gestiones-para-conocer-si-existe-expediente-administrativo-de-la-posible-salida-de-autopista-en-la-ciudad\/#primaryimage"},"thumbnailUrl":"https:\/\/media.radiolitoral.com\/wp-content\/uploads\/2023\/04\/21160533\/a7.webp","datePublished":"2023-04-21T14:05:39+00:00","dateModified":"2023-04-21T14:10:19+00:00","description":"Una reivindicaci\u00f3 hist\u00f2rica de Calp per facilitar-ne l&#039;acc\u00e9s i millorar la seguretat vi\u00e0ria Una reivindicaci\u00f3 hist\u00f2rica de Calp per facilitar-ne l&#039;acc\u00e9s i millorar la seguretat vi\u00e0ria","breadcrumb":{"@id":"https:\/\/radiolitoral.com\/2023\/04\/cuidadanos-calp-inicia-gestiones-para-conocer-si-existe-expediente-administrativo-de-la-posible-salida-de-autopista-en-la-ciudad\/#breadcrumb"},"inLanguage":"ca","potentialAction":[{"@type":"ReadAction","target":["https:\/\/radiolitoral.com\/2023\/04\/cuidadanos-calp-inicia-gestiones-para-conocer-si-existe-expediente-administrativo-de-la-posible-salida-de-autopista-en-la-ciudad\/"]}]},{"@type":"ImageObject","inLanguage":"ca","@id":"https:\/\/radiolitoral.com\/2023\/04\/cuidadanos-calp-inicia-gestiones-para-conocer-si-existe-expediente-administrativo-de-la-posible-salida-de-autopista-en-la-ciudad\/#primaryimage","url":"https:\/\/media.radiolitoral.com\/wp-content\/uploads\/2023\/04\/21160533\/a7.webp","contentUrl":"https:\/\/media.radiolitoral.com\/wp-content\/uploads\/2023\/04\/21160533\/a7.webp","width":1280,"height":852},{"@type":"BreadcrumbList","@id":"https:\/\/radiolitoral.com\/2023\/04\/cuidadanos-calp-inicia-gestiones-para-conocer-si-existe-expediente-administrativo-de-la-posible-salida-de-autopista-en-la-ciudad\/#breadcrumb","itemListElement":[{"@type":"ListItem","position":1,"name":"Portada","item":"https:\/\/radiolitoral.com\/"},{"@type":"ListItem","position":2,"name":"Cuidadanos Calp inicia gestiones para conocer si existe expediente de la salida de AP-7 para la ciudad"}]},{"@type":"WebSite","@id":"https:\/\/radiolitoral.com\/#website","url":"https:\/\/radiolitoral.com\/","name":"R\u00e0dio Litoral","description":"La r\u00e0dio local de la Marina Alta","publisher":{"@id":"https:\/\/radiolitoral.com\/#organization"},"alternateName":"Litoral FM","potentialAction":[{"@type":"SearchAction","target":{"@type":"EntryPoint","urlTemplate":"https:\/\/radiolitoral.com\/?s={search_term_string}"},"query-input":{"@type":"PropertyValueSpecification","valueRequired":true,"valueName":"search_term_string"}}],"inLanguage":"ca"},{"@type":"Organization","@id":"https:\/\/radiolitoral.com\/#organization","name":"R\u00e0dio Litoral","url":"https:\/\/radiolitoral.com\/","logo":{"@type":"ImageObject","inLanguage":"ca","@id":"https:\/\/radiolitoral.com\/#\/schema\/logo\/image\/","url":"https:\/\/media.radiolitoral.com\/wp-content\/uploads\/2023\/02\/24143238\/CL-V-RadioLitoral696.png","contentUrl":"https:\/\/media.radiolitoral.com\/wp-content\/uploads\/2023\/02\/24143238\/CL-V-RadioLitoral696.png","width":696,"height":696,"caption":"Radio Litoral"},"image":{"@id":"https:\/\/radiolitoral.com\/#\/schema\/logo\/image\/"},"sameAs":["https:\/\/www.facebook.com\/Laradiolitoral\/"]},{"@type":"Person","@id":"https:\/\/radiolitoral.com\/#\/schema\/person\/f2b2343c49b5d721857cc1002bfdb151","name":"Redacci\u00f3","image":{"@type":"ImageObject","inLanguage":"ca","@id":"https:\/\/secure.gravatar.com\/avatar\/f771d896c203ad8b3382d7905cfcce5a5c9b008b84b3cd9114e9b9f4cb63f789?s=96&d=mm&r=g","url":"https:\/\/secure.gravatar.com\/avatar\/f771d896c203ad8b3382d7905cfcce5a5c9b008b84b3cd9114e9b9f4cb63f789?s=96&d=mm&r=g","contentUrl":"https:\/\/secure.gravatar.com\/avatar\/f771d896c203ad8b3382d7905cfcce5a5c9b008b84b3cd9114e9b9f4cb63f789?s=96&d=mm&r=g","caption":"Redacci\u00f3n"},"url":"https:\/\/radiolitoral.com\/ca\/author\/miriam-pagan\/"}]}},"_links":{"self":[{"href":"https:\/\/radiolitoral.com\/ca\/wp-json\/wp\/v2\/posts\/2448","targetHints":{"allow":["GET"]}}],"collection":[{"href":"https:\/\/radiolitoral.com\/ca\/wp-json\/wp\/v2\/posts"}],"about":[{"href":"https:\/\/radiolitoral.com\/ca\/wp-json\/wp\/v2\/types\/post"}],"author":[{"embeddable":true,"href":"https:\/\/radiolitoral.com\/ca\/wp-json\/wp\/v2\/users\/13"}],"replies":[{"embeddable":true,"href":"https:\/\/radiolitoral.com\/ca\/wp-json\/wp\/v2\/comments?post=2448"}],"version-history":[{"count":3,"href":"https:\/\/radiolitoral.com\/ca\/wp-json\/wp\/v2\/posts\/2448\/revisions"}],"predecessor-version":[{"id":2455,"href":"https:\/\/radiolitoral.com\/ca\/wp-json\/wp\/v2\/posts\/2448\/revisions\/2455"}],"wp:featuredmedia":[{"embeddable":true,"href":"https:\/\/radiolitoral.com\/ca\/wp-json\/wp\/v2\/media\/2451"}],"wp:attachment":[{"href":"https:\/\/radiolitoral.com\/ca\/wp-json\/wp\/v2\/media?parent=2448"}],"wp:term":[{"taxonomy":"category","embeddable":true,"href":"https:\/\/radiolitoral.com\/ca\/wp-json\/wp\/v2\/categories?post=2448"},{"taxonomy":"post_tag","embeddable":true,"href":"https:\/\/radiolitoral.com\/ca\/wp-json\/wp\/v2\/tags?post=2448"}],"curies":[{"name":"wp","href":"https:\/\/api.w.org\/{rel}","templated":true}]}}