{"id":2422,"date":"2023-04-20T22:42:40","date_gmt":"2023-04-20T20:42:40","guid":{"rendered":"https:\/\/radiolitoral.com\/?p=2422"},"modified":"2023-04-20T22:49:47","modified_gmt":"2023-04-20T20:49:47","slug":"2422","status":"publish","type":"post","link":"https:\/\/radiolitoral.com\/ca\/2023\/04\/2422\/","title":{"rendered":"El Dia del Llibre arriba a Parcent amb activitats en fam\u00edlia"},"content":{"rendered":"<p>Aquest diumenge, <strong>23 d&#039;abril, es commemora el Dia del Llibre<\/strong>, una data dedicada a fomentar la lectura i honrar la mem\u00f2ria de dos grans escriptors: Miguel de Cervantes i William Shakespeare, els qui van morir en aquesta mateixa data, per\u00f2 en diferents anys.<\/p>\n<p>Per recordar aquesta efem\u00e8ride <strong>l&#039;AMPA del CEIP El Carrascal de Parcent i l&#039;Ajuntament<\/strong> d&#039;aquesta localitat, han organitzat una s\u00e8rie d&#039;activitats que tenen com a objectiu promoure el gust per la lectura i apropar el m\u00f3n de la literatura especialment als m\u00e9s petits.<\/p>\n<p>D&#039;aquesta manera al llarg del mat\u00ed del diumenge, es duran a terme <strong>tallers per a la creaci\u00f3 de marcadors de lectura, pinta-cares, s&#039;instal\u00b7lar\u00e0 un punt de venda de llibres de segona m\u00e0, amb propostes liter\u00e0ries per a tots els gustos i edats, es posar\u00e0 en escena l&#039;obra de teatre infantil \u201cDorotea i el M\u00f3n de els Llibres\u201d, i es col\u00b7locar\u00e0 una barra amb menjar i beguda a preus populars.<\/strong> A totes aquestes activitats se suma una <strong>jornada de portes obertes del col\u00b7legi<\/strong> de cara a la matriculaci\u00f3 del proper curs.<\/p>\n<p><strong>Cristina Magri\u00e0 Domenech \u00e9s la secret\u00e0ria de l&#039;AMPA del CEIP Carrascal:<\/strong><\/p>\n<p>&nbsp;<\/p>\n<audio class=\"wp-audio-shortcode\" id=\"audio-2422-1\" preload=\"none\" style=\"width: 100%;\" controls=\"controls\"><source type=\"audio\/mpeg\" src=\"https:\/\/media.radiolitoral.com\/wp-content\/uploads\/2023\/04\/20223532\/Cristina-Parcent.mp3?_=1\" \/><a href=\"https:\/\/media.radiolitoral.com\/wp-content\/uploads\/2023\/04\/20223532\/Cristina-Parcent.mp3\">https:\/\/media.radiolitoral.com\/wp-content\/uploads\/2023\/04\/20223532\/Cristina-Parcent.mp3<\/a><\/audio>\n<p>Recordeu que la celebraci\u00f3 del Dia del Llibre va ser instaurada el 1995 per la UNESCO (Organitzaci\u00f3 de les Nacions Unides per a l&#039;Educaci\u00f3, la Ci\u00e8ncia i la Cultura) amb l&#039;objectiu de promoure la lectura, la ind\u00fastria editorial i protegir la propietat intel\u00b7lectual. Des de llavors, la celebraci\u00f3 ha guanyat popularitat a tot el m\u00f3n i ha esdevingut un esdeveniment molt esperat pels amants dels llibres i la cultura en general.<\/p>","protected":false},"excerpt":{"rendered":"<p>Este domingo, 23 de abril, se conmemora el D\u00eda del Libro, una fecha dedicada a fomentar la lectura y honrar la memoria de dos grandes escritores: Miguel de Cervantes y William Shakespeare, quienes fallecieron en esa misma fecha, pero en diferentes a\u00f1os. Para recordar esta efem\u00e9ride la AMPA del CEIP El Carrascal de Parcent y [&#8230;]<\/p>\n<p><a class=\"btn btn-secondary understrap-read-more-link\" href=\"https:\/\/radiolitoral.com\/ca\/2023\/04\/2422\/\">Continua llegint&#8230;<span class=\"screen-reader-text\"> from El D\u00eda del Libro llega a Parcent con actividades en familia<\/span><\/a><\/p>\n","protected":false},"author":13,"featured_media":2424,"comment_status":"open","ping_status":"closed","sticky":false,"template":"","format":"standard","meta":{"_acf_changed":false,"inline_featured_image":false,"footnotes":""},"categories":[55],"tags":[577,576,373],"class_list":["post-2422","post","type-post","status-publish","format-standard","has-post-thumbnail","hentry","category-cultura","tag-agenda-parcent","tag-dia-del-libro","tag-parcent","cobertura-parcent"],"acf":[],"yoast_head":"<!-- This site is optimized with the Yoast SEO plugin v27.5 - https:\/\/yoast.com\/product\/yoast-seo-wordpress\/ -->\n<title>El D\u00eda del Libro llega a Parcent con actividades en familia | R\u00e0dio Litoral<\/title>\n<meta name=\"description\" content=\"Talleres, teatro y jornada de puertas abiertas en el colegio Talleres, teatro y jornada de puertas abiertas en el colegio\" \/>\n<meta name=\"robots\" content=\"index, follow, max-snippet:-1, max-image-preview:large, max-video-preview:-1\" \/>\n<link rel=\"canonical\" href=\"https:\/\/radiolitoral.com\/ca\/2023\/04\/2422\/\" \/>\n<meta property=\"og:locale\" content=\"ca_ES\" \/>\n<meta property=\"og:type\" content=\"article\" \/>\n<meta property=\"og:title\" content=\"El D\u00eda del Libro llega a Parcent con actividades en familia | R\u00e0dio Litoral\" \/>\n<meta property=\"og:description\" content=\"Talleres, teatro y jornada de puertas abiertas en el colegio Talleres, teatro y jornada de puertas abiertas en el colegio\" \/>\n<meta property=\"og:url\" content=\"https:\/\/radiolitoral.com\/ca\/2023\/04\/2422\/\" \/>\n<meta property=\"og:site_name\" content=\"R\u00e0dio Litoral\" \/>\n<meta property=\"article:publisher\" content=\"https:\/\/www.facebook.com\/Laradiolitoral\/\" \/>\n<meta property=\"article:published_time\" content=\"2023-04-20T20:42:40+00:00\" \/>\n<meta property=\"article:modified_time\" content=\"2023-04-20T20:49:47+00:00\" \/>\n<meta property=\"og:image\" content=\"https:\/\/media.radiolitoral.com\/wp-content\/uploads\/2023\/04\/20224234\/libro-1.jpg\" \/>\n\t<meta property=\"og:image:width\" content=\"919\" \/>\n\t<meta property=\"og:image:height\" content=\"532\" \/>\n\t<meta property=\"og:image:type\" content=\"image\/jpeg\" \/>\n<meta name=\"author\" content=\"Redacci\u00f3n\" \/>\n<meta name=\"twitter:card\" content=\"summary_large_image\" \/>\n<meta name=\"twitter:label1\" content=\"Escrit per\" \/>\n\t<meta name=\"twitter:data1\" content=\"Redacci\u00f3n\" \/>\n\t<meta name=\"twitter:label2\" content=\"Temps estimat de lectura\" \/>\n\t<meta name=\"twitter:data2\" content=\"2 minuts\" \/>\n<script type=\"application\/ld+json\" class=\"yoast-schema-graph\">{\"@context\":\"https:\\\/\\\/schema.org\",\"@graph\":[{\"@type\":\"NewsArticle\",\"@id\":\"https:\\\/\\\/radiolitoral.com\\\/2023\\\/04\\\/2422\\\/#article\",\"isPartOf\":{\"@id\":\"https:\\\/\\\/radiolitoral.com\\\/2023\\\/04\\\/2422\\\/\"},\"author\":{\"name\":\"Redacci\u00f3n\",\"@id\":\"https:\\\/\\\/radiolitoral.com\\\/#\\\/schema\\\/person\\\/f2b2343c49b5d721857cc1002bfdb151\"},\"headline\":\"El D\u00eda del Libro llega a Parcent con actividades en familia\",\"datePublished\":\"2023-04-20T20:42:40+00:00\",\"dateModified\":\"2023-04-20T20:49:47+00:00\",\"mainEntityOfPage\":{\"@id\":\"https:\\\/\\\/radiolitoral.com\\\/2023\\\/04\\\/2422\\\/\"},\"wordCount\":303,\"commentCount\":0,\"publisher\":{\"@id\":\"https:\\\/\\\/radiolitoral.com\\\/#organization\"},\"image\":{\"@id\":\"https:\\\/\\\/radiolitoral.com\\\/2023\\\/04\\\/2422\\\/#primaryimage\"},\"thumbnailUrl\":\"https:\\\/\\\/media.radiolitoral.com\\\/wp-content\\\/uploads\\\/2023\\\/04\\\/20224234\\\/libro-1.jpg\",\"keywords\":[\"agenda Parcent\",\"D\u00eda del Libro\",\"Parcent\"],\"articleSection\":[\"Cultura\"],\"inLanguage\":\"ca\",\"potentialAction\":[{\"@type\":\"CommentAction\",\"name\":\"Comment\",\"target\":[\"https:\\\/\\\/radiolitoral.com\\\/2023\\\/04\\\/2422\\\/#respond\"]}]},{\"@type\":[\"WebPage\",\"ItemPage\"],\"@id\":\"https:\\\/\\\/radiolitoral.com\\\/2023\\\/04\\\/2422\\\/\",\"url\":\"https:\\\/\\\/radiolitoral.com\\\/2023\\\/04\\\/2422\\\/\",\"name\":\"El D\u00eda del Libro llega a Parcent con actividades en familia | R\u00e0dio Litoral\",\"isPartOf\":{\"@id\":\"https:\\\/\\\/radiolitoral.com\\\/#website\"},\"primaryImageOfPage\":{\"@id\":\"https:\\\/\\\/radiolitoral.com\\\/2023\\\/04\\\/2422\\\/#primaryimage\"},\"image\":{\"@id\":\"https:\\\/\\\/radiolitoral.com\\\/2023\\\/04\\\/2422\\\/#primaryimage\"},\"thumbnailUrl\":\"https:\\\/\\\/media.radiolitoral.com\\\/wp-content\\\/uploads\\\/2023\\\/04\\\/20224234\\\/libro-1.jpg\",\"datePublished\":\"2023-04-20T20:42:40+00:00\",\"dateModified\":\"2023-04-20T20:49:47+00:00\",\"description\":\"Talleres, teatro y jornada de puertas abiertas en el colegio Talleres, teatro y jornada de puertas abiertas en el colegio\",\"breadcrumb\":{\"@id\":\"https:\\\/\\\/radiolitoral.com\\\/2023\\\/04\\\/2422\\\/#breadcrumb\"},\"inLanguage\":\"ca\",\"potentialAction\":[{\"@type\":\"ReadAction\",\"target\":[\"https:\\\/\\\/radiolitoral.com\\\/2023\\\/04\\\/2422\\\/\"]}]},{\"@type\":\"ImageObject\",\"inLanguage\":\"ca\",\"@id\":\"https:\\\/\\\/radiolitoral.com\\\/2023\\\/04\\\/2422\\\/#primaryimage\",\"url\":\"https:\\\/\\\/media.radiolitoral.com\\\/wp-content\\\/uploads\\\/2023\\\/04\\\/20224234\\\/libro-1.jpg\",\"contentUrl\":\"https:\\\/\\\/media.radiolitoral.com\\\/wp-content\\\/uploads\\\/2023\\\/04\\\/20224234\\\/libro-1.jpg\",\"width\":919,\"height\":532},{\"@type\":\"BreadcrumbList\",\"@id\":\"https:\\\/\\\/radiolitoral.com\\\/2023\\\/04\\\/2422\\\/#breadcrumb\",\"itemListElement\":[{\"@type\":\"ListItem\",\"position\":1,\"name\":\"Portada\",\"item\":\"https:\\\/\\\/radiolitoral.com\\\/\"},{\"@type\":\"ListItem\",\"position\":2,\"name\":\"El D\u00eda del Libro llega a Parcent con actividades en familia\"}]},{\"@type\":\"WebSite\",\"@id\":\"https:\\\/\\\/radiolitoral.com\\\/#website\",\"url\":\"https:\\\/\\\/radiolitoral.com\\\/\",\"name\":\"Radio Litoral\",\"description\":\"La radio local de la Marina Alta\",\"publisher\":{\"@id\":\"https:\\\/\\\/radiolitoral.com\\\/#organization\"},\"alternateName\":\"Litoral FM\",\"potentialAction\":[{\"@type\":\"SearchAction\",\"target\":{\"@type\":\"EntryPoint\",\"urlTemplate\":\"https:\\\/\\\/radiolitoral.com\\\/?s={search_term_string}\"},\"query-input\":{\"@type\":\"PropertyValueSpecification\",\"valueRequired\":true,\"valueName\":\"search_term_string\"}}],\"inLanguage\":\"ca\"},{\"@type\":\"Organization\",\"@id\":\"https:\\\/\\\/radiolitoral.com\\\/#organization\",\"name\":\"Radio Litoral\",\"url\":\"https:\\\/\\\/radiolitoral.com\\\/\",\"logo\":{\"@type\":\"ImageObject\",\"inLanguage\":\"ca\",\"@id\":\"https:\\\/\\\/radiolitoral.com\\\/#\\\/schema\\\/logo\\\/image\\\/\",\"url\":\"https:\\\/\\\/media.radiolitoral.com\\\/wp-content\\\/uploads\\\/2023\\\/02\\\/24143238\\\/CL-V-RadioLitoral696.png\",\"contentUrl\":\"https:\\\/\\\/media.radiolitoral.com\\\/wp-content\\\/uploads\\\/2023\\\/02\\\/24143238\\\/CL-V-RadioLitoral696.png\",\"width\":696,\"height\":696,\"caption\":\"Radio Litoral\"},\"image\":{\"@id\":\"https:\\\/\\\/radiolitoral.com\\\/#\\\/schema\\\/logo\\\/image\\\/\"},\"sameAs\":[\"https:\\\/\\\/www.facebook.com\\\/Laradiolitoral\\\/\"]},{\"@type\":\"Person\",\"@id\":\"https:\\\/\\\/radiolitoral.com\\\/#\\\/schema\\\/person\\\/f2b2343c49b5d721857cc1002bfdb151\",\"name\":\"Redacci\u00f3n\",\"image\":{\"@type\":\"ImageObject\",\"inLanguage\":\"ca\",\"@id\":\"https:\\\/\\\/secure.gravatar.com\\\/avatar\\\/f771d896c203ad8b3382d7905cfcce5a5c9b008b84b3cd9114e9b9f4cb63f789?s=96&d=mm&r=g\",\"url\":\"https:\\\/\\\/secure.gravatar.com\\\/avatar\\\/f771d896c203ad8b3382d7905cfcce5a5c9b008b84b3cd9114e9b9f4cb63f789?s=96&d=mm&r=g\",\"contentUrl\":\"https:\\\/\\\/secure.gravatar.com\\\/avatar\\\/f771d896c203ad8b3382d7905cfcce5a5c9b008b84b3cd9114e9b9f4cb63f789?s=96&d=mm&r=g\",\"caption\":\"Redacci\u00f3n\"},\"url\":\"https:\\\/\\\/radiolitoral.com\\\/ca\\\/author\\\/miriam-pagan\\\/\"}]}<\/script>\n<!-- \/ Yoast SEO plugin. -->","yoast_head_json":{"title":"El Dia del Llibre arriba a Parcent amb activitats en fam\u00edlia | R\u00e0dio Litoral","description":"Tallers, teatre i jornada de portes obertes a l&#039;escola Tallers, teatre i jornada de portes obertes a l&#039;escola","robots":{"index":"index","follow":"follow","max-snippet":"max-snippet:-1","max-image-preview":"max-image-preview:large","max-video-preview":"max-video-preview:-1"},"canonical":"https:\/\/radiolitoral.com\/ca\/2023\/04\/2422\/","og_locale":"ca_ES","og_type":"article","og_title":"El D\u00eda del Libro llega a Parcent con actividades en familia | R\u00e0dio Litoral","og_description":"Talleres, teatro y jornada de puertas abiertas en el colegio Talleres, teatro y jornada de puertas abiertas en el colegio","og_url":"https:\/\/radiolitoral.com\/ca\/2023\/04\/2422\/","og_site_name":"R\u00e0dio Litoral","article_publisher":"https:\/\/www.facebook.com\/Laradiolitoral\/","article_published_time":"2023-04-20T20:42:40+00:00","article_modified_time":"2023-04-20T20:49:47+00:00","og_image":[{"width":919,"height":532,"url":"https:\/\/media.radiolitoral.com\/wp-content\/uploads\/2023\/04\/20224234\/libro-1.jpg","type":"image\/jpeg"}],"author":"Redacci\u00f3n","twitter_card":"summary_large_image","twitter_misc":{"Escrit per":"Redacci\u00f3n","Temps estimat de lectura":"2 minuts"},"schema":{"@context":"https:\/\/schema.org","@graph":[{"@type":"NewsArticle","@id":"https:\/\/radiolitoral.com\/2023\/04\/2422\/#article","isPartOf":{"@id":"https:\/\/radiolitoral.com\/2023\/04\/2422\/"},"author":{"name":"Redacci\u00f3n","@id":"https:\/\/radiolitoral.com\/#\/schema\/person\/f2b2343c49b5d721857cc1002bfdb151"},"headline":"El D\u00eda del Libro llega a Parcent con actividades en familia","datePublished":"2023-04-20T20:42:40+00:00","dateModified":"2023-04-20T20:49:47+00:00","mainEntityOfPage":{"@id":"https:\/\/radiolitoral.com\/2023\/04\/2422\/"},"wordCount":303,"commentCount":0,"publisher":{"@id":"https:\/\/radiolitoral.com\/#organization"},"image":{"@id":"https:\/\/radiolitoral.com\/2023\/04\/2422\/#primaryimage"},"thumbnailUrl":"https:\/\/media.radiolitoral.com\/wp-content\/uploads\/2023\/04\/20224234\/libro-1.jpg","keywords":["agenda Parcent","D\u00eda del Libro","Parcent"],"articleSection":["Cultura"],"inLanguage":"ca","potentialAction":[{"@type":"CommentAction","name":"Comment","target":["https:\/\/radiolitoral.com\/2023\/04\/2422\/#respond"]}]},{"@type":["WebPage","ItemPage"],"@id":"https:\/\/radiolitoral.com\/2023\/04\/2422\/","url":"https:\/\/radiolitoral.com\/2023\/04\/2422\/","name":"El Dia del Llibre arriba a Parcent amb activitats en fam\u00edlia | R\u00e0dio Litoral","isPartOf":{"@id":"https:\/\/radiolitoral.com\/#website"},"primaryImageOfPage":{"@id":"https:\/\/radiolitoral.com\/2023\/04\/2422\/#primaryimage"},"image":{"@id":"https:\/\/radiolitoral.com\/2023\/04\/2422\/#primaryimage"},"thumbnailUrl":"https:\/\/media.radiolitoral.com\/wp-content\/uploads\/2023\/04\/20224234\/libro-1.jpg","datePublished":"2023-04-20T20:42:40+00:00","dateModified":"2023-04-20T20:49:47+00:00","description":"Tallers, teatre i jornada de portes obertes a l&#039;escola Tallers, teatre i jornada de portes obertes a l&#039;escola","breadcrumb":{"@id":"https:\/\/radiolitoral.com\/2023\/04\/2422\/#breadcrumb"},"inLanguage":"ca","potentialAction":[{"@type":"ReadAction","target":["https:\/\/radiolitoral.com\/2023\/04\/2422\/"]}]},{"@type":"ImageObject","inLanguage":"ca","@id":"https:\/\/radiolitoral.com\/2023\/04\/2422\/#primaryimage","url":"https:\/\/media.radiolitoral.com\/wp-content\/uploads\/2023\/04\/20224234\/libro-1.jpg","contentUrl":"https:\/\/media.radiolitoral.com\/wp-content\/uploads\/2023\/04\/20224234\/libro-1.jpg","width":919,"height":532},{"@type":"BreadcrumbList","@id":"https:\/\/radiolitoral.com\/2023\/04\/2422\/#breadcrumb","itemListElement":[{"@type":"ListItem","position":1,"name":"Portada","item":"https:\/\/radiolitoral.com\/"},{"@type":"ListItem","position":2,"name":"El D\u00eda del Libro llega a Parcent con actividades en familia"}]},{"@type":"WebSite","@id":"https:\/\/radiolitoral.com\/#website","url":"https:\/\/radiolitoral.com\/","name":"R\u00e0dio Litoral","description":"La r\u00e0dio local de la Marina Alta","publisher":{"@id":"https:\/\/radiolitoral.com\/#organization"},"alternateName":"Litoral FM","potentialAction":[{"@type":"SearchAction","target":{"@type":"EntryPoint","urlTemplate":"https:\/\/radiolitoral.com\/?s={search_term_string}"},"query-input":{"@type":"PropertyValueSpecification","valueRequired":true,"valueName":"search_term_string"}}],"inLanguage":"ca"},{"@type":"Organization","@id":"https:\/\/radiolitoral.com\/#organization","name":"R\u00e0dio Litoral","url":"https:\/\/radiolitoral.com\/","logo":{"@type":"ImageObject","inLanguage":"ca","@id":"https:\/\/radiolitoral.com\/#\/schema\/logo\/image\/","url":"https:\/\/media.radiolitoral.com\/wp-content\/uploads\/2023\/02\/24143238\/CL-V-RadioLitoral696.png","contentUrl":"https:\/\/media.radiolitoral.com\/wp-content\/uploads\/2023\/02\/24143238\/CL-V-RadioLitoral696.png","width":696,"height":696,"caption":"Radio Litoral"},"image":{"@id":"https:\/\/radiolitoral.com\/#\/schema\/logo\/image\/"},"sameAs":["https:\/\/www.facebook.com\/Laradiolitoral\/"]},{"@type":"Person","@id":"https:\/\/radiolitoral.com\/#\/schema\/person\/f2b2343c49b5d721857cc1002bfdb151","name":"Redacci\u00f3","image":{"@type":"ImageObject","inLanguage":"ca","@id":"https:\/\/secure.gravatar.com\/avatar\/f771d896c203ad8b3382d7905cfcce5a5c9b008b84b3cd9114e9b9f4cb63f789?s=96&d=mm&r=g","url":"https:\/\/secure.gravatar.com\/avatar\/f771d896c203ad8b3382d7905cfcce5a5c9b008b84b3cd9114e9b9f4cb63f789?s=96&d=mm&r=g","contentUrl":"https:\/\/secure.gravatar.com\/avatar\/f771d896c203ad8b3382d7905cfcce5a5c9b008b84b3cd9114e9b9f4cb63f789?s=96&d=mm&r=g","caption":"Redacci\u00f3n"},"url":"https:\/\/radiolitoral.com\/ca\/author\/miriam-pagan\/"}]}},"_links":{"self":[{"href":"https:\/\/radiolitoral.com\/ca\/wp-json\/wp\/v2\/posts\/2422","targetHints":{"allow":["GET"]}}],"collection":[{"href":"https:\/\/radiolitoral.com\/ca\/wp-json\/wp\/v2\/posts"}],"about":[{"href":"https:\/\/radiolitoral.com\/ca\/wp-json\/wp\/v2\/types\/post"}],"author":[{"embeddable":true,"href":"https:\/\/radiolitoral.com\/ca\/wp-json\/wp\/v2\/users\/13"}],"replies":[{"embeddable":true,"href":"https:\/\/radiolitoral.com\/ca\/wp-json\/wp\/v2\/comments?post=2422"}],"version-history":[{"count":3,"href":"https:\/\/radiolitoral.com\/ca\/wp-json\/wp\/v2\/posts\/2422\/revisions"}],"predecessor-version":[{"id":2427,"href":"https:\/\/radiolitoral.com\/ca\/wp-json\/wp\/v2\/posts\/2422\/revisions\/2427"}],"wp:featuredmedia":[{"embeddable":true,"href":"https:\/\/radiolitoral.com\/ca\/wp-json\/wp\/v2\/media\/2424"}],"wp:attachment":[{"href":"https:\/\/radiolitoral.com\/ca\/wp-json\/wp\/v2\/media?parent=2422"}],"wp:term":[{"taxonomy":"category","embeddable":true,"href":"https:\/\/radiolitoral.com\/ca\/wp-json\/wp\/v2\/categories?post=2422"},{"taxonomy":"post_tag","embeddable":true,"href":"https:\/\/radiolitoral.com\/ca\/wp-json\/wp\/v2\/tags?post=2422"}],"curies":[{"name":"wp","href":"https:\/\/api.w.org\/{rel}","templated":true}]}}