{"id":2398,"date":"2023-04-20T15:42:31","date_gmt":"2023-04-20T13:42:31","guid":{"rendered":"https:\/\/radiolitoral.com\/?p=2398"},"modified":"2023-04-20T15:44:15","modified_gmt":"2023-04-20T13:44:15","slug":"diferents-candidats-presenten-la-seva-candidatura-a-les-corts","status":"publish","type":"post","link":"https:\/\/radiolitoral.com\/ca\/2023\/04\/diferentes-candidatos-presentan-su-candidatura-a-les-corts\/","title":{"rendered":"Diferents candidats presenten la seva candidatura a les Corts"},"content":{"rendered":"<p>Responsables de campanya de diferents <strong>partits van presentar ja ahir les candidatures<\/strong>. \u00c9s el cas de Comprom\u00eds, que ja ha registrat davant de la Junta Electoral Provincial d&#039;Alacant la seva candidatura auton\u00f2mica per als comicis del 28M. Una <strong>llista a Les Corts<\/strong> que inclou noms propis de la Marina Alta, destacar que c<strong>om n\u00famero dos, figura el fins ara diputat provincial i regidor de Xal\u00f3 Gerard Fullana, al n\u00famero 8, el benisser Alberto Robles<\/strong>,<strong> i la que va ser edil de Parcent, Beatriz Riera, ocupa el lloc n\u00famero 10 de la candidatura.<\/strong><\/p>\n<p>A m\u00e9s, la candidatura que lidera Aitana M\u00e1s, tamb\u00e9 ha comptat amb Isabel Llobell de Teulada, al n\u00famero 17; Joan Nau de Benissa al 22; i Mar\u00eda Jos\u00e9 Garc\u00eda de D\u00e9nia al 27. A m\u00e9s, Carme Catal\u00e0, candidata a l&#039;Alcaldia de X\u00e0bia als comicis municipals \u00e9s la cinquena suplent.<\/p>\n<p>Mentre que el PSPV-PSOE inclou a la seva candidatura auton\u00f2mica cinc socialistes de la Marina Alta: l&#039;actual alcalde de X\u00e0bia Jos\u00e9 Chulvi, al n\u00famero 8, l&#039;edil calpina Carolina Devesa, i els dianencs Javier Scotto i \u00d2scar Mengual. Com a suplent un altre nom propi de la Marina Alta, Ricard Sendra, de Pego.<\/p>\n<p>I el Partit Popular suma a la candidatura que lidera Carlos Maz\u00f3n, cinc militants de la comarca, encara que cap va en lloc de sortida. La millor posicionada \u00e9s l&#039;actual portaveu popular a l&#039;ajuntament de Calp i regidora de Benestar Social, Noelia Ciscar, que ocupa el n\u00famero 15. La llista tamb\u00e9 ha comptat amb l&#039;actual alcalde de Benissa Arturo Poquet, l&#039;edil de Teulada Jos\u00e9 Antonio Bisquert, la pegolina Ana Ortol\u00e1 i Jos\u00e9 Juan Reus alcalde de Ll\u00edber.<\/p>","protected":false},"excerpt":{"rendered":"<p>Responsables de campa\u00f1a de diferentes partidos presentaron ya ayer sus candidaturas. Es el caso de Comprom\u00eds, que ha registrado ya ante la Junta Electoral Provincial de Alicante su candidatura auton\u00f3mica para los comicios del 28M. Una lista a Les Corts que incluye nombres propios de la Marina Alta, destacar que como n\u00famero dos, figura el [&#8230;]<\/p>\n<p><a class=\"btn btn-secondary understrap-read-more-link\" href=\"https:\/\/radiolitoral.com\/ca\/2023\/04\/diferentes-candidatos-presentan-su-candidatura-a-les-corts\/\">Continua llegint&#8230;<span class=\"screen-reader-text\"> from Diferentes candidatos presentan su candidatura a Les Corts<\/span><\/a><\/p>\n","protected":false},"author":21,"featured_media":2400,"comment_status":"open","ping_status":"closed","sticky":false,"template":"","format":"standard","meta":{"_acf_changed":false,"inline_featured_image":false,"footnotes":""},"categories":[13],"tags":[],"class_list":["post-2398","post","type-post","status-publish","format-standard","has-post-thumbnail","hentry","category-politica"],"acf":[],"yoast_head":"<!-- This site is optimized with the Yoast SEO plugin v27.5 - https:\/\/yoast.com\/product\/yoast-seo-wordpress\/ -->\n<title>Diferentes candidatos presentan su candidatura a Les Corts | R\u00e0dio Litoral<\/title>\n<meta name=\"description\" content=\"Como n\u00famero dos figura el diputado y concejal de Xal\u00f3 Gerard Fullana, en el n\u00famero 8 el benissero Alberto Robles Como n\u00famero dos figura el diputado y concejal de Xal\u00f3 Gerard Fullana, en el n\u00famero 8 el benissero Alberto Robles\" \/>\n<meta name=\"robots\" content=\"index, follow, max-snippet:-1, max-image-preview:large, max-video-preview:-1\" \/>\n<link rel=\"canonical\" href=\"https:\/\/radiolitoral.com\/ca\/2023\/04\/diferents-candidats-presenten-la-seva-candidatura-a-les-corts\/\" \/>\n<meta property=\"og:locale\" content=\"ca_ES\" \/>\n<meta property=\"og:type\" content=\"article\" \/>\n<meta property=\"og:title\" content=\"Diferentes candidatos presentan su candidatura a Les Corts | R\u00e0dio Litoral\" \/>\n<meta property=\"og:description\" content=\"Como n\u00famero dos figura el diputado y concejal de Xal\u00f3 Gerard Fullana, en el n\u00famero 8 el benissero Alberto Robles Como n\u00famero dos figura el diputado y concejal de Xal\u00f3 Gerard Fullana, en el n\u00famero 8 el benissero Alberto Robles\" \/>\n<meta property=\"og:url\" content=\"https:\/\/radiolitoral.com\/ca\/2023\/04\/diferents-candidats-presenten-la-seva-candidatura-a-les-corts\/\" \/>\n<meta property=\"og:site_name\" content=\"R\u00e0dio Litoral\" \/>\n<meta property=\"article:publisher\" content=\"https:\/\/www.facebook.com\/Laradiolitoral\/\" \/>\n<meta property=\"article:published_time\" content=\"2023-04-20T13:42:31+00:00\" \/>\n<meta property=\"article:modified_time\" content=\"2023-04-20T13:44:15+00:00\" \/>\n<meta property=\"og:image\" content=\"https:\/\/media.radiolitoral.com\/wp-content\/uploads\/2023\/04\/20154206\/DIPUTACION-ALICANTE.jpg\" \/>\n\t<meta property=\"og:image:width\" content=\"1920\" \/>\n\t<meta property=\"og:image:height\" content=\"1280\" \/>\n\t<meta property=\"og:image:type\" content=\"image\/jpeg\" \/>\n<meta name=\"author\" content=\"Mel Pescuezo\" \/>\n<meta name=\"twitter:card\" content=\"summary_large_image\" \/>\n<meta name=\"twitter:label1\" content=\"Escrit per\" \/>\n\t<meta name=\"twitter:data1\" content=\"Mel Pescuezo\" \/>\n\t<meta name=\"twitter:label2\" content=\"Temps estimat de lectura\" \/>\n\t<meta name=\"twitter:data2\" content=\"2 minuts\" \/>\n<script type=\"application\/ld+json\" class=\"yoast-schema-graph\">{\"@context\":\"https:\\\/\\\/schema.org\",\"@graph\":[{\"@type\":\"NewsArticle\",\"@id\":\"https:\\\/\\\/radiolitoral.com\\\/2023\\\/04\\\/diferentes-candidatos-presentan-su-candidatura-a-les-corts\\\/#article\",\"isPartOf\":{\"@id\":\"https:\\\/\\\/radiolitoral.com\\\/2023\\\/04\\\/diferentes-candidatos-presentan-su-candidatura-a-les-corts\\\/\"},\"author\":{\"name\":\"Mel Pescuezo\",\"@id\":\"https:\\\/\\\/radiolitoral.com\\\/#\\\/schema\\\/person\\\/aad4f72efa404f85b68e832d24cac059\"},\"headline\":\"Diferentes candidatos presentan su candidatura a Les Corts\",\"datePublished\":\"2023-04-20T13:42:31+00:00\",\"dateModified\":\"2023-04-20T13:44:15+00:00\",\"mainEntityOfPage\":{\"@id\":\"https:\\\/\\\/radiolitoral.com\\\/2023\\\/04\\\/diferentes-candidatos-presentan-su-candidatura-a-les-corts\\\/\"},\"wordCount\":300,\"commentCount\":0,\"publisher\":{\"@id\":\"https:\\\/\\\/radiolitoral.com\\\/#organization\"},\"image\":{\"@id\":\"https:\\\/\\\/radiolitoral.com\\\/2023\\\/04\\\/diferentes-candidatos-presentan-su-candidatura-a-les-corts\\\/#primaryimage\"},\"thumbnailUrl\":\"https:\\\/\\\/media.radiolitoral.com\\\/wp-content\\\/uploads\\\/2023\\\/04\\\/20154206\\\/DIPUTACION-ALICANTE.jpg\",\"articleSection\":[\"Pol\u00edtica\"],\"inLanguage\":\"ca\",\"potentialAction\":[{\"@type\":\"CommentAction\",\"name\":\"Comment\",\"target\":[\"https:\\\/\\\/radiolitoral.com\\\/2023\\\/04\\\/diferentes-candidatos-presentan-su-candidatura-a-les-corts\\\/#respond\"]}]},{\"@type\":[\"WebPage\",\"ItemPage\"],\"@id\":\"https:\\\/\\\/radiolitoral.com\\\/2023\\\/04\\\/diferentes-candidatos-presentan-su-candidatura-a-les-corts\\\/\",\"url\":\"https:\\\/\\\/radiolitoral.com\\\/2023\\\/04\\\/diferentes-candidatos-presentan-su-candidatura-a-les-corts\\\/\",\"name\":\"Diferentes candidatos presentan su candidatura a Les Corts | R\u00e0dio Litoral\",\"isPartOf\":{\"@id\":\"https:\\\/\\\/radiolitoral.com\\\/#website\"},\"primaryImageOfPage\":{\"@id\":\"https:\\\/\\\/radiolitoral.com\\\/2023\\\/04\\\/diferentes-candidatos-presentan-su-candidatura-a-les-corts\\\/#primaryimage\"},\"image\":{\"@id\":\"https:\\\/\\\/radiolitoral.com\\\/2023\\\/04\\\/diferentes-candidatos-presentan-su-candidatura-a-les-corts\\\/#primaryimage\"},\"thumbnailUrl\":\"https:\\\/\\\/media.radiolitoral.com\\\/wp-content\\\/uploads\\\/2023\\\/04\\\/20154206\\\/DIPUTACION-ALICANTE.jpg\",\"datePublished\":\"2023-04-20T13:42:31+00:00\",\"dateModified\":\"2023-04-20T13:44:15+00:00\",\"description\":\"Como n\u00famero dos figura el diputado y concejal de Xal\u00f3 Gerard Fullana, en el n\u00famero 8 el benissero Alberto Robles Como n\u00famero dos figura el diputado y concejal de Xal\u00f3 Gerard Fullana, en el n\u00famero 8 el benissero Alberto Robles\",\"breadcrumb\":{\"@id\":\"https:\\\/\\\/radiolitoral.com\\\/2023\\\/04\\\/diferentes-candidatos-presentan-su-candidatura-a-les-corts\\\/#breadcrumb\"},\"inLanguage\":\"ca\",\"potentialAction\":[{\"@type\":\"ReadAction\",\"target\":[\"https:\\\/\\\/radiolitoral.com\\\/2023\\\/04\\\/diferentes-candidatos-presentan-su-candidatura-a-les-corts\\\/\"]}]},{\"@type\":\"ImageObject\",\"inLanguage\":\"ca\",\"@id\":\"https:\\\/\\\/radiolitoral.com\\\/2023\\\/04\\\/diferentes-candidatos-presentan-su-candidatura-a-les-corts\\\/#primaryimage\",\"url\":\"https:\\\/\\\/media.radiolitoral.com\\\/wp-content\\\/uploads\\\/2023\\\/04\\\/20154206\\\/DIPUTACION-ALICANTE.jpg\",\"contentUrl\":\"https:\\\/\\\/media.radiolitoral.com\\\/wp-content\\\/uploads\\\/2023\\\/04\\\/20154206\\\/DIPUTACION-ALICANTE.jpg\",\"width\":1920,\"height\":1280},{\"@type\":\"BreadcrumbList\",\"@id\":\"https:\\\/\\\/radiolitoral.com\\\/2023\\\/04\\\/diferentes-candidatos-presentan-su-candidatura-a-les-corts\\\/#breadcrumb\",\"itemListElement\":[{\"@type\":\"ListItem\",\"position\":1,\"name\":\"Portada\",\"item\":\"https:\\\/\\\/radiolitoral.com\\\/\"},{\"@type\":\"ListItem\",\"position\":2,\"name\":\"Diferentes candidatos presentan su candidatura a Les Corts\"}]},{\"@type\":\"WebSite\",\"@id\":\"https:\\\/\\\/radiolitoral.com\\\/#website\",\"url\":\"https:\\\/\\\/radiolitoral.com\\\/\",\"name\":\"Radio Litoral\",\"description\":\"La radio local de la Marina Alta\",\"publisher\":{\"@id\":\"https:\\\/\\\/radiolitoral.com\\\/#organization\"},\"alternateName\":\"Litoral FM\",\"potentialAction\":[{\"@type\":\"SearchAction\",\"target\":{\"@type\":\"EntryPoint\",\"urlTemplate\":\"https:\\\/\\\/radiolitoral.com\\\/?s={search_term_string}\"},\"query-input\":{\"@type\":\"PropertyValueSpecification\",\"valueRequired\":true,\"valueName\":\"search_term_string\"}}],\"inLanguage\":\"ca\"},{\"@type\":\"Organization\",\"@id\":\"https:\\\/\\\/radiolitoral.com\\\/#organization\",\"name\":\"Radio Litoral\",\"url\":\"https:\\\/\\\/radiolitoral.com\\\/\",\"logo\":{\"@type\":\"ImageObject\",\"inLanguage\":\"ca\",\"@id\":\"https:\\\/\\\/radiolitoral.com\\\/#\\\/schema\\\/logo\\\/image\\\/\",\"url\":\"https:\\\/\\\/media.radiolitoral.com\\\/wp-content\\\/uploads\\\/2023\\\/02\\\/24143238\\\/CL-V-RadioLitoral696.png\",\"contentUrl\":\"https:\\\/\\\/media.radiolitoral.com\\\/wp-content\\\/uploads\\\/2023\\\/02\\\/24143238\\\/CL-V-RadioLitoral696.png\",\"width\":696,\"height\":696,\"caption\":\"Radio Litoral\"},\"image\":{\"@id\":\"https:\\\/\\\/radiolitoral.com\\\/#\\\/schema\\\/logo\\\/image\\\/\"},\"sameAs\":[\"https:\\\/\\\/www.facebook.com\\\/Laradiolitoral\\\/\"]},{\"@type\":\"Person\",\"@id\":\"https:\\\/\\\/radiolitoral.com\\\/#\\\/schema\\\/person\\\/aad4f72efa404f85b68e832d24cac059\",\"name\":\"Mel Pescuezo\",\"image\":{\"@type\":\"ImageObject\",\"inLanguage\":\"ca\",\"@id\":\"https:\\\/\\\/secure.gravatar.com\\\/avatar\\\/993975ae489c70cb0dd9bfa9413a082f0bd276582dac13661af7b33f161e7eea?s=96&d=mm&r=g\",\"url\":\"https:\\\/\\\/secure.gravatar.com\\\/avatar\\\/993975ae489c70cb0dd9bfa9413a082f0bd276582dac13661af7b33f161e7eea?s=96&d=mm&r=g\",\"contentUrl\":\"https:\\\/\\\/secure.gravatar.com\\\/avatar\\\/993975ae489c70cb0dd9bfa9413a082f0bd276582dac13661af7b33f161e7eea?s=96&d=mm&r=g\",\"caption\":\"Mel Pescuezo\"},\"url\":\"https:\\\/\\\/radiolitoral.com\\\/ca\\\/author\\\/serviciospararadios\\\/\"}]}<\/script>\n<!-- \/ Yoast SEO plugin. -->","yoast_head_json":{"title":"Diferents candidats presenten la candidatura a les Corts | R\u00e0dio Litoral","description":"Com a n\u00famero dos figura el diputat i regidor de Xal\u00f3 Gerard Fullana, al n\u00famero 8 el benisser Alberto Robles Com a n\u00famero dos figura el diputat i regidor de Xal\u00f3 Gerard Fullana, al n\u00famero 8 el benisser Alberto Robles","robots":{"index":"index","follow":"follow","max-snippet":"max-snippet:-1","max-image-preview":"max-image-preview:large","max-video-preview":"max-video-preview:-1"},"canonical":"https:\/\/radiolitoral.com\/ca\/2023\/04\/diferents-candidats-presenten-la-seva-candidatura-a-les-corts\/","og_locale":"ca_ES","og_type":"article","og_title":"Diferentes candidatos presentan su candidatura a Les Corts | R\u00e0dio Litoral","og_description":"Como n\u00famero dos figura el diputado y concejal de Xal\u00f3 Gerard Fullana, en el n\u00famero 8 el benissero Alberto Robles Como n\u00famero dos figura el diputado y concejal de Xal\u00f3 Gerard Fullana, en el n\u00famero 8 el benissero Alberto Robles","og_url":"https:\/\/radiolitoral.com\/ca\/2023\/04\/diferents-candidats-presenten-la-seva-candidatura-a-les-corts\/","og_site_name":"R\u00e0dio Litoral","article_publisher":"https:\/\/www.facebook.com\/Laradiolitoral\/","article_published_time":"2023-04-20T13:42:31+00:00","article_modified_time":"2023-04-20T13:44:15+00:00","og_image":[{"width":1920,"height":1280,"url":"https:\/\/media.radiolitoral.com\/wp-content\/uploads\/2023\/04\/20154206\/DIPUTACION-ALICANTE.jpg","type":"image\/jpeg"}],"author":"Mel Pescuezo","twitter_card":"summary_large_image","twitter_misc":{"Escrit per":"Mel Pescuezo","Temps estimat de lectura":"2 minuts"},"schema":{"@context":"https:\/\/schema.org","@graph":[{"@type":"NewsArticle","@id":"https:\/\/radiolitoral.com\/2023\/04\/diferentes-candidatos-presentan-su-candidatura-a-les-corts\/#article","isPartOf":{"@id":"https:\/\/radiolitoral.com\/2023\/04\/diferentes-candidatos-presentan-su-candidatura-a-les-corts\/"},"author":{"name":"Mel Pescuezo","@id":"https:\/\/radiolitoral.com\/#\/schema\/person\/aad4f72efa404f85b68e832d24cac059"},"headline":"Diferentes candidatos presentan su candidatura a Les Corts","datePublished":"2023-04-20T13:42:31+00:00","dateModified":"2023-04-20T13:44:15+00:00","mainEntityOfPage":{"@id":"https:\/\/radiolitoral.com\/2023\/04\/diferentes-candidatos-presentan-su-candidatura-a-les-corts\/"},"wordCount":300,"commentCount":0,"publisher":{"@id":"https:\/\/radiolitoral.com\/#organization"},"image":{"@id":"https:\/\/radiolitoral.com\/2023\/04\/diferentes-candidatos-presentan-su-candidatura-a-les-corts\/#primaryimage"},"thumbnailUrl":"https:\/\/media.radiolitoral.com\/wp-content\/uploads\/2023\/04\/20154206\/DIPUTACION-ALICANTE.jpg","articleSection":["Pol\u00edtica"],"inLanguage":"ca","potentialAction":[{"@type":"CommentAction","name":"Comment","target":["https:\/\/radiolitoral.com\/2023\/04\/diferentes-candidatos-presentan-su-candidatura-a-les-corts\/#respond"]}]},{"@type":["WebPage","ItemPage"],"@id":"https:\/\/radiolitoral.com\/2023\/04\/diferentes-candidatos-presentan-su-candidatura-a-les-corts\/","url":"https:\/\/radiolitoral.com\/2023\/04\/diferentes-candidatos-presentan-su-candidatura-a-les-corts\/","name":"Diferents candidats presenten la candidatura a les Corts | R\u00e0dio Litoral","isPartOf":{"@id":"https:\/\/radiolitoral.com\/#website"},"primaryImageOfPage":{"@id":"https:\/\/radiolitoral.com\/2023\/04\/diferentes-candidatos-presentan-su-candidatura-a-les-corts\/#primaryimage"},"image":{"@id":"https:\/\/radiolitoral.com\/2023\/04\/diferentes-candidatos-presentan-su-candidatura-a-les-corts\/#primaryimage"},"thumbnailUrl":"https:\/\/media.radiolitoral.com\/wp-content\/uploads\/2023\/04\/20154206\/DIPUTACION-ALICANTE.jpg","datePublished":"2023-04-20T13:42:31+00:00","dateModified":"2023-04-20T13:44:15+00:00","description":"Com a n\u00famero dos figura el diputat i regidor de Xal\u00f3 Gerard Fullana, al n\u00famero 8 el benisser Alberto Robles Com a n\u00famero dos figura el diputat i regidor de Xal\u00f3 Gerard Fullana, al n\u00famero 8 el benisser Alberto Robles","breadcrumb":{"@id":"https:\/\/radiolitoral.com\/2023\/04\/diferentes-candidatos-presentan-su-candidatura-a-les-corts\/#breadcrumb"},"inLanguage":"ca","potentialAction":[{"@type":"ReadAction","target":["https:\/\/radiolitoral.com\/2023\/04\/diferentes-candidatos-presentan-su-candidatura-a-les-corts\/"]}]},{"@type":"ImageObject","inLanguage":"ca","@id":"https:\/\/radiolitoral.com\/2023\/04\/diferentes-candidatos-presentan-su-candidatura-a-les-corts\/#primaryimage","url":"https:\/\/media.radiolitoral.com\/wp-content\/uploads\/2023\/04\/20154206\/DIPUTACION-ALICANTE.jpg","contentUrl":"https:\/\/media.radiolitoral.com\/wp-content\/uploads\/2023\/04\/20154206\/DIPUTACION-ALICANTE.jpg","width":1920,"height":1280},{"@type":"BreadcrumbList","@id":"https:\/\/radiolitoral.com\/2023\/04\/diferentes-candidatos-presentan-su-candidatura-a-les-corts\/#breadcrumb","itemListElement":[{"@type":"ListItem","position":1,"name":"Portada","item":"https:\/\/radiolitoral.com\/"},{"@type":"ListItem","position":2,"name":"Diferentes candidatos presentan su candidatura a Les Corts"}]},{"@type":"WebSite","@id":"https:\/\/radiolitoral.com\/#website","url":"https:\/\/radiolitoral.com\/","name":"R\u00e0dio Litoral","description":"La r\u00e0dio local de la Marina Alta","publisher":{"@id":"https:\/\/radiolitoral.com\/#organization"},"alternateName":"Litoral FM","potentialAction":[{"@type":"SearchAction","target":{"@type":"EntryPoint","urlTemplate":"https:\/\/radiolitoral.com\/?s={search_term_string}"},"query-input":{"@type":"PropertyValueSpecification","valueRequired":true,"valueName":"search_term_string"}}],"inLanguage":"ca"},{"@type":"Organization","@id":"https:\/\/radiolitoral.com\/#organization","name":"R\u00e0dio Litoral","url":"https:\/\/radiolitoral.com\/","logo":{"@type":"ImageObject","inLanguage":"ca","@id":"https:\/\/radiolitoral.com\/#\/schema\/logo\/image\/","url":"https:\/\/media.radiolitoral.com\/wp-content\/uploads\/2023\/02\/24143238\/CL-V-RadioLitoral696.png","contentUrl":"https:\/\/media.radiolitoral.com\/wp-content\/uploads\/2023\/02\/24143238\/CL-V-RadioLitoral696.png","width":696,"height":696,"caption":"Radio Litoral"},"image":{"@id":"https:\/\/radiolitoral.com\/#\/schema\/logo\/image\/"},"sameAs":["https:\/\/www.facebook.com\/Laradiolitoral\/"]},{"@type":"Person","@id":"https:\/\/radiolitoral.com\/#\/schema\/person\/aad4f72efa404f85b68e832d24cac059","name":"Mel Pescuezo","image":{"@type":"ImageObject","inLanguage":"ca","@id":"https:\/\/secure.gravatar.com\/avatar\/993975ae489c70cb0dd9bfa9413a082f0bd276582dac13661af7b33f161e7eea?s=96&d=mm&r=g","url":"https:\/\/secure.gravatar.com\/avatar\/993975ae489c70cb0dd9bfa9413a082f0bd276582dac13661af7b33f161e7eea?s=96&d=mm&r=g","contentUrl":"https:\/\/secure.gravatar.com\/avatar\/993975ae489c70cb0dd9bfa9413a082f0bd276582dac13661af7b33f161e7eea?s=96&d=mm&r=g","caption":"Mel Pescuezo"},"url":"https:\/\/radiolitoral.com\/ca\/author\/serviciospararadios\/"}]}},"_links":{"self":[{"href":"https:\/\/radiolitoral.com\/ca\/wp-json\/wp\/v2\/posts\/2398","targetHints":{"allow":["GET"]}}],"collection":[{"href":"https:\/\/radiolitoral.com\/ca\/wp-json\/wp\/v2\/posts"}],"about":[{"href":"https:\/\/radiolitoral.com\/ca\/wp-json\/wp\/v2\/types\/post"}],"author":[{"embeddable":true,"href":"https:\/\/radiolitoral.com\/ca\/wp-json\/wp\/v2\/users\/21"}],"replies":[{"embeddable":true,"href":"https:\/\/radiolitoral.com\/ca\/wp-json\/wp\/v2\/comments?post=2398"}],"version-history":[{"count":2,"href":"https:\/\/radiolitoral.com\/ca\/wp-json\/wp\/v2\/posts\/2398\/revisions"}],"predecessor-version":[{"id":2403,"href":"https:\/\/radiolitoral.com\/ca\/wp-json\/wp\/v2\/posts\/2398\/revisions\/2403"}],"wp:featuredmedia":[{"embeddable":true,"href":"https:\/\/radiolitoral.com\/ca\/wp-json\/wp\/v2\/media\/2400"}],"wp:attachment":[{"href":"https:\/\/radiolitoral.com\/ca\/wp-json\/wp\/v2\/media?parent=2398"}],"wp:term":[{"taxonomy":"category","embeddable":true,"href":"https:\/\/radiolitoral.com\/ca\/wp-json\/wp\/v2\/categories?post=2398"},{"taxonomy":"post_tag","embeddable":true,"href":"https:\/\/radiolitoral.com\/ca\/wp-json\/wp\/v2\/tags?post=2398"}],"curies":[{"name":"wp","href":"https:\/\/api.w.org\/{rel}","templated":true}]}}