{"id":2375,"date":"2023-04-19T16:08:27","date_gmt":"2023-04-19T14:08:27","guid":{"rendered":"https:\/\/radiolitoral.com\/?p=2375"},"modified":"2023-04-19T16:09:02","modified_gmt":"2023-04-19T14:09:02","slug":"primavera-musical-de-benitaxell-auna-musica-de-carrer-i-de-camera","status":"publish","type":"post","link":"https:\/\/radiolitoral.com\/ca\/2023\/04\/primavera-musical-de-benitaxell-auna-musica-de-calle-y-de-camara\/","title":{"rendered":"Primavera Musical de Benitaxell uneix m\u00fasica de carrer i de c\u00e0mera"},"content":{"rendered":"<p><strong>El Poble Nou de Benitatxell es prepara per a una Primavera Musical que uneix m\u00fasica de carrer i de cambra<\/strong>. Aix\u00ed ho anuncien des de l?ajuntament en presentar el XVII Cicle de Concerts de Primavera, amb quatre jornades de m\u00fasica per a tots els p\u00fablics. Una programaci\u00f3 que es desenvolupar\u00e0 del <strong>23 d&#039;abril, aquest diumenge, al 3 de juny<\/strong>.<\/p>\n<p>La gran aposta d&#039;aquesta edici\u00f3, arribar\u00e0 el diumenge 21 de maig, de la m\u00e0 de la <strong>Orquestra de Cambra de Val\u00e8ncia<\/strong>. Per iniciar el programa, aquest diumenge, s&#039;ha previst el concert de <strong>Tocant i Rodant &amp; Al Vent<\/strong>, la col\u00b7laboraci\u00f3 entre el duet de tambor i dol\u00e7aina i el quintet de metalls, que presentaran el seu nou disc <em>Aprendre<\/em>. Ser\u00e0 a les 18:00 ha la pla\u00e7a de l&#039;Esgl\u00e9sia.<\/p>\n<p>El seg\u00fcent cap de setmana, el <strong>30 d&#039;abril<\/strong>, ser\u00e0 el torn de l&#039;OMA \u2013 <strong>Orquestra de la Marina Alta<\/strong>, que actuar\u00e0 a les 18:00ha l&#039;esgl\u00e9sia. La gran aposta d&#039;aquesta edici\u00f3 vindr\u00e0 diumenge <strong>21 de maig<\/strong>, a les 18:00h a l&#039;Esgl\u00e9sia Santa Maria Magdalena, de la m\u00e0 de la <strong>Orquestra de Cambra de Val\u00e8ncia<\/strong>, que ja \u00e9s un habitual de la programaci\u00f3. Interpretaran la <em>Missa a Buenos Aires (Misatango)<\/em>, de Mart\u00edn Palmeri.<\/p>\n<p>L&#039;Orquestra de Cambra de Val\u00e8ncia t\u00e9 una gran personalitat. Destaca per l&#039;energia que ofereix a totes i cadascuna de les interpretacions. Frescor, qualitat i excel\u00b7l\u00e8ncia musical s\u00f3n algunes de les seves qualitats. Des de la seva fundaci\u00f3 l&#039;any 2011, l&#039;OCV s&#039;ha consolidat com a formaci\u00f3 estable que aposta pels valors, el comprom\u00eds social, el talent jove i la gran experi\u00e8ncia d&#039;artistes consolidats.<\/p>\n<p>Tancar\u00e0 el cicle el gran concert que ha preparat per a l&#039;ocasi\u00f3 de la <strong>Agrupaci\u00f3 M\u00fasicmunicipal Santa Maria Magdalena<\/strong> el diumenge <strong>3 de juny<\/strong>, a les 18:00h, a la pla\u00e7a de l&#039;Esgl\u00e9sia.<\/p>\n<p>La major part de concerts estan subvencionats pels programes dajuts a la Cultura de la Diputaci\u00f3 dAlacant i la Generalitat Valenciana. L\u00b4entrada a totes les actuacions \u00e9s totalment lliure i gratu\u00efta.<\/p>","protected":false},"excerpt":{"rendered":"<p>El Poble Nou de Benitatxell se prepara para una Primavera Musical que a\u00fana m\u00fasica de calle y de c\u00e1mara. As\u00ed lo anuncian desde el ayuntamiento al presentar el XVII Ciclo de Conciertos de Primavera, con cuatro jornadas de m\u00fasica para todos los p\u00fablicos. Una programaci\u00f3n que se desarrollar\u00e1 del 23 de abril, este domingo, al [&#8230;]<\/p>\n<p><a class=\"btn btn-secondary understrap-read-more-link\" href=\"https:\/\/radiolitoral.com\/ca\/2023\/04\/primavera-musical-de-benitaxell-auna-musica-de-calle-y-de-camara\/\">Continua llegint&#8230;<span class=\"screen-reader-text\"> from Primavera Musical de Benitaxell a\u00fana m\u00fasica de calle y de c\u00e1mara<\/span><\/a><\/p>\n","protected":false},"author":21,"featured_media":2376,"comment_status":"open","ping_status":"closed","sticky":false,"template":"","format":"standard","meta":{"_acf_changed":false,"inline_featured_image":false,"footnotes":""},"categories":[55],"tags":[570,184,569],"class_list":["post-2375","post","type-post","status-publish","format-standard","has-post-thumbnail","hentry","category-cultura","tag-agenda-cultural-benitatxell","tag-benitatxell","tag-primavera-festival","cobertura-poble-nou-de-benitatxell"],"acf":[],"yoast_head":"<!-- This site is optimized with the Yoast SEO plugin v27.5 - https:\/\/yoast.com\/product\/yoast-seo-wordpress\/ -->\n<title>Primavera Musical de Benitaxell a\u00fana m\u00fasica de calle y de c\u00e1mara | R\u00e0dio Litoral<\/title>\n<meta name=\"description\" content=\"Una programaci\u00f3n que se desarrollar\u00e1 del 23 de abril al 3 de junio Una programaci\u00f3n que se desarrollar\u00e1 del 23 de abril al 3 de junio\" \/>\n<meta name=\"robots\" content=\"index, follow, max-snippet:-1, max-image-preview:large, max-video-preview:-1\" \/>\n<link rel=\"canonical\" href=\"https:\/\/radiolitoral.com\/ca\/2023\/04\/primavera-musical-de-benitaxell-auna-musica-de-carrer-i-de-camera\/\" \/>\n<meta property=\"og:locale\" content=\"ca_ES\" \/>\n<meta property=\"og:type\" content=\"article\" \/>\n<meta property=\"og:title\" content=\"Primavera Musical de Benitaxell a\u00fana m\u00fasica de calle y de c\u00e1mara | R\u00e0dio Litoral\" \/>\n<meta property=\"og:description\" content=\"Una programaci\u00f3n que se desarrollar\u00e1 del 23 de abril al 3 de junio Una programaci\u00f3n que se desarrollar\u00e1 del 23 de abril al 3 de junio\" \/>\n<meta property=\"og:url\" content=\"https:\/\/radiolitoral.com\/ca\/2023\/04\/primavera-musical-de-benitaxell-auna-musica-de-carrer-i-de-camera\/\" \/>\n<meta property=\"og:site_name\" content=\"R\u00e0dio Litoral\" \/>\n<meta property=\"article:publisher\" content=\"https:\/\/www.facebook.com\/Laradiolitoral\/\" \/>\n<meta property=\"article:published_time\" content=\"2023-04-19T14:08:27+00:00\" \/>\n<meta property=\"article:modified_time\" content=\"2023-04-19T14:09:02+00:00\" \/>\n<meta property=\"og:image\" content=\"https:\/\/media.radiolitoral.com\/wp-content\/uploads\/2023\/04\/19160818\/Primavera-musical2023-768x576-1.jpg\" \/>\n\t<meta property=\"og:image:width\" content=\"768\" \/>\n\t<meta property=\"og:image:height\" content=\"576\" \/>\n\t<meta property=\"og:image:type\" content=\"image\/jpeg\" \/>\n<meta name=\"author\" content=\"Mel Pescuezo\" \/>\n<meta name=\"twitter:card\" content=\"summary_large_image\" \/>\n<meta name=\"twitter:label1\" content=\"Escrit per\" \/>\n\t<meta name=\"twitter:data1\" content=\"Mel Pescuezo\" \/>\n\t<meta name=\"twitter:label2\" content=\"Temps estimat de lectura\" \/>\n\t<meta name=\"twitter:data2\" content=\"2 minuts\" \/>\n<script type=\"application\/ld+json\" class=\"yoast-schema-graph\">{\"@context\":\"https:\\\/\\\/schema.org\",\"@graph\":[{\"@type\":\"NewsArticle\",\"@id\":\"https:\\\/\\\/radiolitoral.com\\\/2023\\\/04\\\/primavera-musical-de-benitaxell-auna-musica-de-calle-y-de-camara\\\/#article\",\"isPartOf\":{\"@id\":\"https:\\\/\\\/radiolitoral.com\\\/2023\\\/04\\\/primavera-musical-de-benitaxell-auna-musica-de-calle-y-de-camara\\\/\"},\"author\":{\"name\":\"Mel Pescuezo\",\"@id\":\"https:\\\/\\\/radiolitoral.com\\\/#\\\/schema\\\/person\\\/aad4f72efa404f85b68e832d24cac059\"},\"headline\":\"Primavera Musical de Benitaxell a\u00fana m\u00fasica de calle y de c\u00e1mara\",\"datePublished\":\"2023-04-19T14:08:27+00:00\",\"dateModified\":\"2023-04-19T14:09:02+00:00\",\"mainEntityOfPage\":{\"@id\":\"https:\\\/\\\/radiolitoral.com\\\/2023\\\/04\\\/primavera-musical-de-benitaxell-auna-musica-de-calle-y-de-camara\\\/\"},\"wordCount\":378,\"commentCount\":0,\"publisher\":{\"@id\":\"https:\\\/\\\/radiolitoral.com\\\/#organization\"},\"image\":{\"@id\":\"https:\\\/\\\/radiolitoral.com\\\/2023\\\/04\\\/primavera-musical-de-benitaxell-auna-musica-de-calle-y-de-camara\\\/#primaryimage\"},\"thumbnailUrl\":\"https:\\\/\\\/media.radiolitoral.com\\\/wp-content\\\/uploads\\\/2023\\\/04\\\/19160818\\\/Primavera-musical2023-768x576-1.jpg\",\"keywords\":[\"agenda cultural Benitatxell\",\"Benitatxell\",\"Primavera Festival\"],\"articleSection\":[\"Cultura\"],\"inLanguage\":\"ca\",\"potentialAction\":[{\"@type\":\"CommentAction\",\"name\":\"Comment\",\"target\":[\"https:\\\/\\\/radiolitoral.com\\\/2023\\\/04\\\/primavera-musical-de-benitaxell-auna-musica-de-calle-y-de-camara\\\/#respond\"]}]},{\"@type\":[\"WebPage\",\"ItemPage\"],\"@id\":\"https:\\\/\\\/radiolitoral.com\\\/2023\\\/04\\\/primavera-musical-de-benitaxell-auna-musica-de-calle-y-de-camara\\\/\",\"url\":\"https:\\\/\\\/radiolitoral.com\\\/2023\\\/04\\\/primavera-musical-de-benitaxell-auna-musica-de-calle-y-de-camara\\\/\",\"name\":\"Primavera Musical de Benitaxell a\u00fana m\u00fasica de calle y de c\u00e1mara | R\u00e0dio Litoral\",\"isPartOf\":{\"@id\":\"https:\\\/\\\/radiolitoral.com\\\/#website\"},\"primaryImageOfPage\":{\"@id\":\"https:\\\/\\\/radiolitoral.com\\\/2023\\\/04\\\/primavera-musical-de-benitaxell-auna-musica-de-calle-y-de-camara\\\/#primaryimage\"},\"image\":{\"@id\":\"https:\\\/\\\/radiolitoral.com\\\/2023\\\/04\\\/primavera-musical-de-benitaxell-auna-musica-de-calle-y-de-camara\\\/#primaryimage\"},\"thumbnailUrl\":\"https:\\\/\\\/media.radiolitoral.com\\\/wp-content\\\/uploads\\\/2023\\\/04\\\/19160818\\\/Primavera-musical2023-768x576-1.jpg\",\"datePublished\":\"2023-04-19T14:08:27+00:00\",\"dateModified\":\"2023-04-19T14:09:02+00:00\",\"description\":\"Una programaci\u00f3n que se desarrollar\u00e1 del 23 de abril al 3 de junio Una programaci\u00f3n que se desarrollar\u00e1 del 23 de abril al 3 de junio\",\"breadcrumb\":{\"@id\":\"https:\\\/\\\/radiolitoral.com\\\/2023\\\/04\\\/primavera-musical-de-benitaxell-auna-musica-de-calle-y-de-camara\\\/#breadcrumb\"},\"inLanguage\":\"ca\",\"potentialAction\":[{\"@type\":\"ReadAction\",\"target\":[\"https:\\\/\\\/radiolitoral.com\\\/2023\\\/04\\\/primavera-musical-de-benitaxell-auna-musica-de-calle-y-de-camara\\\/\"]}]},{\"@type\":\"ImageObject\",\"inLanguage\":\"ca\",\"@id\":\"https:\\\/\\\/radiolitoral.com\\\/2023\\\/04\\\/primavera-musical-de-benitaxell-auna-musica-de-calle-y-de-camara\\\/#primaryimage\",\"url\":\"https:\\\/\\\/media.radiolitoral.com\\\/wp-content\\\/uploads\\\/2023\\\/04\\\/19160818\\\/Primavera-musical2023-768x576-1.jpg\",\"contentUrl\":\"https:\\\/\\\/media.radiolitoral.com\\\/wp-content\\\/uploads\\\/2023\\\/04\\\/19160818\\\/Primavera-musical2023-768x576-1.jpg\",\"width\":768,\"height\":576},{\"@type\":\"BreadcrumbList\",\"@id\":\"https:\\\/\\\/radiolitoral.com\\\/2023\\\/04\\\/primavera-musical-de-benitaxell-auna-musica-de-calle-y-de-camara\\\/#breadcrumb\",\"itemListElement\":[{\"@type\":\"ListItem\",\"position\":1,\"name\":\"Portada\",\"item\":\"https:\\\/\\\/radiolitoral.com\\\/\"},{\"@type\":\"ListItem\",\"position\":2,\"name\":\"Primavera Musical de Benitaxell a\u00fana m\u00fasica de calle y de c\u00e1mara\"}]},{\"@type\":\"WebSite\",\"@id\":\"https:\\\/\\\/radiolitoral.com\\\/#website\",\"url\":\"https:\\\/\\\/radiolitoral.com\\\/\",\"name\":\"Radio Litoral\",\"description\":\"La radio local de la Marina Alta\",\"publisher\":{\"@id\":\"https:\\\/\\\/radiolitoral.com\\\/#organization\"},\"alternateName\":\"Litoral FM\",\"potentialAction\":[{\"@type\":\"SearchAction\",\"target\":{\"@type\":\"EntryPoint\",\"urlTemplate\":\"https:\\\/\\\/radiolitoral.com\\\/?s={search_term_string}\"},\"query-input\":{\"@type\":\"PropertyValueSpecification\",\"valueRequired\":true,\"valueName\":\"search_term_string\"}}],\"inLanguage\":\"ca\"},{\"@type\":\"Organization\",\"@id\":\"https:\\\/\\\/radiolitoral.com\\\/#organization\",\"name\":\"Radio Litoral\",\"url\":\"https:\\\/\\\/radiolitoral.com\\\/\",\"logo\":{\"@type\":\"ImageObject\",\"inLanguage\":\"ca\",\"@id\":\"https:\\\/\\\/radiolitoral.com\\\/#\\\/schema\\\/logo\\\/image\\\/\",\"url\":\"https:\\\/\\\/media.radiolitoral.com\\\/wp-content\\\/uploads\\\/2023\\\/02\\\/24143238\\\/CL-V-RadioLitoral696.png\",\"contentUrl\":\"https:\\\/\\\/media.radiolitoral.com\\\/wp-content\\\/uploads\\\/2023\\\/02\\\/24143238\\\/CL-V-RadioLitoral696.png\",\"width\":696,\"height\":696,\"caption\":\"Radio Litoral\"},\"image\":{\"@id\":\"https:\\\/\\\/radiolitoral.com\\\/#\\\/schema\\\/logo\\\/image\\\/\"},\"sameAs\":[\"https:\\\/\\\/www.facebook.com\\\/Laradiolitoral\\\/\"]},{\"@type\":\"Person\",\"@id\":\"https:\\\/\\\/radiolitoral.com\\\/#\\\/schema\\\/person\\\/aad4f72efa404f85b68e832d24cac059\",\"name\":\"Mel Pescuezo\",\"image\":{\"@type\":\"ImageObject\",\"inLanguage\":\"ca\",\"@id\":\"https:\\\/\\\/secure.gravatar.com\\\/avatar\\\/993975ae489c70cb0dd9bfa9413a082f0bd276582dac13661af7b33f161e7eea?s=96&d=mm&r=g\",\"url\":\"https:\\\/\\\/secure.gravatar.com\\\/avatar\\\/993975ae489c70cb0dd9bfa9413a082f0bd276582dac13661af7b33f161e7eea?s=96&d=mm&r=g\",\"contentUrl\":\"https:\\\/\\\/secure.gravatar.com\\\/avatar\\\/993975ae489c70cb0dd9bfa9413a082f0bd276582dac13661af7b33f161e7eea?s=96&d=mm&r=g\",\"caption\":\"Mel Pescuezo\"},\"url\":\"https:\\\/\\\/radiolitoral.com\\\/ca\\\/author\\\/serviciospararadios\\\/\"}]}<\/script>\n<!-- \/ Yoast SEO plugin. -->","yoast_head_json":{"title":"Primavera Musical de Benitaxell uneix m\u00fasica de carrer i de c\u00e0mera | R\u00e0dio Litoral","description":"Una programaci\u00f3 que es desenvolupar\u00e0 del 23 dabril al 3 de juny Una programaci\u00f3 que es desenvolupar\u00e0 del 23 dabril al 3 de juny","robots":{"index":"index","follow":"follow","max-snippet":"max-snippet:-1","max-image-preview":"max-image-preview:large","max-video-preview":"max-video-preview:-1"},"canonical":"https:\/\/radiolitoral.com\/ca\/2023\/04\/primavera-musical-de-benitaxell-auna-musica-de-carrer-i-de-camera\/","og_locale":"ca_ES","og_type":"article","og_title":"Primavera Musical de Benitaxell a\u00fana m\u00fasica de calle y de c\u00e1mara | R\u00e0dio Litoral","og_description":"Una programaci\u00f3n que se desarrollar\u00e1 del 23 de abril al 3 de junio Una programaci\u00f3n que se desarrollar\u00e1 del 23 de abril al 3 de junio","og_url":"https:\/\/radiolitoral.com\/ca\/2023\/04\/primavera-musical-de-benitaxell-auna-musica-de-carrer-i-de-camera\/","og_site_name":"R\u00e0dio Litoral","article_publisher":"https:\/\/www.facebook.com\/Laradiolitoral\/","article_published_time":"2023-04-19T14:08:27+00:00","article_modified_time":"2023-04-19T14:09:02+00:00","og_image":[{"width":768,"height":576,"url":"https:\/\/media.radiolitoral.com\/wp-content\/uploads\/2023\/04\/19160818\/Primavera-musical2023-768x576-1.jpg","type":"image\/jpeg"}],"author":"Mel Pescuezo","twitter_card":"summary_large_image","twitter_misc":{"Escrit per":"Mel Pescuezo","Temps estimat de lectura":"2 minuts"},"schema":{"@context":"https:\/\/schema.org","@graph":[{"@type":"NewsArticle","@id":"https:\/\/radiolitoral.com\/2023\/04\/primavera-musical-de-benitaxell-auna-musica-de-calle-y-de-camara\/#article","isPartOf":{"@id":"https:\/\/radiolitoral.com\/2023\/04\/primavera-musical-de-benitaxell-auna-musica-de-calle-y-de-camara\/"},"author":{"name":"Mel Pescuezo","@id":"https:\/\/radiolitoral.com\/#\/schema\/person\/aad4f72efa404f85b68e832d24cac059"},"headline":"Primavera Musical de Benitaxell a\u00fana m\u00fasica de calle y de c\u00e1mara","datePublished":"2023-04-19T14:08:27+00:00","dateModified":"2023-04-19T14:09:02+00:00","mainEntityOfPage":{"@id":"https:\/\/radiolitoral.com\/2023\/04\/primavera-musical-de-benitaxell-auna-musica-de-calle-y-de-camara\/"},"wordCount":378,"commentCount":0,"publisher":{"@id":"https:\/\/radiolitoral.com\/#organization"},"image":{"@id":"https:\/\/radiolitoral.com\/2023\/04\/primavera-musical-de-benitaxell-auna-musica-de-calle-y-de-camara\/#primaryimage"},"thumbnailUrl":"https:\/\/media.radiolitoral.com\/wp-content\/uploads\/2023\/04\/19160818\/Primavera-musical2023-768x576-1.jpg","keywords":["agenda cultural Benitatxell","Benitatxell","Primavera Festival"],"articleSection":["Cultura"],"inLanguage":"ca","potentialAction":[{"@type":"CommentAction","name":"Comment","target":["https:\/\/radiolitoral.com\/2023\/04\/primavera-musical-de-benitaxell-auna-musica-de-calle-y-de-camara\/#respond"]}]},{"@type":["WebPage","ItemPage"],"@id":"https:\/\/radiolitoral.com\/2023\/04\/primavera-musical-de-benitaxell-auna-musica-de-calle-y-de-camara\/","url":"https:\/\/radiolitoral.com\/2023\/04\/primavera-musical-de-benitaxell-auna-musica-de-calle-y-de-camara\/","name":"Primavera Musical de Benitaxell uneix m\u00fasica de carrer i de c\u00e0mera | R\u00e0dio Litoral","isPartOf":{"@id":"https:\/\/radiolitoral.com\/#website"},"primaryImageOfPage":{"@id":"https:\/\/radiolitoral.com\/2023\/04\/primavera-musical-de-benitaxell-auna-musica-de-calle-y-de-camara\/#primaryimage"},"image":{"@id":"https:\/\/radiolitoral.com\/2023\/04\/primavera-musical-de-benitaxell-auna-musica-de-calle-y-de-camara\/#primaryimage"},"thumbnailUrl":"https:\/\/media.radiolitoral.com\/wp-content\/uploads\/2023\/04\/19160818\/Primavera-musical2023-768x576-1.jpg","datePublished":"2023-04-19T14:08:27+00:00","dateModified":"2023-04-19T14:09:02+00:00","description":"Una programaci\u00f3 que es desenvolupar\u00e0 del 23 dabril al 3 de juny Una programaci\u00f3 que es desenvolupar\u00e0 del 23 dabril al 3 de juny","breadcrumb":{"@id":"https:\/\/radiolitoral.com\/2023\/04\/primavera-musical-de-benitaxell-auna-musica-de-calle-y-de-camara\/#breadcrumb"},"inLanguage":"ca","potentialAction":[{"@type":"ReadAction","target":["https:\/\/radiolitoral.com\/2023\/04\/primavera-musical-de-benitaxell-auna-musica-de-calle-y-de-camara\/"]}]},{"@type":"ImageObject","inLanguage":"ca","@id":"https:\/\/radiolitoral.com\/2023\/04\/primavera-musical-de-benitaxell-auna-musica-de-calle-y-de-camara\/#primaryimage","url":"https:\/\/media.radiolitoral.com\/wp-content\/uploads\/2023\/04\/19160818\/Primavera-musical2023-768x576-1.jpg","contentUrl":"https:\/\/media.radiolitoral.com\/wp-content\/uploads\/2023\/04\/19160818\/Primavera-musical2023-768x576-1.jpg","width":768,"height":576},{"@type":"BreadcrumbList","@id":"https:\/\/radiolitoral.com\/2023\/04\/primavera-musical-de-benitaxell-auna-musica-de-calle-y-de-camara\/#breadcrumb","itemListElement":[{"@type":"ListItem","position":1,"name":"Portada","item":"https:\/\/radiolitoral.com\/"},{"@type":"ListItem","position":2,"name":"Primavera Musical de Benitaxell a\u00fana m\u00fasica de calle y de c\u00e1mara"}]},{"@type":"WebSite","@id":"https:\/\/radiolitoral.com\/#website","url":"https:\/\/radiolitoral.com\/","name":"R\u00e0dio Litoral","description":"La r\u00e0dio local de la Marina Alta","publisher":{"@id":"https:\/\/radiolitoral.com\/#organization"},"alternateName":"Litoral FM","potentialAction":[{"@type":"SearchAction","target":{"@type":"EntryPoint","urlTemplate":"https:\/\/radiolitoral.com\/?s={search_term_string}"},"query-input":{"@type":"PropertyValueSpecification","valueRequired":true,"valueName":"search_term_string"}}],"inLanguage":"ca"},{"@type":"Organization","@id":"https:\/\/radiolitoral.com\/#organization","name":"R\u00e0dio Litoral","url":"https:\/\/radiolitoral.com\/","logo":{"@type":"ImageObject","inLanguage":"ca","@id":"https:\/\/radiolitoral.com\/#\/schema\/logo\/image\/","url":"https:\/\/media.radiolitoral.com\/wp-content\/uploads\/2023\/02\/24143238\/CL-V-RadioLitoral696.png","contentUrl":"https:\/\/media.radiolitoral.com\/wp-content\/uploads\/2023\/02\/24143238\/CL-V-RadioLitoral696.png","width":696,"height":696,"caption":"Radio Litoral"},"image":{"@id":"https:\/\/radiolitoral.com\/#\/schema\/logo\/image\/"},"sameAs":["https:\/\/www.facebook.com\/Laradiolitoral\/"]},{"@type":"Person","@id":"https:\/\/radiolitoral.com\/#\/schema\/person\/aad4f72efa404f85b68e832d24cac059","name":"Mel Pescuezo","image":{"@type":"ImageObject","inLanguage":"ca","@id":"https:\/\/secure.gravatar.com\/avatar\/993975ae489c70cb0dd9bfa9413a082f0bd276582dac13661af7b33f161e7eea?s=96&d=mm&r=g","url":"https:\/\/secure.gravatar.com\/avatar\/993975ae489c70cb0dd9bfa9413a082f0bd276582dac13661af7b33f161e7eea?s=96&d=mm&r=g","contentUrl":"https:\/\/secure.gravatar.com\/avatar\/993975ae489c70cb0dd9bfa9413a082f0bd276582dac13661af7b33f161e7eea?s=96&d=mm&r=g","caption":"Mel Pescuezo"},"url":"https:\/\/radiolitoral.com\/ca\/author\/serviciospararadios\/"}]}},"_links":{"self":[{"href":"https:\/\/radiolitoral.com\/ca\/wp-json\/wp\/v2\/posts\/2375","targetHints":{"allow":["GET"]}}],"collection":[{"href":"https:\/\/radiolitoral.com\/ca\/wp-json\/wp\/v2\/posts"}],"about":[{"href":"https:\/\/radiolitoral.com\/ca\/wp-json\/wp\/v2\/types\/post"}],"author":[{"embeddable":true,"href":"https:\/\/radiolitoral.com\/ca\/wp-json\/wp\/v2\/users\/21"}],"replies":[{"embeddable":true,"href":"https:\/\/radiolitoral.com\/ca\/wp-json\/wp\/v2\/comments?post=2375"}],"version-history":[{"count":1,"href":"https:\/\/radiolitoral.com\/ca\/wp-json\/wp\/v2\/posts\/2375\/revisions"}],"predecessor-version":[{"id":2377,"href":"https:\/\/radiolitoral.com\/ca\/wp-json\/wp\/v2\/posts\/2375\/revisions\/2377"}],"wp:featuredmedia":[{"embeddable":true,"href":"https:\/\/radiolitoral.com\/ca\/wp-json\/wp\/v2\/media\/2376"}],"wp:attachment":[{"href":"https:\/\/radiolitoral.com\/ca\/wp-json\/wp\/v2\/media?parent=2375"}],"wp:term":[{"taxonomy":"category","embeddable":true,"href":"https:\/\/radiolitoral.com\/ca\/wp-json\/wp\/v2\/categories?post=2375"},{"taxonomy":"post_tag","embeddable":true,"href":"https:\/\/radiolitoral.com\/ca\/wp-json\/wp\/v2\/tags?post=2375"}],"curies":[{"name":"wp","href":"https:\/\/api.w.org\/{rel}","templated":true}]}}