{"id":2361,"date":"2023-04-19T15:40:30","date_gmt":"2023-04-19T13:40:30","guid":{"rendered":"https:\/\/radiolitoral.com\/?p=2361"},"modified":"2023-04-19T15:41:45","modified_gmt":"2023-04-19T13:41:45","slug":"la-manifestacio-per-la-sanitat-recorrera-els-carrers-de-denia-aquest-divendres","status":"publish","type":"post","link":"https:\/\/radiolitoral.com\/ca\/2023\/04\/la-manifestacion-por-la-sanidad-recorrera-las-calles-de-denia-este-viernes\/","title":{"rendered":"La manifestaci\u00f3 per la sanitat recorrer\u00e0 els carrers de D\u00e9nia aquest divendres"},"content":{"rendered":"<p>Ens fem ress\u00f2 de la trucada que des del Comit\u00e8 d&#039;empresa de Marina Salut es llan\u00e7a a tota la ciutadania perqu\u00e8 se sumi a la <strong>manifestaci\u00f3 per la sanitat de qualitat a la Marina Alta que est\u00e0 convocada per aquest divendres<\/strong>, 21 d&#039;abril.<\/p>\n<p>Els representants dels treballadors, Joan Sarri\u00f3s, president del Comit\u00e8 d&#039;Empresa i Ver\u00f3nica Ramos secret\u00e0ria d&#039;aquest \u00f2rgan, recorden que aquesta mobilitzaci\u00f3 tamb\u00e9 reivindica millores per a tots els ve\u00efns de la comarca com a usuaris de la sanitat al Departament de Salut de D\u00e9nia.<\/p>\n<p>Una manifestaci\u00f3 que recorrer\u00e0 els principals carrers del centre urb\u00e0 de la capital comarcal i que <strong>servir\u00e0 per exigir millores laborals i d&#039;atenci\u00f3 sanit\u00e0ria a la Marina Alta<\/strong>. La protesta, arrancar\u00e0 a les 19 hores, des de la seu de la Creu Roja de D\u00e9nia, al costat del port.<\/p>\n<audio class=\"wp-audio-shortcode\" id=\"audio-2361-1\" preload=\"none\" style=\"width: 100%;\" controls=\"controls\"><source type=\"audio\/mpeg\" src=\"https:\/\/media.radiolitoral.com\/wp-content\/uploads\/2023\/04\/19152809\/Llamamiento-Mani-Sanidad.mp3?_=1\" \/><a href=\"https:\/\/media.radiolitoral.com\/wp-content\/uploads\/2023\/04\/19152809\/Llamamiento-Mani-Sanidad.mp3\">https:\/\/media.radiolitoral.com\/wp-content\/uploads\/2023\/04\/19152809\/Llamamiento-Mani-Sanidad.mp3<\/a><\/audio>","protected":false},"excerpt":{"rendered":"<p>Nos hacemos eco de la llamada que desde el Comit\u00e9 de empresa de Marina Salud se lanza a toda la ciudadan\u00eda para que se sume a la manifestaci\u00f3n por la sanidad de calidad en la Marina Alta que est\u00e1 convocada para este viernes, 21 de abril. Los representantes de los trabajadores, Joan Sarri\u00f3s, presidente del [&#8230;]<\/p>\n<p><a class=\"btn btn-secondary understrap-read-more-link\" href=\"https:\/\/radiolitoral.com\/ca\/2023\/04\/la-manifestacion-por-la-sanidad-recorrera-las-calles-de-denia-este-viernes\/\">Continua llegint&#8230;<span class=\"screen-reader-text\"> from La manifestaci\u00f3n por la sanidad recorrer\u00e1 las calles de D\u00e9nia este viernes<\/span><\/a><\/p>\n","protected":false},"author":13,"featured_media":2363,"comment_status":"open","ping_status":"closed","sticky":false,"template":"","format":"standard","meta":{"_acf_changed":false,"inline_featured_image":false,"footnotes":""},"categories":[380],"tags":[565,566,564],"class_list":["post-2361","post","type-post","status-publish","format-standard","has-post-thumbnail","hentry","category-sanidad","tag-manifestacion-marina-alta","tag-manifestacion-marina-salud","tag-manifestacion-sanidad","cobertura-marina-alta"],"acf":[],"yoast_head":"<!-- This site is optimized with the Yoast SEO plugin v27.5 - https:\/\/yoast.com\/product\/yoast-seo-wordpress\/ -->\n<title>La manifestaci\u00f3n por la sanidad recorrer\u00e1 las calles de D\u00e9nia este viernes | R\u00e0dio Litoral<\/title>\n<meta name=\"description\" content=\"Se exigen mejoras laborales y de atenci\u00f3n sanitaria en la Marina Alta\" \/>\n<meta name=\"robots\" content=\"index, follow, max-snippet:-1, max-image-preview:large, max-video-preview:-1\" \/>\n<link rel=\"canonical\" href=\"https:\/\/radiolitoral.com\/ca\/2023\/04\/la-manifestacio-per-la-sanitat-recorrera-els-carrers-de-denia-aquest-divendres\/\" \/>\n<meta property=\"og:locale\" content=\"ca_ES\" \/>\n<meta property=\"og:type\" content=\"article\" \/>\n<meta property=\"og:title\" content=\"La manifestaci\u00f3n por la sanidad recorrer\u00e1 las calles de D\u00e9nia este viernes | R\u00e0dio Litoral\" \/>\n<meta property=\"og:description\" content=\"Se exigen mejoras laborales y de atenci\u00f3n sanitaria en la Marina Alta\" \/>\n<meta property=\"og:url\" content=\"https:\/\/radiolitoral.com\/ca\/2023\/04\/la-manifestacio-per-la-sanitat-recorrera-els-carrers-de-denia-aquest-divendres\/\" \/>\n<meta property=\"og:site_name\" content=\"R\u00e0dio Litoral\" \/>\n<meta property=\"article:publisher\" content=\"https:\/\/www.facebook.com\/Laradiolitoral\/\" \/>\n<meta property=\"article:published_time\" content=\"2023-04-19T13:40:30+00:00\" \/>\n<meta property=\"article:modified_time\" content=\"2023-04-19T13:41:45+00:00\" \/>\n<meta property=\"og:image\" content=\"https:\/\/media.radiolitoral.com\/wp-content\/uploads\/2023\/04\/19154025\/Urgencias.jpg\" \/>\n\t<meta property=\"og:image:width\" content=\"884\" \/>\n\t<meta property=\"og:image:height\" content=\"614\" \/>\n\t<meta property=\"og:image:type\" content=\"image\/jpeg\" \/>\n<meta name=\"author\" content=\"Redacci\u00f3n\" \/>\n<meta name=\"twitter:card\" content=\"summary_large_image\" \/>\n<meta name=\"twitter:label1\" content=\"Escrit per\" \/>\n\t<meta name=\"twitter:data1\" content=\"Redacci\u00f3n\" \/>\n\t<meta name=\"twitter:label2\" content=\"Temps estimat de lectura\" \/>\n\t<meta name=\"twitter:data2\" content=\"1 minut\" \/>\n<script type=\"application\/ld+json\" class=\"yoast-schema-graph\">{\"@context\":\"https:\\\/\\\/schema.org\",\"@graph\":[{\"@type\":\"NewsArticle\",\"@id\":\"https:\\\/\\\/radiolitoral.com\\\/2023\\\/04\\\/la-manifestacion-por-la-sanidad-recorrera-las-calles-de-denia-este-viernes\\\/#article\",\"isPartOf\":{\"@id\":\"https:\\\/\\\/radiolitoral.com\\\/2023\\\/04\\\/la-manifestacion-por-la-sanidad-recorrera-las-calles-de-denia-este-viernes\\\/\"},\"author\":{\"name\":\"Redacci\u00f3n\",\"@id\":\"https:\\\/\\\/radiolitoral.com\\\/#\\\/schema\\\/person\\\/f2b2343c49b5d721857cc1002bfdb151\"},\"headline\":\"La manifestaci\u00f3n por la sanidad recorrer\u00e1 las calles de D\u00e9nia este viernes\",\"datePublished\":\"2023-04-19T13:40:30+00:00\",\"dateModified\":\"2023-04-19T13:41:45+00:00\",\"mainEntityOfPage\":{\"@id\":\"https:\\\/\\\/radiolitoral.com\\\/2023\\\/04\\\/la-manifestacion-por-la-sanidad-recorrera-las-calles-de-denia-este-viernes\\\/\"},\"wordCount\":171,\"commentCount\":0,\"publisher\":{\"@id\":\"https:\\\/\\\/radiolitoral.com\\\/#organization\"},\"image\":{\"@id\":\"https:\\\/\\\/radiolitoral.com\\\/2023\\\/04\\\/la-manifestacion-por-la-sanidad-recorrera-las-calles-de-denia-este-viernes\\\/#primaryimage\"},\"thumbnailUrl\":\"https:\\\/\\\/media.radiolitoral.com\\\/wp-content\\\/uploads\\\/2023\\\/04\\\/19154025\\\/Urgencias.jpg\",\"keywords\":[\"manifestaci\u00f3n Marina Alta\",\"manifestaci\u00f3n Marina Salud\",\"manifestaci\u00f3n sanidad\"],\"articleSection\":[\"Sanidad\"],\"inLanguage\":\"ca\",\"potentialAction\":[{\"@type\":\"CommentAction\",\"name\":\"Comment\",\"target\":[\"https:\\\/\\\/radiolitoral.com\\\/2023\\\/04\\\/la-manifestacion-por-la-sanidad-recorrera-las-calles-de-denia-este-viernes\\\/#respond\"]}]},{\"@type\":[\"WebPage\",\"ItemPage\"],\"@id\":\"https:\\\/\\\/radiolitoral.com\\\/2023\\\/04\\\/la-manifestacion-por-la-sanidad-recorrera-las-calles-de-denia-este-viernes\\\/\",\"url\":\"https:\\\/\\\/radiolitoral.com\\\/2023\\\/04\\\/la-manifestacion-por-la-sanidad-recorrera-las-calles-de-denia-este-viernes\\\/\",\"name\":\"La manifestaci\u00f3n por la sanidad recorrer\u00e1 las calles de D\u00e9nia este viernes | R\u00e0dio Litoral\",\"isPartOf\":{\"@id\":\"https:\\\/\\\/radiolitoral.com\\\/#website\"},\"primaryImageOfPage\":{\"@id\":\"https:\\\/\\\/radiolitoral.com\\\/2023\\\/04\\\/la-manifestacion-por-la-sanidad-recorrera-las-calles-de-denia-este-viernes\\\/#primaryimage\"},\"image\":{\"@id\":\"https:\\\/\\\/radiolitoral.com\\\/2023\\\/04\\\/la-manifestacion-por-la-sanidad-recorrera-las-calles-de-denia-este-viernes\\\/#primaryimage\"},\"thumbnailUrl\":\"https:\\\/\\\/media.radiolitoral.com\\\/wp-content\\\/uploads\\\/2023\\\/04\\\/19154025\\\/Urgencias.jpg\",\"datePublished\":\"2023-04-19T13:40:30+00:00\",\"dateModified\":\"2023-04-19T13:41:45+00:00\",\"description\":\"Se exigen mejoras laborales y de atenci\u00f3n sanitaria en la Marina Alta\",\"breadcrumb\":{\"@id\":\"https:\\\/\\\/radiolitoral.com\\\/2023\\\/04\\\/la-manifestacion-por-la-sanidad-recorrera-las-calles-de-denia-este-viernes\\\/#breadcrumb\"},\"inLanguage\":\"ca\",\"potentialAction\":[{\"@type\":\"ReadAction\",\"target\":[\"https:\\\/\\\/radiolitoral.com\\\/2023\\\/04\\\/la-manifestacion-por-la-sanidad-recorrera-las-calles-de-denia-este-viernes\\\/\"]}]},{\"@type\":\"ImageObject\",\"inLanguage\":\"ca\",\"@id\":\"https:\\\/\\\/radiolitoral.com\\\/2023\\\/04\\\/la-manifestacion-por-la-sanidad-recorrera-las-calles-de-denia-este-viernes\\\/#primaryimage\",\"url\":\"https:\\\/\\\/media.radiolitoral.com\\\/wp-content\\\/uploads\\\/2023\\\/04\\\/19154025\\\/Urgencias.jpg\",\"contentUrl\":\"https:\\\/\\\/media.radiolitoral.com\\\/wp-content\\\/uploads\\\/2023\\\/04\\\/19154025\\\/Urgencias.jpg\",\"width\":884,\"height\":614},{\"@type\":\"BreadcrumbList\",\"@id\":\"https:\\\/\\\/radiolitoral.com\\\/2023\\\/04\\\/la-manifestacion-por-la-sanidad-recorrera-las-calles-de-denia-este-viernes\\\/#breadcrumb\",\"itemListElement\":[{\"@type\":\"ListItem\",\"position\":1,\"name\":\"Portada\",\"item\":\"https:\\\/\\\/radiolitoral.com\\\/\"},{\"@type\":\"ListItem\",\"position\":2,\"name\":\"La manifestaci\u00f3n por la sanidad recorrer\u00e1 las calles de D\u00e9nia este viernes\"}]},{\"@type\":\"WebSite\",\"@id\":\"https:\\\/\\\/radiolitoral.com\\\/#website\",\"url\":\"https:\\\/\\\/radiolitoral.com\\\/\",\"name\":\"Radio Litoral\",\"description\":\"La radio local de la Marina Alta\",\"publisher\":{\"@id\":\"https:\\\/\\\/radiolitoral.com\\\/#organization\"},\"alternateName\":\"Litoral FM\",\"potentialAction\":[{\"@type\":\"SearchAction\",\"target\":{\"@type\":\"EntryPoint\",\"urlTemplate\":\"https:\\\/\\\/radiolitoral.com\\\/?s={search_term_string}\"},\"query-input\":{\"@type\":\"PropertyValueSpecification\",\"valueRequired\":true,\"valueName\":\"search_term_string\"}}],\"inLanguage\":\"ca\"},{\"@type\":\"Organization\",\"@id\":\"https:\\\/\\\/radiolitoral.com\\\/#organization\",\"name\":\"Radio Litoral\",\"url\":\"https:\\\/\\\/radiolitoral.com\\\/\",\"logo\":{\"@type\":\"ImageObject\",\"inLanguage\":\"ca\",\"@id\":\"https:\\\/\\\/radiolitoral.com\\\/#\\\/schema\\\/logo\\\/image\\\/\",\"url\":\"https:\\\/\\\/media.radiolitoral.com\\\/wp-content\\\/uploads\\\/2023\\\/02\\\/24143238\\\/CL-V-RadioLitoral696.png\",\"contentUrl\":\"https:\\\/\\\/media.radiolitoral.com\\\/wp-content\\\/uploads\\\/2023\\\/02\\\/24143238\\\/CL-V-RadioLitoral696.png\",\"width\":696,\"height\":696,\"caption\":\"Radio Litoral\"},\"image\":{\"@id\":\"https:\\\/\\\/radiolitoral.com\\\/#\\\/schema\\\/logo\\\/image\\\/\"},\"sameAs\":[\"https:\\\/\\\/www.facebook.com\\\/Laradiolitoral\\\/\"]},{\"@type\":\"Person\",\"@id\":\"https:\\\/\\\/radiolitoral.com\\\/#\\\/schema\\\/person\\\/f2b2343c49b5d721857cc1002bfdb151\",\"name\":\"Redacci\u00f3n\",\"image\":{\"@type\":\"ImageObject\",\"inLanguage\":\"ca\",\"@id\":\"https:\\\/\\\/secure.gravatar.com\\\/avatar\\\/f771d896c203ad8b3382d7905cfcce5a5c9b008b84b3cd9114e9b9f4cb63f789?s=96&d=mm&r=g\",\"url\":\"https:\\\/\\\/secure.gravatar.com\\\/avatar\\\/f771d896c203ad8b3382d7905cfcce5a5c9b008b84b3cd9114e9b9f4cb63f789?s=96&d=mm&r=g\",\"contentUrl\":\"https:\\\/\\\/secure.gravatar.com\\\/avatar\\\/f771d896c203ad8b3382d7905cfcce5a5c9b008b84b3cd9114e9b9f4cb63f789?s=96&d=mm&r=g\",\"caption\":\"Redacci\u00f3n\"},\"url\":\"https:\\\/\\\/radiolitoral.com\\\/ca\\\/author\\\/miriam-pagan\\\/\"}]}<\/script>\n<!-- \/ Yoast SEO plugin. -->","yoast_head_json":{"title":"La manifestaci\u00f3 per la sanitat recorrer\u00e0 els carrers de D\u00e9nia aquest divendres | R\u00e0dio Litoral","description":"S&#039;exigeixen millores laborals i d&#039;atenci\u00f3 sanit\u00e0ria a la Marina Alta","robots":{"index":"index","follow":"follow","max-snippet":"max-snippet:-1","max-image-preview":"max-image-preview:large","max-video-preview":"max-video-preview:-1"},"canonical":"https:\/\/radiolitoral.com\/ca\/2023\/04\/la-manifestacio-per-la-sanitat-recorrera-els-carrers-de-denia-aquest-divendres\/","og_locale":"ca_ES","og_type":"article","og_title":"La manifestaci\u00f3n por la sanidad recorrer\u00e1 las calles de D\u00e9nia este viernes | R\u00e0dio Litoral","og_description":"Se exigen mejoras laborales y de atenci\u00f3n sanitaria en la Marina Alta","og_url":"https:\/\/radiolitoral.com\/ca\/2023\/04\/la-manifestacio-per-la-sanitat-recorrera-els-carrers-de-denia-aquest-divendres\/","og_site_name":"R\u00e0dio Litoral","article_publisher":"https:\/\/www.facebook.com\/Laradiolitoral\/","article_published_time":"2023-04-19T13:40:30+00:00","article_modified_time":"2023-04-19T13:41:45+00:00","og_image":[{"width":884,"height":614,"url":"https:\/\/media.radiolitoral.com\/wp-content\/uploads\/2023\/04\/19154025\/Urgencias.jpg","type":"image\/jpeg"}],"author":"Redacci\u00f3n","twitter_card":"summary_large_image","twitter_misc":{"Escrit per":"Redacci\u00f3n","Temps estimat de lectura":"1 minut"},"schema":{"@context":"https:\/\/schema.org","@graph":[{"@type":"NewsArticle","@id":"https:\/\/radiolitoral.com\/2023\/04\/la-manifestacion-por-la-sanidad-recorrera-las-calles-de-denia-este-viernes\/#article","isPartOf":{"@id":"https:\/\/radiolitoral.com\/2023\/04\/la-manifestacion-por-la-sanidad-recorrera-las-calles-de-denia-este-viernes\/"},"author":{"name":"Redacci\u00f3n","@id":"https:\/\/radiolitoral.com\/#\/schema\/person\/f2b2343c49b5d721857cc1002bfdb151"},"headline":"La manifestaci\u00f3n por la sanidad recorrer\u00e1 las calles de D\u00e9nia este viernes","datePublished":"2023-04-19T13:40:30+00:00","dateModified":"2023-04-19T13:41:45+00:00","mainEntityOfPage":{"@id":"https:\/\/radiolitoral.com\/2023\/04\/la-manifestacion-por-la-sanidad-recorrera-las-calles-de-denia-este-viernes\/"},"wordCount":171,"commentCount":0,"publisher":{"@id":"https:\/\/radiolitoral.com\/#organization"},"image":{"@id":"https:\/\/radiolitoral.com\/2023\/04\/la-manifestacion-por-la-sanidad-recorrera-las-calles-de-denia-este-viernes\/#primaryimage"},"thumbnailUrl":"https:\/\/media.radiolitoral.com\/wp-content\/uploads\/2023\/04\/19154025\/Urgencias.jpg","keywords":["manifestaci\u00f3n Marina Alta","manifestaci\u00f3n Marina Salud","manifestaci\u00f3n sanidad"],"articleSection":["Sanidad"],"inLanguage":"ca","potentialAction":[{"@type":"CommentAction","name":"Comment","target":["https:\/\/radiolitoral.com\/2023\/04\/la-manifestacion-por-la-sanidad-recorrera-las-calles-de-denia-este-viernes\/#respond"]}]},{"@type":["WebPage","ItemPage"],"@id":"https:\/\/radiolitoral.com\/2023\/04\/la-manifestacion-por-la-sanidad-recorrera-las-calles-de-denia-este-viernes\/","url":"https:\/\/radiolitoral.com\/2023\/04\/la-manifestacion-por-la-sanidad-recorrera-las-calles-de-denia-este-viernes\/","name":"La manifestaci\u00f3 per la sanitat recorrer\u00e0 els carrers de D\u00e9nia aquest divendres | R\u00e0dio Litoral","isPartOf":{"@id":"https:\/\/radiolitoral.com\/#website"},"primaryImageOfPage":{"@id":"https:\/\/radiolitoral.com\/2023\/04\/la-manifestacion-por-la-sanidad-recorrera-las-calles-de-denia-este-viernes\/#primaryimage"},"image":{"@id":"https:\/\/radiolitoral.com\/2023\/04\/la-manifestacion-por-la-sanidad-recorrera-las-calles-de-denia-este-viernes\/#primaryimage"},"thumbnailUrl":"https:\/\/media.radiolitoral.com\/wp-content\/uploads\/2023\/04\/19154025\/Urgencias.jpg","datePublished":"2023-04-19T13:40:30+00:00","dateModified":"2023-04-19T13:41:45+00:00","description":"S&#039;exigeixen millores laborals i d&#039;atenci\u00f3 sanit\u00e0ria a la Marina Alta","breadcrumb":{"@id":"https:\/\/radiolitoral.com\/2023\/04\/la-manifestacion-por-la-sanidad-recorrera-las-calles-de-denia-este-viernes\/#breadcrumb"},"inLanguage":"ca","potentialAction":[{"@type":"ReadAction","target":["https:\/\/radiolitoral.com\/2023\/04\/la-manifestacion-por-la-sanidad-recorrera-las-calles-de-denia-este-viernes\/"]}]},{"@type":"ImageObject","inLanguage":"ca","@id":"https:\/\/radiolitoral.com\/2023\/04\/la-manifestacion-por-la-sanidad-recorrera-las-calles-de-denia-este-viernes\/#primaryimage","url":"https:\/\/media.radiolitoral.com\/wp-content\/uploads\/2023\/04\/19154025\/Urgencias.jpg","contentUrl":"https:\/\/media.radiolitoral.com\/wp-content\/uploads\/2023\/04\/19154025\/Urgencias.jpg","width":884,"height":614},{"@type":"BreadcrumbList","@id":"https:\/\/radiolitoral.com\/2023\/04\/la-manifestacion-por-la-sanidad-recorrera-las-calles-de-denia-este-viernes\/#breadcrumb","itemListElement":[{"@type":"ListItem","position":1,"name":"Portada","item":"https:\/\/radiolitoral.com\/"},{"@type":"ListItem","position":2,"name":"La manifestaci\u00f3n por la sanidad recorrer\u00e1 las calles de D\u00e9nia este viernes"}]},{"@type":"WebSite","@id":"https:\/\/radiolitoral.com\/#website","url":"https:\/\/radiolitoral.com\/","name":"R\u00e0dio Litoral","description":"La r\u00e0dio local de la Marina Alta","publisher":{"@id":"https:\/\/radiolitoral.com\/#organization"},"alternateName":"Litoral FM","potentialAction":[{"@type":"SearchAction","target":{"@type":"EntryPoint","urlTemplate":"https:\/\/radiolitoral.com\/?s={search_term_string}"},"query-input":{"@type":"PropertyValueSpecification","valueRequired":true,"valueName":"search_term_string"}}],"inLanguage":"ca"},{"@type":"Organization","@id":"https:\/\/radiolitoral.com\/#organization","name":"R\u00e0dio Litoral","url":"https:\/\/radiolitoral.com\/","logo":{"@type":"ImageObject","inLanguage":"ca","@id":"https:\/\/radiolitoral.com\/#\/schema\/logo\/image\/","url":"https:\/\/media.radiolitoral.com\/wp-content\/uploads\/2023\/02\/24143238\/CL-V-RadioLitoral696.png","contentUrl":"https:\/\/media.radiolitoral.com\/wp-content\/uploads\/2023\/02\/24143238\/CL-V-RadioLitoral696.png","width":696,"height":696,"caption":"Radio Litoral"},"image":{"@id":"https:\/\/radiolitoral.com\/#\/schema\/logo\/image\/"},"sameAs":["https:\/\/www.facebook.com\/Laradiolitoral\/"]},{"@type":"Person","@id":"https:\/\/radiolitoral.com\/#\/schema\/person\/f2b2343c49b5d721857cc1002bfdb151","name":"Redacci\u00f3","image":{"@type":"ImageObject","inLanguage":"ca","@id":"https:\/\/secure.gravatar.com\/avatar\/f771d896c203ad8b3382d7905cfcce5a5c9b008b84b3cd9114e9b9f4cb63f789?s=96&d=mm&r=g","url":"https:\/\/secure.gravatar.com\/avatar\/f771d896c203ad8b3382d7905cfcce5a5c9b008b84b3cd9114e9b9f4cb63f789?s=96&d=mm&r=g","contentUrl":"https:\/\/secure.gravatar.com\/avatar\/f771d896c203ad8b3382d7905cfcce5a5c9b008b84b3cd9114e9b9f4cb63f789?s=96&d=mm&r=g","caption":"Redacci\u00f3n"},"url":"https:\/\/radiolitoral.com\/ca\/author\/miriam-pagan\/"}]}},"_links":{"self":[{"href":"https:\/\/radiolitoral.com\/ca\/wp-json\/wp\/v2\/posts\/2361","targetHints":{"allow":["GET"]}}],"collection":[{"href":"https:\/\/radiolitoral.com\/ca\/wp-json\/wp\/v2\/posts"}],"about":[{"href":"https:\/\/radiolitoral.com\/ca\/wp-json\/wp\/v2\/types\/post"}],"author":[{"embeddable":true,"href":"https:\/\/radiolitoral.com\/ca\/wp-json\/wp\/v2\/users\/13"}],"replies":[{"embeddable":true,"href":"https:\/\/radiolitoral.com\/ca\/wp-json\/wp\/v2\/comments?post=2361"}],"version-history":[{"count":1,"href":"https:\/\/radiolitoral.com\/ca\/wp-json\/wp\/v2\/posts\/2361\/revisions"}],"predecessor-version":[{"id":2364,"href":"https:\/\/radiolitoral.com\/ca\/wp-json\/wp\/v2\/posts\/2361\/revisions\/2364"}],"wp:featuredmedia":[{"embeddable":true,"href":"https:\/\/radiolitoral.com\/ca\/wp-json\/wp\/v2\/media\/2363"}],"wp:attachment":[{"href":"https:\/\/radiolitoral.com\/ca\/wp-json\/wp\/v2\/media?parent=2361"}],"wp:term":[{"taxonomy":"category","embeddable":true,"href":"https:\/\/radiolitoral.com\/ca\/wp-json\/wp\/v2\/categories?post=2361"},{"taxonomy":"post_tag","embeddable":true,"href":"https:\/\/radiolitoral.com\/ca\/wp-json\/wp\/v2\/tags?post=2361"}],"curies":[{"name":"wp","href":"https:\/\/api.w.org\/{rel}","templated":true}]}}