{"id":2356,"date":"2023-04-19T15:19:31","date_gmt":"2023-04-19T13:19:31","guid":{"rendered":"https:\/\/radiolitoral.com\/?p=2356"},"modified":"2023-04-19T15:21:33","modified_gmt":"2023-04-19T13:21:33","slug":"calp-segueix-amb-nous-projectes-dasfaltat","status":"publish","type":"post","link":"https:\/\/radiolitoral.com\/ca\/2023\/04\/calp-sigue-con-nuevos-proyectos-de-asfaltado\/","title":{"rendered":"Calp segueix amb projectes d&#039;asfaltat nous"},"content":{"rendered":"<p><strong>Ana Sala, al marge del PP, i el seu equip ara de <\/strong> <strong>Som Calp, segueix fent precampanya<\/strong> de cara a les municipals de 28 de maig, i recorda, a trav\u00e9s d&#039;un comunicat, que com a alcaldessa, durant <strong>tota la seva legislatura ha impulsat l&#039;asfaltat a diferents punts de la localitat<\/strong>.<\/p>\n<p>Despr\u00e9s d&#039;haver asfaltat gran part del nucli urb\u00e0 de Calp, s&#039;ha iniciat el <strong>proc\u00e9s de contractaci\u00f3 per a l&#039;asfaltat de l&#039;Avinguda Juan Carlos I; Vial Benicolada (estaci\u00f3 d&#039;autobusos); Vial des de la Urbanitzaci\u00f3 Casa Nova a Colina del Sol; Vial R\u00e0fol-Empedrola;, Urbanitzacions Empedrola I i II; i, altres trams<\/strong> a diferents urbanitzacions del municipi.<\/p>\n<p>L&#039;import del tram compr\u00e8s entre el R\u00e0fol i l&#039;Empedrola \u00e9s de 2.300.000 euros. I el total del projecte d&#039;asfaltat, traient-ne el tram, ha estat un total de 2.100.000.<\/p>\n<p>Amb tot, des de Som Calp, <strong>anuncien la seva intenci\u00f3 de continuar millorant la ciutat<\/strong> donant impuls a projectes com aquests.<\/p>","protected":false},"excerpt":{"rendered":"<p>Ana Sala, al margen del PP, y su equipo ahora de Somos Calpe, sigue haciendo precampa\u00f1a de cara a las municipales de 28 de mayo, y recuerda, a trav\u00e9s de un comunicado, que como alcaldesa, durante toda su legislatura ha impulsado el asfaltado en diferentes puntos de la localidad. Tras haber asfaltado gran parte del [&#8230;]<\/p>\n<p><a class=\"btn btn-secondary understrap-read-more-link\" href=\"https:\/\/radiolitoral.com\/ca\/2023\/04\/calp-sigue-con-nuevos-proyectos-de-asfaltado\/\">Continua llegint&#8230;<span class=\"screen-reader-text\"> from Calp sigue con nuevos proyectos de asfaltado<\/span><\/a><\/p>\n","protected":false},"author":21,"featured_media":2358,"comment_status":"open","ping_status":"closed","sticky":false,"template":"","format":"standard","meta":{"_acf_changed":false,"inline_featured_image":false,"footnotes":""},"categories":[100],"tags":[562,122,161,563],"class_list":["post-2356","post","type-post","status-publish","format-standard","has-post-thumbnail","hentry","category-obras","tag-asfaltado-calp","tag-calp","tag-elecciones-2023","tag-proyectos-calp","cobertura-calp"],"acf":[],"yoast_head":"<!-- This site is optimized with the Yoast SEO plugin v27.5 - https:\/\/yoast.com\/product\/yoast-seo-wordpress\/ -->\n<title>Calp sigue con nuevos proyectos de asfaltado | R\u00e0dio Litoral<\/title>\n<meta name=\"description\" content=\"Avda. Juan Carlos I, vial Benicolada, vial desde la Urbanizaci\u00f3n Casa Nova a Colina del Sol o vial R\u00e0fol-Empedrola Avda. Juan Carlos I, vial Benicolada, vial desde la Urbanizaci\u00f3n Casa Nova a Colina del Sol o vial R\u00e0fol-Empedrola\" \/>\n<meta name=\"robots\" content=\"index, follow, max-snippet:-1, max-image-preview:large, max-video-preview:-1\" \/>\n<link rel=\"canonical\" href=\"https:\/\/radiolitoral.com\/ca\/2023\/04\/calp-segueix-amb-nous-projectes-dasfaltat\/\" \/>\n<meta property=\"og:locale\" content=\"ca_ES\" \/>\n<meta property=\"og:type\" content=\"article\" \/>\n<meta property=\"og:title\" content=\"Calp sigue con nuevos proyectos de asfaltado | R\u00e0dio Litoral\" \/>\n<meta property=\"og:description\" content=\"Avda. Juan Carlos I, vial Benicolada, vial desde la Urbanizaci\u00f3n Casa Nova a Colina del Sol o vial R\u00e0fol-Empedrola Avda. Juan Carlos I, vial Benicolada, vial desde la Urbanizaci\u00f3n Casa Nova a Colina del Sol o vial R\u00e0fol-Empedrola\" \/>\n<meta property=\"og:url\" content=\"https:\/\/radiolitoral.com\/ca\/2023\/04\/calp-segueix-amb-nous-projectes-dasfaltat\/\" \/>\n<meta property=\"og:site_name\" content=\"R\u00e0dio Litoral\" \/>\n<meta property=\"article:publisher\" content=\"https:\/\/www.facebook.com\/Laradiolitoral\/\" \/>\n<meta property=\"article:published_time\" content=\"2023-04-19T13:19:31+00:00\" \/>\n<meta property=\"article:modified_time\" content=\"2023-04-19T13:21:33+00:00\" \/>\n<meta property=\"og:image\" content=\"https:\/\/media.radiolitoral.com\/wp-content\/uploads\/2023\/04\/19151926\/calle-1.jpg\" \/>\n\t<meta property=\"og:image:width\" content=\"445\" \/>\n\t<meta property=\"og:image:height\" content=\"418\" \/>\n\t<meta property=\"og:image:type\" content=\"image\/jpeg\" \/>\n<meta name=\"author\" content=\"Mel Pescuezo\" \/>\n<meta name=\"twitter:card\" content=\"summary_large_image\" \/>\n<meta name=\"twitter:label1\" content=\"Escrit per\" \/>\n\t<meta name=\"twitter:data1\" content=\"Mel Pescuezo\" \/>\n\t<meta name=\"twitter:label2\" content=\"Temps estimat de lectura\" \/>\n\t<meta name=\"twitter:data2\" content=\"1 minut\" \/>\n<script type=\"application\/ld+json\" class=\"yoast-schema-graph\">{\"@context\":\"https:\\\/\\\/schema.org\",\"@graph\":[{\"@type\":\"NewsArticle\",\"@id\":\"https:\\\/\\\/radiolitoral.com\\\/2023\\\/04\\\/calp-sigue-con-nuevos-proyectos-de-asfaltado\\\/#article\",\"isPartOf\":{\"@id\":\"https:\\\/\\\/radiolitoral.com\\\/2023\\\/04\\\/calp-sigue-con-nuevos-proyectos-de-asfaltado\\\/\"},\"author\":{\"name\":\"Mel Pescuezo\",\"@id\":\"https:\\\/\\\/radiolitoral.com\\\/#\\\/schema\\\/person\\\/aad4f72efa404f85b68e832d24cac059\"},\"headline\":\"Calp sigue con nuevos proyectos de asfaltado\",\"datePublished\":\"2023-04-19T13:19:31+00:00\",\"dateModified\":\"2023-04-19T13:21:33+00:00\",\"mainEntityOfPage\":{\"@id\":\"https:\\\/\\\/radiolitoral.com\\\/2023\\\/04\\\/calp-sigue-con-nuevos-proyectos-de-asfaltado\\\/\"},\"wordCount\":167,\"commentCount\":0,\"publisher\":{\"@id\":\"https:\\\/\\\/radiolitoral.com\\\/#organization\"},\"image\":{\"@id\":\"https:\\\/\\\/radiolitoral.com\\\/2023\\\/04\\\/calp-sigue-con-nuevos-proyectos-de-asfaltado\\\/#primaryimage\"},\"thumbnailUrl\":\"https:\\\/\\\/media.radiolitoral.com\\\/wp-content\\\/uploads\\\/2023\\\/04\\\/19151926\\\/calle-1.jpg\",\"keywords\":[\"asfaltado Calp\",\"Calp\",\"elecciones 2023\",\"proyectos Calp\"],\"articleSection\":[\"Obras\"],\"inLanguage\":\"ca\",\"potentialAction\":[{\"@type\":\"CommentAction\",\"name\":\"Comment\",\"target\":[\"https:\\\/\\\/radiolitoral.com\\\/2023\\\/04\\\/calp-sigue-con-nuevos-proyectos-de-asfaltado\\\/#respond\"]}]},{\"@type\":[\"WebPage\",\"ItemPage\"],\"@id\":\"https:\\\/\\\/radiolitoral.com\\\/2023\\\/04\\\/calp-sigue-con-nuevos-proyectos-de-asfaltado\\\/\",\"url\":\"https:\\\/\\\/radiolitoral.com\\\/2023\\\/04\\\/calp-sigue-con-nuevos-proyectos-de-asfaltado\\\/\",\"name\":\"Calp sigue con nuevos proyectos de asfaltado | R\u00e0dio Litoral\",\"isPartOf\":{\"@id\":\"https:\\\/\\\/radiolitoral.com\\\/#website\"},\"primaryImageOfPage\":{\"@id\":\"https:\\\/\\\/radiolitoral.com\\\/2023\\\/04\\\/calp-sigue-con-nuevos-proyectos-de-asfaltado\\\/#primaryimage\"},\"image\":{\"@id\":\"https:\\\/\\\/radiolitoral.com\\\/2023\\\/04\\\/calp-sigue-con-nuevos-proyectos-de-asfaltado\\\/#primaryimage\"},\"thumbnailUrl\":\"https:\\\/\\\/media.radiolitoral.com\\\/wp-content\\\/uploads\\\/2023\\\/04\\\/19151926\\\/calle-1.jpg\",\"datePublished\":\"2023-04-19T13:19:31+00:00\",\"dateModified\":\"2023-04-19T13:21:33+00:00\",\"description\":\"Avda. Juan Carlos I, vial Benicolada, vial desde la Urbanizaci\u00f3n Casa Nova a Colina del Sol o vial R\u00e0fol-Empedrola Avda. Juan Carlos I, vial Benicolada, vial desde la Urbanizaci\u00f3n Casa Nova a Colina del Sol o vial R\u00e0fol-Empedrola\",\"breadcrumb\":{\"@id\":\"https:\\\/\\\/radiolitoral.com\\\/2023\\\/04\\\/calp-sigue-con-nuevos-proyectos-de-asfaltado\\\/#breadcrumb\"},\"inLanguage\":\"ca\",\"potentialAction\":[{\"@type\":\"ReadAction\",\"target\":[\"https:\\\/\\\/radiolitoral.com\\\/2023\\\/04\\\/calp-sigue-con-nuevos-proyectos-de-asfaltado\\\/\"]}]},{\"@type\":\"ImageObject\",\"inLanguage\":\"ca\",\"@id\":\"https:\\\/\\\/radiolitoral.com\\\/2023\\\/04\\\/calp-sigue-con-nuevos-proyectos-de-asfaltado\\\/#primaryimage\",\"url\":\"https:\\\/\\\/media.radiolitoral.com\\\/wp-content\\\/uploads\\\/2023\\\/04\\\/19151926\\\/calle-1.jpg\",\"contentUrl\":\"https:\\\/\\\/media.radiolitoral.com\\\/wp-content\\\/uploads\\\/2023\\\/04\\\/19151926\\\/calle-1.jpg\",\"width\":445,\"height\":418},{\"@type\":\"BreadcrumbList\",\"@id\":\"https:\\\/\\\/radiolitoral.com\\\/2023\\\/04\\\/calp-sigue-con-nuevos-proyectos-de-asfaltado\\\/#breadcrumb\",\"itemListElement\":[{\"@type\":\"ListItem\",\"position\":1,\"name\":\"Portada\",\"item\":\"https:\\\/\\\/radiolitoral.com\\\/\"},{\"@type\":\"ListItem\",\"position\":2,\"name\":\"Calp sigue con nuevos proyectos de asfaltado\"}]},{\"@type\":\"WebSite\",\"@id\":\"https:\\\/\\\/radiolitoral.com\\\/#website\",\"url\":\"https:\\\/\\\/radiolitoral.com\\\/\",\"name\":\"Radio Litoral\",\"description\":\"La radio local de la Marina Alta\",\"publisher\":{\"@id\":\"https:\\\/\\\/radiolitoral.com\\\/#organization\"},\"alternateName\":\"Litoral FM\",\"potentialAction\":[{\"@type\":\"SearchAction\",\"target\":{\"@type\":\"EntryPoint\",\"urlTemplate\":\"https:\\\/\\\/radiolitoral.com\\\/?s={search_term_string}\"},\"query-input\":{\"@type\":\"PropertyValueSpecification\",\"valueRequired\":true,\"valueName\":\"search_term_string\"}}],\"inLanguage\":\"ca\"},{\"@type\":\"Organization\",\"@id\":\"https:\\\/\\\/radiolitoral.com\\\/#organization\",\"name\":\"Radio Litoral\",\"url\":\"https:\\\/\\\/radiolitoral.com\\\/\",\"logo\":{\"@type\":\"ImageObject\",\"inLanguage\":\"ca\",\"@id\":\"https:\\\/\\\/radiolitoral.com\\\/#\\\/schema\\\/logo\\\/image\\\/\",\"url\":\"https:\\\/\\\/media.radiolitoral.com\\\/wp-content\\\/uploads\\\/2023\\\/02\\\/24143238\\\/CL-V-RadioLitoral696.png\",\"contentUrl\":\"https:\\\/\\\/media.radiolitoral.com\\\/wp-content\\\/uploads\\\/2023\\\/02\\\/24143238\\\/CL-V-RadioLitoral696.png\",\"width\":696,\"height\":696,\"caption\":\"Radio Litoral\"},\"image\":{\"@id\":\"https:\\\/\\\/radiolitoral.com\\\/#\\\/schema\\\/logo\\\/image\\\/\"},\"sameAs\":[\"https:\\\/\\\/www.facebook.com\\\/Laradiolitoral\\\/\"]},{\"@type\":\"Person\",\"@id\":\"https:\\\/\\\/radiolitoral.com\\\/#\\\/schema\\\/person\\\/aad4f72efa404f85b68e832d24cac059\",\"name\":\"Mel Pescuezo\",\"image\":{\"@type\":\"ImageObject\",\"inLanguage\":\"ca\",\"@id\":\"https:\\\/\\\/secure.gravatar.com\\\/avatar\\\/993975ae489c70cb0dd9bfa9413a082f0bd276582dac13661af7b33f161e7eea?s=96&d=mm&r=g\",\"url\":\"https:\\\/\\\/secure.gravatar.com\\\/avatar\\\/993975ae489c70cb0dd9bfa9413a082f0bd276582dac13661af7b33f161e7eea?s=96&d=mm&r=g\",\"contentUrl\":\"https:\\\/\\\/secure.gravatar.com\\\/avatar\\\/993975ae489c70cb0dd9bfa9413a082f0bd276582dac13661af7b33f161e7eea?s=96&d=mm&r=g\",\"caption\":\"Mel Pescuezo\"},\"url\":\"https:\\\/\\\/radiolitoral.com\\\/ca\\\/author\\\/serviciospararadios\\\/\"}]}<\/script>\n<!-- \/ Yoast SEO plugin. -->","yoast_head_json":{"title":"Calp continua amb nous projectes d?asfaltat | R\u00e0dio Litoral","description":"Avda. Joan Carles I, vial Benicolada, vial des de la Urbanitzaci\u00f3 Casa Nova a Tur\u00f3 del Sol o vial R\u00e0fol-Empedrola Avda. Joan Carles I, vial Benicolada, vial des de la Urbanitzaci\u00f3 Casa Nova a Tur\u00f3 del Sol o vial R\u00e0fol-Empedrola","robots":{"index":"index","follow":"follow","max-snippet":"max-snippet:-1","max-image-preview":"max-image-preview:large","max-video-preview":"max-video-preview:-1"},"canonical":"https:\/\/radiolitoral.com\/ca\/2023\/04\/calp-segueix-amb-nous-projectes-dasfaltat\/","og_locale":"ca_ES","og_type":"article","og_title":"Calp sigue con nuevos proyectos de asfaltado | R\u00e0dio Litoral","og_description":"Avda. Juan Carlos I, vial Benicolada, vial desde la Urbanizaci\u00f3n Casa Nova a Colina del Sol o vial R\u00e0fol-Empedrola Avda. Juan Carlos I, vial Benicolada, vial desde la Urbanizaci\u00f3n Casa Nova a Colina del Sol o vial R\u00e0fol-Empedrola","og_url":"https:\/\/radiolitoral.com\/ca\/2023\/04\/calp-segueix-amb-nous-projectes-dasfaltat\/","og_site_name":"R\u00e0dio Litoral","article_publisher":"https:\/\/www.facebook.com\/Laradiolitoral\/","article_published_time":"2023-04-19T13:19:31+00:00","article_modified_time":"2023-04-19T13:21:33+00:00","og_image":[{"width":445,"height":418,"url":"https:\/\/media.radiolitoral.com\/wp-content\/uploads\/2023\/04\/19151926\/calle-1.jpg","type":"image\/jpeg"}],"author":"Mel Pescuezo","twitter_card":"summary_large_image","twitter_misc":{"Escrit per":"Mel Pescuezo","Temps estimat de lectura":"1 minut"},"schema":{"@context":"https:\/\/schema.org","@graph":[{"@type":"NewsArticle","@id":"https:\/\/radiolitoral.com\/2023\/04\/calp-sigue-con-nuevos-proyectos-de-asfaltado\/#article","isPartOf":{"@id":"https:\/\/radiolitoral.com\/2023\/04\/calp-sigue-con-nuevos-proyectos-de-asfaltado\/"},"author":{"name":"Mel Pescuezo","@id":"https:\/\/radiolitoral.com\/#\/schema\/person\/aad4f72efa404f85b68e832d24cac059"},"headline":"Calp sigue con nuevos proyectos de asfaltado","datePublished":"2023-04-19T13:19:31+00:00","dateModified":"2023-04-19T13:21:33+00:00","mainEntityOfPage":{"@id":"https:\/\/radiolitoral.com\/2023\/04\/calp-sigue-con-nuevos-proyectos-de-asfaltado\/"},"wordCount":167,"commentCount":0,"publisher":{"@id":"https:\/\/radiolitoral.com\/#organization"},"image":{"@id":"https:\/\/radiolitoral.com\/2023\/04\/calp-sigue-con-nuevos-proyectos-de-asfaltado\/#primaryimage"},"thumbnailUrl":"https:\/\/media.radiolitoral.com\/wp-content\/uploads\/2023\/04\/19151926\/calle-1.jpg","keywords":["asfaltado Calp","Calp","elecciones 2023","proyectos Calp"],"articleSection":["Obras"],"inLanguage":"ca","potentialAction":[{"@type":"CommentAction","name":"Comment","target":["https:\/\/radiolitoral.com\/2023\/04\/calp-sigue-con-nuevos-proyectos-de-asfaltado\/#respond"]}]},{"@type":["WebPage","ItemPage"],"@id":"https:\/\/radiolitoral.com\/2023\/04\/calp-sigue-con-nuevos-proyectos-de-asfaltado\/","url":"https:\/\/radiolitoral.com\/2023\/04\/calp-sigue-con-nuevos-proyectos-de-asfaltado\/","name":"Calp continua amb nous projectes d?asfaltat | R\u00e0dio Litoral","isPartOf":{"@id":"https:\/\/radiolitoral.com\/#website"},"primaryImageOfPage":{"@id":"https:\/\/radiolitoral.com\/2023\/04\/calp-sigue-con-nuevos-proyectos-de-asfaltado\/#primaryimage"},"image":{"@id":"https:\/\/radiolitoral.com\/2023\/04\/calp-sigue-con-nuevos-proyectos-de-asfaltado\/#primaryimage"},"thumbnailUrl":"https:\/\/media.radiolitoral.com\/wp-content\/uploads\/2023\/04\/19151926\/calle-1.jpg","datePublished":"2023-04-19T13:19:31+00:00","dateModified":"2023-04-19T13:21:33+00:00","description":"Avda. Joan Carles I, vial Benicolada, vial des de la Urbanitzaci\u00f3 Casa Nova a Tur\u00f3 del Sol o vial R\u00e0fol-Empedrola Avda. Joan Carles I, vial Benicolada, vial des de la Urbanitzaci\u00f3 Casa Nova a Tur\u00f3 del Sol o vial R\u00e0fol-Empedrola","breadcrumb":{"@id":"https:\/\/radiolitoral.com\/2023\/04\/calp-sigue-con-nuevos-proyectos-de-asfaltado\/#breadcrumb"},"inLanguage":"ca","potentialAction":[{"@type":"ReadAction","target":["https:\/\/radiolitoral.com\/2023\/04\/calp-sigue-con-nuevos-proyectos-de-asfaltado\/"]}]},{"@type":"ImageObject","inLanguage":"ca","@id":"https:\/\/radiolitoral.com\/2023\/04\/calp-sigue-con-nuevos-proyectos-de-asfaltado\/#primaryimage","url":"https:\/\/media.radiolitoral.com\/wp-content\/uploads\/2023\/04\/19151926\/calle-1.jpg","contentUrl":"https:\/\/media.radiolitoral.com\/wp-content\/uploads\/2023\/04\/19151926\/calle-1.jpg","width":445,"height":418},{"@type":"BreadcrumbList","@id":"https:\/\/radiolitoral.com\/2023\/04\/calp-sigue-con-nuevos-proyectos-de-asfaltado\/#breadcrumb","itemListElement":[{"@type":"ListItem","position":1,"name":"Portada","item":"https:\/\/radiolitoral.com\/"},{"@type":"ListItem","position":2,"name":"Calp sigue con nuevos proyectos de asfaltado"}]},{"@type":"WebSite","@id":"https:\/\/radiolitoral.com\/#website","url":"https:\/\/radiolitoral.com\/","name":"R\u00e0dio Litoral","description":"La r\u00e0dio local de la Marina Alta","publisher":{"@id":"https:\/\/radiolitoral.com\/#organization"},"alternateName":"Litoral FM","potentialAction":[{"@type":"SearchAction","target":{"@type":"EntryPoint","urlTemplate":"https:\/\/radiolitoral.com\/?s={search_term_string}"},"query-input":{"@type":"PropertyValueSpecification","valueRequired":true,"valueName":"search_term_string"}}],"inLanguage":"ca"},{"@type":"Organization","@id":"https:\/\/radiolitoral.com\/#organization","name":"R\u00e0dio Litoral","url":"https:\/\/radiolitoral.com\/","logo":{"@type":"ImageObject","inLanguage":"ca","@id":"https:\/\/radiolitoral.com\/#\/schema\/logo\/image\/","url":"https:\/\/media.radiolitoral.com\/wp-content\/uploads\/2023\/02\/24143238\/CL-V-RadioLitoral696.png","contentUrl":"https:\/\/media.radiolitoral.com\/wp-content\/uploads\/2023\/02\/24143238\/CL-V-RadioLitoral696.png","width":696,"height":696,"caption":"Radio Litoral"},"image":{"@id":"https:\/\/radiolitoral.com\/#\/schema\/logo\/image\/"},"sameAs":["https:\/\/www.facebook.com\/Laradiolitoral\/"]},{"@type":"Person","@id":"https:\/\/radiolitoral.com\/#\/schema\/person\/aad4f72efa404f85b68e832d24cac059","name":"Mel Pescuezo","image":{"@type":"ImageObject","inLanguage":"ca","@id":"https:\/\/secure.gravatar.com\/avatar\/993975ae489c70cb0dd9bfa9413a082f0bd276582dac13661af7b33f161e7eea?s=96&d=mm&r=g","url":"https:\/\/secure.gravatar.com\/avatar\/993975ae489c70cb0dd9bfa9413a082f0bd276582dac13661af7b33f161e7eea?s=96&d=mm&r=g","contentUrl":"https:\/\/secure.gravatar.com\/avatar\/993975ae489c70cb0dd9bfa9413a082f0bd276582dac13661af7b33f161e7eea?s=96&d=mm&r=g","caption":"Mel Pescuezo"},"url":"https:\/\/radiolitoral.com\/ca\/author\/serviciospararadios\/"}]}},"_links":{"self":[{"href":"https:\/\/radiolitoral.com\/ca\/wp-json\/wp\/v2\/posts\/2356","targetHints":{"allow":["GET"]}}],"collection":[{"href":"https:\/\/radiolitoral.com\/ca\/wp-json\/wp\/v2\/posts"}],"about":[{"href":"https:\/\/radiolitoral.com\/ca\/wp-json\/wp\/v2\/types\/post"}],"author":[{"embeddable":true,"href":"https:\/\/radiolitoral.com\/ca\/wp-json\/wp\/v2\/users\/21"}],"replies":[{"embeddable":true,"href":"https:\/\/radiolitoral.com\/ca\/wp-json\/wp\/v2\/comments?post=2356"}],"version-history":[{"count":1,"href":"https:\/\/radiolitoral.com\/ca\/wp-json\/wp\/v2\/posts\/2356\/revisions"}],"predecessor-version":[{"id":2359,"href":"https:\/\/radiolitoral.com\/ca\/wp-json\/wp\/v2\/posts\/2356\/revisions\/2359"}],"wp:featuredmedia":[{"embeddable":true,"href":"https:\/\/radiolitoral.com\/ca\/wp-json\/wp\/v2\/media\/2358"}],"wp:attachment":[{"href":"https:\/\/radiolitoral.com\/ca\/wp-json\/wp\/v2\/media?parent=2356"}],"wp:term":[{"taxonomy":"category","embeddable":true,"href":"https:\/\/radiolitoral.com\/ca\/wp-json\/wp\/v2\/categories?post=2356"},{"taxonomy":"post_tag","embeddable":true,"href":"https:\/\/radiolitoral.com\/ca\/wp-json\/wp\/v2\/tags?post=2356"}],"curies":[{"name":"wp","href":"https:\/\/api.w.org\/{rel}","templated":true}]}}