{"id":2341,"date":"2023-04-19T13:51:21","date_gmt":"2023-04-19T11:51:21","guid":{"rendered":"https:\/\/radiolitoral.com\/?p=2341"},"modified":"2023-04-19T13:51:39","modified_gmt":"2023-04-19T11:51:39","slug":"ja-coneixem-la-llista-completa-de-compromis-calp","status":"publish","type":"post","link":"https:\/\/radiolitoral.com\/ca\/2023\/04\/ya-conocemos-la-lista-completa-de-compromis-calp\/","title":{"rendered":"Ja coneixem la llista completa de Comprom\u00eds Calp"},"content":{"rendered":"<p><strong>Comprom\u00eds per Calp<\/strong> <strong>ha presentat la llista electoral<\/strong> completa, despr\u00e9s de l&#039;acte celebrat el diumenge en qu\u00e8 la formaci\u00f3 valencianista calpina va rebre el diputat i candidat per a president de la Generalitat Valenciana Joan Baldov\u00ed. Una convocat\u00f2ria que, segons els c\u00e0lculs de la coalici\u00f3, va reunir m\u00e9s d?un centenar de persones.<\/p>\n<p>La candidatura dels valencianistes est\u00e0 <strong>liderada per l&#039;actual portaveu del partit a l&#039;ajuntament, Ximo Perles, i integra la tamb\u00e9 regidora Mireia Ripoll, suma Carlos Iba\u00f1ez, Reme Tom\u00e1s o Linda Herrada al n\u00famero 5<\/strong>, una cara coneguda en la pol\u00edtica local ja que ja va exercir com a regidora per S\u00ed de Puede Calp en una anterior legislatura. Al n\u00famero 6 inclou Juan Carlos Sansano, el segueix Irene Rodr\u00edguez, Dani Caballero, Sergi Ripoll i en el des\u00e8 lloc, Sandra Miralles.<\/p>\n<p>Com remarca el cap de llista, Ximo Perles, amb aquesta candidatura, el col\u00b7lectiu aposta per un equip jove i alhora intergeneracional, divers, i amb persones de diferents \u00e0mbits i sensibilitats. Perles, assegura que Comprom\u00eds \u00e9s un projecte totalment consolidat a Calp, i la gent s?acosta a la formaci\u00f3 conven\u00e7uda que s\u00f3n una alternativa seriosa per governar la localitat.<\/p>\n<audio class=\"wp-audio-shortcode\" id=\"audio-2341-1\" preload=\"none\" style=\"width: 100%;\" controls=\"controls\"><source type=\"audio\/mpeg\" src=\"https:\/\/media.radiolitoral.com\/wp-content\/uploads\/2023\/04\/19134729\/Ximo-Perles-lista.mp3?_=1\" \/><a href=\"https:\/\/media.radiolitoral.com\/wp-content\/uploads\/2023\/04\/19134729\/Ximo-Perles-lista.mp3\">https:\/\/media.radiolitoral.com\/wp-content\/uploads\/2023\/04\/19134729\/Ximo-Perles-lista.mp3<\/a><\/audio>\n<p>La llista es completa amb els seg\u00fcents integrants:<\/p>\n<ol start=\"11\">\n<li>Xavier Ivars<\/li>\n<li>Anna Monjo<\/li>\n<li>Antonio Vicente Llongo<\/li>\n<li>Bernia Sanz<\/li>\n<li>Dani T\u00e0pia<\/li>\n<li>Ester Vila<\/li>\n<li>Pedro Ivars<\/li>\n<li>Estefania Moll<\/li>\n<li>Sergio Tomas Carbonell<\/li>\n<li>Raquel Andres<\/li>\n<li>Carlos Ort\u00edn<\/li>\n<\/ol>\n<p>S1. Jaume Fullana<\/p>\n<p>S2. Maria Jos\u00e9 Garc\u00eda<\/p>","protected":false},"excerpt":{"rendered":"<p>Comprom\u00eds per Calp ha presentado su lista electoral completa, tras el acto celebrado el domingo en el que la formaci\u00f3n valencianista calpina recibi\u00f3 al diputado y candidato para presidente de la Generalitat Valenciana Joan Baldov\u00ed. Una convocatoria que, seg\u00fan los c\u00e1lculos de la coalici\u00f3n, reuni\u00f3 a m\u00e1s de un centenar de personas. La candidatura de [&#8230;]<\/p>\n<p><a class=\"btn btn-secondary understrap-read-more-link\" href=\"https:\/\/radiolitoral.com\/ca\/2023\/04\/ya-conocemos-la-lista-completa-de-compromis-calp\/\">Continua llegint&#8230;<span class=\"screen-reader-text\"> from Ya conocemos la lista completa de Comprom\u00eds Calp<\/span><\/a><\/p>\n","protected":false},"author":21,"featured_media":2347,"comment_status":"open","ping_status":"closed","sticky":false,"template":"","format":"standard","meta":{"_acf_changed":false,"inline_featured_image":false,"footnotes":""},"categories":[13],"tags":[122,517,161],"class_list":["post-2341","post","type-post","status-publish","format-standard","has-post-thumbnail","hentry","category-politica","tag-calp","tag-compromis-calp","tag-elecciones-2023","cobertura-calp"],"acf":[],"yoast_head":"<!-- This site is optimized with the Yoast SEO plugin v27.5 - https:\/\/yoast.com\/product\/yoast-seo-wordpress\/ -->\n<title>Ya conocemos la lista completa de Comprom\u00eds Calp | R\u00e0dio Litoral<\/title>\n<meta name=\"description\" content=\"Est\u00e1 liderada por el actual portavoz del partido, Ximo Perles, y cuenta con la concejala Mireia Ripoll Est\u00e1 liderada por el actual portavoz del partido, Ximo Perles, y cuenta con la concejala Mireia Ripoll\" \/>\n<meta name=\"robots\" content=\"index, follow, max-snippet:-1, max-image-preview:large, max-video-preview:-1\" \/>\n<link rel=\"canonical\" href=\"https:\/\/radiolitoral.com\/ca\/2023\/04\/ja-coneixem-la-llista-completa-de-compromis-calp\/\" \/>\n<meta property=\"og:locale\" content=\"ca_ES\" \/>\n<meta property=\"og:type\" content=\"article\" \/>\n<meta property=\"og:title\" content=\"Ya conocemos la lista completa de Comprom\u00eds Calp | R\u00e0dio Litoral\" \/>\n<meta property=\"og:description\" content=\"Est\u00e1 liderada por el actual portavoz del partido, Ximo Perles, y cuenta con la concejala Mireia Ripoll Est\u00e1 liderada por el actual portavoz del partido, Ximo Perles, y cuenta con la concejala Mireia Ripoll\" \/>\n<meta property=\"og:url\" content=\"https:\/\/radiolitoral.com\/ca\/2023\/04\/ja-coneixem-la-llista-completa-de-compromis-calp\/\" \/>\n<meta property=\"og:site_name\" content=\"R\u00e0dio Litoral\" \/>\n<meta property=\"article:publisher\" content=\"https:\/\/www.facebook.com\/Laradiolitoral\/\" \/>\n<meta property=\"article:published_time\" content=\"2023-04-19T11:51:21+00:00\" \/>\n<meta property=\"article:modified_time\" content=\"2023-04-19T11:51:39+00:00\" \/>\n<meta property=\"og:image\" content=\"https:\/\/media.radiolitoral.com\/wp-content\/uploads\/2023\/04\/19135114\/GRUP-BALDOVI-1800x1200-1.jpg\" \/>\n\t<meta property=\"og:image:width\" content=\"1800\" \/>\n\t<meta property=\"og:image:height\" content=\"1200\" \/>\n\t<meta property=\"og:image:type\" content=\"image\/jpeg\" \/>\n<meta name=\"author\" content=\"Mel Pescuezo\" \/>\n<meta name=\"twitter:card\" content=\"summary_large_image\" \/>\n<meta name=\"twitter:label1\" content=\"Escrit per\" \/>\n\t<meta name=\"twitter:data1\" content=\"Mel Pescuezo\" \/>\n\t<meta name=\"twitter:label2\" content=\"Temps estimat de lectura\" \/>\n\t<meta name=\"twitter:data2\" content=\"2 minuts\" \/>\n<script type=\"application\/ld+json\" class=\"yoast-schema-graph\">{\"@context\":\"https:\\\/\\\/schema.org\",\"@graph\":[{\"@type\":\"NewsArticle\",\"@id\":\"https:\\\/\\\/radiolitoral.com\\\/2023\\\/04\\\/ya-conocemos-la-lista-completa-de-compromis-calp\\\/#article\",\"isPartOf\":{\"@id\":\"https:\\\/\\\/radiolitoral.com\\\/2023\\\/04\\\/ya-conocemos-la-lista-completa-de-compromis-calp\\\/\"},\"author\":{\"name\":\"Mel Pescuezo\",\"@id\":\"https:\\\/\\\/radiolitoral.com\\\/#\\\/schema\\\/person\\\/aad4f72efa404f85b68e832d24cac059\"},\"headline\":\"Ya conocemos la lista completa de Comprom\u00eds Calp\",\"datePublished\":\"2023-04-19T11:51:21+00:00\",\"dateModified\":\"2023-04-19T11:51:39+00:00\",\"mainEntityOfPage\":{\"@id\":\"https:\\\/\\\/radiolitoral.com\\\/2023\\\/04\\\/ya-conocemos-la-lista-completa-de-compromis-calp\\\/\"},\"wordCount\":274,\"commentCount\":0,\"publisher\":{\"@id\":\"https:\\\/\\\/radiolitoral.com\\\/#organization\"},\"image\":{\"@id\":\"https:\\\/\\\/radiolitoral.com\\\/2023\\\/04\\\/ya-conocemos-la-lista-completa-de-compromis-calp\\\/#primaryimage\"},\"thumbnailUrl\":\"https:\\\/\\\/media.radiolitoral.com\\\/wp-content\\\/uploads\\\/2023\\\/04\\\/19135114\\\/GRUP-BALDOVI-1800x1200-1.jpg\",\"keywords\":[\"Calp\",\"Comprom\u00eds Calp\",\"elecciones 2023\"],\"articleSection\":[\"Pol\u00edtica\"],\"inLanguage\":\"ca\",\"potentialAction\":[{\"@type\":\"CommentAction\",\"name\":\"Comment\",\"target\":[\"https:\\\/\\\/radiolitoral.com\\\/2023\\\/04\\\/ya-conocemos-la-lista-completa-de-compromis-calp\\\/#respond\"]}]},{\"@type\":[\"WebPage\",\"ItemPage\"],\"@id\":\"https:\\\/\\\/radiolitoral.com\\\/2023\\\/04\\\/ya-conocemos-la-lista-completa-de-compromis-calp\\\/\",\"url\":\"https:\\\/\\\/radiolitoral.com\\\/2023\\\/04\\\/ya-conocemos-la-lista-completa-de-compromis-calp\\\/\",\"name\":\"Ya conocemos la lista completa de Comprom\u00eds Calp | R\u00e0dio Litoral\",\"isPartOf\":{\"@id\":\"https:\\\/\\\/radiolitoral.com\\\/#website\"},\"primaryImageOfPage\":{\"@id\":\"https:\\\/\\\/radiolitoral.com\\\/2023\\\/04\\\/ya-conocemos-la-lista-completa-de-compromis-calp\\\/#primaryimage\"},\"image\":{\"@id\":\"https:\\\/\\\/radiolitoral.com\\\/2023\\\/04\\\/ya-conocemos-la-lista-completa-de-compromis-calp\\\/#primaryimage\"},\"thumbnailUrl\":\"https:\\\/\\\/media.radiolitoral.com\\\/wp-content\\\/uploads\\\/2023\\\/04\\\/19135114\\\/GRUP-BALDOVI-1800x1200-1.jpg\",\"datePublished\":\"2023-04-19T11:51:21+00:00\",\"dateModified\":\"2023-04-19T11:51:39+00:00\",\"description\":\"Est\u00e1 liderada por el actual portavoz del partido, Ximo Perles, y cuenta con la concejala Mireia Ripoll Est\u00e1 liderada por el actual portavoz del partido, Ximo Perles, y cuenta con la concejala Mireia Ripoll\",\"breadcrumb\":{\"@id\":\"https:\\\/\\\/radiolitoral.com\\\/2023\\\/04\\\/ya-conocemos-la-lista-completa-de-compromis-calp\\\/#breadcrumb\"},\"inLanguage\":\"ca\",\"potentialAction\":[{\"@type\":\"ReadAction\",\"target\":[\"https:\\\/\\\/radiolitoral.com\\\/2023\\\/04\\\/ya-conocemos-la-lista-completa-de-compromis-calp\\\/\"]}]},{\"@type\":\"ImageObject\",\"inLanguage\":\"ca\",\"@id\":\"https:\\\/\\\/radiolitoral.com\\\/2023\\\/04\\\/ya-conocemos-la-lista-completa-de-compromis-calp\\\/#primaryimage\",\"url\":\"https:\\\/\\\/media.radiolitoral.com\\\/wp-content\\\/uploads\\\/2023\\\/04\\\/19135114\\\/GRUP-BALDOVI-1800x1200-1.jpg\",\"contentUrl\":\"https:\\\/\\\/media.radiolitoral.com\\\/wp-content\\\/uploads\\\/2023\\\/04\\\/19135114\\\/GRUP-BALDOVI-1800x1200-1.jpg\",\"width\":1800,\"height\":1200},{\"@type\":\"BreadcrumbList\",\"@id\":\"https:\\\/\\\/radiolitoral.com\\\/2023\\\/04\\\/ya-conocemos-la-lista-completa-de-compromis-calp\\\/#breadcrumb\",\"itemListElement\":[{\"@type\":\"ListItem\",\"position\":1,\"name\":\"Portada\",\"item\":\"https:\\\/\\\/radiolitoral.com\\\/\"},{\"@type\":\"ListItem\",\"position\":2,\"name\":\"Ya conocemos la lista completa de Comprom\u00eds Calp\"}]},{\"@type\":\"WebSite\",\"@id\":\"https:\\\/\\\/radiolitoral.com\\\/#website\",\"url\":\"https:\\\/\\\/radiolitoral.com\\\/\",\"name\":\"Radio Litoral\",\"description\":\"La radio local de la Marina Alta\",\"publisher\":{\"@id\":\"https:\\\/\\\/radiolitoral.com\\\/#organization\"},\"alternateName\":\"Litoral FM\",\"potentialAction\":[{\"@type\":\"SearchAction\",\"target\":{\"@type\":\"EntryPoint\",\"urlTemplate\":\"https:\\\/\\\/radiolitoral.com\\\/?s={search_term_string}\"},\"query-input\":{\"@type\":\"PropertyValueSpecification\",\"valueRequired\":true,\"valueName\":\"search_term_string\"}}],\"inLanguage\":\"ca\"},{\"@type\":\"Organization\",\"@id\":\"https:\\\/\\\/radiolitoral.com\\\/#organization\",\"name\":\"Radio Litoral\",\"url\":\"https:\\\/\\\/radiolitoral.com\\\/\",\"logo\":{\"@type\":\"ImageObject\",\"inLanguage\":\"ca\",\"@id\":\"https:\\\/\\\/radiolitoral.com\\\/#\\\/schema\\\/logo\\\/image\\\/\",\"url\":\"https:\\\/\\\/media.radiolitoral.com\\\/wp-content\\\/uploads\\\/2023\\\/02\\\/24143238\\\/CL-V-RadioLitoral696.png\",\"contentUrl\":\"https:\\\/\\\/media.radiolitoral.com\\\/wp-content\\\/uploads\\\/2023\\\/02\\\/24143238\\\/CL-V-RadioLitoral696.png\",\"width\":696,\"height\":696,\"caption\":\"Radio Litoral\"},\"image\":{\"@id\":\"https:\\\/\\\/radiolitoral.com\\\/#\\\/schema\\\/logo\\\/image\\\/\"},\"sameAs\":[\"https:\\\/\\\/www.facebook.com\\\/Laradiolitoral\\\/\"]},{\"@type\":\"Person\",\"@id\":\"https:\\\/\\\/radiolitoral.com\\\/#\\\/schema\\\/person\\\/aad4f72efa404f85b68e832d24cac059\",\"name\":\"Mel Pescuezo\",\"image\":{\"@type\":\"ImageObject\",\"inLanguage\":\"ca\",\"@id\":\"https:\\\/\\\/secure.gravatar.com\\\/avatar\\\/993975ae489c70cb0dd9bfa9413a082f0bd276582dac13661af7b33f161e7eea?s=96&d=mm&r=g\",\"url\":\"https:\\\/\\\/secure.gravatar.com\\\/avatar\\\/993975ae489c70cb0dd9bfa9413a082f0bd276582dac13661af7b33f161e7eea?s=96&d=mm&r=g\",\"contentUrl\":\"https:\\\/\\\/secure.gravatar.com\\\/avatar\\\/993975ae489c70cb0dd9bfa9413a082f0bd276582dac13661af7b33f161e7eea?s=96&d=mm&r=g\",\"caption\":\"Mel Pescuezo\"},\"url\":\"https:\\\/\\\/radiolitoral.com\\\/ca\\\/author\\\/serviciospararadios\\\/\"}]}<\/script>\n<!-- \/ Yoast SEO plugin. -->","yoast_head_json":{"title":"Ja coneixem la llista completa de Comprom\u00eds Calp | R\u00e0dio Litoral","description":"Est\u00e0 liderada per l&#039;actual portaveu del partit, Ximo Perles, i compta amb la regidora Mireia Ripoll Est\u00e0 liderada per l&#039;actual portaveu del partit, Ximo Perles, i compta amb la regidora Mireia Ripoll","robots":{"index":"index","follow":"follow","max-snippet":"max-snippet:-1","max-image-preview":"max-image-preview:large","max-video-preview":"max-video-preview:-1"},"canonical":"https:\/\/radiolitoral.com\/ca\/2023\/04\/ja-coneixem-la-llista-completa-de-compromis-calp\/","og_locale":"ca_ES","og_type":"article","og_title":"Ya conocemos la lista completa de Comprom\u00eds Calp | R\u00e0dio Litoral","og_description":"Est\u00e1 liderada por el actual portavoz del partido, Ximo Perles, y cuenta con la concejala Mireia Ripoll Est\u00e1 liderada por el actual portavoz del partido, Ximo Perles, y cuenta con la concejala Mireia Ripoll","og_url":"https:\/\/radiolitoral.com\/ca\/2023\/04\/ja-coneixem-la-llista-completa-de-compromis-calp\/","og_site_name":"R\u00e0dio Litoral","article_publisher":"https:\/\/www.facebook.com\/Laradiolitoral\/","article_published_time":"2023-04-19T11:51:21+00:00","article_modified_time":"2023-04-19T11:51:39+00:00","og_image":[{"width":1800,"height":1200,"url":"https:\/\/media.radiolitoral.com\/wp-content\/uploads\/2023\/04\/19135114\/GRUP-BALDOVI-1800x1200-1.jpg","type":"image\/jpeg"}],"author":"Mel Pescuezo","twitter_card":"summary_large_image","twitter_misc":{"Escrit per":"Mel Pescuezo","Temps estimat de lectura":"2 minuts"},"schema":{"@context":"https:\/\/schema.org","@graph":[{"@type":"NewsArticle","@id":"https:\/\/radiolitoral.com\/2023\/04\/ya-conocemos-la-lista-completa-de-compromis-calp\/#article","isPartOf":{"@id":"https:\/\/radiolitoral.com\/2023\/04\/ya-conocemos-la-lista-completa-de-compromis-calp\/"},"author":{"name":"Mel Pescuezo","@id":"https:\/\/radiolitoral.com\/#\/schema\/person\/aad4f72efa404f85b68e832d24cac059"},"headline":"Ya conocemos la lista completa de Comprom\u00eds Calp","datePublished":"2023-04-19T11:51:21+00:00","dateModified":"2023-04-19T11:51:39+00:00","mainEntityOfPage":{"@id":"https:\/\/radiolitoral.com\/2023\/04\/ya-conocemos-la-lista-completa-de-compromis-calp\/"},"wordCount":274,"commentCount":0,"publisher":{"@id":"https:\/\/radiolitoral.com\/#organization"},"image":{"@id":"https:\/\/radiolitoral.com\/2023\/04\/ya-conocemos-la-lista-completa-de-compromis-calp\/#primaryimage"},"thumbnailUrl":"https:\/\/media.radiolitoral.com\/wp-content\/uploads\/2023\/04\/19135114\/GRUP-BALDOVI-1800x1200-1.jpg","keywords":["Calp","Comprom\u00eds Calp","elecciones 2023"],"articleSection":["Pol\u00edtica"],"inLanguage":"ca","potentialAction":[{"@type":"CommentAction","name":"Comment","target":["https:\/\/radiolitoral.com\/2023\/04\/ya-conocemos-la-lista-completa-de-compromis-calp\/#respond"]}]},{"@type":["WebPage","ItemPage"],"@id":"https:\/\/radiolitoral.com\/2023\/04\/ya-conocemos-la-lista-completa-de-compromis-calp\/","url":"https:\/\/radiolitoral.com\/2023\/04\/ya-conocemos-la-lista-completa-de-compromis-calp\/","name":"Ja coneixem la llista completa de Comprom\u00eds Calp | R\u00e0dio Litoral","isPartOf":{"@id":"https:\/\/radiolitoral.com\/#website"},"primaryImageOfPage":{"@id":"https:\/\/radiolitoral.com\/2023\/04\/ya-conocemos-la-lista-completa-de-compromis-calp\/#primaryimage"},"image":{"@id":"https:\/\/radiolitoral.com\/2023\/04\/ya-conocemos-la-lista-completa-de-compromis-calp\/#primaryimage"},"thumbnailUrl":"https:\/\/media.radiolitoral.com\/wp-content\/uploads\/2023\/04\/19135114\/GRUP-BALDOVI-1800x1200-1.jpg","datePublished":"2023-04-19T11:51:21+00:00","dateModified":"2023-04-19T11:51:39+00:00","description":"Est\u00e0 liderada per l&#039;actual portaveu del partit, Ximo Perles, i compta amb la regidora Mireia Ripoll Est\u00e0 liderada per l&#039;actual portaveu del partit, Ximo Perles, i compta amb la regidora Mireia Ripoll","breadcrumb":{"@id":"https:\/\/radiolitoral.com\/2023\/04\/ya-conocemos-la-lista-completa-de-compromis-calp\/#breadcrumb"},"inLanguage":"ca","potentialAction":[{"@type":"ReadAction","target":["https:\/\/radiolitoral.com\/2023\/04\/ya-conocemos-la-lista-completa-de-compromis-calp\/"]}]},{"@type":"ImageObject","inLanguage":"ca","@id":"https:\/\/radiolitoral.com\/2023\/04\/ya-conocemos-la-lista-completa-de-compromis-calp\/#primaryimage","url":"https:\/\/media.radiolitoral.com\/wp-content\/uploads\/2023\/04\/19135114\/GRUP-BALDOVI-1800x1200-1.jpg","contentUrl":"https:\/\/media.radiolitoral.com\/wp-content\/uploads\/2023\/04\/19135114\/GRUP-BALDOVI-1800x1200-1.jpg","width":1800,"height":1200},{"@type":"BreadcrumbList","@id":"https:\/\/radiolitoral.com\/2023\/04\/ya-conocemos-la-lista-completa-de-compromis-calp\/#breadcrumb","itemListElement":[{"@type":"ListItem","position":1,"name":"Portada","item":"https:\/\/radiolitoral.com\/"},{"@type":"ListItem","position":2,"name":"Ya conocemos la lista completa de Comprom\u00eds Calp"}]},{"@type":"WebSite","@id":"https:\/\/radiolitoral.com\/#website","url":"https:\/\/radiolitoral.com\/","name":"R\u00e0dio Litoral","description":"La r\u00e0dio local de la Marina Alta","publisher":{"@id":"https:\/\/radiolitoral.com\/#organization"},"alternateName":"Litoral FM","potentialAction":[{"@type":"SearchAction","target":{"@type":"EntryPoint","urlTemplate":"https:\/\/radiolitoral.com\/?s={search_term_string}"},"query-input":{"@type":"PropertyValueSpecification","valueRequired":true,"valueName":"search_term_string"}}],"inLanguage":"ca"},{"@type":"Organization","@id":"https:\/\/radiolitoral.com\/#organization","name":"R\u00e0dio Litoral","url":"https:\/\/radiolitoral.com\/","logo":{"@type":"ImageObject","inLanguage":"ca","@id":"https:\/\/radiolitoral.com\/#\/schema\/logo\/image\/","url":"https:\/\/media.radiolitoral.com\/wp-content\/uploads\/2023\/02\/24143238\/CL-V-RadioLitoral696.png","contentUrl":"https:\/\/media.radiolitoral.com\/wp-content\/uploads\/2023\/02\/24143238\/CL-V-RadioLitoral696.png","width":696,"height":696,"caption":"Radio Litoral"},"image":{"@id":"https:\/\/radiolitoral.com\/#\/schema\/logo\/image\/"},"sameAs":["https:\/\/www.facebook.com\/Laradiolitoral\/"]},{"@type":"Person","@id":"https:\/\/radiolitoral.com\/#\/schema\/person\/aad4f72efa404f85b68e832d24cac059","name":"Mel Pescuezo","image":{"@type":"ImageObject","inLanguage":"ca","@id":"https:\/\/secure.gravatar.com\/avatar\/993975ae489c70cb0dd9bfa9413a082f0bd276582dac13661af7b33f161e7eea?s=96&d=mm&r=g","url":"https:\/\/secure.gravatar.com\/avatar\/993975ae489c70cb0dd9bfa9413a082f0bd276582dac13661af7b33f161e7eea?s=96&d=mm&r=g","contentUrl":"https:\/\/secure.gravatar.com\/avatar\/993975ae489c70cb0dd9bfa9413a082f0bd276582dac13661af7b33f161e7eea?s=96&d=mm&r=g","caption":"Mel Pescuezo"},"url":"https:\/\/radiolitoral.com\/ca\/author\/serviciospararadios\/"}]}},"_links":{"self":[{"href":"https:\/\/radiolitoral.com\/ca\/wp-json\/wp\/v2\/posts\/2341","targetHints":{"allow":["GET"]}}],"collection":[{"href":"https:\/\/radiolitoral.com\/ca\/wp-json\/wp\/v2\/posts"}],"about":[{"href":"https:\/\/radiolitoral.com\/ca\/wp-json\/wp\/v2\/types\/post"}],"author":[{"embeddable":true,"href":"https:\/\/radiolitoral.com\/ca\/wp-json\/wp\/v2\/users\/21"}],"replies":[{"embeddable":true,"href":"https:\/\/radiolitoral.com\/ca\/wp-json\/wp\/v2\/comments?post=2341"}],"version-history":[{"count":2,"href":"https:\/\/radiolitoral.com\/ca\/wp-json\/wp\/v2\/posts\/2341\/revisions"}],"predecessor-version":[{"id":2349,"href":"https:\/\/radiolitoral.com\/ca\/wp-json\/wp\/v2\/posts\/2341\/revisions\/2349"}],"wp:featuredmedia":[{"embeddable":true,"href":"https:\/\/radiolitoral.com\/ca\/wp-json\/wp\/v2\/media\/2347"}],"wp:attachment":[{"href":"https:\/\/radiolitoral.com\/ca\/wp-json\/wp\/v2\/media?parent=2341"}],"wp:term":[{"taxonomy":"category","embeddable":true,"href":"https:\/\/radiolitoral.com\/ca\/wp-json\/wp\/v2\/categories?post=2341"},{"taxonomy":"post_tag","embeddable":true,"href":"https:\/\/radiolitoral.com\/ca\/wp-json\/wp\/v2\/tags?post=2341"}],"curies":[{"name":"wp","href":"https:\/\/api.w.org\/{rel}","templated":true}]}}