{"id":2320,"date":"2023-04-18T20:01:53","date_gmt":"2023-04-18T18:01:53","guid":{"rendered":"https:\/\/radiolitoral.com\/?p=2320"},"modified":"2023-04-18T20:02:54","modified_gmt":"2023-04-18T18:02:54","slug":"calp-es-queda-sense-habitatges-socials-i-sense-cines-pels-vots-de-loposicio","status":"publish","type":"post","link":"https:\/\/radiolitoral.com\/ca\/2023\/04\/calp-se-queda-sin-viviendas-sociales-y-sin-cines-por-los-votos-de-la-oposicion\/","title":{"rendered":"Calp es queda sense vivendes socials i sense cines pels vots de l\u00b4oposici\u00f3"},"content":{"rendered":"<p>Som Calpe, el nou partit que lidera l&#039;actual alcaldessa de la ciutat del Penyal, Ana Sala, adverteix que la <strong>abstenci\u00f3 dels regidors populars juntament amb la negativa dels grups de l&#039;oposici\u00f3<\/strong>, en la votaci\u00f3 sobre la proposta presentada a ple per promoure l&#039;habitatge protegit HPO al municipi, no nom\u00e9s <strong>deixa a la localitat sense habitatges m\u00e9s accessibles, sin\u00f3 tamb\u00e9 sense cines comercials<\/strong>.<\/p>\n<p>Contextualitzem: al passat ple ordinari de l&#039;ajuntament de Calp, la Regidoria d&#039;Urbanisme, dirigida per Juan Manuel del Pi, integrant de Som Calp, juntament amb l&#039;Alcaldia, van proposar una iniciativa per promoure l&#039;habitatge protegit HPO al municipi. Aquesta iniciativa suposava una modificaci\u00f3 puntual del Pla General i no va tirar endavant. La modificaci\u00f3, ha explicat la n\u00famero 1 de la formaci\u00f3 independent, pretenia requalificar com a residencial un \u00e0mbit que el PGOU marca com a terciari-industrial. Aquesta variaci\u00f3, apunta Sala, \u00e9s necess\u00e0ria, ja que sense aquesta no ser\u00e0 possible construir en aquest lloc cap tipus d&#039;edificaci\u00f3 residencial, com \u00e9s el cas de l&#039;habitatge protegit.<\/p>\n<audio class=\"wp-audio-shortcode\" id=\"audio-2320-1\" preload=\"none\" style=\"width: 100%;\" controls=\"controls\"><source type=\"audio\/mpeg\" src=\"https:\/\/media.radiolitoral.com\/wp-content\/uploads\/2023\/04\/18195531\/Ana-Sala-VPO.mp3?_=1\" \/><a href=\"https:\/\/media.radiolitoral.com\/wp-content\/uploads\/2023\/04\/18195531\/Ana-Sala-VPO.mp3\">https:\/\/media.radiolitoral.com\/wp-content\/uploads\/2023\/04\/18195531\/Ana-Sala-VPO.mp3<\/a><\/audio>\n<p>A m\u00e9s, amb aquesta iniciativa Calp tindria l&#039;oportunitat d&#039;ubicar unes sales de cinema a aquesta zona terci\u00e0ria, concretament al Centre Comercial Plaza Central.<\/p>\n<p><strong>Ana Sala \u00e9s la n\u00famero 1 de Som Calp:<\/strong><\/p>\n<audio class=\"wp-audio-shortcode\" id=\"audio-2320-2\" preload=\"none\" style=\"width: 100%;\" controls=\"controls\"><source type=\"audio\/mpeg\" src=\"https:\/\/media.radiolitoral.com\/wp-content\/uploads\/2023\/04\/18195545\/Ana-Sala-VPO-2.mp3?_=2\" \/><a href=\"https:\/\/media.radiolitoral.com\/wp-content\/uploads\/2023\/04\/18195545\/Ana-Sala-VPO-2.mp3\">https:\/\/media.radiolitoral.com\/wp-content\/uploads\/2023\/04\/18195545\/Ana-Sala-VPO-2.mp3<\/a><\/audio>","protected":false},"excerpt":{"rendered":"<p>Somos Calpe, el nuevo partido que lidera la actual alcaldesa de la ciudad del Pe\u00f1\u00f3n, Ana Sala, advierte que la abstenci\u00f3n de los concejales populares junto con la negativa de los grupos de la oposici\u00f3n, en la votaci\u00f3n sobre la propuesta presentada a pleno para promover la vivienda protegida VPO en el municipio, no solo [&#8230;]<\/p>\n<p><a class=\"btn btn-secondary understrap-read-more-link\" href=\"https:\/\/radiolitoral.com\/ca\/2023\/04\/calp-se-queda-sin-viviendas-sociales-y-sin-cines-por-los-votos-de-la-oposicion\/\">Continua llegint&#8230;<span class=\"screen-reader-text\"> from Calp se queda sin viviendas sociales y sin cines por los votos de la oposici\u00f3n<\/span><\/a><\/p>\n","protected":false},"author":13,"featured_media":2323,"comment_status":"open","ping_status":"closed","sticky":false,"template":"","format":"standard","meta":{"_acf_changed":false,"inline_featured_image":false,"footnotes":""},"categories":[13],"tags":[122,559,178,558,557],"class_list":["post-2320","post","type-post","status-publish","format-standard","has-post-thumbnail","hentry","category-politica","tag-calp","tag-cines-calp","tag-pleno-calp","tag-viviendas-sociales","tag-vpo","cobertura-calp"],"acf":[],"yoast_head":"<!-- This site is optimized with the Yoast SEO plugin v27.5 - https:\/\/yoast.com\/product\/yoast-seo-wordpress\/ -->\n<title>Calp se queda sin viviendas sociales y sin cines por los votos de la oposici\u00f3n | R\u00e0dio Litoral<\/title>\n<meta name=\"description\" content=\"Somos Calpe, el partido que encabezar\u00e1 la alcaldesa, lamenta esta situaci\u00f3n Somos Calpe, el partido que encabezar\u00e1 la alcaldesa, lamenta esta situaci\u00f3n\" \/>\n<meta name=\"robots\" content=\"index, follow, max-snippet:-1, max-image-preview:large, max-video-preview:-1\" \/>\n<link rel=\"canonical\" href=\"https:\/\/radiolitoral.com\/ca\/2023\/04\/calp-es-queda-sense-habitatges-socials-i-sense-cines-pels-vots-de-loposicio\/\" \/>\n<meta property=\"og:locale\" content=\"ca_ES\" \/>\n<meta property=\"og:type\" content=\"article\" \/>\n<meta property=\"og:title\" content=\"Calp se queda sin viviendas sociales y sin cines por los votos de la oposici\u00f3n | R\u00e0dio Litoral\" \/>\n<meta property=\"og:description\" content=\"Somos Calpe, el partido que encabezar\u00e1 la alcaldesa, lamenta esta situaci\u00f3n Somos Calpe, el partido que encabezar\u00e1 la alcaldesa, lamenta esta situaci\u00f3n\" \/>\n<meta property=\"og:url\" content=\"https:\/\/radiolitoral.com\/ca\/2023\/04\/calp-es-queda-sense-habitatges-socials-i-sense-cines-pels-vots-de-loposicio\/\" \/>\n<meta property=\"og:site_name\" content=\"R\u00e0dio Litoral\" \/>\n<meta property=\"article:publisher\" content=\"https:\/\/www.facebook.com\/Laradiolitoral\/\" \/>\n<meta property=\"article:published_time\" content=\"2023-04-18T18:01:53+00:00\" \/>\n<meta property=\"article:modified_time\" content=\"2023-04-18T18:02:54+00:00\" \/>\n<meta property=\"og:image\" content=\"https:\/\/media.radiolitoral.com\/wp-content\/uploads\/2023\/04\/18195836\/340866276_536817131945634_9035577433402206719_n.jpg\" \/>\n\t<meta property=\"og:image:width\" content=\"1108\" \/>\n\t<meta property=\"og:image:height\" content=\"599\" \/>\n\t<meta property=\"og:image:type\" content=\"image\/jpeg\" \/>\n<meta name=\"author\" content=\"Redacci\u00f3n\" \/>\n<meta name=\"twitter:card\" content=\"summary_large_image\" \/>\n<meta name=\"twitter:label1\" content=\"Escrit per\" \/>\n\t<meta name=\"twitter:data1\" content=\"Redacci\u00f3n\" \/>\n\t<meta name=\"twitter:label2\" content=\"Temps estimat de lectura\" \/>\n\t<meta name=\"twitter:data2\" content=\"1 minut\" \/>\n<script type=\"application\/ld+json\" class=\"yoast-schema-graph\">{\"@context\":\"https:\\\/\\\/schema.org\",\"@graph\":[{\"@type\":\"NewsArticle\",\"@id\":\"https:\\\/\\\/radiolitoral.com\\\/2023\\\/04\\\/calp-se-queda-sin-viviendas-sociales-y-sin-cines-por-los-votos-de-la-oposicion\\\/#article\",\"isPartOf\":{\"@id\":\"https:\\\/\\\/radiolitoral.com\\\/2023\\\/04\\\/calp-se-queda-sin-viviendas-sociales-y-sin-cines-por-los-votos-de-la-oposicion\\\/\"},\"author\":{\"name\":\"Redacci\u00f3n\",\"@id\":\"https:\\\/\\\/radiolitoral.com\\\/#\\\/schema\\\/person\\\/f2b2343c49b5d721857cc1002bfdb151\"},\"headline\":\"Calp se queda sin viviendas sociales y sin cines por los votos de la oposici\u00f3n\",\"datePublished\":\"2023-04-18T18:01:53+00:00\",\"dateModified\":\"2023-04-18T18:02:54+00:00\",\"mainEntityOfPage\":{\"@id\":\"https:\\\/\\\/radiolitoral.com\\\/2023\\\/04\\\/calp-se-queda-sin-viviendas-sociales-y-sin-cines-por-los-votos-de-la-oposicion\\\/\"},\"wordCount\":263,\"commentCount\":0,\"publisher\":{\"@id\":\"https:\\\/\\\/radiolitoral.com\\\/#organization\"},\"image\":{\"@id\":\"https:\\\/\\\/radiolitoral.com\\\/2023\\\/04\\\/calp-se-queda-sin-viviendas-sociales-y-sin-cines-por-los-votos-de-la-oposicion\\\/#primaryimage\"},\"thumbnailUrl\":\"https:\\\/\\\/media.radiolitoral.com\\\/wp-content\\\/uploads\\\/2023\\\/04\\\/18195836\\\/340866276_536817131945634_9035577433402206719_n.jpg\",\"keywords\":[\"Calp\",\"cines Calp\",\"pleno Calp\",\"viviendas sociales\",\"VPO\"],\"articleSection\":[\"Pol\u00edtica\"],\"inLanguage\":\"ca\",\"potentialAction\":[{\"@type\":\"CommentAction\",\"name\":\"Comment\",\"target\":[\"https:\\\/\\\/radiolitoral.com\\\/2023\\\/04\\\/calp-se-queda-sin-viviendas-sociales-y-sin-cines-por-los-votos-de-la-oposicion\\\/#respond\"]}]},{\"@type\":[\"WebPage\",\"ItemPage\"],\"@id\":\"https:\\\/\\\/radiolitoral.com\\\/2023\\\/04\\\/calp-se-queda-sin-viviendas-sociales-y-sin-cines-por-los-votos-de-la-oposicion\\\/\",\"url\":\"https:\\\/\\\/radiolitoral.com\\\/2023\\\/04\\\/calp-se-queda-sin-viviendas-sociales-y-sin-cines-por-los-votos-de-la-oposicion\\\/\",\"name\":\"Calp se queda sin viviendas sociales y sin cines por los votos de la oposici\u00f3n | R\u00e0dio Litoral\",\"isPartOf\":{\"@id\":\"https:\\\/\\\/radiolitoral.com\\\/#website\"},\"primaryImageOfPage\":{\"@id\":\"https:\\\/\\\/radiolitoral.com\\\/2023\\\/04\\\/calp-se-queda-sin-viviendas-sociales-y-sin-cines-por-los-votos-de-la-oposicion\\\/#primaryimage\"},\"image\":{\"@id\":\"https:\\\/\\\/radiolitoral.com\\\/2023\\\/04\\\/calp-se-queda-sin-viviendas-sociales-y-sin-cines-por-los-votos-de-la-oposicion\\\/#primaryimage\"},\"thumbnailUrl\":\"https:\\\/\\\/media.radiolitoral.com\\\/wp-content\\\/uploads\\\/2023\\\/04\\\/18195836\\\/340866276_536817131945634_9035577433402206719_n.jpg\",\"datePublished\":\"2023-04-18T18:01:53+00:00\",\"dateModified\":\"2023-04-18T18:02:54+00:00\",\"description\":\"Somos Calpe, el partido que encabezar\u00e1 la alcaldesa, lamenta esta situaci\u00f3n Somos Calpe, el partido que encabezar\u00e1 la alcaldesa, lamenta esta situaci\u00f3n\",\"breadcrumb\":{\"@id\":\"https:\\\/\\\/radiolitoral.com\\\/2023\\\/04\\\/calp-se-queda-sin-viviendas-sociales-y-sin-cines-por-los-votos-de-la-oposicion\\\/#breadcrumb\"},\"inLanguage\":\"ca\",\"potentialAction\":[{\"@type\":\"ReadAction\",\"target\":[\"https:\\\/\\\/radiolitoral.com\\\/2023\\\/04\\\/calp-se-queda-sin-viviendas-sociales-y-sin-cines-por-los-votos-de-la-oposicion\\\/\"]}]},{\"@type\":\"ImageObject\",\"inLanguage\":\"ca\",\"@id\":\"https:\\\/\\\/radiolitoral.com\\\/2023\\\/04\\\/calp-se-queda-sin-viviendas-sociales-y-sin-cines-por-los-votos-de-la-oposicion\\\/#primaryimage\",\"url\":\"https:\\\/\\\/media.radiolitoral.com\\\/wp-content\\\/uploads\\\/2023\\\/04\\\/18195836\\\/340866276_536817131945634_9035577433402206719_n.jpg\",\"contentUrl\":\"https:\\\/\\\/media.radiolitoral.com\\\/wp-content\\\/uploads\\\/2023\\\/04\\\/18195836\\\/340866276_536817131945634_9035577433402206719_n.jpg\",\"width\":1108,\"height\":599},{\"@type\":\"BreadcrumbList\",\"@id\":\"https:\\\/\\\/radiolitoral.com\\\/2023\\\/04\\\/calp-se-queda-sin-viviendas-sociales-y-sin-cines-por-los-votos-de-la-oposicion\\\/#breadcrumb\",\"itemListElement\":[{\"@type\":\"ListItem\",\"position\":1,\"name\":\"Portada\",\"item\":\"https:\\\/\\\/radiolitoral.com\\\/\"},{\"@type\":\"ListItem\",\"position\":2,\"name\":\"Calp se queda sin viviendas sociales y sin cines por los votos de la oposici\u00f3n\"}]},{\"@type\":\"WebSite\",\"@id\":\"https:\\\/\\\/radiolitoral.com\\\/#website\",\"url\":\"https:\\\/\\\/radiolitoral.com\\\/\",\"name\":\"Radio Litoral\",\"description\":\"La radio local de la Marina Alta\",\"publisher\":{\"@id\":\"https:\\\/\\\/radiolitoral.com\\\/#organization\"},\"alternateName\":\"Litoral FM\",\"potentialAction\":[{\"@type\":\"SearchAction\",\"target\":{\"@type\":\"EntryPoint\",\"urlTemplate\":\"https:\\\/\\\/radiolitoral.com\\\/?s={search_term_string}\"},\"query-input\":{\"@type\":\"PropertyValueSpecification\",\"valueRequired\":true,\"valueName\":\"search_term_string\"}}],\"inLanguage\":\"ca\"},{\"@type\":\"Organization\",\"@id\":\"https:\\\/\\\/radiolitoral.com\\\/#organization\",\"name\":\"Radio Litoral\",\"url\":\"https:\\\/\\\/radiolitoral.com\\\/\",\"logo\":{\"@type\":\"ImageObject\",\"inLanguage\":\"ca\",\"@id\":\"https:\\\/\\\/radiolitoral.com\\\/#\\\/schema\\\/logo\\\/image\\\/\",\"url\":\"https:\\\/\\\/media.radiolitoral.com\\\/wp-content\\\/uploads\\\/2023\\\/02\\\/24143238\\\/CL-V-RadioLitoral696.png\",\"contentUrl\":\"https:\\\/\\\/media.radiolitoral.com\\\/wp-content\\\/uploads\\\/2023\\\/02\\\/24143238\\\/CL-V-RadioLitoral696.png\",\"width\":696,\"height\":696,\"caption\":\"Radio Litoral\"},\"image\":{\"@id\":\"https:\\\/\\\/radiolitoral.com\\\/#\\\/schema\\\/logo\\\/image\\\/\"},\"sameAs\":[\"https:\\\/\\\/www.facebook.com\\\/Laradiolitoral\\\/\"]},{\"@type\":\"Person\",\"@id\":\"https:\\\/\\\/radiolitoral.com\\\/#\\\/schema\\\/person\\\/f2b2343c49b5d721857cc1002bfdb151\",\"name\":\"Redacci\u00f3n\",\"image\":{\"@type\":\"ImageObject\",\"inLanguage\":\"ca\",\"@id\":\"https:\\\/\\\/secure.gravatar.com\\\/avatar\\\/f771d896c203ad8b3382d7905cfcce5a5c9b008b84b3cd9114e9b9f4cb63f789?s=96&d=mm&r=g\",\"url\":\"https:\\\/\\\/secure.gravatar.com\\\/avatar\\\/f771d896c203ad8b3382d7905cfcce5a5c9b008b84b3cd9114e9b9f4cb63f789?s=96&d=mm&r=g\",\"contentUrl\":\"https:\\\/\\\/secure.gravatar.com\\\/avatar\\\/f771d896c203ad8b3382d7905cfcce5a5c9b008b84b3cd9114e9b9f4cb63f789?s=96&d=mm&r=g\",\"caption\":\"Redacci\u00f3n\"},\"url\":\"https:\\\/\\\/radiolitoral.com\\\/ca\\\/author\\\/miriam-pagan\\\/\"}]}<\/script>\n<!-- \/ Yoast SEO plugin. -->","yoast_head_json":{"title":"Calp es queda sense vivendes socials i sense cines pels vots de l?oposici\u00f3 | R\u00e0dio Litoral","description":"Som Calp, el partit que encap\u00e7alar\u00e0 l&#039;alcaldessa, lamenta aquesta situaci\u00f3 Som Calp, el partit que encap\u00e7alar\u00e0 l&#039;alcaldessa, lamenta aquesta situaci\u00f3","robots":{"index":"index","follow":"follow","max-snippet":"max-snippet:-1","max-image-preview":"max-image-preview:large","max-video-preview":"max-video-preview:-1"},"canonical":"https:\/\/radiolitoral.com\/ca\/2023\/04\/calp-es-queda-sense-habitatges-socials-i-sense-cines-pels-vots-de-loposicio\/","og_locale":"ca_ES","og_type":"article","og_title":"Calp se queda sin viviendas sociales y sin cines por los votos de la oposici\u00f3n | R\u00e0dio Litoral","og_description":"Somos Calpe, el partido que encabezar\u00e1 la alcaldesa, lamenta esta situaci\u00f3n Somos Calpe, el partido que encabezar\u00e1 la alcaldesa, lamenta esta situaci\u00f3n","og_url":"https:\/\/radiolitoral.com\/ca\/2023\/04\/calp-es-queda-sense-habitatges-socials-i-sense-cines-pels-vots-de-loposicio\/","og_site_name":"R\u00e0dio Litoral","article_publisher":"https:\/\/www.facebook.com\/Laradiolitoral\/","article_published_time":"2023-04-18T18:01:53+00:00","article_modified_time":"2023-04-18T18:02:54+00:00","og_image":[{"width":1108,"height":599,"url":"https:\/\/media.radiolitoral.com\/wp-content\/uploads\/2023\/04\/18195836\/340866276_536817131945634_9035577433402206719_n.jpg","type":"image\/jpeg"}],"author":"Redacci\u00f3n","twitter_card":"summary_large_image","twitter_misc":{"Escrit per":"Redacci\u00f3n","Temps estimat de lectura":"1 minut"},"schema":{"@context":"https:\/\/schema.org","@graph":[{"@type":"NewsArticle","@id":"https:\/\/radiolitoral.com\/2023\/04\/calp-se-queda-sin-viviendas-sociales-y-sin-cines-por-los-votos-de-la-oposicion\/#article","isPartOf":{"@id":"https:\/\/radiolitoral.com\/2023\/04\/calp-se-queda-sin-viviendas-sociales-y-sin-cines-por-los-votos-de-la-oposicion\/"},"author":{"name":"Redacci\u00f3n","@id":"https:\/\/radiolitoral.com\/#\/schema\/person\/f2b2343c49b5d721857cc1002bfdb151"},"headline":"Calp se queda sin viviendas sociales y sin cines por los votos de la oposici\u00f3n","datePublished":"2023-04-18T18:01:53+00:00","dateModified":"2023-04-18T18:02:54+00:00","mainEntityOfPage":{"@id":"https:\/\/radiolitoral.com\/2023\/04\/calp-se-queda-sin-viviendas-sociales-y-sin-cines-por-los-votos-de-la-oposicion\/"},"wordCount":263,"commentCount":0,"publisher":{"@id":"https:\/\/radiolitoral.com\/#organization"},"image":{"@id":"https:\/\/radiolitoral.com\/2023\/04\/calp-se-queda-sin-viviendas-sociales-y-sin-cines-por-los-votos-de-la-oposicion\/#primaryimage"},"thumbnailUrl":"https:\/\/media.radiolitoral.com\/wp-content\/uploads\/2023\/04\/18195836\/340866276_536817131945634_9035577433402206719_n.jpg","keywords":["Calp","cines Calp","pleno Calp","viviendas sociales","VPO"],"articleSection":["Pol\u00edtica"],"inLanguage":"ca","potentialAction":[{"@type":"CommentAction","name":"Comment","target":["https:\/\/radiolitoral.com\/2023\/04\/calp-se-queda-sin-viviendas-sociales-y-sin-cines-por-los-votos-de-la-oposicion\/#respond"]}]},{"@type":["WebPage","ItemPage"],"@id":"https:\/\/radiolitoral.com\/2023\/04\/calp-se-queda-sin-viviendas-sociales-y-sin-cines-por-los-votos-de-la-oposicion\/","url":"https:\/\/radiolitoral.com\/2023\/04\/calp-se-queda-sin-viviendas-sociales-y-sin-cines-por-los-votos-de-la-oposicion\/","name":"Calp es queda sense vivendes socials i sense cines pels vots de l?oposici\u00f3 | R\u00e0dio Litoral","isPartOf":{"@id":"https:\/\/radiolitoral.com\/#website"},"primaryImageOfPage":{"@id":"https:\/\/radiolitoral.com\/2023\/04\/calp-se-queda-sin-viviendas-sociales-y-sin-cines-por-los-votos-de-la-oposicion\/#primaryimage"},"image":{"@id":"https:\/\/radiolitoral.com\/2023\/04\/calp-se-queda-sin-viviendas-sociales-y-sin-cines-por-los-votos-de-la-oposicion\/#primaryimage"},"thumbnailUrl":"https:\/\/media.radiolitoral.com\/wp-content\/uploads\/2023\/04\/18195836\/340866276_536817131945634_9035577433402206719_n.jpg","datePublished":"2023-04-18T18:01:53+00:00","dateModified":"2023-04-18T18:02:54+00:00","description":"Som Calp, el partit que encap\u00e7alar\u00e0 l&#039;alcaldessa, lamenta aquesta situaci\u00f3 Som Calp, el partit que encap\u00e7alar\u00e0 l&#039;alcaldessa, lamenta aquesta situaci\u00f3","breadcrumb":{"@id":"https:\/\/radiolitoral.com\/2023\/04\/calp-se-queda-sin-viviendas-sociales-y-sin-cines-por-los-votos-de-la-oposicion\/#breadcrumb"},"inLanguage":"ca","potentialAction":[{"@type":"ReadAction","target":["https:\/\/radiolitoral.com\/2023\/04\/calp-se-queda-sin-viviendas-sociales-y-sin-cines-por-los-votos-de-la-oposicion\/"]}]},{"@type":"ImageObject","inLanguage":"ca","@id":"https:\/\/radiolitoral.com\/2023\/04\/calp-se-queda-sin-viviendas-sociales-y-sin-cines-por-los-votos-de-la-oposicion\/#primaryimage","url":"https:\/\/media.radiolitoral.com\/wp-content\/uploads\/2023\/04\/18195836\/340866276_536817131945634_9035577433402206719_n.jpg","contentUrl":"https:\/\/media.radiolitoral.com\/wp-content\/uploads\/2023\/04\/18195836\/340866276_536817131945634_9035577433402206719_n.jpg","width":1108,"height":599},{"@type":"BreadcrumbList","@id":"https:\/\/radiolitoral.com\/2023\/04\/calp-se-queda-sin-viviendas-sociales-y-sin-cines-por-los-votos-de-la-oposicion\/#breadcrumb","itemListElement":[{"@type":"ListItem","position":1,"name":"Portada","item":"https:\/\/radiolitoral.com\/"},{"@type":"ListItem","position":2,"name":"Calp se queda sin viviendas sociales y sin cines por los votos de la oposici\u00f3n"}]},{"@type":"WebSite","@id":"https:\/\/radiolitoral.com\/#website","url":"https:\/\/radiolitoral.com\/","name":"R\u00e0dio Litoral","description":"La r\u00e0dio local de la Marina Alta","publisher":{"@id":"https:\/\/radiolitoral.com\/#organization"},"alternateName":"Litoral FM","potentialAction":[{"@type":"SearchAction","target":{"@type":"EntryPoint","urlTemplate":"https:\/\/radiolitoral.com\/?s={search_term_string}"},"query-input":{"@type":"PropertyValueSpecification","valueRequired":true,"valueName":"search_term_string"}}],"inLanguage":"ca"},{"@type":"Organization","@id":"https:\/\/radiolitoral.com\/#organization","name":"R\u00e0dio Litoral","url":"https:\/\/radiolitoral.com\/","logo":{"@type":"ImageObject","inLanguage":"ca","@id":"https:\/\/radiolitoral.com\/#\/schema\/logo\/image\/","url":"https:\/\/media.radiolitoral.com\/wp-content\/uploads\/2023\/02\/24143238\/CL-V-RadioLitoral696.png","contentUrl":"https:\/\/media.radiolitoral.com\/wp-content\/uploads\/2023\/02\/24143238\/CL-V-RadioLitoral696.png","width":696,"height":696,"caption":"Radio Litoral"},"image":{"@id":"https:\/\/radiolitoral.com\/#\/schema\/logo\/image\/"},"sameAs":["https:\/\/www.facebook.com\/Laradiolitoral\/"]},{"@type":"Person","@id":"https:\/\/radiolitoral.com\/#\/schema\/person\/f2b2343c49b5d721857cc1002bfdb151","name":"Redacci\u00f3","image":{"@type":"ImageObject","inLanguage":"ca","@id":"https:\/\/secure.gravatar.com\/avatar\/f771d896c203ad8b3382d7905cfcce5a5c9b008b84b3cd9114e9b9f4cb63f789?s=96&d=mm&r=g","url":"https:\/\/secure.gravatar.com\/avatar\/f771d896c203ad8b3382d7905cfcce5a5c9b008b84b3cd9114e9b9f4cb63f789?s=96&d=mm&r=g","contentUrl":"https:\/\/secure.gravatar.com\/avatar\/f771d896c203ad8b3382d7905cfcce5a5c9b008b84b3cd9114e9b9f4cb63f789?s=96&d=mm&r=g","caption":"Redacci\u00f3n"},"url":"https:\/\/radiolitoral.com\/ca\/author\/miriam-pagan\/"}]}},"_links":{"self":[{"href":"https:\/\/radiolitoral.com\/ca\/wp-json\/wp\/v2\/posts\/2320","targetHints":{"allow":["GET"]}}],"collection":[{"href":"https:\/\/radiolitoral.com\/ca\/wp-json\/wp\/v2\/posts"}],"about":[{"href":"https:\/\/radiolitoral.com\/ca\/wp-json\/wp\/v2\/types\/post"}],"author":[{"embeddable":true,"href":"https:\/\/radiolitoral.com\/ca\/wp-json\/wp\/v2\/users\/13"}],"replies":[{"embeddable":true,"href":"https:\/\/radiolitoral.com\/ca\/wp-json\/wp\/v2\/comments?post=2320"}],"version-history":[{"count":1,"href":"https:\/\/radiolitoral.com\/ca\/wp-json\/wp\/v2\/posts\/2320\/revisions"}],"predecessor-version":[{"id":2324,"href":"https:\/\/radiolitoral.com\/ca\/wp-json\/wp\/v2\/posts\/2320\/revisions\/2324"}],"wp:featuredmedia":[{"embeddable":true,"href":"https:\/\/radiolitoral.com\/ca\/wp-json\/wp\/v2\/media\/2323"}],"wp:attachment":[{"href":"https:\/\/radiolitoral.com\/ca\/wp-json\/wp\/v2\/media?parent=2320"}],"wp:term":[{"taxonomy":"category","embeddable":true,"href":"https:\/\/radiolitoral.com\/ca\/wp-json\/wp\/v2\/categories?post=2320"},{"taxonomy":"post_tag","embeddable":true,"href":"https:\/\/radiolitoral.com\/ca\/wp-json\/wp\/v2\/tags?post=2320"}],"curies":[{"name":"wp","href":"https:\/\/api.w.org\/{rel}","templated":true}]}}